{"id":57004,"date":"2024-11-14T14:36:39","date_gmt":"2024-11-14T18:36:39","guid":{"rendered":"https:\/\/noti-america.com\/site\/principal\/?p=57004"},"modified":"2024-11-14T14:36:39","modified_gmt":"2024-11-14T18:36:39","slug":"finalizan-las-restricciones-por-la-nueva-dana-en-valencia-y-pasa-al-nivel-mas-bajo-de-alerta-por-lluvias","status":"publish","type":"post","link":"https:\/\/noti-america.com\/site\/principal\/2024\/11\/14\/finalizan-las-restricciones-por-la-nueva-dana-en-valencia-y-pasa-al-nivel-mas-bajo-de-alerta-por-lluvias\/","title":{"rendered":"Finalizan las restricciones por la nueva DANA en Valencia y pasa al nivel m\u00e1s bajo de alerta por lluvias"},"content":{"rendered":"<p>NOTI-AMERICA.COM | ESPA\u00d1A<\/p>\n<p style=\"text-align: justify\">La Agencia Estatal de Meteorolog\u00eda (Aemet) ha desactivado los avisos naranja por precipitaciones en la Comunitat Valenciana, despu\u00e9s de que a primera hora de este jueves tambi\u00e9n quitara los avisos rojos, y ha dejado algunos avisos amarillos, el nivel m\u00e1s bajo de alerta, \u201315 d\u00edas despu\u00e9s de la DANA que ha causado 216, por el momento\u2013. Adem\u00e1s, la Generalitat ha adelantado el fin de las restricciones excepcionales y poco a poco se va recuperando la normalidad.<\/p>\n<p style=\"text-align: justify\">Hasta las 17 horas de este jueves hay aviso amarillo en el litoral norte de Alicante y en la mitad sur de Valencia por precipitaciones de 20 litros por metro cuadrado en una hora, en el interior norte de Valencia por precipitaciones de 30 litros en una hora, y 80 en doce horas, y en el litoral norte de Valencia por precipitaciones de 20 litros en una hora y 60 en doce horas.<\/p>\n<p style=\"text-align: justify\">Hasta las 24 horas de este jueves, hay aviso amarillo en el litoral norte de Alicante y el sur de la provincia de Valencia por acumulados de 60 litros por metro cuadrado en doce horas.<\/p>\n<p style=\"text-align: justify\">La Generalitat ha adelantado de las 23:59 horas a las 12:00 horas el fin de las restricciones excepcionales decretadas este mi\u00e9rcoles en 163 municipios de Valencia ante el aviso meteorol\u00f3gico por fuertes lluvias, al haberse bajado el nivel de alerta y reducirse los riesgos de la segunda DANA que ha pasado por la misma zona que asol\u00f3 la del pasado 29 de octubre.<\/p>\n<p style=\"text-align: justify\">As\u00ed lo acaba de anunciar la directora general de Prevenci\u00f3n de Incendios Forestales, Rosa Touris, tras la \u00faltima reuni\u00f3n del Cecopi, a la que han asistido por videoconferencia tanto el president de la Generalitat, Carlos Maz\u00f3n, como el ministro del Interior, Fernando Grande-Marlaska.<\/p>\n<p style=\"text-align: justify\">Marlaska recuerda que ante la \u00absensible mejor\u00eda de las condiciones meteorol\u00f3gicas\u00bb se han podido levantar las restricciones de movilidad en Valencia. Asimismo, garantiza el \u00abcompromiso\u00bb del Estado con Valencia para \u00abdar todos los medios que sean necesarios\u00bb.<\/p>\n<h1>El Ej\u00e9rcito va a construir tres puentes en las zonas afectadas<\/h1>\n<p style=\"text-align: justify\">La UME y el Ej\u00e9rcito de Tierra van a construir tres puentes\/pasarelas temporales que puedan soportar la maquinaria y los veh\u00edculos pesados que hacen falta para reconstruir las infraestructuras da\u00f1adas por la DANA en Bu\u00f1ol, Ribarroja y Cheste. Ya han empezado con los trabajos previos de reconocimiento del terreno.<\/p>\n<p style=\"text-align: justify\">En Bu\u00f1ol, trabajan conjuntamente la UME y el Ej\u00e9rcito de Tierra. De hecho, el puente ha salido este jueves hacia Valencia. En Cheste, es la UME la encargada de levantarlo, mientras que en Ribarroja es el Ej\u00e9rcito de Tierra.<\/p>\n<h2 style=\"text-align: justify\">Se restablecen las l\u00edneas de Alta Velocidad Madrid-Val\u00e8ncia<\/h2>\n<p style=\"text-align: justify\">Las l\u00edneas de Alta Velocidad Madrid-Valencia comienzan a funcionar de nuevo tras dos semanas suspendidas por la DANA. El primer tren de Madrid con destino Valencia, previsto para las 11:30 horas, se ha retrasado. Pero ya han salido los primeros trenes a M\u00e1laga, que se vieron interrumpidos este mi\u00e9rcoles por la nueva gota fr\u00eda.<\/p>\n<p style=\"text-align: justify\">Tambi\u00e9n se ha recuperado la conexi\u00f3n entre Barcelona y Valencia, que se lleva a cabo mediante trenes Euromed e Intercity.<\/p>\n","protected":false},"excerpt":{"rendered":"<p>NOTI-AMERICA.COM | ESPA\u00d1A La Agencia Estatal de Meteorolog\u00eda (Aemet) ha desactivado los avisos naranja por precipitaciones en la Comunitat Valenciana, despu\u00e9s de que a primera hora de este jueves tambi\u00e9n quitara los avisos rojos,&#46;&#46;&#46;<\/p>\n","protected":false},"author":133,"featured_media":57005,"comment_status":"","ping_status":"open","sticky":false,"template":"","format":"image","meta":{"_acf_changed":false,"rop_custom_images_group":[],"rop_custom_messages_group":[],"rop_publish_now":"initial","rop_publish_now_accounts":{"facebook_10219548024599422_1632221337088128":"","twitter_242054905_242054905":""},"rop_publish_now_history":[],"rop_publish_now_status":"pending","footnotes":""},"categories":[56,674],"tags":[],"class_list":["post-57004","post","type-post","status-publish","format-image","has-post-thumbnail","hentry","category-espana","category-nacionales","post_format-post-format-image"],"acf":[],"yoast_head":"<!-- This site is optimized with the Yoast SEO Premium plugin v24.9 (Yoast SEO v27.2) - https:\/\/yoast.com\/product\/yoast-seo-premium-wordpress\/ -->\n<title>Finalizan las restricciones por la nueva DANA en Valencia y pasa al nivel m\u00e1s bajo de alerta por lluvias - Noti-America.com<\/title>\n<meta name=\"robots\" content=\"index, follow, max-snippet:-1, max-image-preview:large, max-video-preview:-1\" \/>\n<link rel=\"canonical\" href=\"https:\/\/noti-america.com\/site\/principal\/2024\/11\/14\/finalizan-las-restricciones-por-la-nueva-dana-en-valencia-y-pasa-al-nivel-mas-bajo-de-alerta-por-lluvias\/\" \/>\n<meta property=\"og:locale\" content=\"es_ES\" \/>\n<meta property=\"og:type\" content=\"article\" \/>\n<meta property=\"og:title\" content=\"Finalizan las restricciones por la nueva DANA en Valencia y pasa al nivel m\u00e1s bajo de alerta por lluvias\" \/>\n<meta property=\"og:description\" content=\"NOTI-AMERICA.COM | ESPA\u00d1A La Agencia Estatal de Meteorolog\u00eda (Aemet) ha desactivado los avisos naranja por precipitaciones en la Comunitat Valenciana, despu\u00e9s de que a primera hora de este jueves tambi\u00e9n quitara los avisos rojos,&#046;&#046;&#046;\" \/>\n<meta property=\"og:url\" content=\"https:\/\/noti-america.com\/site\/principal\/2024\/11\/14\/finalizan-las-restricciones-por-la-nueva-dana-en-valencia-y-pasa-al-nivel-mas-bajo-de-alerta-por-lluvias\/\" \/>\n<meta property=\"og:site_name\" content=\"Noti-America.com\" \/>\n<meta property=\"article:author\" content=\"Mar\u00eda Valentina Noguera\" \/>\n<meta property=\"article:published_time\" content=\"2024-11-14T18:36:39+00:00\" \/>\n<meta property=\"og:image\" content=\"https:\/\/noti-america.com\/site\/principal\/wp-content\/uploads\/sites\/26\/2024\/11\/descargar-6.jpg\" \/>\n\t<meta property=\"og:image:width\" content=\"1600\" \/>\n\t<meta property=\"og:image:height\" content=\"900\" \/>\n\t<meta property=\"og:image:type\" content=\"image\/jpeg\" \/>\n<meta name=\"author\" content=\"Maria Valentina Noguera Medina\" \/>\n<meta name=\"twitter:card\" content=\"summary_large_image\" \/>\n<meta name=\"twitter:label1\" content=\"Escrito por\" \/>\n\t<meta name=\"twitter:data1\" content=\"Maria Valentina Noguera Medina\" \/>\n\t<meta name=\"twitter:label2\" content=\"Tiempo estimado de lectura\" \/>\n\t<meta name=\"twitter:data2\" content=\"3 minutos\" \/>\n<script type=\"application\/ld+json\" class=\"yoast-schema-graph\">{\"@context\":\"https:\/\/schema.org\",\"@graph\":[{\"@type\":\"Article\",\"@id\":\"https:\/\/noti-america.com\/site\/principal\/2024\/11\/14\/finalizan-las-restricciones-por-la-nueva-dana-en-valencia-y-pasa-al-nivel-mas-bajo-de-alerta-por-lluvias\/#article\",\"isPartOf\":{\"@id\":\"https:\/\/noti-america.com\/site\/principal\/2024\/11\/14\/finalizan-las-restricciones-por-la-nueva-dana-en-valencia-y-pasa-al-nivel-mas-bajo-de-alerta-por-lluvias\/\"},\"author\":{\"name\":\"Maria Valentina Noguera Medina\",\"@id\":\"https:\/\/noti-america.com\/site\/principal\/#\/schema\/person\/22806efcc2cfc4b45efb0e17be210ea8\"},\"headline\":\"Finalizan las restricciones por la nueva DANA en Valencia y pasa al nivel m\u00e1s bajo de alerta por lluvias\",\"datePublished\":\"2024-11-14T18:36:39+00:00\",\"mainEntityOfPage\":{\"@id\":\"https:\/\/noti-america.com\/site\/principal\/2024\/11\/14\/finalizan-las-restricciones-por-la-nueva-dana-en-valencia-y-pasa-al-nivel-mas-bajo-de-alerta-por-lluvias\/\"},\"wordCount\":548,\"image\":{\"@id\":\"https:\/\/noti-america.com\/site\/principal\/2024\/11\/14\/finalizan-las-restricciones-por-la-nueva-dana-en-valencia-y-pasa-al-nivel-mas-bajo-de-alerta-por-lluvias\/#primaryimage\"},\"thumbnailUrl\":\"https:\/\/noti-america.com\/site\/principal\/wp-content\/uploads\/sites\/26\/2024\/11\/descargar-6.jpg\",\"articleSection\":[\"Espa\u00f1a\",\"Nacionales\"],\"inLanguage\":\"es\"},{\"@type\":\"WebPage\",\"@id\":\"https:\/\/noti-america.com\/site\/principal\/2024\/11\/14\/finalizan-las-restricciones-por-la-nueva-dana-en-valencia-y-pasa-al-nivel-mas-bajo-de-alerta-por-lluvias\/\",\"url\":\"https:\/\/noti-america.com\/site\/principal\/2024\/11\/14\/finalizan-las-restricciones-por-la-nueva-dana-en-valencia-y-pasa-al-nivel-mas-bajo-de-alerta-por-lluvias\/\",\"name\":\"Finalizan las restricciones por la nueva DANA en Valencia y pasa al nivel m\u00e1s bajo de alerta por lluvias - Noti-America.com\",\"isPartOf\":{\"@id\":\"https:\/\/noti-america.com\/site\/principal\/#website\"},\"primaryImageOfPage\":{\"@id\":\"https:\/\/noti-america.com\/site\/principal\/2024\/11\/14\/finalizan-las-restricciones-por-la-nueva-dana-en-valencia-y-pasa-al-nivel-mas-bajo-de-alerta-por-lluvias\/#primaryimage\"},\"image\":{\"@id\":\"https:\/\/noti-america.com\/site\/principal\/2024\/11\/14\/finalizan-las-restricciones-por-la-nueva-dana-en-valencia-y-pasa-al-nivel-mas-bajo-de-alerta-por-lluvias\/#primaryimage\"},\"thumbnailUrl\":\"https:\/\/noti-america.com\/site\/principal\/wp-content\/uploads\/sites\/26\/2024\/11\/descargar-6.jpg\",\"datePublished\":\"2024-11-14T18:36:39+00:00\",\"author\":{\"@id\":\"https:\/\/noti-america.com\/site\/principal\/#\/schema\/person\/22806efcc2cfc4b45efb0e17be210ea8\"},\"breadcrumb\":{\"@id\":\"https:\/\/noti-america.com\/site\/principal\/2024\/11\/14\/finalizan-las-restricciones-por-la-nueva-dana-en-valencia-y-pasa-al-nivel-mas-bajo-de-alerta-por-lluvias\/#breadcrumb\"},\"inLanguage\":\"es\",\"potentialAction\":[{\"@type\":\"ReadAction\",\"target\":[\"https:\/\/noti-america.com\/site\/principal\/2024\/11\/14\/finalizan-las-restricciones-por-la-nueva-dana-en-valencia-y-pasa-al-nivel-mas-bajo-de-alerta-por-lluvias\/\"]}]},{\"@type\":\"ImageObject\",\"inLanguage\":\"es\",\"@id\":\"https:\/\/noti-america.com\/site\/principal\/2024\/11\/14\/finalizan-las-restricciones-por-la-nueva-dana-en-valencia-y-pasa-al-nivel-mas-bajo-de-alerta-por-lluvias\/#primaryimage\",\"url\":\"https:\/\/noti-america.com\/site\/principal\/wp-content\/uploads\/sites\/26\/2024\/11\/descargar-6.jpg\",\"contentUrl\":\"https:\/\/noti-america.com\/site\/principal\/wp-content\/uploads\/sites\/26\/2024\/11\/descargar-6.jpg\",\"width\":1600,\"height\":900},{\"@type\":\"BreadcrumbList\",\"@id\":\"https:\/\/noti-america.com\/site\/principal\/2024\/11\/14\/finalizan-las-restricciones-por-la-nueva-dana-en-valencia-y-pasa-al-nivel-mas-bajo-de-alerta-por-lluvias\/#breadcrumb\",\"itemListElement\":[{\"@type\":\"ListItem\",\"position\":1,\"name\":\"Portada\",\"item\":\"https:\/\/noti-america.com\/site\/principal\/\"},{\"@type\":\"ListItem\",\"position\":2,\"name\":\"Finalizan las restricciones por la nueva DANA en Valencia y pasa al nivel m\u00e1s bajo de alerta por lluvias\"}]},{\"@type\":\"WebSite\",\"@id\":\"https:\/\/noti-america.com\/site\/principal\/#website\",\"url\":\"https:\/\/noti-america.com\/site\/principal\/\",\"name\":\"Noti-America.com\",\"description\":\"El Noticiero Digital M\u00e1s Grande de Am\u00e9rica\",\"potentialAction\":[{\"@type\":\"SearchAction\",\"target\":{\"@type\":\"EntryPoint\",\"urlTemplate\":\"https:\/\/noti-america.com\/site\/principal\/?s={search_term_string}\"},\"query-input\":{\"@type\":\"PropertyValueSpecification\",\"valueRequired\":true,\"valueName\":\"search_term_string\"}}],\"inLanguage\":\"es\"},{\"@type\":\"Person\",\"@id\":\"https:\/\/noti-america.com\/site\/principal\/#\/schema\/person\/22806efcc2cfc4b45efb0e17be210ea8\",\"name\":\"Maria Valentina Noguera Medina\",\"image\":{\"@type\":\"ImageObject\",\"inLanguage\":\"es\",\"@id\":\"https:\/\/secure.gravatar.com\/avatar\/4ec5eb9d099f2608a49c9df6f7341f66f04f819cdffa09d56a7a0e91d2819d56?s=96&d=mm&r=g\",\"url\":\"https:\/\/secure.gravatar.com\/avatar\/4ec5eb9d099f2608a49c9df6f7341f66f04f819cdffa09d56a7a0e91d2819d56?s=96&d=mm&r=g\",\"contentUrl\":\"https:\/\/secure.gravatar.com\/avatar\/4ec5eb9d099f2608a49c9df6f7341f66f04f819cdffa09d56a7a0e91d2819d56?s=96&d=mm&r=g\",\"caption\":\"Maria Valentina Noguera Medina\"},\"description\":\"Periodista - noti-america - Promar Community Manager - Talento Plus Dise\u00f1adora\/ creadora de contenido...\",\"sameAs\":[\"Mar\u00eda Valentina Noguera\",\"https:\/\/www.facebook.com\/mariavalentina.noguera\",\"https:\/\/www.linkedin.com\/in\/mara-valentina-noguera-medina-373075165\/\",\"https:\/\/www.pinterest.es\/valentinanoguera95\/\",\"https:\/\/www.youtube.com\/channel\/UCdek6mbUZ-Tqqw0I63i4nmQ\"],\"url\":\"https:\/\/noti-america.com\/site\/principal\/author\/mnoguera\/\"}]}<\/script>\n<!-- \/ Yoast SEO Premium plugin. -->","yoast_head_json":{"title":"Finalizan las restricciones por la nueva DANA en Valencia y pasa al nivel m\u00e1s bajo de alerta por lluvias - Noti-America.com","robots":{"index":"index","follow":"follow","max-snippet":"max-snippet:-1","max-image-preview":"max-image-preview:large","max-video-preview":"max-video-preview:-1"},"canonical":"https:\/\/noti-america.com\/site\/principal\/2024\/11\/14\/finalizan-las-restricciones-por-la-nueva-dana-en-valencia-y-pasa-al-nivel-mas-bajo-de-alerta-por-lluvias\/","og_locale":"es_ES","og_type":"article","og_title":"Finalizan las restricciones por la nueva DANA en Valencia y pasa al nivel m\u00e1s bajo de alerta por lluvias","og_description":"NOTI-AMERICA.COM | ESPA\u00d1A La Agencia Estatal de Meteorolog\u00eda (Aemet) ha desactivado los avisos naranja por precipitaciones en la Comunitat Valenciana, despu\u00e9s de que a primera hora de este jueves tambi\u00e9n quitara los avisos rojos,&#46;&#46;&#46;","og_url":"https:\/\/noti-america.com\/site\/principal\/2024\/11\/14\/finalizan-las-restricciones-por-la-nueva-dana-en-valencia-y-pasa-al-nivel-mas-bajo-de-alerta-por-lluvias\/","og_site_name":"Noti-America.com","article_author":"Mar\u00eda Valentina Noguera","article_published_time":"2024-11-14T18:36:39+00:00","og_image":[{"width":1600,"height":900,"url":"https:\/\/noti-america.com\/site\/principal\/wp-content\/uploads\/sites\/26\/2024\/11\/descargar-6.jpg","type":"image\/jpeg"}],"author":"Maria Valentina Noguera Medina","twitter_card":"summary_large_image","twitter_misc":{"Escrito por":"Maria Valentina Noguera Medina","Tiempo estimado de lectura":"3 minutos"},"schema":{"@context":"https:\/\/schema.org","@graph":[{"@type":"Article","@id":"https:\/\/noti-america.com\/site\/principal\/2024\/11\/14\/finalizan-las-restricciones-por-la-nueva-dana-en-valencia-y-pasa-al-nivel-mas-bajo-de-alerta-por-lluvias\/#article","isPartOf":{"@id":"https:\/\/noti-america.com\/site\/principal\/2024\/11\/14\/finalizan-las-restricciones-por-la-nueva-dana-en-valencia-y-pasa-al-nivel-mas-bajo-de-alerta-por-lluvias\/"},"author":{"name":"Maria Valentina Noguera Medina","@id":"https:\/\/noti-america.com\/site\/principal\/#\/schema\/person\/22806efcc2cfc4b45efb0e17be210ea8"},"headline":"Finalizan las restricciones por la nueva DANA en Valencia y pasa al nivel m\u00e1s bajo de alerta por lluvias","datePublished":"2024-11-14T18:36:39+00:00","mainEntityOfPage":{"@id":"https:\/\/noti-america.com\/site\/principal\/2024\/11\/14\/finalizan-las-restricciones-por-la-nueva-dana-en-valencia-y-pasa-al-nivel-mas-bajo-de-alerta-por-lluvias\/"},"wordCount":548,"image":{"@id":"https:\/\/noti-america.com\/site\/principal\/2024\/11\/14\/finalizan-las-restricciones-por-la-nueva-dana-en-valencia-y-pasa-al-nivel-mas-bajo-de-alerta-por-lluvias\/#primaryimage"},"thumbnailUrl":"https:\/\/noti-america.com\/site\/principal\/wp-content\/uploads\/sites\/26\/2024\/11\/descargar-6.jpg","articleSection":["Espa\u00f1a","Nacionales"],"inLanguage":"es"},{"@type":"WebPage","@id":"https:\/\/noti-america.com\/site\/principal\/2024\/11\/14\/finalizan-las-restricciones-por-la-nueva-dana-en-valencia-y-pasa-al-nivel-mas-bajo-de-alerta-por-lluvias\/","url":"https:\/\/noti-america.com\/site\/principal\/2024\/11\/14\/finalizan-las-restricciones-por-la-nueva-dana-en-valencia-y-pasa-al-nivel-mas-bajo-de-alerta-por-lluvias\/","name":"Finalizan las restricciones por la nueva DANA en Valencia y pasa al nivel m\u00e1s bajo de alerta por lluvias - Noti-America.com","isPartOf":{"@id":"https:\/\/noti-america.com\/site\/principal\/#website"},"primaryImageOfPage":{"@id":"https:\/\/noti-america.com\/site\/principal\/2024\/11\/14\/finalizan-las-restricciones-por-la-nueva-dana-en-valencia-y-pasa-al-nivel-mas-bajo-de-alerta-por-lluvias\/#primaryimage"},"image":{"@id":"https:\/\/noti-america.com\/site\/principal\/2024\/11\/14\/finalizan-las-restricciones-por-la-nueva-dana-en-valencia-y-pasa-al-nivel-mas-bajo-de-alerta-por-lluvias\/#primaryimage"},"thumbnailUrl":"https:\/\/noti-america.com\/site\/principal\/wp-content\/uploads\/sites\/26\/2024\/11\/descargar-6.jpg","datePublished":"2024-11-14T18:36:39+00:00","author":{"@id":"https:\/\/noti-america.com\/site\/principal\/#\/schema\/person\/22806efcc2cfc4b45efb0e17be210ea8"},"breadcrumb":{"@id":"https:\/\/noti-america.com\/site\/principal\/2024\/11\/14\/finalizan-las-restricciones-por-la-nueva-dana-en-valencia-y-pasa-al-nivel-mas-bajo-de-alerta-por-lluvias\/#breadcrumb"},"inLanguage":"es","potentialAction":[{"@type":"ReadAction","target":["https:\/\/noti-america.com\/site\/principal\/2024\/11\/14\/finalizan-las-restricciones-por-la-nueva-dana-en-valencia-y-pasa-al-nivel-mas-bajo-de-alerta-por-lluvias\/"]}]},{"@type":"ImageObject","inLanguage":"es","@id":"https:\/\/noti-america.com\/site\/principal\/2024\/11\/14\/finalizan-las-restricciones-por-la-nueva-dana-en-valencia-y-pasa-al-nivel-mas-bajo-de-alerta-por-lluvias\/#primaryimage","url":"https:\/\/noti-america.com\/site\/principal\/wp-content\/uploads\/sites\/26\/2024\/11\/descargar-6.jpg","contentUrl":"https:\/\/noti-america.com\/site\/principal\/wp-content\/uploads\/sites\/26\/2024\/11\/descargar-6.jpg","width":1600,"height":900},{"@type":"BreadcrumbList","@id":"https:\/\/noti-america.com\/site\/principal\/2024\/11\/14\/finalizan-las-restricciones-por-la-nueva-dana-en-valencia-y-pasa-al-nivel-mas-bajo-de-alerta-por-lluvias\/#breadcrumb","itemListElement":[{"@type":"ListItem","position":1,"name":"Portada","item":"https:\/\/noti-america.com\/site\/principal\/"},{"@type":"ListItem","position":2,"name":"Finalizan las restricciones por la nueva DANA en Valencia y pasa al nivel m\u00e1s bajo de alerta por lluvias"}]},{"@type":"WebSite","@id":"https:\/\/noti-america.com\/site\/principal\/#website","url":"https:\/\/noti-america.com\/site\/principal\/","name":"Noti-America.com","description":"El Noticiero Digital M\u00e1s Grande de Am\u00e9rica","potentialAction":[{"@type":"SearchAction","target":{"@type":"EntryPoint","urlTemplate":"https:\/\/noti-america.com\/site\/principal\/?s={search_term_string}"},"query-input":{"@type":"PropertyValueSpecification","valueRequired":true,"valueName":"search_term_string"}}],"inLanguage":"es"},{"@type":"Person","@id":"https:\/\/noti-america.com\/site\/principal\/#\/schema\/person\/22806efcc2cfc4b45efb0e17be210ea8","name":"Maria Valentina Noguera Medina","image":{"@type":"ImageObject","inLanguage":"es","@id":"https:\/\/secure.gravatar.com\/avatar\/4ec5eb9d099f2608a49c9df6f7341f66f04f819cdffa09d56a7a0e91d2819d56?s=96&d=mm&r=g","url":"https:\/\/secure.gravatar.com\/avatar\/4ec5eb9d099f2608a49c9df6f7341f66f04f819cdffa09d56a7a0e91d2819d56?s=96&d=mm&r=g","contentUrl":"https:\/\/secure.gravatar.com\/avatar\/4ec5eb9d099f2608a49c9df6f7341f66f04f819cdffa09d56a7a0e91d2819d56?s=96&d=mm&r=g","caption":"Maria Valentina Noguera Medina"},"description":"Periodista - noti-america - Promar Community Manager - Talento Plus Dise\u00f1adora\/ creadora de contenido...","sameAs":["Mar\u00eda Valentina Noguera","https:\/\/www.facebook.com\/mariavalentina.noguera","https:\/\/www.linkedin.com\/in\/mara-valentina-noguera-medina-373075165\/","https:\/\/www.pinterest.es\/valentinanoguera95\/","https:\/\/www.youtube.com\/channel\/UCdek6mbUZ-Tqqw0I63i4nmQ"],"url":"https:\/\/noti-america.com\/site\/principal\/author\/mnoguera\/"}]}},"_links":{"self":[{"href":"https:\/\/noti-america.com\/site\/principal\/wp-json\/wp\/v2\/posts\/57004","targetHints":{"allow":["GET"]}}],"collection":[{"href":"https:\/\/noti-america.com\/site\/principal\/wp-json\/wp\/v2\/posts"}],"about":[{"href":"https:\/\/noti-america.com\/site\/principal\/wp-json\/wp\/v2\/types\/post"}],"author":[{"embeddable":true,"href":"https:\/\/noti-america.com\/site\/principal\/wp-json\/wp\/v2\/users\/133"}],"replies":[{"embeddable":true,"href":"https:\/\/noti-america.com\/site\/principal\/wp-json\/wp\/v2\/comments?post=57004"}],"version-history":[{"count":1,"href":"https:\/\/noti-america.com\/site\/principal\/wp-json\/wp\/v2\/posts\/57004\/revisions"}],"predecessor-version":[{"id":57055,"href":"https:\/\/noti-america.com\/site\/principal\/wp-json\/wp\/v2\/posts\/57004\/revisions\/57055"}],"wp:featuredmedia":[{"embeddable":true,"href":"https:\/\/noti-america.com\/site\/principal\/wp-json\/wp\/v2\/media\/57005"}],"wp:attachment":[{"href":"https:\/\/noti-america.com\/site\/principal\/wp-json\/wp\/v2\/media?parent=57004"}],"wp:term":[{"taxonomy":"category","embeddable":true,"href":"https:\/\/noti-america.com\/site\/principal\/wp-json\/wp\/v2\/categories?post=57004"},{"taxonomy":"post_tag","embeddable":true,"href":"https:\/\/noti-america.com\/site\/principal\/wp-json\/wp\/v2\/tags?post=57004"}],"curies":[{"name":"wp","href":"https:\/\/api.w.org\/{rel}","templated":true}]}}