{"id":5637,"date":"2019-01-08T11:58:39","date_gmt":"2019-01-08T11:58:39","guid":{"rendered":"http:\/\/noti-america.com\/site\/alemania\/?p=5637"},"modified":"2019-01-08T12:06:57","modified_gmt":"2019-01-08T12:06:57","slug":"filtacion-masiva-de-datos-en-alemania-joven-de-20-anos-detenido","status":"publish","type":"post","link":"https:\/\/noti-america.com\/site\/principal\/2019\/01\/08\/filtacion-masiva-de-datos-en-alemania-joven-de-20-anos-detenido\/","title":{"rendered":"Filtaci\u00f3n  masiva de datos en Alemania: Joven de 20 a\u00f1os detenido"},"content":{"rendered":"<p>Wiesbaden (Alemania), seg\u00fan la DPA \u00a0la Oficina de Investigaci\u00f3n Criminal de Alemania (BKA) en Wiesbaden inform\u00f3 el d\u00eda de hoy que un\u00a0joven de 20 a\u00f1os fue detenido de forma provisional en relaci\u00f3n al ataque masivo en Internet contra pol\u00edticos y celebridades en Alemania.<\/p>\n<p>El joven habr\u00eda admitido haber llevado a cabo la filtraci\u00f3n masiva de datos, seg\u00fan informaciones de autoridades de seguridad a las que tuvo acceso la agencia dpa. Anteriormente, la edici\u00f3n web del semanario \u00abDer Spiegel\u00bb hab\u00eda informado al respecto.<\/p>\n<p>La vivienda del detenido fue registrada el domingo, aunque la BKA no inform\u00f3 de su ubicaci\u00f3n exacta. Las autoridades policiales y la Fiscal\u00eda de Fr\u00e1ncfort dar\u00e1n a conocer hoy en Wiesbaden detalles de las investigaciones llevada a cabo hasta el momento en este caso de robo masivo de datos.<\/p>\n<p>La filtraci\u00f3n masiva de datos afect\u00f3 a cerca de 1.000 pol\u00edticos, celebridades y periodistas, seg\u00fan el ministerio alem\u00e1n del Interior. Cerca de 50 de los casos son considerados de mayor gravedad porque se publicaron paquetes de datos m\u00e1s grandes, como datos privados, fotograf\u00edas y correspondencia.<\/p>\n<p>Funcionarios de la BKA tambi\u00e9n registraron el domingo el domicilio de un testigo en Heilbronn y tomaron declaraci\u00f3n a otros testigos.<\/p>\n<p>Una persona hasta ahora desconocida public\u00f3 a trav\u00e9s de una cuenta en la red social Twitter datos personales como n\u00fameros de tel\u00e9fono, tarjetas de cr\u00e9dito, documentos de identidad y chats de representantes de todos los estamentos pol\u00edticos y personalidades de la vida p\u00fablica.<\/p>\n<p>Entre los afectados figuraron la canciller Angela Merkel y el presidente del Parlamento germano, Wolfgang Sch\u00e4uble. La dimensi\u00f3n de la filtraci\u00f3n que comenz\u00f3 en diciembre no fue advertida hasta la semana pasada. El incidente sacudi\u00f3 a la opini\u00f3n p\u00fablica y puso contra las cuerdas a las autoridades de seguridad inform\u00e1tica del pa\u00eds.<\/p>\n","protected":false},"excerpt":{"rendered":"<p>Wiesbaden (Alemania), seg\u00fan la DPA \u00a0la Oficina de Investigaci\u00f3n Criminal de Alemania (BKA) en Wiesbaden inform\u00f3 el d\u00eda de hoy que un\u00a0joven de 20 a\u00f1os fue detenido de forma provisional en relaci\u00f3n al ataque&#46;&#46;&#46;<\/p>\n","protected":false},"author":31,"featured_media":5638,"comment_status":"open","ping_status":"open","sticky":false,"template":"","format":"standard","meta":{"_acf_changed":false,"rop_custom_images_group":[],"rop_custom_messages_group":[],"rop_publish_now":"initial","rop_publish_now_accounts":{"facebook_10219548024599422_1632221337088128":"","twitter_242054905_242054905":""},"rop_publish_now_history":[],"rop_publish_now_status":"pending","footnotes":""},"categories":[115,4,47],"tags":[213],"class_list":["post-5637","post","type-post","status-publish","format-standard","has-post-thumbnail","hentry","category-alemania","category-internacionales","category-politica-opinion","tag-angela-merkel"],"acf":[],"yoast_head":"<!-- This site is optimized with the Yoast SEO Premium plugin v24.9 (Yoast SEO v27.2) - https:\/\/yoast.com\/product\/yoast-seo-premium-wordpress\/ -->\n<title>Filtaci\u00f3n masiva de datos en Alemania: Joven de 20 a\u00f1os detenido - Noti-America.com<\/title>\n<meta name=\"robots\" content=\"index, follow, max-snippet:-1, max-image-preview:large, max-video-preview:-1\" \/>\n<link rel=\"canonical\" href=\"https:\/\/noti-america.com\/site\/principal\/2019\/01\/08\/filtacion-masiva-de-datos-en-alemania-joven-de-20-anos-detenido\/\" \/>\n<meta property=\"og:locale\" content=\"es_ES\" \/>\n<meta property=\"og:type\" content=\"article\" \/>\n<meta property=\"og:title\" content=\"Filtaci\u00f3n masiva de datos en Alemania: Joven de 20 a\u00f1os detenido\" \/>\n<meta property=\"og:description\" content=\"Wiesbaden (Alemania), seg\u00fan la DPA \u00a0la Oficina de Investigaci\u00f3n Criminal de Alemania (BKA) en Wiesbaden inform\u00f3 el d\u00eda de hoy que un\u00a0joven de 20 a\u00f1os fue detenido de forma provisional en relaci\u00f3n al ataque&#046;&#046;&#046;\" \/>\n<meta property=\"og:url\" content=\"https:\/\/noti-america.com\/site\/principal\/2019\/01\/08\/filtacion-masiva-de-datos-en-alemania-joven-de-20-anos-detenido\/\" \/>\n<meta property=\"og:site_name\" content=\"Noti-America.com\" \/>\n<meta property=\"article:published_time\" content=\"2019-01-08T11:58:39+00:00\" \/>\n<meta property=\"article:modified_time\" content=\"2019-01-08T12:06:57+00:00\" \/>\n<meta property=\"og:image\" content=\"https:\/\/noti-america.com\/site\/principal\/wp-content\/uploads\/sites\/26\/2019\/01\/image-4.jpeg\" \/>\n\t<meta property=\"og:image:width\" content=\"800\" \/>\n\t<meta property=\"og:image:height\" content=\"450\" \/>\n\t<meta property=\"og:image:type\" content=\"image\/jpeg\" \/>\n<meta name=\"author\" content=\"Ydalith Figueroa Kad-Bay\" \/>\n<meta name=\"twitter:card\" content=\"summary_large_image\" \/>\n<meta name=\"twitter:creator\" content=\"@ydalithkad\" \/>\n<meta name=\"twitter:label1\" content=\"Escrito por\" \/>\n\t<meta name=\"twitter:data1\" content=\"Ydalith Figueroa Kad-Bay\" \/>\n\t<meta name=\"twitter:label2\" content=\"Tiempo estimado de lectura\" \/>\n\t<meta name=\"twitter:data2\" content=\"2 minutos\" \/>\n<script type=\"application\/ld+json\" class=\"yoast-schema-graph\">{\"@context\":\"https:\/\/schema.org\",\"@graph\":[{\"@type\":\"Article\",\"@id\":\"https:\/\/noti-america.com\/site\/principal\/2019\/01\/08\/filtacion-masiva-de-datos-en-alemania-joven-de-20-anos-detenido\/#article\",\"isPartOf\":{\"@id\":\"https:\/\/noti-america.com\/site\/principal\/2019\/01\/08\/filtacion-masiva-de-datos-en-alemania-joven-de-20-anos-detenido\/\"},\"author\":{\"name\":\"Ydalith Figueroa Kad-Bay\",\"@id\":\"https:\/\/noti-america.com\/site\/principal\/#\/schema\/person\/1a24e37c3c358f389f0a111448ddb870\"},\"headline\":\"Filtaci\u00f3n masiva de datos en Alemania: Joven de 20 a\u00f1os detenido\",\"datePublished\":\"2019-01-08T11:58:39+00:00\",\"dateModified\":\"2019-01-08T12:06:57+00:00\",\"mainEntityOfPage\":{\"@id\":\"https:\/\/noti-america.com\/site\/principal\/2019\/01\/08\/filtacion-masiva-de-datos-en-alemania-joven-de-20-anos-detenido\/\"},\"wordCount\":338,\"commentCount\":0,\"image\":{\"@id\":\"https:\/\/noti-america.com\/site\/principal\/2019\/01\/08\/filtacion-masiva-de-datos-en-alemania-joven-de-20-anos-detenido\/#primaryimage\"},\"thumbnailUrl\":\"https:\/\/noti-america.com\/site\/principal\/wp-content\/uploads\/sites\/26\/2019\/01\/image-4.jpeg\",\"keywords\":[\"Angela Merkel\"],\"articleSection\":[\"Alemania\",\"Internacionales\",\"Pol\u00edtica\"],\"inLanguage\":\"es\",\"potentialAction\":[{\"@type\":\"CommentAction\",\"name\":\"Comment\",\"target\":[\"https:\/\/noti-america.com\/site\/principal\/2019\/01\/08\/filtacion-masiva-de-datos-en-alemania-joven-de-20-anos-detenido\/#respond\"]}]},{\"@type\":\"WebPage\",\"@id\":\"https:\/\/noti-america.com\/site\/principal\/2019\/01\/08\/filtacion-masiva-de-datos-en-alemania-joven-de-20-anos-detenido\/\",\"url\":\"https:\/\/noti-america.com\/site\/principal\/2019\/01\/08\/filtacion-masiva-de-datos-en-alemania-joven-de-20-anos-detenido\/\",\"name\":\"Filtaci\u00f3n masiva de datos en Alemania: Joven de 20 a\u00f1os detenido - Noti-America.com\",\"isPartOf\":{\"@id\":\"https:\/\/noti-america.com\/site\/principal\/#website\"},\"primaryImageOfPage\":{\"@id\":\"https:\/\/noti-america.com\/site\/principal\/2019\/01\/08\/filtacion-masiva-de-datos-en-alemania-joven-de-20-anos-detenido\/#primaryimage\"},\"image\":{\"@id\":\"https:\/\/noti-america.com\/site\/principal\/2019\/01\/08\/filtacion-masiva-de-datos-en-alemania-joven-de-20-anos-detenido\/#primaryimage\"},\"thumbnailUrl\":\"https:\/\/noti-america.com\/site\/principal\/wp-content\/uploads\/sites\/26\/2019\/01\/image-4.jpeg\",\"datePublished\":\"2019-01-08T11:58:39+00:00\",\"dateModified\":\"2019-01-08T12:06:57+00:00\",\"author\":{\"@id\":\"https:\/\/noti-america.com\/site\/principal\/#\/schema\/person\/1a24e37c3c358f389f0a111448ddb870\"},\"breadcrumb\":{\"@id\":\"https:\/\/noti-america.com\/site\/principal\/2019\/01\/08\/filtacion-masiva-de-datos-en-alemania-joven-de-20-anos-detenido\/#breadcrumb\"},\"inLanguage\":\"es\",\"potentialAction\":[{\"@type\":\"ReadAction\",\"target\":[\"https:\/\/noti-america.com\/site\/principal\/2019\/01\/08\/filtacion-masiva-de-datos-en-alemania-joven-de-20-anos-detenido\/\"]}]},{\"@type\":\"ImageObject\",\"inLanguage\":\"es\",\"@id\":\"https:\/\/noti-america.com\/site\/principal\/2019\/01\/08\/filtacion-masiva-de-datos-en-alemania-joven-de-20-anos-detenido\/#primaryimage\",\"url\":\"https:\/\/noti-america.com\/site\/principal\/wp-content\/uploads\/sites\/26\/2019\/01\/image-4.jpeg\",\"contentUrl\":\"https:\/\/noti-america.com\/site\/principal\/wp-content\/uploads\/sites\/26\/2019\/01\/image-4.jpeg\",\"width\":800,\"height\":450},{\"@type\":\"BreadcrumbList\",\"@id\":\"https:\/\/noti-america.com\/site\/principal\/2019\/01\/08\/filtacion-masiva-de-datos-en-alemania-joven-de-20-anos-detenido\/#breadcrumb\",\"itemListElement\":[{\"@type\":\"ListItem\",\"position\":1,\"name\":\"Portada\",\"item\":\"https:\/\/noti-america.com\/site\/principal\/\"},{\"@type\":\"ListItem\",\"position\":2,\"name\":\"Filtaci\u00f3n masiva de datos en Alemania: Joven de 20 a\u00f1os detenido\"}]},{\"@type\":\"WebSite\",\"@id\":\"https:\/\/noti-america.com\/site\/principal\/#website\",\"url\":\"https:\/\/noti-america.com\/site\/principal\/\",\"name\":\"Noti-America.com\",\"description\":\"El Noticiero Digital M\u00e1s Grande de Am\u00e9rica\",\"potentialAction\":[{\"@type\":\"SearchAction\",\"target\":{\"@type\":\"EntryPoint\",\"urlTemplate\":\"https:\/\/noti-america.com\/site\/principal\/?s={search_term_string}\"},\"query-input\":{\"@type\":\"PropertyValueSpecification\",\"valueRequired\":true,\"valueName\":\"search_term_string\"}}],\"inLanguage\":\"es\"},{\"@type\":\"Person\",\"@id\":\"https:\/\/noti-america.com\/site\/principal\/#\/schema\/person\/1a24e37c3c358f389f0a111448ddb870\",\"name\":\"Ydalith Figueroa Kad-Bay\",\"image\":{\"@type\":\"ImageObject\",\"inLanguage\":\"es\",\"@id\":\"https:\/\/secure.gravatar.com\/avatar\/7d1e350465afd215908c3ed413e32ef600cd41c3c21b95416252432a9f6c219c?s=96&d=mm&r=g\",\"url\":\"https:\/\/secure.gravatar.com\/avatar\/7d1e350465afd215908c3ed413e32ef600cd41c3c21b95416252432a9f6c219c?s=96&d=mm&r=g\",\"contentUrl\":\"https:\/\/secure.gravatar.com\/avatar\/7d1e350465afd215908c3ed413e32ef600cd41c3c21b95416252432a9f6c219c?s=96&d=mm&r=g\",\"caption\":\"Ydalith Figueroa Kad-Bay\"},\"description\":\"CEO Noti-America Alemania Embajadora de Venezuela para el Proyecto de Acci\u00f3n Clim\u00e1tica de la ONU, Embajadora para la ense\u00f1anza de los ODS de la ONU, Amplificador de la Acci\u00f3n de los ODS de la ONU, Profesor Voluntario del Proyecto KAKUMA (Educaci\u00f3n de calidad para refugiados en \u00c1frica) UNHCR \u2013 ACNUR - Agencia para los refugiados de la ONU-, Miembro de la ONG Gente Y Ciudad, Embajador de las Instituciones de Microfinanzas \u201cNo a la pobreza ODS #1 de la ONU\u201d (todos tienen derecho a acceso a un cr\u00e9dito), y Voluntario al di\u00e1logo global de UN75. Twitter @ydalithkad email ydalith@yhaoo.com Locutor Profesional 32931 Universidad Central de Venezuela @ISHannover \\\"Colegio Internacional de Hannover Regi\u00f3n, Alemania\\\" Representante de Aprendizaje Innovaci\u00f3n y Tecnolog\u00eda #LMS (Sistema de Gesti\u00f3n de Aprendizaje) #LMS Gente y Ciudad &amp; Asesores Internacionales ONG Alemania. ONG \\\"Gente y Ciudad, Venezuela\\\" Miembro y Asesor especialista An\u00e1lisis de Pol\u00edtica Internacional Asesor Pol\u00edtico Internacional de Venezuela en la defensa de los Derechos Humanos y el restablecimiento Democr\u00e1tico. Diplomacia positiva y Activa. Pasi\u00f3n por el Golf Proyecto #LMS \\\"Golf para ni\u00f1os y adultos Internacional\\\" Pasi\u00f3n por los Postres Proyecto #LMS \\\"Postres, Que Unen a las Culturas del mundo\\\"\",\"sameAs\":[\"https:\/\/x.com\/ydalithkad\"],\"url\":\"https:\/\/noti-america.com\/site\/principal\/author\/yfigueroa\/\"}]}<\/script>\n<!-- \/ Yoast SEO Premium plugin. -->","yoast_head_json":{"title":"Filtaci\u00f3n masiva de datos en Alemania: Joven de 20 a\u00f1os detenido - Noti-America.com","robots":{"index":"index","follow":"follow","max-snippet":"max-snippet:-1","max-image-preview":"max-image-preview:large","max-video-preview":"max-video-preview:-1"},"canonical":"https:\/\/noti-america.com\/site\/principal\/2019\/01\/08\/filtacion-masiva-de-datos-en-alemania-joven-de-20-anos-detenido\/","og_locale":"es_ES","og_type":"article","og_title":"Filtaci\u00f3n masiva de datos en Alemania: Joven de 20 a\u00f1os detenido","og_description":"Wiesbaden (Alemania), seg\u00fan la DPA \u00a0la Oficina de Investigaci\u00f3n Criminal de Alemania (BKA) en Wiesbaden inform\u00f3 el d\u00eda de hoy que un\u00a0joven de 20 a\u00f1os fue detenido de forma provisional en relaci\u00f3n al ataque&#46;&#46;&#46;","og_url":"https:\/\/noti-america.com\/site\/principal\/2019\/01\/08\/filtacion-masiva-de-datos-en-alemania-joven-de-20-anos-detenido\/","og_site_name":"Noti-America.com","article_published_time":"2019-01-08T11:58:39+00:00","article_modified_time":"2019-01-08T12:06:57+00:00","og_image":[{"width":800,"height":450,"url":"https:\/\/noti-america.com\/site\/principal\/wp-content\/uploads\/sites\/26\/2019\/01\/image-4.jpeg","type":"image\/jpeg"}],"author":"Ydalith Figueroa Kad-Bay","twitter_card":"summary_large_image","twitter_creator":"@ydalithkad","twitter_misc":{"Escrito por":"Ydalith Figueroa Kad-Bay","Tiempo estimado de lectura":"2 minutos"},"schema":{"@context":"https:\/\/schema.org","@graph":[{"@type":"Article","@id":"https:\/\/noti-america.com\/site\/principal\/2019\/01\/08\/filtacion-masiva-de-datos-en-alemania-joven-de-20-anos-detenido\/#article","isPartOf":{"@id":"https:\/\/noti-america.com\/site\/principal\/2019\/01\/08\/filtacion-masiva-de-datos-en-alemania-joven-de-20-anos-detenido\/"},"author":{"name":"Ydalith Figueroa Kad-Bay","@id":"https:\/\/noti-america.com\/site\/principal\/#\/schema\/person\/1a24e37c3c358f389f0a111448ddb870"},"headline":"Filtaci\u00f3n masiva de datos en Alemania: Joven de 20 a\u00f1os detenido","datePublished":"2019-01-08T11:58:39+00:00","dateModified":"2019-01-08T12:06:57+00:00","mainEntityOfPage":{"@id":"https:\/\/noti-america.com\/site\/principal\/2019\/01\/08\/filtacion-masiva-de-datos-en-alemania-joven-de-20-anos-detenido\/"},"wordCount":338,"commentCount":0,"image":{"@id":"https:\/\/noti-america.com\/site\/principal\/2019\/01\/08\/filtacion-masiva-de-datos-en-alemania-joven-de-20-anos-detenido\/#primaryimage"},"thumbnailUrl":"https:\/\/noti-america.com\/site\/principal\/wp-content\/uploads\/sites\/26\/2019\/01\/image-4.jpeg","keywords":["Angela Merkel"],"articleSection":["Alemania","Internacionales","Pol\u00edtica"],"inLanguage":"es","potentialAction":[{"@type":"CommentAction","name":"Comment","target":["https:\/\/noti-america.com\/site\/principal\/2019\/01\/08\/filtacion-masiva-de-datos-en-alemania-joven-de-20-anos-detenido\/#respond"]}]},{"@type":"WebPage","@id":"https:\/\/noti-america.com\/site\/principal\/2019\/01\/08\/filtacion-masiva-de-datos-en-alemania-joven-de-20-anos-detenido\/","url":"https:\/\/noti-america.com\/site\/principal\/2019\/01\/08\/filtacion-masiva-de-datos-en-alemania-joven-de-20-anos-detenido\/","name":"Filtaci\u00f3n masiva de datos en Alemania: Joven de 20 a\u00f1os detenido - Noti-America.com","isPartOf":{"@id":"https:\/\/noti-america.com\/site\/principal\/#website"},"primaryImageOfPage":{"@id":"https:\/\/noti-america.com\/site\/principal\/2019\/01\/08\/filtacion-masiva-de-datos-en-alemania-joven-de-20-anos-detenido\/#primaryimage"},"image":{"@id":"https:\/\/noti-america.com\/site\/principal\/2019\/01\/08\/filtacion-masiva-de-datos-en-alemania-joven-de-20-anos-detenido\/#primaryimage"},"thumbnailUrl":"https:\/\/noti-america.com\/site\/principal\/wp-content\/uploads\/sites\/26\/2019\/01\/image-4.jpeg","datePublished":"2019-01-08T11:58:39+00:00","dateModified":"2019-01-08T12:06:57+00:00","author":{"@id":"https:\/\/noti-america.com\/site\/principal\/#\/schema\/person\/1a24e37c3c358f389f0a111448ddb870"},"breadcrumb":{"@id":"https:\/\/noti-america.com\/site\/principal\/2019\/01\/08\/filtacion-masiva-de-datos-en-alemania-joven-de-20-anos-detenido\/#breadcrumb"},"inLanguage":"es","potentialAction":[{"@type":"ReadAction","target":["https:\/\/noti-america.com\/site\/principal\/2019\/01\/08\/filtacion-masiva-de-datos-en-alemania-joven-de-20-anos-detenido\/"]}]},{"@type":"ImageObject","inLanguage":"es","@id":"https:\/\/noti-america.com\/site\/principal\/2019\/01\/08\/filtacion-masiva-de-datos-en-alemania-joven-de-20-anos-detenido\/#primaryimage","url":"https:\/\/noti-america.com\/site\/principal\/wp-content\/uploads\/sites\/26\/2019\/01\/image-4.jpeg","contentUrl":"https:\/\/noti-america.com\/site\/principal\/wp-content\/uploads\/sites\/26\/2019\/01\/image-4.jpeg","width":800,"height":450},{"@type":"BreadcrumbList","@id":"https:\/\/noti-america.com\/site\/principal\/2019\/01\/08\/filtacion-masiva-de-datos-en-alemania-joven-de-20-anos-detenido\/#breadcrumb","itemListElement":[{"@type":"ListItem","position":1,"name":"Portada","item":"https:\/\/noti-america.com\/site\/principal\/"},{"@type":"ListItem","position":2,"name":"Filtaci\u00f3n masiva de datos en Alemania: Joven de 20 a\u00f1os detenido"}]},{"@type":"WebSite","@id":"https:\/\/noti-america.com\/site\/principal\/#website","url":"https:\/\/noti-america.com\/site\/principal\/","name":"Noti-America.com","description":"El Noticiero Digital M\u00e1s Grande de Am\u00e9rica","potentialAction":[{"@type":"SearchAction","target":{"@type":"EntryPoint","urlTemplate":"https:\/\/noti-america.com\/site\/principal\/?s={search_term_string}"},"query-input":{"@type":"PropertyValueSpecification","valueRequired":true,"valueName":"search_term_string"}}],"inLanguage":"es"},{"@type":"Person","@id":"https:\/\/noti-america.com\/site\/principal\/#\/schema\/person\/1a24e37c3c358f389f0a111448ddb870","name":"Ydalith Figueroa Kad-Bay","image":{"@type":"ImageObject","inLanguage":"es","@id":"https:\/\/secure.gravatar.com\/avatar\/7d1e350465afd215908c3ed413e32ef600cd41c3c21b95416252432a9f6c219c?s=96&d=mm&r=g","url":"https:\/\/secure.gravatar.com\/avatar\/7d1e350465afd215908c3ed413e32ef600cd41c3c21b95416252432a9f6c219c?s=96&d=mm&r=g","contentUrl":"https:\/\/secure.gravatar.com\/avatar\/7d1e350465afd215908c3ed413e32ef600cd41c3c21b95416252432a9f6c219c?s=96&d=mm&r=g","caption":"Ydalith Figueroa Kad-Bay"},"description":"CEO Noti-America Alemania Embajadora de Venezuela para el Proyecto de Acci\u00f3n Clim\u00e1tica de la ONU, Embajadora para la ense\u00f1anza de los ODS de la ONU, Amplificador de la Acci\u00f3n de los ODS de la ONU, Profesor Voluntario del Proyecto KAKUMA (Educaci\u00f3n de calidad para refugiados en \u00c1frica) UNHCR \u2013 ACNUR - Agencia para los refugiados de la ONU-, Miembro de la ONG Gente Y Ciudad, Embajador de las Instituciones de Microfinanzas \u201cNo a la pobreza ODS #1 de la ONU\u201d (todos tienen derecho a acceso a un cr\u00e9dito), y Voluntario al di\u00e1logo global de UN75. Twitter @ydalithkad email ydalith@yhaoo.com Locutor Profesional 32931 Universidad Central de Venezuela @ISHannover \"Colegio Internacional de Hannover Regi\u00f3n, Alemania\" Representante de Aprendizaje Innovaci\u00f3n y Tecnolog\u00eda #LMS (Sistema de Gesti\u00f3n de Aprendizaje) #LMS Gente y Ciudad &amp; Asesores Internacionales ONG Alemania. ONG \"Gente y Ciudad, Venezuela\" Miembro y Asesor especialista An\u00e1lisis de Pol\u00edtica Internacional Asesor Pol\u00edtico Internacional de Venezuela en la defensa de los Derechos Humanos y el restablecimiento Democr\u00e1tico. Diplomacia positiva y Activa. Pasi\u00f3n por el Golf Proyecto #LMS \"Golf para ni\u00f1os y adultos Internacional\" Pasi\u00f3n por los Postres Proyecto #LMS \"Postres, Que Unen a las Culturas del mundo\"","sameAs":["https:\/\/x.com\/ydalithkad"],"url":"https:\/\/noti-america.com\/site\/principal\/author\/yfigueroa\/"}]}},"_links":{"self":[{"href":"https:\/\/noti-america.com\/site\/principal\/wp-json\/wp\/v2\/posts\/5637","targetHints":{"allow":["GET"]}}],"collection":[{"href":"https:\/\/noti-america.com\/site\/principal\/wp-json\/wp\/v2\/posts"}],"about":[{"href":"https:\/\/noti-america.com\/site\/principal\/wp-json\/wp\/v2\/types\/post"}],"author":[{"embeddable":true,"href":"https:\/\/noti-america.com\/site\/principal\/wp-json\/wp\/v2\/users\/31"}],"replies":[{"embeddable":true,"href":"https:\/\/noti-america.com\/site\/principal\/wp-json\/wp\/v2\/comments?post=5637"}],"version-history":[{"count":1,"href":"https:\/\/noti-america.com\/site\/principal\/wp-json\/wp\/v2\/posts\/5637\/revisions"}],"predecessor-version":[{"id":5639,"href":"https:\/\/noti-america.com\/site\/principal\/wp-json\/wp\/v2\/posts\/5637\/revisions\/5639"}],"wp:featuredmedia":[{"embeddable":true,"href":"https:\/\/noti-america.com\/site\/principal\/wp-json\/wp\/v2\/media\/5638"}],"wp:attachment":[{"href":"https:\/\/noti-america.com\/site\/principal\/wp-json\/wp\/v2\/media?parent=5637"}],"wp:term":[{"taxonomy":"category","embeddable":true,"href":"https:\/\/noti-america.com\/site\/principal\/wp-json\/wp\/v2\/categories?post=5637"},{"taxonomy":"post_tag","embeddable":true,"href":"https:\/\/noti-america.com\/site\/principal\/wp-json\/wp\/v2\/tags?post=5637"}],"curies":[{"name":"wp","href":"https:\/\/api.w.org\/{rel}","templated":true}]}}