{"id":55247,"date":"2024-10-18T14:33:58","date_gmt":"2024-10-18T18:33:58","guid":{"rendered":"https:\/\/noti-america.com\/site\/principal\/?p=55247"},"modified":"2024-10-18T14:33:58","modified_gmt":"2024-10-18T18:33:58","slug":"extremadura-lidera-el-ranking-nacional-del-crecimiento-turistico-con-un-modelo-basado-en-la-sostenibilidad","status":"publish","type":"post","link":"https:\/\/noti-america.com\/site\/principal\/2024\/10\/18\/extremadura-lidera-el-ranking-nacional-del-crecimiento-turistico-con-un-modelo-basado-en-la-sostenibilidad\/","title":{"rendered":"Extremadura lidera el ranking nacional del crecimiento tur\u00edstico con un modelo basado en la sostenibilidad"},"content":{"rendered":"<p><strong>NOTI-AMERICA.COM | ESPA\u00d1A<\/strong><\/p>\n<p style=\"text-align: justify\">Extremadura ha consolidado su posici\u00f3n como uno de los destinos tur\u00edsticos con mayor crecimiento en Espa\u00f1a. Seg\u00fan los \u00faltimos datos publicados por el Instituto Nacional de Estad\u00edstica, la regi\u00f3n ha cerrado el mejor verano de su historia, alcanzando cifras r\u00e9cord de ocupaci\u00f3n y encabezando el ranking nacional de viajeros.<\/p>\n<p style=\"text-align: justify\">Este \u00e9xito no solo es el reflejo de las iniciativas estrat\u00e9gicas impulsadas por la administraci\u00f3n auton\u00f3mica, sino tambi\u00e9n del compromiso con la sostenibilidad, la internacionalizaci\u00f3n y la promoci\u00f3n de eventos culturales \u00fanicos como el Oto\u00f1o M\u00e1gico del Valle del Ambroz, recientemente galardonado con la declaraci\u00f3n de Fiesta de Inter\u00e9s Tur\u00edstico Internacional.<\/p>\n<p style=\"text-align: justify\">Entre enero y agosto de 2024, Extremadura recibi\u00f3 a m\u00e1s de 1.433.553 viajeros, marcando un r\u00e9cord hist\u00f3rico en la regi\u00f3n. Este n\u00famero representa un incremento significativo con respecto a los a\u00f1os anteriores, consolidando un crecimiento continuo tras el par\u00f3n de la pandemia.<\/p>\n<p style=\"text-align: justify\">Adem\u00e1s, el n\u00famero de pernoctaciones alcanz\u00f3 las 2.806.391, tambi\u00e9n un m\u00e1ximo hist\u00f3rico. Estos datos son indicativos de un aumento en el inter\u00e9s por la regi\u00f3n, as\u00ed como del \u00e9xito de las pol\u00edticas tur\u00edsticas que han convertido a Extremadura en un destino de interior referente a nivel nacional.<\/p>\n<p style=\"text-align: justify\">El turismo internacional tambi\u00e9n ha experimentado un auge notable, con m\u00e1s de 254.857 viajeros extranjeros que eligieron Extremadura como destino en 2024, lo que supone el mejor dato registrado en la serie hist\u00f3rica. Esta creciente demanda internacional es el resultado de las acciones de promoci\u00f3n y proyecci\u00f3n de la regi\u00f3n en mercados clave, as\u00ed como de la diversificaci\u00f3n de la oferta tur\u00edstica.<\/p>\n<p style=\"text-align: justify\">El crecimiento tur\u00edstico tiene un indudable impacto positivo en la imagen de Extremadura como destino, al tiempo que representa un motor econ\u00f3mico fundamental para la regi\u00f3n. El sector tur\u00edstico ha alcanzado los 29.747 afiliados a la Seguridad Social en agosto de 2024, un m\u00e1ximo hist\u00f3rico que refleja la creaci\u00f3n de empleo derivada del auge del sector. Este incremento en el empleo ha dinamizado la econom\u00eda local, impulsando sectores como la hosteler\u00eda, el comercio y los servicios.<\/p>\n<p style=\"text-align: justify\">El turismo se ha consolidado como un pilar esencial en la estrategia de desarrollo econ\u00f3mico de Extremadura, un pilar que est\u00e1 en constante crecimiento debido al aumento de visitantes y a la mejora en la calidad de los servicios tur\u00edsticos ofrecidos.<\/p>\n<p style=\"text-align: justify\">Uno de los pilares fundamentales de la pol\u00edtica tur\u00edstica de Extremadura es su apuesta decidida por la internacionalizaci\u00f3n. En 2024, la Junta de Extremadura ha llevado a cabo acciones de gran calado para posicionar a la regi\u00f3n en el mercado tur\u00edstico global.<\/p>\n<p style=\"text-align: justify\">Un ejemplo destacado de este esfuerzo es la presentaci\u00f3n del Festival Internacional de Teatro Cl\u00e1sico de M\u00e9rida en el Instituto Cervantes de Nueva York, un evento que ha puesto a Extremadura en el centro del panorama cultural internacional. Esta presentaci\u00f3n contribuy\u00f3 a proyectar la riqueza cultural de la regi\u00f3n y a sentar las bases para futuras colaboraciones en el \u00e1mbito de la cultura y el turismo.<\/p>\n<p style=\"text-align: justify\">Otra acci\u00f3n clave en esta estrategia de internacionalizaci\u00f3n ha sido la candidatura de C\u00e1ceres para albergar la V Convenci\u00f3n de Turespa\u00f1a en 2025. Con este evento, el Ejecutivo regional busca posicionar a Extremadura como epicentro del turismo nacional e internacional, atrayendo a expertos y operadores tur\u00edsticos de todo el mundo.<\/p>\n<p style=\"text-align: justify\">El Oto\u00f1o M\u00e1gico del Valle del Ambroz, recientemente declarado Fiesta de Inter\u00e9s Tur\u00edstico Internacional, es uno de los grandes atractivos de Extremadura en la temporada oto\u00f1al. Este evento, que se celebra en la comarca del Valle del Ambroz, combina naturaleza, cultura y tradiciones locales, ofreciendo a los visitantes una experiencia \u00fanica en un entorno natural incomparable.<\/p>\n<p style=\"text-align: justify\">En 2024, el Oto\u00f1o M\u00e1gico presenta un programa de actividades ambicioso, con rutas senderistas, mercados artesanales, conciertos al aire libre y festivales de artes esc\u00e9nicas. Con esta oferta se busca que cada vez m\u00e1s viajeros internacionales elijan este evento como una oportunidad para conocer la belleza de los paisajes oto\u00f1ales de Extremadura y sumergirse en la cultura local.<\/p>\n<p style=\"text-align: justify\">El turismo asociado a este tipo de festividades genera un importante retorno econ\u00f3mico para la regi\u00f3n, impulsando el comercio local, los servicios de hosteler\u00eda y la ocupaci\u00f3n hotelera. Adem\u00e1s, la proyecci\u00f3n internacional del evento atrae a un p\u00fablico diverso y de alto poder adquisitivo, contribuyendo a consolidar a Extremadura como un destino de calidad.<\/p>\n<h2>Compromiso con la sostenibilidad<\/h2>\n<p style=\"text-align: justify\">Otro de los pilares fundamentales de la estrategia tur\u00edstica de Extremadura es su apuesta por un modelo de\u00a0turismo sostenible y responsable. La regi\u00f3n ha implementado pol\u00edticas y programas para garantizar que el crecimiento tur\u00edstico no comprometa la preservaci\u00f3n de su rico patrimonio natural y cultural. En este sentido, se han promovido iniciativas de turismo rural, ecoturismo y actividades al aire libre que permiten a los visitantes disfrutar de la naturaleza de forma respetuosa y consciente.<\/p>\n<p style=\"text-align: justify\">Extremadura cuenta con algunos de los paisajes m\u00e1s v\u00edrgenes de Espa\u00f1a, con parques naturales, reservas de la biosfera y una vasta red de rutas senderistas que permiten a los viajeros explorar la riqueza natural de la regi\u00f3n sin causar un impacto negativo en el entorno. Esta apuesta por la sostenibilidad refleja una ventaja competitiva que atrae a un tipo de turismo responsable.<\/p>\n<h2>Un futuro prometedor<\/h2>\n<p style=\"text-align: justify\">Con cifras r\u00e9cord en 2024, una s\u00f3lida estrategia de internacionalizaci\u00f3n y una apuesta decidida por la sostenibilidad, Extremadura se ha consolidado como un\u00a0destino tur\u00edstico de interior de referencia\u00a0en Espa\u00f1a y a nivel internacional.<\/p>\n<p style=\"text-align: justify\">El reto para los pr\u00f3ximos a\u00f1os ser\u00e1 continuar con este crecimiento sostenido, asegurando la sostenibilidad y el triple impacto ambiental, social y econ\u00f3mico en el tejido social de la regi\u00f3n. Extremadura tiene todos los ingredientes para seguir destacando en el panorama tur\u00edstico internacional.<\/p>\n<p style=\"text-align: justify\">Extremadura ha demostrado que tiene el potencial para liderar el crecimiento tur\u00edstico en Espa\u00f1a, no solo en t\u00e9rminos de cifras, sino tambi\u00e9n en calidad, sostenibilidad y proyecci\u00f3n internacional. El \u00e9xito de 2024 es solo el comienzo de una nueva era para el turismo en esta regi\u00f3n.<\/p>\n","protected":false},"excerpt":{"rendered":"<p>NOTI-AMERICA.COM | ESPA\u00d1A Extremadura ha consolidado su posici\u00f3n como uno de los destinos tur\u00edsticos con mayor crecimiento en Espa\u00f1a. Seg\u00fan los \u00faltimos datos publicados por el Instituto Nacional de Estad\u00edstica, la regi\u00f3n ha cerrado&#46;&#46;&#46;<\/p>\n","protected":false},"author":133,"featured_media":55248,"comment_status":"","ping_status":"open","sticky":false,"template":"","format":"image","meta":{"_acf_changed":false,"rop_custom_images_group":[],"rop_custom_messages_group":[],"rop_publish_now":"initial","rop_publish_now_accounts":{"facebook_10219548024599422_1632221337088128":"","twitter_242054905_242054905":""},"rop_publish_now_history":[],"rop_publish_now_status":"pending","footnotes":""},"categories":[886],"tags":[],"class_list":["post-55247","post","type-post","status-publish","format-image","has-post-thumbnail","hentry","category-acturalidad","post_format-post-format-image"],"acf":[],"yoast_head":"<!-- This site is optimized with the Yoast SEO Premium plugin v24.9 (Yoast SEO v27.2) - https:\/\/yoast.com\/product\/yoast-seo-premium-wordpress\/ -->\n<title>Extremadura lidera el ranking nacional del crecimiento tur\u00edstico con un modelo basado en la sostenibilidad - Noti-America.com<\/title>\n<meta name=\"robots\" content=\"index, follow, max-snippet:-1, max-image-preview:large, max-video-preview:-1\" \/>\n<link rel=\"canonical\" href=\"https:\/\/noti-america.com\/site\/principal\/2024\/10\/18\/extremadura-lidera-el-ranking-nacional-del-crecimiento-turistico-con-un-modelo-basado-en-la-sostenibilidad\/\" \/>\n<meta property=\"og:locale\" content=\"es_ES\" \/>\n<meta property=\"og:type\" content=\"article\" \/>\n<meta property=\"og:title\" content=\"Extremadura lidera el ranking nacional del crecimiento tur\u00edstico con un modelo basado en la sostenibilidad\" \/>\n<meta property=\"og:description\" content=\"NOTI-AMERICA.COM | ESPA\u00d1A Extremadura ha consolidado su posici\u00f3n como uno de los destinos tur\u00edsticos con mayor crecimiento en Espa\u00f1a. Seg\u00fan los \u00faltimos datos publicados por el Instituto Nacional de Estad\u00edstica, la regi\u00f3n ha cerrado&#046;&#046;&#046;\" \/>\n<meta property=\"og:url\" content=\"https:\/\/noti-america.com\/site\/principal\/2024\/10\/18\/extremadura-lidera-el-ranking-nacional-del-crecimiento-turistico-con-un-modelo-basado-en-la-sostenibilidad\/\" \/>\n<meta property=\"og:site_name\" content=\"Noti-America.com\" \/>\n<meta property=\"article:author\" content=\"Mar\u00eda Valentina Noguera\" \/>\n<meta property=\"article:published_time\" content=\"2024-10-18T18:33:58+00:00\" \/>\n<meta property=\"og:image\" content=\"https:\/\/noti-america.com\/site\/principal\/wp-content\/uploads\/sites\/26\/2024\/10\/1200x655_Parque-Nacional-Monfrague-Extremadura.jpg\" \/>\n\t<meta property=\"og:image:width\" content=\"1200\" \/>\n\t<meta property=\"og:image:height\" content=\"655\" \/>\n\t<meta property=\"og:image:type\" content=\"image\/jpeg\" \/>\n<meta name=\"author\" content=\"Maria Valentina Noguera Medina\" \/>\n<meta name=\"twitter:card\" content=\"summary_large_image\" \/>\n<meta name=\"twitter:label1\" content=\"Escrito por\" \/>\n\t<meta name=\"twitter:data1\" content=\"Maria Valentina Noguera Medina\" \/>\n\t<meta name=\"twitter:label2\" content=\"Tiempo estimado de lectura\" \/>\n\t<meta name=\"twitter:data2\" content=\"5 minutos\" \/>\n<script type=\"application\/ld+json\" class=\"yoast-schema-graph\">{\"@context\":\"https:\/\/schema.org\",\"@graph\":[{\"@type\":\"Article\",\"@id\":\"https:\/\/noti-america.com\/site\/principal\/2024\/10\/18\/extremadura-lidera-el-ranking-nacional-del-crecimiento-turistico-con-un-modelo-basado-en-la-sostenibilidad\/#article\",\"isPartOf\":{\"@id\":\"https:\/\/noti-america.com\/site\/principal\/2024\/10\/18\/extremadura-lidera-el-ranking-nacional-del-crecimiento-turistico-con-un-modelo-basado-en-la-sostenibilidad\/\"},\"author\":{\"name\":\"Maria Valentina Noguera Medina\",\"@id\":\"https:\/\/noti-america.com\/site\/principal\/#\/schema\/person\/22806efcc2cfc4b45efb0e17be210ea8\"},\"headline\":\"Extremadura lidera el ranking nacional del crecimiento tur\u00edstico con un modelo basado en la sostenibilidad\",\"datePublished\":\"2024-10-18T18:33:58+00:00\",\"mainEntityOfPage\":{\"@id\":\"https:\/\/noti-america.com\/site\/principal\/2024\/10\/18\/extremadura-lidera-el-ranking-nacional-del-crecimiento-turistico-con-un-modelo-basado-en-la-sostenibilidad\/\"},\"wordCount\":1083,\"image\":{\"@id\":\"https:\/\/noti-america.com\/site\/principal\/2024\/10\/18\/extremadura-lidera-el-ranking-nacional-del-crecimiento-turistico-con-un-modelo-basado-en-la-sostenibilidad\/#primaryimage\"},\"thumbnailUrl\":\"https:\/\/noti-america.com\/site\/principal\/wp-content\/uploads\/sites\/26\/2024\/10\/1200x655_Parque-Nacional-Monfrague-Extremadura.jpg\",\"articleSection\":[\"Actualidad\"],\"inLanguage\":\"es\"},{\"@type\":\"WebPage\",\"@id\":\"https:\/\/noti-america.com\/site\/principal\/2024\/10\/18\/extremadura-lidera-el-ranking-nacional-del-crecimiento-turistico-con-un-modelo-basado-en-la-sostenibilidad\/\",\"url\":\"https:\/\/noti-america.com\/site\/principal\/2024\/10\/18\/extremadura-lidera-el-ranking-nacional-del-crecimiento-turistico-con-un-modelo-basado-en-la-sostenibilidad\/\",\"name\":\"Extremadura lidera el ranking nacional del crecimiento tur\u00edstico con un modelo basado en la sostenibilidad - Noti-America.com\",\"isPartOf\":{\"@id\":\"https:\/\/noti-america.com\/site\/principal\/#website\"},\"primaryImageOfPage\":{\"@id\":\"https:\/\/noti-america.com\/site\/principal\/2024\/10\/18\/extremadura-lidera-el-ranking-nacional-del-crecimiento-turistico-con-un-modelo-basado-en-la-sostenibilidad\/#primaryimage\"},\"image\":{\"@id\":\"https:\/\/noti-america.com\/site\/principal\/2024\/10\/18\/extremadura-lidera-el-ranking-nacional-del-crecimiento-turistico-con-un-modelo-basado-en-la-sostenibilidad\/#primaryimage\"},\"thumbnailUrl\":\"https:\/\/noti-america.com\/site\/principal\/wp-content\/uploads\/sites\/26\/2024\/10\/1200x655_Parque-Nacional-Monfrague-Extremadura.jpg\",\"datePublished\":\"2024-10-18T18:33:58+00:00\",\"author\":{\"@id\":\"https:\/\/noti-america.com\/site\/principal\/#\/schema\/person\/22806efcc2cfc4b45efb0e17be210ea8\"},\"breadcrumb\":{\"@id\":\"https:\/\/noti-america.com\/site\/principal\/2024\/10\/18\/extremadura-lidera-el-ranking-nacional-del-crecimiento-turistico-con-un-modelo-basado-en-la-sostenibilidad\/#breadcrumb\"},\"inLanguage\":\"es\",\"potentialAction\":[{\"@type\":\"ReadAction\",\"target\":[\"https:\/\/noti-america.com\/site\/principal\/2024\/10\/18\/extremadura-lidera-el-ranking-nacional-del-crecimiento-turistico-con-un-modelo-basado-en-la-sostenibilidad\/\"]}]},{\"@type\":\"ImageObject\",\"inLanguage\":\"es\",\"@id\":\"https:\/\/noti-america.com\/site\/principal\/2024\/10\/18\/extremadura-lidera-el-ranking-nacional-del-crecimiento-turistico-con-un-modelo-basado-en-la-sostenibilidad\/#primaryimage\",\"url\":\"https:\/\/noti-america.com\/site\/principal\/wp-content\/uploads\/sites\/26\/2024\/10\/1200x655_Parque-Nacional-Monfrague-Extremadura.jpg\",\"contentUrl\":\"https:\/\/noti-america.com\/site\/principal\/wp-content\/uploads\/sites\/26\/2024\/10\/1200x655_Parque-Nacional-Monfrague-Extremadura.jpg\",\"width\":1200,\"height\":655},{\"@type\":\"BreadcrumbList\",\"@id\":\"https:\/\/noti-america.com\/site\/principal\/2024\/10\/18\/extremadura-lidera-el-ranking-nacional-del-crecimiento-turistico-con-un-modelo-basado-en-la-sostenibilidad\/#breadcrumb\",\"itemListElement\":[{\"@type\":\"ListItem\",\"position\":1,\"name\":\"Portada\",\"item\":\"https:\/\/noti-america.com\/site\/principal\/\"},{\"@type\":\"ListItem\",\"position\":2,\"name\":\"Extremadura lidera el ranking nacional del crecimiento tur\u00edstico con un modelo basado en la sostenibilidad\"}]},{\"@type\":\"WebSite\",\"@id\":\"https:\/\/noti-america.com\/site\/principal\/#website\",\"url\":\"https:\/\/noti-america.com\/site\/principal\/\",\"name\":\"Noti-America.com\",\"description\":\"El Noticiero Digital M\u00e1s Grande de Am\u00e9rica\",\"potentialAction\":[{\"@type\":\"SearchAction\",\"target\":{\"@type\":\"EntryPoint\",\"urlTemplate\":\"https:\/\/noti-america.com\/site\/principal\/?s={search_term_string}\"},\"query-input\":{\"@type\":\"PropertyValueSpecification\",\"valueRequired\":true,\"valueName\":\"search_term_string\"}}],\"inLanguage\":\"es\"},{\"@type\":\"Person\",\"@id\":\"https:\/\/noti-america.com\/site\/principal\/#\/schema\/person\/22806efcc2cfc4b45efb0e17be210ea8\",\"name\":\"Maria Valentina Noguera Medina\",\"image\":{\"@type\":\"ImageObject\",\"inLanguage\":\"es\",\"@id\":\"https:\/\/secure.gravatar.com\/avatar\/4ec5eb9d099f2608a49c9df6f7341f66f04f819cdffa09d56a7a0e91d2819d56?s=96&d=mm&r=g\",\"url\":\"https:\/\/secure.gravatar.com\/avatar\/4ec5eb9d099f2608a49c9df6f7341f66f04f819cdffa09d56a7a0e91d2819d56?s=96&d=mm&r=g\",\"contentUrl\":\"https:\/\/secure.gravatar.com\/avatar\/4ec5eb9d099f2608a49c9df6f7341f66f04f819cdffa09d56a7a0e91d2819d56?s=96&d=mm&r=g\",\"caption\":\"Maria Valentina Noguera Medina\"},\"description\":\"Periodista - noti-america - Promar Community Manager - Talento Plus Dise\u00f1adora\/ creadora de contenido...\",\"sameAs\":[\"Mar\u00eda Valentina Noguera\",\"https:\/\/www.facebook.com\/mariavalentina.noguera\",\"https:\/\/www.linkedin.com\/in\/mara-valentina-noguera-medina-373075165\/\",\"https:\/\/www.pinterest.es\/valentinanoguera95\/\",\"https:\/\/www.youtube.com\/channel\/UCdek6mbUZ-Tqqw0I63i4nmQ\"],\"url\":\"https:\/\/noti-america.com\/site\/principal\/author\/mnoguera\/\"}]}<\/script>\n<!-- \/ Yoast SEO Premium plugin. -->","yoast_head_json":{"title":"Extremadura lidera el ranking nacional del crecimiento tur\u00edstico con un modelo basado en la sostenibilidad - Noti-America.com","robots":{"index":"index","follow":"follow","max-snippet":"max-snippet:-1","max-image-preview":"max-image-preview:large","max-video-preview":"max-video-preview:-1"},"canonical":"https:\/\/noti-america.com\/site\/principal\/2024\/10\/18\/extremadura-lidera-el-ranking-nacional-del-crecimiento-turistico-con-un-modelo-basado-en-la-sostenibilidad\/","og_locale":"es_ES","og_type":"article","og_title":"Extremadura lidera el ranking nacional del crecimiento tur\u00edstico con un modelo basado en la sostenibilidad","og_description":"NOTI-AMERICA.COM | ESPA\u00d1A Extremadura ha consolidado su posici\u00f3n como uno de los destinos tur\u00edsticos con mayor crecimiento en Espa\u00f1a. Seg\u00fan los \u00faltimos datos publicados por el Instituto Nacional de Estad\u00edstica, la regi\u00f3n ha cerrado&#46;&#46;&#46;","og_url":"https:\/\/noti-america.com\/site\/principal\/2024\/10\/18\/extremadura-lidera-el-ranking-nacional-del-crecimiento-turistico-con-un-modelo-basado-en-la-sostenibilidad\/","og_site_name":"Noti-America.com","article_author":"Mar\u00eda Valentina Noguera","article_published_time":"2024-10-18T18:33:58+00:00","og_image":[{"width":1200,"height":655,"url":"https:\/\/noti-america.com\/site\/principal\/wp-content\/uploads\/sites\/26\/2024\/10\/1200x655_Parque-Nacional-Monfrague-Extremadura.jpg","type":"image\/jpeg"}],"author":"Maria Valentina Noguera Medina","twitter_card":"summary_large_image","twitter_misc":{"Escrito por":"Maria Valentina Noguera Medina","Tiempo estimado de lectura":"5 minutos"},"schema":{"@context":"https:\/\/schema.org","@graph":[{"@type":"Article","@id":"https:\/\/noti-america.com\/site\/principal\/2024\/10\/18\/extremadura-lidera-el-ranking-nacional-del-crecimiento-turistico-con-un-modelo-basado-en-la-sostenibilidad\/#article","isPartOf":{"@id":"https:\/\/noti-america.com\/site\/principal\/2024\/10\/18\/extremadura-lidera-el-ranking-nacional-del-crecimiento-turistico-con-un-modelo-basado-en-la-sostenibilidad\/"},"author":{"name":"Maria Valentina Noguera Medina","@id":"https:\/\/noti-america.com\/site\/principal\/#\/schema\/person\/22806efcc2cfc4b45efb0e17be210ea8"},"headline":"Extremadura lidera el ranking nacional del crecimiento tur\u00edstico con un modelo basado en la sostenibilidad","datePublished":"2024-10-18T18:33:58+00:00","mainEntityOfPage":{"@id":"https:\/\/noti-america.com\/site\/principal\/2024\/10\/18\/extremadura-lidera-el-ranking-nacional-del-crecimiento-turistico-con-un-modelo-basado-en-la-sostenibilidad\/"},"wordCount":1083,"image":{"@id":"https:\/\/noti-america.com\/site\/principal\/2024\/10\/18\/extremadura-lidera-el-ranking-nacional-del-crecimiento-turistico-con-un-modelo-basado-en-la-sostenibilidad\/#primaryimage"},"thumbnailUrl":"https:\/\/noti-america.com\/site\/principal\/wp-content\/uploads\/sites\/26\/2024\/10\/1200x655_Parque-Nacional-Monfrague-Extremadura.jpg","articleSection":["Actualidad"],"inLanguage":"es"},{"@type":"WebPage","@id":"https:\/\/noti-america.com\/site\/principal\/2024\/10\/18\/extremadura-lidera-el-ranking-nacional-del-crecimiento-turistico-con-un-modelo-basado-en-la-sostenibilidad\/","url":"https:\/\/noti-america.com\/site\/principal\/2024\/10\/18\/extremadura-lidera-el-ranking-nacional-del-crecimiento-turistico-con-un-modelo-basado-en-la-sostenibilidad\/","name":"Extremadura lidera el ranking nacional del crecimiento tur\u00edstico con un modelo basado en la sostenibilidad - Noti-America.com","isPartOf":{"@id":"https:\/\/noti-america.com\/site\/principal\/#website"},"primaryImageOfPage":{"@id":"https:\/\/noti-america.com\/site\/principal\/2024\/10\/18\/extremadura-lidera-el-ranking-nacional-del-crecimiento-turistico-con-un-modelo-basado-en-la-sostenibilidad\/#primaryimage"},"image":{"@id":"https:\/\/noti-america.com\/site\/principal\/2024\/10\/18\/extremadura-lidera-el-ranking-nacional-del-crecimiento-turistico-con-un-modelo-basado-en-la-sostenibilidad\/#primaryimage"},"thumbnailUrl":"https:\/\/noti-america.com\/site\/principal\/wp-content\/uploads\/sites\/26\/2024\/10\/1200x655_Parque-Nacional-Monfrague-Extremadura.jpg","datePublished":"2024-10-18T18:33:58+00:00","author":{"@id":"https:\/\/noti-america.com\/site\/principal\/#\/schema\/person\/22806efcc2cfc4b45efb0e17be210ea8"},"breadcrumb":{"@id":"https:\/\/noti-america.com\/site\/principal\/2024\/10\/18\/extremadura-lidera-el-ranking-nacional-del-crecimiento-turistico-con-un-modelo-basado-en-la-sostenibilidad\/#breadcrumb"},"inLanguage":"es","potentialAction":[{"@type":"ReadAction","target":["https:\/\/noti-america.com\/site\/principal\/2024\/10\/18\/extremadura-lidera-el-ranking-nacional-del-crecimiento-turistico-con-un-modelo-basado-en-la-sostenibilidad\/"]}]},{"@type":"ImageObject","inLanguage":"es","@id":"https:\/\/noti-america.com\/site\/principal\/2024\/10\/18\/extremadura-lidera-el-ranking-nacional-del-crecimiento-turistico-con-un-modelo-basado-en-la-sostenibilidad\/#primaryimage","url":"https:\/\/noti-america.com\/site\/principal\/wp-content\/uploads\/sites\/26\/2024\/10\/1200x655_Parque-Nacional-Monfrague-Extremadura.jpg","contentUrl":"https:\/\/noti-america.com\/site\/principal\/wp-content\/uploads\/sites\/26\/2024\/10\/1200x655_Parque-Nacional-Monfrague-Extremadura.jpg","width":1200,"height":655},{"@type":"BreadcrumbList","@id":"https:\/\/noti-america.com\/site\/principal\/2024\/10\/18\/extremadura-lidera-el-ranking-nacional-del-crecimiento-turistico-con-un-modelo-basado-en-la-sostenibilidad\/#breadcrumb","itemListElement":[{"@type":"ListItem","position":1,"name":"Portada","item":"https:\/\/noti-america.com\/site\/principal\/"},{"@type":"ListItem","position":2,"name":"Extremadura lidera el ranking nacional del crecimiento tur\u00edstico con un modelo basado en la sostenibilidad"}]},{"@type":"WebSite","@id":"https:\/\/noti-america.com\/site\/principal\/#website","url":"https:\/\/noti-america.com\/site\/principal\/","name":"Noti-America.com","description":"El Noticiero Digital M\u00e1s Grande de Am\u00e9rica","potentialAction":[{"@type":"SearchAction","target":{"@type":"EntryPoint","urlTemplate":"https:\/\/noti-america.com\/site\/principal\/?s={search_term_string}"},"query-input":{"@type":"PropertyValueSpecification","valueRequired":true,"valueName":"search_term_string"}}],"inLanguage":"es"},{"@type":"Person","@id":"https:\/\/noti-america.com\/site\/principal\/#\/schema\/person\/22806efcc2cfc4b45efb0e17be210ea8","name":"Maria Valentina Noguera Medina","image":{"@type":"ImageObject","inLanguage":"es","@id":"https:\/\/secure.gravatar.com\/avatar\/4ec5eb9d099f2608a49c9df6f7341f66f04f819cdffa09d56a7a0e91d2819d56?s=96&d=mm&r=g","url":"https:\/\/secure.gravatar.com\/avatar\/4ec5eb9d099f2608a49c9df6f7341f66f04f819cdffa09d56a7a0e91d2819d56?s=96&d=mm&r=g","contentUrl":"https:\/\/secure.gravatar.com\/avatar\/4ec5eb9d099f2608a49c9df6f7341f66f04f819cdffa09d56a7a0e91d2819d56?s=96&d=mm&r=g","caption":"Maria Valentina Noguera Medina"},"description":"Periodista - noti-america - Promar Community Manager - Talento Plus Dise\u00f1adora\/ creadora de contenido...","sameAs":["Mar\u00eda Valentina Noguera","https:\/\/www.facebook.com\/mariavalentina.noguera","https:\/\/www.linkedin.com\/in\/mara-valentina-noguera-medina-373075165\/","https:\/\/www.pinterest.es\/valentinanoguera95\/","https:\/\/www.youtube.com\/channel\/UCdek6mbUZ-Tqqw0I63i4nmQ"],"url":"https:\/\/noti-america.com\/site\/principal\/author\/mnoguera\/"}]}},"_links":{"self":[{"href":"https:\/\/noti-america.com\/site\/principal\/wp-json\/wp\/v2\/posts\/55247","targetHints":{"allow":["GET"]}}],"collection":[{"href":"https:\/\/noti-america.com\/site\/principal\/wp-json\/wp\/v2\/posts"}],"about":[{"href":"https:\/\/noti-america.com\/site\/principal\/wp-json\/wp\/v2\/types\/post"}],"author":[{"embeddable":true,"href":"https:\/\/noti-america.com\/site\/principal\/wp-json\/wp\/v2\/users\/133"}],"replies":[{"embeddable":true,"href":"https:\/\/noti-america.com\/site\/principal\/wp-json\/wp\/v2\/comments?post=55247"}],"version-history":[{"count":1,"href":"https:\/\/noti-america.com\/site\/principal\/wp-json\/wp\/v2\/posts\/55247\/revisions"}],"predecessor-version":[{"id":55279,"href":"https:\/\/noti-america.com\/site\/principal\/wp-json\/wp\/v2\/posts\/55247\/revisions\/55279"}],"wp:featuredmedia":[{"embeddable":true,"href":"https:\/\/noti-america.com\/site\/principal\/wp-json\/wp\/v2\/media\/55248"}],"wp:attachment":[{"href":"https:\/\/noti-america.com\/site\/principal\/wp-json\/wp\/v2\/media?parent=55247"}],"wp:term":[{"taxonomy":"category","embeddable":true,"href":"https:\/\/noti-america.com\/site\/principal\/wp-json\/wp\/v2\/categories?post=55247"},{"taxonomy":"post_tag","embeddable":true,"href":"https:\/\/noti-america.com\/site\/principal\/wp-json\/wp\/v2\/tags?post=55247"}],"curies":[{"name":"wp","href":"https:\/\/api.w.org\/{rel}","templated":true}]}}