{"id":5493,"date":"2018-08-04T17:58:52","date_gmt":"2018-08-04T17:58:52","guid":{"rendered":"http:\/\/noti-america.com\/site\/alemania\/?p=5493"},"modified":"2018-08-04T17:58:52","modified_gmt":"2018-08-04T17:58:52","slug":"agua-y-pulverizadores-el-futbol-aleman-lucha-contra-la-ola-de-calor","status":"publish","type":"post","link":"https:\/\/noti-america.com\/site\/principal\/2018\/08\/04\/agua-y-pulverizadores-el-futbol-aleman-lucha-contra-la-ola-de-calor\/","title":{"rendered":"Agua y pulverizadores:\u00a0el f\u00fatbol alem\u00e1n lucha contra la ola de calor\u00a0"},"content":{"rendered":"<p>Fuente (dpa)<\/p>\n<div class=\" fcArticleContent\"><i class=\"lang-es\"><\/i><\/p>\n<div class=\"detailtext lang-es\" lang=\"es\">\n<p><span class=\"dateline\">Berl\u00edn\u00a0&#8211;\u00a0<\/span>El inicio de la segunda divisi\u00f3n del f\u00fatbol alem\u00e1n en plena ola de calor ha llevado a los clubes a tomar algunas medidas como permitir el acceso con botellas de agua o instalar pulverizadores de agua en las gradas.<\/p>\n<p>El Darmstadt 98, por ejemplo, permitir\u00e1 excepcionalmente a sus seguidores llevar dos botellas de agua de 0,5 litros al estadio durante el partido inaugural del domingo ante el Paderborn para hacer frente a las inusitadamente elevadas temperaturas que en algunas partes de Alemania rozan los 40 grados.<\/p>\n<p>Mientras, el Greuther F\u00fcrth abrir\u00e1 hoy un puesto de venta adicional de agua en el encuentro ante el SV Sandhausen. Al mismo tiempo, el Jahn Regensburg contar\u00e1 con 35 param\u00e9dicos adicionales para el partido ante el Ingolstadt y en F\u00fcrth se colocar\u00e1 un aspersor de agua para refrescar a los espectadores.<\/p>\n<p>En el estadio del Union de Berl\u00edn se instalar\u00e1n tres puntos para que los espectadores puedan caminar a trav\u00e9s de una neblina de agua durante el partido contra el Erzgebirge Aue. Por su parte, el entrenador de Aue, Daniel Meyer, mantiene la calma y no quiere tomar ninguna medida especial. \u00abSin embargo, nos aseguramos de que los jugadores beban mucho\u00bb, dijo el entrenador antes del partido en la capital alemana<\/p>\n<\/div>\n<\/div>\n","protected":false},"excerpt":{"rendered":"<p>Fuente (dpa) Berl\u00edn\u00a0&#8211;\u00a0El inicio de la segunda divisi\u00f3n del f\u00fatbol alem\u00e1n en plena ola de calor ha llevado a los clubes a tomar algunas medidas como permitir el acceso con botellas de agua o&#46;&#46;&#46;<\/p>\n","protected":false},"author":31,"featured_media":5494,"comment_status":"open","ping_status":"open","sticky":false,"template":"","format":"standard","meta":{"_acf_changed":false,"rop_custom_images_group":[],"rop_custom_messages_group":[],"rop_publish_now":"initial","rop_publish_now_accounts":{"facebook_10219548024599422_1632221337088128":"","twitter_242054905_242054905":""},"rop_publish_now_history":[],"rop_publish_now_status":"pending","footnotes":""},"categories":[115,16,4],"tags":[599],"class_list":["post-5493","post","type-post","status-publish","format-standard","has-post-thumbnail","hentry","category-alemania","category-deportes","category-internacionales","tag-erzgebirge-aue"],"acf":[],"yoast_head":"<!-- This site is optimized with the Yoast SEO Premium plugin v24.9 (Yoast SEO v27.2) - https:\/\/yoast.com\/product\/yoast-seo-premium-wordpress\/ -->\n<title>Agua y pulverizadores:\u00a0el f\u00fatbol alem\u00e1n lucha contra la ola de calor\u00a0 - Noti-America.com<\/title>\n<meta name=\"robots\" content=\"index, follow, max-snippet:-1, max-image-preview:large, max-video-preview:-1\" \/>\n<link rel=\"canonical\" href=\"https:\/\/noti-america.com\/site\/principal\/2018\/08\/04\/agua-y-pulverizadores-el-futbol-aleman-lucha-contra-la-ola-de-calor\/\" \/>\n<meta property=\"og:locale\" content=\"es_ES\" \/>\n<meta property=\"og:type\" content=\"article\" \/>\n<meta property=\"og:title\" content=\"Agua y pulverizadores:\u00a0el f\u00fatbol alem\u00e1n lucha contra la ola de calor\u00a0\" \/>\n<meta property=\"og:description\" content=\"Fuente (dpa) Berl\u00edn\u00a0&#8211;\u00a0El inicio de la segunda divisi\u00f3n del f\u00fatbol alem\u00e1n en plena ola de calor ha llevado a los clubes a tomar algunas medidas como permitir el acceso con botellas de agua o&#046;&#046;&#046;\" \/>\n<meta property=\"og:url\" content=\"https:\/\/noti-america.com\/site\/principal\/2018\/08\/04\/agua-y-pulverizadores-el-futbol-aleman-lucha-contra-la-ola-de-calor\/\" \/>\n<meta property=\"og:site_name\" content=\"Noti-America.com\" \/>\n<meta property=\"article:published_time\" content=\"2018-08-04T17:58:52+00:00\" \/>\n<meta property=\"og:image\" content=\"https:\/\/noti-america.com\/site\/principal\/wp-content\/uploads\/sites\/26\/2018\/08\/855857582-612x612.jpg\" \/>\n\t<meta property=\"og:image:width\" content=\"437\" \/>\n\t<meta property=\"og:image:height\" content=\"612\" \/>\n\t<meta property=\"og:image:type\" content=\"image\/jpeg\" \/>\n<meta name=\"author\" content=\"Ydalith Figueroa Kad-Bay\" \/>\n<meta name=\"twitter:card\" content=\"summary_large_image\" \/>\n<meta name=\"twitter:creator\" content=\"@ydalithkad\" \/>\n<meta name=\"twitter:label1\" content=\"Escrito por\" \/>\n\t<meta name=\"twitter:data1\" content=\"Ydalith Figueroa Kad-Bay\" \/>\n\t<meta name=\"twitter:label2\" content=\"Tiempo estimado de lectura\" \/>\n\t<meta name=\"twitter:data2\" content=\"1 minuto\" \/>\n<script type=\"application\/ld+json\" class=\"yoast-schema-graph\">{\"@context\":\"https:\/\/schema.org\",\"@graph\":[{\"@type\":\"Article\",\"@id\":\"https:\/\/noti-america.com\/site\/principal\/2018\/08\/04\/agua-y-pulverizadores-el-futbol-aleman-lucha-contra-la-ola-de-calor\/#article\",\"isPartOf\":{\"@id\":\"https:\/\/noti-america.com\/site\/principal\/2018\/08\/04\/agua-y-pulverizadores-el-futbol-aleman-lucha-contra-la-ola-de-calor\/\"},\"author\":{\"name\":\"Ydalith Figueroa Kad-Bay\",\"@id\":\"https:\/\/noti-america.com\/site\/principal\/#\/schema\/person\/1a24e37c3c358f389f0a111448ddb870\"},\"headline\":\"Agua y pulverizadores:\u00a0el f\u00fatbol alem\u00e1n lucha contra la ola de calor\u00a0\",\"datePublished\":\"2018-08-04T17:58:52+00:00\",\"mainEntityOfPage\":{\"@id\":\"https:\/\/noti-america.com\/site\/principal\/2018\/08\/04\/agua-y-pulverizadores-el-futbol-aleman-lucha-contra-la-ola-de-calor\/\"},\"wordCount\":231,\"commentCount\":0,\"image\":{\"@id\":\"https:\/\/noti-america.com\/site\/principal\/2018\/08\/04\/agua-y-pulverizadores-el-futbol-aleman-lucha-contra-la-ola-de-calor\/#primaryimage\"},\"thumbnailUrl\":\"https:\/\/noti-america.com\/site\/principal\/wp-content\/uploads\/sites\/26\/2018\/08\/855857582-612x612.jpg\",\"keywords\":[\"#Erzgebirge Aue\"],\"articleSection\":[\"Alemania\",\"Deportes\",\"Internacionales\"],\"inLanguage\":\"es\",\"potentialAction\":[{\"@type\":\"CommentAction\",\"name\":\"Comment\",\"target\":[\"https:\/\/noti-america.com\/site\/principal\/2018\/08\/04\/agua-y-pulverizadores-el-futbol-aleman-lucha-contra-la-ola-de-calor\/#respond\"]}]},{\"@type\":\"WebPage\",\"@id\":\"https:\/\/noti-america.com\/site\/principal\/2018\/08\/04\/agua-y-pulverizadores-el-futbol-aleman-lucha-contra-la-ola-de-calor\/\",\"url\":\"https:\/\/noti-america.com\/site\/principal\/2018\/08\/04\/agua-y-pulverizadores-el-futbol-aleman-lucha-contra-la-ola-de-calor\/\",\"name\":\"Agua y pulverizadores:\u00a0el f\u00fatbol alem\u00e1n lucha contra la ola de calor\u00a0 - Noti-America.com\",\"isPartOf\":{\"@id\":\"https:\/\/noti-america.com\/site\/principal\/#website\"},\"primaryImageOfPage\":{\"@id\":\"https:\/\/noti-america.com\/site\/principal\/2018\/08\/04\/agua-y-pulverizadores-el-futbol-aleman-lucha-contra-la-ola-de-calor\/#primaryimage\"},\"image\":{\"@id\":\"https:\/\/noti-america.com\/site\/principal\/2018\/08\/04\/agua-y-pulverizadores-el-futbol-aleman-lucha-contra-la-ola-de-calor\/#primaryimage\"},\"thumbnailUrl\":\"https:\/\/noti-america.com\/site\/principal\/wp-content\/uploads\/sites\/26\/2018\/08\/855857582-612x612.jpg\",\"datePublished\":\"2018-08-04T17:58:52+00:00\",\"author\":{\"@id\":\"https:\/\/noti-america.com\/site\/principal\/#\/schema\/person\/1a24e37c3c358f389f0a111448ddb870\"},\"breadcrumb\":{\"@id\":\"https:\/\/noti-america.com\/site\/principal\/2018\/08\/04\/agua-y-pulverizadores-el-futbol-aleman-lucha-contra-la-ola-de-calor\/#breadcrumb\"},\"inLanguage\":\"es\",\"potentialAction\":[{\"@type\":\"ReadAction\",\"target\":[\"https:\/\/noti-america.com\/site\/principal\/2018\/08\/04\/agua-y-pulverizadores-el-futbol-aleman-lucha-contra-la-ola-de-calor\/\"]}]},{\"@type\":\"ImageObject\",\"inLanguage\":\"es\",\"@id\":\"https:\/\/noti-america.com\/site\/principal\/2018\/08\/04\/agua-y-pulverizadores-el-futbol-aleman-lucha-contra-la-ola-de-calor\/#primaryimage\",\"url\":\"https:\/\/noti-america.com\/site\/principal\/wp-content\/uploads\/sites\/26\/2018\/08\/855857582-612x612.jpg\",\"contentUrl\":\"https:\/\/noti-america.com\/site\/principal\/wp-content\/uploads\/sites\/26\/2018\/08\/855857582-612x612.jpg\",\"width\":437,\"height\":612},{\"@type\":\"BreadcrumbList\",\"@id\":\"https:\/\/noti-america.com\/site\/principal\/2018\/08\/04\/agua-y-pulverizadores-el-futbol-aleman-lucha-contra-la-ola-de-calor\/#breadcrumb\",\"itemListElement\":[{\"@type\":\"ListItem\",\"position\":1,\"name\":\"Portada\",\"item\":\"https:\/\/noti-america.com\/site\/principal\/\"},{\"@type\":\"ListItem\",\"position\":2,\"name\":\"Agua y pulverizadores:\u00a0el f\u00fatbol alem\u00e1n lucha contra la ola de calor\u00a0\"}]},{\"@type\":\"WebSite\",\"@id\":\"https:\/\/noti-america.com\/site\/principal\/#website\",\"url\":\"https:\/\/noti-america.com\/site\/principal\/\",\"name\":\"Noti-America.com\",\"description\":\"El Noticiero Digital M\u00e1s Grande de Am\u00e9rica\",\"potentialAction\":[{\"@type\":\"SearchAction\",\"target\":{\"@type\":\"EntryPoint\",\"urlTemplate\":\"https:\/\/noti-america.com\/site\/principal\/?s={search_term_string}\"},\"query-input\":{\"@type\":\"PropertyValueSpecification\",\"valueRequired\":true,\"valueName\":\"search_term_string\"}}],\"inLanguage\":\"es\"},{\"@type\":\"Person\",\"@id\":\"https:\/\/noti-america.com\/site\/principal\/#\/schema\/person\/1a24e37c3c358f389f0a111448ddb870\",\"name\":\"Ydalith Figueroa Kad-Bay\",\"image\":{\"@type\":\"ImageObject\",\"inLanguage\":\"es\",\"@id\":\"https:\/\/secure.gravatar.com\/avatar\/7d1e350465afd215908c3ed413e32ef600cd41c3c21b95416252432a9f6c219c?s=96&d=mm&r=g\",\"url\":\"https:\/\/secure.gravatar.com\/avatar\/7d1e350465afd215908c3ed413e32ef600cd41c3c21b95416252432a9f6c219c?s=96&d=mm&r=g\",\"contentUrl\":\"https:\/\/secure.gravatar.com\/avatar\/7d1e350465afd215908c3ed413e32ef600cd41c3c21b95416252432a9f6c219c?s=96&d=mm&r=g\",\"caption\":\"Ydalith Figueroa Kad-Bay\"},\"description\":\"CEO Noti-America Alemania Embajadora de Venezuela para el Proyecto de Acci\u00f3n Clim\u00e1tica de la ONU, Embajadora para la ense\u00f1anza de los ODS de la ONU, Amplificador de la Acci\u00f3n de los ODS de la ONU, Profesor Voluntario del Proyecto KAKUMA (Educaci\u00f3n de calidad para refugiados en \u00c1frica) UNHCR \u2013 ACNUR - Agencia para los refugiados de la ONU-, Miembro de la ONG Gente Y Ciudad, Embajador de las Instituciones de Microfinanzas \u201cNo a la pobreza ODS #1 de la ONU\u201d (todos tienen derecho a acceso a un cr\u00e9dito), y Voluntario al di\u00e1logo global de UN75. Twitter @ydalithkad email ydalith@yhaoo.com Locutor Profesional 32931 Universidad Central de Venezuela @ISHannover \\\"Colegio Internacional de Hannover Regi\u00f3n, Alemania\\\" Representante de Aprendizaje Innovaci\u00f3n y Tecnolog\u00eda #LMS (Sistema de Gesti\u00f3n de Aprendizaje) #LMS Gente y Ciudad &amp; Asesores Internacionales ONG Alemania. ONG \\\"Gente y Ciudad, Venezuela\\\" Miembro y Asesor especialista An\u00e1lisis de Pol\u00edtica Internacional Asesor Pol\u00edtico Internacional de Venezuela en la defensa de los Derechos Humanos y el restablecimiento Democr\u00e1tico. Diplomacia positiva y Activa. Pasi\u00f3n por el Golf Proyecto #LMS \\\"Golf para ni\u00f1os y adultos Internacional\\\" Pasi\u00f3n por los Postres Proyecto #LMS \\\"Postres, Que Unen a las Culturas del mundo\\\"\",\"sameAs\":[\"https:\/\/x.com\/ydalithkad\"],\"url\":\"https:\/\/noti-america.com\/site\/principal\/author\/yfigueroa\/\"}]}<\/script>\n<!-- \/ Yoast SEO Premium plugin. -->","yoast_head_json":{"title":"Agua y pulverizadores:\u00a0el f\u00fatbol alem\u00e1n lucha contra la ola de calor\u00a0 - Noti-America.com","robots":{"index":"index","follow":"follow","max-snippet":"max-snippet:-1","max-image-preview":"max-image-preview:large","max-video-preview":"max-video-preview:-1"},"canonical":"https:\/\/noti-america.com\/site\/principal\/2018\/08\/04\/agua-y-pulverizadores-el-futbol-aleman-lucha-contra-la-ola-de-calor\/","og_locale":"es_ES","og_type":"article","og_title":"Agua y pulverizadores:\u00a0el f\u00fatbol alem\u00e1n lucha contra la ola de calor\u00a0","og_description":"Fuente (dpa) Berl\u00edn\u00a0&#8211;\u00a0El inicio de la segunda divisi\u00f3n del f\u00fatbol alem\u00e1n en plena ola de calor ha llevado a los clubes a tomar algunas medidas como permitir el acceso con botellas de agua o&#46;&#46;&#46;","og_url":"https:\/\/noti-america.com\/site\/principal\/2018\/08\/04\/agua-y-pulverizadores-el-futbol-aleman-lucha-contra-la-ola-de-calor\/","og_site_name":"Noti-America.com","article_published_time":"2018-08-04T17:58:52+00:00","og_image":[{"width":437,"height":612,"url":"https:\/\/noti-america.com\/site\/principal\/wp-content\/uploads\/sites\/26\/2018\/08\/855857582-612x612.jpg","type":"image\/jpeg"}],"author":"Ydalith Figueroa Kad-Bay","twitter_card":"summary_large_image","twitter_creator":"@ydalithkad","twitter_misc":{"Escrito por":"Ydalith Figueroa Kad-Bay","Tiempo estimado de lectura":"1 minuto"},"schema":{"@context":"https:\/\/schema.org","@graph":[{"@type":"Article","@id":"https:\/\/noti-america.com\/site\/principal\/2018\/08\/04\/agua-y-pulverizadores-el-futbol-aleman-lucha-contra-la-ola-de-calor\/#article","isPartOf":{"@id":"https:\/\/noti-america.com\/site\/principal\/2018\/08\/04\/agua-y-pulverizadores-el-futbol-aleman-lucha-contra-la-ola-de-calor\/"},"author":{"name":"Ydalith Figueroa Kad-Bay","@id":"https:\/\/noti-america.com\/site\/principal\/#\/schema\/person\/1a24e37c3c358f389f0a111448ddb870"},"headline":"Agua y pulverizadores:\u00a0el f\u00fatbol alem\u00e1n lucha contra la ola de calor\u00a0","datePublished":"2018-08-04T17:58:52+00:00","mainEntityOfPage":{"@id":"https:\/\/noti-america.com\/site\/principal\/2018\/08\/04\/agua-y-pulverizadores-el-futbol-aleman-lucha-contra-la-ola-de-calor\/"},"wordCount":231,"commentCount":0,"image":{"@id":"https:\/\/noti-america.com\/site\/principal\/2018\/08\/04\/agua-y-pulverizadores-el-futbol-aleman-lucha-contra-la-ola-de-calor\/#primaryimage"},"thumbnailUrl":"https:\/\/noti-america.com\/site\/principal\/wp-content\/uploads\/sites\/26\/2018\/08\/855857582-612x612.jpg","keywords":["#Erzgebirge Aue"],"articleSection":["Alemania","Deportes","Internacionales"],"inLanguage":"es","potentialAction":[{"@type":"CommentAction","name":"Comment","target":["https:\/\/noti-america.com\/site\/principal\/2018\/08\/04\/agua-y-pulverizadores-el-futbol-aleman-lucha-contra-la-ola-de-calor\/#respond"]}]},{"@type":"WebPage","@id":"https:\/\/noti-america.com\/site\/principal\/2018\/08\/04\/agua-y-pulverizadores-el-futbol-aleman-lucha-contra-la-ola-de-calor\/","url":"https:\/\/noti-america.com\/site\/principal\/2018\/08\/04\/agua-y-pulverizadores-el-futbol-aleman-lucha-contra-la-ola-de-calor\/","name":"Agua y pulverizadores:\u00a0el f\u00fatbol alem\u00e1n lucha contra la ola de calor\u00a0 - Noti-America.com","isPartOf":{"@id":"https:\/\/noti-america.com\/site\/principal\/#website"},"primaryImageOfPage":{"@id":"https:\/\/noti-america.com\/site\/principal\/2018\/08\/04\/agua-y-pulverizadores-el-futbol-aleman-lucha-contra-la-ola-de-calor\/#primaryimage"},"image":{"@id":"https:\/\/noti-america.com\/site\/principal\/2018\/08\/04\/agua-y-pulverizadores-el-futbol-aleman-lucha-contra-la-ola-de-calor\/#primaryimage"},"thumbnailUrl":"https:\/\/noti-america.com\/site\/principal\/wp-content\/uploads\/sites\/26\/2018\/08\/855857582-612x612.jpg","datePublished":"2018-08-04T17:58:52+00:00","author":{"@id":"https:\/\/noti-america.com\/site\/principal\/#\/schema\/person\/1a24e37c3c358f389f0a111448ddb870"},"breadcrumb":{"@id":"https:\/\/noti-america.com\/site\/principal\/2018\/08\/04\/agua-y-pulverizadores-el-futbol-aleman-lucha-contra-la-ola-de-calor\/#breadcrumb"},"inLanguage":"es","potentialAction":[{"@type":"ReadAction","target":["https:\/\/noti-america.com\/site\/principal\/2018\/08\/04\/agua-y-pulverizadores-el-futbol-aleman-lucha-contra-la-ola-de-calor\/"]}]},{"@type":"ImageObject","inLanguage":"es","@id":"https:\/\/noti-america.com\/site\/principal\/2018\/08\/04\/agua-y-pulverizadores-el-futbol-aleman-lucha-contra-la-ola-de-calor\/#primaryimage","url":"https:\/\/noti-america.com\/site\/principal\/wp-content\/uploads\/sites\/26\/2018\/08\/855857582-612x612.jpg","contentUrl":"https:\/\/noti-america.com\/site\/principal\/wp-content\/uploads\/sites\/26\/2018\/08\/855857582-612x612.jpg","width":437,"height":612},{"@type":"BreadcrumbList","@id":"https:\/\/noti-america.com\/site\/principal\/2018\/08\/04\/agua-y-pulverizadores-el-futbol-aleman-lucha-contra-la-ola-de-calor\/#breadcrumb","itemListElement":[{"@type":"ListItem","position":1,"name":"Portada","item":"https:\/\/noti-america.com\/site\/principal\/"},{"@type":"ListItem","position":2,"name":"Agua y pulverizadores:\u00a0el f\u00fatbol alem\u00e1n lucha contra la ola de calor\u00a0"}]},{"@type":"WebSite","@id":"https:\/\/noti-america.com\/site\/principal\/#website","url":"https:\/\/noti-america.com\/site\/principal\/","name":"Noti-America.com","description":"El Noticiero Digital M\u00e1s Grande de Am\u00e9rica","potentialAction":[{"@type":"SearchAction","target":{"@type":"EntryPoint","urlTemplate":"https:\/\/noti-america.com\/site\/principal\/?s={search_term_string}"},"query-input":{"@type":"PropertyValueSpecification","valueRequired":true,"valueName":"search_term_string"}}],"inLanguage":"es"},{"@type":"Person","@id":"https:\/\/noti-america.com\/site\/principal\/#\/schema\/person\/1a24e37c3c358f389f0a111448ddb870","name":"Ydalith Figueroa Kad-Bay","image":{"@type":"ImageObject","inLanguage":"es","@id":"https:\/\/secure.gravatar.com\/avatar\/7d1e350465afd215908c3ed413e32ef600cd41c3c21b95416252432a9f6c219c?s=96&d=mm&r=g","url":"https:\/\/secure.gravatar.com\/avatar\/7d1e350465afd215908c3ed413e32ef600cd41c3c21b95416252432a9f6c219c?s=96&d=mm&r=g","contentUrl":"https:\/\/secure.gravatar.com\/avatar\/7d1e350465afd215908c3ed413e32ef600cd41c3c21b95416252432a9f6c219c?s=96&d=mm&r=g","caption":"Ydalith Figueroa Kad-Bay"},"description":"CEO Noti-America Alemania Embajadora de Venezuela para el Proyecto de Acci\u00f3n Clim\u00e1tica de la ONU, Embajadora para la ense\u00f1anza de los ODS de la ONU, Amplificador de la Acci\u00f3n de los ODS de la ONU, Profesor Voluntario del Proyecto KAKUMA (Educaci\u00f3n de calidad para refugiados en \u00c1frica) UNHCR \u2013 ACNUR - Agencia para los refugiados de la ONU-, Miembro de la ONG Gente Y Ciudad, Embajador de las Instituciones de Microfinanzas \u201cNo a la pobreza ODS #1 de la ONU\u201d (todos tienen derecho a acceso a un cr\u00e9dito), y Voluntario al di\u00e1logo global de UN75. Twitter @ydalithkad email ydalith@yhaoo.com Locutor Profesional 32931 Universidad Central de Venezuela @ISHannover \"Colegio Internacional de Hannover Regi\u00f3n, Alemania\" Representante de Aprendizaje Innovaci\u00f3n y Tecnolog\u00eda #LMS (Sistema de Gesti\u00f3n de Aprendizaje) #LMS Gente y Ciudad &amp; Asesores Internacionales ONG Alemania. ONG \"Gente y Ciudad, Venezuela\" Miembro y Asesor especialista An\u00e1lisis de Pol\u00edtica Internacional Asesor Pol\u00edtico Internacional de Venezuela en la defensa de los Derechos Humanos y el restablecimiento Democr\u00e1tico. Diplomacia positiva y Activa. Pasi\u00f3n por el Golf Proyecto #LMS \"Golf para ni\u00f1os y adultos Internacional\" Pasi\u00f3n por los Postres Proyecto #LMS \"Postres, Que Unen a las Culturas del mundo\"","sameAs":["https:\/\/x.com\/ydalithkad"],"url":"https:\/\/noti-america.com\/site\/principal\/author\/yfigueroa\/"}]}},"_links":{"self":[{"href":"https:\/\/noti-america.com\/site\/principal\/wp-json\/wp\/v2\/posts\/5493","targetHints":{"allow":["GET"]}}],"collection":[{"href":"https:\/\/noti-america.com\/site\/principal\/wp-json\/wp\/v2\/posts"}],"about":[{"href":"https:\/\/noti-america.com\/site\/principal\/wp-json\/wp\/v2\/types\/post"}],"author":[{"embeddable":true,"href":"https:\/\/noti-america.com\/site\/principal\/wp-json\/wp\/v2\/users\/31"}],"replies":[{"embeddable":true,"href":"https:\/\/noti-america.com\/site\/principal\/wp-json\/wp\/v2\/comments?post=5493"}],"version-history":[{"count":1,"href":"https:\/\/noti-america.com\/site\/principal\/wp-json\/wp\/v2\/posts\/5493\/revisions"}],"predecessor-version":[{"id":5495,"href":"https:\/\/noti-america.com\/site\/principal\/wp-json\/wp\/v2\/posts\/5493\/revisions\/5495"}],"wp:featuredmedia":[{"embeddable":true,"href":"https:\/\/noti-america.com\/site\/principal\/wp-json\/wp\/v2\/media\/5494"}],"wp:attachment":[{"href":"https:\/\/noti-america.com\/site\/principal\/wp-json\/wp\/v2\/media?parent=5493"}],"wp:term":[{"taxonomy":"category","embeddable":true,"href":"https:\/\/noti-america.com\/site\/principal\/wp-json\/wp\/v2\/categories?post=5493"},{"taxonomy":"post_tag","embeddable":true,"href":"https:\/\/noti-america.com\/site\/principal\/wp-json\/wp\/v2\/tags?post=5493"}],"curies":[{"name":"wp","href":"https:\/\/api.w.org\/{rel}","templated":true}]}}