{"id":54326,"date":"2024-10-01T15:51:36","date_gmt":"2024-10-01T19:51:36","guid":{"rendered":"https:\/\/noti-america.com\/site\/principal\/?p=54326"},"modified":"2024-10-01T15:51:36","modified_gmt":"2024-10-01T19:51:36","slug":"imacec-economia-crecio-23-en-agosto-pero-bajo-de-las-expectativas","status":"publish","type":"post","link":"https:\/\/noti-america.com\/site\/principal\/2024\/10\/01\/imacec-economia-crecio-23-en-agosto-pero-bajo-de-las-expectativas\/","title":{"rendered":"Imacec: econom\u00eda creci\u00f3 2,3% en agosto pero bajo de las expectativas"},"content":{"rendered":"<p>NOTI-AMERICA.COM | CHILE<\/p>\n<p style=\"text-align: justify\">El Banco Central inform\u00f3 este martes 1 de octubre un nuevo \u00cdndice Mensual de Actividad Econ\u00f3mica (Imacec), revelando que la econom\u00eda chilena creci\u00f3 un 2,3% durante el mes de agosto.<\/p>\n<p style=\"text-align: justify\">De acuerdo con el organismo, el resultado estuvo en la parte baja de las expectativas que proyectaban un crecimiento de las finanzas nacionales entre el 2,2% y 4%.<\/p>\n<p style=\"text-align: justify\">El informe mostr\u00f3 que la serie desestacionalizada disminuy\u00f3 0,2% respecto del mes anterior (julio) y creci\u00f3 2,8% en los \u00faltimos doce meses.<\/p>\n<p style=\"text-align: justify\">El resultado del Imacec de agosto se explic\u00f3 por el crecimiento de los servicios y la miner\u00eda. En tanto, la disminuci\u00f3n en t\u00e9rminos desestacionalizados fue incidida por el desempe\u00f1o de los servicios, el resto de bienes y la industria, lo que fue en parte compensado por el aumento de la miner\u00eda.<\/p>\n<p style=\"text-align: justify\">El Imacec no minero present\u00f3 un crecimiento anual de 1,5%, mientras que en t\u00e9rminos desestacionalizados cay\u00f3 0,5% respecto del mes anterior.<\/p>\n","protected":false},"excerpt":{"rendered":"<p>NOTI-AMERICA.COM | CHILE El Banco Central inform\u00f3 este martes 1 de octubre un nuevo \u00cdndice Mensual de Actividad Econ\u00f3mica (Imacec), revelando que la econom\u00eda chilena creci\u00f3 un 2,3% durante el mes de agosto. De&#46;&#46;&#46;<\/p>\n","protected":false},"author":133,"featured_media":54327,"comment_status":"","ping_status":"open","sticky":false,"template":"","format":"image","meta":{"_acf_changed":false,"rop_custom_images_group":[],"rop_custom_messages_group":[],"rop_publish_now":"initial","rop_publish_now_accounts":{"facebook_10219548024599422_1632221337088128":"","twitter_242054905_242054905":""},"rop_publish_now_history":[],"rop_publish_now_status":"pending","footnotes":""},"categories":[663],"tags":[],"class_list":["post-54326","post","type-post","status-publish","format-image","has-post-thumbnail","hentry","category-actualidad","post_format-post-format-image"],"acf":[],"yoast_head":"<!-- This site is optimized with the Yoast SEO Premium plugin v24.9 (Yoast SEO v27.2) - https:\/\/yoast.com\/product\/yoast-seo-premium-wordpress\/ -->\n<title>Imacec: econom\u00eda creci\u00f3 2,3% en agosto pero bajo de las expectativas - Noti-America.com<\/title>\n<meta name=\"robots\" content=\"index, follow, max-snippet:-1, max-image-preview:large, max-video-preview:-1\" \/>\n<link rel=\"canonical\" href=\"https:\/\/noti-america.com\/site\/principal\/2024\/10\/01\/imacec-economia-crecio-23-en-agosto-pero-bajo-de-las-expectativas\/\" \/>\n<meta property=\"og:locale\" content=\"es_ES\" \/>\n<meta property=\"og:type\" content=\"article\" \/>\n<meta property=\"og:title\" content=\"Imacec: econom\u00eda creci\u00f3 2,3% en agosto pero bajo de las expectativas\" \/>\n<meta property=\"og:description\" content=\"NOTI-AMERICA.COM | CHILE El Banco Central inform\u00f3 este martes 1 de octubre un nuevo \u00cdndice Mensual de Actividad Econ\u00f3mica (Imacec), revelando que la econom\u00eda chilena creci\u00f3 un 2,3% durante el mes de agosto. De&#046;&#046;&#046;\" \/>\n<meta property=\"og:url\" content=\"https:\/\/noti-america.com\/site\/principal\/2024\/10\/01\/imacec-economia-crecio-23-en-agosto-pero-bajo-de-las-expectativas\/\" \/>\n<meta property=\"og:site_name\" content=\"Noti-America.com\" \/>\n<meta property=\"article:author\" content=\"Mar\u00eda Valentina Noguera\" \/>\n<meta property=\"article:published_time\" content=\"2024-10-01T19:51:36+00:00\" \/>\n<meta property=\"og:image\" content=\"https:\/\/noti-america.com\/site\/principal\/wp-content\/uploads\/sites\/26\/2024\/10\/Aton_918002_1.jpg\" \/>\n\t<meta property=\"og:image:width\" content=\"1600\" \/>\n\t<meta property=\"og:image:height\" content=\"900\" \/>\n\t<meta property=\"og:image:type\" content=\"image\/jpeg\" \/>\n<meta name=\"author\" content=\"Maria Valentina Noguera Medina\" \/>\n<meta name=\"twitter:card\" content=\"summary_large_image\" \/>\n<meta name=\"twitter:label1\" content=\"Escrito por\" \/>\n\t<meta name=\"twitter:data1\" content=\"Maria Valentina Noguera Medina\" \/>\n\t<meta name=\"twitter:label2\" content=\"Tiempo estimado de lectura\" \/>\n\t<meta name=\"twitter:data2\" content=\"1 minuto\" \/>\n<script type=\"application\/ld+json\" class=\"yoast-schema-graph\">{\"@context\":\"https:\/\/schema.org\",\"@graph\":[{\"@type\":\"Article\",\"@id\":\"https:\/\/noti-america.com\/site\/principal\/2024\/10\/01\/imacec-economia-crecio-23-en-agosto-pero-bajo-de-las-expectativas\/#article\",\"isPartOf\":{\"@id\":\"https:\/\/noti-america.com\/site\/principal\/2024\/10\/01\/imacec-economia-crecio-23-en-agosto-pero-bajo-de-las-expectativas\/\"},\"author\":{\"name\":\"Maria Valentina Noguera Medina\",\"@id\":\"https:\/\/noti-america.com\/site\/principal\/#\/schema\/person\/22806efcc2cfc4b45efb0e17be210ea8\"},\"headline\":\"Imacec: econom\u00eda creci\u00f3 2,3% en agosto pero bajo de las expectativas\",\"datePublished\":\"2024-10-01T19:51:36+00:00\",\"mainEntityOfPage\":{\"@id\":\"https:\/\/noti-america.com\/site\/principal\/2024\/10\/01\/imacec-economia-crecio-23-en-agosto-pero-bajo-de-las-expectativas\/\"},\"wordCount\":166,\"image\":{\"@id\":\"https:\/\/noti-america.com\/site\/principal\/2024\/10\/01\/imacec-economia-crecio-23-en-agosto-pero-bajo-de-las-expectativas\/#primaryimage\"},\"thumbnailUrl\":\"https:\/\/noti-america.com\/site\/principal\/wp-content\/uploads\/sites\/26\/2024\/10\/Aton_918002_1.jpg\",\"articleSection\":[\"Actualidad\"],\"inLanguage\":\"es\"},{\"@type\":\"WebPage\",\"@id\":\"https:\/\/noti-america.com\/site\/principal\/2024\/10\/01\/imacec-economia-crecio-23-en-agosto-pero-bajo-de-las-expectativas\/\",\"url\":\"https:\/\/noti-america.com\/site\/principal\/2024\/10\/01\/imacec-economia-crecio-23-en-agosto-pero-bajo-de-las-expectativas\/\",\"name\":\"Imacec: econom\u00eda creci\u00f3 2,3% en agosto pero bajo de las expectativas - Noti-America.com\",\"isPartOf\":{\"@id\":\"https:\/\/noti-america.com\/site\/principal\/#website\"},\"primaryImageOfPage\":{\"@id\":\"https:\/\/noti-america.com\/site\/principal\/2024\/10\/01\/imacec-economia-crecio-23-en-agosto-pero-bajo-de-las-expectativas\/#primaryimage\"},\"image\":{\"@id\":\"https:\/\/noti-america.com\/site\/principal\/2024\/10\/01\/imacec-economia-crecio-23-en-agosto-pero-bajo-de-las-expectativas\/#primaryimage\"},\"thumbnailUrl\":\"https:\/\/noti-america.com\/site\/principal\/wp-content\/uploads\/sites\/26\/2024\/10\/Aton_918002_1.jpg\",\"datePublished\":\"2024-10-01T19:51:36+00:00\",\"author\":{\"@id\":\"https:\/\/noti-america.com\/site\/principal\/#\/schema\/person\/22806efcc2cfc4b45efb0e17be210ea8\"},\"breadcrumb\":{\"@id\":\"https:\/\/noti-america.com\/site\/principal\/2024\/10\/01\/imacec-economia-crecio-23-en-agosto-pero-bajo-de-las-expectativas\/#breadcrumb\"},\"inLanguage\":\"es\",\"potentialAction\":[{\"@type\":\"ReadAction\",\"target\":[\"https:\/\/noti-america.com\/site\/principal\/2024\/10\/01\/imacec-economia-crecio-23-en-agosto-pero-bajo-de-las-expectativas\/\"]}]},{\"@type\":\"ImageObject\",\"inLanguage\":\"es\",\"@id\":\"https:\/\/noti-america.com\/site\/principal\/2024\/10\/01\/imacec-economia-crecio-23-en-agosto-pero-bajo-de-las-expectativas\/#primaryimage\",\"url\":\"https:\/\/noti-america.com\/site\/principal\/wp-content\/uploads\/sites\/26\/2024\/10\/Aton_918002_1.jpg\",\"contentUrl\":\"https:\/\/noti-america.com\/site\/principal\/wp-content\/uploads\/sites\/26\/2024\/10\/Aton_918002_1.jpg\",\"width\":1600,\"height\":900},{\"@type\":\"BreadcrumbList\",\"@id\":\"https:\/\/noti-america.com\/site\/principal\/2024\/10\/01\/imacec-economia-crecio-23-en-agosto-pero-bajo-de-las-expectativas\/#breadcrumb\",\"itemListElement\":[{\"@type\":\"ListItem\",\"position\":1,\"name\":\"Portada\",\"item\":\"https:\/\/noti-america.com\/site\/principal\/\"},{\"@type\":\"ListItem\",\"position\":2,\"name\":\"Imacec: econom\u00eda creci\u00f3 2,3% en agosto pero bajo de las expectativas\"}]},{\"@type\":\"WebSite\",\"@id\":\"https:\/\/noti-america.com\/site\/principal\/#website\",\"url\":\"https:\/\/noti-america.com\/site\/principal\/\",\"name\":\"Noti-America.com\",\"description\":\"El Noticiero Digital M\u00e1s Grande de Am\u00e9rica\",\"potentialAction\":[{\"@type\":\"SearchAction\",\"target\":{\"@type\":\"EntryPoint\",\"urlTemplate\":\"https:\/\/noti-america.com\/site\/principal\/?s={search_term_string}\"},\"query-input\":{\"@type\":\"PropertyValueSpecification\",\"valueRequired\":true,\"valueName\":\"search_term_string\"}}],\"inLanguage\":\"es\"},{\"@type\":\"Person\",\"@id\":\"https:\/\/noti-america.com\/site\/principal\/#\/schema\/person\/22806efcc2cfc4b45efb0e17be210ea8\",\"name\":\"Maria Valentina Noguera Medina\",\"image\":{\"@type\":\"ImageObject\",\"inLanguage\":\"es\",\"@id\":\"https:\/\/secure.gravatar.com\/avatar\/4ec5eb9d099f2608a49c9df6f7341f66f04f819cdffa09d56a7a0e91d2819d56?s=96&d=mm&r=g\",\"url\":\"https:\/\/secure.gravatar.com\/avatar\/4ec5eb9d099f2608a49c9df6f7341f66f04f819cdffa09d56a7a0e91d2819d56?s=96&d=mm&r=g\",\"contentUrl\":\"https:\/\/secure.gravatar.com\/avatar\/4ec5eb9d099f2608a49c9df6f7341f66f04f819cdffa09d56a7a0e91d2819d56?s=96&d=mm&r=g\",\"caption\":\"Maria Valentina Noguera Medina\"},\"description\":\"Periodista - noti-america - Promar Community Manager - Talento Plus Dise\u00f1adora\/ creadora de contenido...\",\"sameAs\":[\"Mar\u00eda Valentina Noguera\",\"https:\/\/www.facebook.com\/mariavalentina.noguera\",\"https:\/\/www.linkedin.com\/in\/mara-valentina-noguera-medina-373075165\/\",\"https:\/\/www.pinterest.es\/valentinanoguera95\/\",\"https:\/\/www.youtube.com\/channel\/UCdek6mbUZ-Tqqw0I63i4nmQ\"],\"url\":\"https:\/\/noti-america.com\/site\/principal\/author\/mnoguera\/\"}]}<\/script>\n<!-- \/ Yoast SEO Premium plugin. -->","yoast_head_json":{"title":"Imacec: econom\u00eda creci\u00f3 2,3% en agosto pero bajo de las expectativas - Noti-America.com","robots":{"index":"index","follow":"follow","max-snippet":"max-snippet:-1","max-image-preview":"max-image-preview:large","max-video-preview":"max-video-preview:-1"},"canonical":"https:\/\/noti-america.com\/site\/principal\/2024\/10\/01\/imacec-economia-crecio-23-en-agosto-pero-bajo-de-las-expectativas\/","og_locale":"es_ES","og_type":"article","og_title":"Imacec: econom\u00eda creci\u00f3 2,3% en agosto pero bajo de las expectativas","og_description":"NOTI-AMERICA.COM | CHILE El Banco Central inform\u00f3 este martes 1 de octubre un nuevo \u00cdndice Mensual de Actividad Econ\u00f3mica (Imacec), revelando que la econom\u00eda chilena creci\u00f3 un 2,3% durante el mes de agosto. De&#46;&#46;&#46;","og_url":"https:\/\/noti-america.com\/site\/principal\/2024\/10\/01\/imacec-economia-crecio-23-en-agosto-pero-bajo-de-las-expectativas\/","og_site_name":"Noti-America.com","article_author":"Mar\u00eda Valentina Noguera","article_published_time":"2024-10-01T19:51:36+00:00","og_image":[{"width":1600,"height":900,"url":"https:\/\/noti-america.com\/site\/principal\/wp-content\/uploads\/sites\/26\/2024\/10\/Aton_918002_1.jpg","type":"image\/jpeg"}],"author":"Maria Valentina Noguera Medina","twitter_card":"summary_large_image","twitter_misc":{"Escrito por":"Maria Valentina Noguera Medina","Tiempo estimado de lectura":"1 minuto"},"schema":{"@context":"https:\/\/schema.org","@graph":[{"@type":"Article","@id":"https:\/\/noti-america.com\/site\/principal\/2024\/10\/01\/imacec-economia-crecio-23-en-agosto-pero-bajo-de-las-expectativas\/#article","isPartOf":{"@id":"https:\/\/noti-america.com\/site\/principal\/2024\/10\/01\/imacec-economia-crecio-23-en-agosto-pero-bajo-de-las-expectativas\/"},"author":{"name":"Maria Valentina Noguera Medina","@id":"https:\/\/noti-america.com\/site\/principal\/#\/schema\/person\/22806efcc2cfc4b45efb0e17be210ea8"},"headline":"Imacec: econom\u00eda creci\u00f3 2,3% en agosto pero bajo de las expectativas","datePublished":"2024-10-01T19:51:36+00:00","mainEntityOfPage":{"@id":"https:\/\/noti-america.com\/site\/principal\/2024\/10\/01\/imacec-economia-crecio-23-en-agosto-pero-bajo-de-las-expectativas\/"},"wordCount":166,"image":{"@id":"https:\/\/noti-america.com\/site\/principal\/2024\/10\/01\/imacec-economia-crecio-23-en-agosto-pero-bajo-de-las-expectativas\/#primaryimage"},"thumbnailUrl":"https:\/\/noti-america.com\/site\/principal\/wp-content\/uploads\/sites\/26\/2024\/10\/Aton_918002_1.jpg","articleSection":["Actualidad"],"inLanguage":"es"},{"@type":"WebPage","@id":"https:\/\/noti-america.com\/site\/principal\/2024\/10\/01\/imacec-economia-crecio-23-en-agosto-pero-bajo-de-las-expectativas\/","url":"https:\/\/noti-america.com\/site\/principal\/2024\/10\/01\/imacec-economia-crecio-23-en-agosto-pero-bajo-de-las-expectativas\/","name":"Imacec: econom\u00eda creci\u00f3 2,3% en agosto pero bajo de las expectativas - Noti-America.com","isPartOf":{"@id":"https:\/\/noti-america.com\/site\/principal\/#website"},"primaryImageOfPage":{"@id":"https:\/\/noti-america.com\/site\/principal\/2024\/10\/01\/imacec-economia-crecio-23-en-agosto-pero-bajo-de-las-expectativas\/#primaryimage"},"image":{"@id":"https:\/\/noti-america.com\/site\/principal\/2024\/10\/01\/imacec-economia-crecio-23-en-agosto-pero-bajo-de-las-expectativas\/#primaryimage"},"thumbnailUrl":"https:\/\/noti-america.com\/site\/principal\/wp-content\/uploads\/sites\/26\/2024\/10\/Aton_918002_1.jpg","datePublished":"2024-10-01T19:51:36+00:00","author":{"@id":"https:\/\/noti-america.com\/site\/principal\/#\/schema\/person\/22806efcc2cfc4b45efb0e17be210ea8"},"breadcrumb":{"@id":"https:\/\/noti-america.com\/site\/principal\/2024\/10\/01\/imacec-economia-crecio-23-en-agosto-pero-bajo-de-las-expectativas\/#breadcrumb"},"inLanguage":"es","potentialAction":[{"@type":"ReadAction","target":["https:\/\/noti-america.com\/site\/principal\/2024\/10\/01\/imacec-economia-crecio-23-en-agosto-pero-bajo-de-las-expectativas\/"]}]},{"@type":"ImageObject","inLanguage":"es","@id":"https:\/\/noti-america.com\/site\/principal\/2024\/10\/01\/imacec-economia-crecio-23-en-agosto-pero-bajo-de-las-expectativas\/#primaryimage","url":"https:\/\/noti-america.com\/site\/principal\/wp-content\/uploads\/sites\/26\/2024\/10\/Aton_918002_1.jpg","contentUrl":"https:\/\/noti-america.com\/site\/principal\/wp-content\/uploads\/sites\/26\/2024\/10\/Aton_918002_1.jpg","width":1600,"height":900},{"@type":"BreadcrumbList","@id":"https:\/\/noti-america.com\/site\/principal\/2024\/10\/01\/imacec-economia-crecio-23-en-agosto-pero-bajo-de-las-expectativas\/#breadcrumb","itemListElement":[{"@type":"ListItem","position":1,"name":"Portada","item":"https:\/\/noti-america.com\/site\/principal\/"},{"@type":"ListItem","position":2,"name":"Imacec: econom\u00eda creci\u00f3 2,3% en agosto pero bajo de las expectativas"}]},{"@type":"WebSite","@id":"https:\/\/noti-america.com\/site\/principal\/#website","url":"https:\/\/noti-america.com\/site\/principal\/","name":"Noti-America.com","description":"El Noticiero Digital M\u00e1s Grande de Am\u00e9rica","potentialAction":[{"@type":"SearchAction","target":{"@type":"EntryPoint","urlTemplate":"https:\/\/noti-america.com\/site\/principal\/?s={search_term_string}"},"query-input":{"@type":"PropertyValueSpecification","valueRequired":true,"valueName":"search_term_string"}}],"inLanguage":"es"},{"@type":"Person","@id":"https:\/\/noti-america.com\/site\/principal\/#\/schema\/person\/22806efcc2cfc4b45efb0e17be210ea8","name":"Maria Valentina Noguera Medina","image":{"@type":"ImageObject","inLanguage":"es","@id":"https:\/\/secure.gravatar.com\/avatar\/4ec5eb9d099f2608a49c9df6f7341f66f04f819cdffa09d56a7a0e91d2819d56?s=96&d=mm&r=g","url":"https:\/\/secure.gravatar.com\/avatar\/4ec5eb9d099f2608a49c9df6f7341f66f04f819cdffa09d56a7a0e91d2819d56?s=96&d=mm&r=g","contentUrl":"https:\/\/secure.gravatar.com\/avatar\/4ec5eb9d099f2608a49c9df6f7341f66f04f819cdffa09d56a7a0e91d2819d56?s=96&d=mm&r=g","caption":"Maria Valentina Noguera Medina"},"description":"Periodista - noti-america - Promar Community Manager - Talento Plus Dise\u00f1adora\/ creadora de contenido...","sameAs":["Mar\u00eda Valentina Noguera","https:\/\/www.facebook.com\/mariavalentina.noguera","https:\/\/www.linkedin.com\/in\/mara-valentina-noguera-medina-373075165\/","https:\/\/www.pinterest.es\/valentinanoguera95\/","https:\/\/www.youtube.com\/channel\/UCdek6mbUZ-Tqqw0I63i4nmQ"],"url":"https:\/\/noti-america.com\/site\/principal\/author\/mnoguera\/"}]}},"_links":{"self":[{"href":"https:\/\/noti-america.com\/site\/principal\/wp-json\/wp\/v2\/posts\/54326","targetHints":{"allow":["GET"]}}],"collection":[{"href":"https:\/\/noti-america.com\/site\/principal\/wp-json\/wp\/v2\/posts"}],"about":[{"href":"https:\/\/noti-america.com\/site\/principal\/wp-json\/wp\/v2\/types\/post"}],"author":[{"embeddable":true,"href":"https:\/\/noti-america.com\/site\/principal\/wp-json\/wp\/v2\/users\/133"}],"replies":[{"embeddable":true,"href":"https:\/\/noti-america.com\/site\/principal\/wp-json\/wp\/v2\/comments?post=54326"}],"version-history":[{"count":1,"href":"https:\/\/noti-america.com\/site\/principal\/wp-json\/wp\/v2\/posts\/54326\/revisions"}],"predecessor-version":[{"id":54358,"href":"https:\/\/noti-america.com\/site\/principal\/wp-json\/wp\/v2\/posts\/54326\/revisions\/54358"}],"wp:featuredmedia":[{"embeddable":true,"href":"https:\/\/noti-america.com\/site\/principal\/wp-json\/wp\/v2\/media\/54327"}],"wp:attachment":[{"href":"https:\/\/noti-america.com\/site\/principal\/wp-json\/wp\/v2\/media?parent=54326"}],"wp:term":[{"taxonomy":"category","embeddable":true,"href":"https:\/\/noti-america.com\/site\/principal\/wp-json\/wp\/v2\/categories?post=54326"},{"taxonomy":"post_tag","embeddable":true,"href":"https:\/\/noti-america.com\/site\/principal\/wp-json\/wp\/v2\/tags?post=54326"}],"curies":[{"name":"wp","href":"https:\/\/api.w.org\/{rel}","templated":true}]}}