{"id":5398,"date":"2018-07-12T20:36:16","date_gmt":"2018-07-12T20:36:16","guid":{"rendered":"http:\/\/noti-america.com\/site\/alemania\/?p=5398"},"modified":"2018-07-12T20:36:16","modified_gmt":"2018-07-12T20:36:16","slug":"francia-croacia-la-gran-final-fifa-copa-del-mundo-2018","status":"publish","type":"post","link":"https:\/\/noti-america.com\/site\/principal\/2018\/07\/12\/francia-croacia-la-gran-final-fifa-copa-del-mundo-2018\/","title":{"rendered":"Francia &#8211; Croacia,  La gran final #FIFA Copa del mundo 2018"},"content":{"rendered":"<p>Fuente (FIFA , editado por Ydalith Figueroa Kad-Bay\u00a0 CEO Noti-Am;erica Alemania )<\/p>\n<ul>\n<li>\n<h4 class=\"\u201cdcm-title\u201d\"><a href=\"https:\/\/es.fifa.com\/worldcup\/news\/mr-france-v-belgium-452w-2984339\" target=\"_blank\" rel=\"noopener\">Un gol de Samuel Umtiti meti\u00f3 a Francia en su tercera final<\/a><\/h4>\n<\/li>\n<li>\n<h4 class=\"\u201cdcm-title\u201d\"><a href=\"https:\/\/es.fifa.com\/worldcup\/matches\/match\/300331522\/#match-summary\" target=\"_blank\" rel=\"noopener\">Croacia venci\u00f3 a Inglaterra en tiempo extra y se alista para su primera final<\/a><\/h4>\n<\/li>\n<li>\n<h4 class=\"\u201c\u201ddcm-title\u201d\u201c\">Ser\u00e1 la novena final entre dos selecciones europeas<\/h4>\n<\/li>\n<li>\n<h4 class=\"\u201cdcm-title\u201d\">El escenario:\u00a0<a href=\"https:\/\/es.fifa.com\/worldcup\/destination\/stadiums\/stadium=810\/index.html\" target=\"_blank\" rel=\"noopener\">Estadio Luzhniki, de Mosc\u00fa<\/a><\/h4>\n<\/li>\n<\/ul>\n<div><\/div>\n<div>\n<p>Confirmado el equipo arbitral para la gran final del domingo: el argentino<strong>\u00a0N\u00e9stor Pitana<\/strong>\u00a0ser\u00e1 el encargado de impartir justicia.<\/p>\n<\/div>\n<div><\/div>\n<div><\/div>\n<div class=\"fi-lb__post-content-header home-color\"><img decoding=\"async\" src=\"https:\/\/api.fifa.com\/api\/v1\/picture\/\/flags-fwc2018-4\/FRA\" alt=\"FRA\" \/><span class=\"lang--default\">Adrien Gingold<\/span><\/div>\n<div class=\"fi-lb__post-content-text\">\n<p>&nbsp;<\/p>\n<p><strong>\u00a1Ha llegado el momento!<\/strong><\/p>\n<p>Despu\u00e9s de un mes de competici\u00f3n y seis encuentros, el sue\u00f1o se hizo realidad: 20 a\u00f1os despu\u00e9s de ser Campeona del Mundo, Francia est\u00e1 de nuevo en la final. Se medir\u00e1n en el choque dos equipos invictos,\u00a0<em>Les Bleus<\/em>\u00a0tendr\u00e1 que luchar duro hasta el final.<\/p>\n<p>Didier Deschamps deber\u00eda apostar por lo mismo de siempre: un 4-2-3-1 con Olivier Giroud como 9 para desestabilizar la defensa, la velocidad de Mbappe en el lado derecho y la inteligencia de Griezmann como el creador de jugadas. Por \u00faltimo, pero no menos importante, Croacia destaca para los\u00a0 supersticiosos: fueron el equipo contra el que Didier Deschamps jug\u00f3 en el &#8217;98 para clasificarse para la final. \u00a1Veremos!<\/p>\n<p>\u00abSon s\u00faper diferentes. \u00a1En realidad no tienen nada en com\u00fan! Pero de todos modos ambos son fen\u00f3menos, tal vez los mejores en el mundo en su funci\u00f3n\u00bb<\/p>\n<p>\u00abSiete juegos en una carrera no es tanto&#8230; \u00a1Tenemos que darlo todo!\u00bb.<br \/>\n<strong>Samuel Umtiti, h\u00e9roe ante B\u00e9lgica, se prepara para la final.<\/strong><\/p>\n<p><strong>Umtiti<\/strong>, comparando a los mediocampistas Modric y Pogba<\/p>\n<\/div>\n<p>La afluencia m\u00e1s grande para un entrenamiento en el estadio Glebovets. Televisi\u00f3n de todo el mundo est\u00e1 lista para filmar la \u00faltima pr\u00e1ctica aqu\u00ed, en Istra, para\u00a0<strong>Francia<\/strong>, que busca el t\u00edtulo del mundo. Emoci\u00f3n.<\/p>\n<p>&nbsp;<\/p>\n<div class=\"fi-lb__post-content-header away-color\"><img decoding=\"async\" src=\"https:\/\/api.fifa.com\/api\/v1\/picture\/\/flags-fwc2018-4\/CRO\" alt=\"CRO\" \/><span class=\"lang--default\">Vjekoslav Paun<\/span><\/div>\n<div class=\"fi-lb__post-content-text\">\n<p><strong>Zlatko Dalic, el entrenador de Croacia, brind\u00f3 una conferencia de prensa en el Luzhniki un d\u00eda despu\u00e9s del incre\u00edble triunfo ante Inglaterra.<\/strong><\/p>\n<p>\u00abSi cont\u00e1s todos los minutos que tuvimos en el campo de juego, somos el \u00fanico equipo que ya jug\u00f3 siete partidos en esta Copa Mundial. \u00a1Es un gran esfuerzo! Sin embargo, no tengo miedo a lo que pueda ocurrir el domingo. Estaremos listos: la final del Mundial se juega una vez en la vida\u00bb.<\/p>\n<p>\u00abLos dos mejores equipos est\u00e1n en la final. Ser\u00e1 el partido m\u00e1s dif\u00edcil para nosotros y el oponente m\u00e1s complicado.\u00a0<strong>Francia<\/strong>\u00a0es sumamente peligroso en los contraataques. Yo tuve un gran optimismo durante todo el torneo, pero ahora mis jugadores creen en ellos m\u00e1s que yo mismo\u00bb.<\/p>\n<\/div>\n<h3 class=\"dcm-title\">Inagotable<\/h3>\n<p><strong><a href=\"https:\/\/es.fifa.com\/worldcup\/players\/player\/241559\/\" target=\"_blank\" rel=\"noopener\">Luka Modric<\/a><\/strong>, capit\u00e1n y referente de la selecci\u00f3n croata, es ahora, con 63 kil\u00f3metros, el jugador con la mayor distancia recorrida en esta Copa Mundial Rusia 2018\u2122<\/p>\n<p><strong>Ivan Perisic. \u00ab<\/strong>En 1998 miraba a Croacia y so\u00f1aba con marcar un gol importante en la Copa del Mundo\u00bb.<\/p>\n","protected":false},"excerpt":{"rendered":"<p>Fuente (FIFA , editado por Ydalith Figueroa Kad-Bay\u00a0 CEO Noti-Am;erica Alemania ) Un gol de Samuel Umtiti meti\u00f3 a Francia en su tercera final Croacia venci\u00f3 a Inglaterra en tiempo extra y se alista&#46;&#46;&#46;<\/p>\n","protected":false},"author":31,"featured_media":5399,"comment_status":"open","ping_status":"open","sticky":false,"template":"","format":"standard","meta":{"_acf_changed":false,"rop_custom_images_group":[],"rop_custom_messages_group":[],"rop_publish_now":"initial","rop_publish_now_accounts":{"facebook_10219548024599422_1632221337088128":"","twitter_242054905_242054905":""},"rop_publish_now_history":[],"rop_publish_now_status":"pending","footnotes":""},"categories":[560,16,91,4],"tags":[586,546],"class_list":["post-5398","post","type-post","status-publish","format-standard","has-post-thumbnail","hentry","category-croacia","category-deportes","category-francia","category-internacionales","tag-crofra","tag-worldcup-copadelmundo"],"acf":[],"yoast_head":"<!-- This site is optimized with the Yoast SEO Premium plugin v24.9 (Yoast SEO v27.2) - https:\/\/yoast.com\/product\/yoast-seo-premium-wordpress\/ -->\n<title>Francia - Croacia, La gran final #FIFA Copa del mundo 2018 - Noti-America.com<\/title>\n<meta name=\"robots\" content=\"index, follow, max-snippet:-1, max-image-preview:large, max-video-preview:-1\" \/>\n<link rel=\"canonical\" href=\"https:\/\/noti-america.com\/site\/principal\/2018\/07\/12\/francia-croacia-la-gran-final-fifa-copa-del-mundo-2018\/\" \/>\n<meta property=\"og:locale\" content=\"es_ES\" \/>\n<meta property=\"og:type\" content=\"article\" \/>\n<meta property=\"og:title\" content=\"Francia - Croacia, La gran final #FIFA Copa del mundo 2018\" \/>\n<meta property=\"og:description\" content=\"Fuente (FIFA , editado por Ydalith Figueroa Kad-Bay\u00a0 CEO Noti-Am;erica Alemania ) Un gol de Samuel Umtiti meti\u00f3 a Francia en su tercera final Croacia venci\u00f3 a Inglaterra en tiempo extra y se alista&#046;&#046;&#046;\" \/>\n<meta property=\"og:url\" content=\"https:\/\/noti-america.com\/site\/principal\/2018\/07\/12\/francia-croacia-la-gran-final-fifa-copa-del-mundo-2018\/\" \/>\n<meta property=\"og:site_name\" content=\"Noti-America.com\" \/>\n<meta property=\"article:published_time\" content=\"2018-07-12T20:36:16+00:00\" \/>\n<meta property=\"og:image\" content=\"https:\/\/noti-america.com\/site\/principal\/wp-content\/uploads\/sites\/26\/2018\/07\/francia-croacia.jpg\" \/>\n\t<meta property=\"og:image:width\" content=\"924\" \/>\n\t<meta property=\"og:image:height\" content=\"530\" \/>\n\t<meta property=\"og:image:type\" content=\"image\/jpeg\" \/>\n<meta name=\"author\" content=\"Ydalith Figueroa Kad-Bay\" \/>\n<meta name=\"twitter:card\" content=\"summary_large_image\" \/>\n<meta name=\"twitter:creator\" content=\"@ydalithkad\" \/>\n<meta name=\"twitter:label1\" content=\"Escrito por\" \/>\n\t<meta name=\"twitter:data1\" content=\"Ydalith Figueroa Kad-Bay\" \/>\n\t<meta name=\"twitter:label2\" content=\"Tiempo estimado de lectura\" \/>\n\t<meta name=\"twitter:data2\" content=\"2 minutos\" \/>\n<script type=\"application\/ld+json\" class=\"yoast-schema-graph\">{\"@context\":\"https:\/\/schema.org\",\"@graph\":[{\"@type\":\"Article\",\"@id\":\"https:\/\/noti-america.com\/site\/principal\/2018\/07\/12\/francia-croacia-la-gran-final-fifa-copa-del-mundo-2018\/#article\",\"isPartOf\":{\"@id\":\"https:\/\/noti-america.com\/site\/principal\/2018\/07\/12\/francia-croacia-la-gran-final-fifa-copa-del-mundo-2018\/\"},\"author\":{\"name\":\"Ydalith Figueroa Kad-Bay\",\"@id\":\"https:\/\/noti-america.com\/site\/principal\/#\/schema\/person\/1a24e37c3c358f389f0a111448ddb870\"},\"headline\":\"Francia &#8211; Croacia, La gran final #FIFA Copa del mundo 2018\",\"datePublished\":\"2018-07-12T20:36:16+00:00\",\"mainEntityOfPage\":{\"@id\":\"https:\/\/noti-america.com\/site\/principal\/2018\/07\/12\/francia-croacia-la-gran-final-fifa-copa-del-mundo-2018\/\"},\"wordCount\":494,\"commentCount\":0,\"image\":{\"@id\":\"https:\/\/noti-america.com\/site\/principal\/2018\/07\/12\/francia-croacia-la-gran-final-fifa-copa-del-mundo-2018\/#primaryimage\"},\"thumbnailUrl\":\"https:\/\/noti-america.com\/site\/principal\/wp-content\/uploads\/sites\/26\/2018\/07\/francia-croacia.jpg\",\"keywords\":[\"#CROFRA\",\"#worldcup #copadelmundo\"],\"articleSection\":[\"Croacia\",\"Deportes\",\"Francia\",\"Internacionales\"],\"inLanguage\":\"es\",\"potentialAction\":[{\"@type\":\"CommentAction\",\"name\":\"Comment\",\"target\":[\"https:\/\/noti-america.com\/site\/principal\/2018\/07\/12\/francia-croacia-la-gran-final-fifa-copa-del-mundo-2018\/#respond\"]}]},{\"@type\":\"WebPage\",\"@id\":\"https:\/\/noti-america.com\/site\/principal\/2018\/07\/12\/francia-croacia-la-gran-final-fifa-copa-del-mundo-2018\/\",\"url\":\"https:\/\/noti-america.com\/site\/principal\/2018\/07\/12\/francia-croacia-la-gran-final-fifa-copa-del-mundo-2018\/\",\"name\":\"Francia - Croacia, La gran final #FIFA Copa del mundo 2018 - Noti-America.com\",\"isPartOf\":{\"@id\":\"https:\/\/noti-america.com\/site\/principal\/#website\"},\"primaryImageOfPage\":{\"@id\":\"https:\/\/noti-america.com\/site\/principal\/2018\/07\/12\/francia-croacia-la-gran-final-fifa-copa-del-mundo-2018\/#primaryimage\"},\"image\":{\"@id\":\"https:\/\/noti-america.com\/site\/principal\/2018\/07\/12\/francia-croacia-la-gran-final-fifa-copa-del-mundo-2018\/#primaryimage\"},\"thumbnailUrl\":\"https:\/\/noti-america.com\/site\/principal\/wp-content\/uploads\/sites\/26\/2018\/07\/francia-croacia.jpg\",\"datePublished\":\"2018-07-12T20:36:16+00:00\",\"author\":{\"@id\":\"https:\/\/noti-america.com\/site\/principal\/#\/schema\/person\/1a24e37c3c358f389f0a111448ddb870\"},\"breadcrumb\":{\"@id\":\"https:\/\/noti-america.com\/site\/principal\/2018\/07\/12\/francia-croacia-la-gran-final-fifa-copa-del-mundo-2018\/#breadcrumb\"},\"inLanguage\":\"es\",\"potentialAction\":[{\"@type\":\"ReadAction\",\"target\":[\"https:\/\/noti-america.com\/site\/principal\/2018\/07\/12\/francia-croacia-la-gran-final-fifa-copa-del-mundo-2018\/\"]}]},{\"@type\":\"ImageObject\",\"inLanguage\":\"es\",\"@id\":\"https:\/\/noti-america.com\/site\/principal\/2018\/07\/12\/francia-croacia-la-gran-final-fifa-copa-del-mundo-2018\/#primaryimage\",\"url\":\"https:\/\/noti-america.com\/site\/principal\/wp-content\/uploads\/sites\/26\/2018\/07\/francia-croacia.jpg\",\"contentUrl\":\"https:\/\/noti-america.com\/site\/principal\/wp-content\/uploads\/sites\/26\/2018\/07\/francia-croacia.jpg\",\"width\":924,\"height\":530},{\"@type\":\"BreadcrumbList\",\"@id\":\"https:\/\/noti-america.com\/site\/principal\/2018\/07\/12\/francia-croacia-la-gran-final-fifa-copa-del-mundo-2018\/#breadcrumb\",\"itemListElement\":[{\"@type\":\"ListItem\",\"position\":1,\"name\":\"Portada\",\"item\":\"https:\/\/noti-america.com\/site\/principal\/\"},{\"@type\":\"ListItem\",\"position\":2,\"name\":\"Francia &#8211; Croacia, La gran final #FIFA Copa del mundo 2018\"}]},{\"@type\":\"WebSite\",\"@id\":\"https:\/\/noti-america.com\/site\/principal\/#website\",\"url\":\"https:\/\/noti-america.com\/site\/principal\/\",\"name\":\"Noti-America.com\",\"description\":\"El Noticiero Digital M\u00e1s Grande de Am\u00e9rica\",\"potentialAction\":[{\"@type\":\"SearchAction\",\"target\":{\"@type\":\"EntryPoint\",\"urlTemplate\":\"https:\/\/noti-america.com\/site\/principal\/?s={search_term_string}\"},\"query-input\":{\"@type\":\"PropertyValueSpecification\",\"valueRequired\":true,\"valueName\":\"search_term_string\"}}],\"inLanguage\":\"es\"},{\"@type\":\"Person\",\"@id\":\"https:\/\/noti-america.com\/site\/principal\/#\/schema\/person\/1a24e37c3c358f389f0a111448ddb870\",\"name\":\"Ydalith Figueroa Kad-Bay\",\"image\":{\"@type\":\"ImageObject\",\"inLanguage\":\"es\",\"@id\":\"https:\/\/secure.gravatar.com\/avatar\/7d1e350465afd215908c3ed413e32ef600cd41c3c21b95416252432a9f6c219c?s=96&d=mm&r=g\",\"url\":\"https:\/\/secure.gravatar.com\/avatar\/7d1e350465afd215908c3ed413e32ef600cd41c3c21b95416252432a9f6c219c?s=96&d=mm&r=g\",\"contentUrl\":\"https:\/\/secure.gravatar.com\/avatar\/7d1e350465afd215908c3ed413e32ef600cd41c3c21b95416252432a9f6c219c?s=96&d=mm&r=g\",\"caption\":\"Ydalith Figueroa Kad-Bay\"},\"description\":\"CEO Noti-America Alemania Embajadora de Venezuela para el Proyecto de Acci\u00f3n Clim\u00e1tica de la ONU, Embajadora para la ense\u00f1anza de los ODS de la ONU, Amplificador de la Acci\u00f3n de los ODS de la ONU, Profesor Voluntario del Proyecto KAKUMA (Educaci\u00f3n de calidad para refugiados en \u00c1frica) UNHCR \u2013 ACNUR - Agencia para los refugiados de la ONU-, Miembro de la ONG Gente Y Ciudad, Embajador de las Instituciones de Microfinanzas \u201cNo a la pobreza ODS #1 de la ONU\u201d (todos tienen derecho a acceso a un cr\u00e9dito), y Voluntario al di\u00e1logo global de UN75. Twitter @ydalithkad email ydalith@yhaoo.com Locutor Profesional 32931 Universidad Central de Venezuela @ISHannover \\\"Colegio Internacional de Hannover Regi\u00f3n, Alemania\\\" Representante de Aprendizaje Innovaci\u00f3n y Tecnolog\u00eda #LMS (Sistema de Gesti\u00f3n de Aprendizaje) #LMS Gente y Ciudad &amp; Asesores Internacionales ONG Alemania. ONG \\\"Gente y Ciudad, Venezuela\\\" Miembro y Asesor especialista An\u00e1lisis de Pol\u00edtica Internacional Asesor Pol\u00edtico Internacional de Venezuela en la defensa de los Derechos Humanos y el restablecimiento Democr\u00e1tico. Diplomacia positiva y Activa. Pasi\u00f3n por el Golf Proyecto #LMS \\\"Golf para ni\u00f1os y adultos Internacional\\\" Pasi\u00f3n por los Postres Proyecto #LMS \\\"Postres, Que Unen a las Culturas del mundo\\\"\",\"sameAs\":[\"https:\/\/x.com\/ydalithkad\"],\"url\":\"https:\/\/noti-america.com\/site\/principal\/author\/yfigueroa\/\"}]}<\/script>\n<!-- \/ Yoast SEO Premium plugin. -->","yoast_head_json":{"title":"Francia - Croacia, La gran final #FIFA Copa del mundo 2018 - Noti-America.com","robots":{"index":"index","follow":"follow","max-snippet":"max-snippet:-1","max-image-preview":"max-image-preview:large","max-video-preview":"max-video-preview:-1"},"canonical":"https:\/\/noti-america.com\/site\/principal\/2018\/07\/12\/francia-croacia-la-gran-final-fifa-copa-del-mundo-2018\/","og_locale":"es_ES","og_type":"article","og_title":"Francia - Croacia, La gran final #FIFA Copa del mundo 2018","og_description":"Fuente (FIFA , editado por Ydalith Figueroa Kad-Bay\u00a0 CEO Noti-Am;erica Alemania ) Un gol de Samuel Umtiti meti\u00f3 a Francia en su tercera final Croacia venci\u00f3 a Inglaterra en tiempo extra y se alista&#46;&#46;&#46;","og_url":"https:\/\/noti-america.com\/site\/principal\/2018\/07\/12\/francia-croacia-la-gran-final-fifa-copa-del-mundo-2018\/","og_site_name":"Noti-America.com","article_published_time":"2018-07-12T20:36:16+00:00","og_image":[{"width":924,"height":530,"url":"https:\/\/noti-america.com\/site\/principal\/wp-content\/uploads\/sites\/26\/2018\/07\/francia-croacia.jpg","type":"image\/jpeg"}],"author":"Ydalith Figueroa Kad-Bay","twitter_card":"summary_large_image","twitter_creator":"@ydalithkad","twitter_misc":{"Escrito por":"Ydalith Figueroa Kad-Bay","Tiempo estimado de lectura":"2 minutos"},"schema":{"@context":"https:\/\/schema.org","@graph":[{"@type":"Article","@id":"https:\/\/noti-america.com\/site\/principal\/2018\/07\/12\/francia-croacia-la-gran-final-fifa-copa-del-mundo-2018\/#article","isPartOf":{"@id":"https:\/\/noti-america.com\/site\/principal\/2018\/07\/12\/francia-croacia-la-gran-final-fifa-copa-del-mundo-2018\/"},"author":{"name":"Ydalith Figueroa Kad-Bay","@id":"https:\/\/noti-america.com\/site\/principal\/#\/schema\/person\/1a24e37c3c358f389f0a111448ddb870"},"headline":"Francia &#8211; Croacia, La gran final #FIFA Copa del mundo 2018","datePublished":"2018-07-12T20:36:16+00:00","mainEntityOfPage":{"@id":"https:\/\/noti-america.com\/site\/principal\/2018\/07\/12\/francia-croacia-la-gran-final-fifa-copa-del-mundo-2018\/"},"wordCount":494,"commentCount":0,"image":{"@id":"https:\/\/noti-america.com\/site\/principal\/2018\/07\/12\/francia-croacia-la-gran-final-fifa-copa-del-mundo-2018\/#primaryimage"},"thumbnailUrl":"https:\/\/noti-america.com\/site\/principal\/wp-content\/uploads\/sites\/26\/2018\/07\/francia-croacia.jpg","keywords":["#CROFRA","#worldcup #copadelmundo"],"articleSection":["Croacia","Deportes","Francia","Internacionales"],"inLanguage":"es","potentialAction":[{"@type":"CommentAction","name":"Comment","target":["https:\/\/noti-america.com\/site\/principal\/2018\/07\/12\/francia-croacia-la-gran-final-fifa-copa-del-mundo-2018\/#respond"]}]},{"@type":"WebPage","@id":"https:\/\/noti-america.com\/site\/principal\/2018\/07\/12\/francia-croacia-la-gran-final-fifa-copa-del-mundo-2018\/","url":"https:\/\/noti-america.com\/site\/principal\/2018\/07\/12\/francia-croacia-la-gran-final-fifa-copa-del-mundo-2018\/","name":"Francia - Croacia, La gran final #FIFA Copa del mundo 2018 - Noti-America.com","isPartOf":{"@id":"https:\/\/noti-america.com\/site\/principal\/#website"},"primaryImageOfPage":{"@id":"https:\/\/noti-america.com\/site\/principal\/2018\/07\/12\/francia-croacia-la-gran-final-fifa-copa-del-mundo-2018\/#primaryimage"},"image":{"@id":"https:\/\/noti-america.com\/site\/principal\/2018\/07\/12\/francia-croacia-la-gran-final-fifa-copa-del-mundo-2018\/#primaryimage"},"thumbnailUrl":"https:\/\/noti-america.com\/site\/principal\/wp-content\/uploads\/sites\/26\/2018\/07\/francia-croacia.jpg","datePublished":"2018-07-12T20:36:16+00:00","author":{"@id":"https:\/\/noti-america.com\/site\/principal\/#\/schema\/person\/1a24e37c3c358f389f0a111448ddb870"},"breadcrumb":{"@id":"https:\/\/noti-america.com\/site\/principal\/2018\/07\/12\/francia-croacia-la-gran-final-fifa-copa-del-mundo-2018\/#breadcrumb"},"inLanguage":"es","potentialAction":[{"@type":"ReadAction","target":["https:\/\/noti-america.com\/site\/principal\/2018\/07\/12\/francia-croacia-la-gran-final-fifa-copa-del-mundo-2018\/"]}]},{"@type":"ImageObject","inLanguage":"es","@id":"https:\/\/noti-america.com\/site\/principal\/2018\/07\/12\/francia-croacia-la-gran-final-fifa-copa-del-mundo-2018\/#primaryimage","url":"https:\/\/noti-america.com\/site\/principal\/wp-content\/uploads\/sites\/26\/2018\/07\/francia-croacia.jpg","contentUrl":"https:\/\/noti-america.com\/site\/principal\/wp-content\/uploads\/sites\/26\/2018\/07\/francia-croacia.jpg","width":924,"height":530},{"@type":"BreadcrumbList","@id":"https:\/\/noti-america.com\/site\/principal\/2018\/07\/12\/francia-croacia-la-gran-final-fifa-copa-del-mundo-2018\/#breadcrumb","itemListElement":[{"@type":"ListItem","position":1,"name":"Portada","item":"https:\/\/noti-america.com\/site\/principal\/"},{"@type":"ListItem","position":2,"name":"Francia &#8211; Croacia, La gran final #FIFA Copa del mundo 2018"}]},{"@type":"WebSite","@id":"https:\/\/noti-america.com\/site\/principal\/#website","url":"https:\/\/noti-america.com\/site\/principal\/","name":"Noti-America.com","description":"El Noticiero Digital M\u00e1s Grande de Am\u00e9rica","potentialAction":[{"@type":"SearchAction","target":{"@type":"EntryPoint","urlTemplate":"https:\/\/noti-america.com\/site\/principal\/?s={search_term_string}"},"query-input":{"@type":"PropertyValueSpecification","valueRequired":true,"valueName":"search_term_string"}}],"inLanguage":"es"},{"@type":"Person","@id":"https:\/\/noti-america.com\/site\/principal\/#\/schema\/person\/1a24e37c3c358f389f0a111448ddb870","name":"Ydalith Figueroa Kad-Bay","image":{"@type":"ImageObject","inLanguage":"es","@id":"https:\/\/secure.gravatar.com\/avatar\/7d1e350465afd215908c3ed413e32ef600cd41c3c21b95416252432a9f6c219c?s=96&d=mm&r=g","url":"https:\/\/secure.gravatar.com\/avatar\/7d1e350465afd215908c3ed413e32ef600cd41c3c21b95416252432a9f6c219c?s=96&d=mm&r=g","contentUrl":"https:\/\/secure.gravatar.com\/avatar\/7d1e350465afd215908c3ed413e32ef600cd41c3c21b95416252432a9f6c219c?s=96&d=mm&r=g","caption":"Ydalith Figueroa Kad-Bay"},"description":"CEO Noti-America Alemania Embajadora de Venezuela para el Proyecto de Acci\u00f3n Clim\u00e1tica de la ONU, Embajadora para la ense\u00f1anza de los ODS de la ONU, Amplificador de la Acci\u00f3n de los ODS de la ONU, Profesor Voluntario del Proyecto KAKUMA (Educaci\u00f3n de calidad para refugiados en \u00c1frica) UNHCR \u2013 ACNUR - Agencia para los refugiados de la ONU-, Miembro de la ONG Gente Y Ciudad, Embajador de las Instituciones de Microfinanzas \u201cNo a la pobreza ODS #1 de la ONU\u201d (todos tienen derecho a acceso a un cr\u00e9dito), y Voluntario al di\u00e1logo global de UN75. Twitter @ydalithkad email ydalith@yhaoo.com Locutor Profesional 32931 Universidad Central de Venezuela @ISHannover \"Colegio Internacional de Hannover Regi\u00f3n, Alemania\" Representante de Aprendizaje Innovaci\u00f3n y Tecnolog\u00eda #LMS (Sistema de Gesti\u00f3n de Aprendizaje) #LMS Gente y Ciudad &amp; Asesores Internacionales ONG Alemania. ONG \"Gente y Ciudad, Venezuela\" Miembro y Asesor especialista An\u00e1lisis de Pol\u00edtica Internacional Asesor Pol\u00edtico Internacional de Venezuela en la defensa de los Derechos Humanos y el restablecimiento Democr\u00e1tico. Diplomacia positiva y Activa. Pasi\u00f3n por el Golf Proyecto #LMS \"Golf para ni\u00f1os y adultos Internacional\" Pasi\u00f3n por los Postres Proyecto #LMS \"Postres, Que Unen a las Culturas del mundo\"","sameAs":["https:\/\/x.com\/ydalithkad"],"url":"https:\/\/noti-america.com\/site\/principal\/author\/yfigueroa\/"}]}},"_links":{"self":[{"href":"https:\/\/noti-america.com\/site\/principal\/wp-json\/wp\/v2\/posts\/5398","targetHints":{"allow":["GET"]}}],"collection":[{"href":"https:\/\/noti-america.com\/site\/principal\/wp-json\/wp\/v2\/posts"}],"about":[{"href":"https:\/\/noti-america.com\/site\/principal\/wp-json\/wp\/v2\/types\/post"}],"author":[{"embeddable":true,"href":"https:\/\/noti-america.com\/site\/principal\/wp-json\/wp\/v2\/users\/31"}],"replies":[{"embeddable":true,"href":"https:\/\/noti-america.com\/site\/principal\/wp-json\/wp\/v2\/comments?post=5398"}],"version-history":[{"count":1,"href":"https:\/\/noti-america.com\/site\/principal\/wp-json\/wp\/v2\/posts\/5398\/revisions"}],"predecessor-version":[{"id":5400,"href":"https:\/\/noti-america.com\/site\/principal\/wp-json\/wp\/v2\/posts\/5398\/revisions\/5400"}],"wp:featuredmedia":[{"embeddable":true,"href":"https:\/\/noti-america.com\/site\/principal\/wp-json\/wp\/v2\/media\/5399"}],"wp:attachment":[{"href":"https:\/\/noti-america.com\/site\/principal\/wp-json\/wp\/v2\/media?parent=5398"}],"wp:term":[{"taxonomy":"category","embeddable":true,"href":"https:\/\/noti-america.com\/site\/principal\/wp-json\/wp\/v2\/categories?post=5398"},{"taxonomy":"post_tag","embeddable":true,"href":"https:\/\/noti-america.com\/site\/principal\/wp-json\/wp\/v2\/tags?post=5398"}],"curies":[{"name":"wp","href":"https:\/\/api.w.org\/{rel}","templated":true}]}}