{"id":53913,"date":"2024-09-25T16:04:00","date_gmt":"2024-09-25T20:04:00","guid":{"rendered":"https:\/\/noti-america.com\/site\/principal\/?p=53913"},"modified":"2024-09-25T16:04:00","modified_gmt":"2024-09-25T20:04:00","slug":"boric-en-la-onu-me-niego-a-elegir-entre-el-terrorismo-de-hamas-y-la-conducta-genocida-de-netanyahu","status":"publish","type":"post","link":"https:\/\/noti-america.com\/site\/principal\/2024\/09\/25\/boric-en-la-onu-me-niego-a-elegir-entre-el-terrorismo-de-hamas-y-la-conducta-genocida-de-netanyahu\/","title":{"rendered":"Boric en la ONU: &#8220;Me niego a elegir entre el terrorismo de Ham\u00e1s y la conducta genocida de Netanyahu&#8221;"},"content":{"rendered":"<p>NOTI-AMERICA.COM | CHILE<\/p>\n<p style=\"text-align: justify\">La tarde de este martes, en su intervenci\u00f3n en la Asamblea General de las Naciones Unidas en Nueva York, Estados Unidos, el presidente Gabriel Boric volvi\u00f3 a referirse en duros t\u00e9rminos a la situaci\u00f3n que ocurre en Palestina e Israel y la violaci\u00f3n a los Derechos Humanos que existe en ese territorio.<\/p>\n<p style=\"text-align: justify\">Al respecto, el mandatario dijo: \u201cme niego a elegir entre el terrorismo de Ham\u00e1s y la masacre y la conducta genocida del Israel de Netanyahu. No tenemos por qu\u00e9 elegir entre barbaries. Yo elijo la humanidad\u201c.<\/p>\n<p style=\"text-align: justify\">Adem\u00e1s, pidi\u00f3 a Israel \u201crespetar el derecho internacional, cesar el establecimiento y expansi\u00f3n de asentamientos ilegales en territorios palestinos y cesar la masacre en Gaza y los ataques indiscriminados a la poblaci\u00f3n civil\u201c.<\/p>\n<p style=\"text-align: justify\">\u201cDesde Chile nos rebelamos contra el doble est\u00e1ndar en materia de Derechos Humanos. Digo fuerte y claro que los DD. HH. se deben respetar siempre y en todo lugar, sin importar el color pol\u00edtico del dictador o presidente de turno que lo vulnere\u201c, insisti\u00f3 el presidente.<\/p>\n<p style=\"text-align: justify\">Antes de su discurso frente a la asamblea de la ONU, Boric particip\u00f3 del encuentro \u201cEn defensa de la democracia, lucha contra el extremismo\u201d, organizado por sus pares de Brasil y Espa\u00f1a, Luiz In\u00e1cio Lula da Silva y Pedro S\u00e1nchez, respectivamente.<\/p>\n<p style=\"text-align: justify\">Ah\u00ed, el jefe de Estado pidi\u00f3 que \u201cfrente a conflictos que desgarran al mundo\u201d la izquierda debe ser capaz \u201cde tener una sola posici\u00f3n conjunta\u201d ante la violaci\u00f3n a los Derechos Humanos.<\/p>\n<p style=\"text-align: justify\">\u201cNo pueden juzgarse seg\u00fan el dictador de turno que viole o el presidente que los viole. Se llame (Benjam\u00edn) Netanyahu en Israel o Nicol\u00e1s Maduro en Venezuela. Se llame (Daniel) Ortega en Nicaragua o (Vlad\u00edmir) Putin en Rusia\u201d, agreg\u00f3.<\/p>\n","protected":false},"excerpt":{"rendered":"<p>NOTI-AMERICA.COM | CHILE La tarde de este martes, en su intervenci\u00f3n en la Asamblea General de las Naciones Unidas en Nueva York, Estados Unidos, el presidente Gabriel Boric volvi\u00f3 a referirse en duros t\u00e9rminos&#46;&#46;&#46;<\/p>\n","protected":false},"author":133,"featured_media":52196,"comment_status":"","ping_status":"open","sticky":false,"template":"","format":"image","meta":{"_acf_changed":false,"rop_custom_images_group":[],"rop_custom_messages_group":[],"rop_publish_now":"initial","rop_publish_now_accounts":{"facebook_10219548024599422_1632221337088128":"","twitter_242054905_242054905":""},"rop_publish_now_history":[],"rop_publish_now_status":"pending","footnotes":""},"categories":[663],"tags":[],"class_list":["post-53913","post","type-post","status-publish","format-image","has-post-thumbnail","hentry","category-actualidad","post_format-post-format-image"],"acf":[],"yoast_head":"<!-- This site is optimized with the Yoast SEO Premium plugin v24.9 (Yoast SEO v27.2) - https:\/\/yoast.com\/product\/yoast-seo-premium-wordpress\/ -->\n<title>Boric en la ONU: &#8220;Me niego a elegir entre el terrorismo de Ham\u00e1s y la conducta genocida de Netanyahu&#8221; - Noti-America.com<\/title>\n<meta name=\"robots\" content=\"index, follow, max-snippet:-1, max-image-preview:large, max-video-preview:-1\" \/>\n<link rel=\"canonical\" href=\"https:\/\/noti-america.com\/site\/principal\/2024\/09\/25\/boric-en-la-onu-me-niego-a-elegir-entre-el-terrorismo-de-hamas-y-la-conducta-genocida-de-netanyahu\/\" \/>\n<meta property=\"og:locale\" content=\"es_ES\" \/>\n<meta property=\"og:type\" content=\"article\" \/>\n<meta property=\"og:title\" content=\"Boric en la ONU: &#8220;Me niego a elegir entre el terrorismo de Ham\u00e1s y la conducta genocida de Netanyahu&#8221;\" \/>\n<meta property=\"og:description\" content=\"NOTI-AMERICA.COM | CHILE La tarde de este martes, en su intervenci\u00f3n en la Asamblea General de las Naciones Unidas en Nueva York, Estados Unidos, el presidente Gabriel Boric volvi\u00f3 a referirse en duros t\u00e9rminos&#046;&#046;&#046;\" \/>\n<meta property=\"og:url\" content=\"https:\/\/noti-america.com\/site\/principal\/2024\/09\/25\/boric-en-la-onu-me-niego-a-elegir-entre-el-terrorismo-de-hamas-y-la-conducta-genocida-de-netanyahu\/\" \/>\n<meta property=\"og:site_name\" content=\"Noti-America.com\" \/>\n<meta property=\"article:author\" content=\"Mar\u00eda Valentina Noguera\" \/>\n<meta property=\"article:published_time\" content=\"2024-09-25T20:04:00+00:00\" \/>\n<meta property=\"og:image\" content=\"https:\/\/noti-america.com\/site\/principal\/wp-content\/uploads\/sites\/26\/2024\/08\/Presidente-Gabriel-Boric-1-620x413-1.png\" \/>\n\t<meta property=\"og:image:width\" content=\"1\" \/>\n\t<meta property=\"og:image:height\" content=\"1\" \/>\n\t<meta property=\"og:image:type\" content=\"image\/png\" \/>\n<meta name=\"author\" content=\"Maria Valentina Noguera Medina\" \/>\n<meta name=\"twitter:card\" content=\"summary_large_image\" \/>\n<meta name=\"twitter:label1\" content=\"Escrito por\" \/>\n\t<meta name=\"twitter:data1\" content=\"Maria Valentina Noguera Medina\" \/>\n\t<meta name=\"twitter:label2\" content=\"Tiempo estimado de lectura\" \/>\n\t<meta name=\"twitter:data2\" content=\"2 minutos\" \/>\n<script type=\"application\/ld+json\" class=\"yoast-schema-graph\">{\"@context\":\"https:\/\/schema.org\",\"@graph\":[{\"@type\":\"Article\",\"@id\":\"https:\/\/noti-america.com\/site\/principal\/2024\/09\/25\/boric-en-la-onu-me-niego-a-elegir-entre-el-terrorismo-de-hamas-y-la-conducta-genocida-de-netanyahu\/#article\",\"isPartOf\":{\"@id\":\"https:\/\/noti-america.com\/site\/principal\/2024\/09\/25\/boric-en-la-onu-me-niego-a-elegir-entre-el-terrorismo-de-hamas-y-la-conducta-genocida-de-netanyahu\/\"},\"author\":{\"name\":\"Maria Valentina Noguera Medina\",\"@id\":\"https:\/\/noti-america.com\/site\/principal\/#\/schema\/person\/22806efcc2cfc4b45efb0e17be210ea8\"},\"headline\":\"Boric en la ONU: &#8220;Me niego a elegir entre el terrorismo de Ham\u00e1s y la conducta genocida de Netanyahu&#8221;\",\"datePublished\":\"2024-09-25T20:04:00+00:00\",\"mainEntityOfPage\":{\"@id\":\"https:\/\/noti-america.com\/site\/principal\/2024\/09\/25\/boric-en-la-onu-me-niego-a-elegir-entre-el-terrorismo-de-hamas-y-la-conducta-genocida-de-netanyahu\/\"},\"wordCount\":321,\"image\":{\"@id\":\"https:\/\/noti-america.com\/site\/principal\/2024\/09\/25\/boric-en-la-onu-me-niego-a-elegir-entre-el-terrorismo-de-hamas-y-la-conducta-genocida-de-netanyahu\/#primaryimage\"},\"thumbnailUrl\":\"https:\/\/noti-america.com\/site\/principal\/wp-content\/uploads\/sites\/26\/2024\/08\/Presidente-Gabriel-Boric-1-620x413-1.png\",\"articleSection\":[\"Actualidad\"],\"inLanguage\":\"es\"},{\"@type\":\"WebPage\",\"@id\":\"https:\/\/noti-america.com\/site\/principal\/2024\/09\/25\/boric-en-la-onu-me-niego-a-elegir-entre-el-terrorismo-de-hamas-y-la-conducta-genocida-de-netanyahu\/\",\"url\":\"https:\/\/noti-america.com\/site\/principal\/2024\/09\/25\/boric-en-la-onu-me-niego-a-elegir-entre-el-terrorismo-de-hamas-y-la-conducta-genocida-de-netanyahu\/\",\"name\":\"Boric en la ONU: &#8220;Me niego a elegir entre el terrorismo de Ham\u00e1s y la conducta genocida de Netanyahu&#8221; - Noti-America.com\",\"isPartOf\":{\"@id\":\"https:\/\/noti-america.com\/site\/principal\/#website\"},\"primaryImageOfPage\":{\"@id\":\"https:\/\/noti-america.com\/site\/principal\/2024\/09\/25\/boric-en-la-onu-me-niego-a-elegir-entre-el-terrorismo-de-hamas-y-la-conducta-genocida-de-netanyahu\/#primaryimage\"},\"image\":{\"@id\":\"https:\/\/noti-america.com\/site\/principal\/2024\/09\/25\/boric-en-la-onu-me-niego-a-elegir-entre-el-terrorismo-de-hamas-y-la-conducta-genocida-de-netanyahu\/#primaryimage\"},\"thumbnailUrl\":\"https:\/\/noti-america.com\/site\/principal\/wp-content\/uploads\/sites\/26\/2024\/08\/Presidente-Gabriel-Boric-1-620x413-1.png\",\"datePublished\":\"2024-09-25T20:04:00+00:00\",\"author\":{\"@id\":\"https:\/\/noti-america.com\/site\/principal\/#\/schema\/person\/22806efcc2cfc4b45efb0e17be210ea8\"},\"breadcrumb\":{\"@id\":\"https:\/\/noti-america.com\/site\/principal\/2024\/09\/25\/boric-en-la-onu-me-niego-a-elegir-entre-el-terrorismo-de-hamas-y-la-conducta-genocida-de-netanyahu\/#breadcrumb\"},\"inLanguage\":\"es\",\"potentialAction\":[{\"@type\":\"ReadAction\",\"target\":[\"https:\/\/noti-america.com\/site\/principal\/2024\/09\/25\/boric-en-la-onu-me-niego-a-elegir-entre-el-terrorismo-de-hamas-y-la-conducta-genocida-de-netanyahu\/\"]}]},{\"@type\":\"ImageObject\",\"inLanguage\":\"es\",\"@id\":\"https:\/\/noti-america.com\/site\/principal\/2024\/09\/25\/boric-en-la-onu-me-niego-a-elegir-entre-el-terrorismo-de-hamas-y-la-conducta-genocida-de-netanyahu\/#primaryimage\",\"url\":\"https:\/\/noti-america.com\/site\/principal\/wp-content\/uploads\/sites\/26\/2024\/08\/Presidente-Gabriel-Boric-1-620x413-1.png\",\"contentUrl\":\"https:\/\/noti-america.com\/site\/principal\/wp-content\/uploads\/sites\/26\/2024\/08\/Presidente-Gabriel-Boric-1-620x413-1.png\"},{\"@type\":\"BreadcrumbList\",\"@id\":\"https:\/\/noti-america.com\/site\/principal\/2024\/09\/25\/boric-en-la-onu-me-niego-a-elegir-entre-el-terrorismo-de-hamas-y-la-conducta-genocida-de-netanyahu\/#breadcrumb\",\"itemListElement\":[{\"@type\":\"ListItem\",\"position\":1,\"name\":\"Portada\",\"item\":\"https:\/\/noti-america.com\/site\/principal\/\"},{\"@type\":\"ListItem\",\"position\":2,\"name\":\"Boric en la ONU: &#8220;Me niego a elegir entre el terrorismo de Ham\u00e1s y la conducta genocida de Netanyahu&#8221;\"}]},{\"@type\":\"WebSite\",\"@id\":\"https:\/\/noti-america.com\/site\/principal\/#website\",\"url\":\"https:\/\/noti-america.com\/site\/principal\/\",\"name\":\"Noti-America.com\",\"description\":\"El Noticiero Digital M\u00e1s Grande de Am\u00e9rica\",\"potentialAction\":[{\"@type\":\"SearchAction\",\"target\":{\"@type\":\"EntryPoint\",\"urlTemplate\":\"https:\/\/noti-america.com\/site\/principal\/?s={search_term_string}\"},\"query-input\":{\"@type\":\"PropertyValueSpecification\",\"valueRequired\":true,\"valueName\":\"search_term_string\"}}],\"inLanguage\":\"es\"},{\"@type\":\"Person\",\"@id\":\"https:\/\/noti-america.com\/site\/principal\/#\/schema\/person\/22806efcc2cfc4b45efb0e17be210ea8\",\"name\":\"Maria Valentina Noguera Medina\",\"image\":{\"@type\":\"ImageObject\",\"inLanguage\":\"es\",\"@id\":\"https:\/\/secure.gravatar.com\/avatar\/4ec5eb9d099f2608a49c9df6f7341f66f04f819cdffa09d56a7a0e91d2819d56?s=96&d=mm&r=g\",\"url\":\"https:\/\/secure.gravatar.com\/avatar\/4ec5eb9d099f2608a49c9df6f7341f66f04f819cdffa09d56a7a0e91d2819d56?s=96&d=mm&r=g\",\"contentUrl\":\"https:\/\/secure.gravatar.com\/avatar\/4ec5eb9d099f2608a49c9df6f7341f66f04f819cdffa09d56a7a0e91d2819d56?s=96&d=mm&r=g\",\"caption\":\"Maria Valentina Noguera Medina\"},\"description\":\"Periodista - noti-america - Promar Community Manager - Talento Plus Dise\u00f1adora\/ creadora de contenido...\",\"sameAs\":[\"Mar\u00eda Valentina Noguera\",\"https:\/\/www.facebook.com\/mariavalentina.noguera\",\"https:\/\/www.linkedin.com\/in\/mara-valentina-noguera-medina-373075165\/\",\"https:\/\/www.pinterest.es\/valentinanoguera95\/\",\"https:\/\/www.youtube.com\/channel\/UCdek6mbUZ-Tqqw0I63i4nmQ\"],\"url\":\"https:\/\/noti-america.com\/site\/principal\/author\/mnoguera\/\"}]}<\/script>\n<!-- \/ Yoast SEO Premium plugin. -->","yoast_head_json":{"title":"Boric en la ONU: &#8220;Me niego a elegir entre el terrorismo de Ham\u00e1s y la conducta genocida de Netanyahu&#8221; - Noti-America.com","robots":{"index":"index","follow":"follow","max-snippet":"max-snippet:-1","max-image-preview":"max-image-preview:large","max-video-preview":"max-video-preview:-1"},"canonical":"https:\/\/noti-america.com\/site\/principal\/2024\/09\/25\/boric-en-la-onu-me-niego-a-elegir-entre-el-terrorismo-de-hamas-y-la-conducta-genocida-de-netanyahu\/","og_locale":"es_ES","og_type":"article","og_title":"Boric en la ONU: &#8220;Me niego a elegir entre el terrorismo de Ham\u00e1s y la conducta genocida de Netanyahu&#8221;","og_description":"NOTI-AMERICA.COM | CHILE La tarde de este martes, en su intervenci\u00f3n en la Asamblea General de las Naciones Unidas en Nueva York, Estados Unidos, el presidente Gabriel Boric volvi\u00f3 a referirse en duros t\u00e9rminos&#46;&#46;&#46;","og_url":"https:\/\/noti-america.com\/site\/principal\/2024\/09\/25\/boric-en-la-onu-me-niego-a-elegir-entre-el-terrorismo-de-hamas-y-la-conducta-genocida-de-netanyahu\/","og_site_name":"Noti-America.com","article_author":"Mar\u00eda Valentina Noguera","article_published_time":"2024-09-25T20:04:00+00:00","og_image":[{"url":"https:\/\/noti-america.com\/site\/principal\/wp-content\/uploads\/sites\/26\/2024\/08\/Presidente-Gabriel-Boric-1-620x413-1.png","width":1,"height":1,"type":"image\/png"}],"author":"Maria Valentina Noguera Medina","twitter_card":"summary_large_image","twitter_misc":{"Escrito por":"Maria Valentina Noguera Medina","Tiempo estimado de lectura":"2 minutos"},"schema":{"@context":"https:\/\/schema.org","@graph":[{"@type":"Article","@id":"https:\/\/noti-america.com\/site\/principal\/2024\/09\/25\/boric-en-la-onu-me-niego-a-elegir-entre-el-terrorismo-de-hamas-y-la-conducta-genocida-de-netanyahu\/#article","isPartOf":{"@id":"https:\/\/noti-america.com\/site\/principal\/2024\/09\/25\/boric-en-la-onu-me-niego-a-elegir-entre-el-terrorismo-de-hamas-y-la-conducta-genocida-de-netanyahu\/"},"author":{"name":"Maria Valentina Noguera Medina","@id":"https:\/\/noti-america.com\/site\/principal\/#\/schema\/person\/22806efcc2cfc4b45efb0e17be210ea8"},"headline":"Boric en la ONU: &#8220;Me niego a elegir entre el terrorismo de Ham\u00e1s y la conducta genocida de Netanyahu&#8221;","datePublished":"2024-09-25T20:04:00+00:00","mainEntityOfPage":{"@id":"https:\/\/noti-america.com\/site\/principal\/2024\/09\/25\/boric-en-la-onu-me-niego-a-elegir-entre-el-terrorismo-de-hamas-y-la-conducta-genocida-de-netanyahu\/"},"wordCount":321,"image":{"@id":"https:\/\/noti-america.com\/site\/principal\/2024\/09\/25\/boric-en-la-onu-me-niego-a-elegir-entre-el-terrorismo-de-hamas-y-la-conducta-genocida-de-netanyahu\/#primaryimage"},"thumbnailUrl":"https:\/\/noti-america.com\/site\/principal\/wp-content\/uploads\/sites\/26\/2024\/08\/Presidente-Gabriel-Boric-1-620x413-1.png","articleSection":["Actualidad"],"inLanguage":"es"},{"@type":"WebPage","@id":"https:\/\/noti-america.com\/site\/principal\/2024\/09\/25\/boric-en-la-onu-me-niego-a-elegir-entre-el-terrorismo-de-hamas-y-la-conducta-genocida-de-netanyahu\/","url":"https:\/\/noti-america.com\/site\/principal\/2024\/09\/25\/boric-en-la-onu-me-niego-a-elegir-entre-el-terrorismo-de-hamas-y-la-conducta-genocida-de-netanyahu\/","name":"Boric en la ONU: &#8220;Me niego a elegir entre el terrorismo de Ham\u00e1s y la conducta genocida de Netanyahu&#8221; - Noti-America.com","isPartOf":{"@id":"https:\/\/noti-america.com\/site\/principal\/#website"},"primaryImageOfPage":{"@id":"https:\/\/noti-america.com\/site\/principal\/2024\/09\/25\/boric-en-la-onu-me-niego-a-elegir-entre-el-terrorismo-de-hamas-y-la-conducta-genocida-de-netanyahu\/#primaryimage"},"image":{"@id":"https:\/\/noti-america.com\/site\/principal\/2024\/09\/25\/boric-en-la-onu-me-niego-a-elegir-entre-el-terrorismo-de-hamas-y-la-conducta-genocida-de-netanyahu\/#primaryimage"},"thumbnailUrl":"https:\/\/noti-america.com\/site\/principal\/wp-content\/uploads\/sites\/26\/2024\/08\/Presidente-Gabriel-Boric-1-620x413-1.png","datePublished":"2024-09-25T20:04:00+00:00","author":{"@id":"https:\/\/noti-america.com\/site\/principal\/#\/schema\/person\/22806efcc2cfc4b45efb0e17be210ea8"},"breadcrumb":{"@id":"https:\/\/noti-america.com\/site\/principal\/2024\/09\/25\/boric-en-la-onu-me-niego-a-elegir-entre-el-terrorismo-de-hamas-y-la-conducta-genocida-de-netanyahu\/#breadcrumb"},"inLanguage":"es","potentialAction":[{"@type":"ReadAction","target":["https:\/\/noti-america.com\/site\/principal\/2024\/09\/25\/boric-en-la-onu-me-niego-a-elegir-entre-el-terrorismo-de-hamas-y-la-conducta-genocida-de-netanyahu\/"]}]},{"@type":"ImageObject","inLanguage":"es","@id":"https:\/\/noti-america.com\/site\/principal\/2024\/09\/25\/boric-en-la-onu-me-niego-a-elegir-entre-el-terrorismo-de-hamas-y-la-conducta-genocida-de-netanyahu\/#primaryimage","url":"https:\/\/noti-america.com\/site\/principal\/wp-content\/uploads\/sites\/26\/2024\/08\/Presidente-Gabriel-Boric-1-620x413-1.png","contentUrl":"https:\/\/noti-america.com\/site\/principal\/wp-content\/uploads\/sites\/26\/2024\/08\/Presidente-Gabriel-Boric-1-620x413-1.png"},{"@type":"BreadcrumbList","@id":"https:\/\/noti-america.com\/site\/principal\/2024\/09\/25\/boric-en-la-onu-me-niego-a-elegir-entre-el-terrorismo-de-hamas-y-la-conducta-genocida-de-netanyahu\/#breadcrumb","itemListElement":[{"@type":"ListItem","position":1,"name":"Portada","item":"https:\/\/noti-america.com\/site\/principal\/"},{"@type":"ListItem","position":2,"name":"Boric en la ONU: &#8220;Me niego a elegir entre el terrorismo de Ham\u00e1s y la conducta genocida de Netanyahu&#8221;"}]},{"@type":"WebSite","@id":"https:\/\/noti-america.com\/site\/principal\/#website","url":"https:\/\/noti-america.com\/site\/principal\/","name":"Noti-America.com","description":"El Noticiero Digital M\u00e1s Grande de Am\u00e9rica","potentialAction":[{"@type":"SearchAction","target":{"@type":"EntryPoint","urlTemplate":"https:\/\/noti-america.com\/site\/principal\/?s={search_term_string}"},"query-input":{"@type":"PropertyValueSpecification","valueRequired":true,"valueName":"search_term_string"}}],"inLanguage":"es"},{"@type":"Person","@id":"https:\/\/noti-america.com\/site\/principal\/#\/schema\/person\/22806efcc2cfc4b45efb0e17be210ea8","name":"Maria Valentina Noguera Medina","image":{"@type":"ImageObject","inLanguage":"es","@id":"https:\/\/secure.gravatar.com\/avatar\/4ec5eb9d099f2608a49c9df6f7341f66f04f819cdffa09d56a7a0e91d2819d56?s=96&d=mm&r=g","url":"https:\/\/secure.gravatar.com\/avatar\/4ec5eb9d099f2608a49c9df6f7341f66f04f819cdffa09d56a7a0e91d2819d56?s=96&d=mm&r=g","contentUrl":"https:\/\/secure.gravatar.com\/avatar\/4ec5eb9d099f2608a49c9df6f7341f66f04f819cdffa09d56a7a0e91d2819d56?s=96&d=mm&r=g","caption":"Maria Valentina Noguera Medina"},"description":"Periodista - noti-america - Promar Community Manager - Talento Plus Dise\u00f1adora\/ creadora de contenido...","sameAs":["Mar\u00eda Valentina Noguera","https:\/\/www.facebook.com\/mariavalentina.noguera","https:\/\/www.linkedin.com\/in\/mara-valentina-noguera-medina-373075165\/","https:\/\/www.pinterest.es\/valentinanoguera95\/","https:\/\/www.youtube.com\/channel\/UCdek6mbUZ-Tqqw0I63i4nmQ"],"url":"https:\/\/noti-america.com\/site\/principal\/author\/mnoguera\/"}]}},"_links":{"self":[{"href":"https:\/\/noti-america.com\/site\/principal\/wp-json\/wp\/v2\/posts\/53913","targetHints":{"allow":["GET"]}}],"collection":[{"href":"https:\/\/noti-america.com\/site\/principal\/wp-json\/wp\/v2\/posts"}],"about":[{"href":"https:\/\/noti-america.com\/site\/principal\/wp-json\/wp\/v2\/types\/post"}],"author":[{"embeddable":true,"href":"https:\/\/noti-america.com\/site\/principal\/wp-json\/wp\/v2\/users\/133"}],"replies":[{"embeddable":true,"href":"https:\/\/noti-america.com\/site\/principal\/wp-json\/wp\/v2\/comments?post=53913"}],"version-history":[{"count":1,"href":"https:\/\/noti-america.com\/site\/principal\/wp-json\/wp\/v2\/posts\/53913\/revisions"}],"predecessor-version":[{"id":53941,"href":"https:\/\/noti-america.com\/site\/principal\/wp-json\/wp\/v2\/posts\/53913\/revisions\/53941"}],"wp:featuredmedia":[{"embeddable":true,"href":"https:\/\/noti-america.com\/site\/principal\/wp-json\/wp\/v2\/media\/52196"}],"wp:attachment":[{"href":"https:\/\/noti-america.com\/site\/principal\/wp-json\/wp\/v2\/media?parent=53913"}],"wp:term":[{"taxonomy":"category","embeddable":true,"href":"https:\/\/noti-america.com\/site\/principal\/wp-json\/wp\/v2\/categories?post=53913"},{"taxonomy":"post_tag","embeddable":true,"href":"https:\/\/noti-america.com\/site\/principal\/wp-json\/wp\/v2\/tags?post=53913"}],"curies":[{"name":"wp","href":"https:\/\/api.w.org\/{rel}","templated":true}]}}