{"id":53867,"date":"2024-09-25T05:03:42","date_gmt":"2024-09-25T09:03:42","guid":{"rendered":"https:\/\/noti-america.com\/site\/principal\/?p=53867"},"modified":"2024-09-25T05:03:42","modified_gmt":"2024-09-25T09:03:42","slug":"https-noti-america-com-site-repdom-2024-09-25-dr-yanio-concepcion-recibe-reconocimiento-de-alto-nivel-en-panama-por-su-impacto-en-el-cooperativismo","status":"publish","type":"post","link":"https:\/\/noti-america.com\/site\/principal\/2024\/09\/25\/https-noti-america-com-site-repdom-2024-09-25-dr-yanio-concepcion-recibe-reconocimiento-de-alto-nivel-en-panama-por-su-impacto-en-el-cooperativismo\/","title":{"rendered":"https:\/\/noti-america.com\/site\/repdom\/2024\/09\/25\/dr-yanio-concepcion-recibe-reconocimiento-de-alto-nivel-en-panama-por-su-impacto-en-el-cooperativismo\/"},"content":{"rendered":"<p><strong>Noti-Am\u00e9rica Rep\u00fablica Dominicana<\/strong><br \/>\n<b>Ciudad de M\u00e9xico.<\/b><\/p>\n<p>&nbsp;<\/p>\n<p>Por Araceli Aguilar Salgado<\/p>\n<p><strong><em>\u00abHoy vivimos una verdadera transformaci\u00f3n en nuestro pa\u00eds, celebramos el orgullo de ser mexicanos desde la Casa del Pueblo en Chilpancingo de los Bravo Guerrero\u201d<\/em><\/strong><\/p>\n<p style=\"text-align: justify\">Desde la Casa del Pueblo y acompa\u00f1ada por miles de guerrerenses en una espectacular noche mexicana la gobernadora Evelyn Cecia Salgado Pineda record\u00f3 a los h\u00e9roes que nos dieron Patria y Libertad con un hist\u00f3rico Grito de Independencia que desde el balc\u00f3n del Palacio de Gobierno se escuch\u00f3 en todo lo alto conmemorando el 214 Aniversario de la Independencia de M\u00e9xico.<\/p>\n<p style=\"text-align: justify\">En este su tercer Grito de Independencia, Salgado Pineda reafirm\u00f3 su compromiso con el pueblo guerrerense de seguir escribiendo juntos la historia de progreso y bienestar.<\/p>\n<p style=\"text-align: justify\">Lo hizo ante un lleno total de la explanada de la Casa del Pueblo que en una gran noche mexicana recordaron a los h\u00e9roes que nos dieron Patria y Libertad liberando a M\u00e9xico del yugo de los espa\u00f1oles.<\/p>\n<p style=\"text-align: justify\">Con una verbena popular, m\u00fasica, fuegos pirot\u00e9cnicos y con el orgullo de ser mexicanos la gobernadora record\u00f3 junto a las familias guerrerenses a los h\u00e9roes de la Independencia de M\u00e9xico.<\/p>\n<p style=\"text-align: justify\">Y con ese orgullo de ser mexicanos la gobernadora pronunci\u00f3 el tan esperado \u00a1Viva la Independencia!, \u00a1Vivan las Mujeres y los Hombres que nos dieron Patria y Libertad!, \u00a1Viva Miguel Hidalgo y Costilla! !Viva Jos\u00e9 Mar\u00eda Morelos y Pav\u00f3n!, \u00a1Viva Josefa Ortiz de Dom\u00ednguez!, \u00a1Viva Allende!, \u00a1Viva Leona Vicario!, \u00a1Viva Antonia Nava de Catal\u00e1n!, \u00a1Viva Vicente Guerrero!<\/p>\n<p style=\"text-align: justify\">Agregando el toque especial de \u00a1Vivan nuestros Pueblos Ind\u00edgenas y Afromexicanos! \u00a1Viva la Justicia! \u00a1Viva la Paz! \u00a1Viva la Libertad! \u00a1Viva Guerrero! \u00a1Viva M\u00e9xico! \u00a1Viva M\u00e9xico! \u00a1Viva M\u00e9xico!<\/p>\n<p style=\"text-align: justify\">La celebraci\u00f3n del Grito de Independencia se realiz\u00f3 en un ambiente de alegr\u00eda, de unidad entre pueblo y gobierno contando con la presencia de artistas como Mi Banda el Mexicano y LDS Los del Sabor, sin faltar la m\u00fasica del mariachi que dio el toque especial a esta gran noche mexicana.<\/p>\n<p style=\"text-align: justify\">Previo al acto solemne se efectu\u00f3 la rifa de diversas motocicletas entre los asistentes en donde los afortunados se mostraron agradecidos por est\u00e1s acciones de la mandataria guerrerense.<\/p>\n<p style=\"text-align: justify\">Adem\u00e1s de que los miles de asistentes disfrutaron de una emotiva y suculenta verbena popular con antojitos mexicanos realizada ah\u00ed en la explanada del Palacio de Gobierno que estuvo majestuosamente a reventar; evento en donde no pod\u00eda faltar la pirotecnia y las figuras luminosas formadas por drones que hicieron hist\u00f3rico este tradicional Grito de Independencia Junto a miles de familias guerrerense recordando la lucha por la grandeza de M\u00e9xico al Padre de la Patria, el cura Miguel Hidalgo y Costilla.<\/p>\n<p style=\"text-align: justify\"><strong><em>\u201cEsta noche honramos el legado de las grandes mujeres y valientes hombres que nos dieron libertad, y en una sola voz nos unimos para gritar con enorme fervor patrio: \u00a1Viva M\u00e9xico\u201d<\/em><\/strong><\/p>\n<p>Araceli Aguilar Salgado Periodista, Abogada, Ingeniera, Escritora, Analista y comentarista mexicana, del Estado de Guerrero, M\u00e9xico.\u00a0<a href=\"mailto:E-mail%3Aperiodistaaaguilar@gmail.com\">E-mail:periodistaaaguilar@gmail.com<\/a><\/p>\n","protected":false},"excerpt":{"rendered":"<p>Noti-Am\u00e9rica Rep\u00fablica Dominicana Ciudad de M\u00e9xico. &nbsp; Por Araceli Aguilar Salgado \u00abHoy vivimos una verdadera transformaci\u00f3n en nuestro pa\u00eds, celebramos el orgullo de ser mexicanos desde la Casa del Pueblo en Chilpancingo de los&#46;&#46;&#46;<\/p>\n","protected":false},"author":87,"featured_media":53868,"comment_status":"","ping_status":"open","sticky":false,"template":"","format":"image","meta":{"_acf_changed":false,"rop_custom_images_group":[],"rop_custom_messages_group":[],"rop_publish_now":"initial","rop_publish_now_accounts":{"facebook_10219548024599422_1632221337088128":"","twitter_242054905_242054905":""},"rop_publish_now_history":[],"rop_publish_now_status":"pending","footnotes":""},"categories":[663,674],"tags":[],"class_list":["post-53867","post","type-post","status-publish","format-image","has-post-thumbnail","hentry","category-actualidad","category-nacionales","post_format-post-format-image"],"acf":[],"yoast_head":"<!-- This site is optimized with the Yoast SEO Premium plugin v24.9 (Yoast SEO v27.2) - https:\/\/yoast.com\/product\/yoast-seo-premium-wordpress\/ -->\n<title>https:\/\/noti-america.com\/site\/repdom\/2024\/09\/25\/dr-yanio-concepcion-recibe-reconocimiento-de-alto-nivel-en-panama-por-su-impacto-en-el-cooperativismo\/ - Noti-America.com<\/title>\n<meta name=\"robots\" content=\"index, follow, max-snippet:-1, max-image-preview:large, max-video-preview:-1\" \/>\n<link rel=\"canonical\" href=\"https:\/\/noti-america.com\/site\/principal\/2024\/09\/25\/https-noti-america-com-site-repdom-2024-09-25-dr-yanio-concepcion-recibe-reconocimiento-de-alto-nivel-en-panama-por-su-impacto-en-el-cooperativismo\/\" \/>\n<meta property=\"og:locale\" content=\"es_ES\" \/>\n<meta property=\"og:type\" content=\"article\" \/>\n<meta property=\"og:title\" content=\"https:\/\/noti-america.com\/site\/repdom\/2024\/09\/25\/dr-yanio-concepcion-recibe-reconocimiento-de-alto-nivel-en-panama-por-su-impacto-en-el-cooperativismo\/\" \/>\n<meta property=\"og:description\" content=\"Noti-Am\u00e9rica Rep\u00fablica Dominicana Ciudad de M\u00e9xico. &nbsp; Por Araceli Aguilar Salgado \u00abHoy vivimos una verdadera transformaci\u00f3n en nuestro pa\u00eds, celebramos el orgullo de ser mexicanos desde la Casa del Pueblo en Chilpancingo de los&#046;&#046;&#046;\" \/>\n<meta property=\"og:url\" content=\"https:\/\/noti-america.com\/site\/principal\/2024\/09\/25\/https-noti-america-com-site-repdom-2024-09-25-dr-yanio-concepcion-recibe-reconocimiento-de-alto-nivel-en-panama-por-su-impacto-en-el-cooperativismo\/\" \/>\n<meta property=\"og:site_name\" content=\"Noti-America.com\" \/>\n<meta property=\"article:published_time\" content=\"2024-09-25T09:03:42+00:00\" \/>\n<meta property=\"og:image\" content=\"https:\/\/noti-america.com\/site\/principal\/wp-content\/uploads\/sites\/26\/2024\/09\/EVE-4.jpg\" \/>\n\t<meta property=\"og:image:width\" content=\"1280\" \/>\n\t<meta property=\"og:image:height\" content=\"1040\" \/>\n\t<meta property=\"og:image:type\" content=\"image\/jpeg\" \/>\n<meta name=\"author\" content=\"CAMH\" \/>\n<meta name=\"twitter:card\" content=\"summary_large_image\" \/>\n<meta name=\"twitter:label1\" content=\"Escrito por\" \/>\n\t<meta name=\"twitter:data1\" content=\"CAMH\" \/>\n\t<meta name=\"twitter:label2\" content=\"Tiempo estimado de lectura\" \/>\n\t<meta name=\"twitter:data2\" content=\"3 minutos\" \/>\n<script type=\"application\/ld+json\" class=\"yoast-schema-graph\">{\"@context\":\"https:\/\/schema.org\",\"@graph\":[{\"@type\":\"Article\",\"@id\":\"https:\/\/noti-america.com\/site\/principal\/2024\/09\/25\/https-noti-america-com-site-repdom-2024-09-25-dr-yanio-concepcion-recibe-reconocimiento-de-alto-nivel-en-panama-por-su-impacto-en-el-cooperativismo\/#article\",\"isPartOf\":{\"@id\":\"https:\/\/noti-america.com\/site\/principal\/2024\/09\/25\/https-noti-america-com-site-repdom-2024-09-25-dr-yanio-concepcion-recibe-reconocimiento-de-alto-nivel-en-panama-por-su-impacto-en-el-cooperativismo\/\"},\"author\":{\"name\":\"CAMH\",\"@id\":\"https:\/\/noti-america.com\/site\/principal\/#\/schema\/person\/e13880b4308eea6926b271284605ef72\"},\"headline\":\"https:\/\/noti-america.com\/site\/repdom\/2024\/09\/25\/dr-yanio-concepcion-recibe-reconocimiento-de-alto-nivel-en-panama-por-su-impacto-en-el-cooperativismo\/\",\"datePublished\":\"2024-09-25T09:03:42+00:00\",\"mainEntityOfPage\":{\"@id\":\"https:\/\/noti-america.com\/site\/principal\/2024\/09\/25\/https-noti-america-com-site-repdom-2024-09-25-dr-yanio-concepcion-recibe-reconocimiento-de-alto-nivel-en-panama-por-su-impacto-en-el-cooperativismo\/\"},\"wordCount\":526,\"image\":{\"@id\":\"https:\/\/noti-america.com\/site\/principal\/2024\/09\/25\/https-noti-america-com-site-repdom-2024-09-25-dr-yanio-concepcion-recibe-reconocimiento-de-alto-nivel-en-panama-por-su-impacto-en-el-cooperativismo\/#primaryimage\"},\"thumbnailUrl\":\"https:\/\/noti-america.com\/site\/principal\/wp-content\/uploads\/sites\/26\/2024\/09\/EVE-4.jpg\",\"articleSection\":[\"Actualidad\",\"Nacionales\"],\"inLanguage\":\"es\"},{\"@type\":\"WebPage\",\"@id\":\"https:\/\/noti-america.com\/site\/principal\/2024\/09\/25\/https-noti-america-com-site-repdom-2024-09-25-dr-yanio-concepcion-recibe-reconocimiento-de-alto-nivel-en-panama-por-su-impacto-en-el-cooperativismo\/\",\"url\":\"https:\/\/noti-america.com\/site\/principal\/2024\/09\/25\/https-noti-america-com-site-repdom-2024-09-25-dr-yanio-concepcion-recibe-reconocimiento-de-alto-nivel-en-panama-por-su-impacto-en-el-cooperativismo\/\",\"name\":\"https:\/\/noti-america.com\/site\/repdom\/2024\/09\/25\/dr-yanio-concepcion-recibe-reconocimiento-de-alto-nivel-en-panama-por-su-impacto-en-el-cooperativismo\/ - Noti-America.com\",\"isPartOf\":{\"@id\":\"https:\/\/noti-america.com\/site\/principal\/#website\"},\"primaryImageOfPage\":{\"@id\":\"https:\/\/noti-america.com\/site\/principal\/2024\/09\/25\/https-noti-america-com-site-repdom-2024-09-25-dr-yanio-concepcion-recibe-reconocimiento-de-alto-nivel-en-panama-por-su-impacto-en-el-cooperativismo\/#primaryimage\"},\"image\":{\"@id\":\"https:\/\/noti-america.com\/site\/principal\/2024\/09\/25\/https-noti-america-com-site-repdom-2024-09-25-dr-yanio-concepcion-recibe-reconocimiento-de-alto-nivel-en-panama-por-su-impacto-en-el-cooperativismo\/#primaryimage\"},\"thumbnailUrl\":\"https:\/\/noti-america.com\/site\/principal\/wp-content\/uploads\/sites\/26\/2024\/09\/EVE-4.jpg\",\"datePublished\":\"2024-09-25T09:03:42+00:00\",\"author\":{\"@id\":\"https:\/\/noti-america.com\/site\/principal\/#\/schema\/person\/e13880b4308eea6926b271284605ef72\"},\"breadcrumb\":{\"@id\":\"https:\/\/noti-america.com\/site\/principal\/2024\/09\/25\/https-noti-america-com-site-repdom-2024-09-25-dr-yanio-concepcion-recibe-reconocimiento-de-alto-nivel-en-panama-por-su-impacto-en-el-cooperativismo\/#breadcrumb\"},\"inLanguage\":\"es\",\"potentialAction\":[{\"@type\":\"ReadAction\",\"target\":[\"https:\/\/noti-america.com\/site\/principal\/2024\/09\/25\/https-noti-america-com-site-repdom-2024-09-25-dr-yanio-concepcion-recibe-reconocimiento-de-alto-nivel-en-panama-por-su-impacto-en-el-cooperativismo\/\"]}]},{\"@type\":\"ImageObject\",\"inLanguage\":\"es\",\"@id\":\"https:\/\/noti-america.com\/site\/principal\/2024\/09\/25\/https-noti-america-com-site-repdom-2024-09-25-dr-yanio-concepcion-recibe-reconocimiento-de-alto-nivel-en-panama-por-su-impacto-en-el-cooperativismo\/#primaryimage\",\"url\":\"https:\/\/noti-america.com\/site\/principal\/wp-content\/uploads\/sites\/26\/2024\/09\/EVE-4.jpg\",\"contentUrl\":\"https:\/\/noti-america.com\/site\/principal\/wp-content\/uploads\/sites\/26\/2024\/09\/EVE-4.jpg\",\"width\":1280,\"height\":1040},{\"@type\":\"BreadcrumbList\",\"@id\":\"https:\/\/noti-america.com\/site\/principal\/2024\/09\/25\/https-noti-america-com-site-repdom-2024-09-25-dr-yanio-concepcion-recibe-reconocimiento-de-alto-nivel-en-panama-por-su-impacto-en-el-cooperativismo\/#breadcrumb\",\"itemListElement\":[{\"@type\":\"ListItem\",\"position\":1,\"name\":\"Portada\",\"item\":\"https:\/\/noti-america.com\/site\/principal\/\"},{\"@type\":\"ListItem\",\"position\":2,\"name\":\"https:\/\/noti-america.com\/site\/repdom\/2024\/09\/25\/dr-yanio-concepcion-recibe-reconocimiento-de-alto-nivel-en-panama-por-su-impacto-en-el-cooperativismo\/\"}]},{\"@type\":\"WebSite\",\"@id\":\"https:\/\/noti-america.com\/site\/principal\/#website\",\"url\":\"https:\/\/noti-america.com\/site\/principal\/\",\"name\":\"Noti-America.com\",\"description\":\"El Noticiero Digital M\u00e1s Grande de Am\u00e9rica\",\"potentialAction\":[{\"@type\":\"SearchAction\",\"target\":{\"@type\":\"EntryPoint\",\"urlTemplate\":\"https:\/\/noti-america.com\/site\/principal\/?s={search_term_string}\"},\"query-input\":{\"@type\":\"PropertyValueSpecification\",\"valueRequired\":true,\"valueName\":\"search_term_string\"}}],\"inLanguage\":\"es\"},{\"@type\":\"Person\",\"@id\":\"https:\/\/noti-america.com\/site\/principal\/#\/schema\/person\/e13880b4308eea6926b271284605ef72\",\"name\":\"CAMH\",\"image\":{\"@type\":\"ImageObject\",\"inLanguage\":\"es\",\"@id\":\"https:\/\/secure.gravatar.com\/avatar\/82aa99c723cbed2b304797bc218a5542b5a94d7f5d0ba3b39650aef53c28ecf5?s=96&d=mm&r=g\",\"url\":\"https:\/\/secure.gravatar.com\/avatar\/82aa99c723cbed2b304797bc218a5542b5a94d7f5d0ba3b39650aef53c28ecf5?s=96&d=mm&r=g\",\"contentUrl\":\"https:\/\/secure.gravatar.com\/avatar\/82aa99c723cbed2b304797bc218a5542b5a94d7f5d0ba3b39650aef53c28ecf5?s=96&d=mm&r=g\",\"caption\":\"CAMH\"},\"url\":\"https:\/\/noti-america.com\/site\/principal\/author\/cmitchell\/\"}]}<\/script>\n<!-- \/ Yoast SEO Premium plugin. -->","yoast_head_json":{"title":"https:\/\/noti-america.com\/site\/repdom\/2024\/09\/25\/dr-yanio-concepcion-recibe-reconocimiento-de-alto-nivel-en-panama-por-su-impacto-en-el-cooperativismo\/ - Noti-America.com","robots":{"index":"index","follow":"follow","max-snippet":"max-snippet:-1","max-image-preview":"max-image-preview:large","max-video-preview":"max-video-preview:-1"},"canonical":"https:\/\/noti-america.com\/site\/principal\/2024\/09\/25\/https-noti-america-com-site-repdom-2024-09-25-dr-yanio-concepcion-recibe-reconocimiento-de-alto-nivel-en-panama-por-su-impacto-en-el-cooperativismo\/","og_locale":"es_ES","og_type":"article","og_title":"https:\/\/noti-america.com\/site\/repdom\/2024\/09\/25\/dr-yanio-concepcion-recibe-reconocimiento-de-alto-nivel-en-panama-por-su-impacto-en-el-cooperativismo\/","og_description":"Noti-Am\u00e9rica Rep\u00fablica Dominicana Ciudad de M\u00e9xico. &nbsp; Por Araceli Aguilar Salgado \u00abHoy vivimos una verdadera transformaci\u00f3n en nuestro pa\u00eds, celebramos el orgullo de ser mexicanos desde la Casa del Pueblo en Chilpancingo de los&#46;&#46;&#46;","og_url":"https:\/\/noti-america.com\/site\/principal\/2024\/09\/25\/https-noti-america-com-site-repdom-2024-09-25-dr-yanio-concepcion-recibe-reconocimiento-de-alto-nivel-en-panama-por-su-impacto-en-el-cooperativismo\/","og_site_name":"Noti-America.com","article_published_time":"2024-09-25T09:03:42+00:00","og_image":[{"width":1280,"height":1040,"url":"https:\/\/noti-america.com\/site\/principal\/wp-content\/uploads\/sites\/26\/2024\/09\/EVE-4.jpg","type":"image\/jpeg"}],"author":"CAMH","twitter_card":"summary_large_image","twitter_misc":{"Escrito por":"CAMH","Tiempo estimado de lectura":"3 minutos"},"schema":{"@context":"https:\/\/schema.org","@graph":[{"@type":"Article","@id":"https:\/\/noti-america.com\/site\/principal\/2024\/09\/25\/https-noti-america-com-site-repdom-2024-09-25-dr-yanio-concepcion-recibe-reconocimiento-de-alto-nivel-en-panama-por-su-impacto-en-el-cooperativismo\/#article","isPartOf":{"@id":"https:\/\/noti-america.com\/site\/principal\/2024\/09\/25\/https-noti-america-com-site-repdom-2024-09-25-dr-yanio-concepcion-recibe-reconocimiento-de-alto-nivel-en-panama-por-su-impacto-en-el-cooperativismo\/"},"author":{"name":"CAMH","@id":"https:\/\/noti-america.com\/site\/principal\/#\/schema\/person\/e13880b4308eea6926b271284605ef72"},"headline":"https:\/\/noti-america.com\/site\/repdom\/2024\/09\/25\/dr-yanio-concepcion-recibe-reconocimiento-de-alto-nivel-en-panama-por-su-impacto-en-el-cooperativismo\/","datePublished":"2024-09-25T09:03:42+00:00","mainEntityOfPage":{"@id":"https:\/\/noti-america.com\/site\/principal\/2024\/09\/25\/https-noti-america-com-site-repdom-2024-09-25-dr-yanio-concepcion-recibe-reconocimiento-de-alto-nivel-en-panama-por-su-impacto-en-el-cooperativismo\/"},"wordCount":526,"image":{"@id":"https:\/\/noti-america.com\/site\/principal\/2024\/09\/25\/https-noti-america-com-site-repdom-2024-09-25-dr-yanio-concepcion-recibe-reconocimiento-de-alto-nivel-en-panama-por-su-impacto-en-el-cooperativismo\/#primaryimage"},"thumbnailUrl":"https:\/\/noti-america.com\/site\/principal\/wp-content\/uploads\/sites\/26\/2024\/09\/EVE-4.jpg","articleSection":["Actualidad","Nacionales"],"inLanguage":"es"},{"@type":"WebPage","@id":"https:\/\/noti-america.com\/site\/principal\/2024\/09\/25\/https-noti-america-com-site-repdom-2024-09-25-dr-yanio-concepcion-recibe-reconocimiento-de-alto-nivel-en-panama-por-su-impacto-en-el-cooperativismo\/","url":"https:\/\/noti-america.com\/site\/principal\/2024\/09\/25\/https-noti-america-com-site-repdom-2024-09-25-dr-yanio-concepcion-recibe-reconocimiento-de-alto-nivel-en-panama-por-su-impacto-en-el-cooperativismo\/","name":"https:\/\/noti-america.com\/site\/repdom\/2024\/09\/25\/dr-yanio-concepcion-recibe-reconocimiento-de-alto-nivel-en-panama-por-su-impacto-en-el-cooperativismo\/ - Noti-America.com","isPartOf":{"@id":"https:\/\/noti-america.com\/site\/principal\/#website"},"primaryImageOfPage":{"@id":"https:\/\/noti-america.com\/site\/principal\/2024\/09\/25\/https-noti-america-com-site-repdom-2024-09-25-dr-yanio-concepcion-recibe-reconocimiento-de-alto-nivel-en-panama-por-su-impacto-en-el-cooperativismo\/#primaryimage"},"image":{"@id":"https:\/\/noti-america.com\/site\/principal\/2024\/09\/25\/https-noti-america-com-site-repdom-2024-09-25-dr-yanio-concepcion-recibe-reconocimiento-de-alto-nivel-en-panama-por-su-impacto-en-el-cooperativismo\/#primaryimage"},"thumbnailUrl":"https:\/\/noti-america.com\/site\/principal\/wp-content\/uploads\/sites\/26\/2024\/09\/EVE-4.jpg","datePublished":"2024-09-25T09:03:42+00:00","author":{"@id":"https:\/\/noti-america.com\/site\/principal\/#\/schema\/person\/e13880b4308eea6926b271284605ef72"},"breadcrumb":{"@id":"https:\/\/noti-america.com\/site\/principal\/2024\/09\/25\/https-noti-america-com-site-repdom-2024-09-25-dr-yanio-concepcion-recibe-reconocimiento-de-alto-nivel-en-panama-por-su-impacto-en-el-cooperativismo\/#breadcrumb"},"inLanguage":"es","potentialAction":[{"@type":"ReadAction","target":["https:\/\/noti-america.com\/site\/principal\/2024\/09\/25\/https-noti-america-com-site-repdom-2024-09-25-dr-yanio-concepcion-recibe-reconocimiento-de-alto-nivel-en-panama-por-su-impacto-en-el-cooperativismo\/"]}]},{"@type":"ImageObject","inLanguage":"es","@id":"https:\/\/noti-america.com\/site\/principal\/2024\/09\/25\/https-noti-america-com-site-repdom-2024-09-25-dr-yanio-concepcion-recibe-reconocimiento-de-alto-nivel-en-panama-por-su-impacto-en-el-cooperativismo\/#primaryimage","url":"https:\/\/noti-america.com\/site\/principal\/wp-content\/uploads\/sites\/26\/2024\/09\/EVE-4.jpg","contentUrl":"https:\/\/noti-america.com\/site\/principal\/wp-content\/uploads\/sites\/26\/2024\/09\/EVE-4.jpg","width":1280,"height":1040},{"@type":"BreadcrumbList","@id":"https:\/\/noti-america.com\/site\/principal\/2024\/09\/25\/https-noti-america-com-site-repdom-2024-09-25-dr-yanio-concepcion-recibe-reconocimiento-de-alto-nivel-en-panama-por-su-impacto-en-el-cooperativismo\/#breadcrumb","itemListElement":[{"@type":"ListItem","position":1,"name":"Portada","item":"https:\/\/noti-america.com\/site\/principal\/"},{"@type":"ListItem","position":2,"name":"https:\/\/noti-america.com\/site\/repdom\/2024\/09\/25\/dr-yanio-concepcion-recibe-reconocimiento-de-alto-nivel-en-panama-por-su-impacto-en-el-cooperativismo\/"}]},{"@type":"WebSite","@id":"https:\/\/noti-america.com\/site\/principal\/#website","url":"https:\/\/noti-america.com\/site\/principal\/","name":"Noti-America.com","description":"El Noticiero Digital M\u00e1s Grande de Am\u00e9rica","potentialAction":[{"@type":"SearchAction","target":{"@type":"EntryPoint","urlTemplate":"https:\/\/noti-america.com\/site\/principal\/?s={search_term_string}"},"query-input":{"@type":"PropertyValueSpecification","valueRequired":true,"valueName":"search_term_string"}}],"inLanguage":"es"},{"@type":"Person","@id":"https:\/\/noti-america.com\/site\/principal\/#\/schema\/person\/e13880b4308eea6926b271284605ef72","name":"CAMH","image":{"@type":"ImageObject","inLanguage":"es","@id":"https:\/\/secure.gravatar.com\/avatar\/82aa99c723cbed2b304797bc218a5542b5a94d7f5d0ba3b39650aef53c28ecf5?s=96&d=mm&r=g","url":"https:\/\/secure.gravatar.com\/avatar\/82aa99c723cbed2b304797bc218a5542b5a94d7f5d0ba3b39650aef53c28ecf5?s=96&d=mm&r=g","contentUrl":"https:\/\/secure.gravatar.com\/avatar\/82aa99c723cbed2b304797bc218a5542b5a94d7f5d0ba3b39650aef53c28ecf5?s=96&d=mm&r=g","caption":"CAMH"},"url":"https:\/\/noti-america.com\/site\/principal\/author\/cmitchell\/"}]}},"_links":{"self":[{"href":"https:\/\/noti-america.com\/site\/principal\/wp-json\/wp\/v2\/posts\/53867","targetHints":{"allow":["GET"]}}],"collection":[{"href":"https:\/\/noti-america.com\/site\/principal\/wp-json\/wp\/v2\/posts"}],"about":[{"href":"https:\/\/noti-america.com\/site\/principal\/wp-json\/wp\/v2\/types\/post"}],"author":[{"embeddable":true,"href":"https:\/\/noti-america.com\/site\/principal\/wp-json\/wp\/v2\/users\/87"}],"replies":[{"embeddable":true,"href":"https:\/\/noti-america.com\/site\/principal\/wp-json\/wp\/v2\/comments?post=53867"}],"version-history":[{"count":1,"href":"https:\/\/noti-america.com\/site\/principal\/wp-json\/wp\/v2\/posts\/53867\/revisions"}],"predecessor-version":[{"id":53886,"href":"https:\/\/noti-america.com\/site\/principal\/wp-json\/wp\/v2\/posts\/53867\/revisions\/53886"}],"wp:featuredmedia":[{"embeddable":true,"href":"https:\/\/noti-america.com\/site\/principal\/wp-json\/wp\/v2\/media\/53868"}],"wp:attachment":[{"href":"https:\/\/noti-america.com\/site\/principal\/wp-json\/wp\/v2\/media?parent=53867"}],"wp:term":[{"taxonomy":"category","embeddable":true,"href":"https:\/\/noti-america.com\/site\/principal\/wp-json\/wp\/v2\/categories?post=53867"},{"taxonomy":"post_tag","embeddable":true,"href":"https:\/\/noti-america.com\/site\/principal\/wp-json\/wp\/v2\/tags?post=53867"}],"curies":[{"name":"wp","href":"https:\/\/api.w.org\/{rel}","templated":true}]}}