{"id":53571,"date":"2024-09-20T14:10:07","date_gmt":"2024-09-20T18:10:07","guid":{"rendered":"https:\/\/noti-america.com\/site\/principal\/?p=53571"},"modified":"2024-09-20T14:10:07","modified_gmt":"2024-09-20T18:10:07","slug":"el-villarreal-desafia-el-pleno-del-barcelona-con-real-madrid-y-atletico-al-acecho","status":"publish","type":"post","link":"https:\/\/noti-america.com\/site\/principal\/2024\/09\/20\/el-villarreal-desafia-el-pleno-del-barcelona-con-real-madrid-y-atletico-al-acecho\/","title":{"rendered":"El Villarreal desaf\u00eda el pleno del Barcelona, con Real Madrid y Atl\u00e9tico al acecho"},"content":{"rendered":"<p>NOTI-AMERICA.COM | ESPA\u00d1A<\/p>\n<p style=\"text-align: justify\">La sexta jornada de Liga en Primera Divisi\u00f3n mide las prestaciones del l\u00edder FC Barcelona en su visita a un rival muy serio, el Villarreal de Marcelino Garc\u00eda Toral, cuarto clasificado de la tabla, a solo cuatro puntos de los azulgranas, mientras Real Madrid y Atl\u00e9tico, igualados a puntos con los castellonenses, juegan ante Espanyol en el Bernab\u00e9u y Rayo en Vallecas, respectivamente.<\/p>\n<p style=\"text-align: justify\">El conjunto azulgrana no pierde en el campo del conjunto castellonense desde hace diecisiete a\u00f1os, cuando, dirigido por el chileno Manuel Pellegrini, y con los goles de dos emblemas como Santi Cazorla y Marcos Senna, se impuso por 3-1 al equipo que dirig\u00eda el neerland\u00e9s Frank Rijkaard<\/p>\n<p style=\"text-align: justify\">Mucho ha llovido desde entonces, aunque no a gusto de todos, con el precedente del 3-4 a favor del Bar\u00e7a en el estadio ceramista la pasada temporada, y el 3-5 a favor del &#8216;submarino amarillo&#8217; en el estadio Ol\u00edmpico Lluis Companys, que agrav\u00f3 la crisis del cuadro de Xavi Hern\u00e1ndez.<\/p>\n<p style=\"text-align: justify\">El choque es todo un reto para el cuadro &#8216;groguet&#8217;: frenar a Lamine Yamal, Robert Lewandowski, Raphinha, que han tenido un arranque liguero estelar, como todo el Barcelona pese a las lesiones de numerosos jugadores, a los que se ha unido esta semana la de Ferm\u00edn L\u00f3pez cuando volv\u00eda a la acci\u00f3n, as\u00ed como para este encuentro pierde a Ferran Torres<\/p>\n","protected":false},"excerpt":{"rendered":"<p>NOTI-AMERICA.COM | ESPA\u00d1A La sexta jornada de Liga en Primera Divisi\u00f3n mide las prestaciones del l\u00edder FC Barcelona en su visita a un rival muy serio, el Villarreal de Marcelino Garc\u00eda Toral, cuarto clasificado&#46;&#46;&#46;<\/p>\n","protected":false},"author":133,"featured_media":53572,"comment_status":"","ping_status":"open","sticky":false,"template":"","format":"image","meta":{"_acf_changed":false,"rop_custom_images_group":[],"rop_custom_messages_group":[],"rop_publish_now":"initial","rop_publish_now_accounts":{"facebook_10219548024599422_1632221337088128":"","twitter_242054905_242054905":""},"rop_publish_now_history":[],"rop_publish_now_status":"pending","footnotes":""},"categories":[886],"tags":[],"class_list":["post-53571","post","type-post","status-publish","format-image","has-post-thumbnail","hentry","category-acturalidad","post_format-post-format-image"],"acf":[],"yoast_head":"<!-- This site is optimized with the Yoast SEO Premium plugin v24.9 (Yoast SEO v27.2) - https:\/\/yoast.com\/product\/yoast-seo-premium-wordpress\/ -->\n<title>El Villarreal desaf\u00eda el pleno del Barcelona, con Real Madrid y Atl\u00e9tico al acecho - Noti-America.com<\/title>\n<meta name=\"robots\" content=\"index, follow, max-snippet:-1, max-image-preview:large, max-video-preview:-1\" \/>\n<link rel=\"canonical\" href=\"https:\/\/noti-america.com\/site\/principal\/2024\/09\/20\/el-villarreal-desafia-el-pleno-del-barcelona-con-real-madrid-y-atletico-al-acecho\/\" \/>\n<meta property=\"og:locale\" content=\"es_ES\" \/>\n<meta property=\"og:type\" content=\"article\" \/>\n<meta property=\"og:title\" content=\"El Villarreal desaf\u00eda el pleno del Barcelona, con Real Madrid y Atl\u00e9tico al acecho\" \/>\n<meta property=\"og:description\" content=\"NOTI-AMERICA.COM | ESPA\u00d1A La sexta jornada de Liga en Primera Divisi\u00f3n mide las prestaciones del l\u00edder FC Barcelona en su visita a un rival muy serio, el Villarreal de Marcelino Garc\u00eda Toral, cuarto clasificado&#046;&#046;&#046;\" \/>\n<meta property=\"og:url\" content=\"https:\/\/noti-america.com\/site\/principal\/2024\/09\/20\/el-villarreal-desafia-el-pleno-del-barcelona-con-real-madrid-y-atletico-al-acecho\/\" \/>\n<meta property=\"og:site_name\" content=\"Noti-America.com\" \/>\n<meta property=\"article:author\" content=\"Mar\u00eda Valentina Noguera\" \/>\n<meta property=\"article:published_time\" content=\"2024-09-20T18:10:07+00:00\" \/>\n<meta property=\"og:image\" content=\"https:\/\/noti-america.com\/site\/principal\/wp-content\/uploads\/sites\/26\/2024\/09\/descargar.jpg\" \/>\n\t<meta property=\"og:image:width\" content=\"1600\" \/>\n\t<meta property=\"og:image:height\" content=\"900\" \/>\n\t<meta property=\"og:image:type\" content=\"image\/jpeg\" \/>\n<meta name=\"author\" content=\"Maria Valentina Noguera Medina\" \/>\n<meta name=\"twitter:card\" content=\"summary_large_image\" \/>\n<meta name=\"twitter:label1\" content=\"Escrito por\" \/>\n\t<meta name=\"twitter:data1\" content=\"Maria Valentina Noguera Medina\" \/>\n\t<meta name=\"twitter:label2\" content=\"Tiempo estimado de lectura\" \/>\n\t<meta name=\"twitter:data2\" content=\"1 minuto\" \/>\n<script type=\"application\/ld+json\" class=\"yoast-schema-graph\">{\"@context\":\"https:\/\/schema.org\",\"@graph\":[{\"@type\":\"Article\",\"@id\":\"https:\/\/noti-america.com\/site\/principal\/2024\/09\/20\/el-villarreal-desafia-el-pleno-del-barcelona-con-real-madrid-y-atletico-al-acecho\/#article\",\"isPartOf\":{\"@id\":\"https:\/\/noti-america.com\/site\/principal\/2024\/09\/20\/el-villarreal-desafia-el-pleno-del-barcelona-con-real-madrid-y-atletico-al-acecho\/\"},\"author\":{\"name\":\"Maria Valentina Noguera Medina\",\"@id\":\"https:\/\/noti-america.com\/site\/principal\/#\/schema\/person\/22806efcc2cfc4b45efb0e17be210ea8\"},\"headline\":\"El Villarreal desaf\u00eda el pleno del Barcelona, con Real Madrid y Atl\u00e9tico al acecho\",\"datePublished\":\"2024-09-20T18:10:07+00:00\",\"mainEntityOfPage\":{\"@id\":\"https:\/\/noti-america.com\/site\/principal\/2024\/09\/20\/el-villarreal-desafia-el-pleno-del-barcelona-con-real-madrid-y-atletico-al-acecho\/\"},\"wordCount\":256,\"image\":{\"@id\":\"https:\/\/noti-america.com\/site\/principal\/2024\/09\/20\/el-villarreal-desafia-el-pleno-del-barcelona-con-real-madrid-y-atletico-al-acecho\/#primaryimage\"},\"thumbnailUrl\":\"https:\/\/noti-america.com\/site\/principal\/wp-content\/uploads\/sites\/26\/2024\/09\/descargar.jpg\",\"articleSection\":[\"Actualidad\"],\"inLanguage\":\"es\"},{\"@type\":\"WebPage\",\"@id\":\"https:\/\/noti-america.com\/site\/principal\/2024\/09\/20\/el-villarreal-desafia-el-pleno-del-barcelona-con-real-madrid-y-atletico-al-acecho\/\",\"url\":\"https:\/\/noti-america.com\/site\/principal\/2024\/09\/20\/el-villarreal-desafia-el-pleno-del-barcelona-con-real-madrid-y-atletico-al-acecho\/\",\"name\":\"El Villarreal desaf\u00eda el pleno del Barcelona, con Real Madrid y Atl\u00e9tico al acecho - Noti-America.com\",\"isPartOf\":{\"@id\":\"https:\/\/noti-america.com\/site\/principal\/#website\"},\"primaryImageOfPage\":{\"@id\":\"https:\/\/noti-america.com\/site\/principal\/2024\/09\/20\/el-villarreal-desafia-el-pleno-del-barcelona-con-real-madrid-y-atletico-al-acecho\/#primaryimage\"},\"image\":{\"@id\":\"https:\/\/noti-america.com\/site\/principal\/2024\/09\/20\/el-villarreal-desafia-el-pleno-del-barcelona-con-real-madrid-y-atletico-al-acecho\/#primaryimage\"},\"thumbnailUrl\":\"https:\/\/noti-america.com\/site\/principal\/wp-content\/uploads\/sites\/26\/2024\/09\/descargar.jpg\",\"datePublished\":\"2024-09-20T18:10:07+00:00\",\"author\":{\"@id\":\"https:\/\/noti-america.com\/site\/principal\/#\/schema\/person\/22806efcc2cfc4b45efb0e17be210ea8\"},\"breadcrumb\":{\"@id\":\"https:\/\/noti-america.com\/site\/principal\/2024\/09\/20\/el-villarreal-desafia-el-pleno-del-barcelona-con-real-madrid-y-atletico-al-acecho\/#breadcrumb\"},\"inLanguage\":\"es\",\"potentialAction\":[{\"@type\":\"ReadAction\",\"target\":[\"https:\/\/noti-america.com\/site\/principal\/2024\/09\/20\/el-villarreal-desafia-el-pleno-del-barcelona-con-real-madrid-y-atletico-al-acecho\/\"]}]},{\"@type\":\"ImageObject\",\"inLanguage\":\"es\",\"@id\":\"https:\/\/noti-america.com\/site\/principal\/2024\/09\/20\/el-villarreal-desafia-el-pleno-del-barcelona-con-real-madrid-y-atletico-al-acecho\/#primaryimage\",\"url\":\"https:\/\/noti-america.com\/site\/principal\/wp-content\/uploads\/sites\/26\/2024\/09\/descargar.jpg\",\"contentUrl\":\"https:\/\/noti-america.com\/site\/principal\/wp-content\/uploads\/sites\/26\/2024\/09\/descargar.jpg\",\"width\":1600,\"height\":900},{\"@type\":\"BreadcrumbList\",\"@id\":\"https:\/\/noti-america.com\/site\/principal\/2024\/09\/20\/el-villarreal-desafia-el-pleno-del-barcelona-con-real-madrid-y-atletico-al-acecho\/#breadcrumb\",\"itemListElement\":[{\"@type\":\"ListItem\",\"position\":1,\"name\":\"Portada\",\"item\":\"https:\/\/noti-america.com\/site\/principal\/\"},{\"@type\":\"ListItem\",\"position\":2,\"name\":\"El Villarreal desaf\u00eda el pleno del Barcelona, con Real Madrid y Atl\u00e9tico al acecho\"}]},{\"@type\":\"WebSite\",\"@id\":\"https:\/\/noti-america.com\/site\/principal\/#website\",\"url\":\"https:\/\/noti-america.com\/site\/principal\/\",\"name\":\"Noti-America.com\",\"description\":\"El Noticiero Digital M\u00e1s Grande de Am\u00e9rica\",\"potentialAction\":[{\"@type\":\"SearchAction\",\"target\":{\"@type\":\"EntryPoint\",\"urlTemplate\":\"https:\/\/noti-america.com\/site\/principal\/?s={search_term_string}\"},\"query-input\":{\"@type\":\"PropertyValueSpecification\",\"valueRequired\":true,\"valueName\":\"search_term_string\"}}],\"inLanguage\":\"es\"},{\"@type\":\"Person\",\"@id\":\"https:\/\/noti-america.com\/site\/principal\/#\/schema\/person\/22806efcc2cfc4b45efb0e17be210ea8\",\"name\":\"Maria Valentina Noguera Medina\",\"image\":{\"@type\":\"ImageObject\",\"inLanguage\":\"es\",\"@id\":\"https:\/\/secure.gravatar.com\/avatar\/4ec5eb9d099f2608a49c9df6f7341f66f04f819cdffa09d56a7a0e91d2819d56?s=96&d=mm&r=g\",\"url\":\"https:\/\/secure.gravatar.com\/avatar\/4ec5eb9d099f2608a49c9df6f7341f66f04f819cdffa09d56a7a0e91d2819d56?s=96&d=mm&r=g\",\"contentUrl\":\"https:\/\/secure.gravatar.com\/avatar\/4ec5eb9d099f2608a49c9df6f7341f66f04f819cdffa09d56a7a0e91d2819d56?s=96&d=mm&r=g\",\"caption\":\"Maria Valentina Noguera Medina\"},\"description\":\"Periodista - noti-america - Promar Community Manager - Talento Plus Dise\u00f1adora\/ creadora de contenido...\",\"sameAs\":[\"Mar\u00eda Valentina Noguera\",\"https:\/\/www.facebook.com\/mariavalentina.noguera\",\"https:\/\/www.linkedin.com\/in\/mara-valentina-noguera-medina-373075165\/\",\"https:\/\/www.pinterest.es\/valentinanoguera95\/\",\"https:\/\/www.youtube.com\/channel\/UCdek6mbUZ-Tqqw0I63i4nmQ\"],\"url\":\"https:\/\/noti-america.com\/site\/principal\/author\/mnoguera\/\"}]}<\/script>\n<!-- \/ Yoast SEO Premium plugin. -->","yoast_head_json":{"title":"El Villarreal desaf\u00eda el pleno del Barcelona, con Real Madrid y Atl\u00e9tico al acecho - Noti-America.com","robots":{"index":"index","follow":"follow","max-snippet":"max-snippet:-1","max-image-preview":"max-image-preview:large","max-video-preview":"max-video-preview:-1"},"canonical":"https:\/\/noti-america.com\/site\/principal\/2024\/09\/20\/el-villarreal-desafia-el-pleno-del-barcelona-con-real-madrid-y-atletico-al-acecho\/","og_locale":"es_ES","og_type":"article","og_title":"El Villarreal desaf\u00eda el pleno del Barcelona, con Real Madrid y Atl\u00e9tico al acecho","og_description":"NOTI-AMERICA.COM | ESPA\u00d1A La sexta jornada de Liga en Primera Divisi\u00f3n mide las prestaciones del l\u00edder FC Barcelona en su visita a un rival muy serio, el Villarreal de Marcelino Garc\u00eda Toral, cuarto clasificado&#46;&#46;&#46;","og_url":"https:\/\/noti-america.com\/site\/principal\/2024\/09\/20\/el-villarreal-desafia-el-pleno-del-barcelona-con-real-madrid-y-atletico-al-acecho\/","og_site_name":"Noti-America.com","article_author":"Mar\u00eda Valentina Noguera","article_published_time":"2024-09-20T18:10:07+00:00","og_image":[{"width":1600,"height":900,"url":"https:\/\/noti-america.com\/site\/principal\/wp-content\/uploads\/sites\/26\/2024\/09\/descargar.jpg","type":"image\/jpeg"}],"author":"Maria Valentina Noguera Medina","twitter_card":"summary_large_image","twitter_misc":{"Escrito por":"Maria Valentina Noguera Medina","Tiempo estimado de lectura":"1 minuto"},"schema":{"@context":"https:\/\/schema.org","@graph":[{"@type":"Article","@id":"https:\/\/noti-america.com\/site\/principal\/2024\/09\/20\/el-villarreal-desafia-el-pleno-del-barcelona-con-real-madrid-y-atletico-al-acecho\/#article","isPartOf":{"@id":"https:\/\/noti-america.com\/site\/principal\/2024\/09\/20\/el-villarreal-desafia-el-pleno-del-barcelona-con-real-madrid-y-atletico-al-acecho\/"},"author":{"name":"Maria Valentina Noguera Medina","@id":"https:\/\/noti-america.com\/site\/principal\/#\/schema\/person\/22806efcc2cfc4b45efb0e17be210ea8"},"headline":"El Villarreal desaf\u00eda el pleno del Barcelona, con Real Madrid y Atl\u00e9tico al acecho","datePublished":"2024-09-20T18:10:07+00:00","mainEntityOfPage":{"@id":"https:\/\/noti-america.com\/site\/principal\/2024\/09\/20\/el-villarreal-desafia-el-pleno-del-barcelona-con-real-madrid-y-atletico-al-acecho\/"},"wordCount":256,"image":{"@id":"https:\/\/noti-america.com\/site\/principal\/2024\/09\/20\/el-villarreal-desafia-el-pleno-del-barcelona-con-real-madrid-y-atletico-al-acecho\/#primaryimage"},"thumbnailUrl":"https:\/\/noti-america.com\/site\/principal\/wp-content\/uploads\/sites\/26\/2024\/09\/descargar.jpg","articleSection":["Actualidad"],"inLanguage":"es"},{"@type":"WebPage","@id":"https:\/\/noti-america.com\/site\/principal\/2024\/09\/20\/el-villarreal-desafia-el-pleno-del-barcelona-con-real-madrid-y-atletico-al-acecho\/","url":"https:\/\/noti-america.com\/site\/principal\/2024\/09\/20\/el-villarreal-desafia-el-pleno-del-barcelona-con-real-madrid-y-atletico-al-acecho\/","name":"El Villarreal desaf\u00eda el pleno del Barcelona, con Real Madrid y Atl\u00e9tico al acecho - Noti-America.com","isPartOf":{"@id":"https:\/\/noti-america.com\/site\/principal\/#website"},"primaryImageOfPage":{"@id":"https:\/\/noti-america.com\/site\/principal\/2024\/09\/20\/el-villarreal-desafia-el-pleno-del-barcelona-con-real-madrid-y-atletico-al-acecho\/#primaryimage"},"image":{"@id":"https:\/\/noti-america.com\/site\/principal\/2024\/09\/20\/el-villarreal-desafia-el-pleno-del-barcelona-con-real-madrid-y-atletico-al-acecho\/#primaryimage"},"thumbnailUrl":"https:\/\/noti-america.com\/site\/principal\/wp-content\/uploads\/sites\/26\/2024\/09\/descargar.jpg","datePublished":"2024-09-20T18:10:07+00:00","author":{"@id":"https:\/\/noti-america.com\/site\/principal\/#\/schema\/person\/22806efcc2cfc4b45efb0e17be210ea8"},"breadcrumb":{"@id":"https:\/\/noti-america.com\/site\/principal\/2024\/09\/20\/el-villarreal-desafia-el-pleno-del-barcelona-con-real-madrid-y-atletico-al-acecho\/#breadcrumb"},"inLanguage":"es","potentialAction":[{"@type":"ReadAction","target":["https:\/\/noti-america.com\/site\/principal\/2024\/09\/20\/el-villarreal-desafia-el-pleno-del-barcelona-con-real-madrid-y-atletico-al-acecho\/"]}]},{"@type":"ImageObject","inLanguage":"es","@id":"https:\/\/noti-america.com\/site\/principal\/2024\/09\/20\/el-villarreal-desafia-el-pleno-del-barcelona-con-real-madrid-y-atletico-al-acecho\/#primaryimage","url":"https:\/\/noti-america.com\/site\/principal\/wp-content\/uploads\/sites\/26\/2024\/09\/descargar.jpg","contentUrl":"https:\/\/noti-america.com\/site\/principal\/wp-content\/uploads\/sites\/26\/2024\/09\/descargar.jpg","width":1600,"height":900},{"@type":"BreadcrumbList","@id":"https:\/\/noti-america.com\/site\/principal\/2024\/09\/20\/el-villarreal-desafia-el-pleno-del-barcelona-con-real-madrid-y-atletico-al-acecho\/#breadcrumb","itemListElement":[{"@type":"ListItem","position":1,"name":"Portada","item":"https:\/\/noti-america.com\/site\/principal\/"},{"@type":"ListItem","position":2,"name":"El Villarreal desaf\u00eda el pleno del Barcelona, con Real Madrid y Atl\u00e9tico al acecho"}]},{"@type":"WebSite","@id":"https:\/\/noti-america.com\/site\/principal\/#website","url":"https:\/\/noti-america.com\/site\/principal\/","name":"Noti-America.com","description":"El Noticiero Digital M\u00e1s Grande de Am\u00e9rica","potentialAction":[{"@type":"SearchAction","target":{"@type":"EntryPoint","urlTemplate":"https:\/\/noti-america.com\/site\/principal\/?s={search_term_string}"},"query-input":{"@type":"PropertyValueSpecification","valueRequired":true,"valueName":"search_term_string"}}],"inLanguage":"es"},{"@type":"Person","@id":"https:\/\/noti-america.com\/site\/principal\/#\/schema\/person\/22806efcc2cfc4b45efb0e17be210ea8","name":"Maria Valentina Noguera Medina","image":{"@type":"ImageObject","inLanguage":"es","@id":"https:\/\/secure.gravatar.com\/avatar\/4ec5eb9d099f2608a49c9df6f7341f66f04f819cdffa09d56a7a0e91d2819d56?s=96&d=mm&r=g","url":"https:\/\/secure.gravatar.com\/avatar\/4ec5eb9d099f2608a49c9df6f7341f66f04f819cdffa09d56a7a0e91d2819d56?s=96&d=mm&r=g","contentUrl":"https:\/\/secure.gravatar.com\/avatar\/4ec5eb9d099f2608a49c9df6f7341f66f04f819cdffa09d56a7a0e91d2819d56?s=96&d=mm&r=g","caption":"Maria Valentina Noguera Medina"},"description":"Periodista - noti-america - Promar Community Manager - Talento Plus Dise\u00f1adora\/ creadora de contenido...","sameAs":["Mar\u00eda Valentina Noguera","https:\/\/www.facebook.com\/mariavalentina.noguera","https:\/\/www.linkedin.com\/in\/mara-valentina-noguera-medina-373075165\/","https:\/\/www.pinterest.es\/valentinanoguera95\/","https:\/\/www.youtube.com\/channel\/UCdek6mbUZ-Tqqw0I63i4nmQ"],"url":"https:\/\/noti-america.com\/site\/principal\/author\/mnoguera\/"}]}},"_links":{"self":[{"href":"https:\/\/noti-america.com\/site\/principal\/wp-json\/wp\/v2\/posts\/53571","targetHints":{"allow":["GET"]}}],"collection":[{"href":"https:\/\/noti-america.com\/site\/principal\/wp-json\/wp\/v2\/posts"}],"about":[{"href":"https:\/\/noti-america.com\/site\/principal\/wp-json\/wp\/v2\/types\/post"}],"author":[{"embeddable":true,"href":"https:\/\/noti-america.com\/site\/principal\/wp-json\/wp\/v2\/users\/133"}],"replies":[{"embeddable":true,"href":"https:\/\/noti-america.com\/site\/principal\/wp-json\/wp\/v2\/comments?post=53571"}],"version-history":[{"count":1,"href":"https:\/\/noti-america.com\/site\/principal\/wp-json\/wp\/v2\/posts\/53571\/revisions"}],"predecessor-version":[{"id":53603,"href":"https:\/\/noti-america.com\/site\/principal\/wp-json\/wp\/v2\/posts\/53571\/revisions\/53603"}],"wp:featuredmedia":[{"embeddable":true,"href":"https:\/\/noti-america.com\/site\/principal\/wp-json\/wp\/v2\/media\/53572"}],"wp:attachment":[{"href":"https:\/\/noti-america.com\/site\/principal\/wp-json\/wp\/v2\/media?parent=53571"}],"wp:term":[{"taxonomy":"category","embeddable":true,"href":"https:\/\/noti-america.com\/site\/principal\/wp-json\/wp\/v2\/categories?post=53571"},{"taxonomy":"post_tag","embeddable":true,"href":"https:\/\/noti-america.com\/site\/principal\/wp-json\/wp\/v2\/tags?post=53571"}],"curies":[{"name":"wp","href":"https:\/\/api.w.org\/{rel}","templated":true}]}}