{"id":52968,"date":"2024-09-11T16:08:24","date_gmt":"2024-09-11T20:08:24","guid":{"rendered":"https:\/\/noti-america.com\/site\/principal\/?p=52968"},"modified":"2024-09-11T16:08:24","modified_gmt":"2024-09-11T20:08:24","slug":"kamala-harris-pone-a-donald-trump-contra-las-cuerdas-en-su-primer-debate","status":"publish","type":"post","link":"https:\/\/noti-america.com\/site\/principal\/2024\/09\/11\/kamala-harris-pone-a-donald-trump-contra-las-cuerdas-en-su-primer-debate\/","title":{"rendered":"Kamala Harris pone a Donald Trump contra las cuerdas en su primer debate"},"content":{"rendered":"<p>NOTI-AMERICA.COM | M\u00c9XICO<\/p>\n<p style=\"text-align: justify\">Una combativa Kamala Harris puso contra las cuerdas y varias veces exasper\u00f3 a Donald Trump en el primer, y al parecer \u00fanico, debate presidencial en Estados Unidos, donde se enfrentaron sobre la migraci\u00f3n, el aborto y la econom\u00eda, cada uno buscando un momento que cambiara su re\u00f1ida carrera electoral.<\/p>\n<p style=\"text-align: justify\">La candidata dem\u00f3crata, de 59 a\u00f1os, pareci\u00f3 meterse bajo la piel de su rival republicano con una serie de duros ataques, lo que provoc\u00f3 que Trump, visiblemente enfadado, soltara una retah\u00edla de r\u00e9plicas llenas de falsedades.<\/p>\n<p style=\"text-align: justify\">En un momento dado, Harris sac\u00f3 a colaci\u00f3n los m\u00edtines de campa\u00f1a de Trump, provoc\u00e1ndolo al decir que la gente suele marcharse pronto \u201cpor agotamiento y aburrimiento\u201d.<\/p>\n<p style=\"text-align: justify\">Trump intent\u00f3 defenderse para luego girar hacia una teor\u00eda conspirativa que afirma que los inmigrantes haitianos en Springfield, Ohio, se est\u00e1n \u201ccomiendo las mascotas\u201d de los residentes.<\/p>\n<p style=\"text-align: justify\">\u201cMuchas ciudades no quieren hablar de ello, les da verg\u00fcenza. En Springfield se est\u00e1n comiendo a los perros la gente que vino, se est\u00e1n comiendo a los gatos, se est\u00e1n comiendo a las mascotas de la gente que vive all\u00ed y esto es lo que est\u00e1 pasando en nuestro pa\u00eds y es una verg\u00fcenza\u201d, apunt\u00f3 el expresidente haci\u00e9ndose eco de una ret\u00f3rica racista.<\/p>\n<p style=\"text-align: justify\">\u201cHablando de extremos\u201d, dijo Harris, riendo.<\/p>\n<p style=\"text-align: justify\">Trump y su f\u00f3rmula vicepresidencial, JD Vance, han difundido esa informaci\u00f3n, pero autoridades locales han salido ya a desmentir estos rumores, que se han propagado como la p\u00f3lvora en redes sociales, en especial en X, donde el propio Elon Musk, el multimillonario due\u00f1o de la plataforma, ha contribuido a diseminar el enga\u00f1o.<\/p>\n<p style=\"text-align: justify\">El\u00a0debate arranc\u00f3 con un apret\u00f3n de manos sorpresa\u00a0entre los dos contrincantes. Harris se acerc\u00f3 a Trump en su atril, present\u00e1ndose por su nombre, en lo que fue el primer apret\u00f3n de manos en un debate presidencial desde 2016.<\/p>\n<p style=\"text-align: justify\">\u201cQue sea un buen debate\u201d, dijo Harris, mientras que Trump le respondi\u00f3: \u201cun gusto volver a verla\u201d.<\/p>\n<h2 style=\"text-align: justify\">Los candidatos abrieron el debate centr\u00e1ndose en la econom\u00eda<\/h2>\n<p style=\"text-align: justify\">Harris atac\u00f3\u00a0la intenci\u00f3n de\u00a0Trump\u00a0de imponer\u00a0elevados aranceles a los productos extranjeros\u00a0-una propuesta que ha comparado con un impuesto sobre las ventas a la clase media-, al tiempo que promocion\u00f3 su\u00a0plan\u00a0para ofrecer\u00a0beneficios fiscales a las familias y las peque\u00f1as empresas.<\/p>\n<p style=\"text-align: justify\">Sin embargo,\u00a0Trump r\u00e1pidamente desvi\u00f3 la conversaci\u00f3n hacia\u00a0su principal tema de batalla, la\u00a0migraci\u00f3n, asegurando falsamente que\u00a0\u201cmillones\u201d de inmigrantes procedentes de \u201cmanicomios\u201d est\u00e1n cruzando la frontera\u00a0sur de Estados Unidos con M\u00e9xico.<\/p>\n<p style=\"text-align: justify\">Trump afirm\u00f3 que los\u00a0migrantes est\u00e1n robando los trabajos a afroamericanos e hispanos, un comentario de tono racista que Harris calific\u00f3 de \u201cla misma\u00a0ret\u00f3rica desgastada\u00a0de siempre\u201d acusando al republicano de utilizar siempre \u201cla raza para dividir al pueblo estadounidense\u201d.<\/p>\n<p style=\"text-align: justify\">Harris, consciente de que las televisiones muestran a los candidatos en pantalla dividida, aprovech\u00f3 para mover la cabeza en se\u00f1al de desacuerdo cuando Trump hablaba, para elevar las cejas en se\u00f1al de sorpresa o para entrecerrar sus ojos, haciendo como que intentaba entender sus argumentos.<\/p>\n<p style=\"text-align: justify\">Por su parte, Trump esboz\u00f3 sonrisas burlonas y, en algunas ocasiones, no pudo contenerse continuando sus ataques incluso cuando los micr\u00f3fonos hab\u00edan sido silenciados. Harris tambi\u00e9n se centr\u00f3 en el aborto.<\/p>\n<p style=\"text-align: justify\">\u201cEl gobierno y ciertamente Donald Trump no deber\u00edan decirle a una mujer qu\u00e9 hacer con su cuerpo\u201d, apunt\u00f3 Harris, y abog\u00f3 por volver a implementar una protecci\u00f3n al aborto a nivel federal, derogada por la Corte Suprema en junio de 2022.<\/p>\n<p style=\"text-align: justify\">Trump, quien a veces ha tenido problemas con los mensajes sobre el aborto, afirm\u00f3 falsamente que Harris y los dem\u00f3cratas apoyan el infanticidio, que -como se\u00f1al\u00f3 la moderadora Linsey Davis- es ilegal en todos los estados.<\/p>\n<p style=\"text-align: justify\">\u201cComo he dicho, van a o\u00edr un mont\u00f3n de mentiras\u201d, dijo Harris.<\/p>\n<p style=\"text-align: justify\">\u201cEs una marxista. Todo el mundo sabe que es una marxista\u201d, se defend\u00eda el expresidente de los ataques durante el debate emitido por la cadena ABC.<\/p>\n<p style=\"text-align: justify\">Harris se lanz\u00f3 a la yugular de Trump por su condena penal por encubrir pagos de dinero a una estrella del porno, as\u00ed como por sus otras acusaciones y una sentencia civil que le declara responsable de agresi\u00f3n sexual.<\/p>\n<p>&nbsp;<\/p>\n","protected":false},"excerpt":{"rendered":"<p>NOTI-AMERICA.COM | M\u00c9XICO Una combativa Kamala Harris puso contra las cuerdas y varias veces exasper\u00f3 a Donald Trump en el primer, y al parecer \u00fanico, debate presidencial en Estados Unidos, donde se enfrentaron sobre&#46;&#46;&#46;<\/p>\n","protected":false},"author":133,"featured_media":52969,"comment_status":"","ping_status":"open","sticky":false,"template":"","format":"image","meta":{"_acf_changed":false,"rop_custom_images_group":[],"rop_custom_messages_group":[],"rop_publish_now":"initial","rop_publish_now_accounts":{"facebook_10219548024599422_1632221337088128":"","twitter_242054905_242054905":""},"rop_publish_now_history":[],"rop_publish_now_status":"pending","footnotes":""},"categories":[663],"tags":[],"class_list":["post-52968","post","type-post","status-publish","format-image","has-post-thumbnail","hentry","category-actualidad","post_format-post-format-image"],"acf":[],"yoast_head":"<!-- This site is optimized with the Yoast SEO Premium plugin v24.9 (Yoast SEO v27.2) - https:\/\/yoast.com\/product\/yoast-seo-premium-wordpress\/ -->\n<title>Kamala Harris pone a Donald Trump contra las cuerdas en su primer debate - Noti-America.com<\/title>\n<meta name=\"robots\" content=\"index, follow, max-snippet:-1, max-image-preview:large, max-video-preview:-1\" \/>\n<link rel=\"canonical\" href=\"https:\/\/noti-america.com\/site\/principal\/2024\/09\/11\/kamala-harris-pone-a-donald-trump-contra-las-cuerdas-en-su-primer-debate\/\" \/>\n<meta property=\"og:locale\" content=\"es_ES\" \/>\n<meta property=\"og:type\" content=\"article\" \/>\n<meta property=\"og:title\" content=\"Kamala Harris pone a Donald Trump contra las cuerdas en su primer debate\" \/>\n<meta property=\"og:description\" content=\"NOTI-AMERICA.COM | M\u00c9XICO Una combativa Kamala Harris puso contra las cuerdas y varias veces exasper\u00f3 a Donald Trump en el primer, y al parecer \u00fanico, debate presidencial en Estados Unidos, donde se enfrentaron sobre&#046;&#046;&#046;\" \/>\n<meta property=\"og:url\" content=\"https:\/\/noti-america.com\/site\/principal\/2024\/09\/11\/kamala-harris-pone-a-donald-trump-contra-las-cuerdas-en-su-primer-debate\/\" \/>\n<meta property=\"og:site_name\" content=\"Noti-America.com\" \/>\n<meta property=\"article:author\" content=\"Mar\u00eda Valentina Noguera\" \/>\n<meta property=\"article:published_time\" content=\"2024-09-11T20:08:24+00:00\" \/>\n<meta property=\"og:image\" content=\"https:\/\/noti-america.com\/site\/principal\/wp-content\/uploads\/sites\/26\/2024\/09\/hq720.jpeg\" \/>\n\t<meta property=\"og:image:width\" content=\"686\" \/>\n\t<meta property=\"og:image:height\" content=\"386\" \/>\n\t<meta property=\"og:image:type\" content=\"image\/jpeg\" \/>\n<meta name=\"author\" content=\"Maria Valentina Noguera Medina\" \/>\n<meta name=\"twitter:card\" content=\"summary_large_image\" \/>\n<meta name=\"twitter:label1\" content=\"Escrito por\" \/>\n\t<meta name=\"twitter:data1\" content=\"Maria Valentina Noguera Medina\" \/>\n\t<meta name=\"twitter:label2\" content=\"Tiempo estimado de lectura\" \/>\n\t<meta name=\"twitter:data2\" content=\"4 minutos\" \/>\n<script type=\"application\/ld+json\" class=\"yoast-schema-graph\">{\"@context\":\"https:\/\/schema.org\",\"@graph\":[{\"@type\":\"Article\",\"@id\":\"https:\/\/noti-america.com\/site\/principal\/2024\/09\/11\/kamala-harris-pone-a-donald-trump-contra-las-cuerdas-en-su-primer-debate\/#article\",\"isPartOf\":{\"@id\":\"https:\/\/noti-america.com\/site\/principal\/2024\/09\/11\/kamala-harris-pone-a-donald-trump-contra-las-cuerdas-en-su-primer-debate\/\"},\"author\":{\"name\":\"Maria Valentina Noguera Medina\",\"@id\":\"https:\/\/noti-america.com\/site\/principal\/#\/schema\/person\/22806efcc2cfc4b45efb0e17be210ea8\"},\"headline\":\"Kamala Harris pone a Donald Trump contra las cuerdas en su primer debate\",\"datePublished\":\"2024-09-11T20:08:24+00:00\",\"mainEntityOfPage\":{\"@id\":\"https:\/\/noti-america.com\/site\/principal\/2024\/09\/11\/kamala-harris-pone-a-donald-trump-contra-las-cuerdas-en-su-primer-debate\/\"},\"wordCount\":745,\"image\":{\"@id\":\"https:\/\/noti-america.com\/site\/principal\/2024\/09\/11\/kamala-harris-pone-a-donald-trump-contra-las-cuerdas-en-su-primer-debate\/#primaryimage\"},\"thumbnailUrl\":\"https:\/\/noti-america.com\/site\/principal\/wp-content\/uploads\/sites\/26\/2024\/09\/hq720.jpeg\",\"articleSection\":[\"Actualidad\"],\"inLanguage\":\"es\"},{\"@type\":\"WebPage\",\"@id\":\"https:\/\/noti-america.com\/site\/principal\/2024\/09\/11\/kamala-harris-pone-a-donald-trump-contra-las-cuerdas-en-su-primer-debate\/\",\"url\":\"https:\/\/noti-america.com\/site\/principal\/2024\/09\/11\/kamala-harris-pone-a-donald-trump-contra-las-cuerdas-en-su-primer-debate\/\",\"name\":\"Kamala Harris pone a Donald Trump contra las cuerdas en su primer debate - Noti-America.com\",\"isPartOf\":{\"@id\":\"https:\/\/noti-america.com\/site\/principal\/#website\"},\"primaryImageOfPage\":{\"@id\":\"https:\/\/noti-america.com\/site\/principal\/2024\/09\/11\/kamala-harris-pone-a-donald-trump-contra-las-cuerdas-en-su-primer-debate\/#primaryimage\"},\"image\":{\"@id\":\"https:\/\/noti-america.com\/site\/principal\/2024\/09\/11\/kamala-harris-pone-a-donald-trump-contra-las-cuerdas-en-su-primer-debate\/#primaryimage\"},\"thumbnailUrl\":\"https:\/\/noti-america.com\/site\/principal\/wp-content\/uploads\/sites\/26\/2024\/09\/hq720.jpeg\",\"datePublished\":\"2024-09-11T20:08:24+00:00\",\"author\":{\"@id\":\"https:\/\/noti-america.com\/site\/principal\/#\/schema\/person\/22806efcc2cfc4b45efb0e17be210ea8\"},\"breadcrumb\":{\"@id\":\"https:\/\/noti-america.com\/site\/principal\/2024\/09\/11\/kamala-harris-pone-a-donald-trump-contra-las-cuerdas-en-su-primer-debate\/#breadcrumb\"},\"inLanguage\":\"es\",\"potentialAction\":[{\"@type\":\"ReadAction\",\"target\":[\"https:\/\/noti-america.com\/site\/principal\/2024\/09\/11\/kamala-harris-pone-a-donald-trump-contra-las-cuerdas-en-su-primer-debate\/\"]}]},{\"@type\":\"ImageObject\",\"inLanguage\":\"es\",\"@id\":\"https:\/\/noti-america.com\/site\/principal\/2024\/09\/11\/kamala-harris-pone-a-donald-trump-contra-las-cuerdas-en-su-primer-debate\/#primaryimage\",\"url\":\"https:\/\/noti-america.com\/site\/principal\/wp-content\/uploads\/sites\/26\/2024\/09\/hq720.jpeg\",\"contentUrl\":\"https:\/\/noti-america.com\/site\/principal\/wp-content\/uploads\/sites\/26\/2024\/09\/hq720.jpeg\",\"width\":686,\"height\":386},{\"@type\":\"BreadcrumbList\",\"@id\":\"https:\/\/noti-america.com\/site\/principal\/2024\/09\/11\/kamala-harris-pone-a-donald-trump-contra-las-cuerdas-en-su-primer-debate\/#breadcrumb\",\"itemListElement\":[{\"@type\":\"ListItem\",\"position\":1,\"name\":\"Portada\",\"item\":\"https:\/\/noti-america.com\/site\/principal\/\"},{\"@type\":\"ListItem\",\"position\":2,\"name\":\"Kamala Harris pone a Donald Trump contra las cuerdas en su primer debate\"}]},{\"@type\":\"WebSite\",\"@id\":\"https:\/\/noti-america.com\/site\/principal\/#website\",\"url\":\"https:\/\/noti-america.com\/site\/principal\/\",\"name\":\"Noti-America.com\",\"description\":\"El Noticiero Digital M\u00e1s Grande de Am\u00e9rica\",\"potentialAction\":[{\"@type\":\"SearchAction\",\"target\":{\"@type\":\"EntryPoint\",\"urlTemplate\":\"https:\/\/noti-america.com\/site\/principal\/?s={search_term_string}\"},\"query-input\":{\"@type\":\"PropertyValueSpecification\",\"valueRequired\":true,\"valueName\":\"search_term_string\"}}],\"inLanguage\":\"es\"},{\"@type\":\"Person\",\"@id\":\"https:\/\/noti-america.com\/site\/principal\/#\/schema\/person\/22806efcc2cfc4b45efb0e17be210ea8\",\"name\":\"Maria Valentina Noguera Medina\",\"image\":{\"@type\":\"ImageObject\",\"inLanguage\":\"es\",\"@id\":\"https:\/\/secure.gravatar.com\/avatar\/4ec5eb9d099f2608a49c9df6f7341f66f04f819cdffa09d56a7a0e91d2819d56?s=96&d=mm&r=g\",\"url\":\"https:\/\/secure.gravatar.com\/avatar\/4ec5eb9d099f2608a49c9df6f7341f66f04f819cdffa09d56a7a0e91d2819d56?s=96&d=mm&r=g\",\"contentUrl\":\"https:\/\/secure.gravatar.com\/avatar\/4ec5eb9d099f2608a49c9df6f7341f66f04f819cdffa09d56a7a0e91d2819d56?s=96&d=mm&r=g\",\"caption\":\"Maria Valentina Noguera Medina\"},\"description\":\"Periodista - noti-america - Promar Community Manager - Talento Plus Dise\u00f1adora\/ creadora de contenido...\",\"sameAs\":[\"Mar\u00eda Valentina Noguera\",\"https:\/\/www.facebook.com\/mariavalentina.noguera\",\"https:\/\/www.linkedin.com\/in\/mara-valentina-noguera-medina-373075165\/\",\"https:\/\/www.pinterest.es\/valentinanoguera95\/\",\"https:\/\/www.youtube.com\/channel\/UCdek6mbUZ-Tqqw0I63i4nmQ\"],\"url\":\"https:\/\/noti-america.com\/site\/principal\/author\/mnoguera\/\"}]}<\/script>\n<!-- \/ Yoast SEO Premium plugin. -->","yoast_head_json":{"title":"Kamala Harris pone a Donald Trump contra las cuerdas en su primer debate - Noti-America.com","robots":{"index":"index","follow":"follow","max-snippet":"max-snippet:-1","max-image-preview":"max-image-preview:large","max-video-preview":"max-video-preview:-1"},"canonical":"https:\/\/noti-america.com\/site\/principal\/2024\/09\/11\/kamala-harris-pone-a-donald-trump-contra-las-cuerdas-en-su-primer-debate\/","og_locale":"es_ES","og_type":"article","og_title":"Kamala Harris pone a Donald Trump contra las cuerdas en su primer debate","og_description":"NOTI-AMERICA.COM | M\u00c9XICO Una combativa Kamala Harris puso contra las cuerdas y varias veces exasper\u00f3 a Donald Trump en el primer, y al parecer \u00fanico, debate presidencial en Estados Unidos, donde se enfrentaron sobre&#46;&#46;&#46;","og_url":"https:\/\/noti-america.com\/site\/principal\/2024\/09\/11\/kamala-harris-pone-a-donald-trump-contra-las-cuerdas-en-su-primer-debate\/","og_site_name":"Noti-America.com","article_author":"Mar\u00eda Valentina Noguera","article_published_time":"2024-09-11T20:08:24+00:00","og_image":[{"width":686,"height":386,"url":"https:\/\/noti-america.com\/site\/principal\/wp-content\/uploads\/sites\/26\/2024\/09\/hq720.jpeg","type":"image\/jpeg"}],"author":"Maria Valentina Noguera Medina","twitter_card":"summary_large_image","twitter_misc":{"Escrito por":"Maria Valentina Noguera Medina","Tiempo estimado de lectura":"4 minutos"},"schema":{"@context":"https:\/\/schema.org","@graph":[{"@type":"Article","@id":"https:\/\/noti-america.com\/site\/principal\/2024\/09\/11\/kamala-harris-pone-a-donald-trump-contra-las-cuerdas-en-su-primer-debate\/#article","isPartOf":{"@id":"https:\/\/noti-america.com\/site\/principal\/2024\/09\/11\/kamala-harris-pone-a-donald-trump-contra-las-cuerdas-en-su-primer-debate\/"},"author":{"name":"Maria Valentina Noguera Medina","@id":"https:\/\/noti-america.com\/site\/principal\/#\/schema\/person\/22806efcc2cfc4b45efb0e17be210ea8"},"headline":"Kamala Harris pone a Donald Trump contra las cuerdas en su primer debate","datePublished":"2024-09-11T20:08:24+00:00","mainEntityOfPage":{"@id":"https:\/\/noti-america.com\/site\/principal\/2024\/09\/11\/kamala-harris-pone-a-donald-trump-contra-las-cuerdas-en-su-primer-debate\/"},"wordCount":745,"image":{"@id":"https:\/\/noti-america.com\/site\/principal\/2024\/09\/11\/kamala-harris-pone-a-donald-trump-contra-las-cuerdas-en-su-primer-debate\/#primaryimage"},"thumbnailUrl":"https:\/\/noti-america.com\/site\/principal\/wp-content\/uploads\/sites\/26\/2024\/09\/hq720.jpeg","articleSection":["Actualidad"],"inLanguage":"es"},{"@type":"WebPage","@id":"https:\/\/noti-america.com\/site\/principal\/2024\/09\/11\/kamala-harris-pone-a-donald-trump-contra-las-cuerdas-en-su-primer-debate\/","url":"https:\/\/noti-america.com\/site\/principal\/2024\/09\/11\/kamala-harris-pone-a-donald-trump-contra-las-cuerdas-en-su-primer-debate\/","name":"Kamala Harris pone a Donald Trump contra las cuerdas en su primer debate - Noti-America.com","isPartOf":{"@id":"https:\/\/noti-america.com\/site\/principal\/#website"},"primaryImageOfPage":{"@id":"https:\/\/noti-america.com\/site\/principal\/2024\/09\/11\/kamala-harris-pone-a-donald-trump-contra-las-cuerdas-en-su-primer-debate\/#primaryimage"},"image":{"@id":"https:\/\/noti-america.com\/site\/principal\/2024\/09\/11\/kamala-harris-pone-a-donald-trump-contra-las-cuerdas-en-su-primer-debate\/#primaryimage"},"thumbnailUrl":"https:\/\/noti-america.com\/site\/principal\/wp-content\/uploads\/sites\/26\/2024\/09\/hq720.jpeg","datePublished":"2024-09-11T20:08:24+00:00","author":{"@id":"https:\/\/noti-america.com\/site\/principal\/#\/schema\/person\/22806efcc2cfc4b45efb0e17be210ea8"},"breadcrumb":{"@id":"https:\/\/noti-america.com\/site\/principal\/2024\/09\/11\/kamala-harris-pone-a-donald-trump-contra-las-cuerdas-en-su-primer-debate\/#breadcrumb"},"inLanguage":"es","potentialAction":[{"@type":"ReadAction","target":["https:\/\/noti-america.com\/site\/principal\/2024\/09\/11\/kamala-harris-pone-a-donald-trump-contra-las-cuerdas-en-su-primer-debate\/"]}]},{"@type":"ImageObject","inLanguage":"es","@id":"https:\/\/noti-america.com\/site\/principal\/2024\/09\/11\/kamala-harris-pone-a-donald-trump-contra-las-cuerdas-en-su-primer-debate\/#primaryimage","url":"https:\/\/noti-america.com\/site\/principal\/wp-content\/uploads\/sites\/26\/2024\/09\/hq720.jpeg","contentUrl":"https:\/\/noti-america.com\/site\/principal\/wp-content\/uploads\/sites\/26\/2024\/09\/hq720.jpeg","width":686,"height":386},{"@type":"BreadcrumbList","@id":"https:\/\/noti-america.com\/site\/principal\/2024\/09\/11\/kamala-harris-pone-a-donald-trump-contra-las-cuerdas-en-su-primer-debate\/#breadcrumb","itemListElement":[{"@type":"ListItem","position":1,"name":"Portada","item":"https:\/\/noti-america.com\/site\/principal\/"},{"@type":"ListItem","position":2,"name":"Kamala Harris pone a Donald Trump contra las cuerdas en su primer debate"}]},{"@type":"WebSite","@id":"https:\/\/noti-america.com\/site\/principal\/#website","url":"https:\/\/noti-america.com\/site\/principal\/","name":"Noti-America.com","description":"El Noticiero Digital M\u00e1s Grande de Am\u00e9rica","potentialAction":[{"@type":"SearchAction","target":{"@type":"EntryPoint","urlTemplate":"https:\/\/noti-america.com\/site\/principal\/?s={search_term_string}"},"query-input":{"@type":"PropertyValueSpecification","valueRequired":true,"valueName":"search_term_string"}}],"inLanguage":"es"},{"@type":"Person","@id":"https:\/\/noti-america.com\/site\/principal\/#\/schema\/person\/22806efcc2cfc4b45efb0e17be210ea8","name":"Maria Valentina Noguera Medina","image":{"@type":"ImageObject","inLanguage":"es","@id":"https:\/\/secure.gravatar.com\/avatar\/4ec5eb9d099f2608a49c9df6f7341f66f04f819cdffa09d56a7a0e91d2819d56?s=96&d=mm&r=g","url":"https:\/\/secure.gravatar.com\/avatar\/4ec5eb9d099f2608a49c9df6f7341f66f04f819cdffa09d56a7a0e91d2819d56?s=96&d=mm&r=g","contentUrl":"https:\/\/secure.gravatar.com\/avatar\/4ec5eb9d099f2608a49c9df6f7341f66f04f819cdffa09d56a7a0e91d2819d56?s=96&d=mm&r=g","caption":"Maria Valentina Noguera Medina"},"description":"Periodista - noti-america - Promar Community Manager - Talento Plus Dise\u00f1adora\/ creadora de contenido...","sameAs":["Mar\u00eda Valentina Noguera","https:\/\/www.facebook.com\/mariavalentina.noguera","https:\/\/www.linkedin.com\/in\/mara-valentina-noguera-medina-373075165\/","https:\/\/www.pinterest.es\/valentinanoguera95\/","https:\/\/www.youtube.com\/channel\/UCdek6mbUZ-Tqqw0I63i4nmQ"],"url":"https:\/\/noti-america.com\/site\/principal\/author\/mnoguera\/"}]}},"_links":{"self":[{"href":"https:\/\/noti-america.com\/site\/principal\/wp-json\/wp\/v2\/posts\/52968","targetHints":{"allow":["GET"]}}],"collection":[{"href":"https:\/\/noti-america.com\/site\/principal\/wp-json\/wp\/v2\/posts"}],"about":[{"href":"https:\/\/noti-america.com\/site\/principal\/wp-json\/wp\/v2\/types\/post"}],"author":[{"embeddable":true,"href":"https:\/\/noti-america.com\/site\/principal\/wp-json\/wp\/v2\/users\/133"}],"replies":[{"embeddable":true,"href":"https:\/\/noti-america.com\/site\/principal\/wp-json\/wp\/v2\/comments?post=52968"}],"version-history":[{"count":1,"href":"https:\/\/noti-america.com\/site\/principal\/wp-json\/wp\/v2\/posts\/52968\/revisions"}],"predecessor-version":[{"id":52998,"href":"https:\/\/noti-america.com\/site\/principal\/wp-json\/wp\/v2\/posts\/52968\/revisions\/52998"}],"wp:featuredmedia":[{"embeddable":true,"href":"https:\/\/noti-america.com\/site\/principal\/wp-json\/wp\/v2\/media\/52969"}],"wp:attachment":[{"href":"https:\/\/noti-america.com\/site\/principal\/wp-json\/wp\/v2\/media?parent=52968"}],"wp:term":[{"taxonomy":"category","embeddable":true,"href":"https:\/\/noti-america.com\/site\/principal\/wp-json\/wp\/v2\/categories?post=52968"},{"taxonomy":"post_tag","embeddable":true,"href":"https:\/\/noti-america.com\/site\/principal\/wp-json\/wp\/v2\/tags?post=52968"}],"curies":[{"name":"wp","href":"https:\/\/api.w.org\/{rel}","templated":true}]}}