{"id":51582,"date":"2024-08-20T00:03:25","date_gmt":"2024-08-20T04:03:25","guid":{"rendered":"https:\/\/noti-america.com\/site\/principal\/?p=51582"},"modified":"2024-08-20T00:03:25","modified_gmt":"2024-08-20T04:03:25","slug":"proposito-la-clave-del-exito-empresarial-alineado-con-los-ideales-de-las-nuevas-generaciones","status":"publish","type":"post","link":"https:\/\/noti-america.com\/site\/principal\/2024\/08\/20\/proposito-la-clave-del-exito-empresarial-alineado-con-los-ideales-de-las-nuevas-generaciones\/","title":{"rendered":"Prop\u00f3sito+, la clave del \u00e9xito empresarial alineado con los ideales de las nuevas generaciones"},"content":{"rendered":"<p>NOTI-AMERICA | COLOMBIA<\/p>\n<p>El concepto de prop\u00f3sito se ha vuelto crucial en las compa\u00f1\u00edas debido a la creciente demanda de las nuevas generaciones, especialmente Millennials y Gen Z, que buscan que las empresas tengan un prop\u00f3sito claro y alineado con sus valores actuales que van m\u00e1s all\u00e1 de obtener ganancias.<\/p>\n<p>Dichas generaciones valoran profundamente el prop\u00f3sito y la sostenibilidad en sus lugares de trabajo y en las marcas que eligen apoyar. Seg\u00fan la <a href=\"https:\/\/www.deloitte.com\/content\/dam\/assets-shared\/docs\/campaigns\/2024\/deloitte-2024-genz-millennial-survey.pdf?dlva=1\"><strong><em>encuesta global de Deloitte de 2024<\/em><\/strong><\/a><strong><em>, Viviendo y trabajando con prop\u00f3sito en un mundo en transformaci\u00f3n<\/em><\/strong>, el 44% de los Gen Z y el 40% de los Millennials encuestados han rechazado empleadores debido a preocupaciones \u00e9ticas, ya que sus valores no se alinean con los de la organizaci\u00f3n\u200b.<\/p>\n<p>Adem\u00e1s, tener un prop\u00f3sito claro asegura la viabilidad a largo plazo de las compa\u00f1\u00edas, integrando sus operaciones con principios \u00e9ticos y responsabilidad social. Sin este enfoque, las empresas pueden enfrentar desaf\u00edos internos y externos que da\u00f1an su reputaci\u00f3n y operaciones, ya que puede llevar a pr\u00e1cticas destructivas, p\u00e9rdida de confianza del cliente, sanciones legales y crisis de reputaci\u00f3n que pueden llevarlas a su eventual desaparici\u00f3n\u200b.<\/p>\n<p>Por esta raz\u00f3n el concepto de Prop\u00f3sito es por segundo a\u00f1o consecutivo la tem\u00e1tica central de la novena edici\u00f3n del <em>World Business Forum Bogot\u00e1<\/em>, el evento anual organizado por WOBI en diferentes ciudades de Am\u00e9rica, Europa y Asia, que tiene este a\u00f1o el objetivo de ofrecerles a los asistentes (CEO y C-Level del pa\u00eds) las herramientas necesarias para reconocer, reformular o estructurar su prop\u00f3sito.<\/p>\n<p><strong>Prop\u00f3sito+<\/strong>, encierra las bases de una estrategia enfocada en que las empresas tengan un prop\u00f3sito rentable y significativo.<\/p>\n<p><em>\u201cLas organizaciones que definan su prop\u00f3sito y lo integren en todas sus estructuras tendr\u00e1n, definitivamente, una gran ventaja en el mercado, porque obtendr\u00e1n frutos muy concretos en temas como un mejor relacionamiento con clientes y proveedores. Adem\u00e1s, tendr\u00e1n una percepci\u00f3n positiva ante las nuevas generaciones que buscan un empleador con prop\u00f3sito claro y \u00e9tico, lo que a su vez fortalece la confianza y la credibilidad de la marca\u201d,<\/em> asegura Martha Luc\u00eda Maldonado, country manager de WOBI Colombia.<\/p>\n<p>&nbsp;<\/p>\n<p>Esa es la raz\u00f3n por la cual WOBI y los <em>World Business Forum<\/em> que se adelantan en todo el mundo, incluido Colombia, han considerado 2024 como el a\u00f1o del Prop\u00f3sito+ para que las compa\u00f1\u00edas que acudan a los eventos descubran la importancia de este concepto en t\u00e9rminos de:<\/p>\n<ul>\n<li>Credibilidad y confianza.<\/li>\n<li>Resiliencia en tiempos de incertidumbre.<\/li>\n<li>Cultura laboral positiva.<\/li>\n<li>Reputaci\u00f3n empresarial.<\/li>\n<li>Lealtad del cliente.<\/li>\n<li>Innovaci\u00f3n.<\/li>\n<li>Sostenibilidad a largo plazo.<\/li>\n<\/ul>\n<p><strong>Una agenda con prop\u00f3sito<\/strong><\/p>\n<p>Con el fin de ayudarles a los asistentes a encontrar o reestructurar su prop\u00f3sito corporativo, la novena edici\u00f3n del <em>World Business Forum Bogot\u00e1<\/em>, que se llevar\u00e1 a cabo en el Teatro Mayor Julio Mario Santodomingo los d\u00edas 30 y 31 de octubre, ha dise\u00f1ado una agenda acad\u00e9mica con <em>speakers<\/em> nacionales e internacionales que entregar\u00e1n las herramientas necesarias para lograr ese objetivo.<\/p>\n<p>La parrilla de charlas de WOBI mezcla tres tipos de conferencistas: empresariales, motivacionales y acad\u00e9micos.<\/p>\n<p><em>\u201cEn el primero tendremos, por ejemplo, a Anne Chow, primera mujer CEO de origen no cauc\u00e1sico de AT&amp;T y a Adriana Arismendi, reconocida l\u00edder en marketing y experta en transformaci\u00f3n digital. En el segundo grupo se encuentra Chris Gardner, autor del libro \u2018En busca de la felicidad\u2019, que fue llevado al cine protagonizado por Will Smith, y el tercer grupo incluye nombres como Gary Hamel, uno de los pensadores de gesti\u00f3n m\u00e1s influyentes del mundo, y a Marcus Collins, galardonado experto en marketing y estrategia de marca\u201d, se\u00f1ala Maldonado.<\/em><\/p>\n<p>El World Business Forum Bogot\u00e1 ofrecer\u00e1 espacios de networking para que los asistentes fortalezcan lazos seg\u00fan su prop\u00f3sito empresarial. Las marcas podr\u00e1n lograr posicionamiento y visibilidad ante miles de <em>decision makers<\/em> a trav\u00e9s de estrategias innovadoras.<\/p>\n<p>Para m\u00e1s informaci\u00f3n sobre el evento, perfiles de los conferencistas y agenda, pueden ingresar a <a href=\"https:\/\/wbf.wobi.com\/es_co\/wbf\/wbf-bogota\/\">https:\/\/wbf.wobi.com\/es_co\/wbf\/wbf-bogota\/<\/a><\/p>\n","protected":false},"excerpt":{"rendered":"<p>NOTI-AMERICA | COLOMBIA El concepto de prop\u00f3sito se ha vuelto crucial en las compa\u00f1\u00edas debido a la creciente demanda de las nuevas generaciones, especialmente Millennials y Gen Z, que buscan que las empresas tengan&#46;&#46;&#46;<\/p>\n","protected":false},"author":135,"featured_media":51583,"comment_status":"","ping_status":"open","sticky":false,"template":"","format":"image","meta":{"_acf_changed":false,"rop_custom_images_group":[],"rop_custom_messages_group":[],"rop_publish_now":"initial","rop_publish_now_accounts":{"facebook_10219548024599422_1632221337088128":"","twitter_242054905_242054905":""},"rop_publish_now_history":[],"rop_publish_now_status":"pending","footnotes":""},"categories":[5],"tags":[],"class_list":["post-51582","post","type-post","status-publish","format-image","has-post-thumbnail","hentry","category-economia","post_format-post-format-image"],"acf":[],"yoast_head":"<!-- This site is optimized with the Yoast SEO Premium plugin v24.9 (Yoast SEO v27.2) - https:\/\/yoast.com\/product\/yoast-seo-premium-wordpress\/ -->\n<title>Prop\u00f3sito+, la clave del \u00e9xito empresarial alineado con los ideales de las nuevas generaciones - Noti-America.com<\/title>\n<meta name=\"robots\" content=\"index, follow, max-snippet:-1, max-image-preview:large, max-video-preview:-1\" \/>\n<link rel=\"canonical\" href=\"https:\/\/noti-america.com\/site\/principal\/2024\/08\/20\/proposito-la-clave-del-exito-empresarial-alineado-con-los-ideales-de-las-nuevas-generaciones\/\" \/>\n<meta property=\"og:locale\" content=\"es_ES\" \/>\n<meta property=\"og:type\" content=\"article\" \/>\n<meta property=\"og:title\" content=\"Prop\u00f3sito+, la clave del \u00e9xito empresarial alineado con los ideales de las nuevas generaciones\" \/>\n<meta property=\"og:description\" content=\"NOTI-AMERICA | COLOMBIA El concepto de prop\u00f3sito se ha vuelto crucial en las compa\u00f1\u00edas debido a la creciente demanda de las nuevas generaciones, especialmente Millennials y Gen Z, que buscan que las empresas tengan&#046;&#046;&#046;\" \/>\n<meta property=\"og:url\" content=\"https:\/\/noti-america.com\/site\/principal\/2024\/08\/20\/proposito-la-clave-del-exito-empresarial-alineado-con-los-ideales-de-las-nuevas-generaciones\/\" \/>\n<meta property=\"og:site_name\" content=\"Noti-America.com\" \/>\n<meta property=\"article:published_time\" content=\"2024-08-20T04:03:25+00:00\" \/>\n<meta property=\"og:image\" content=\"https:\/\/noti-america.com\/site\/principal\/wp-content\/uploads\/sites\/26\/2024\/08\/Foto-2_El-Proposito-Empresarial-clave-en-las-nuevas-generaciones-laborales_-scaled.jpg\" \/>\n\t<meta property=\"og:image:width\" content=\"2560\" \/>\n\t<meta property=\"og:image:height\" content=\"1706\" \/>\n\t<meta property=\"og:image:type\" content=\"image\/jpeg\" \/>\n<meta name=\"author\" content=\"mlenis\" \/>\n<meta name=\"twitter:card\" content=\"summary_large_image\" \/>\n<meta name=\"twitter:label1\" content=\"Escrito por\" \/>\n\t<meta name=\"twitter:data1\" content=\"mlenis\" \/>\n\t<meta name=\"twitter:label2\" content=\"Tiempo estimado de lectura\" \/>\n\t<meta name=\"twitter:data2\" content=\"4 minutos\" \/>\n<script type=\"application\/ld+json\" class=\"yoast-schema-graph\">{\"@context\":\"https:\/\/schema.org\",\"@graph\":[{\"@type\":\"Article\",\"@id\":\"https:\/\/noti-america.com\/site\/principal\/2024\/08\/20\/proposito-la-clave-del-exito-empresarial-alineado-con-los-ideales-de-las-nuevas-generaciones\/#article\",\"isPartOf\":{\"@id\":\"https:\/\/noti-america.com\/site\/principal\/2024\/08\/20\/proposito-la-clave-del-exito-empresarial-alineado-con-los-ideales-de-las-nuevas-generaciones\/\"},\"author\":{\"name\":\"mlenis\",\"@id\":\"https:\/\/noti-america.com\/site\/principal\/#\/schema\/person\/4b216aa1c65f5f3ee2a0f0ee69a3f85f\"},\"headline\":\"Prop\u00f3sito+, la clave del \u00e9xito empresarial alineado con los ideales de las nuevas generaciones\",\"datePublished\":\"2024-08-20T04:03:25+00:00\",\"mainEntityOfPage\":{\"@id\":\"https:\/\/noti-america.com\/site\/principal\/2024\/08\/20\/proposito-la-clave-del-exito-empresarial-alineado-con-los-ideales-de-las-nuevas-generaciones\/\"},\"wordCount\":718,\"image\":{\"@id\":\"https:\/\/noti-america.com\/site\/principal\/2024\/08\/20\/proposito-la-clave-del-exito-empresarial-alineado-con-los-ideales-de-las-nuevas-generaciones\/#primaryimage\"},\"thumbnailUrl\":\"https:\/\/noti-america.com\/site\/principal\/wp-content\/uploads\/sites\/26\/2024\/08\/Foto-2_El-Proposito-Empresarial-clave-en-las-nuevas-generaciones-laborales_-scaled.jpg\",\"articleSection\":[\"Econom\u00eda\"],\"inLanguage\":\"es\"},{\"@type\":\"WebPage\",\"@id\":\"https:\/\/noti-america.com\/site\/principal\/2024\/08\/20\/proposito-la-clave-del-exito-empresarial-alineado-con-los-ideales-de-las-nuevas-generaciones\/\",\"url\":\"https:\/\/noti-america.com\/site\/principal\/2024\/08\/20\/proposito-la-clave-del-exito-empresarial-alineado-con-los-ideales-de-las-nuevas-generaciones\/\",\"name\":\"Prop\u00f3sito+, la clave del \u00e9xito empresarial alineado con los ideales de las nuevas generaciones - Noti-America.com\",\"isPartOf\":{\"@id\":\"https:\/\/noti-america.com\/site\/principal\/#website\"},\"primaryImageOfPage\":{\"@id\":\"https:\/\/noti-america.com\/site\/principal\/2024\/08\/20\/proposito-la-clave-del-exito-empresarial-alineado-con-los-ideales-de-las-nuevas-generaciones\/#primaryimage\"},\"image\":{\"@id\":\"https:\/\/noti-america.com\/site\/principal\/2024\/08\/20\/proposito-la-clave-del-exito-empresarial-alineado-con-los-ideales-de-las-nuevas-generaciones\/#primaryimage\"},\"thumbnailUrl\":\"https:\/\/noti-america.com\/site\/principal\/wp-content\/uploads\/sites\/26\/2024\/08\/Foto-2_El-Proposito-Empresarial-clave-en-las-nuevas-generaciones-laborales_-scaled.jpg\",\"datePublished\":\"2024-08-20T04:03:25+00:00\",\"author\":{\"@id\":\"https:\/\/noti-america.com\/site\/principal\/#\/schema\/person\/4b216aa1c65f5f3ee2a0f0ee69a3f85f\"},\"breadcrumb\":{\"@id\":\"https:\/\/noti-america.com\/site\/principal\/2024\/08\/20\/proposito-la-clave-del-exito-empresarial-alineado-con-los-ideales-de-las-nuevas-generaciones\/#breadcrumb\"},\"inLanguage\":\"es\",\"potentialAction\":[{\"@type\":\"ReadAction\",\"target\":[\"https:\/\/noti-america.com\/site\/principal\/2024\/08\/20\/proposito-la-clave-del-exito-empresarial-alineado-con-los-ideales-de-las-nuevas-generaciones\/\"]}]},{\"@type\":\"ImageObject\",\"inLanguage\":\"es\",\"@id\":\"https:\/\/noti-america.com\/site\/principal\/2024\/08\/20\/proposito-la-clave-del-exito-empresarial-alineado-con-los-ideales-de-las-nuevas-generaciones\/#primaryimage\",\"url\":\"https:\/\/noti-america.com\/site\/principal\/wp-content\/uploads\/sites\/26\/2024\/08\/Foto-2_El-Proposito-Empresarial-clave-en-las-nuevas-generaciones-laborales_-scaled.jpg\",\"contentUrl\":\"https:\/\/noti-america.com\/site\/principal\/wp-content\/uploads\/sites\/26\/2024\/08\/Foto-2_El-Proposito-Empresarial-clave-en-las-nuevas-generaciones-laborales_-scaled.jpg\",\"width\":2560,\"height\":1706},{\"@type\":\"BreadcrumbList\",\"@id\":\"https:\/\/noti-america.com\/site\/principal\/2024\/08\/20\/proposito-la-clave-del-exito-empresarial-alineado-con-los-ideales-de-las-nuevas-generaciones\/#breadcrumb\",\"itemListElement\":[{\"@type\":\"ListItem\",\"position\":1,\"name\":\"Portada\",\"item\":\"https:\/\/noti-america.com\/site\/principal\/\"},{\"@type\":\"ListItem\",\"position\":2,\"name\":\"Prop\u00f3sito+, la clave del \u00e9xito empresarial alineado con los ideales de las nuevas generaciones\"}]},{\"@type\":\"WebSite\",\"@id\":\"https:\/\/noti-america.com\/site\/principal\/#website\",\"url\":\"https:\/\/noti-america.com\/site\/principal\/\",\"name\":\"Noti-America.com\",\"description\":\"El Noticiero Digital M\u00e1s Grande de Am\u00e9rica\",\"potentialAction\":[{\"@type\":\"SearchAction\",\"target\":{\"@type\":\"EntryPoint\",\"urlTemplate\":\"https:\/\/noti-america.com\/site\/principal\/?s={search_term_string}\"},\"query-input\":{\"@type\":\"PropertyValueSpecification\",\"valueRequired\":true,\"valueName\":\"search_term_string\"}}],\"inLanguage\":\"es\"},{\"@type\":\"Person\",\"@id\":\"https:\/\/noti-america.com\/site\/principal\/#\/schema\/person\/4b216aa1c65f5f3ee2a0f0ee69a3f85f\",\"name\":\"mlenis\",\"image\":{\"@type\":\"ImageObject\",\"inLanguage\":\"es\",\"@id\":\"https:\/\/secure.gravatar.com\/avatar\/71bbe7129a082888d49bedca63e7a6e75ca485c648bb239a7515a2a55acd510f?s=96&d=mm&r=g\",\"url\":\"https:\/\/secure.gravatar.com\/avatar\/71bbe7129a082888d49bedca63e7a6e75ca485c648bb239a7515a2a55acd510f?s=96&d=mm&r=g\",\"contentUrl\":\"https:\/\/secure.gravatar.com\/avatar\/71bbe7129a082888d49bedca63e7a6e75ca485c648bb239a7515a2a55acd510f?s=96&d=mm&r=g\",\"caption\":\"mlenis\"},\"url\":\"https:\/\/noti-america.com\/site\/principal\/author\/mlenis\/\"}]}<\/script>\n<!-- \/ Yoast SEO Premium plugin. -->","yoast_head_json":{"title":"Prop\u00f3sito+, la clave del \u00e9xito empresarial alineado con los ideales de las nuevas generaciones - Noti-America.com","robots":{"index":"index","follow":"follow","max-snippet":"max-snippet:-1","max-image-preview":"max-image-preview:large","max-video-preview":"max-video-preview:-1"},"canonical":"https:\/\/noti-america.com\/site\/principal\/2024\/08\/20\/proposito-la-clave-del-exito-empresarial-alineado-con-los-ideales-de-las-nuevas-generaciones\/","og_locale":"es_ES","og_type":"article","og_title":"Prop\u00f3sito+, la clave del \u00e9xito empresarial alineado con los ideales de las nuevas generaciones","og_description":"NOTI-AMERICA | COLOMBIA El concepto de prop\u00f3sito se ha vuelto crucial en las compa\u00f1\u00edas debido a la creciente demanda de las nuevas generaciones, especialmente Millennials y Gen Z, que buscan que las empresas tengan&#46;&#46;&#46;","og_url":"https:\/\/noti-america.com\/site\/principal\/2024\/08\/20\/proposito-la-clave-del-exito-empresarial-alineado-con-los-ideales-de-las-nuevas-generaciones\/","og_site_name":"Noti-America.com","article_published_time":"2024-08-20T04:03:25+00:00","og_image":[{"width":2560,"height":1706,"url":"https:\/\/noti-america.com\/site\/principal\/wp-content\/uploads\/sites\/26\/2024\/08\/Foto-2_El-Proposito-Empresarial-clave-en-las-nuevas-generaciones-laborales_-scaled.jpg","type":"image\/jpeg"}],"author":"mlenis","twitter_card":"summary_large_image","twitter_misc":{"Escrito por":"mlenis","Tiempo estimado de lectura":"4 minutos"},"schema":{"@context":"https:\/\/schema.org","@graph":[{"@type":"Article","@id":"https:\/\/noti-america.com\/site\/principal\/2024\/08\/20\/proposito-la-clave-del-exito-empresarial-alineado-con-los-ideales-de-las-nuevas-generaciones\/#article","isPartOf":{"@id":"https:\/\/noti-america.com\/site\/principal\/2024\/08\/20\/proposito-la-clave-del-exito-empresarial-alineado-con-los-ideales-de-las-nuevas-generaciones\/"},"author":{"name":"mlenis","@id":"https:\/\/noti-america.com\/site\/principal\/#\/schema\/person\/4b216aa1c65f5f3ee2a0f0ee69a3f85f"},"headline":"Prop\u00f3sito+, la clave del \u00e9xito empresarial alineado con los ideales de las nuevas generaciones","datePublished":"2024-08-20T04:03:25+00:00","mainEntityOfPage":{"@id":"https:\/\/noti-america.com\/site\/principal\/2024\/08\/20\/proposito-la-clave-del-exito-empresarial-alineado-con-los-ideales-de-las-nuevas-generaciones\/"},"wordCount":718,"image":{"@id":"https:\/\/noti-america.com\/site\/principal\/2024\/08\/20\/proposito-la-clave-del-exito-empresarial-alineado-con-los-ideales-de-las-nuevas-generaciones\/#primaryimage"},"thumbnailUrl":"https:\/\/noti-america.com\/site\/principal\/wp-content\/uploads\/sites\/26\/2024\/08\/Foto-2_El-Proposito-Empresarial-clave-en-las-nuevas-generaciones-laborales_-scaled.jpg","articleSection":["Econom\u00eda"],"inLanguage":"es"},{"@type":"WebPage","@id":"https:\/\/noti-america.com\/site\/principal\/2024\/08\/20\/proposito-la-clave-del-exito-empresarial-alineado-con-los-ideales-de-las-nuevas-generaciones\/","url":"https:\/\/noti-america.com\/site\/principal\/2024\/08\/20\/proposito-la-clave-del-exito-empresarial-alineado-con-los-ideales-de-las-nuevas-generaciones\/","name":"Prop\u00f3sito+, la clave del \u00e9xito empresarial alineado con los ideales de las nuevas generaciones - Noti-America.com","isPartOf":{"@id":"https:\/\/noti-america.com\/site\/principal\/#website"},"primaryImageOfPage":{"@id":"https:\/\/noti-america.com\/site\/principal\/2024\/08\/20\/proposito-la-clave-del-exito-empresarial-alineado-con-los-ideales-de-las-nuevas-generaciones\/#primaryimage"},"image":{"@id":"https:\/\/noti-america.com\/site\/principal\/2024\/08\/20\/proposito-la-clave-del-exito-empresarial-alineado-con-los-ideales-de-las-nuevas-generaciones\/#primaryimage"},"thumbnailUrl":"https:\/\/noti-america.com\/site\/principal\/wp-content\/uploads\/sites\/26\/2024\/08\/Foto-2_El-Proposito-Empresarial-clave-en-las-nuevas-generaciones-laborales_-scaled.jpg","datePublished":"2024-08-20T04:03:25+00:00","author":{"@id":"https:\/\/noti-america.com\/site\/principal\/#\/schema\/person\/4b216aa1c65f5f3ee2a0f0ee69a3f85f"},"breadcrumb":{"@id":"https:\/\/noti-america.com\/site\/principal\/2024\/08\/20\/proposito-la-clave-del-exito-empresarial-alineado-con-los-ideales-de-las-nuevas-generaciones\/#breadcrumb"},"inLanguage":"es","potentialAction":[{"@type":"ReadAction","target":["https:\/\/noti-america.com\/site\/principal\/2024\/08\/20\/proposito-la-clave-del-exito-empresarial-alineado-con-los-ideales-de-las-nuevas-generaciones\/"]}]},{"@type":"ImageObject","inLanguage":"es","@id":"https:\/\/noti-america.com\/site\/principal\/2024\/08\/20\/proposito-la-clave-del-exito-empresarial-alineado-con-los-ideales-de-las-nuevas-generaciones\/#primaryimage","url":"https:\/\/noti-america.com\/site\/principal\/wp-content\/uploads\/sites\/26\/2024\/08\/Foto-2_El-Proposito-Empresarial-clave-en-las-nuevas-generaciones-laborales_-scaled.jpg","contentUrl":"https:\/\/noti-america.com\/site\/principal\/wp-content\/uploads\/sites\/26\/2024\/08\/Foto-2_El-Proposito-Empresarial-clave-en-las-nuevas-generaciones-laborales_-scaled.jpg","width":2560,"height":1706},{"@type":"BreadcrumbList","@id":"https:\/\/noti-america.com\/site\/principal\/2024\/08\/20\/proposito-la-clave-del-exito-empresarial-alineado-con-los-ideales-de-las-nuevas-generaciones\/#breadcrumb","itemListElement":[{"@type":"ListItem","position":1,"name":"Portada","item":"https:\/\/noti-america.com\/site\/principal\/"},{"@type":"ListItem","position":2,"name":"Prop\u00f3sito+, la clave del \u00e9xito empresarial alineado con los ideales de las nuevas generaciones"}]},{"@type":"WebSite","@id":"https:\/\/noti-america.com\/site\/principal\/#website","url":"https:\/\/noti-america.com\/site\/principal\/","name":"Noti-America.com","description":"El Noticiero Digital M\u00e1s Grande de Am\u00e9rica","potentialAction":[{"@type":"SearchAction","target":{"@type":"EntryPoint","urlTemplate":"https:\/\/noti-america.com\/site\/principal\/?s={search_term_string}"},"query-input":{"@type":"PropertyValueSpecification","valueRequired":true,"valueName":"search_term_string"}}],"inLanguage":"es"},{"@type":"Person","@id":"https:\/\/noti-america.com\/site\/principal\/#\/schema\/person\/4b216aa1c65f5f3ee2a0f0ee69a3f85f","name":"mlenis","image":{"@type":"ImageObject","inLanguage":"es","@id":"https:\/\/secure.gravatar.com\/avatar\/71bbe7129a082888d49bedca63e7a6e75ca485c648bb239a7515a2a55acd510f?s=96&d=mm&r=g","url":"https:\/\/secure.gravatar.com\/avatar\/71bbe7129a082888d49bedca63e7a6e75ca485c648bb239a7515a2a55acd510f?s=96&d=mm&r=g","contentUrl":"https:\/\/secure.gravatar.com\/avatar\/71bbe7129a082888d49bedca63e7a6e75ca485c648bb239a7515a2a55acd510f?s=96&d=mm&r=g","caption":"mlenis"},"url":"https:\/\/noti-america.com\/site\/principal\/author\/mlenis\/"}]}},"_links":{"self":[{"href":"https:\/\/noti-america.com\/site\/principal\/wp-json\/wp\/v2\/posts\/51582","targetHints":{"allow":["GET"]}}],"collection":[{"href":"https:\/\/noti-america.com\/site\/principal\/wp-json\/wp\/v2\/posts"}],"about":[{"href":"https:\/\/noti-america.com\/site\/principal\/wp-json\/wp\/v2\/types\/post"}],"author":[{"embeddable":true,"href":"https:\/\/noti-america.com\/site\/principal\/wp-json\/wp\/v2\/users\/135"}],"replies":[{"embeddable":true,"href":"https:\/\/noti-america.com\/site\/principal\/wp-json\/wp\/v2\/comments?post=51582"}],"version-history":[{"count":1,"href":"https:\/\/noti-america.com\/site\/principal\/wp-json\/wp\/v2\/posts\/51582\/revisions"}],"predecessor-version":[{"id":51596,"href":"https:\/\/noti-america.com\/site\/principal\/wp-json\/wp\/v2\/posts\/51582\/revisions\/51596"}],"wp:featuredmedia":[{"embeddable":true,"href":"https:\/\/noti-america.com\/site\/principal\/wp-json\/wp\/v2\/media\/51583"}],"wp:attachment":[{"href":"https:\/\/noti-america.com\/site\/principal\/wp-json\/wp\/v2\/media?parent=51582"}],"wp:term":[{"taxonomy":"category","embeddable":true,"href":"https:\/\/noti-america.com\/site\/principal\/wp-json\/wp\/v2\/categories?post=51582"},{"taxonomy":"post_tag","embeddable":true,"href":"https:\/\/noti-america.com\/site\/principal\/wp-json\/wp\/v2\/tags?post=51582"}],"curies":[{"name":"wp","href":"https:\/\/api.w.org\/{rel}","templated":true}]}}