{"id":51171,"date":"2024-08-13T12:20:31","date_gmt":"2024-08-13T16:20:31","guid":{"rendered":"https:\/\/noti-america.com\/site\/principal\/?p=51171"},"modified":"2024-08-13T12:20:31","modified_gmt":"2024-08-13T16:20:31","slug":"5-habitos-para-mejorar-el-ambiente-laboral-y-hacerlo-saludable","status":"publish","type":"post","link":"https:\/\/noti-america.com\/site\/principal\/2024\/08\/13\/5-habitos-para-mejorar-el-ambiente-laboral-y-hacerlo-saludable\/","title":{"rendered":"5 h\u00e1bitos para mejorar el ambiente laboral y hacerlo saludable"},"content":{"rendered":"<p>NOTI-AMERICA.COM | ARGENTINA<\/p>\n<p style=\"text-align: justify\">Hablar de h\u00e1bitos nos remonta sobre todo a la infancia, etapa en la cual se comienzan a fijar las bases en diferentes \u00e1mbitos de la vida, y los cuales nos lleva a mantener una sana convivencia.<\/p>\n<p style=\"text-align: justify\">Cuando las personas adoptan h\u00e1bitos f\u00edsicos, morales, afectivos, sociales, intelectuales, mentales y de higiene, el d\u00eda a d\u00eda se hace m\u00e1s llevadero y productivo.<\/p>\n<p style=\"text-align: justify\">En otras palabras, estas conductas repetidas muchas veces y que forman parte de nuestras actividades diarias en diferentes \u00e1mbitos resultan beneficiosos en la salud y\u00a0bienestar\u00a0del ser humano. Incluso, aunque algunas personas puedan ponerlo en duda, los h\u00e1bitos tambi\u00e9n son favorables en el ambiente laboral, te contamos cu\u00e1les y por qu\u00e9.<\/p>\n<h2 class=\"wp-block-heading\"><strong>\u00bfPor qu\u00e9 es importante tener h\u00e1bitos?<\/strong><\/h2>\n<p style=\"text-align: justify\">Desarrollar estas costumbres es crucial para promover relaciones saludables en el hogar, la escuela, la comunidad y el trabajo.<\/p>\n<div id=\"box_n1\" class=\"banner t300\" style=\"text-align: justify\">\n<div class=\"ngb_box\">\n<div id=\"ngb_si4724\" class=\"ngb_ad ngb_si\" data-id=\"4724\">Vivir y respetar los h\u00e1bitos nos permite reconocer la diversidad, mostrar empat\u00eda, comunicarnos efectivamente y resolver conflictos de manera pac\u00edfica e inteligente.<\/div>\n<\/div>\n<\/div>\n<p style=\"text-align: justify\">Todo ello es clave para lograr una buena convivencia en el trabajo y, adem\u00e1s, fomentar el crecimiento econ\u00f3mico de la empresa y hasta fortalecer su posici\u00f3n frente a la competencia.<\/p>\n<p style=\"text-align: justify\">Es decir, para que el ambiente laboral sea saludable no solo basta con tener los siguientes h\u00e1bitos: llegar a tu hora, cumplir los plazos y ofrecer soluciones en lugar de problemas. Tambi\u00e9n son esenciales otros h\u00e1bitos como los que te mencionaremos a continuaci\u00f3n.<\/p>\n<h2 class=\"wp-block-heading\"><strong>En acci\u00f3n<\/strong><\/h2>\n<p style=\"text-align: justify\">Implementa estos h\u00e1bitos si deseas un ambiente laboral saludable:<\/p>\n<p style=\"text-align: justify\">1.\u00a0<strong>Contacto personal<\/strong>. Cuando llegues a la oficina saluda a los compa\u00f1eros de trabajo. El contacto verbal directo ayuda a que las relaciones fluyan mucho mejor.<\/p>\n<p style=\"text-align: justify\">2.\u00a0<strong>Detalles<\/strong>. Tener un detalle ocasionalmente con alg\u00fan compa\u00f1ero de trabajo activar\u00e1 las relaciones interpersonales. No se trata de dar algo de mucho valor, un caf\u00e9, un dulce, o una fruta, cuenta como detalle. Este gesto de amabilidad es un s\u00edmbolo de buena vibra laboral.<\/p>\n<p style=\"text-align: justify\">3.\u00a0<strong>Pausa activa grupal<\/strong>. Tener un espacio de descanso grupal con los compa\u00f1eros de trabajo es uno de los principales h\u00e1bitos para mejorar el ambiente laboral. Compartir un caf\u00e9, o una charla amena rompe el hielo entre los miembros del equipo o compa\u00f1eros de la oficina.<\/p>\n<div id=\"box_n3\" class=\"banner t300\" style=\"text-align: justify\">\n<div class=\"ngb_box\">\n<div id=\"ngb_si4726\" class=\"ngb_ad ngb_si\" data-id=\"4726\">4. <strong>Sonr\u00ede<\/strong>. Compartir una sonrisa al saludar, antes de hablar con alguno de los compa\u00f1eros, al despedirnos o en el cruce de miradas genera un ambiente de positivismo. Adem\u00e1s, refleja que las cosas andan bien y est\u00e1s dispuesto a compartir con quienes te rodea.<\/div>\n<\/div>\n<\/div>\n<p style=\"text-align: justify\">5.\u00a0<strong>Celebrar fechas especiales<\/strong>. Compartir un espacio para celebrar fechas especiales ayuda a unificar los grupos laborales e incentiva las relaciones entre compa\u00f1eros de trabajo.<\/p>\n","protected":false},"excerpt":{"rendered":"<p>NOTI-AMERICA.COM | ARGENTINA Hablar de h\u00e1bitos nos remonta sobre todo a la infancia, etapa en la cual se comienzan a fijar las bases en diferentes \u00e1mbitos de la vida, y los cuales nos lleva&#46;&#46;&#46;<\/p>\n","protected":false},"author":133,"featured_media":51172,"comment_status":"","ping_status":"open","sticky":false,"template":"","format":"image","meta":{"_acf_changed":false,"rop_custom_images_group":[],"rop_custom_messages_group":[],"rop_publish_now":"initial","rop_publish_now_accounts":{"facebook_10219548024599422_1632221337088128":"","twitter_242054905_242054905":""},"rop_publish_now_history":[],"rop_publish_now_status":"pending","footnotes":""},"categories":[663],"tags":[],"class_list":["post-51171","post","type-post","status-publish","format-image","has-post-thumbnail","hentry","category-actualidad","post_format-post-format-image"],"acf":[],"yoast_head":"<!-- This site is optimized with the Yoast SEO Premium plugin v24.9 (Yoast SEO v27.2) - https:\/\/yoast.com\/product\/yoast-seo-premium-wordpress\/ -->\n<title>5 h\u00e1bitos para mejorar el ambiente laboral y hacerlo saludable - Noti-America.com<\/title>\n<meta name=\"robots\" content=\"index, follow, max-snippet:-1, max-image-preview:large, max-video-preview:-1\" \/>\n<link rel=\"canonical\" href=\"https:\/\/noti-america.com\/site\/principal\/2024\/08\/13\/5-habitos-para-mejorar-el-ambiente-laboral-y-hacerlo-saludable\/\" \/>\n<meta property=\"og:locale\" content=\"es_ES\" \/>\n<meta property=\"og:type\" content=\"article\" \/>\n<meta property=\"og:title\" content=\"5 h\u00e1bitos para mejorar el ambiente laboral y hacerlo saludable\" \/>\n<meta property=\"og:description\" content=\"NOTI-AMERICA.COM | ARGENTINA Hablar de h\u00e1bitos nos remonta sobre todo a la infancia, etapa en la cual se comienzan a fijar las bases en diferentes \u00e1mbitos de la vida, y los cuales nos lleva&#046;&#046;&#046;\" \/>\n<meta property=\"og:url\" content=\"https:\/\/noti-america.com\/site\/principal\/2024\/08\/13\/5-habitos-para-mejorar-el-ambiente-laboral-y-hacerlo-saludable\/\" \/>\n<meta property=\"og:site_name\" content=\"Noti-America.com\" \/>\n<meta property=\"article:author\" content=\"Mar\u00eda Valentina Noguera\" \/>\n<meta property=\"article:published_time\" content=\"2024-08-13T16:20:31+00:00\" \/>\n<meta property=\"og:image\" content=\"https:\/\/noti-america.com\/site\/principal\/wp-content\/uploads\/sites\/26\/2024\/08\/5-habitos-para-mejorar-el-ambiente-laboral.jpg\" \/>\n\t<meta property=\"og:image:width\" content=\"680\" \/>\n\t<meta property=\"og:image:height\" content=\"472\" \/>\n\t<meta property=\"og:image:type\" content=\"image\/jpeg\" \/>\n<meta name=\"author\" content=\"Maria Valentina Noguera Medina\" \/>\n<meta name=\"twitter:card\" content=\"summary_large_image\" \/>\n<meta name=\"twitter:label1\" content=\"Escrito por\" \/>\n\t<meta name=\"twitter:data1\" content=\"Maria Valentina Noguera Medina\" \/>\n\t<meta name=\"twitter:label2\" content=\"Tiempo estimado de lectura\" \/>\n\t<meta name=\"twitter:data2\" content=\"2 minutos\" \/>\n<script type=\"application\/ld+json\" class=\"yoast-schema-graph\">{\"@context\":\"https:\/\/schema.org\",\"@graph\":[{\"@type\":\"Article\",\"@id\":\"https:\/\/noti-america.com\/site\/principal\/2024\/08\/13\/5-habitos-para-mejorar-el-ambiente-laboral-y-hacerlo-saludable\/#article\",\"isPartOf\":{\"@id\":\"https:\/\/noti-america.com\/site\/principal\/2024\/08\/13\/5-habitos-para-mejorar-el-ambiente-laboral-y-hacerlo-saludable\/\"},\"author\":{\"name\":\"Maria Valentina Noguera Medina\",\"@id\":\"https:\/\/noti-america.com\/site\/principal\/#\/schema\/person\/22806efcc2cfc4b45efb0e17be210ea8\"},\"headline\":\"5 h\u00e1bitos para mejorar el ambiente laboral y hacerlo saludable\",\"datePublished\":\"2024-08-13T16:20:31+00:00\",\"mainEntityOfPage\":{\"@id\":\"https:\/\/noti-america.com\/site\/principal\/2024\/08\/13\/5-habitos-para-mejorar-el-ambiente-laboral-y-hacerlo-saludable\/\"},\"wordCount\":471,\"image\":{\"@id\":\"https:\/\/noti-america.com\/site\/principal\/2024\/08\/13\/5-habitos-para-mejorar-el-ambiente-laboral-y-hacerlo-saludable\/#primaryimage\"},\"thumbnailUrl\":\"https:\/\/noti-america.com\/site\/principal\/wp-content\/uploads\/sites\/26\/2024\/08\/5-habitos-para-mejorar-el-ambiente-laboral.jpg\",\"articleSection\":[\"Actualidad\"],\"inLanguage\":\"es\"},{\"@type\":\"WebPage\",\"@id\":\"https:\/\/noti-america.com\/site\/principal\/2024\/08\/13\/5-habitos-para-mejorar-el-ambiente-laboral-y-hacerlo-saludable\/\",\"url\":\"https:\/\/noti-america.com\/site\/principal\/2024\/08\/13\/5-habitos-para-mejorar-el-ambiente-laboral-y-hacerlo-saludable\/\",\"name\":\"5 h\u00e1bitos para mejorar el ambiente laboral y hacerlo saludable - Noti-America.com\",\"isPartOf\":{\"@id\":\"https:\/\/noti-america.com\/site\/principal\/#website\"},\"primaryImageOfPage\":{\"@id\":\"https:\/\/noti-america.com\/site\/principal\/2024\/08\/13\/5-habitos-para-mejorar-el-ambiente-laboral-y-hacerlo-saludable\/#primaryimage\"},\"image\":{\"@id\":\"https:\/\/noti-america.com\/site\/principal\/2024\/08\/13\/5-habitos-para-mejorar-el-ambiente-laboral-y-hacerlo-saludable\/#primaryimage\"},\"thumbnailUrl\":\"https:\/\/noti-america.com\/site\/principal\/wp-content\/uploads\/sites\/26\/2024\/08\/5-habitos-para-mejorar-el-ambiente-laboral.jpg\",\"datePublished\":\"2024-08-13T16:20:31+00:00\",\"author\":{\"@id\":\"https:\/\/noti-america.com\/site\/principal\/#\/schema\/person\/22806efcc2cfc4b45efb0e17be210ea8\"},\"breadcrumb\":{\"@id\":\"https:\/\/noti-america.com\/site\/principal\/2024\/08\/13\/5-habitos-para-mejorar-el-ambiente-laboral-y-hacerlo-saludable\/#breadcrumb\"},\"inLanguage\":\"es\",\"potentialAction\":[{\"@type\":\"ReadAction\",\"target\":[\"https:\/\/noti-america.com\/site\/principal\/2024\/08\/13\/5-habitos-para-mejorar-el-ambiente-laboral-y-hacerlo-saludable\/\"]}]},{\"@type\":\"ImageObject\",\"inLanguage\":\"es\",\"@id\":\"https:\/\/noti-america.com\/site\/principal\/2024\/08\/13\/5-habitos-para-mejorar-el-ambiente-laboral-y-hacerlo-saludable\/#primaryimage\",\"url\":\"https:\/\/noti-america.com\/site\/principal\/wp-content\/uploads\/sites\/26\/2024\/08\/5-habitos-para-mejorar-el-ambiente-laboral.jpg\",\"contentUrl\":\"https:\/\/noti-america.com\/site\/principal\/wp-content\/uploads\/sites\/26\/2024\/08\/5-habitos-para-mejorar-el-ambiente-laboral.jpg\",\"width\":680,\"height\":472},{\"@type\":\"BreadcrumbList\",\"@id\":\"https:\/\/noti-america.com\/site\/principal\/2024\/08\/13\/5-habitos-para-mejorar-el-ambiente-laboral-y-hacerlo-saludable\/#breadcrumb\",\"itemListElement\":[{\"@type\":\"ListItem\",\"position\":1,\"name\":\"Portada\",\"item\":\"https:\/\/noti-america.com\/site\/principal\/\"},{\"@type\":\"ListItem\",\"position\":2,\"name\":\"5 h\u00e1bitos para mejorar el ambiente laboral y hacerlo saludable\"}]},{\"@type\":\"WebSite\",\"@id\":\"https:\/\/noti-america.com\/site\/principal\/#website\",\"url\":\"https:\/\/noti-america.com\/site\/principal\/\",\"name\":\"Noti-America.com\",\"description\":\"El Noticiero Digital M\u00e1s Grande de Am\u00e9rica\",\"potentialAction\":[{\"@type\":\"SearchAction\",\"target\":{\"@type\":\"EntryPoint\",\"urlTemplate\":\"https:\/\/noti-america.com\/site\/principal\/?s={search_term_string}\"},\"query-input\":{\"@type\":\"PropertyValueSpecification\",\"valueRequired\":true,\"valueName\":\"search_term_string\"}}],\"inLanguage\":\"es\"},{\"@type\":\"Person\",\"@id\":\"https:\/\/noti-america.com\/site\/principal\/#\/schema\/person\/22806efcc2cfc4b45efb0e17be210ea8\",\"name\":\"Maria Valentina Noguera Medina\",\"image\":{\"@type\":\"ImageObject\",\"inLanguage\":\"es\",\"@id\":\"https:\/\/secure.gravatar.com\/avatar\/4ec5eb9d099f2608a49c9df6f7341f66f04f819cdffa09d56a7a0e91d2819d56?s=96&d=mm&r=g\",\"url\":\"https:\/\/secure.gravatar.com\/avatar\/4ec5eb9d099f2608a49c9df6f7341f66f04f819cdffa09d56a7a0e91d2819d56?s=96&d=mm&r=g\",\"contentUrl\":\"https:\/\/secure.gravatar.com\/avatar\/4ec5eb9d099f2608a49c9df6f7341f66f04f819cdffa09d56a7a0e91d2819d56?s=96&d=mm&r=g\",\"caption\":\"Maria Valentina Noguera Medina\"},\"description\":\"Periodista - noti-america - Promar Community Manager - Talento Plus Dise\u00f1adora\/ creadora de contenido...\",\"sameAs\":[\"Mar\u00eda Valentina Noguera\",\"https:\/\/www.facebook.com\/mariavalentina.noguera\",\"https:\/\/www.linkedin.com\/in\/mara-valentina-noguera-medina-373075165\/\",\"https:\/\/www.pinterest.es\/valentinanoguera95\/\",\"https:\/\/www.youtube.com\/channel\/UCdek6mbUZ-Tqqw0I63i4nmQ\"],\"url\":\"https:\/\/noti-america.com\/site\/principal\/author\/mnoguera\/\"}]}<\/script>\n<!-- \/ Yoast SEO Premium plugin. -->","yoast_head_json":{"title":"5 h\u00e1bitos para mejorar el ambiente laboral y hacerlo saludable - Noti-America.com","robots":{"index":"index","follow":"follow","max-snippet":"max-snippet:-1","max-image-preview":"max-image-preview:large","max-video-preview":"max-video-preview:-1"},"canonical":"https:\/\/noti-america.com\/site\/principal\/2024\/08\/13\/5-habitos-para-mejorar-el-ambiente-laboral-y-hacerlo-saludable\/","og_locale":"es_ES","og_type":"article","og_title":"5 h\u00e1bitos para mejorar el ambiente laboral y hacerlo saludable","og_description":"NOTI-AMERICA.COM | ARGENTINA Hablar de h\u00e1bitos nos remonta sobre todo a la infancia, etapa en la cual se comienzan a fijar las bases en diferentes \u00e1mbitos de la vida, y los cuales nos lleva&#46;&#46;&#46;","og_url":"https:\/\/noti-america.com\/site\/principal\/2024\/08\/13\/5-habitos-para-mejorar-el-ambiente-laboral-y-hacerlo-saludable\/","og_site_name":"Noti-America.com","article_author":"Mar\u00eda Valentina Noguera","article_published_time":"2024-08-13T16:20:31+00:00","og_image":[{"width":680,"height":472,"url":"https:\/\/noti-america.com\/site\/principal\/wp-content\/uploads\/sites\/26\/2024\/08\/5-habitos-para-mejorar-el-ambiente-laboral.jpg","type":"image\/jpeg"}],"author":"Maria Valentina Noguera Medina","twitter_card":"summary_large_image","twitter_misc":{"Escrito por":"Maria Valentina Noguera Medina","Tiempo estimado de lectura":"2 minutos"},"schema":{"@context":"https:\/\/schema.org","@graph":[{"@type":"Article","@id":"https:\/\/noti-america.com\/site\/principal\/2024\/08\/13\/5-habitos-para-mejorar-el-ambiente-laboral-y-hacerlo-saludable\/#article","isPartOf":{"@id":"https:\/\/noti-america.com\/site\/principal\/2024\/08\/13\/5-habitos-para-mejorar-el-ambiente-laboral-y-hacerlo-saludable\/"},"author":{"name":"Maria Valentina Noguera Medina","@id":"https:\/\/noti-america.com\/site\/principal\/#\/schema\/person\/22806efcc2cfc4b45efb0e17be210ea8"},"headline":"5 h\u00e1bitos para mejorar el ambiente laboral y hacerlo saludable","datePublished":"2024-08-13T16:20:31+00:00","mainEntityOfPage":{"@id":"https:\/\/noti-america.com\/site\/principal\/2024\/08\/13\/5-habitos-para-mejorar-el-ambiente-laboral-y-hacerlo-saludable\/"},"wordCount":471,"image":{"@id":"https:\/\/noti-america.com\/site\/principal\/2024\/08\/13\/5-habitos-para-mejorar-el-ambiente-laboral-y-hacerlo-saludable\/#primaryimage"},"thumbnailUrl":"https:\/\/noti-america.com\/site\/principal\/wp-content\/uploads\/sites\/26\/2024\/08\/5-habitos-para-mejorar-el-ambiente-laboral.jpg","articleSection":["Actualidad"],"inLanguage":"es"},{"@type":"WebPage","@id":"https:\/\/noti-america.com\/site\/principal\/2024\/08\/13\/5-habitos-para-mejorar-el-ambiente-laboral-y-hacerlo-saludable\/","url":"https:\/\/noti-america.com\/site\/principal\/2024\/08\/13\/5-habitos-para-mejorar-el-ambiente-laboral-y-hacerlo-saludable\/","name":"5 h\u00e1bitos para mejorar el ambiente laboral y hacerlo saludable - Noti-America.com","isPartOf":{"@id":"https:\/\/noti-america.com\/site\/principal\/#website"},"primaryImageOfPage":{"@id":"https:\/\/noti-america.com\/site\/principal\/2024\/08\/13\/5-habitos-para-mejorar-el-ambiente-laboral-y-hacerlo-saludable\/#primaryimage"},"image":{"@id":"https:\/\/noti-america.com\/site\/principal\/2024\/08\/13\/5-habitos-para-mejorar-el-ambiente-laboral-y-hacerlo-saludable\/#primaryimage"},"thumbnailUrl":"https:\/\/noti-america.com\/site\/principal\/wp-content\/uploads\/sites\/26\/2024\/08\/5-habitos-para-mejorar-el-ambiente-laboral.jpg","datePublished":"2024-08-13T16:20:31+00:00","author":{"@id":"https:\/\/noti-america.com\/site\/principal\/#\/schema\/person\/22806efcc2cfc4b45efb0e17be210ea8"},"breadcrumb":{"@id":"https:\/\/noti-america.com\/site\/principal\/2024\/08\/13\/5-habitos-para-mejorar-el-ambiente-laboral-y-hacerlo-saludable\/#breadcrumb"},"inLanguage":"es","potentialAction":[{"@type":"ReadAction","target":["https:\/\/noti-america.com\/site\/principal\/2024\/08\/13\/5-habitos-para-mejorar-el-ambiente-laboral-y-hacerlo-saludable\/"]}]},{"@type":"ImageObject","inLanguage":"es","@id":"https:\/\/noti-america.com\/site\/principal\/2024\/08\/13\/5-habitos-para-mejorar-el-ambiente-laboral-y-hacerlo-saludable\/#primaryimage","url":"https:\/\/noti-america.com\/site\/principal\/wp-content\/uploads\/sites\/26\/2024\/08\/5-habitos-para-mejorar-el-ambiente-laboral.jpg","contentUrl":"https:\/\/noti-america.com\/site\/principal\/wp-content\/uploads\/sites\/26\/2024\/08\/5-habitos-para-mejorar-el-ambiente-laboral.jpg","width":680,"height":472},{"@type":"BreadcrumbList","@id":"https:\/\/noti-america.com\/site\/principal\/2024\/08\/13\/5-habitos-para-mejorar-el-ambiente-laboral-y-hacerlo-saludable\/#breadcrumb","itemListElement":[{"@type":"ListItem","position":1,"name":"Portada","item":"https:\/\/noti-america.com\/site\/principal\/"},{"@type":"ListItem","position":2,"name":"5 h\u00e1bitos para mejorar el ambiente laboral y hacerlo saludable"}]},{"@type":"WebSite","@id":"https:\/\/noti-america.com\/site\/principal\/#website","url":"https:\/\/noti-america.com\/site\/principal\/","name":"Noti-America.com","description":"El Noticiero Digital M\u00e1s Grande de Am\u00e9rica","potentialAction":[{"@type":"SearchAction","target":{"@type":"EntryPoint","urlTemplate":"https:\/\/noti-america.com\/site\/principal\/?s={search_term_string}"},"query-input":{"@type":"PropertyValueSpecification","valueRequired":true,"valueName":"search_term_string"}}],"inLanguage":"es"},{"@type":"Person","@id":"https:\/\/noti-america.com\/site\/principal\/#\/schema\/person\/22806efcc2cfc4b45efb0e17be210ea8","name":"Maria Valentina Noguera Medina","image":{"@type":"ImageObject","inLanguage":"es","@id":"https:\/\/secure.gravatar.com\/avatar\/4ec5eb9d099f2608a49c9df6f7341f66f04f819cdffa09d56a7a0e91d2819d56?s=96&d=mm&r=g","url":"https:\/\/secure.gravatar.com\/avatar\/4ec5eb9d099f2608a49c9df6f7341f66f04f819cdffa09d56a7a0e91d2819d56?s=96&d=mm&r=g","contentUrl":"https:\/\/secure.gravatar.com\/avatar\/4ec5eb9d099f2608a49c9df6f7341f66f04f819cdffa09d56a7a0e91d2819d56?s=96&d=mm&r=g","caption":"Maria Valentina Noguera Medina"},"description":"Periodista - noti-america - Promar Community Manager - Talento Plus Dise\u00f1adora\/ creadora de contenido...","sameAs":["Mar\u00eda Valentina Noguera","https:\/\/www.facebook.com\/mariavalentina.noguera","https:\/\/www.linkedin.com\/in\/mara-valentina-noguera-medina-373075165\/","https:\/\/www.pinterest.es\/valentinanoguera95\/","https:\/\/www.youtube.com\/channel\/UCdek6mbUZ-Tqqw0I63i4nmQ"],"url":"https:\/\/noti-america.com\/site\/principal\/author\/mnoguera\/"}]}},"_links":{"self":[{"href":"https:\/\/noti-america.com\/site\/principal\/wp-json\/wp\/v2\/posts\/51171","targetHints":{"allow":["GET"]}}],"collection":[{"href":"https:\/\/noti-america.com\/site\/principal\/wp-json\/wp\/v2\/posts"}],"about":[{"href":"https:\/\/noti-america.com\/site\/principal\/wp-json\/wp\/v2\/types\/post"}],"author":[{"embeddable":true,"href":"https:\/\/noti-america.com\/site\/principal\/wp-json\/wp\/v2\/users\/133"}],"replies":[{"embeddable":true,"href":"https:\/\/noti-america.com\/site\/principal\/wp-json\/wp\/v2\/comments?post=51171"}],"version-history":[{"count":1,"href":"https:\/\/noti-america.com\/site\/principal\/wp-json\/wp\/v2\/posts\/51171\/revisions"}],"predecessor-version":[{"id":51182,"href":"https:\/\/noti-america.com\/site\/principal\/wp-json\/wp\/v2\/posts\/51171\/revisions\/51182"}],"wp:featuredmedia":[{"embeddable":true,"href":"https:\/\/noti-america.com\/site\/principal\/wp-json\/wp\/v2\/media\/51172"}],"wp:attachment":[{"href":"https:\/\/noti-america.com\/site\/principal\/wp-json\/wp\/v2\/media?parent=51171"}],"wp:term":[{"taxonomy":"category","embeddable":true,"href":"https:\/\/noti-america.com\/site\/principal\/wp-json\/wp\/v2\/categories?post=51171"},{"taxonomy":"post_tag","embeddable":true,"href":"https:\/\/noti-america.com\/site\/principal\/wp-json\/wp\/v2\/tags?post=51171"}],"curies":[{"name":"wp","href":"https:\/\/api.w.org\/{rel}","templated":true}]}}