{"id":5090,"date":"2018-06-21T16:51:25","date_gmt":"2018-06-21T16:51:25","guid":{"rendered":"http:\/\/noti-america.com\/site\/alemania\/?p=5090"},"modified":"2018-06-21T16:52:29","modified_gmt":"2018-06-21T16:52:29","slug":"ultimos-10-del-partido-francia-peru","status":"publish","type":"post","link":"https:\/\/noti-america.com\/site\/principal\/2018\/06\/21\/ultimos-10-del-partido-francia-peru\/","title":{"rendered":"\u00daltimos 10&#8242; del partido Francia- Per\u00fa"},"content":{"rendered":"<p><em><strong>Fuente (FIFA)<\/strong><\/em><\/p>\n<p>\u00daltimos 10 minutos de partido. Comienza la recta final, y el marcador sigue 1-0 en favor de Francia.<\/p>\n<div class=\"fi-lb__post-content-header home-color\"><img decoding=\"async\" src=\"https:\/\/api.fifa.com\/api\/v1\/picture\/\/flags-fwc2018-4\/FRA\" alt=\"FRA\" \/><span class=\"lang--default\">Adrien Gingold<\/span><\/div>\n<div class=\"fi-lb__post-content-text\">\n<p>Francia utilizar\u00e1 la t\u00e9cnica y velocidad Ousmane Dembele para buscar alg\u00fan espacio en la zaga peruana. El joven jugador del FC Barcelona suele ser una pesadilla para las defensas rivales, sobre todo cuando est\u00e1n cansadas.<\/p>\n<\/div>\n","protected":false},"excerpt":{"rendered":"<p>Fuente (FIFA) \u00daltimos 10 minutos de partido. Comienza la recta final, y el marcador sigue 1-0 en favor de Francia. Adrien Gingold Francia utilizar\u00e1 la t\u00e9cnica y velocidad Ousmane Dembele para buscar alg\u00fan espacio&#46;&#46;&#46;<\/p>\n","protected":false},"author":31,"featured_media":5091,"comment_status":"open","ping_status":"open","sticky":false,"template":"","format":"standard","meta":{"_acf_changed":false,"rop_custom_images_group":[],"rop_custom_messages_group":[],"rop_publish_now":"initial","rop_publish_now_accounts":{"facebook_10219548024599422_1632221337088128":"","twitter_242054905_242054905":""},"rop_publish_now_history":[],"rop_publish_now_status":"pending","footnotes":""},"categories":[16,91,4,114],"tags":[517],"class_list":["post-5090","post","type-post","status-publish","format-standard","has-post-thumbnail","hentry","category-deportes","category-francia","category-internacionales","category-peru","tag-worldcup"],"acf":[],"yoast_head":"<!-- This site is optimized with the Yoast SEO Premium plugin v24.9 (Yoast SEO v27.2) - https:\/\/yoast.com\/product\/yoast-seo-premium-wordpress\/ -->\n<title>\u00daltimos 10&#039; del partido Francia- Per\u00fa - Noti-America.com<\/title>\n<meta name=\"robots\" content=\"index, follow, max-snippet:-1, max-image-preview:large, max-video-preview:-1\" \/>\n<link rel=\"canonical\" href=\"https:\/\/noti-america.com\/site\/principal\/2018\/06\/21\/ultimos-10-del-partido-francia-peru\/\" \/>\n<meta property=\"og:locale\" content=\"es_ES\" \/>\n<meta property=\"og:type\" content=\"article\" \/>\n<meta property=\"og:title\" content=\"\u00daltimos 10&#039; del partido Francia- Per\u00fa\" \/>\n<meta property=\"og:description\" content=\"Fuente (FIFA) \u00daltimos 10 minutos de partido. Comienza la recta final, y el marcador sigue 1-0 en favor de Francia. Adrien Gingold Francia utilizar\u00e1 la t\u00e9cnica y velocidad Ousmane Dembele para buscar alg\u00fan espacio&#046;&#046;&#046;\" \/>\n<meta property=\"og:url\" content=\"https:\/\/noti-america.com\/site\/principal\/2018\/06\/21\/ultimos-10-del-partido-francia-peru\/\" \/>\n<meta property=\"og:site_name\" content=\"Noti-America.com\" \/>\n<meta property=\"article:published_time\" content=\"2018-06-21T16:51:25+00:00\" \/>\n<meta property=\"article:modified_time\" content=\"2018-06-21T16:52:29+00:00\" \/>\n<meta property=\"og:image\" content=\"https:\/\/noti-america.com\/site\/principal\/wp-content\/uploads\/sites\/26\/2018\/06\/hycvhdgedzwbj5pykhcz-1.jpg\" \/>\n\t<meta property=\"og:image:width\" content=\"580\" \/>\n\t<meta property=\"og:image:height\" content=\"773\" \/>\n\t<meta property=\"og:image:type\" content=\"image\/jpeg\" \/>\n<meta name=\"author\" content=\"Ydalith Figueroa Kad-Bay\" \/>\n<meta name=\"twitter:card\" content=\"summary_large_image\" \/>\n<meta name=\"twitter:creator\" content=\"@ydalithkad\" \/>\n<meta name=\"twitter:label1\" content=\"Escrito por\" \/>\n\t<meta name=\"twitter:data1\" content=\"Ydalith Figueroa Kad-Bay\" \/>\n<script type=\"application\/ld+json\" class=\"yoast-schema-graph\">{\"@context\":\"https:\/\/schema.org\",\"@graph\":[{\"@type\":\"Article\",\"@id\":\"https:\/\/noti-america.com\/site\/principal\/2018\/06\/21\/ultimos-10-del-partido-francia-peru\/#article\",\"isPartOf\":{\"@id\":\"https:\/\/noti-america.com\/site\/principal\/2018\/06\/21\/ultimos-10-del-partido-francia-peru\/\"},\"author\":{\"name\":\"Ydalith Figueroa Kad-Bay\",\"@id\":\"https:\/\/noti-america.com\/site\/principal\/#\/schema\/person\/1a24e37c3c358f389f0a111448ddb870\"},\"headline\":\"\u00daltimos 10&#8242; del partido Francia- Per\u00fa\",\"datePublished\":\"2018-06-21T16:51:25+00:00\",\"dateModified\":\"2018-06-21T16:52:29+00:00\",\"mainEntityOfPage\":{\"@id\":\"https:\/\/noti-america.com\/site\/principal\/2018\/06\/21\/ultimos-10-del-partido-francia-peru\/\"},\"wordCount\":64,\"commentCount\":0,\"image\":{\"@id\":\"https:\/\/noti-america.com\/site\/principal\/2018\/06\/21\/ultimos-10-del-partido-francia-peru\/#primaryimage\"},\"thumbnailUrl\":\"https:\/\/noti-america.com\/site\/principal\/wp-content\/uploads\/sites\/26\/2018\/06\/hycvhdgedzwbj5pykhcz-1.jpg\",\"keywords\":[\"#worldcup\"],\"articleSection\":[\"Deportes\",\"Francia\",\"Internacionales\",\"Per\u00fa\"],\"inLanguage\":\"es\",\"potentialAction\":[{\"@type\":\"CommentAction\",\"name\":\"Comment\",\"target\":[\"https:\/\/noti-america.com\/site\/principal\/2018\/06\/21\/ultimos-10-del-partido-francia-peru\/#respond\"]}]},{\"@type\":\"WebPage\",\"@id\":\"https:\/\/noti-america.com\/site\/principal\/2018\/06\/21\/ultimos-10-del-partido-francia-peru\/\",\"url\":\"https:\/\/noti-america.com\/site\/principal\/2018\/06\/21\/ultimos-10-del-partido-francia-peru\/\",\"name\":\"\u00daltimos 10' del partido Francia- Per\u00fa - Noti-America.com\",\"isPartOf\":{\"@id\":\"https:\/\/noti-america.com\/site\/principal\/#website\"},\"primaryImageOfPage\":{\"@id\":\"https:\/\/noti-america.com\/site\/principal\/2018\/06\/21\/ultimos-10-del-partido-francia-peru\/#primaryimage\"},\"image\":{\"@id\":\"https:\/\/noti-america.com\/site\/principal\/2018\/06\/21\/ultimos-10-del-partido-francia-peru\/#primaryimage\"},\"thumbnailUrl\":\"https:\/\/noti-america.com\/site\/principal\/wp-content\/uploads\/sites\/26\/2018\/06\/hycvhdgedzwbj5pykhcz-1.jpg\",\"datePublished\":\"2018-06-21T16:51:25+00:00\",\"dateModified\":\"2018-06-21T16:52:29+00:00\",\"author\":{\"@id\":\"https:\/\/noti-america.com\/site\/principal\/#\/schema\/person\/1a24e37c3c358f389f0a111448ddb870\"},\"breadcrumb\":{\"@id\":\"https:\/\/noti-america.com\/site\/principal\/2018\/06\/21\/ultimos-10-del-partido-francia-peru\/#breadcrumb\"},\"inLanguage\":\"es\",\"potentialAction\":[{\"@type\":\"ReadAction\",\"target\":[\"https:\/\/noti-america.com\/site\/principal\/2018\/06\/21\/ultimos-10-del-partido-francia-peru\/\"]}]},{\"@type\":\"ImageObject\",\"inLanguage\":\"es\",\"@id\":\"https:\/\/noti-america.com\/site\/principal\/2018\/06\/21\/ultimos-10-del-partido-francia-peru\/#primaryimage\",\"url\":\"https:\/\/noti-america.com\/site\/principal\/wp-content\/uploads\/sites\/26\/2018\/06\/hycvhdgedzwbj5pykhcz-1.jpg\",\"contentUrl\":\"https:\/\/noti-america.com\/site\/principal\/wp-content\/uploads\/sites\/26\/2018\/06\/hycvhdgedzwbj5pykhcz-1.jpg\",\"width\":580,\"height\":773},{\"@type\":\"BreadcrumbList\",\"@id\":\"https:\/\/noti-america.com\/site\/principal\/2018\/06\/21\/ultimos-10-del-partido-francia-peru\/#breadcrumb\",\"itemListElement\":[{\"@type\":\"ListItem\",\"position\":1,\"name\":\"Portada\",\"item\":\"https:\/\/noti-america.com\/site\/principal\/\"},{\"@type\":\"ListItem\",\"position\":2,\"name\":\"\u00daltimos 10&#8242; del partido Francia- Per\u00fa\"}]},{\"@type\":\"WebSite\",\"@id\":\"https:\/\/noti-america.com\/site\/principal\/#website\",\"url\":\"https:\/\/noti-america.com\/site\/principal\/\",\"name\":\"Noti-America.com\",\"description\":\"El Noticiero Digital M\u00e1s Grande de Am\u00e9rica\",\"potentialAction\":[{\"@type\":\"SearchAction\",\"target\":{\"@type\":\"EntryPoint\",\"urlTemplate\":\"https:\/\/noti-america.com\/site\/principal\/?s={search_term_string}\"},\"query-input\":{\"@type\":\"PropertyValueSpecification\",\"valueRequired\":true,\"valueName\":\"search_term_string\"}}],\"inLanguage\":\"es\"},{\"@type\":\"Person\",\"@id\":\"https:\/\/noti-america.com\/site\/principal\/#\/schema\/person\/1a24e37c3c358f389f0a111448ddb870\",\"name\":\"Ydalith Figueroa Kad-Bay\",\"image\":{\"@type\":\"ImageObject\",\"inLanguage\":\"es\",\"@id\":\"https:\/\/secure.gravatar.com\/avatar\/7d1e350465afd215908c3ed413e32ef600cd41c3c21b95416252432a9f6c219c?s=96&d=mm&r=g\",\"url\":\"https:\/\/secure.gravatar.com\/avatar\/7d1e350465afd215908c3ed413e32ef600cd41c3c21b95416252432a9f6c219c?s=96&d=mm&r=g\",\"contentUrl\":\"https:\/\/secure.gravatar.com\/avatar\/7d1e350465afd215908c3ed413e32ef600cd41c3c21b95416252432a9f6c219c?s=96&d=mm&r=g\",\"caption\":\"Ydalith Figueroa Kad-Bay\"},\"description\":\"CEO Noti-America Alemania Embajadora de Venezuela para el Proyecto de Acci\u00f3n Clim\u00e1tica de la ONU, Embajadora para la ense\u00f1anza de los ODS de la ONU, Amplificador de la Acci\u00f3n de los ODS de la ONU, Profesor Voluntario del Proyecto KAKUMA (Educaci\u00f3n de calidad para refugiados en \u00c1frica) UNHCR \u2013 ACNUR - Agencia para los refugiados de la ONU-, Miembro de la ONG Gente Y Ciudad, Embajador de las Instituciones de Microfinanzas \u201cNo a la pobreza ODS #1 de la ONU\u201d (todos tienen derecho a acceso a un cr\u00e9dito), y Voluntario al di\u00e1logo global de UN75. Twitter @ydalithkad email ydalith@yhaoo.com Locutor Profesional 32931 Universidad Central de Venezuela @ISHannover \\\"Colegio Internacional de Hannover Regi\u00f3n, Alemania\\\" Representante de Aprendizaje Innovaci\u00f3n y Tecnolog\u00eda #LMS (Sistema de Gesti\u00f3n de Aprendizaje) #LMS Gente y Ciudad &amp; Asesores Internacionales ONG Alemania. ONG \\\"Gente y Ciudad, Venezuela\\\" Miembro y Asesor especialista An\u00e1lisis de Pol\u00edtica Internacional Asesor Pol\u00edtico Internacional de Venezuela en la defensa de los Derechos Humanos y el restablecimiento Democr\u00e1tico. Diplomacia positiva y Activa. Pasi\u00f3n por el Golf Proyecto #LMS \\\"Golf para ni\u00f1os y adultos Internacional\\\" Pasi\u00f3n por los Postres Proyecto #LMS \\\"Postres, Que Unen a las Culturas del mundo\\\"\",\"sameAs\":[\"https:\/\/x.com\/ydalithkad\"],\"url\":\"https:\/\/noti-america.com\/site\/principal\/author\/yfigueroa\/\"}]}<\/script>\n<!-- \/ Yoast SEO Premium plugin. -->","yoast_head_json":{"title":"\u00daltimos 10' del partido Francia- Per\u00fa - Noti-America.com","robots":{"index":"index","follow":"follow","max-snippet":"max-snippet:-1","max-image-preview":"max-image-preview:large","max-video-preview":"max-video-preview:-1"},"canonical":"https:\/\/noti-america.com\/site\/principal\/2018\/06\/21\/ultimos-10-del-partido-francia-peru\/","og_locale":"es_ES","og_type":"article","og_title":"\u00daltimos 10' del partido Francia- Per\u00fa","og_description":"Fuente (FIFA) \u00daltimos 10 minutos de partido. Comienza la recta final, y el marcador sigue 1-0 en favor de Francia. Adrien Gingold Francia utilizar\u00e1 la t\u00e9cnica y velocidad Ousmane Dembele para buscar alg\u00fan espacio&#46;&#46;&#46;","og_url":"https:\/\/noti-america.com\/site\/principal\/2018\/06\/21\/ultimos-10-del-partido-francia-peru\/","og_site_name":"Noti-America.com","article_published_time":"2018-06-21T16:51:25+00:00","article_modified_time":"2018-06-21T16:52:29+00:00","og_image":[{"width":580,"height":773,"url":"https:\/\/noti-america.com\/site\/principal\/wp-content\/uploads\/sites\/26\/2018\/06\/hycvhdgedzwbj5pykhcz-1.jpg","type":"image\/jpeg"}],"author":"Ydalith Figueroa Kad-Bay","twitter_card":"summary_large_image","twitter_creator":"@ydalithkad","twitter_misc":{"Escrito por":"Ydalith Figueroa Kad-Bay"},"schema":{"@context":"https:\/\/schema.org","@graph":[{"@type":"Article","@id":"https:\/\/noti-america.com\/site\/principal\/2018\/06\/21\/ultimos-10-del-partido-francia-peru\/#article","isPartOf":{"@id":"https:\/\/noti-america.com\/site\/principal\/2018\/06\/21\/ultimos-10-del-partido-francia-peru\/"},"author":{"name":"Ydalith Figueroa Kad-Bay","@id":"https:\/\/noti-america.com\/site\/principal\/#\/schema\/person\/1a24e37c3c358f389f0a111448ddb870"},"headline":"\u00daltimos 10&#8242; del partido Francia- Per\u00fa","datePublished":"2018-06-21T16:51:25+00:00","dateModified":"2018-06-21T16:52:29+00:00","mainEntityOfPage":{"@id":"https:\/\/noti-america.com\/site\/principal\/2018\/06\/21\/ultimos-10-del-partido-francia-peru\/"},"wordCount":64,"commentCount":0,"image":{"@id":"https:\/\/noti-america.com\/site\/principal\/2018\/06\/21\/ultimos-10-del-partido-francia-peru\/#primaryimage"},"thumbnailUrl":"https:\/\/noti-america.com\/site\/principal\/wp-content\/uploads\/sites\/26\/2018\/06\/hycvhdgedzwbj5pykhcz-1.jpg","keywords":["#worldcup"],"articleSection":["Deportes","Francia","Internacionales","Per\u00fa"],"inLanguage":"es","potentialAction":[{"@type":"CommentAction","name":"Comment","target":["https:\/\/noti-america.com\/site\/principal\/2018\/06\/21\/ultimos-10-del-partido-francia-peru\/#respond"]}]},{"@type":"WebPage","@id":"https:\/\/noti-america.com\/site\/principal\/2018\/06\/21\/ultimos-10-del-partido-francia-peru\/","url":"https:\/\/noti-america.com\/site\/principal\/2018\/06\/21\/ultimos-10-del-partido-francia-peru\/","name":"\u00daltimos 10' del partido Francia- Per\u00fa - Noti-America.com","isPartOf":{"@id":"https:\/\/noti-america.com\/site\/principal\/#website"},"primaryImageOfPage":{"@id":"https:\/\/noti-america.com\/site\/principal\/2018\/06\/21\/ultimos-10-del-partido-francia-peru\/#primaryimage"},"image":{"@id":"https:\/\/noti-america.com\/site\/principal\/2018\/06\/21\/ultimos-10-del-partido-francia-peru\/#primaryimage"},"thumbnailUrl":"https:\/\/noti-america.com\/site\/principal\/wp-content\/uploads\/sites\/26\/2018\/06\/hycvhdgedzwbj5pykhcz-1.jpg","datePublished":"2018-06-21T16:51:25+00:00","dateModified":"2018-06-21T16:52:29+00:00","author":{"@id":"https:\/\/noti-america.com\/site\/principal\/#\/schema\/person\/1a24e37c3c358f389f0a111448ddb870"},"breadcrumb":{"@id":"https:\/\/noti-america.com\/site\/principal\/2018\/06\/21\/ultimos-10-del-partido-francia-peru\/#breadcrumb"},"inLanguage":"es","potentialAction":[{"@type":"ReadAction","target":["https:\/\/noti-america.com\/site\/principal\/2018\/06\/21\/ultimos-10-del-partido-francia-peru\/"]}]},{"@type":"ImageObject","inLanguage":"es","@id":"https:\/\/noti-america.com\/site\/principal\/2018\/06\/21\/ultimos-10-del-partido-francia-peru\/#primaryimage","url":"https:\/\/noti-america.com\/site\/principal\/wp-content\/uploads\/sites\/26\/2018\/06\/hycvhdgedzwbj5pykhcz-1.jpg","contentUrl":"https:\/\/noti-america.com\/site\/principal\/wp-content\/uploads\/sites\/26\/2018\/06\/hycvhdgedzwbj5pykhcz-1.jpg","width":580,"height":773},{"@type":"BreadcrumbList","@id":"https:\/\/noti-america.com\/site\/principal\/2018\/06\/21\/ultimos-10-del-partido-francia-peru\/#breadcrumb","itemListElement":[{"@type":"ListItem","position":1,"name":"Portada","item":"https:\/\/noti-america.com\/site\/principal\/"},{"@type":"ListItem","position":2,"name":"\u00daltimos 10&#8242; del partido Francia- Per\u00fa"}]},{"@type":"WebSite","@id":"https:\/\/noti-america.com\/site\/principal\/#website","url":"https:\/\/noti-america.com\/site\/principal\/","name":"Noti-America.com","description":"El Noticiero Digital M\u00e1s Grande de Am\u00e9rica","potentialAction":[{"@type":"SearchAction","target":{"@type":"EntryPoint","urlTemplate":"https:\/\/noti-america.com\/site\/principal\/?s={search_term_string}"},"query-input":{"@type":"PropertyValueSpecification","valueRequired":true,"valueName":"search_term_string"}}],"inLanguage":"es"},{"@type":"Person","@id":"https:\/\/noti-america.com\/site\/principal\/#\/schema\/person\/1a24e37c3c358f389f0a111448ddb870","name":"Ydalith Figueroa Kad-Bay","image":{"@type":"ImageObject","inLanguage":"es","@id":"https:\/\/secure.gravatar.com\/avatar\/7d1e350465afd215908c3ed413e32ef600cd41c3c21b95416252432a9f6c219c?s=96&d=mm&r=g","url":"https:\/\/secure.gravatar.com\/avatar\/7d1e350465afd215908c3ed413e32ef600cd41c3c21b95416252432a9f6c219c?s=96&d=mm&r=g","contentUrl":"https:\/\/secure.gravatar.com\/avatar\/7d1e350465afd215908c3ed413e32ef600cd41c3c21b95416252432a9f6c219c?s=96&d=mm&r=g","caption":"Ydalith Figueroa Kad-Bay"},"description":"CEO Noti-America Alemania Embajadora de Venezuela para el Proyecto de Acci\u00f3n Clim\u00e1tica de la ONU, Embajadora para la ense\u00f1anza de los ODS de la ONU, Amplificador de la Acci\u00f3n de los ODS de la ONU, Profesor Voluntario del Proyecto KAKUMA (Educaci\u00f3n de calidad para refugiados en \u00c1frica) UNHCR \u2013 ACNUR - Agencia para los refugiados de la ONU-, Miembro de la ONG Gente Y Ciudad, Embajador de las Instituciones de Microfinanzas \u201cNo a la pobreza ODS #1 de la ONU\u201d (todos tienen derecho a acceso a un cr\u00e9dito), y Voluntario al di\u00e1logo global de UN75. Twitter @ydalithkad email ydalith@yhaoo.com Locutor Profesional 32931 Universidad Central de Venezuela @ISHannover \"Colegio Internacional de Hannover Regi\u00f3n, Alemania\" Representante de Aprendizaje Innovaci\u00f3n y Tecnolog\u00eda #LMS (Sistema de Gesti\u00f3n de Aprendizaje) #LMS Gente y Ciudad &amp; Asesores Internacionales ONG Alemania. ONG \"Gente y Ciudad, Venezuela\" Miembro y Asesor especialista An\u00e1lisis de Pol\u00edtica Internacional Asesor Pol\u00edtico Internacional de Venezuela en la defensa de los Derechos Humanos y el restablecimiento Democr\u00e1tico. Diplomacia positiva y Activa. Pasi\u00f3n por el Golf Proyecto #LMS \"Golf para ni\u00f1os y adultos Internacional\" Pasi\u00f3n por los Postres Proyecto #LMS \"Postres, Que Unen a las Culturas del mundo\"","sameAs":["https:\/\/x.com\/ydalithkad"],"url":"https:\/\/noti-america.com\/site\/principal\/author\/yfigueroa\/"}]}},"_links":{"self":[{"href":"https:\/\/noti-america.com\/site\/principal\/wp-json\/wp\/v2\/posts\/5090","targetHints":{"allow":["GET"]}}],"collection":[{"href":"https:\/\/noti-america.com\/site\/principal\/wp-json\/wp\/v2\/posts"}],"about":[{"href":"https:\/\/noti-america.com\/site\/principal\/wp-json\/wp\/v2\/types\/post"}],"author":[{"embeddable":true,"href":"https:\/\/noti-america.com\/site\/principal\/wp-json\/wp\/v2\/users\/31"}],"replies":[{"embeddable":true,"href":"https:\/\/noti-america.com\/site\/principal\/wp-json\/wp\/v2\/comments?post=5090"}],"version-history":[{"count":2,"href":"https:\/\/noti-america.com\/site\/principal\/wp-json\/wp\/v2\/posts\/5090\/revisions"}],"predecessor-version":[{"id":5093,"href":"https:\/\/noti-america.com\/site\/principal\/wp-json\/wp\/v2\/posts\/5090\/revisions\/5093"}],"wp:featuredmedia":[{"embeddable":true,"href":"https:\/\/noti-america.com\/site\/principal\/wp-json\/wp\/v2\/media\/5091"}],"wp:attachment":[{"href":"https:\/\/noti-america.com\/site\/principal\/wp-json\/wp\/v2\/media?parent=5090"}],"wp:term":[{"taxonomy":"category","embeddable":true,"href":"https:\/\/noti-america.com\/site\/principal\/wp-json\/wp\/v2\/categories?post=5090"},{"taxonomy":"post_tag","embeddable":true,"href":"https:\/\/noti-america.com\/site\/principal\/wp-json\/wp\/v2\/tags?post=5090"}],"curies":[{"name":"wp","href":"https:\/\/api.w.org\/{rel}","templated":true}]}}