{"id":50776,"date":"2024-08-08T16:40:42","date_gmt":"2024-08-08T20:40:42","guid":{"rendered":"https:\/\/noti-america.com\/site\/principal\/?p=50776"},"modified":"2024-08-08T16:40:42","modified_gmt":"2024-08-08T20:40:42","slug":"kamala-harris-endurecera-su-postura-sobre-la-migracion","status":"publish","type":"post","link":"https:\/\/noti-america.com\/site\/principal\/2024\/08\/08\/kamala-harris-endurecera-su-postura-sobre-la-migracion\/","title":{"rendered":"Kamala Harris endurecer\u00e1 su postura sobre la migraci\u00f3n"},"content":{"rendered":"<p>NOTI-AMERICA.COM | M\u00c9XICO<\/p>\n<p style=\"text-align: justify\">La vicepresidenta de EU y candidata dem\u00f3crata a la presidencia, Kamala Harris, endurecer\u00e1 su postura sobre la inmigraci\u00f3n ilegal, enfrent\u00e1ndose al republicano Donald Trump en su tema principal en una serie de eventos de campa\u00f1a y anuncios digitales en las pr\u00f3ximas semanas, seg\u00fan el personal de campa\u00f1a.<\/p>\n<p style=\"text-align: justify\">La campa\u00f1a planea promover el apoyo de Harris a un proyecto de ley bipartidista de seguridad fronteriza (derrotado en el Senado en febrero despu\u00e9s de que Trump se manifestara en contra) que habr\u00eda aumentado el financiamiento para los agentes fronterizos y los centros de detenci\u00f3n, dijo un funcionario.<\/p>\n<p style=\"text-align: justify\">Se espera que el enfoque m\u00e1s combativo de Harris sobre inmigraci\u00f3n se muestre durante su campa\u00f1a por todo el pa\u00eds con su compa\u00f1ero de f\u00f3rmula Tim Walz, elegido en parte por su atractivo para los votantes en el coraz\u00f3n de EU.<\/p>\n<p style=\"text-align: justify\">La postura de priorizar la aplicaci\u00f3n de la ley es un cambio con respecto a la campa\u00f1a de Biden de 2020, cuando prometi\u00f3 un enfoque m\u00e1s humano hacia la inmigraci\u00f3n que el de Trump. Biden endureci\u00f3 gradualmente su enfoque a medida que aumentaban los cruces ilegales.<\/p>\n<p style=\"text-align: justify\">En tanto, el reci\u00e9n creado d\u00fao dem\u00f3crata energiz\u00f3 ayer a los votantes en un mitin ante unas 12 mil personas en Wisconsin, un estado clave en la carrera por la Casa Blanca.<\/p>\n<p style=\"text-align: justify\">Wisconsin, junto con M\u00edchigan y Pensilvania, son una trifecta de estados claves en estas elecciones: han votado a los dem\u00f3cratas en todas las presidenciales desde 1992, salvo en 2016, cuando Trump gan\u00f3 estos territorios por un estrecho margen.<\/p>\n<p style=\"text-align: justify\">Ante esto, la maquinaria electoral republicana comenz\u00f3 a lanzar ataques contra Michigan, enfocados en su historial como miembro de la Guardia Nacional y su perfil progresista.<\/p>\n<p style=\"text-align: justify\">En entrevista con Fox News, Trump expres\u00f3 el sentimiento de alivio de su campa\u00f1a por el hecho de que Harris eligiera al m\u00e1s progresista de los finalistas en el proceso de selecci\u00f3n de candidato a vicepresidente: \u201cestoy encantado\u201d, asegur\u00f3 el exgobernante.<\/p>\n<p style=\"text-align: justify\">En M\u00edchigan, el compa\u00f1ero de f\u00f3rmula de Trump, JD Vance, estren\u00f3 otro de los ataques que los republicanos preparan contra Walz al asegurar que pese a servir 24 a\u00f1os en la Guardia Nacional y alcanzar el rango de sargento mayor, el gobernador de Minesota no \u201cpas\u00f3 ni un d\u00eda en una zona de combate\u201d.<\/p>\n<p style=\"text-align: justify\">Por su parte, en una entrevista con\u00a0la cadena CBS, Biden \u201cno estar seguro en absoluto\u201d de que haya un\u00a0traspaso de poderes pac\u00edfico a Harris si Trump pierde las elecciones de noviembre.<\/p>\n<p style=\"text-align: justify\">\u201cVa en serio con lo que dice. No lo tomamos en serio. Lo dice en serio&#8230; todo eso de &#8216;si perdemos habr\u00e1 un ba\u00f1o de sangre&#8217;\u201d, dijo el\u00a0Presidente.<\/p>\n","protected":false},"excerpt":{"rendered":"<p>NOTI-AMERICA.COM | M\u00c9XICO La vicepresidenta de EU y candidata dem\u00f3crata a la presidencia, Kamala Harris, endurecer\u00e1 su postura sobre la inmigraci\u00f3n ilegal, enfrent\u00e1ndose al republicano Donald Trump en su tema principal en una serie&#46;&#46;&#46;<\/p>\n","protected":false},"author":133,"featured_media":50777,"comment_status":"","ping_status":"open","sticky":false,"template":"","format":"image","meta":{"_acf_changed":false,"rop_custom_images_group":[],"rop_custom_messages_group":[],"rop_publish_now":"initial","rop_publish_now_accounts":{"facebook_10219548024599422_1632221337088128":"","twitter_242054905_242054905":""},"rop_publish_now_history":[],"rop_publish_now_status":"pending","footnotes":""},"categories":[663],"tags":[],"class_list":["post-50776","post","type-post","status-publish","format-image","has-post-thumbnail","hentry","category-actualidad","post_format-post-format-image"],"acf":[],"yoast_head":"<!-- This site is optimized with the Yoast SEO Premium plugin v24.9 (Yoast SEO v27.2) - https:\/\/yoast.com\/product\/yoast-seo-premium-wordpress\/ -->\n<title>Kamala Harris endurecer\u00e1 su postura sobre la migraci\u00f3n - Noti-America.com<\/title>\n<meta name=\"robots\" content=\"index, follow, max-snippet:-1, max-image-preview:large, max-video-preview:-1\" \/>\n<link rel=\"canonical\" href=\"https:\/\/noti-america.com\/site\/principal\/2024\/08\/08\/kamala-harris-endurecera-su-postura-sobre-la-migracion\/\" \/>\n<meta property=\"og:locale\" content=\"es_ES\" \/>\n<meta property=\"og:type\" content=\"article\" \/>\n<meta property=\"og:title\" content=\"Kamala Harris endurecer\u00e1 su postura sobre la migraci\u00f3n\" \/>\n<meta property=\"og:description\" content=\"NOTI-AMERICA.COM | M\u00c9XICO La vicepresidenta de EU y candidata dem\u00f3crata a la presidencia, Kamala Harris, endurecer\u00e1 su postura sobre la inmigraci\u00f3n ilegal, enfrent\u00e1ndose al republicano Donald Trump en su tema principal en una serie&#046;&#046;&#046;\" \/>\n<meta property=\"og:url\" content=\"https:\/\/noti-america.com\/site\/principal\/2024\/08\/08\/kamala-harris-endurecera-su-postura-sobre-la-migracion\/\" \/>\n<meta property=\"og:site_name\" content=\"Noti-America.com\" \/>\n<meta property=\"article:author\" content=\"Mar\u00eda Valentina Noguera\" \/>\n<meta property=\"article:published_time\" content=\"2024-08-08T20:40:42+00:00\" \/>\n<meta property=\"og:image\" content=\"https:\/\/noti-america.com\/site\/principal\/wp-content\/uploads\/sites\/26\/2024\/08\/kamala_harris_EFE.png\" \/>\n\t<meta property=\"og:image:width\" content=\"768\" \/>\n\t<meta property=\"og:image:height\" content=\"479\" \/>\n\t<meta property=\"og:image:type\" content=\"image\/png\" \/>\n<meta name=\"author\" content=\"Maria Valentina Noguera Medina\" \/>\n<meta name=\"twitter:card\" content=\"summary_large_image\" \/>\n<meta name=\"twitter:label1\" content=\"Escrito por\" \/>\n\t<meta name=\"twitter:data1\" content=\"Maria Valentina Noguera Medina\" \/>\n\t<meta name=\"twitter:label2\" content=\"Tiempo estimado de lectura\" \/>\n\t<meta name=\"twitter:data2\" content=\"2 minutos\" \/>\n<script type=\"application\/ld+json\" class=\"yoast-schema-graph\">{\"@context\":\"https:\/\/schema.org\",\"@graph\":[{\"@type\":\"Article\",\"@id\":\"https:\/\/noti-america.com\/site\/principal\/2024\/08\/08\/kamala-harris-endurecera-su-postura-sobre-la-migracion\/#article\",\"isPartOf\":{\"@id\":\"https:\/\/noti-america.com\/site\/principal\/2024\/08\/08\/kamala-harris-endurecera-su-postura-sobre-la-migracion\/\"},\"author\":{\"name\":\"Maria Valentina Noguera Medina\",\"@id\":\"https:\/\/noti-america.com\/site\/principal\/#\/schema\/person\/22806efcc2cfc4b45efb0e17be210ea8\"},\"headline\":\"Kamala Harris endurecer\u00e1 su postura sobre la migraci\u00f3n\",\"datePublished\":\"2024-08-08T20:40:42+00:00\",\"mainEntityOfPage\":{\"@id\":\"https:\/\/noti-america.com\/site\/principal\/2024\/08\/08\/kamala-harris-endurecera-su-postura-sobre-la-migracion\/\"},\"wordCount\":480,\"image\":{\"@id\":\"https:\/\/noti-america.com\/site\/principal\/2024\/08\/08\/kamala-harris-endurecera-su-postura-sobre-la-migracion\/#primaryimage\"},\"thumbnailUrl\":\"https:\/\/noti-america.com\/site\/principal\/wp-content\/uploads\/sites\/26\/2024\/08\/kamala_harris_EFE.png\",\"articleSection\":[\"Actualidad\"],\"inLanguage\":\"es\"},{\"@type\":\"WebPage\",\"@id\":\"https:\/\/noti-america.com\/site\/principal\/2024\/08\/08\/kamala-harris-endurecera-su-postura-sobre-la-migracion\/\",\"url\":\"https:\/\/noti-america.com\/site\/principal\/2024\/08\/08\/kamala-harris-endurecera-su-postura-sobre-la-migracion\/\",\"name\":\"Kamala Harris endurecer\u00e1 su postura sobre la migraci\u00f3n - Noti-America.com\",\"isPartOf\":{\"@id\":\"https:\/\/noti-america.com\/site\/principal\/#website\"},\"primaryImageOfPage\":{\"@id\":\"https:\/\/noti-america.com\/site\/principal\/2024\/08\/08\/kamala-harris-endurecera-su-postura-sobre-la-migracion\/#primaryimage\"},\"image\":{\"@id\":\"https:\/\/noti-america.com\/site\/principal\/2024\/08\/08\/kamala-harris-endurecera-su-postura-sobre-la-migracion\/#primaryimage\"},\"thumbnailUrl\":\"https:\/\/noti-america.com\/site\/principal\/wp-content\/uploads\/sites\/26\/2024\/08\/kamala_harris_EFE.png\",\"datePublished\":\"2024-08-08T20:40:42+00:00\",\"author\":{\"@id\":\"https:\/\/noti-america.com\/site\/principal\/#\/schema\/person\/22806efcc2cfc4b45efb0e17be210ea8\"},\"breadcrumb\":{\"@id\":\"https:\/\/noti-america.com\/site\/principal\/2024\/08\/08\/kamala-harris-endurecera-su-postura-sobre-la-migracion\/#breadcrumb\"},\"inLanguage\":\"es\",\"potentialAction\":[{\"@type\":\"ReadAction\",\"target\":[\"https:\/\/noti-america.com\/site\/principal\/2024\/08\/08\/kamala-harris-endurecera-su-postura-sobre-la-migracion\/\"]}]},{\"@type\":\"ImageObject\",\"inLanguage\":\"es\",\"@id\":\"https:\/\/noti-america.com\/site\/principal\/2024\/08\/08\/kamala-harris-endurecera-su-postura-sobre-la-migracion\/#primaryimage\",\"url\":\"https:\/\/noti-america.com\/site\/principal\/wp-content\/uploads\/sites\/26\/2024\/08\/kamala_harris_EFE.png\",\"contentUrl\":\"https:\/\/noti-america.com\/site\/principal\/wp-content\/uploads\/sites\/26\/2024\/08\/kamala_harris_EFE.png\",\"width\":768,\"height\":479},{\"@type\":\"BreadcrumbList\",\"@id\":\"https:\/\/noti-america.com\/site\/principal\/2024\/08\/08\/kamala-harris-endurecera-su-postura-sobre-la-migracion\/#breadcrumb\",\"itemListElement\":[{\"@type\":\"ListItem\",\"position\":1,\"name\":\"Portada\",\"item\":\"https:\/\/noti-america.com\/site\/principal\/\"},{\"@type\":\"ListItem\",\"position\":2,\"name\":\"Kamala Harris endurecer\u00e1 su postura sobre la migraci\u00f3n\"}]},{\"@type\":\"WebSite\",\"@id\":\"https:\/\/noti-america.com\/site\/principal\/#website\",\"url\":\"https:\/\/noti-america.com\/site\/principal\/\",\"name\":\"Noti-America.com\",\"description\":\"El Noticiero Digital M\u00e1s Grande de Am\u00e9rica\",\"potentialAction\":[{\"@type\":\"SearchAction\",\"target\":{\"@type\":\"EntryPoint\",\"urlTemplate\":\"https:\/\/noti-america.com\/site\/principal\/?s={search_term_string}\"},\"query-input\":{\"@type\":\"PropertyValueSpecification\",\"valueRequired\":true,\"valueName\":\"search_term_string\"}}],\"inLanguage\":\"es\"},{\"@type\":\"Person\",\"@id\":\"https:\/\/noti-america.com\/site\/principal\/#\/schema\/person\/22806efcc2cfc4b45efb0e17be210ea8\",\"name\":\"Maria Valentina Noguera Medina\",\"image\":{\"@type\":\"ImageObject\",\"inLanguage\":\"es\",\"@id\":\"https:\/\/secure.gravatar.com\/avatar\/4ec5eb9d099f2608a49c9df6f7341f66f04f819cdffa09d56a7a0e91d2819d56?s=96&d=mm&r=g\",\"url\":\"https:\/\/secure.gravatar.com\/avatar\/4ec5eb9d099f2608a49c9df6f7341f66f04f819cdffa09d56a7a0e91d2819d56?s=96&d=mm&r=g\",\"contentUrl\":\"https:\/\/secure.gravatar.com\/avatar\/4ec5eb9d099f2608a49c9df6f7341f66f04f819cdffa09d56a7a0e91d2819d56?s=96&d=mm&r=g\",\"caption\":\"Maria Valentina Noguera Medina\"},\"description\":\"Periodista - noti-america - Promar Community Manager - Talento Plus Dise\u00f1adora\/ creadora de contenido...\",\"sameAs\":[\"Mar\u00eda Valentina Noguera\",\"https:\/\/www.facebook.com\/mariavalentina.noguera\",\"https:\/\/www.linkedin.com\/in\/mara-valentina-noguera-medina-373075165\/\",\"https:\/\/www.pinterest.es\/valentinanoguera95\/\",\"https:\/\/www.youtube.com\/channel\/UCdek6mbUZ-Tqqw0I63i4nmQ\"],\"url\":\"https:\/\/noti-america.com\/site\/principal\/author\/mnoguera\/\"}]}<\/script>\n<!-- \/ Yoast SEO Premium plugin. -->","yoast_head_json":{"title":"Kamala Harris endurecer\u00e1 su postura sobre la migraci\u00f3n - Noti-America.com","robots":{"index":"index","follow":"follow","max-snippet":"max-snippet:-1","max-image-preview":"max-image-preview:large","max-video-preview":"max-video-preview:-1"},"canonical":"https:\/\/noti-america.com\/site\/principal\/2024\/08\/08\/kamala-harris-endurecera-su-postura-sobre-la-migracion\/","og_locale":"es_ES","og_type":"article","og_title":"Kamala Harris endurecer\u00e1 su postura sobre la migraci\u00f3n","og_description":"NOTI-AMERICA.COM | M\u00c9XICO La vicepresidenta de EU y candidata dem\u00f3crata a la presidencia, Kamala Harris, endurecer\u00e1 su postura sobre la inmigraci\u00f3n ilegal, enfrent\u00e1ndose al republicano Donald Trump en su tema principal en una serie&#46;&#46;&#46;","og_url":"https:\/\/noti-america.com\/site\/principal\/2024\/08\/08\/kamala-harris-endurecera-su-postura-sobre-la-migracion\/","og_site_name":"Noti-America.com","article_author":"Mar\u00eda Valentina Noguera","article_published_time":"2024-08-08T20:40:42+00:00","og_image":[{"width":768,"height":479,"url":"https:\/\/noti-america.com\/site\/principal\/wp-content\/uploads\/sites\/26\/2024\/08\/kamala_harris_EFE.png","type":"image\/png"}],"author":"Maria Valentina Noguera Medina","twitter_card":"summary_large_image","twitter_misc":{"Escrito por":"Maria Valentina Noguera Medina","Tiempo estimado de lectura":"2 minutos"},"schema":{"@context":"https:\/\/schema.org","@graph":[{"@type":"Article","@id":"https:\/\/noti-america.com\/site\/principal\/2024\/08\/08\/kamala-harris-endurecera-su-postura-sobre-la-migracion\/#article","isPartOf":{"@id":"https:\/\/noti-america.com\/site\/principal\/2024\/08\/08\/kamala-harris-endurecera-su-postura-sobre-la-migracion\/"},"author":{"name":"Maria Valentina Noguera Medina","@id":"https:\/\/noti-america.com\/site\/principal\/#\/schema\/person\/22806efcc2cfc4b45efb0e17be210ea8"},"headline":"Kamala Harris endurecer\u00e1 su postura sobre la migraci\u00f3n","datePublished":"2024-08-08T20:40:42+00:00","mainEntityOfPage":{"@id":"https:\/\/noti-america.com\/site\/principal\/2024\/08\/08\/kamala-harris-endurecera-su-postura-sobre-la-migracion\/"},"wordCount":480,"image":{"@id":"https:\/\/noti-america.com\/site\/principal\/2024\/08\/08\/kamala-harris-endurecera-su-postura-sobre-la-migracion\/#primaryimage"},"thumbnailUrl":"https:\/\/noti-america.com\/site\/principal\/wp-content\/uploads\/sites\/26\/2024\/08\/kamala_harris_EFE.png","articleSection":["Actualidad"],"inLanguage":"es"},{"@type":"WebPage","@id":"https:\/\/noti-america.com\/site\/principal\/2024\/08\/08\/kamala-harris-endurecera-su-postura-sobre-la-migracion\/","url":"https:\/\/noti-america.com\/site\/principal\/2024\/08\/08\/kamala-harris-endurecera-su-postura-sobre-la-migracion\/","name":"Kamala Harris endurecer\u00e1 su postura sobre la migraci\u00f3n - Noti-America.com","isPartOf":{"@id":"https:\/\/noti-america.com\/site\/principal\/#website"},"primaryImageOfPage":{"@id":"https:\/\/noti-america.com\/site\/principal\/2024\/08\/08\/kamala-harris-endurecera-su-postura-sobre-la-migracion\/#primaryimage"},"image":{"@id":"https:\/\/noti-america.com\/site\/principal\/2024\/08\/08\/kamala-harris-endurecera-su-postura-sobre-la-migracion\/#primaryimage"},"thumbnailUrl":"https:\/\/noti-america.com\/site\/principal\/wp-content\/uploads\/sites\/26\/2024\/08\/kamala_harris_EFE.png","datePublished":"2024-08-08T20:40:42+00:00","author":{"@id":"https:\/\/noti-america.com\/site\/principal\/#\/schema\/person\/22806efcc2cfc4b45efb0e17be210ea8"},"breadcrumb":{"@id":"https:\/\/noti-america.com\/site\/principal\/2024\/08\/08\/kamala-harris-endurecera-su-postura-sobre-la-migracion\/#breadcrumb"},"inLanguage":"es","potentialAction":[{"@type":"ReadAction","target":["https:\/\/noti-america.com\/site\/principal\/2024\/08\/08\/kamala-harris-endurecera-su-postura-sobre-la-migracion\/"]}]},{"@type":"ImageObject","inLanguage":"es","@id":"https:\/\/noti-america.com\/site\/principal\/2024\/08\/08\/kamala-harris-endurecera-su-postura-sobre-la-migracion\/#primaryimage","url":"https:\/\/noti-america.com\/site\/principal\/wp-content\/uploads\/sites\/26\/2024\/08\/kamala_harris_EFE.png","contentUrl":"https:\/\/noti-america.com\/site\/principal\/wp-content\/uploads\/sites\/26\/2024\/08\/kamala_harris_EFE.png","width":768,"height":479},{"@type":"BreadcrumbList","@id":"https:\/\/noti-america.com\/site\/principal\/2024\/08\/08\/kamala-harris-endurecera-su-postura-sobre-la-migracion\/#breadcrumb","itemListElement":[{"@type":"ListItem","position":1,"name":"Portada","item":"https:\/\/noti-america.com\/site\/principal\/"},{"@type":"ListItem","position":2,"name":"Kamala Harris endurecer\u00e1 su postura sobre la migraci\u00f3n"}]},{"@type":"WebSite","@id":"https:\/\/noti-america.com\/site\/principal\/#website","url":"https:\/\/noti-america.com\/site\/principal\/","name":"Noti-America.com","description":"El Noticiero Digital M\u00e1s Grande de Am\u00e9rica","potentialAction":[{"@type":"SearchAction","target":{"@type":"EntryPoint","urlTemplate":"https:\/\/noti-america.com\/site\/principal\/?s={search_term_string}"},"query-input":{"@type":"PropertyValueSpecification","valueRequired":true,"valueName":"search_term_string"}}],"inLanguage":"es"},{"@type":"Person","@id":"https:\/\/noti-america.com\/site\/principal\/#\/schema\/person\/22806efcc2cfc4b45efb0e17be210ea8","name":"Maria Valentina Noguera Medina","image":{"@type":"ImageObject","inLanguage":"es","@id":"https:\/\/secure.gravatar.com\/avatar\/4ec5eb9d099f2608a49c9df6f7341f66f04f819cdffa09d56a7a0e91d2819d56?s=96&d=mm&r=g","url":"https:\/\/secure.gravatar.com\/avatar\/4ec5eb9d099f2608a49c9df6f7341f66f04f819cdffa09d56a7a0e91d2819d56?s=96&d=mm&r=g","contentUrl":"https:\/\/secure.gravatar.com\/avatar\/4ec5eb9d099f2608a49c9df6f7341f66f04f819cdffa09d56a7a0e91d2819d56?s=96&d=mm&r=g","caption":"Maria Valentina Noguera Medina"},"description":"Periodista - noti-america - Promar Community Manager - Talento Plus Dise\u00f1adora\/ creadora de contenido...","sameAs":["Mar\u00eda Valentina Noguera","https:\/\/www.facebook.com\/mariavalentina.noguera","https:\/\/www.linkedin.com\/in\/mara-valentina-noguera-medina-373075165\/","https:\/\/www.pinterest.es\/valentinanoguera95\/","https:\/\/www.youtube.com\/channel\/UCdek6mbUZ-Tqqw0I63i4nmQ"],"url":"https:\/\/noti-america.com\/site\/principal\/author\/mnoguera\/"}]}},"_links":{"self":[{"href":"https:\/\/noti-america.com\/site\/principal\/wp-json\/wp\/v2\/posts\/50776","targetHints":{"allow":["GET"]}}],"collection":[{"href":"https:\/\/noti-america.com\/site\/principal\/wp-json\/wp\/v2\/posts"}],"about":[{"href":"https:\/\/noti-america.com\/site\/principal\/wp-json\/wp\/v2\/types\/post"}],"author":[{"embeddable":true,"href":"https:\/\/noti-america.com\/site\/principal\/wp-json\/wp\/v2\/users\/133"}],"replies":[{"embeddable":true,"href":"https:\/\/noti-america.com\/site\/principal\/wp-json\/wp\/v2\/comments?post=50776"}],"version-history":[{"count":1,"href":"https:\/\/noti-america.com\/site\/principal\/wp-json\/wp\/v2\/posts\/50776\/revisions"}],"predecessor-version":[{"id":50799,"href":"https:\/\/noti-america.com\/site\/principal\/wp-json\/wp\/v2\/posts\/50776\/revisions\/50799"}],"wp:featuredmedia":[{"embeddable":true,"href":"https:\/\/noti-america.com\/site\/principal\/wp-json\/wp\/v2\/media\/50777"}],"wp:attachment":[{"href":"https:\/\/noti-america.com\/site\/principal\/wp-json\/wp\/v2\/media?parent=50776"}],"wp:term":[{"taxonomy":"category","embeddable":true,"href":"https:\/\/noti-america.com\/site\/principal\/wp-json\/wp\/v2\/categories?post=50776"},{"taxonomy":"post_tag","embeddable":true,"href":"https:\/\/noti-america.com\/site\/principal\/wp-json\/wp\/v2\/tags?post=50776"}],"curies":[{"name":"wp","href":"https:\/\/api.w.org\/{rel}","templated":true}]}}