{"id":50064,"date":"2024-07-27T12:37:24","date_gmt":"2024-07-27T16:37:24","guid":{"rendered":"https:\/\/noti-america.com\/site\/principal\/?p=50064"},"modified":"2024-07-27T12:37:24","modified_gmt":"2024-07-27T16:37:24","slug":"crisis-la-industria-cayo-121-en-junio","status":"publish","type":"post","link":"https:\/\/noti-america.com\/site\/principal\/2024\/07\/27\/crisis-la-industria-cayo-121-en-junio\/","title":{"rendered":"Crisis: la industria cay\u00f3 12,1% en junio"},"content":{"rendered":"<p><span style=\"font-size: 14pt\">NOTI-AMERICA.COM | ARGENTINA<\/span><\/p>\n<p style=\"text-align: justify\">El\u00a0\u00cdndice de Producci\u00f3n Industrial (IPI) de FIEL registr\u00f3 en junio una contracci\u00f3n interanual de 12,1 por ciento, interrumpiendo el recorte en el ritmo de ca\u00edda de la actividad fabril observado en el bimestre previo. A las dificultades puntuales que enfrentan los distintos sectores industriales, se sum\u00f3 en junio el impacto sobre la producci\u00f3n \u2013y las ventas\u2010 de un menor n\u00famero de d\u00edas de actividad a causa de los feriados de la tercera semana del mes. En el\u00a0primer semestre, todas las ramas salvo los insumos textiles muestran una ca\u00edda de la producci\u00f3n\u00a0interanual.<\/p>\n<p style=\"text-align: justify\">Los datos correspondientes al segundo trimestre muestran que la industria se contrajo 12,8 por ciento en la comparaci\u00f3n con el mismo trimestre de 2023. De este modo,\u00a0la actividad acumula cinco trimestres en retroceso en la comparaci\u00f3n interanual.<\/p>\n<p style=\"text-align: justify\">La ca\u00edda de la producci\u00f3n en el trimestre s\u00f3lo es superada por las observadas a mediados de 1985 con el lanzamiento del Plan Austral, a mediados de 1989 y comienzos de 1990 con las crisis hiperinflacionarias, en el cambio de r\u00e9gimen que result\u00f3 la Convertibilidad a comienzos de 2002, y en el segundo\u00a0trimestre de 2020 en plena pandemia de Covid. En la medici\u00f3n desestacionalizada, la industria se contrajo 1.5 por ciento respecto al primer trimestre de 2024, reduciendo el ritmo de ca\u00edda observado en el trimestre anterior.<\/p>\n<p style=\"text-align: justify\">\u00abEs interesante notar que las recuperaciones industriales que iniciaron en julio de 1985, marzo de 1990, febrero de 2002 y abril de 2020, resultaron entre las m\u00e1s prolongadas, y con la excepci\u00f3n de la de la primera parte de los noventa \u2013truncada por el impacto de la crisis del Tequila\u2010 las restantes tuvieron una din\u00e1mica superior al promedio. Para una recuperaci\u00f3n de caracter\u00edsticas similares a las observadas en el pasado, el actual escenario macroecon\u00f3mico a\u00fan no revela los factores que dinamizar\u00e1n la actividad. En el corto plazo la recuperaci\u00f3n del cr\u00e9dito luce con el mayor potencial\u00bb, asegura FIEL.<\/p>\n<h2 style=\"text-align: justify\">Por sector<\/h2>\n<p style=\"text-align: justify\">La mayor ca\u00edda de actividad en el mes la registr\u00f3 la\u00a0industria automotriz,\u00a0que contin\u00faa siendo afectada por los problemas de abastecimiento de autopartes con origen en Brasil. Por su parte, la rama de los minerales no met\u00e1licos tuvo en junio el segundo retroceso m\u00e1s pronunciado entre los sectores interrumpiendo tambi\u00e9n las mejoras mensuales observadas en los dos meses previos, al tiempo que las ventas de insumos para la construcci\u00f3n se resintieron en un mes m\u00e1s corto.<\/p>\n<p style=\"text-align: justify\">En el caso de las\u00a0industrias met\u00e1licas b\u00e1sicas, a su ca\u00edda contribuy\u00f3 el retroceso en la producci\u00f3n de aluminio, mientras que la siderurgia contin\u00faa mostrando mermas difundidas en los distintos segmentos de actividad en el proceso de adecuaci\u00f3n de stocks a la ca\u00edda de la demanda de sectores conexos. La metalmec\u00e1nica prolong\u00f3 su retroceso interanual por los \u00faltimos diecisiete meses. Al interior del bloque, proveedores del sector de la energ\u00eda y la miner\u00eda muestran mejores desempe\u00f1os y en el sector de maquinaria agr\u00edcola se tienen plantas con freno en la ca\u00edda.<\/p>\n<p style=\"text-align: justify\">Entre los\u00a0qu\u00edmicos y pl\u00e1sticos\u00a0se tuvieron retrocesos generalizados, con la excepci\u00f3n de la producci\u00f3n petroqu\u00edmica b\u00e1sica, al tiempo que se profundiza la merma de la actividad en el sector productor de neum\u00e1ticos. Por \u00faltimo, el sector de los\u00a0alimentos y bebidas\u00a0fue el \u00fanico que en el mes de junio registr\u00f3 un crecimiento interanual de la producci\u00f3n con el aporte de ambas sub ramas.<\/p>\n<p style=\"text-align: justify\">En los\u00a0primeros seis meses, todas las ramas con la excepci\u00f3n de los insumos textiles muestran una ca\u00edda de la producci\u00f3n\u00a0en la comparaci\u00f3n con el mismo per\u00edodo de 2023. El mayor retroceso lo contin\u00faa mostrando la producci\u00f3n de minerales no met\u00e1licos con una ca\u00edda de 31,8 por ciento en la comparaci\u00f3n interanual. A la rama le siguieron la industria automotriz que tuvo una baja del 26,8 por ciento, las industrias met\u00e1licas b\u00e1sicas con una merma de actividad que alcanz\u00f3 19,4 por ciento, la metalmec\u00e1nica que registr\u00f3 un retroceso de 16 por ciento, los despachos de cigarrillos que se contrajeron 13,7\u00a0por ciento y la producci\u00f3n de qu\u00edmicos y pl\u00e1sticos que lo hicieron 12,8 por ciento, en cada caso en los primeros seis meses del a\u00f1o y en la comparaci\u00f3n interanual.<\/p>\n<p style=\"text-align: justify\">Con una disminuci\u00f3n inferior al promedio se colocan la rama de alimentos y bebidas con un recorte de \u20103,5 por ciento, el proceso de petr\u00f3leo (\u20101,4 por ciento) y la producci\u00f3n de papel y celulosa (\u20101 por ciento) respecto al acumulado entre enero y junio de 2023. Finalmente, la producci\u00f3n de insumos textiles (\u20100,2 por ciento) igual\u00f3 el nivel de producci\u00f3n acumulado en el primer semestre del a\u00f1o pasado.<\/p>\n<p style=\"text-align: justify\">Al agrupar la industria por el tipo de bienes producidos, se tiene que en los primeros seis meses del a\u00f1o todos ellos muestran un retroceso en la comparaci\u00f3n con el mismo periodo del a\u00f1o anterior. La mayor ca\u00edda la registra la producci\u00f3n de bienes de capital que retrocede 20.4 por ciento, seguida de la de bienes de consumo durable con una merma de 19.9 por ciento, en cada caso en la comparaci\u00f3n con el mismo periodo de 2023. Con una contracci\u00f3n menor al promedio se colocan los bienes de uso intermedio que en el periodo registraron una reducci\u00f3n del 11 por ciento, al tiempo que los bienes de consumo no durable mostraron un retroceso que alcanz\u00f3 4.9\u00a0por ciento en los primeros seis meses y en la comparaci\u00f3n interanual. Con lo anterior, los bienes de consumo durable y los de capital mostraron un aumento de la ca\u00edda acumulada en el semestre, al tiempo que los bienes de consumo no durables la redujeron a partir del aporte de la producci\u00f3n de alimentos y bebidas.<\/p>\n","protected":false},"excerpt":{"rendered":"<p>NOTI-AMERICA.COM | ARGENTINA El\u00a0\u00cdndice de Producci\u00f3n Industrial (IPI) de FIEL registr\u00f3 en junio una contracci\u00f3n interanual de 12,1 por ciento, interrumpiendo el recorte en el ritmo de ca\u00edda de la actividad fabril observado en&#46;&#46;&#46;<\/p>\n","protected":false},"author":133,"featured_media":50065,"comment_status":"","ping_status":"open","sticky":false,"template":"","format":"image","meta":{"_acf_changed":false,"rop_custom_images_group":[],"rop_custom_messages_group":[],"rop_publish_now":"initial","rop_publish_now_accounts":{"facebook_10219548024599422_1632221337088128":"","twitter_242054905_242054905":""},"rop_publish_now_history":[],"rop_publish_now_status":"pending","footnotes":""},"categories":[663],"tags":[],"class_list":["post-50064","post","type-post","status-publish","format-image","has-post-thumbnail","hentry","category-actualidad","post_format-post-format-image"],"acf":[],"yoast_head":"<!-- This site is optimized with the Yoast SEO Premium plugin v24.9 (Yoast SEO v27.2) - https:\/\/yoast.com\/product\/yoast-seo-premium-wordpress\/ -->\n<title>Crisis: la industria cay\u00f3 12,1% en junio - Noti-America.com<\/title>\n<meta name=\"robots\" content=\"index, follow, max-snippet:-1, max-image-preview:large, max-video-preview:-1\" \/>\n<link rel=\"canonical\" href=\"https:\/\/noti-america.com\/site\/principal\/2024\/07\/27\/crisis-la-industria-cayo-121-en-junio\/\" \/>\n<meta property=\"og:locale\" content=\"es_ES\" \/>\n<meta property=\"og:type\" content=\"article\" \/>\n<meta property=\"og:title\" content=\"Crisis: la industria cay\u00f3 12,1% en junio\" \/>\n<meta property=\"og:description\" content=\"NOTI-AMERICA.COM | ARGENTINA El\u00a0\u00cdndice de Producci\u00f3n Industrial (IPI) de FIEL registr\u00f3 en junio una contracci\u00f3n interanual de 12,1 por ciento, interrumpiendo el recorte en el ritmo de ca\u00edda de la actividad fabril observado en&#046;&#046;&#046;\" \/>\n<meta property=\"og:url\" content=\"https:\/\/noti-america.com\/site\/principal\/2024\/07\/27\/crisis-la-industria-cayo-121-en-junio\/\" \/>\n<meta property=\"og:site_name\" content=\"Noti-America.com\" \/>\n<meta property=\"article:author\" content=\"Mar\u00eda Valentina Noguera\" \/>\n<meta property=\"article:published_time\" content=\"2024-07-27T16:37:24+00:00\" \/>\n<meta property=\"og:image\" content=\"https:\/\/noti-america.com\/site\/principal\/wp-content\/uploads\/sites\/26\/2024\/07\/859344-15-a-3.jpg\" \/>\n\t<meta property=\"og:image:width\" content=\"960\" \/>\n\t<meta property=\"og:image:height\" content=\"640\" \/>\n\t<meta property=\"og:image:type\" content=\"image\/jpeg\" \/>\n<meta name=\"author\" content=\"Maria Valentina Noguera Medina\" \/>\n<meta name=\"twitter:card\" content=\"summary_large_image\" \/>\n<meta name=\"twitter:label1\" content=\"Escrito por\" \/>\n\t<meta name=\"twitter:data1\" content=\"Maria Valentina Noguera Medina\" \/>\n\t<meta name=\"twitter:label2\" content=\"Tiempo estimado de lectura\" \/>\n\t<meta name=\"twitter:data2\" content=\"5 minutos\" \/>\n<script type=\"application\/ld+json\" class=\"yoast-schema-graph\">{\"@context\":\"https:\/\/schema.org\",\"@graph\":[{\"@type\":\"Article\",\"@id\":\"https:\/\/noti-america.com\/site\/principal\/2024\/07\/27\/crisis-la-industria-cayo-121-en-junio\/#article\",\"isPartOf\":{\"@id\":\"https:\/\/noti-america.com\/site\/principal\/2024\/07\/27\/crisis-la-industria-cayo-121-en-junio\/\"},\"author\":{\"name\":\"Maria Valentina Noguera Medina\",\"@id\":\"https:\/\/noti-america.com\/site\/principal\/#\/schema\/person\/22806efcc2cfc4b45efb0e17be210ea8\"},\"headline\":\"Crisis: la industria cay\u00f3 12,1% en junio\",\"datePublished\":\"2024-07-27T16:37:24+00:00\",\"mainEntityOfPage\":{\"@id\":\"https:\/\/noti-america.com\/site\/principal\/2024\/07\/27\/crisis-la-industria-cayo-121-en-junio\/\"},\"wordCount\":993,\"image\":{\"@id\":\"https:\/\/noti-america.com\/site\/principal\/2024\/07\/27\/crisis-la-industria-cayo-121-en-junio\/#primaryimage\"},\"thumbnailUrl\":\"https:\/\/noti-america.com\/site\/principal\/wp-content\/uploads\/sites\/26\/2024\/07\/859344-15-a-3.jpg\",\"articleSection\":[\"Actualidad\"],\"inLanguage\":\"es\"},{\"@type\":\"WebPage\",\"@id\":\"https:\/\/noti-america.com\/site\/principal\/2024\/07\/27\/crisis-la-industria-cayo-121-en-junio\/\",\"url\":\"https:\/\/noti-america.com\/site\/principal\/2024\/07\/27\/crisis-la-industria-cayo-121-en-junio\/\",\"name\":\"Crisis: la industria cay\u00f3 12,1% en junio - Noti-America.com\",\"isPartOf\":{\"@id\":\"https:\/\/noti-america.com\/site\/principal\/#website\"},\"primaryImageOfPage\":{\"@id\":\"https:\/\/noti-america.com\/site\/principal\/2024\/07\/27\/crisis-la-industria-cayo-121-en-junio\/#primaryimage\"},\"image\":{\"@id\":\"https:\/\/noti-america.com\/site\/principal\/2024\/07\/27\/crisis-la-industria-cayo-121-en-junio\/#primaryimage\"},\"thumbnailUrl\":\"https:\/\/noti-america.com\/site\/principal\/wp-content\/uploads\/sites\/26\/2024\/07\/859344-15-a-3.jpg\",\"datePublished\":\"2024-07-27T16:37:24+00:00\",\"author\":{\"@id\":\"https:\/\/noti-america.com\/site\/principal\/#\/schema\/person\/22806efcc2cfc4b45efb0e17be210ea8\"},\"breadcrumb\":{\"@id\":\"https:\/\/noti-america.com\/site\/principal\/2024\/07\/27\/crisis-la-industria-cayo-121-en-junio\/#breadcrumb\"},\"inLanguage\":\"es\",\"potentialAction\":[{\"@type\":\"ReadAction\",\"target\":[\"https:\/\/noti-america.com\/site\/principal\/2024\/07\/27\/crisis-la-industria-cayo-121-en-junio\/\"]}]},{\"@type\":\"ImageObject\",\"inLanguage\":\"es\",\"@id\":\"https:\/\/noti-america.com\/site\/principal\/2024\/07\/27\/crisis-la-industria-cayo-121-en-junio\/#primaryimage\",\"url\":\"https:\/\/noti-america.com\/site\/principal\/wp-content\/uploads\/sites\/26\/2024\/07\/859344-15-a-3.jpg\",\"contentUrl\":\"https:\/\/noti-america.com\/site\/principal\/wp-content\/uploads\/sites\/26\/2024\/07\/859344-15-a-3.jpg\",\"width\":960,\"height\":640},{\"@type\":\"BreadcrumbList\",\"@id\":\"https:\/\/noti-america.com\/site\/principal\/2024\/07\/27\/crisis-la-industria-cayo-121-en-junio\/#breadcrumb\",\"itemListElement\":[{\"@type\":\"ListItem\",\"position\":1,\"name\":\"Portada\",\"item\":\"https:\/\/noti-america.com\/site\/principal\/\"},{\"@type\":\"ListItem\",\"position\":2,\"name\":\"Crisis: la industria cay\u00f3 12,1% en junio\"}]},{\"@type\":\"WebSite\",\"@id\":\"https:\/\/noti-america.com\/site\/principal\/#website\",\"url\":\"https:\/\/noti-america.com\/site\/principal\/\",\"name\":\"Noti-America.com\",\"description\":\"El Noticiero Digital M\u00e1s Grande de Am\u00e9rica\",\"potentialAction\":[{\"@type\":\"SearchAction\",\"target\":{\"@type\":\"EntryPoint\",\"urlTemplate\":\"https:\/\/noti-america.com\/site\/principal\/?s={search_term_string}\"},\"query-input\":{\"@type\":\"PropertyValueSpecification\",\"valueRequired\":true,\"valueName\":\"search_term_string\"}}],\"inLanguage\":\"es\"},{\"@type\":\"Person\",\"@id\":\"https:\/\/noti-america.com\/site\/principal\/#\/schema\/person\/22806efcc2cfc4b45efb0e17be210ea8\",\"name\":\"Maria Valentina Noguera Medina\",\"image\":{\"@type\":\"ImageObject\",\"inLanguage\":\"es\",\"@id\":\"https:\/\/secure.gravatar.com\/avatar\/4ec5eb9d099f2608a49c9df6f7341f66f04f819cdffa09d56a7a0e91d2819d56?s=96&d=mm&r=g\",\"url\":\"https:\/\/secure.gravatar.com\/avatar\/4ec5eb9d099f2608a49c9df6f7341f66f04f819cdffa09d56a7a0e91d2819d56?s=96&d=mm&r=g\",\"contentUrl\":\"https:\/\/secure.gravatar.com\/avatar\/4ec5eb9d099f2608a49c9df6f7341f66f04f819cdffa09d56a7a0e91d2819d56?s=96&d=mm&r=g\",\"caption\":\"Maria Valentina Noguera Medina\"},\"description\":\"Periodista - noti-america - Promar Community Manager - Talento Plus Dise\u00f1adora\/ creadora de contenido...\",\"sameAs\":[\"Mar\u00eda Valentina Noguera\",\"https:\/\/www.facebook.com\/mariavalentina.noguera\",\"https:\/\/www.linkedin.com\/in\/mara-valentina-noguera-medina-373075165\/\",\"https:\/\/www.pinterest.es\/valentinanoguera95\/\",\"https:\/\/www.youtube.com\/channel\/UCdek6mbUZ-Tqqw0I63i4nmQ\"],\"url\":\"https:\/\/noti-america.com\/site\/principal\/author\/mnoguera\/\"}]}<\/script>\n<!-- \/ Yoast SEO Premium plugin. -->","yoast_head_json":{"title":"Crisis: la industria cay\u00f3 12,1% en junio - Noti-America.com","robots":{"index":"index","follow":"follow","max-snippet":"max-snippet:-1","max-image-preview":"max-image-preview:large","max-video-preview":"max-video-preview:-1"},"canonical":"https:\/\/noti-america.com\/site\/principal\/2024\/07\/27\/crisis-la-industria-cayo-121-en-junio\/","og_locale":"es_ES","og_type":"article","og_title":"Crisis: la industria cay\u00f3 12,1% en junio","og_description":"NOTI-AMERICA.COM | ARGENTINA El\u00a0\u00cdndice de Producci\u00f3n Industrial (IPI) de FIEL registr\u00f3 en junio una contracci\u00f3n interanual de 12,1 por ciento, interrumpiendo el recorte en el ritmo de ca\u00edda de la actividad fabril observado en&#46;&#46;&#46;","og_url":"https:\/\/noti-america.com\/site\/principal\/2024\/07\/27\/crisis-la-industria-cayo-121-en-junio\/","og_site_name":"Noti-America.com","article_author":"Mar\u00eda Valentina Noguera","article_published_time":"2024-07-27T16:37:24+00:00","og_image":[{"width":960,"height":640,"url":"https:\/\/noti-america.com\/site\/principal\/wp-content\/uploads\/sites\/26\/2024\/07\/859344-15-a-3.jpg","type":"image\/jpeg"}],"author":"Maria Valentina Noguera Medina","twitter_card":"summary_large_image","twitter_misc":{"Escrito por":"Maria Valentina Noguera Medina","Tiempo estimado de lectura":"5 minutos"},"schema":{"@context":"https:\/\/schema.org","@graph":[{"@type":"Article","@id":"https:\/\/noti-america.com\/site\/principal\/2024\/07\/27\/crisis-la-industria-cayo-121-en-junio\/#article","isPartOf":{"@id":"https:\/\/noti-america.com\/site\/principal\/2024\/07\/27\/crisis-la-industria-cayo-121-en-junio\/"},"author":{"name":"Maria Valentina Noguera Medina","@id":"https:\/\/noti-america.com\/site\/principal\/#\/schema\/person\/22806efcc2cfc4b45efb0e17be210ea8"},"headline":"Crisis: la industria cay\u00f3 12,1% en junio","datePublished":"2024-07-27T16:37:24+00:00","mainEntityOfPage":{"@id":"https:\/\/noti-america.com\/site\/principal\/2024\/07\/27\/crisis-la-industria-cayo-121-en-junio\/"},"wordCount":993,"image":{"@id":"https:\/\/noti-america.com\/site\/principal\/2024\/07\/27\/crisis-la-industria-cayo-121-en-junio\/#primaryimage"},"thumbnailUrl":"https:\/\/noti-america.com\/site\/principal\/wp-content\/uploads\/sites\/26\/2024\/07\/859344-15-a-3.jpg","articleSection":["Actualidad"],"inLanguage":"es"},{"@type":"WebPage","@id":"https:\/\/noti-america.com\/site\/principal\/2024\/07\/27\/crisis-la-industria-cayo-121-en-junio\/","url":"https:\/\/noti-america.com\/site\/principal\/2024\/07\/27\/crisis-la-industria-cayo-121-en-junio\/","name":"Crisis: la industria cay\u00f3 12,1% en junio - Noti-America.com","isPartOf":{"@id":"https:\/\/noti-america.com\/site\/principal\/#website"},"primaryImageOfPage":{"@id":"https:\/\/noti-america.com\/site\/principal\/2024\/07\/27\/crisis-la-industria-cayo-121-en-junio\/#primaryimage"},"image":{"@id":"https:\/\/noti-america.com\/site\/principal\/2024\/07\/27\/crisis-la-industria-cayo-121-en-junio\/#primaryimage"},"thumbnailUrl":"https:\/\/noti-america.com\/site\/principal\/wp-content\/uploads\/sites\/26\/2024\/07\/859344-15-a-3.jpg","datePublished":"2024-07-27T16:37:24+00:00","author":{"@id":"https:\/\/noti-america.com\/site\/principal\/#\/schema\/person\/22806efcc2cfc4b45efb0e17be210ea8"},"breadcrumb":{"@id":"https:\/\/noti-america.com\/site\/principal\/2024\/07\/27\/crisis-la-industria-cayo-121-en-junio\/#breadcrumb"},"inLanguage":"es","potentialAction":[{"@type":"ReadAction","target":["https:\/\/noti-america.com\/site\/principal\/2024\/07\/27\/crisis-la-industria-cayo-121-en-junio\/"]}]},{"@type":"ImageObject","inLanguage":"es","@id":"https:\/\/noti-america.com\/site\/principal\/2024\/07\/27\/crisis-la-industria-cayo-121-en-junio\/#primaryimage","url":"https:\/\/noti-america.com\/site\/principal\/wp-content\/uploads\/sites\/26\/2024\/07\/859344-15-a-3.jpg","contentUrl":"https:\/\/noti-america.com\/site\/principal\/wp-content\/uploads\/sites\/26\/2024\/07\/859344-15-a-3.jpg","width":960,"height":640},{"@type":"BreadcrumbList","@id":"https:\/\/noti-america.com\/site\/principal\/2024\/07\/27\/crisis-la-industria-cayo-121-en-junio\/#breadcrumb","itemListElement":[{"@type":"ListItem","position":1,"name":"Portada","item":"https:\/\/noti-america.com\/site\/principal\/"},{"@type":"ListItem","position":2,"name":"Crisis: la industria cay\u00f3 12,1% en junio"}]},{"@type":"WebSite","@id":"https:\/\/noti-america.com\/site\/principal\/#website","url":"https:\/\/noti-america.com\/site\/principal\/","name":"Noti-America.com","description":"El Noticiero Digital M\u00e1s Grande de Am\u00e9rica","potentialAction":[{"@type":"SearchAction","target":{"@type":"EntryPoint","urlTemplate":"https:\/\/noti-america.com\/site\/principal\/?s={search_term_string}"},"query-input":{"@type":"PropertyValueSpecification","valueRequired":true,"valueName":"search_term_string"}}],"inLanguage":"es"},{"@type":"Person","@id":"https:\/\/noti-america.com\/site\/principal\/#\/schema\/person\/22806efcc2cfc4b45efb0e17be210ea8","name":"Maria Valentina Noguera Medina","image":{"@type":"ImageObject","inLanguage":"es","@id":"https:\/\/secure.gravatar.com\/avatar\/4ec5eb9d099f2608a49c9df6f7341f66f04f819cdffa09d56a7a0e91d2819d56?s=96&d=mm&r=g","url":"https:\/\/secure.gravatar.com\/avatar\/4ec5eb9d099f2608a49c9df6f7341f66f04f819cdffa09d56a7a0e91d2819d56?s=96&d=mm&r=g","contentUrl":"https:\/\/secure.gravatar.com\/avatar\/4ec5eb9d099f2608a49c9df6f7341f66f04f819cdffa09d56a7a0e91d2819d56?s=96&d=mm&r=g","caption":"Maria Valentina Noguera Medina"},"description":"Periodista - noti-america - Promar Community Manager - Talento Plus Dise\u00f1adora\/ creadora de contenido...","sameAs":["Mar\u00eda Valentina Noguera","https:\/\/www.facebook.com\/mariavalentina.noguera","https:\/\/www.linkedin.com\/in\/mara-valentina-noguera-medina-373075165\/","https:\/\/www.pinterest.es\/valentinanoguera95\/","https:\/\/www.youtube.com\/channel\/UCdek6mbUZ-Tqqw0I63i4nmQ"],"url":"https:\/\/noti-america.com\/site\/principal\/author\/mnoguera\/"}]}},"_links":{"self":[{"href":"https:\/\/noti-america.com\/site\/principal\/wp-json\/wp\/v2\/posts\/50064","targetHints":{"allow":["GET"]}}],"collection":[{"href":"https:\/\/noti-america.com\/site\/principal\/wp-json\/wp\/v2\/posts"}],"about":[{"href":"https:\/\/noti-america.com\/site\/principal\/wp-json\/wp\/v2\/types\/post"}],"author":[{"embeddable":true,"href":"https:\/\/noti-america.com\/site\/principal\/wp-json\/wp\/v2\/users\/133"}],"replies":[{"embeddable":true,"href":"https:\/\/noti-america.com\/site\/principal\/wp-json\/wp\/v2\/comments?post=50064"}],"version-history":[{"count":1,"href":"https:\/\/noti-america.com\/site\/principal\/wp-json\/wp\/v2\/posts\/50064\/revisions"}],"predecessor-version":[{"id":50074,"href":"https:\/\/noti-america.com\/site\/principal\/wp-json\/wp\/v2\/posts\/50064\/revisions\/50074"}],"wp:featuredmedia":[{"embeddable":true,"href":"https:\/\/noti-america.com\/site\/principal\/wp-json\/wp\/v2\/media\/50065"}],"wp:attachment":[{"href":"https:\/\/noti-america.com\/site\/principal\/wp-json\/wp\/v2\/media?parent=50064"}],"wp:term":[{"taxonomy":"category","embeddable":true,"href":"https:\/\/noti-america.com\/site\/principal\/wp-json\/wp\/v2\/categories?post=50064"},{"taxonomy":"post_tag","embeddable":true,"href":"https:\/\/noti-america.com\/site\/principal\/wp-json\/wp\/v2\/tags?post=50064"}],"curies":[{"name":"wp","href":"https:\/\/api.w.org\/{rel}","templated":true}]}}