{"id":47814,"date":"2024-06-25T12:03:30","date_gmt":"2024-06-25T16:03:30","guid":{"rendered":"https:\/\/noti-america.com\/site\/principal\/?p=47814"},"modified":"2024-06-25T12:03:30","modified_gmt":"2024-06-25T16:03:30","slug":"sonar-no-cuesta-nada-milei-regresa-considerandose-candidato-al-nobel-de-economia","status":"publish","type":"post","link":"https:\/\/noti-america.com\/site\/principal\/2024\/06\/25\/sonar-no-cuesta-nada-milei-regresa-considerandose-candidato-al-nobel-de-economia\/","title":{"rendered":"So\u00f1ar no cuesta nada: Milei regresa consider\u00e1ndose candidato al Nobel de Econom\u00eda"},"content":{"rendered":"<p>NOTI-AMERICA.COM | ARGENTINA<\/p>\n<p>No est\u00e1 claro cu\u00e1nto gobierna Javier Milei. De lo que no hay duda es que viaja m\u00e1s que cualquier otro presidente de estos \u00faltimos 40 a\u00f1os de democracia en la Argentina. Ayer, en su \u00faltima jornada en Praga, y durante el discurso de agradecimiento de un premio &#8211;ahora cuestionado&#8211; afirm\u00f3 sin sonrojarse que probablemente le den \u00abel Nobel de Econom\u00eda\u00bb junto con su jefe de asesores Demian Reidel. Claro, antes les debe salir bien el plan econ\u00f3mico que est\u00e1n aplicando y que representa uno de los ajustes m\u00e1s duros de los \u00faltimos tiempos.<\/p>\n<p>Luego de recorrer Espa\u00f1a y Alemania, Milei recal\u00f3 en la capital Checa donde mantuvo un encuentro con el primer ministro Petr Fiala. Una reuni\u00f3n que le sirvi\u00f3 para justificar que se trata de un viaje oficial. Pero lo que m\u00e1s le interesaba a Milei era el premio que le otorgaba el Instituto Liberal de Rep\u00fablica Checa. Se trataba de una condecoraci\u00f3n por haberse convertido en el referente latinoamericano del neoliberalismo, los ajustes y la progresiva anulaci\u00f3n de pol\u00edticas de Estado.<\/p>\n<p>\u201cNo hay pa\u00eds en el mundo donde no nos reconozcan nuestra tarea tit\u00e1nica en t\u00e9rminos de bajar al inflaci\u00f3n, del ajuste fiscal que estamos haciendo\u00bb, exager\u00f3 durante un breve contacto con la prensa.<\/p>\n<p>Aprovech\u00f3 ese contacto para hacer una singular interpretaci\u00f3n de su cuestionada pol\u00edtica social. En el exterior, dijo, \u201clejos de cuestionarnos la pol\u00edtica social, la ponderan porque entienden que, frente a un ajuste de este calibre, la pol\u00edtica social ha tenido que ser extremadamente buena porque, si no hubi\u00e9ramos actuado correctamente, hubiera sido una cat\u00e1strofe\u201d. Sin embargo, cuando se reuni\u00f3 con el canciller alem\u00e1n Olaf Scholz, \u00e9ste le pidi\u00f3 que proteja \u00abla cohesi\u00f3n social\u00bb.<\/p>\n<p>El ministro de Defensa, Luis Petri, que particip\u00f3 de la comitiva firm\u00f3 con su par Jana \u010cernochov\u00e1, un memor\u00e1ndum de entendimiento en materia de cooperaci\u00f3n militar que est\u00e1 en l\u00ednea con la intenci\u00f3n de Milei de integrar al pa\u00eds con la OTAN como Socio Global.<\/p>\n","protected":false},"excerpt":{"rendered":"<p>NOTI-AMERICA.COM | ARGENTINA No est\u00e1 claro cu\u00e1nto gobierna Javier Milei. De lo que no hay duda es que viaja m\u00e1s que cualquier otro presidente de estos \u00faltimos 40 a\u00f1os de democracia en la Argentina.&#46;&#46;&#46;<\/p>\n","protected":false},"author":133,"featured_media":47815,"comment_status":"","ping_status":"open","sticky":false,"template":"","format":"image","meta":{"_acf_changed":false,"rop_custom_images_group":[],"rop_custom_messages_group":[],"rop_publish_now":"initial","rop_publish_now_accounts":{"facebook_10219548024599422_1632221337088128":"","twitter_242054905_242054905":""},"rop_publish_now_history":[],"rop_publish_now_status":"pending","footnotes":""},"categories":[663],"tags":[],"class_list":["post-47814","post","type-post","status-publish","format-image","has-post-thumbnail","hentry","category-actualidad","post_format-post-format-image"],"acf":[],"yoast_head":"<!-- This site is optimized with the Yoast SEO Premium plugin v24.9 (Yoast SEO v27.2) - https:\/\/yoast.com\/product\/yoast-seo-premium-wordpress\/ -->\n<title>So\u00f1ar no cuesta nada: Milei regresa consider\u00e1ndose candidato al Nobel de Econom\u00eda - Noti-America.com<\/title>\n<meta name=\"robots\" content=\"index, follow, max-snippet:-1, max-image-preview:large, max-video-preview:-1\" \/>\n<link rel=\"canonical\" href=\"https:\/\/noti-america.com\/site\/principal\/2024\/06\/25\/sonar-no-cuesta-nada-milei-regresa-considerandose-candidato-al-nobel-de-economia\/\" \/>\n<meta property=\"og:locale\" content=\"es_ES\" \/>\n<meta property=\"og:type\" content=\"article\" \/>\n<meta property=\"og:title\" content=\"So\u00f1ar no cuesta nada: Milei regresa consider\u00e1ndose candidato al Nobel de Econom\u00eda\" \/>\n<meta property=\"og:description\" content=\"NOTI-AMERICA.COM | ARGENTINA No est\u00e1 claro cu\u00e1nto gobierna Javier Milei. De lo que no hay duda es que viaja m\u00e1s que cualquier otro presidente de estos \u00faltimos 40 a\u00f1os de democracia en la Argentina.&#046;&#046;&#046;\" \/>\n<meta property=\"og:url\" content=\"https:\/\/noti-america.com\/site\/principal\/2024\/06\/25\/sonar-no-cuesta-nada-milei-regresa-considerandose-candidato-al-nobel-de-economia\/\" \/>\n<meta property=\"og:site_name\" content=\"Noti-America.com\" \/>\n<meta property=\"article:author\" content=\"Mar\u00eda Valentina Noguera\" \/>\n<meta property=\"article:published_time\" content=\"2024-06-25T16:03:30+00:00\" \/>\n<meta property=\"og:image\" content=\"https:\/\/noti-america.com\/site\/principal\/wp-content\/uploads\/sites\/26\/2024\/06\/850015-76c6ed74-f9e2-4726-9337-c0963a320a8a_0.jpeg\" \/>\n\t<meta property=\"og:image:width\" content=\"960\" \/>\n\t<meta property=\"og:image:height\" content=\"640\" \/>\n\t<meta property=\"og:image:type\" content=\"image\/jpeg\" \/>\n<meta name=\"author\" content=\"Maria Valentina Noguera Medina\" \/>\n<meta name=\"twitter:card\" content=\"summary_large_image\" \/>\n<meta name=\"twitter:label1\" content=\"Escrito por\" \/>\n\t<meta name=\"twitter:data1\" content=\"Maria Valentina Noguera Medina\" \/>\n\t<meta name=\"twitter:label2\" content=\"Tiempo estimado de lectura\" \/>\n\t<meta name=\"twitter:data2\" content=\"2 minutos\" \/>\n<script type=\"application\/ld+json\" class=\"yoast-schema-graph\">{\"@context\":\"https:\/\/schema.org\",\"@graph\":[{\"@type\":\"Article\",\"@id\":\"https:\/\/noti-america.com\/site\/principal\/2024\/06\/25\/sonar-no-cuesta-nada-milei-regresa-considerandose-candidato-al-nobel-de-economia\/#article\",\"isPartOf\":{\"@id\":\"https:\/\/noti-america.com\/site\/principal\/2024\/06\/25\/sonar-no-cuesta-nada-milei-regresa-considerandose-candidato-al-nobel-de-economia\/\"},\"author\":{\"name\":\"Maria Valentina Noguera Medina\",\"@id\":\"https:\/\/noti-america.com\/site\/principal\/#\/schema\/person\/22806efcc2cfc4b45efb0e17be210ea8\"},\"headline\":\"So\u00f1ar no cuesta nada: Milei regresa consider\u00e1ndose candidato al Nobel de Econom\u00eda\",\"datePublished\":\"2024-06-25T16:03:30+00:00\",\"mainEntityOfPage\":{\"@id\":\"https:\/\/noti-america.com\/site\/principal\/2024\/06\/25\/sonar-no-cuesta-nada-milei-regresa-considerandose-candidato-al-nobel-de-economia\/\"},\"wordCount\":372,\"image\":{\"@id\":\"https:\/\/noti-america.com\/site\/principal\/2024\/06\/25\/sonar-no-cuesta-nada-milei-regresa-considerandose-candidato-al-nobel-de-economia\/#primaryimage\"},\"thumbnailUrl\":\"https:\/\/noti-america.com\/site\/principal\/wp-content\/uploads\/sites\/26\/2024\/06\/850015-76c6ed74-f9e2-4726-9337-c0963a320a8a_0.jpeg\",\"articleSection\":[\"Actualidad\"],\"inLanguage\":\"es\"},{\"@type\":\"WebPage\",\"@id\":\"https:\/\/noti-america.com\/site\/principal\/2024\/06\/25\/sonar-no-cuesta-nada-milei-regresa-considerandose-candidato-al-nobel-de-economia\/\",\"url\":\"https:\/\/noti-america.com\/site\/principal\/2024\/06\/25\/sonar-no-cuesta-nada-milei-regresa-considerandose-candidato-al-nobel-de-economia\/\",\"name\":\"So\u00f1ar no cuesta nada: Milei regresa consider\u00e1ndose candidato al Nobel de Econom\u00eda - Noti-America.com\",\"isPartOf\":{\"@id\":\"https:\/\/noti-america.com\/site\/principal\/#website\"},\"primaryImageOfPage\":{\"@id\":\"https:\/\/noti-america.com\/site\/principal\/2024\/06\/25\/sonar-no-cuesta-nada-milei-regresa-considerandose-candidato-al-nobel-de-economia\/#primaryimage\"},\"image\":{\"@id\":\"https:\/\/noti-america.com\/site\/principal\/2024\/06\/25\/sonar-no-cuesta-nada-milei-regresa-considerandose-candidato-al-nobel-de-economia\/#primaryimage\"},\"thumbnailUrl\":\"https:\/\/noti-america.com\/site\/principal\/wp-content\/uploads\/sites\/26\/2024\/06\/850015-76c6ed74-f9e2-4726-9337-c0963a320a8a_0.jpeg\",\"datePublished\":\"2024-06-25T16:03:30+00:00\",\"author\":{\"@id\":\"https:\/\/noti-america.com\/site\/principal\/#\/schema\/person\/22806efcc2cfc4b45efb0e17be210ea8\"},\"breadcrumb\":{\"@id\":\"https:\/\/noti-america.com\/site\/principal\/2024\/06\/25\/sonar-no-cuesta-nada-milei-regresa-considerandose-candidato-al-nobel-de-economia\/#breadcrumb\"},\"inLanguage\":\"es\",\"potentialAction\":[{\"@type\":\"ReadAction\",\"target\":[\"https:\/\/noti-america.com\/site\/principal\/2024\/06\/25\/sonar-no-cuesta-nada-milei-regresa-considerandose-candidato-al-nobel-de-economia\/\"]}]},{\"@type\":\"ImageObject\",\"inLanguage\":\"es\",\"@id\":\"https:\/\/noti-america.com\/site\/principal\/2024\/06\/25\/sonar-no-cuesta-nada-milei-regresa-considerandose-candidato-al-nobel-de-economia\/#primaryimage\",\"url\":\"https:\/\/noti-america.com\/site\/principal\/wp-content\/uploads\/sites\/26\/2024\/06\/850015-76c6ed74-f9e2-4726-9337-c0963a320a8a_0.jpeg\",\"contentUrl\":\"https:\/\/noti-america.com\/site\/principal\/wp-content\/uploads\/sites\/26\/2024\/06\/850015-76c6ed74-f9e2-4726-9337-c0963a320a8a_0.jpeg\",\"width\":960,\"height\":640},{\"@type\":\"BreadcrumbList\",\"@id\":\"https:\/\/noti-america.com\/site\/principal\/2024\/06\/25\/sonar-no-cuesta-nada-milei-regresa-considerandose-candidato-al-nobel-de-economia\/#breadcrumb\",\"itemListElement\":[{\"@type\":\"ListItem\",\"position\":1,\"name\":\"Portada\",\"item\":\"https:\/\/noti-america.com\/site\/principal\/\"},{\"@type\":\"ListItem\",\"position\":2,\"name\":\"So\u00f1ar no cuesta nada: Milei regresa consider\u00e1ndose candidato al Nobel de Econom\u00eda\"}]},{\"@type\":\"WebSite\",\"@id\":\"https:\/\/noti-america.com\/site\/principal\/#website\",\"url\":\"https:\/\/noti-america.com\/site\/principal\/\",\"name\":\"Noti-America.com\",\"description\":\"El Noticiero Digital M\u00e1s Grande de Am\u00e9rica\",\"potentialAction\":[{\"@type\":\"SearchAction\",\"target\":{\"@type\":\"EntryPoint\",\"urlTemplate\":\"https:\/\/noti-america.com\/site\/principal\/?s={search_term_string}\"},\"query-input\":{\"@type\":\"PropertyValueSpecification\",\"valueRequired\":true,\"valueName\":\"search_term_string\"}}],\"inLanguage\":\"es\"},{\"@type\":\"Person\",\"@id\":\"https:\/\/noti-america.com\/site\/principal\/#\/schema\/person\/22806efcc2cfc4b45efb0e17be210ea8\",\"name\":\"Maria Valentina Noguera Medina\",\"image\":{\"@type\":\"ImageObject\",\"inLanguage\":\"es\",\"@id\":\"https:\/\/secure.gravatar.com\/avatar\/4ec5eb9d099f2608a49c9df6f7341f66f04f819cdffa09d56a7a0e91d2819d56?s=96&d=mm&r=g\",\"url\":\"https:\/\/secure.gravatar.com\/avatar\/4ec5eb9d099f2608a49c9df6f7341f66f04f819cdffa09d56a7a0e91d2819d56?s=96&d=mm&r=g\",\"contentUrl\":\"https:\/\/secure.gravatar.com\/avatar\/4ec5eb9d099f2608a49c9df6f7341f66f04f819cdffa09d56a7a0e91d2819d56?s=96&d=mm&r=g\",\"caption\":\"Maria Valentina Noguera Medina\"},\"description\":\"Periodista - noti-america - Promar Community Manager - Talento Plus Dise\u00f1adora\/ creadora de contenido...\",\"sameAs\":[\"Mar\u00eda Valentina Noguera\",\"https:\/\/www.facebook.com\/mariavalentina.noguera\",\"https:\/\/www.linkedin.com\/in\/mara-valentina-noguera-medina-373075165\/\",\"https:\/\/www.pinterest.es\/valentinanoguera95\/\",\"https:\/\/www.youtube.com\/channel\/UCdek6mbUZ-Tqqw0I63i4nmQ\"],\"url\":\"https:\/\/noti-america.com\/site\/principal\/author\/mnoguera\/\"}]}<\/script>\n<!-- \/ Yoast SEO Premium plugin. -->","yoast_head_json":{"title":"So\u00f1ar no cuesta nada: Milei regresa consider\u00e1ndose candidato al Nobel de Econom\u00eda - Noti-America.com","robots":{"index":"index","follow":"follow","max-snippet":"max-snippet:-1","max-image-preview":"max-image-preview:large","max-video-preview":"max-video-preview:-1"},"canonical":"https:\/\/noti-america.com\/site\/principal\/2024\/06\/25\/sonar-no-cuesta-nada-milei-regresa-considerandose-candidato-al-nobel-de-economia\/","og_locale":"es_ES","og_type":"article","og_title":"So\u00f1ar no cuesta nada: Milei regresa consider\u00e1ndose candidato al Nobel de Econom\u00eda","og_description":"NOTI-AMERICA.COM | ARGENTINA No est\u00e1 claro cu\u00e1nto gobierna Javier Milei. De lo que no hay duda es que viaja m\u00e1s que cualquier otro presidente de estos \u00faltimos 40 a\u00f1os de democracia en la Argentina.&#46;&#46;&#46;","og_url":"https:\/\/noti-america.com\/site\/principal\/2024\/06\/25\/sonar-no-cuesta-nada-milei-regresa-considerandose-candidato-al-nobel-de-economia\/","og_site_name":"Noti-America.com","article_author":"Mar\u00eda Valentina Noguera","article_published_time":"2024-06-25T16:03:30+00:00","og_image":[{"width":960,"height":640,"url":"https:\/\/noti-america.com\/site\/principal\/wp-content\/uploads\/sites\/26\/2024\/06\/850015-76c6ed74-f9e2-4726-9337-c0963a320a8a_0.jpeg","type":"image\/jpeg"}],"author":"Maria Valentina Noguera Medina","twitter_card":"summary_large_image","twitter_misc":{"Escrito por":"Maria Valentina Noguera Medina","Tiempo estimado de lectura":"2 minutos"},"schema":{"@context":"https:\/\/schema.org","@graph":[{"@type":"Article","@id":"https:\/\/noti-america.com\/site\/principal\/2024\/06\/25\/sonar-no-cuesta-nada-milei-regresa-considerandose-candidato-al-nobel-de-economia\/#article","isPartOf":{"@id":"https:\/\/noti-america.com\/site\/principal\/2024\/06\/25\/sonar-no-cuesta-nada-milei-regresa-considerandose-candidato-al-nobel-de-economia\/"},"author":{"name":"Maria Valentina Noguera Medina","@id":"https:\/\/noti-america.com\/site\/principal\/#\/schema\/person\/22806efcc2cfc4b45efb0e17be210ea8"},"headline":"So\u00f1ar no cuesta nada: Milei regresa consider\u00e1ndose candidato al Nobel de Econom\u00eda","datePublished":"2024-06-25T16:03:30+00:00","mainEntityOfPage":{"@id":"https:\/\/noti-america.com\/site\/principal\/2024\/06\/25\/sonar-no-cuesta-nada-milei-regresa-considerandose-candidato-al-nobel-de-economia\/"},"wordCount":372,"image":{"@id":"https:\/\/noti-america.com\/site\/principal\/2024\/06\/25\/sonar-no-cuesta-nada-milei-regresa-considerandose-candidato-al-nobel-de-economia\/#primaryimage"},"thumbnailUrl":"https:\/\/noti-america.com\/site\/principal\/wp-content\/uploads\/sites\/26\/2024\/06\/850015-76c6ed74-f9e2-4726-9337-c0963a320a8a_0.jpeg","articleSection":["Actualidad"],"inLanguage":"es"},{"@type":"WebPage","@id":"https:\/\/noti-america.com\/site\/principal\/2024\/06\/25\/sonar-no-cuesta-nada-milei-regresa-considerandose-candidato-al-nobel-de-economia\/","url":"https:\/\/noti-america.com\/site\/principal\/2024\/06\/25\/sonar-no-cuesta-nada-milei-regresa-considerandose-candidato-al-nobel-de-economia\/","name":"So\u00f1ar no cuesta nada: Milei regresa consider\u00e1ndose candidato al Nobel de Econom\u00eda - Noti-America.com","isPartOf":{"@id":"https:\/\/noti-america.com\/site\/principal\/#website"},"primaryImageOfPage":{"@id":"https:\/\/noti-america.com\/site\/principal\/2024\/06\/25\/sonar-no-cuesta-nada-milei-regresa-considerandose-candidato-al-nobel-de-economia\/#primaryimage"},"image":{"@id":"https:\/\/noti-america.com\/site\/principal\/2024\/06\/25\/sonar-no-cuesta-nada-milei-regresa-considerandose-candidato-al-nobel-de-economia\/#primaryimage"},"thumbnailUrl":"https:\/\/noti-america.com\/site\/principal\/wp-content\/uploads\/sites\/26\/2024\/06\/850015-76c6ed74-f9e2-4726-9337-c0963a320a8a_0.jpeg","datePublished":"2024-06-25T16:03:30+00:00","author":{"@id":"https:\/\/noti-america.com\/site\/principal\/#\/schema\/person\/22806efcc2cfc4b45efb0e17be210ea8"},"breadcrumb":{"@id":"https:\/\/noti-america.com\/site\/principal\/2024\/06\/25\/sonar-no-cuesta-nada-milei-regresa-considerandose-candidato-al-nobel-de-economia\/#breadcrumb"},"inLanguage":"es","potentialAction":[{"@type":"ReadAction","target":["https:\/\/noti-america.com\/site\/principal\/2024\/06\/25\/sonar-no-cuesta-nada-milei-regresa-considerandose-candidato-al-nobel-de-economia\/"]}]},{"@type":"ImageObject","inLanguage":"es","@id":"https:\/\/noti-america.com\/site\/principal\/2024\/06\/25\/sonar-no-cuesta-nada-milei-regresa-considerandose-candidato-al-nobel-de-economia\/#primaryimage","url":"https:\/\/noti-america.com\/site\/principal\/wp-content\/uploads\/sites\/26\/2024\/06\/850015-76c6ed74-f9e2-4726-9337-c0963a320a8a_0.jpeg","contentUrl":"https:\/\/noti-america.com\/site\/principal\/wp-content\/uploads\/sites\/26\/2024\/06\/850015-76c6ed74-f9e2-4726-9337-c0963a320a8a_0.jpeg","width":960,"height":640},{"@type":"BreadcrumbList","@id":"https:\/\/noti-america.com\/site\/principal\/2024\/06\/25\/sonar-no-cuesta-nada-milei-regresa-considerandose-candidato-al-nobel-de-economia\/#breadcrumb","itemListElement":[{"@type":"ListItem","position":1,"name":"Portada","item":"https:\/\/noti-america.com\/site\/principal\/"},{"@type":"ListItem","position":2,"name":"So\u00f1ar no cuesta nada: Milei regresa consider\u00e1ndose candidato al Nobel de Econom\u00eda"}]},{"@type":"WebSite","@id":"https:\/\/noti-america.com\/site\/principal\/#website","url":"https:\/\/noti-america.com\/site\/principal\/","name":"Noti-America.com","description":"El Noticiero Digital M\u00e1s Grande de Am\u00e9rica","potentialAction":[{"@type":"SearchAction","target":{"@type":"EntryPoint","urlTemplate":"https:\/\/noti-america.com\/site\/principal\/?s={search_term_string}"},"query-input":{"@type":"PropertyValueSpecification","valueRequired":true,"valueName":"search_term_string"}}],"inLanguage":"es"},{"@type":"Person","@id":"https:\/\/noti-america.com\/site\/principal\/#\/schema\/person\/22806efcc2cfc4b45efb0e17be210ea8","name":"Maria Valentina Noguera Medina","image":{"@type":"ImageObject","inLanguage":"es","@id":"https:\/\/secure.gravatar.com\/avatar\/4ec5eb9d099f2608a49c9df6f7341f66f04f819cdffa09d56a7a0e91d2819d56?s=96&d=mm&r=g","url":"https:\/\/secure.gravatar.com\/avatar\/4ec5eb9d099f2608a49c9df6f7341f66f04f819cdffa09d56a7a0e91d2819d56?s=96&d=mm&r=g","contentUrl":"https:\/\/secure.gravatar.com\/avatar\/4ec5eb9d099f2608a49c9df6f7341f66f04f819cdffa09d56a7a0e91d2819d56?s=96&d=mm&r=g","caption":"Maria Valentina Noguera Medina"},"description":"Periodista - noti-america - Promar Community Manager - Talento Plus Dise\u00f1adora\/ creadora de contenido...","sameAs":["Mar\u00eda Valentina Noguera","https:\/\/www.facebook.com\/mariavalentina.noguera","https:\/\/www.linkedin.com\/in\/mara-valentina-noguera-medina-373075165\/","https:\/\/www.pinterest.es\/valentinanoguera95\/","https:\/\/www.youtube.com\/channel\/UCdek6mbUZ-Tqqw0I63i4nmQ"],"url":"https:\/\/noti-america.com\/site\/principal\/author\/mnoguera\/"}]}},"_links":{"self":[{"href":"https:\/\/noti-america.com\/site\/principal\/wp-json\/wp\/v2\/posts\/47814","targetHints":{"allow":["GET"]}}],"collection":[{"href":"https:\/\/noti-america.com\/site\/principal\/wp-json\/wp\/v2\/posts"}],"about":[{"href":"https:\/\/noti-america.com\/site\/principal\/wp-json\/wp\/v2\/types\/post"}],"author":[{"embeddable":true,"href":"https:\/\/noti-america.com\/site\/principal\/wp-json\/wp\/v2\/users\/133"}],"replies":[{"embeddable":true,"href":"https:\/\/noti-america.com\/site\/principal\/wp-json\/wp\/v2\/comments?post=47814"}],"version-history":[{"count":1,"href":"https:\/\/noti-america.com\/site\/principal\/wp-json\/wp\/v2\/posts\/47814\/revisions"}],"predecessor-version":[{"id":47833,"href":"https:\/\/noti-america.com\/site\/principal\/wp-json\/wp\/v2\/posts\/47814\/revisions\/47833"}],"wp:featuredmedia":[{"embeddable":true,"href":"https:\/\/noti-america.com\/site\/principal\/wp-json\/wp\/v2\/media\/47815"}],"wp:attachment":[{"href":"https:\/\/noti-america.com\/site\/principal\/wp-json\/wp\/v2\/media?parent=47814"}],"wp:term":[{"taxonomy":"category","embeddable":true,"href":"https:\/\/noti-america.com\/site\/principal\/wp-json\/wp\/v2\/categories?post=47814"},{"taxonomy":"post_tag","embeddable":true,"href":"https:\/\/noti-america.com\/site\/principal\/wp-json\/wp\/v2\/tags?post=47814"}],"curies":[{"name":"wp","href":"https:\/\/api.w.org\/{rel}","templated":true}]}}