{"id":47653,"date":"2024-06-22T15:06:22","date_gmt":"2024-06-22T19:06:22","guid":{"rendered":"https:\/\/noti-america.com\/site\/principal\/?p=47653"},"modified":"2024-06-22T15:06:22","modified_gmt":"2024-06-22T19:06:22","slug":"shakira-se-presentara-en-el-cierre-de-la-copa-america-2024","status":"publish","type":"post","link":"https:\/\/noti-america.com\/site\/principal\/2024\/06\/22\/shakira-se-presentara-en-el-cierre-de-la-copa-america-2024\/","title":{"rendered":"Shakira se presentar\u00e1 en el cierre de la Copa Am\u00e9rica 2024"},"content":{"rendered":"<p><span style=\"color: #33cccc\"><strong>NOTI-AMERICA.COM | ARGENTINA<\/strong><\/span><\/p>\n<p style=\"text-align: justify\"><span style=\"color: #000000\">Confirman por medio del equipo musical de Shakira, que la artista colombiana encabezar\u00e1 el show principal de cierre de la Copa Am\u00e9rica 2024, que tendr\u00e1 lugar Hard Rock Stadium de Miami el pr\u00f3ximo 14 de julio.<\/span><\/p>\n<p style=\"text-align: justify\"><span style=\"color: #000000\">Puesto a que la colombiana es la int\u00e9rprete del himno de esta edici\u00f3n de la Copa Am\u00e9rica, titulado \u00abPunter\u00eda\u00bb, se esperaba que estuviera en la ceremonia de apertura que se llev\u00f3 a cabo en Atlanta el d\u00eda de ayer, pero en su lugar, fue el reggaetonero Feid el encargado del show que dio inicio a la tan esperada temporada deportiva.<\/span><\/p>\n<p style=\"text-align: justify\"><span style=\"color: #000000\">El artista tambi\u00e9n conocido como el \u00abFerxxo\u00bb, tuvo una presentaci\u00f3n de 4 minutos en los que cant\u00f3 su tema \u00abLuna\u00bb, que tiene con el estadounidense ATL Jacob pero que esta vez interpret\u00f3 solo, con una puesta en escena llena del color verde que lo caracteriza.<\/span><\/p>\n<p style=\"text-align: justify\"><span style=\"color: #000000\">Dicha presentaci\u00f3n, estuvo fuertemente criticada y tachada de \u00abpobre\u00bb ante usuarios de X (antes Twitter), tanto por las fallas t\u00e9cnicas como por la falta de esfuerzo escenogr\u00e1fico, evidenciado por los aficionados del f\u00fatbol y los mismos fans de Feid que no dudaron en viralizar el momento con burlas y memes al respecto.<\/span><\/p>\n<p style=\"text-align: justify\"><span style=\"color: #000000\">La presentaci\u00f3n de Shakira es tan esperada por su costumbre de tener shows en eventos deportivos, espec\u00edficamente de f\u00fatbol, y que adem\u00e1s estos se vuelvan hist\u00f3ricos. Como en la clausura del Mundial de Alemania 2006 con \u00abHips Don\u2019t Lie\u00bb, la inauguraci\u00f3n del Mundial de Sud\u00e1frica 2010, para el cual realiz\u00f3 el tema oficial titulado \u00abWaka Waka\u00bb, al igual que en el Mundial Brasil 2014 con \u00abLa la la\u00bb y la ic\u00f3nica presentaci\u00f3n del show de medio tiempo que comparti\u00f3 junto a Jennifer L\u00f3pez en 2020.<\/span><\/p>\n","protected":false},"excerpt":{"rendered":"<p>NOTI-AMERICA.COM | ARGENTINA Confirman por medio del equipo musical de Shakira, que la artista colombiana encabezar\u00e1 el show principal de cierre de la Copa Am\u00e9rica 2024, que tendr\u00e1 lugar Hard Rock Stadium de Miami&#46;&#46;&#46;<\/p>\n","protected":false},"author":133,"featured_media":47654,"comment_status":"","ping_status":"open","sticky":false,"template":"","format":"image","meta":{"_acf_changed":false,"rop_custom_images_group":[],"rop_custom_messages_group":[],"rop_publish_now":"initial","rop_publish_now_accounts":{"facebook_10219548024599422_1632221337088128":"","twitter_242054905_242054905":""},"rop_publish_now_history":[],"rop_publish_now_status":"pending","footnotes":""},"categories":[663],"tags":[],"class_list":["post-47653","post","type-post","status-publish","format-image","has-post-thumbnail","hentry","category-actualidad","post_format-post-format-image"],"acf":[],"yoast_head":"<!-- This site is optimized with the Yoast SEO Premium plugin v24.9 (Yoast SEO v27.2) - https:\/\/yoast.com\/product\/yoast-seo-premium-wordpress\/ -->\n<title>Shakira se presentar\u00e1 en el cierre de la Copa Am\u00e9rica 2024 - Noti-America.com<\/title>\n<meta name=\"robots\" content=\"index, follow, max-snippet:-1, max-image-preview:large, max-video-preview:-1\" \/>\n<link rel=\"canonical\" href=\"https:\/\/noti-america.com\/site\/principal\/2024\/06\/22\/shakira-se-presentara-en-el-cierre-de-la-copa-america-2024\/\" \/>\n<meta property=\"og:locale\" content=\"es_ES\" \/>\n<meta property=\"og:type\" content=\"article\" \/>\n<meta property=\"og:title\" content=\"Shakira se presentar\u00e1 en el cierre de la Copa Am\u00e9rica 2024\" \/>\n<meta property=\"og:description\" content=\"NOTI-AMERICA.COM | ARGENTINA Confirman por medio del equipo musical de Shakira, que la artista colombiana encabezar\u00e1 el show principal de cierre de la Copa Am\u00e9rica 2024, que tendr\u00e1 lugar Hard Rock Stadium de Miami&#046;&#046;&#046;\" \/>\n<meta property=\"og:url\" content=\"https:\/\/noti-america.com\/site\/principal\/2024\/06\/22\/shakira-se-presentara-en-el-cierre-de-la-copa-america-2024\/\" \/>\n<meta property=\"og:site_name\" content=\"Noti-America.com\" \/>\n<meta property=\"article:author\" content=\"Mar\u00eda Valentina Noguera\" \/>\n<meta property=\"article:published_time\" content=\"2024-06-22T19:06:22+00:00\" \/>\n<meta property=\"og:image\" content=\"https:\/\/noti-america.com\/site\/principal\/wp-content\/uploads\/sites\/26\/2024\/06\/Shakira-1.jpg\" \/>\n\t<meta property=\"og:image:width\" content=\"700\" \/>\n\t<meta property=\"og:image:height\" content=\"352\" \/>\n\t<meta property=\"og:image:type\" content=\"image\/jpeg\" \/>\n<meta name=\"author\" content=\"Maria Valentina Noguera Medina\" \/>\n<meta name=\"twitter:card\" content=\"summary_large_image\" \/>\n<meta name=\"twitter:label1\" content=\"Escrito por\" \/>\n\t<meta name=\"twitter:data1\" content=\"Maria Valentina Noguera Medina\" \/>\n\t<meta name=\"twitter:label2\" content=\"Tiempo estimado de lectura\" \/>\n\t<meta name=\"twitter:data2\" content=\"1 minuto\" \/>\n<script type=\"application\/ld+json\" class=\"yoast-schema-graph\">{\"@context\":\"https:\/\/schema.org\",\"@graph\":[{\"@type\":\"Article\",\"@id\":\"https:\/\/noti-america.com\/site\/principal\/2024\/06\/22\/shakira-se-presentara-en-el-cierre-de-la-copa-america-2024\/#article\",\"isPartOf\":{\"@id\":\"https:\/\/noti-america.com\/site\/principal\/2024\/06\/22\/shakira-se-presentara-en-el-cierre-de-la-copa-america-2024\/\"},\"author\":{\"name\":\"Maria Valentina Noguera Medina\",\"@id\":\"https:\/\/noti-america.com\/site\/principal\/#\/schema\/person\/22806efcc2cfc4b45efb0e17be210ea8\"},\"headline\":\"Shakira se presentar\u00e1 en el cierre de la Copa Am\u00e9rica 2024\",\"datePublished\":\"2024-06-22T19:06:22+00:00\",\"mainEntityOfPage\":{\"@id\":\"https:\/\/noti-america.com\/site\/principal\/2024\/06\/22\/shakira-se-presentara-en-el-cierre-de-la-copa-america-2024\/\"},\"wordCount\":309,\"image\":{\"@id\":\"https:\/\/noti-america.com\/site\/principal\/2024\/06\/22\/shakira-se-presentara-en-el-cierre-de-la-copa-america-2024\/#primaryimage\"},\"thumbnailUrl\":\"https:\/\/noti-america.com\/site\/principal\/wp-content\/uploads\/sites\/26\/2024\/06\/Shakira-1.jpg\",\"articleSection\":[\"Actualidad\"],\"inLanguage\":\"es\"},{\"@type\":\"WebPage\",\"@id\":\"https:\/\/noti-america.com\/site\/principal\/2024\/06\/22\/shakira-se-presentara-en-el-cierre-de-la-copa-america-2024\/\",\"url\":\"https:\/\/noti-america.com\/site\/principal\/2024\/06\/22\/shakira-se-presentara-en-el-cierre-de-la-copa-america-2024\/\",\"name\":\"Shakira se presentar\u00e1 en el cierre de la Copa Am\u00e9rica 2024 - Noti-America.com\",\"isPartOf\":{\"@id\":\"https:\/\/noti-america.com\/site\/principal\/#website\"},\"primaryImageOfPage\":{\"@id\":\"https:\/\/noti-america.com\/site\/principal\/2024\/06\/22\/shakira-se-presentara-en-el-cierre-de-la-copa-america-2024\/#primaryimage\"},\"image\":{\"@id\":\"https:\/\/noti-america.com\/site\/principal\/2024\/06\/22\/shakira-se-presentara-en-el-cierre-de-la-copa-america-2024\/#primaryimage\"},\"thumbnailUrl\":\"https:\/\/noti-america.com\/site\/principal\/wp-content\/uploads\/sites\/26\/2024\/06\/Shakira-1.jpg\",\"datePublished\":\"2024-06-22T19:06:22+00:00\",\"author\":{\"@id\":\"https:\/\/noti-america.com\/site\/principal\/#\/schema\/person\/22806efcc2cfc4b45efb0e17be210ea8\"},\"breadcrumb\":{\"@id\":\"https:\/\/noti-america.com\/site\/principal\/2024\/06\/22\/shakira-se-presentara-en-el-cierre-de-la-copa-america-2024\/#breadcrumb\"},\"inLanguage\":\"es\",\"potentialAction\":[{\"@type\":\"ReadAction\",\"target\":[\"https:\/\/noti-america.com\/site\/principal\/2024\/06\/22\/shakira-se-presentara-en-el-cierre-de-la-copa-america-2024\/\"]}]},{\"@type\":\"ImageObject\",\"inLanguage\":\"es\",\"@id\":\"https:\/\/noti-america.com\/site\/principal\/2024\/06\/22\/shakira-se-presentara-en-el-cierre-de-la-copa-america-2024\/#primaryimage\",\"url\":\"https:\/\/noti-america.com\/site\/principal\/wp-content\/uploads\/sites\/26\/2024\/06\/Shakira-1.jpg\",\"contentUrl\":\"https:\/\/noti-america.com\/site\/principal\/wp-content\/uploads\/sites\/26\/2024\/06\/Shakira-1.jpg\",\"width\":700,\"height\":352},{\"@type\":\"BreadcrumbList\",\"@id\":\"https:\/\/noti-america.com\/site\/principal\/2024\/06\/22\/shakira-se-presentara-en-el-cierre-de-la-copa-america-2024\/#breadcrumb\",\"itemListElement\":[{\"@type\":\"ListItem\",\"position\":1,\"name\":\"Portada\",\"item\":\"https:\/\/noti-america.com\/site\/principal\/\"},{\"@type\":\"ListItem\",\"position\":2,\"name\":\"Shakira se presentar\u00e1 en el cierre de la Copa Am\u00e9rica 2024\"}]},{\"@type\":\"WebSite\",\"@id\":\"https:\/\/noti-america.com\/site\/principal\/#website\",\"url\":\"https:\/\/noti-america.com\/site\/principal\/\",\"name\":\"Noti-America.com\",\"description\":\"El Noticiero Digital M\u00e1s Grande de Am\u00e9rica\",\"potentialAction\":[{\"@type\":\"SearchAction\",\"target\":{\"@type\":\"EntryPoint\",\"urlTemplate\":\"https:\/\/noti-america.com\/site\/principal\/?s={search_term_string}\"},\"query-input\":{\"@type\":\"PropertyValueSpecification\",\"valueRequired\":true,\"valueName\":\"search_term_string\"}}],\"inLanguage\":\"es\"},{\"@type\":\"Person\",\"@id\":\"https:\/\/noti-america.com\/site\/principal\/#\/schema\/person\/22806efcc2cfc4b45efb0e17be210ea8\",\"name\":\"Maria Valentina Noguera Medina\",\"image\":{\"@type\":\"ImageObject\",\"inLanguage\":\"es\",\"@id\":\"https:\/\/secure.gravatar.com\/avatar\/4ec5eb9d099f2608a49c9df6f7341f66f04f819cdffa09d56a7a0e91d2819d56?s=96&d=mm&r=g\",\"url\":\"https:\/\/secure.gravatar.com\/avatar\/4ec5eb9d099f2608a49c9df6f7341f66f04f819cdffa09d56a7a0e91d2819d56?s=96&d=mm&r=g\",\"contentUrl\":\"https:\/\/secure.gravatar.com\/avatar\/4ec5eb9d099f2608a49c9df6f7341f66f04f819cdffa09d56a7a0e91d2819d56?s=96&d=mm&r=g\",\"caption\":\"Maria Valentina Noguera Medina\"},\"description\":\"Periodista - noti-america - Promar Community Manager - Talento Plus Dise\u00f1adora\/ creadora de contenido...\",\"sameAs\":[\"Mar\u00eda Valentina Noguera\",\"https:\/\/www.facebook.com\/mariavalentina.noguera\",\"https:\/\/www.linkedin.com\/in\/mara-valentina-noguera-medina-373075165\/\",\"https:\/\/www.pinterest.es\/valentinanoguera95\/\",\"https:\/\/www.youtube.com\/channel\/UCdek6mbUZ-Tqqw0I63i4nmQ\"],\"url\":\"https:\/\/noti-america.com\/site\/principal\/author\/mnoguera\/\"}]}<\/script>\n<!-- \/ Yoast SEO Premium plugin. -->","yoast_head_json":{"title":"Shakira se presentar\u00e1 en el cierre de la Copa Am\u00e9rica 2024 - Noti-America.com","robots":{"index":"index","follow":"follow","max-snippet":"max-snippet:-1","max-image-preview":"max-image-preview:large","max-video-preview":"max-video-preview:-1"},"canonical":"https:\/\/noti-america.com\/site\/principal\/2024\/06\/22\/shakira-se-presentara-en-el-cierre-de-la-copa-america-2024\/","og_locale":"es_ES","og_type":"article","og_title":"Shakira se presentar\u00e1 en el cierre de la Copa Am\u00e9rica 2024","og_description":"NOTI-AMERICA.COM | ARGENTINA Confirman por medio del equipo musical de Shakira, que la artista colombiana encabezar\u00e1 el show principal de cierre de la Copa Am\u00e9rica 2024, que tendr\u00e1 lugar Hard Rock Stadium de Miami&#46;&#46;&#46;","og_url":"https:\/\/noti-america.com\/site\/principal\/2024\/06\/22\/shakira-se-presentara-en-el-cierre-de-la-copa-america-2024\/","og_site_name":"Noti-America.com","article_author":"Mar\u00eda Valentina Noguera","article_published_time":"2024-06-22T19:06:22+00:00","og_image":[{"width":700,"height":352,"url":"https:\/\/noti-america.com\/site\/principal\/wp-content\/uploads\/sites\/26\/2024\/06\/Shakira-1.jpg","type":"image\/jpeg"}],"author":"Maria Valentina Noguera Medina","twitter_card":"summary_large_image","twitter_misc":{"Escrito por":"Maria Valentina Noguera Medina","Tiempo estimado de lectura":"1 minuto"},"schema":{"@context":"https:\/\/schema.org","@graph":[{"@type":"Article","@id":"https:\/\/noti-america.com\/site\/principal\/2024\/06\/22\/shakira-se-presentara-en-el-cierre-de-la-copa-america-2024\/#article","isPartOf":{"@id":"https:\/\/noti-america.com\/site\/principal\/2024\/06\/22\/shakira-se-presentara-en-el-cierre-de-la-copa-america-2024\/"},"author":{"name":"Maria Valentina Noguera Medina","@id":"https:\/\/noti-america.com\/site\/principal\/#\/schema\/person\/22806efcc2cfc4b45efb0e17be210ea8"},"headline":"Shakira se presentar\u00e1 en el cierre de la Copa Am\u00e9rica 2024","datePublished":"2024-06-22T19:06:22+00:00","mainEntityOfPage":{"@id":"https:\/\/noti-america.com\/site\/principal\/2024\/06\/22\/shakira-se-presentara-en-el-cierre-de-la-copa-america-2024\/"},"wordCount":309,"image":{"@id":"https:\/\/noti-america.com\/site\/principal\/2024\/06\/22\/shakira-se-presentara-en-el-cierre-de-la-copa-america-2024\/#primaryimage"},"thumbnailUrl":"https:\/\/noti-america.com\/site\/principal\/wp-content\/uploads\/sites\/26\/2024\/06\/Shakira-1.jpg","articleSection":["Actualidad"],"inLanguage":"es"},{"@type":"WebPage","@id":"https:\/\/noti-america.com\/site\/principal\/2024\/06\/22\/shakira-se-presentara-en-el-cierre-de-la-copa-america-2024\/","url":"https:\/\/noti-america.com\/site\/principal\/2024\/06\/22\/shakira-se-presentara-en-el-cierre-de-la-copa-america-2024\/","name":"Shakira se presentar\u00e1 en el cierre de la Copa Am\u00e9rica 2024 - Noti-America.com","isPartOf":{"@id":"https:\/\/noti-america.com\/site\/principal\/#website"},"primaryImageOfPage":{"@id":"https:\/\/noti-america.com\/site\/principal\/2024\/06\/22\/shakira-se-presentara-en-el-cierre-de-la-copa-america-2024\/#primaryimage"},"image":{"@id":"https:\/\/noti-america.com\/site\/principal\/2024\/06\/22\/shakira-se-presentara-en-el-cierre-de-la-copa-america-2024\/#primaryimage"},"thumbnailUrl":"https:\/\/noti-america.com\/site\/principal\/wp-content\/uploads\/sites\/26\/2024\/06\/Shakira-1.jpg","datePublished":"2024-06-22T19:06:22+00:00","author":{"@id":"https:\/\/noti-america.com\/site\/principal\/#\/schema\/person\/22806efcc2cfc4b45efb0e17be210ea8"},"breadcrumb":{"@id":"https:\/\/noti-america.com\/site\/principal\/2024\/06\/22\/shakira-se-presentara-en-el-cierre-de-la-copa-america-2024\/#breadcrumb"},"inLanguage":"es","potentialAction":[{"@type":"ReadAction","target":["https:\/\/noti-america.com\/site\/principal\/2024\/06\/22\/shakira-se-presentara-en-el-cierre-de-la-copa-america-2024\/"]}]},{"@type":"ImageObject","inLanguage":"es","@id":"https:\/\/noti-america.com\/site\/principal\/2024\/06\/22\/shakira-se-presentara-en-el-cierre-de-la-copa-america-2024\/#primaryimage","url":"https:\/\/noti-america.com\/site\/principal\/wp-content\/uploads\/sites\/26\/2024\/06\/Shakira-1.jpg","contentUrl":"https:\/\/noti-america.com\/site\/principal\/wp-content\/uploads\/sites\/26\/2024\/06\/Shakira-1.jpg","width":700,"height":352},{"@type":"BreadcrumbList","@id":"https:\/\/noti-america.com\/site\/principal\/2024\/06\/22\/shakira-se-presentara-en-el-cierre-de-la-copa-america-2024\/#breadcrumb","itemListElement":[{"@type":"ListItem","position":1,"name":"Portada","item":"https:\/\/noti-america.com\/site\/principal\/"},{"@type":"ListItem","position":2,"name":"Shakira se presentar\u00e1 en el cierre de la Copa Am\u00e9rica 2024"}]},{"@type":"WebSite","@id":"https:\/\/noti-america.com\/site\/principal\/#website","url":"https:\/\/noti-america.com\/site\/principal\/","name":"Noti-America.com","description":"El Noticiero Digital M\u00e1s Grande de Am\u00e9rica","potentialAction":[{"@type":"SearchAction","target":{"@type":"EntryPoint","urlTemplate":"https:\/\/noti-america.com\/site\/principal\/?s={search_term_string}"},"query-input":{"@type":"PropertyValueSpecification","valueRequired":true,"valueName":"search_term_string"}}],"inLanguage":"es"},{"@type":"Person","@id":"https:\/\/noti-america.com\/site\/principal\/#\/schema\/person\/22806efcc2cfc4b45efb0e17be210ea8","name":"Maria Valentina Noguera Medina","image":{"@type":"ImageObject","inLanguage":"es","@id":"https:\/\/secure.gravatar.com\/avatar\/4ec5eb9d099f2608a49c9df6f7341f66f04f819cdffa09d56a7a0e91d2819d56?s=96&d=mm&r=g","url":"https:\/\/secure.gravatar.com\/avatar\/4ec5eb9d099f2608a49c9df6f7341f66f04f819cdffa09d56a7a0e91d2819d56?s=96&d=mm&r=g","contentUrl":"https:\/\/secure.gravatar.com\/avatar\/4ec5eb9d099f2608a49c9df6f7341f66f04f819cdffa09d56a7a0e91d2819d56?s=96&d=mm&r=g","caption":"Maria Valentina Noguera Medina"},"description":"Periodista - noti-america - Promar Community Manager - Talento Plus Dise\u00f1adora\/ creadora de contenido...","sameAs":["Mar\u00eda Valentina Noguera","https:\/\/www.facebook.com\/mariavalentina.noguera","https:\/\/www.linkedin.com\/in\/mara-valentina-noguera-medina-373075165\/","https:\/\/www.pinterest.es\/valentinanoguera95\/","https:\/\/www.youtube.com\/channel\/UCdek6mbUZ-Tqqw0I63i4nmQ"],"url":"https:\/\/noti-america.com\/site\/principal\/author\/mnoguera\/"}]}},"_links":{"self":[{"href":"https:\/\/noti-america.com\/site\/principal\/wp-json\/wp\/v2\/posts\/47653","targetHints":{"allow":["GET"]}}],"collection":[{"href":"https:\/\/noti-america.com\/site\/principal\/wp-json\/wp\/v2\/posts"}],"about":[{"href":"https:\/\/noti-america.com\/site\/principal\/wp-json\/wp\/v2\/types\/post"}],"author":[{"embeddable":true,"href":"https:\/\/noti-america.com\/site\/principal\/wp-json\/wp\/v2\/users\/133"}],"replies":[{"embeddable":true,"href":"https:\/\/noti-america.com\/site\/principal\/wp-json\/wp\/v2\/comments?post=47653"}],"version-history":[{"count":1,"href":"https:\/\/noti-america.com\/site\/principal\/wp-json\/wp\/v2\/posts\/47653\/revisions"}],"predecessor-version":[{"id":47658,"href":"https:\/\/noti-america.com\/site\/principal\/wp-json\/wp\/v2\/posts\/47653\/revisions\/47658"}],"wp:featuredmedia":[{"embeddable":true,"href":"https:\/\/noti-america.com\/site\/principal\/wp-json\/wp\/v2\/media\/47654"}],"wp:attachment":[{"href":"https:\/\/noti-america.com\/site\/principal\/wp-json\/wp\/v2\/media?parent=47653"}],"wp:term":[{"taxonomy":"category","embeddable":true,"href":"https:\/\/noti-america.com\/site\/principal\/wp-json\/wp\/v2\/categories?post=47653"},{"taxonomy":"post_tag","embeddable":true,"href":"https:\/\/noti-america.com\/site\/principal\/wp-json\/wp\/v2\/tags?post=47653"}],"curies":[{"name":"wp","href":"https:\/\/api.w.org\/{rel}","templated":true}]}}