{"id":46609,"date":"2024-06-08T15:21:06","date_gmt":"2024-06-08T19:21:06","guid":{"rendered":"https:\/\/noti-america.com\/site\/principal\/?p=46609"},"modified":"2024-06-08T15:21:06","modified_gmt":"2024-06-08T19:21:06","slug":"mexicana-pagara-750-mdd-por-aviones-para-volar-a-eu","status":"publish","type":"post","link":"https:\/\/noti-america.com\/site\/principal\/2024\/06\/08\/mexicana-pagara-750-mdd-por-aviones-para-volar-a-eu\/","title":{"rendered":"Mexicana pagar\u00e1 750 mdd por aviones para volar a EU"},"content":{"rendered":"<p>NOTI-AMERICA.COM | M\u00c9XICO<\/p>\n<p style=\"text-align: justify\">Mexicana de Aviaci\u00f3n pagar\u00e1 750 millones de d\u00f3lares por la adquisici\u00f3n de 20 aviones a la empresa brasile\u00f1a Embraer, los cuales comenzar\u00e1n a entregarse el pr\u00f3ximo a\u00f1o.<\/p>\n<p style=\"text-align: justify\">Con la compra de estas aeronaves, la empresa estatal comenzar\u00e1 operaciones internacionales a Estados Unidos, Costa Rica, Cuba, Panam\u00e1 y Colombia, inform\u00f3 este viernes Jos\u00e9 Gerardo Vega Rivera, director general de Grupo Aeroportuario, Ferroviario, de Servicios Auxiliares y Conexos Olmeca-Maya-Mexica (Gafsacomm).<\/p>\n<p style=\"text-align: justify\">El pasado lunes, la aerol\u00ednea estatal dio a conocer que llev\u00f3 a cabo la firma de un contrato con Embraer para la adquisici\u00f3n de 10 aviones E190-E2, con 108 asientos, y otro n\u00famero igual de E195-E2, con 132 asientos cada uno.<\/p>\n<p style=\"text-align: justify\">La empresa controlada por la Secretar\u00eda de la Defensa Nacional (Sedena) asegur\u00f3 que los nuevos equipos cuentan con un dise\u00f1o de clase \u00fanica y tecnolog\u00eda de \u00faltima generaci\u00f3n que permite el ahorro de combustible y menores costos de mantenimiento.<\/p>\n<p style=\"text-align: justify\">El militar a\u00f1adi\u00f3 que como parte de esta proyecci\u00f3n estrat\u00e9gica, el Gafsacomm considera el empleo de bases secundarias en Tijuana y Tulum, para ampliar el radio de operaci\u00f3n de Mexicana y alcanzar destinos como Montreal y Ottawa, en Canad\u00e1, as\u00ed como Punta Cana, en Rep\u00fablica Dominicana; Caracas, Venezuela, y Lima, en Per\u00fa.<\/p>\n<p style=\"text-align: justify\">Vega Rivera destac\u00f3 que con la ampliaci\u00f3n de su flota, Mexicana espera consolidarse como una de las mejores opciones del transporte a\u00e9reo en el pa\u00eds, con capacidad para tres millones de pasajeros al a\u00f1o.<\/p>\n","protected":false},"excerpt":{"rendered":"<p>NOTI-AMERICA.COM | M\u00c9XICO Mexicana de Aviaci\u00f3n pagar\u00e1 750 millones de d\u00f3lares por la adquisici\u00f3n de 20 aviones a la empresa brasile\u00f1a Embraer, los cuales comenzar\u00e1n a entregarse el pr\u00f3ximo a\u00f1o. Con la compra de&#46;&#46;&#46;<\/p>\n","protected":false},"author":133,"featured_media":46610,"comment_status":"","ping_status":"open","sticky":false,"template":"","format":"image","meta":{"_acf_changed":false,"rop_custom_images_group":[],"rop_custom_messages_group":[],"rop_publish_now":"initial","rop_publish_now_accounts":{"facebook_10219548024599422_1632221337088128":"","twitter_242054905_242054905":""},"rop_publish_now_history":[],"rop_publish_now_status":"pending","footnotes":""},"categories":[663],"tags":[],"class_list":["post-46609","post","type-post","status-publish","format-image","has-post-thumbnail","hentry","category-actualidad","post_format-post-format-image"],"acf":[],"yoast_head":"<!-- This site is optimized with the Yoast SEO Premium plugin v24.9 (Yoast SEO v27.2) - https:\/\/yoast.com\/product\/yoast-seo-premium-wordpress\/ -->\n<title>Mexicana pagar\u00e1 750 mdd por aviones para volar a EU - Noti-America.com<\/title>\n<meta name=\"robots\" content=\"index, follow, max-snippet:-1, max-image-preview:large, max-video-preview:-1\" \/>\n<link rel=\"canonical\" href=\"https:\/\/noti-america.com\/site\/principal\/2024\/06\/08\/mexicana-pagara-750-mdd-por-aviones-para-volar-a-eu\/\" \/>\n<meta property=\"og:locale\" content=\"es_ES\" \/>\n<meta property=\"og:type\" content=\"article\" \/>\n<meta property=\"og:title\" content=\"Mexicana pagar\u00e1 750 mdd por aviones para volar a EU\" \/>\n<meta property=\"og:description\" content=\"NOTI-AMERICA.COM | M\u00c9XICO Mexicana de Aviaci\u00f3n pagar\u00e1 750 millones de d\u00f3lares por la adquisici\u00f3n de 20 aviones a la empresa brasile\u00f1a Embraer, los cuales comenzar\u00e1n a entregarse el pr\u00f3ximo a\u00f1o. Con la compra de&#046;&#046;&#046;\" \/>\n<meta property=\"og:url\" content=\"https:\/\/noti-america.com\/site\/principal\/2024\/06\/08\/mexicana-pagara-750-mdd-por-aviones-para-volar-a-eu\/\" \/>\n<meta property=\"og:site_name\" content=\"Noti-America.com\" \/>\n<meta property=\"article:author\" content=\"Mar\u00eda Valentina Noguera\" \/>\n<meta property=\"article:published_time\" content=\"2024-06-08T19:21:06+00:00\" \/>\n<meta property=\"og:image\" content=\"https:\/\/noti-america.com\/site\/principal\/wp-content\/uploads\/sites\/26\/2024\/06\/Mexicana.jpg\" \/>\n\t<meta property=\"og:image:width\" content=\"768\" \/>\n\t<meta property=\"og:image:height\" content=\"479\" \/>\n\t<meta property=\"og:image:type\" content=\"image\/jpeg\" \/>\n<meta name=\"author\" content=\"Maria Valentina Noguera Medina\" \/>\n<meta name=\"twitter:card\" content=\"summary_large_image\" \/>\n<meta name=\"twitter:label1\" content=\"Escrito por\" \/>\n\t<meta name=\"twitter:data1\" content=\"Maria Valentina Noguera Medina\" \/>\n\t<meta name=\"twitter:label2\" content=\"Tiempo estimado de lectura\" \/>\n\t<meta name=\"twitter:data2\" content=\"1 minuto\" \/>\n<script type=\"application\/ld+json\" class=\"yoast-schema-graph\">{\"@context\":\"https:\/\/schema.org\",\"@graph\":[{\"@type\":\"Article\",\"@id\":\"https:\/\/noti-america.com\/site\/principal\/2024\/06\/08\/mexicana-pagara-750-mdd-por-aviones-para-volar-a-eu\/#article\",\"isPartOf\":{\"@id\":\"https:\/\/noti-america.com\/site\/principal\/2024\/06\/08\/mexicana-pagara-750-mdd-por-aviones-para-volar-a-eu\/\"},\"author\":{\"name\":\"Maria Valentina Noguera Medina\",\"@id\":\"https:\/\/noti-america.com\/site\/principal\/#\/schema\/person\/22806efcc2cfc4b45efb0e17be210ea8\"},\"headline\":\"Mexicana pagar\u00e1 750 mdd por aviones para volar a EU\",\"datePublished\":\"2024-06-08T19:21:06+00:00\",\"mainEntityOfPage\":{\"@id\":\"https:\/\/noti-america.com\/site\/principal\/2024\/06\/08\/mexicana-pagara-750-mdd-por-aviones-para-volar-a-eu\/\"},\"wordCount\":267,\"image\":{\"@id\":\"https:\/\/noti-america.com\/site\/principal\/2024\/06\/08\/mexicana-pagara-750-mdd-por-aviones-para-volar-a-eu\/#primaryimage\"},\"thumbnailUrl\":\"https:\/\/noti-america.com\/site\/principal\/wp-content\/uploads\/sites\/26\/2024\/06\/Mexicana.jpg\",\"articleSection\":[\"Actualidad\"],\"inLanguage\":\"es\"},{\"@type\":\"WebPage\",\"@id\":\"https:\/\/noti-america.com\/site\/principal\/2024\/06\/08\/mexicana-pagara-750-mdd-por-aviones-para-volar-a-eu\/\",\"url\":\"https:\/\/noti-america.com\/site\/principal\/2024\/06\/08\/mexicana-pagara-750-mdd-por-aviones-para-volar-a-eu\/\",\"name\":\"Mexicana pagar\u00e1 750 mdd por aviones para volar a EU - Noti-America.com\",\"isPartOf\":{\"@id\":\"https:\/\/noti-america.com\/site\/principal\/#website\"},\"primaryImageOfPage\":{\"@id\":\"https:\/\/noti-america.com\/site\/principal\/2024\/06\/08\/mexicana-pagara-750-mdd-por-aviones-para-volar-a-eu\/#primaryimage\"},\"image\":{\"@id\":\"https:\/\/noti-america.com\/site\/principal\/2024\/06\/08\/mexicana-pagara-750-mdd-por-aviones-para-volar-a-eu\/#primaryimage\"},\"thumbnailUrl\":\"https:\/\/noti-america.com\/site\/principal\/wp-content\/uploads\/sites\/26\/2024\/06\/Mexicana.jpg\",\"datePublished\":\"2024-06-08T19:21:06+00:00\",\"author\":{\"@id\":\"https:\/\/noti-america.com\/site\/principal\/#\/schema\/person\/22806efcc2cfc4b45efb0e17be210ea8\"},\"breadcrumb\":{\"@id\":\"https:\/\/noti-america.com\/site\/principal\/2024\/06\/08\/mexicana-pagara-750-mdd-por-aviones-para-volar-a-eu\/#breadcrumb\"},\"inLanguage\":\"es\",\"potentialAction\":[{\"@type\":\"ReadAction\",\"target\":[\"https:\/\/noti-america.com\/site\/principal\/2024\/06\/08\/mexicana-pagara-750-mdd-por-aviones-para-volar-a-eu\/\"]}]},{\"@type\":\"ImageObject\",\"inLanguage\":\"es\",\"@id\":\"https:\/\/noti-america.com\/site\/principal\/2024\/06\/08\/mexicana-pagara-750-mdd-por-aviones-para-volar-a-eu\/#primaryimage\",\"url\":\"https:\/\/noti-america.com\/site\/principal\/wp-content\/uploads\/sites\/26\/2024\/06\/Mexicana.jpg\",\"contentUrl\":\"https:\/\/noti-america.com\/site\/principal\/wp-content\/uploads\/sites\/26\/2024\/06\/Mexicana.jpg\",\"width\":768,\"height\":479},{\"@type\":\"BreadcrumbList\",\"@id\":\"https:\/\/noti-america.com\/site\/principal\/2024\/06\/08\/mexicana-pagara-750-mdd-por-aviones-para-volar-a-eu\/#breadcrumb\",\"itemListElement\":[{\"@type\":\"ListItem\",\"position\":1,\"name\":\"Portada\",\"item\":\"https:\/\/noti-america.com\/site\/principal\/\"},{\"@type\":\"ListItem\",\"position\":2,\"name\":\"Mexicana pagar\u00e1 750 mdd por aviones para volar a EU\"}]},{\"@type\":\"WebSite\",\"@id\":\"https:\/\/noti-america.com\/site\/principal\/#website\",\"url\":\"https:\/\/noti-america.com\/site\/principal\/\",\"name\":\"Noti-America.com\",\"description\":\"El Noticiero Digital M\u00e1s Grande de Am\u00e9rica\",\"potentialAction\":[{\"@type\":\"SearchAction\",\"target\":{\"@type\":\"EntryPoint\",\"urlTemplate\":\"https:\/\/noti-america.com\/site\/principal\/?s={search_term_string}\"},\"query-input\":{\"@type\":\"PropertyValueSpecification\",\"valueRequired\":true,\"valueName\":\"search_term_string\"}}],\"inLanguage\":\"es\"},{\"@type\":\"Person\",\"@id\":\"https:\/\/noti-america.com\/site\/principal\/#\/schema\/person\/22806efcc2cfc4b45efb0e17be210ea8\",\"name\":\"Maria Valentina Noguera Medina\",\"image\":{\"@type\":\"ImageObject\",\"inLanguage\":\"es\",\"@id\":\"https:\/\/secure.gravatar.com\/avatar\/4ec5eb9d099f2608a49c9df6f7341f66f04f819cdffa09d56a7a0e91d2819d56?s=96&d=mm&r=g\",\"url\":\"https:\/\/secure.gravatar.com\/avatar\/4ec5eb9d099f2608a49c9df6f7341f66f04f819cdffa09d56a7a0e91d2819d56?s=96&d=mm&r=g\",\"contentUrl\":\"https:\/\/secure.gravatar.com\/avatar\/4ec5eb9d099f2608a49c9df6f7341f66f04f819cdffa09d56a7a0e91d2819d56?s=96&d=mm&r=g\",\"caption\":\"Maria Valentina Noguera Medina\"},\"description\":\"Periodista - noti-america - Promar Community Manager - Talento Plus Dise\u00f1adora\/ creadora de contenido...\",\"sameAs\":[\"Mar\u00eda Valentina Noguera\",\"https:\/\/www.facebook.com\/mariavalentina.noguera\",\"https:\/\/www.linkedin.com\/in\/mara-valentina-noguera-medina-373075165\/\",\"https:\/\/www.pinterest.es\/valentinanoguera95\/\",\"https:\/\/www.youtube.com\/channel\/UCdek6mbUZ-Tqqw0I63i4nmQ\"],\"url\":\"https:\/\/noti-america.com\/site\/principal\/author\/mnoguera\/\"}]}<\/script>\n<!-- \/ Yoast SEO Premium plugin. -->","yoast_head_json":{"title":"Mexicana pagar\u00e1 750 mdd por aviones para volar a EU - Noti-America.com","robots":{"index":"index","follow":"follow","max-snippet":"max-snippet:-1","max-image-preview":"max-image-preview:large","max-video-preview":"max-video-preview:-1"},"canonical":"https:\/\/noti-america.com\/site\/principal\/2024\/06\/08\/mexicana-pagara-750-mdd-por-aviones-para-volar-a-eu\/","og_locale":"es_ES","og_type":"article","og_title":"Mexicana pagar\u00e1 750 mdd por aviones para volar a EU","og_description":"NOTI-AMERICA.COM | M\u00c9XICO Mexicana de Aviaci\u00f3n pagar\u00e1 750 millones de d\u00f3lares por la adquisici\u00f3n de 20 aviones a la empresa brasile\u00f1a Embraer, los cuales comenzar\u00e1n a entregarse el pr\u00f3ximo a\u00f1o. Con la compra de&#46;&#46;&#46;","og_url":"https:\/\/noti-america.com\/site\/principal\/2024\/06\/08\/mexicana-pagara-750-mdd-por-aviones-para-volar-a-eu\/","og_site_name":"Noti-America.com","article_author":"Mar\u00eda Valentina Noguera","article_published_time":"2024-06-08T19:21:06+00:00","og_image":[{"width":768,"height":479,"url":"https:\/\/noti-america.com\/site\/principal\/wp-content\/uploads\/sites\/26\/2024\/06\/Mexicana.jpg","type":"image\/jpeg"}],"author":"Maria Valentina Noguera Medina","twitter_card":"summary_large_image","twitter_misc":{"Escrito por":"Maria Valentina Noguera Medina","Tiempo estimado de lectura":"1 minuto"},"schema":{"@context":"https:\/\/schema.org","@graph":[{"@type":"Article","@id":"https:\/\/noti-america.com\/site\/principal\/2024\/06\/08\/mexicana-pagara-750-mdd-por-aviones-para-volar-a-eu\/#article","isPartOf":{"@id":"https:\/\/noti-america.com\/site\/principal\/2024\/06\/08\/mexicana-pagara-750-mdd-por-aviones-para-volar-a-eu\/"},"author":{"name":"Maria Valentina Noguera Medina","@id":"https:\/\/noti-america.com\/site\/principal\/#\/schema\/person\/22806efcc2cfc4b45efb0e17be210ea8"},"headline":"Mexicana pagar\u00e1 750 mdd por aviones para volar a EU","datePublished":"2024-06-08T19:21:06+00:00","mainEntityOfPage":{"@id":"https:\/\/noti-america.com\/site\/principal\/2024\/06\/08\/mexicana-pagara-750-mdd-por-aviones-para-volar-a-eu\/"},"wordCount":267,"image":{"@id":"https:\/\/noti-america.com\/site\/principal\/2024\/06\/08\/mexicana-pagara-750-mdd-por-aviones-para-volar-a-eu\/#primaryimage"},"thumbnailUrl":"https:\/\/noti-america.com\/site\/principal\/wp-content\/uploads\/sites\/26\/2024\/06\/Mexicana.jpg","articleSection":["Actualidad"],"inLanguage":"es"},{"@type":"WebPage","@id":"https:\/\/noti-america.com\/site\/principal\/2024\/06\/08\/mexicana-pagara-750-mdd-por-aviones-para-volar-a-eu\/","url":"https:\/\/noti-america.com\/site\/principal\/2024\/06\/08\/mexicana-pagara-750-mdd-por-aviones-para-volar-a-eu\/","name":"Mexicana pagar\u00e1 750 mdd por aviones para volar a EU - Noti-America.com","isPartOf":{"@id":"https:\/\/noti-america.com\/site\/principal\/#website"},"primaryImageOfPage":{"@id":"https:\/\/noti-america.com\/site\/principal\/2024\/06\/08\/mexicana-pagara-750-mdd-por-aviones-para-volar-a-eu\/#primaryimage"},"image":{"@id":"https:\/\/noti-america.com\/site\/principal\/2024\/06\/08\/mexicana-pagara-750-mdd-por-aviones-para-volar-a-eu\/#primaryimage"},"thumbnailUrl":"https:\/\/noti-america.com\/site\/principal\/wp-content\/uploads\/sites\/26\/2024\/06\/Mexicana.jpg","datePublished":"2024-06-08T19:21:06+00:00","author":{"@id":"https:\/\/noti-america.com\/site\/principal\/#\/schema\/person\/22806efcc2cfc4b45efb0e17be210ea8"},"breadcrumb":{"@id":"https:\/\/noti-america.com\/site\/principal\/2024\/06\/08\/mexicana-pagara-750-mdd-por-aviones-para-volar-a-eu\/#breadcrumb"},"inLanguage":"es","potentialAction":[{"@type":"ReadAction","target":["https:\/\/noti-america.com\/site\/principal\/2024\/06\/08\/mexicana-pagara-750-mdd-por-aviones-para-volar-a-eu\/"]}]},{"@type":"ImageObject","inLanguage":"es","@id":"https:\/\/noti-america.com\/site\/principal\/2024\/06\/08\/mexicana-pagara-750-mdd-por-aviones-para-volar-a-eu\/#primaryimage","url":"https:\/\/noti-america.com\/site\/principal\/wp-content\/uploads\/sites\/26\/2024\/06\/Mexicana.jpg","contentUrl":"https:\/\/noti-america.com\/site\/principal\/wp-content\/uploads\/sites\/26\/2024\/06\/Mexicana.jpg","width":768,"height":479},{"@type":"BreadcrumbList","@id":"https:\/\/noti-america.com\/site\/principal\/2024\/06\/08\/mexicana-pagara-750-mdd-por-aviones-para-volar-a-eu\/#breadcrumb","itemListElement":[{"@type":"ListItem","position":1,"name":"Portada","item":"https:\/\/noti-america.com\/site\/principal\/"},{"@type":"ListItem","position":2,"name":"Mexicana pagar\u00e1 750 mdd por aviones para volar a EU"}]},{"@type":"WebSite","@id":"https:\/\/noti-america.com\/site\/principal\/#website","url":"https:\/\/noti-america.com\/site\/principal\/","name":"Noti-America.com","description":"El Noticiero Digital M\u00e1s Grande de Am\u00e9rica","potentialAction":[{"@type":"SearchAction","target":{"@type":"EntryPoint","urlTemplate":"https:\/\/noti-america.com\/site\/principal\/?s={search_term_string}"},"query-input":{"@type":"PropertyValueSpecification","valueRequired":true,"valueName":"search_term_string"}}],"inLanguage":"es"},{"@type":"Person","@id":"https:\/\/noti-america.com\/site\/principal\/#\/schema\/person\/22806efcc2cfc4b45efb0e17be210ea8","name":"Maria Valentina Noguera Medina","image":{"@type":"ImageObject","inLanguage":"es","@id":"https:\/\/secure.gravatar.com\/avatar\/4ec5eb9d099f2608a49c9df6f7341f66f04f819cdffa09d56a7a0e91d2819d56?s=96&d=mm&r=g","url":"https:\/\/secure.gravatar.com\/avatar\/4ec5eb9d099f2608a49c9df6f7341f66f04f819cdffa09d56a7a0e91d2819d56?s=96&d=mm&r=g","contentUrl":"https:\/\/secure.gravatar.com\/avatar\/4ec5eb9d099f2608a49c9df6f7341f66f04f819cdffa09d56a7a0e91d2819d56?s=96&d=mm&r=g","caption":"Maria Valentina Noguera Medina"},"description":"Periodista - noti-america - Promar Community Manager - Talento Plus Dise\u00f1adora\/ creadora de contenido...","sameAs":["Mar\u00eda Valentina Noguera","https:\/\/www.facebook.com\/mariavalentina.noguera","https:\/\/www.linkedin.com\/in\/mara-valentina-noguera-medina-373075165\/","https:\/\/www.pinterest.es\/valentinanoguera95\/","https:\/\/www.youtube.com\/channel\/UCdek6mbUZ-Tqqw0I63i4nmQ"],"url":"https:\/\/noti-america.com\/site\/principal\/author\/mnoguera\/"}]}},"_links":{"self":[{"href":"https:\/\/noti-america.com\/site\/principal\/wp-json\/wp\/v2\/posts\/46609","targetHints":{"allow":["GET"]}}],"collection":[{"href":"https:\/\/noti-america.com\/site\/principal\/wp-json\/wp\/v2\/posts"}],"about":[{"href":"https:\/\/noti-america.com\/site\/principal\/wp-json\/wp\/v2\/types\/post"}],"author":[{"embeddable":true,"href":"https:\/\/noti-america.com\/site\/principal\/wp-json\/wp\/v2\/users\/133"}],"replies":[{"embeddable":true,"href":"https:\/\/noti-america.com\/site\/principal\/wp-json\/wp\/v2\/comments?post=46609"}],"version-history":[{"count":1,"href":"https:\/\/noti-america.com\/site\/principal\/wp-json\/wp\/v2\/posts\/46609\/revisions"}],"predecessor-version":[{"id":46627,"href":"https:\/\/noti-america.com\/site\/principal\/wp-json\/wp\/v2\/posts\/46609\/revisions\/46627"}],"wp:featuredmedia":[{"embeddable":true,"href":"https:\/\/noti-america.com\/site\/principal\/wp-json\/wp\/v2\/media\/46610"}],"wp:attachment":[{"href":"https:\/\/noti-america.com\/site\/principal\/wp-json\/wp\/v2\/media?parent=46609"}],"wp:term":[{"taxonomy":"category","embeddable":true,"href":"https:\/\/noti-america.com\/site\/principal\/wp-json\/wp\/v2\/categories?post=46609"},{"taxonomy":"post_tag","embeddable":true,"href":"https:\/\/noti-america.com\/site\/principal\/wp-json\/wp\/v2\/tags?post=46609"}],"curies":[{"name":"wp","href":"https:\/\/api.w.org\/{rel}","templated":true}]}}