{"id":45823,"date":"2024-05-28T11:22:44","date_gmt":"2024-05-28T15:22:44","guid":{"rendered":"https:\/\/noti-america.com\/site\/principal\/?p=45823"},"modified":"2024-05-28T11:22:44","modified_gmt":"2024-05-28T15:22:44","slug":"ordenan-a-milei-donar-alimentos-a-comedores-comunitarios-en-argentina","status":"publish","type":"post","link":"https:\/\/noti-america.com\/site\/principal\/2024\/05\/28\/ordenan-a-milei-donar-alimentos-a-comedores-comunitarios-en-argentina\/","title":{"rendered":"Ordenan a Milei donar alimentos a comedores comunitarios en Argentina"},"content":{"rendered":"<p><span style=\"color: #33cccc\"><strong>NOTI-AMERICA.COM | ARGENTINA<\/strong><\/span><\/p>\n<p style=\"text-align: justify\">Este lunes, la justicia argentina dict\u00f3 la entrega oficial de toneladas de alimentos en dep\u00f3sitos del Ministerio de Capital Humano a comedores comunitarios, sin embargo, el gobierno liderado por Javier Milei declar\u00f3 que apelar\u00e1 la medida debido a que se trata de reservas destinadas a situaciones de cat\u00e1strofe.<\/p>\n<p style=\"text-align: justify\">El juez Sebasti\u00e1n Casanello dict\u00f3 al Ministerio que entregue un resumen de los alimentos retenidos en un plazo de 72 horas y se proceda a su distribuci\u00f3n \u00abde inmediato\u00bb.<\/p>\n<p style=\"text-align: justify\">El juez respald\u00f3 su decisi\u00f3n con datos que indican que m\u00e1s del 50 por ciento de la poblaci\u00f3n se encuentra en situaci\u00f3n de pobreza.<\/p>\n<p style=\"text-align: justify\">\u00abDe cara a ese colectivo que sufre de modo acuciante inseguridad alimentaria y sobre quien pesa el costo de la par\u00e1lisis denunciada, aparece la necesidad de la adopci\u00f3n urgente de una acci\u00f3n positiva\u00bb, sostuvo.<\/p>\n<p style=\"text-align: justify\">La decisi\u00f3n forma parte de una causa judicial iniciada en febrero pasado por organizaciones sociales que critican al gobierno, despu\u00e9s de que en diciembre pasado se interrumpiera la entrega de alimentos a sus comedores comunitarios debido a una auditor\u00eda del Ministerio.<\/p>\n<p style=\"text-align: justify\">De acuerdo con la informaci\u00f3n publicada por la prensa local, el juez orden\u00f3 al gobierno que implemente \u00abun plan de distribuci\u00f3n de alimentos en funci\u00f3n de su tipo, cantidad, fecha de vencimiento y grupo de destino, anticipando su ejecuci\u00f3n inmediata\u00bb.<\/p>\n<p style=\"text-align: justify\">Este lunes, Manuel Adorni, el vocero presidencial, declar\u00f3 en una conferencia de prensa que el gobierno \u00abapelar\u00e1\u00bb la orden judicial. \u00abSe trata de pol\u00edticas p\u00fablicas\u00bb, afirm\u00f3.<\/p>\n<p style=\"text-align: justify\">Cuando se le pregunt\u00f3 por qu\u00e9 el gobierno recolectaba esos alimentos, Adorni se\u00f1al\u00f3 que se tratan \u00abde reservas preventivas para emergencias o cat\u00e1strofes\u00bb y asegur\u00f3 que \u00abno hay un solo alimento que se vaya a tirar a la basura\u00bb.<\/p>\n<p style=\"text-align: justify\">\u00abPor un carril van los alimentos que terminan en los comedores y otros aquellos con destino para otro fin\u00bb, afirm\u00f3 sin dar mayores precisiones.<\/p>\n<p style=\"text-align: justify\">En una declaraci\u00f3n ante el Congreso, Nicol\u00e1s Posse, ex jefe de gabinete, afirm\u00f3 que los hallazgos de la auditor\u00eda indicaron que \u00abcasi el 50 por ciento de los comedores no exist\u00edan\u00bb.<\/p>\n<p style=\"text-align: justify\">Seg\u00fan las organizaciones, existen alrededor de 45 mil establecimientos de comedores comunitarios en todo el pa\u00eds, sin embargo, una cantidad imprecisa de ellos dej\u00f3 de funcionar debido a la falta de suministro del Estado, mientras que otros est\u00e1n operando gracias a donaciones privadas.<\/p>\n<p style=\"text-align: justify\">En febrero pasado, el l\u00edder social cercano al papa Francisco y fundador de la Uni\u00f3n de Trabajadores de la Econom\u00eda Popular, Juan Grabois, hab\u00eda expresado su preocupaci\u00f3n por la ausencia de alimentos.<\/p>\n<p style=\"text-align: justify\">Tambi\u00e9n indic\u00f3 que se ha establecido un acuerdo con el Programa de las Naciones Unidas para el Desarrollo (PNUD) que se enfoca en el \u00ababordaje comunitario\u00bb para reducir las situaciones de vulnerabilidad. Y mostr\u00f3 los documentos originales del acuerdo por el cual se obtuvieron los alimentos como prueba.<\/p>\n","protected":false},"excerpt":{"rendered":"<p>NOTI-AMERICA.COM | ARGENTINA Este lunes, la justicia argentina dict\u00f3 la entrega oficial de toneladas de alimentos en dep\u00f3sitos del Ministerio de Capital Humano a comedores comunitarios, sin embargo, el gobierno liderado por Javier Milei&#46;&#46;&#46;<\/p>\n","protected":false},"author":133,"featured_media":45824,"comment_status":"","ping_status":"open","sticky":false,"template":"","format":"image","meta":{"_acf_changed":false,"rop_custom_images_group":[],"rop_custom_messages_group":[],"rop_publish_now":"initial","rop_publish_now_accounts":{"facebook_10219548024599422_1632221337088128":"","twitter_242054905_242054905":""},"rop_publish_now_history":[],"rop_publish_now_status":"pending","footnotes":""},"categories":[663],"tags":[],"class_list":["post-45823","post","type-post","status-publish","format-image","has-post-thumbnail","hentry","category-actualidad","post_format-post-format-image"],"acf":[],"yoast_head":"<!-- This site is optimized with the Yoast SEO Premium plugin v24.9 (Yoast SEO v27.2) - https:\/\/yoast.com\/product\/yoast-seo-premium-wordpress\/ -->\n<title>Ordenan a Milei donar alimentos a comedores comunitarios en Argentina - Noti-America.com<\/title>\n<meta name=\"robots\" content=\"index, follow, max-snippet:-1, max-image-preview:large, max-video-preview:-1\" \/>\n<link rel=\"canonical\" href=\"https:\/\/noti-america.com\/site\/principal\/2024\/05\/28\/ordenan-a-milei-donar-alimentos-a-comedores-comunitarios-en-argentina\/\" \/>\n<meta property=\"og:locale\" content=\"es_ES\" \/>\n<meta property=\"og:type\" content=\"article\" \/>\n<meta property=\"og:title\" content=\"Ordenan a Milei donar alimentos a comedores comunitarios en Argentina\" \/>\n<meta property=\"og:description\" content=\"NOTI-AMERICA.COM | ARGENTINA Este lunes, la justicia argentina dict\u00f3 la entrega oficial de toneladas de alimentos en dep\u00f3sitos del Ministerio de Capital Humano a comedores comunitarios, sin embargo, el gobierno liderado por Javier Milei&#046;&#046;&#046;\" \/>\n<meta property=\"og:url\" content=\"https:\/\/noti-america.com\/site\/principal\/2024\/05\/28\/ordenan-a-milei-donar-alimentos-a-comedores-comunitarios-en-argentina\/\" \/>\n<meta property=\"og:site_name\" content=\"Noti-America.com\" \/>\n<meta property=\"article:author\" content=\"Mar\u00eda Valentina Noguera\" \/>\n<meta property=\"article:published_time\" content=\"2024-05-28T15:22:44+00:00\" \/>\n<meta property=\"og:image\" content=\"https:\/\/noti-america.com\/site\/principal\/wp-content\/uploads\/sites\/26\/2024\/05\/argentina.jpg\" \/>\n\t<meta property=\"og:image:width\" content=\"700\" \/>\n\t<meta property=\"og:image:height\" content=\"395\" \/>\n\t<meta property=\"og:image:type\" content=\"image\/jpeg\" \/>\n<meta name=\"author\" content=\"Maria Valentina Noguera Medina\" \/>\n<meta name=\"twitter:card\" content=\"summary_large_image\" \/>\n<meta name=\"twitter:label1\" content=\"Escrito por\" \/>\n\t<meta name=\"twitter:data1\" content=\"Maria Valentina Noguera Medina\" \/>\n\t<meta name=\"twitter:label2\" content=\"Tiempo estimado de lectura\" \/>\n\t<meta name=\"twitter:data2\" content=\"2 minutos\" \/>\n<script type=\"application\/ld+json\" class=\"yoast-schema-graph\">{\"@context\":\"https:\/\/schema.org\",\"@graph\":[{\"@type\":\"Article\",\"@id\":\"https:\/\/noti-america.com\/site\/principal\/2024\/05\/28\/ordenan-a-milei-donar-alimentos-a-comedores-comunitarios-en-argentina\/#article\",\"isPartOf\":{\"@id\":\"https:\/\/noti-america.com\/site\/principal\/2024\/05\/28\/ordenan-a-milei-donar-alimentos-a-comedores-comunitarios-en-argentina\/\"},\"author\":{\"name\":\"Maria Valentina Noguera Medina\",\"@id\":\"https:\/\/noti-america.com\/site\/principal\/#\/schema\/person\/22806efcc2cfc4b45efb0e17be210ea8\"},\"headline\":\"Ordenan a Milei donar alimentos a comedores comunitarios en Argentina\",\"datePublished\":\"2024-05-28T15:22:44+00:00\",\"mainEntityOfPage\":{\"@id\":\"https:\/\/noti-america.com\/site\/principal\/2024\/05\/28\/ordenan-a-milei-donar-alimentos-a-comedores-comunitarios-en-argentina\/\"},\"wordCount\":503,\"image\":{\"@id\":\"https:\/\/noti-america.com\/site\/principal\/2024\/05\/28\/ordenan-a-milei-donar-alimentos-a-comedores-comunitarios-en-argentina\/#primaryimage\"},\"thumbnailUrl\":\"https:\/\/noti-america.com\/site\/principal\/wp-content\/uploads\/sites\/26\/2024\/05\/argentina.jpg\",\"articleSection\":[\"Actualidad\"],\"inLanguage\":\"es\"},{\"@type\":\"WebPage\",\"@id\":\"https:\/\/noti-america.com\/site\/principal\/2024\/05\/28\/ordenan-a-milei-donar-alimentos-a-comedores-comunitarios-en-argentina\/\",\"url\":\"https:\/\/noti-america.com\/site\/principal\/2024\/05\/28\/ordenan-a-milei-donar-alimentos-a-comedores-comunitarios-en-argentina\/\",\"name\":\"Ordenan a Milei donar alimentos a comedores comunitarios en Argentina - Noti-America.com\",\"isPartOf\":{\"@id\":\"https:\/\/noti-america.com\/site\/principal\/#website\"},\"primaryImageOfPage\":{\"@id\":\"https:\/\/noti-america.com\/site\/principal\/2024\/05\/28\/ordenan-a-milei-donar-alimentos-a-comedores-comunitarios-en-argentina\/#primaryimage\"},\"image\":{\"@id\":\"https:\/\/noti-america.com\/site\/principal\/2024\/05\/28\/ordenan-a-milei-donar-alimentos-a-comedores-comunitarios-en-argentina\/#primaryimage\"},\"thumbnailUrl\":\"https:\/\/noti-america.com\/site\/principal\/wp-content\/uploads\/sites\/26\/2024\/05\/argentina.jpg\",\"datePublished\":\"2024-05-28T15:22:44+00:00\",\"author\":{\"@id\":\"https:\/\/noti-america.com\/site\/principal\/#\/schema\/person\/22806efcc2cfc4b45efb0e17be210ea8\"},\"breadcrumb\":{\"@id\":\"https:\/\/noti-america.com\/site\/principal\/2024\/05\/28\/ordenan-a-milei-donar-alimentos-a-comedores-comunitarios-en-argentina\/#breadcrumb\"},\"inLanguage\":\"es\",\"potentialAction\":[{\"@type\":\"ReadAction\",\"target\":[\"https:\/\/noti-america.com\/site\/principal\/2024\/05\/28\/ordenan-a-milei-donar-alimentos-a-comedores-comunitarios-en-argentina\/\"]}]},{\"@type\":\"ImageObject\",\"inLanguage\":\"es\",\"@id\":\"https:\/\/noti-america.com\/site\/principal\/2024\/05\/28\/ordenan-a-milei-donar-alimentos-a-comedores-comunitarios-en-argentina\/#primaryimage\",\"url\":\"https:\/\/noti-america.com\/site\/principal\/wp-content\/uploads\/sites\/26\/2024\/05\/argentina.jpg\",\"contentUrl\":\"https:\/\/noti-america.com\/site\/principal\/wp-content\/uploads\/sites\/26\/2024\/05\/argentina.jpg\",\"width\":700,\"height\":395},{\"@type\":\"BreadcrumbList\",\"@id\":\"https:\/\/noti-america.com\/site\/principal\/2024\/05\/28\/ordenan-a-milei-donar-alimentos-a-comedores-comunitarios-en-argentina\/#breadcrumb\",\"itemListElement\":[{\"@type\":\"ListItem\",\"position\":1,\"name\":\"Portada\",\"item\":\"https:\/\/noti-america.com\/site\/principal\/\"},{\"@type\":\"ListItem\",\"position\":2,\"name\":\"Ordenan a Milei donar alimentos a comedores comunitarios en Argentina\"}]},{\"@type\":\"WebSite\",\"@id\":\"https:\/\/noti-america.com\/site\/principal\/#website\",\"url\":\"https:\/\/noti-america.com\/site\/principal\/\",\"name\":\"Noti-America.com\",\"description\":\"El Noticiero Digital M\u00e1s Grande de Am\u00e9rica\",\"potentialAction\":[{\"@type\":\"SearchAction\",\"target\":{\"@type\":\"EntryPoint\",\"urlTemplate\":\"https:\/\/noti-america.com\/site\/principal\/?s={search_term_string}\"},\"query-input\":{\"@type\":\"PropertyValueSpecification\",\"valueRequired\":true,\"valueName\":\"search_term_string\"}}],\"inLanguage\":\"es\"},{\"@type\":\"Person\",\"@id\":\"https:\/\/noti-america.com\/site\/principal\/#\/schema\/person\/22806efcc2cfc4b45efb0e17be210ea8\",\"name\":\"Maria Valentina Noguera Medina\",\"image\":{\"@type\":\"ImageObject\",\"inLanguage\":\"es\",\"@id\":\"https:\/\/secure.gravatar.com\/avatar\/4ec5eb9d099f2608a49c9df6f7341f66f04f819cdffa09d56a7a0e91d2819d56?s=96&d=mm&r=g\",\"url\":\"https:\/\/secure.gravatar.com\/avatar\/4ec5eb9d099f2608a49c9df6f7341f66f04f819cdffa09d56a7a0e91d2819d56?s=96&d=mm&r=g\",\"contentUrl\":\"https:\/\/secure.gravatar.com\/avatar\/4ec5eb9d099f2608a49c9df6f7341f66f04f819cdffa09d56a7a0e91d2819d56?s=96&d=mm&r=g\",\"caption\":\"Maria Valentina Noguera Medina\"},\"description\":\"Periodista - noti-america - Promar Community Manager - Talento Plus Dise\u00f1adora\/ creadora de contenido...\",\"sameAs\":[\"Mar\u00eda Valentina Noguera\",\"https:\/\/www.facebook.com\/mariavalentina.noguera\",\"https:\/\/www.linkedin.com\/in\/mara-valentina-noguera-medina-373075165\/\",\"https:\/\/www.pinterest.es\/valentinanoguera95\/\",\"https:\/\/www.youtube.com\/channel\/UCdek6mbUZ-Tqqw0I63i4nmQ\"],\"url\":\"https:\/\/noti-america.com\/site\/principal\/author\/mnoguera\/\"}]}<\/script>\n<!-- \/ Yoast SEO Premium plugin. -->","yoast_head_json":{"title":"Ordenan a Milei donar alimentos a comedores comunitarios en Argentina - Noti-America.com","robots":{"index":"index","follow":"follow","max-snippet":"max-snippet:-1","max-image-preview":"max-image-preview:large","max-video-preview":"max-video-preview:-1"},"canonical":"https:\/\/noti-america.com\/site\/principal\/2024\/05\/28\/ordenan-a-milei-donar-alimentos-a-comedores-comunitarios-en-argentina\/","og_locale":"es_ES","og_type":"article","og_title":"Ordenan a Milei donar alimentos a comedores comunitarios en Argentina","og_description":"NOTI-AMERICA.COM | ARGENTINA Este lunes, la justicia argentina dict\u00f3 la entrega oficial de toneladas de alimentos en dep\u00f3sitos del Ministerio de Capital Humano a comedores comunitarios, sin embargo, el gobierno liderado por Javier Milei&#46;&#46;&#46;","og_url":"https:\/\/noti-america.com\/site\/principal\/2024\/05\/28\/ordenan-a-milei-donar-alimentos-a-comedores-comunitarios-en-argentina\/","og_site_name":"Noti-America.com","article_author":"Mar\u00eda Valentina Noguera","article_published_time":"2024-05-28T15:22:44+00:00","og_image":[{"width":700,"height":395,"url":"https:\/\/noti-america.com\/site\/principal\/wp-content\/uploads\/sites\/26\/2024\/05\/argentina.jpg","type":"image\/jpeg"}],"author":"Maria Valentina Noguera Medina","twitter_card":"summary_large_image","twitter_misc":{"Escrito por":"Maria Valentina Noguera Medina","Tiempo estimado de lectura":"2 minutos"},"schema":{"@context":"https:\/\/schema.org","@graph":[{"@type":"Article","@id":"https:\/\/noti-america.com\/site\/principal\/2024\/05\/28\/ordenan-a-milei-donar-alimentos-a-comedores-comunitarios-en-argentina\/#article","isPartOf":{"@id":"https:\/\/noti-america.com\/site\/principal\/2024\/05\/28\/ordenan-a-milei-donar-alimentos-a-comedores-comunitarios-en-argentina\/"},"author":{"name":"Maria Valentina Noguera Medina","@id":"https:\/\/noti-america.com\/site\/principal\/#\/schema\/person\/22806efcc2cfc4b45efb0e17be210ea8"},"headline":"Ordenan a Milei donar alimentos a comedores comunitarios en Argentina","datePublished":"2024-05-28T15:22:44+00:00","mainEntityOfPage":{"@id":"https:\/\/noti-america.com\/site\/principal\/2024\/05\/28\/ordenan-a-milei-donar-alimentos-a-comedores-comunitarios-en-argentina\/"},"wordCount":503,"image":{"@id":"https:\/\/noti-america.com\/site\/principal\/2024\/05\/28\/ordenan-a-milei-donar-alimentos-a-comedores-comunitarios-en-argentina\/#primaryimage"},"thumbnailUrl":"https:\/\/noti-america.com\/site\/principal\/wp-content\/uploads\/sites\/26\/2024\/05\/argentina.jpg","articleSection":["Actualidad"],"inLanguage":"es"},{"@type":"WebPage","@id":"https:\/\/noti-america.com\/site\/principal\/2024\/05\/28\/ordenan-a-milei-donar-alimentos-a-comedores-comunitarios-en-argentina\/","url":"https:\/\/noti-america.com\/site\/principal\/2024\/05\/28\/ordenan-a-milei-donar-alimentos-a-comedores-comunitarios-en-argentina\/","name":"Ordenan a Milei donar alimentos a comedores comunitarios en Argentina - Noti-America.com","isPartOf":{"@id":"https:\/\/noti-america.com\/site\/principal\/#website"},"primaryImageOfPage":{"@id":"https:\/\/noti-america.com\/site\/principal\/2024\/05\/28\/ordenan-a-milei-donar-alimentos-a-comedores-comunitarios-en-argentina\/#primaryimage"},"image":{"@id":"https:\/\/noti-america.com\/site\/principal\/2024\/05\/28\/ordenan-a-milei-donar-alimentos-a-comedores-comunitarios-en-argentina\/#primaryimage"},"thumbnailUrl":"https:\/\/noti-america.com\/site\/principal\/wp-content\/uploads\/sites\/26\/2024\/05\/argentina.jpg","datePublished":"2024-05-28T15:22:44+00:00","author":{"@id":"https:\/\/noti-america.com\/site\/principal\/#\/schema\/person\/22806efcc2cfc4b45efb0e17be210ea8"},"breadcrumb":{"@id":"https:\/\/noti-america.com\/site\/principal\/2024\/05\/28\/ordenan-a-milei-donar-alimentos-a-comedores-comunitarios-en-argentina\/#breadcrumb"},"inLanguage":"es","potentialAction":[{"@type":"ReadAction","target":["https:\/\/noti-america.com\/site\/principal\/2024\/05\/28\/ordenan-a-milei-donar-alimentos-a-comedores-comunitarios-en-argentina\/"]}]},{"@type":"ImageObject","inLanguage":"es","@id":"https:\/\/noti-america.com\/site\/principal\/2024\/05\/28\/ordenan-a-milei-donar-alimentos-a-comedores-comunitarios-en-argentina\/#primaryimage","url":"https:\/\/noti-america.com\/site\/principal\/wp-content\/uploads\/sites\/26\/2024\/05\/argentina.jpg","contentUrl":"https:\/\/noti-america.com\/site\/principal\/wp-content\/uploads\/sites\/26\/2024\/05\/argentina.jpg","width":700,"height":395},{"@type":"BreadcrumbList","@id":"https:\/\/noti-america.com\/site\/principal\/2024\/05\/28\/ordenan-a-milei-donar-alimentos-a-comedores-comunitarios-en-argentina\/#breadcrumb","itemListElement":[{"@type":"ListItem","position":1,"name":"Portada","item":"https:\/\/noti-america.com\/site\/principal\/"},{"@type":"ListItem","position":2,"name":"Ordenan a Milei donar alimentos a comedores comunitarios en Argentina"}]},{"@type":"WebSite","@id":"https:\/\/noti-america.com\/site\/principal\/#website","url":"https:\/\/noti-america.com\/site\/principal\/","name":"Noti-America.com","description":"El Noticiero Digital M\u00e1s Grande de Am\u00e9rica","potentialAction":[{"@type":"SearchAction","target":{"@type":"EntryPoint","urlTemplate":"https:\/\/noti-america.com\/site\/principal\/?s={search_term_string}"},"query-input":{"@type":"PropertyValueSpecification","valueRequired":true,"valueName":"search_term_string"}}],"inLanguage":"es"},{"@type":"Person","@id":"https:\/\/noti-america.com\/site\/principal\/#\/schema\/person\/22806efcc2cfc4b45efb0e17be210ea8","name":"Maria Valentina Noguera Medina","image":{"@type":"ImageObject","inLanguage":"es","@id":"https:\/\/secure.gravatar.com\/avatar\/4ec5eb9d099f2608a49c9df6f7341f66f04f819cdffa09d56a7a0e91d2819d56?s=96&d=mm&r=g","url":"https:\/\/secure.gravatar.com\/avatar\/4ec5eb9d099f2608a49c9df6f7341f66f04f819cdffa09d56a7a0e91d2819d56?s=96&d=mm&r=g","contentUrl":"https:\/\/secure.gravatar.com\/avatar\/4ec5eb9d099f2608a49c9df6f7341f66f04f819cdffa09d56a7a0e91d2819d56?s=96&d=mm&r=g","caption":"Maria Valentina Noguera Medina"},"description":"Periodista - noti-america - Promar Community Manager - Talento Plus Dise\u00f1adora\/ creadora de contenido...","sameAs":["Mar\u00eda Valentina Noguera","https:\/\/www.facebook.com\/mariavalentina.noguera","https:\/\/www.linkedin.com\/in\/mara-valentina-noguera-medina-373075165\/","https:\/\/www.pinterest.es\/valentinanoguera95\/","https:\/\/www.youtube.com\/channel\/UCdek6mbUZ-Tqqw0I63i4nmQ"],"url":"https:\/\/noti-america.com\/site\/principal\/author\/mnoguera\/"}]}},"_links":{"self":[{"href":"https:\/\/noti-america.com\/site\/principal\/wp-json\/wp\/v2\/posts\/45823","targetHints":{"allow":["GET"]}}],"collection":[{"href":"https:\/\/noti-america.com\/site\/principal\/wp-json\/wp\/v2\/posts"}],"about":[{"href":"https:\/\/noti-america.com\/site\/principal\/wp-json\/wp\/v2\/types\/post"}],"author":[{"embeddable":true,"href":"https:\/\/noti-america.com\/site\/principal\/wp-json\/wp\/v2\/users\/133"}],"replies":[{"embeddable":true,"href":"https:\/\/noti-america.com\/site\/principal\/wp-json\/wp\/v2\/comments?post=45823"}],"version-history":[{"count":1,"href":"https:\/\/noti-america.com\/site\/principal\/wp-json\/wp\/v2\/posts\/45823\/revisions"}],"predecessor-version":[{"id":45838,"href":"https:\/\/noti-america.com\/site\/principal\/wp-json\/wp\/v2\/posts\/45823\/revisions\/45838"}],"wp:featuredmedia":[{"embeddable":true,"href":"https:\/\/noti-america.com\/site\/principal\/wp-json\/wp\/v2\/media\/45824"}],"wp:attachment":[{"href":"https:\/\/noti-america.com\/site\/principal\/wp-json\/wp\/v2\/media?parent=45823"}],"wp:term":[{"taxonomy":"category","embeddable":true,"href":"https:\/\/noti-america.com\/site\/principal\/wp-json\/wp\/v2\/categories?post=45823"},{"taxonomy":"post_tag","embeddable":true,"href":"https:\/\/noti-america.com\/site\/principal\/wp-json\/wp\/v2\/tags?post=45823"}],"curies":[{"name":"wp","href":"https:\/\/api.w.org\/{rel}","templated":true}]}}