{"id":45747,"date":"2024-05-27T10:48:59","date_gmt":"2024-05-27T14:48:59","guid":{"rendered":"https:\/\/noti-america.com\/site\/principal\/?p=45747"},"modified":"2024-05-27T10:48:59","modified_gmt":"2024-05-27T14:48:59","slug":"billboard-honrara-a-las-mujeres-latinas-en-la-musica","status":"publish","type":"post","link":"https:\/\/noti-america.com\/site\/principal\/2024\/05\/27\/billboard-honrara-a-las-mujeres-latinas-en-la-musica\/","title":{"rendered":"Billboard honrar\u00e1 a las mujeres latinas en la m\u00fasica"},"content":{"rendered":"<p><span style=\"color: #33cccc\"><strong>NOTI-AMERICA.COM | ARGENTINA<\/strong><\/span><\/p>\n<p style=\"text-align: justify\">Los premios Billboard celebrar\u00e1n este domingo 9 de junio el talento de las mujeres latinas en la m\u00fasica, quienes resultaron ser de inspiraci\u00f3n a otras.<\/p>\n<p style=\"text-align: justify\">Entre las homenajeadas est\u00e1n: Camila Cabello, Kali Uchis, \u00c1ngela Aguilar, Gloria Estefan, Kany Garc\u00eda, Ana B\u00e1rbara.<\/p>\n<p style=\"text-align: justify\">En esta celebraci\u00f3n, que destaca los esfuerzos de las m\u00fasicas latinas que \u201ctrabajan de una manera proactiva para generar cambios positivos, inclusi\u00f3n y equidad de g\u00e9nero en la industria musical\u201d,<\/p>\n<p style=\"text-align: justify\">La superestrella de origen cubano-mexicano, Camila Cabello recibir\u00e1 el premio Impacto Global, y la cantante de ascendencia colombiana, Kali Uchis, el premio Estrella en Ascenso.<\/p>\n","protected":false},"excerpt":{"rendered":"<p>NOTI-AMERICA.COM | ARGENTINA Los premios Billboard celebrar\u00e1n este domingo 9 de junio el talento de las mujeres latinas en la m\u00fasica, quienes resultaron ser de inspiraci\u00f3n a otras. Entre las homenajeadas est\u00e1n: Camila Cabello,&#46;&#46;&#46;<\/p>\n","protected":false},"author":133,"featured_media":45748,"comment_status":"","ping_status":"open","sticky":false,"template":"","format":"image","meta":{"_acf_changed":false,"rop_custom_images_group":[],"rop_custom_messages_group":[],"rop_publish_now":"initial","rop_publish_now_accounts":{"facebook_10219548024599422_1632221337088128":"","twitter_242054905_242054905":""},"rop_publish_now_history":[],"rop_publish_now_status":"pending","footnotes":""},"categories":[663],"tags":[],"class_list":["post-45747","post","type-post","status-publish","format-image","has-post-thumbnail","hentry","category-actualidad","post_format-post-format-image"],"acf":[],"yoast_head":"<!-- This site is optimized with the Yoast SEO Premium plugin v24.9 (Yoast SEO v27.2) - https:\/\/yoast.com\/product\/yoast-seo-premium-wordpress\/ -->\n<title>Billboard honrar\u00e1 a las mujeres latinas en la m\u00fasica - Noti-America.com<\/title>\n<meta name=\"robots\" content=\"index, follow, max-snippet:-1, max-image-preview:large, max-video-preview:-1\" \/>\n<link rel=\"canonical\" href=\"https:\/\/noti-america.com\/site\/principal\/2024\/05\/27\/billboard-honrara-a-las-mujeres-latinas-en-la-musica\/\" \/>\n<meta property=\"og:locale\" content=\"es_ES\" \/>\n<meta property=\"og:type\" content=\"article\" \/>\n<meta property=\"og:title\" content=\"Billboard honrar\u00e1 a las mujeres latinas en la m\u00fasica\" \/>\n<meta property=\"og:description\" content=\"NOTI-AMERICA.COM | ARGENTINA Los premios Billboard celebrar\u00e1n este domingo 9 de junio el talento de las mujeres latinas en la m\u00fasica, quienes resultaron ser de inspiraci\u00f3n a otras. Entre las homenajeadas est\u00e1n: Camila Cabello,&#046;&#046;&#046;\" \/>\n<meta property=\"og:url\" content=\"https:\/\/noti-america.com\/site\/principal\/2024\/05\/27\/billboard-honrara-a-las-mujeres-latinas-en-la-musica\/\" \/>\n<meta property=\"og:site_name\" content=\"Noti-America.com\" \/>\n<meta property=\"article:author\" content=\"Mar\u00eda Valentina Noguera\" \/>\n<meta property=\"article:published_time\" content=\"2024-05-27T14:48:59+00:00\" \/>\n<meta property=\"og:image\" content=\"https:\/\/noti-america.com\/site\/principal\/wp-content\/uploads\/sites\/26\/2024\/05\/pero-me-mantengo-en-escenarios-5-16-66f282.png\" \/>\n\t<meta property=\"og:image:width\" content=\"800\" \/>\n\t<meta property=\"og:image:height\" content=\"500\" \/>\n\t<meta property=\"og:image:type\" content=\"image\/png\" \/>\n<meta name=\"author\" content=\"Maria Valentina Noguera Medina\" \/>\n<meta name=\"twitter:card\" content=\"summary_large_image\" \/>\n<meta name=\"twitter:label1\" content=\"Escrito por\" \/>\n\t<meta name=\"twitter:data1\" content=\"Maria Valentina Noguera Medina\" \/>\n\t<meta name=\"twitter:label2\" content=\"Tiempo estimado de lectura\" \/>\n\t<meta name=\"twitter:data2\" content=\"1 minuto\" \/>\n<script type=\"application\/ld+json\" class=\"yoast-schema-graph\">{\"@context\":\"https:\/\/schema.org\",\"@graph\":[{\"@type\":\"Article\",\"@id\":\"https:\/\/noti-america.com\/site\/principal\/2024\/05\/27\/billboard-honrara-a-las-mujeres-latinas-en-la-musica\/#article\",\"isPartOf\":{\"@id\":\"https:\/\/noti-america.com\/site\/principal\/2024\/05\/27\/billboard-honrara-a-las-mujeres-latinas-en-la-musica\/\"},\"author\":{\"name\":\"Maria Valentina Noguera Medina\",\"@id\":\"https:\/\/noti-america.com\/site\/principal\/#\/schema\/person\/22806efcc2cfc4b45efb0e17be210ea8\"},\"headline\":\"Billboard honrar\u00e1 a las mujeres latinas en la m\u00fasica\",\"datePublished\":\"2024-05-27T14:48:59+00:00\",\"mainEntityOfPage\":{\"@id\":\"https:\/\/noti-america.com\/site\/principal\/2024\/05\/27\/billboard-honrara-a-las-mujeres-latinas-en-la-musica\/\"},\"wordCount\":118,\"image\":{\"@id\":\"https:\/\/noti-america.com\/site\/principal\/2024\/05\/27\/billboard-honrara-a-las-mujeres-latinas-en-la-musica\/#primaryimage\"},\"thumbnailUrl\":\"https:\/\/noti-america.com\/site\/principal\/wp-content\/uploads\/sites\/26\/2024\/05\/pero-me-mantengo-en-escenarios-5-16-66f282.png\",\"articleSection\":[\"Actualidad\"],\"inLanguage\":\"es\"},{\"@type\":\"WebPage\",\"@id\":\"https:\/\/noti-america.com\/site\/principal\/2024\/05\/27\/billboard-honrara-a-las-mujeres-latinas-en-la-musica\/\",\"url\":\"https:\/\/noti-america.com\/site\/principal\/2024\/05\/27\/billboard-honrara-a-las-mujeres-latinas-en-la-musica\/\",\"name\":\"Billboard honrar\u00e1 a las mujeres latinas en la m\u00fasica - Noti-America.com\",\"isPartOf\":{\"@id\":\"https:\/\/noti-america.com\/site\/principal\/#website\"},\"primaryImageOfPage\":{\"@id\":\"https:\/\/noti-america.com\/site\/principal\/2024\/05\/27\/billboard-honrara-a-las-mujeres-latinas-en-la-musica\/#primaryimage\"},\"image\":{\"@id\":\"https:\/\/noti-america.com\/site\/principal\/2024\/05\/27\/billboard-honrara-a-las-mujeres-latinas-en-la-musica\/#primaryimage\"},\"thumbnailUrl\":\"https:\/\/noti-america.com\/site\/principal\/wp-content\/uploads\/sites\/26\/2024\/05\/pero-me-mantengo-en-escenarios-5-16-66f282.png\",\"datePublished\":\"2024-05-27T14:48:59+00:00\",\"author\":{\"@id\":\"https:\/\/noti-america.com\/site\/principal\/#\/schema\/person\/22806efcc2cfc4b45efb0e17be210ea8\"},\"breadcrumb\":{\"@id\":\"https:\/\/noti-america.com\/site\/principal\/2024\/05\/27\/billboard-honrara-a-las-mujeres-latinas-en-la-musica\/#breadcrumb\"},\"inLanguage\":\"es\",\"potentialAction\":[{\"@type\":\"ReadAction\",\"target\":[\"https:\/\/noti-america.com\/site\/principal\/2024\/05\/27\/billboard-honrara-a-las-mujeres-latinas-en-la-musica\/\"]}]},{\"@type\":\"ImageObject\",\"inLanguage\":\"es\",\"@id\":\"https:\/\/noti-america.com\/site\/principal\/2024\/05\/27\/billboard-honrara-a-las-mujeres-latinas-en-la-musica\/#primaryimage\",\"url\":\"https:\/\/noti-america.com\/site\/principal\/wp-content\/uploads\/sites\/26\/2024\/05\/pero-me-mantengo-en-escenarios-5-16-66f282.png\",\"contentUrl\":\"https:\/\/noti-america.com\/site\/principal\/wp-content\/uploads\/sites\/26\/2024\/05\/pero-me-mantengo-en-escenarios-5-16-66f282.png\",\"width\":800,\"height\":500},{\"@type\":\"BreadcrumbList\",\"@id\":\"https:\/\/noti-america.com\/site\/principal\/2024\/05\/27\/billboard-honrara-a-las-mujeres-latinas-en-la-musica\/#breadcrumb\",\"itemListElement\":[{\"@type\":\"ListItem\",\"position\":1,\"name\":\"Portada\",\"item\":\"https:\/\/noti-america.com\/site\/principal\/\"},{\"@type\":\"ListItem\",\"position\":2,\"name\":\"Billboard honrar\u00e1 a las mujeres latinas en la m\u00fasica\"}]},{\"@type\":\"WebSite\",\"@id\":\"https:\/\/noti-america.com\/site\/principal\/#website\",\"url\":\"https:\/\/noti-america.com\/site\/principal\/\",\"name\":\"Noti-America.com\",\"description\":\"El Noticiero Digital M\u00e1s Grande de Am\u00e9rica\",\"potentialAction\":[{\"@type\":\"SearchAction\",\"target\":{\"@type\":\"EntryPoint\",\"urlTemplate\":\"https:\/\/noti-america.com\/site\/principal\/?s={search_term_string}\"},\"query-input\":{\"@type\":\"PropertyValueSpecification\",\"valueRequired\":true,\"valueName\":\"search_term_string\"}}],\"inLanguage\":\"es\"},{\"@type\":\"Person\",\"@id\":\"https:\/\/noti-america.com\/site\/principal\/#\/schema\/person\/22806efcc2cfc4b45efb0e17be210ea8\",\"name\":\"Maria Valentina Noguera Medina\",\"image\":{\"@type\":\"ImageObject\",\"inLanguage\":\"es\",\"@id\":\"https:\/\/secure.gravatar.com\/avatar\/4ec5eb9d099f2608a49c9df6f7341f66f04f819cdffa09d56a7a0e91d2819d56?s=96&d=mm&r=g\",\"url\":\"https:\/\/secure.gravatar.com\/avatar\/4ec5eb9d099f2608a49c9df6f7341f66f04f819cdffa09d56a7a0e91d2819d56?s=96&d=mm&r=g\",\"contentUrl\":\"https:\/\/secure.gravatar.com\/avatar\/4ec5eb9d099f2608a49c9df6f7341f66f04f819cdffa09d56a7a0e91d2819d56?s=96&d=mm&r=g\",\"caption\":\"Maria Valentina Noguera Medina\"},\"description\":\"Periodista - noti-america - Promar Community Manager - Talento Plus Dise\u00f1adora\/ creadora de contenido...\",\"sameAs\":[\"Mar\u00eda Valentina Noguera\",\"https:\/\/www.facebook.com\/mariavalentina.noguera\",\"https:\/\/www.linkedin.com\/in\/mara-valentina-noguera-medina-373075165\/\",\"https:\/\/www.pinterest.es\/valentinanoguera95\/\",\"https:\/\/www.youtube.com\/channel\/UCdek6mbUZ-Tqqw0I63i4nmQ\"],\"url\":\"https:\/\/noti-america.com\/site\/principal\/author\/mnoguera\/\"}]}<\/script>\n<!-- \/ Yoast SEO Premium plugin. -->","yoast_head_json":{"title":"Billboard honrar\u00e1 a las mujeres latinas en la m\u00fasica - Noti-America.com","robots":{"index":"index","follow":"follow","max-snippet":"max-snippet:-1","max-image-preview":"max-image-preview:large","max-video-preview":"max-video-preview:-1"},"canonical":"https:\/\/noti-america.com\/site\/principal\/2024\/05\/27\/billboard-honrara-a-las-mujeres-latinas-en-la-musica\/","og_locale":"es_ES","og_type":"article","og_title":"Billboard honrar\u00e1 a las mujeres latinas en la m\u00fasica","og_description":"NOTI-AMERICA.COM | ARGENTINA Los premios Billboard celebrar\u00e1n este domingo 9 de junio el talento de las mujeres latinas en la m\u00fasica, quienes resultaron ser de inspiraci\u00f3n a otras. Entre las homenajeadas est\u00e1n: Camila Cabello,&#46;&#46;&#46;","og_url":"https:\/\/noti-america.com\/site\/principal\/2024\/05\/27\/billboard-honrara-a-las-mujeres-latinas-en-la-musica\/","og_site_name":"Noti-America.com","article_author":"Mar\u00eda Valentina Noguera","article_published_time":"2024-05-27T14:48:59+00:00","og_image":[{"width":800,"height":500,"url":"https:\/\/noti-america.com\/site\/principal\/wp-content\/uploads\/sites\/26\/2024\/05\/pero-me-mantengo-en-escenarios-5-16-66f282.png","type":"image\/png"}],"author":"Maria Valentina Noguera Medina","twitter_card":"summary_large_image","twitter_misc":{"Escrito por":"Maria Valentina Noguera Medina","Tiempo estimado de lectura":"1 minuto"},"schema":{"@context":"https:\/\/schema.org","@graph":[{"@type":"Article","@id":"https:\/\/noti-america.com\/site\/principal\/2024\/05\/27\/billboard-honrara-a-las-mujeres-latinas-en-la-musica\/#article","isPartOf":{"@id":"https:\/\/noti-america.com\/site\/principal\/2024\/05\/27\/billboard-honrara-a-las-mujeres-latinas-en-la-musica\/"},"author":{"name":"Maria Valentina Noguera Medina","@id":"https:\/\/noti-america.com\/site\/principal\/#\/schema\/person\/22806efcc2cfc4b45efb0e17be210ea8"},"headline":"Billboard honrar\u00e1 a las mujeres latinas en la m\u00fasica","datePublished":"2024-05-27T14:48:59+00:00","mainEntityOfPage":{"@id":"https:\/\/noti-america.com\/site\/principal\/2024\/05\/27\/billboard-honrara-a-las-mujeres-latinas-en-la-musica\/"},"wordCount":118,"image":{"@id":"https:\/\/noti-america.com\/site\/principal\/2024\/05\/27\/billboard-honrara-a-las-mujeres-latinas-en-la-musica\/#primaryimage"},"thumbnailUrl":"https:\/\/noti-america.com\/site\/principal\/wp-content\/uploads\/sites\/26\/2024\/05\/pero-me-mantengo-en-escenarios-5-16-66f282.png","articleSection":["Actualidad"],"inLanguage":"es"},{"@type":"WebPage","@id":"https:\/\/noti-america.com\/site\/principal\/2024\/05\/27\/billboard-honrara-a-las-mujeres-latinas-en-la-musica\/","url":"https:\/\/noti-america.com\/site\/principal\/2024\/05\/27\/billboard-honrara-a-las-mujeres-latinas-en-la-musica\/","name":"Billboard honrar\u00e1 a las mujeres latinas en la m\u00fasica - Noti-America.com","isPartOf":{"@id":"https:\/\/noti-america.com\/site\/principal\/#website"},"primaryImageOfPage":{"@id":"https:\/\/noti-america.com\/site\/principal\/2024\/05\/27\/billboard-honrara-a-las-mujeres-latinas-en-la-musica\/#primaryimage"},"image":{"@id":"https:\/\/noti-america.com\/site\/principal\/2024\/05\/27\/billboard-honrara-a-las-mujeres-latinas-en-la-musica\/#primaryimage"},"thumbnailUrl":"https:\/\/noti-america.com\/site\/principal\/wp-content\/uploads\/sites\/26\/2024\/05\/pero-me-mantengo-en-escenarios-5-16-66f282.png","datePublished":"2024-05-27T14:48:59+00:00","author":{"@id":"https:\/\/noti-america.com\/site\/principal\/#\/schema\/person\/22806efcc2cfc4b45efb0e17be210ea8"},"breadcrumb":{"@id":"https:\/\/noti-america.com\/site\/principal\/2024\/05\/27\/billboard-honrara-a-las-mujeres-latinas-en-la-musica\/#breadcrumb"},"inLanguage":"es","potentialAction":[{"@type":"ReadAction","target":["https:\/\/noti-america.com\/site\/principal\/2024\/05\/27\/billboard-honrara-a-las-mujeres-latinas-en-la-musica\/"]}]},{"@type":"ImageObject","inLanguage":"es","@id":"https:\/\/noti-america.com\/site\/principal\/2024\/05\/27\/billboard-honrara-a-las-mujeres-latinas-en-la-musica\/#primaryimage","url":"https:\/\/noti-america.com\/site\/principal\/wp-content\/uploads\/sites\/26\/2024\/05\/pero-me-mantengo-en-escenarios-5-16-66f282.png","contentUrl":"https:\/\/noti-america.com\/site\/principal\/wp-content\/uploads\/sites\/26\/2024\/05\/pero-me-mantengo-en-escenarios-5-16-66f282.png","width":800,"height":500},{"@type":"BreadcrumbList","@id":"https:\/\/noti-america.com\/site\/principal\/2024\/05\/27\/billboard-honrara-a-las-mujeres-latinas-en-la-musica\/#breadcrumb","itemListElement":[{"@type":"ListItem","position":1,"name":"Portada","item":"https:\/\/noti-america.com\/site\/principal\/"},{"@type":"ListItem","position":2,"name":"Billboard honrar\u00e1 a las mujeres latinas en la m\u00fasica"}]},{"@type":"WebSite","@id":"https:\/\/noti-america.com\/site\/principal\/#website","url":"https:\/\/noti-america.com\/site\/principal\/","name":"Noti-America.com","description":"El Noticiero Digital M\u00e1s Grande de Am\u00e9rica","potentialAction":[{"@type":"SearchAction","target":{"@type":"EntryPoint","urlTemplate":"https:\/\/noti-america.com\/site\/principal\/?s={search_term_string}"},"query-input":{"@type":"PropertyValueSpecification","valueRequired":true,"valueName":"search_term_string"}}],"inLanguage":"es"},{"@type":"Person","@id":"https:\/\/noti-america.com\/site\/principal\/#\/schema\/person\/22806efcc2cfc4b45efb0e17be210ea8","name":"Maria Valentina Noguera Medina","image":{"@type":"ImageObject","inLanguage":"es","@id":"https:\/\/secure.gravatar.com\/avatar\/4ec5eb9d099f2608a49c9df6f7341f66f04f819cdffa09d56a7a0e91d2819d56?s=96&d=mm&r=g","url":"https:\/\/secure.gravatar.com\/avatar\/4ec5eb9d099f2608a49c9df6f7341f66f04f819cdffa09d56a7a0e91d2819d56?s=96&d=mm&r=g","contentUrl":"https:\/\/secure.gravatar.com\/avatar\/4ec5eb9d099f2608a49c9df6f7341f66f04f819cdffa09d56a7a0e91d2819d56?s=96&d=mm&r=g","caption":"Maria Valentina Noguera Medina"},"description":"Periodista - noti-america - Promar Community Manager - Talento Plus Dise\u00f1adora\/ creadora de contenido...","sameAs":["Mar\u00eda Valentina Noguera","https:\/\/www.facebook.com\/mariavalentina.noguera","https:\/\/www.linkedin.com\/in\/mara-valentina-noguera-medina-373075165\/","https:\/\/www.pinterest.es\/valentinanoguera95\/","https:\/\/www.youtube.com\/channel\/UCdek6mbUZ-Tqqw0I63i4nmQ"],"url":"https:\/\/noti-america.com\/site\/principal\/author\/mnoguera\/"}]}},"_links":{"self":[{"href":"https:\/\/noti-america.com\/site\/principal\/wp-json\/wp\/v2\/posts\/45747","targetHints":{"allow":["GET"]}}],"collection":[{"href":"https:\/\/noti-america.com\/site\/principal\/wp-json\/wp\/v2\/posts"}],"about":[{"href":"https:\/\/noti-america.com\/site\/principal\/wp-json\/wp\/v2\/types\/post"}],"author":[{"embeddable":true,"href":"https:\/\/noti-america.com\/site\/principal\/wp-json\/wp\/v2\/users\/133"}],"replies":[{"embeddable":true,"href":"https:\/\/noti-america.com\/site\/principal\/wp-json\/wp\/v2\/comments?post=45747"}],"version-history":[{"count":1,"href":"https:\/\/noti-america.com\/site\/principal\/wp-json\/wp\/v2\/posts\/45747\/revisions"}],"predecessor-version":[{"id":45761,"href":"https:\/\/noti-america.com\/site\/principal\/wp-json\/wp\/v2\/posts\/45747\/revisions\/45761"}],"wp:featuredmedia":[{"embeddable":true,"href":"https:\/\/noti-america.com\/site\/principal\/wp-json\/wp\/v2\/media\/45748"}],"wp:attachment":[{"href":"https:\/\/noti-america.com\/site\/principal\/wp-json\/wp\/v2\/media?parent=45747"}],"wp:term":[{"taxonomy":"category","embeddable":true,"href":"https:\/\/noti-america.com\/site\/principal\/wp-json\/wp\/v2\/categories?post=45747"},{"taxonomy":"post_tag","embeddable":true,"href":"https:\/\/noti-america.com\/site\/principal\/wp-json\/wp\/v2\/tags?post=45747"}],"curies":[{"name":"wp","href":"https:\/\/api.w.org\/{rel}","templated":true}]}}