{"id":45525,"date":"2024-05-23T22:21:35","date_gmt":"2024-05-24T02:21:35","guid":{"rendered":"https:\/\/noti-america.com\/site\/principal\/?p=45525"},"modified":"2024-05-23T22:21:35","modified_gmt":"2024-05-24T02:21:35","slug":"temporada-internacional-arte-lirico-y-zarzuela-2024","status":"publish","type":"post","link":"https:\/\/noti-america.com\/site\/principal\/2024\/05\/23\/temporada-internacional-arte-lirico-y-zarzuela-2024\/","title":{"rendered":"Temporada Internacional Arte L\u00edrico y Zarzuela 2024"},"content":{"rendered":"<p>NOTI-AMERICA | COLOMBIA<\/p>\n<div><i>Del\u00a0<\/i><b><i>8 al 30 junio\u00a0<\/i><\/b><i>se realizar\u00e1 la\u00a0<\/i><b><i>Temporada Internacional Arte L\u00edrico y Zarzuela 2024<\/i><\/b><i>, organizada por la\u00a0<\/i><b><i>Fundaci\u00f3n Arte L\u00edrico\u00a0y el Teatro Cafam<\/i><\/b><i>\u00a0en coproducci\u00f3n con el\u00a0<\/i><b><i>Ministerio de Cultura de Espa\u00f1a<\/i><\/b><i>. Esta vez y a petici\u00f3n del p\u00fablico, las m\u00e1s memorables piezas de la Zarzuela se llevar\u00e1n a escena, para un p\u00fablico conocedor y amante del g\u00e9nero que cada a\u00f1o acude a la cita para presenciar en primera fila piezas emblem\u00e1ticas de arte l\u00edrico como\u00a0<\/i><b><i>Luisa Fernanda, La Leyenda del Beso, La Antolog\u00eda Zarzuela<\/i><\/b><i>,\u00a0para un cierre de lujo que pondr\u00e1 en escena\u00a0<\/i><b><i>La Corte del Fara\u00f3n<\/i><\/b><i>,\u00a0con la\u00a0direcci\u00f3n de Orquesta del maestro cubano\u00a0J<\/i><b><i>hovany Duarte<\/i><\/b><i>,\u00a0la direcci\u00f3n esc\u00e9nica de Ricardo Mu\u00f1iz y Lorenzo Moncloa, bajo la direcci\u00f3n general de\u00a0<\/i><b><i>Estrella Barbero de Malag\u00f3n.<\/i><\/b><\/div>\n<div><i>Ser\u00e1 la oportunidad m\u00e1s grande para disfrutar del mejor repertorio l\u00edrico con la presencia sobre el escenario de los m\u00e1s virtuosos solistas provenientes de\u00a0<\/i><b><i>Espa\u00f1a, Cuba y Colombia\u00a0<\/i><\/b><i>que desbordar\u00e1n todo su talento, en un espect\u00e1culo magistral con estrellas provenientes de Espa\u00f1a como\u00a0<\/i><b><i>Bel\u00e9n L\u00f3pez, Javier Palacios, Gabriel Alonso y Ricardo Mu\u00f1iz , de Cuba\u00a0Gloria Casas<\/i><\/b><i>,\u00a0 acompa\u00f1ados por talento colombiano como las sopranos\u00a0<\/i><b><i>Beatriz Mora, Claudia Escobar, Erika Redondo, y Zulay Pe\u00f1a,\u00a0 los tenores\u00a0Fabian C\u00e1rdenas, \u00a0Miguel Sierra, los bar\u00edtonos\u00a0Sydney Jim\u00e9nez \u00a0y Cristian Cometa.<\/i><\/b><\/div>\n<div><i>Integran este elenco un coro de 30 voces dirigidos por\u00a0<\/i><b><i>Pablo L\u00f3pez,<\/i><\/b><i>\u00a0una orquesta de 30 m\u00fasicos dirigidos por J<\/i><b><i>hovany Duarte<\/i><\/b><i>, un cuerpo de\u00a0baile dirigido por La\u00a0<\/i><b><i>Yunna y Rolando L\u00f3pez<\/i><\/b><i>.<\/i><\/div>\n<div><i>Este a\u00f1o la Fundaci\u00f3n Arte Lirico, el Teatro Cafam y el Ministerio de Cultura de Espa\u00f1a, han aunado esfuerzos para mantener vivo el arte lirico y llegar con esta temporada que trae a cartelera los cl\u00e1sicos de todos los tiempos para un p\u00fablico amplio conocedor del g\u00e9nero.<\/i><\/div>\n<div><i>\u00a0<\/i><\/div>\n<div><b><i>TEMPORADA.<\/i><\/b><\/div>\n<div><b><i>8 y 9 de junio Luisa Fernanda\u00a0<\/i><\/b><\/div>\n<div><b><i>15 y 16 de junio La Leyenda del Beso<\/i><\/b><\/div>\n<div><b><i>22 y 23 de junio, La Antolog\u00eda de la Zarzuela<\/i><\/b><\/div>\n<div align=\"left\"><b><i>29 y 30 de junio La Corte del Fara\u00f3n.<\/i><\/b><\/div>\n<div><b><i>FUNCIONES: S\u00e1bados 8:00 PM y Domingos 5:00 PM<\/i><\/b><\/div>\n<p><b><i>VENTA DE BOLETAS<\/i><\/b><\/p>\n<p><b><i>TAQUILLAS DEL TEATRO\u00a06444900<\/i><\/b><\/p>\n<p><b><i>TU BOLETA 5936300<\/i><\/b><\/p>\n","protected":false},"excerpt":{"rendered":"<p>NOTI-AMERICA | COLOMBIA Del\u00a08 al 30 junio\u00a0se realizar\u00e1 la\u00a0Temporada Internacional Arte L\u00edrico y Zarzuela 2024, organizada por la\u00a0Fundaci\u00f3n Arte L\u00edrico\u00a0y el Teatro Cafam\u00a0en coproducci\u00f3n con el\u00a0Ministerio de Cultura de Espa\u00f1a. Esta vez y a&#46;&#46;&#46;<\/p>\n","protected":false},"author":135,"featured_media":45526,"comment_status":"","ping_status":"open","sticky":false,"template":"","format":"image","meta":{"_acf_changed":false,"rop_custom_images_group":[],"rop_custom_messages_group":[],"rop_publish_now":"initial","rop_publish_now_accounts":{"facebook_10219548024599422_1632221337088128":"","twitter_242054905_242054905":""},"rop_publish_now_history":[],"rop_publish_now_status":"pending","footnotes":""},"categories":[8],"tags":[],"class_list":["post-45525","post","type-post","status-publish","format-image","has-post-thumbnail","hentry","category-arte-y-espectaculos","post_format-post-format-image"],"acf":[],"yoast_head":"<!-- This site is optimized with the Yoast SEO Premium plugin v24.9 (Yoast SEO v27.2) - https:\/\/yoast.com\/product\/yoast-seo-premium-wordpress\/ -->\n<title>Temporada Internacional Arte L\u00edrico y Zarzuela 2024 - Noti-America.com<\/title>\n<meta name=\"robots\" content=\"index, follow, max-snippet:-1, max-image-preview:large, max-video-preview:-1\" \/>\n<link rel=\"canonical\" href=\"https:\/\/noti-america.com\/site\/principal\/2024\/05\/23\/temporada-internacional-arte-lirico-y-zarzuela-2024\/\" \/>\n<meta property=\"og:locale\" content=\"es_ES\" \/>\n<meta property=\"og:type\" content=\"article\" \/>\n<meta property=\"og:title\" content=\"Temporada Internacional Arte L\u00edrico y Zarzuela 2024\" \/>\n<meta property=\"og:description\" content=\"NOTI-AMERICA | COLOMBIA Del\u00a08 al 30 junio\u00a0se realizar\u00e1 la\u00a0Temporada Internacional Arte L\u00edrico y Zarzuela 2024, organizada por la\u00a0Fundaci\u00f3n Arte L\u00edrico\u00a0y el Teatro Cafam\u00a0en coproducci\u00f3n con el\u00a0Ministerio de Cultura de Espa\u00f1a. Esta vez y a&#046;&#046;&#046;\" \/>\n<meta property=\"og:url\" content=\"https:\/\/noti-america.com\/site\/principal\/2024\/05\/23\/temporada-internacional-arte-lirico-y-zarzuela-2024\/\" \/>\n<meta property=\"og:site_name\" content=\"Noti-America.com\" \/>\n<meta property=\"article:published_time\" content=\"2024-05-24T02:21:35+00:00\" \/>\n<meta property=\"og:image\" content=\"https:\/\/noti-america.com\/site\/principal\/wp-content\/uploads\/sites\/26\/2024\/05\/TemporadaZarzuela-flayer--scaled.jpg\" \/>\n\t<meta property=\"og:image:width\" content=\"1792\" \/>\n\t<meta property=\"og:image:height\" content=\"2560\" \/>\n\t<meta property=\"og:image:type\" content=\"image\/jpeg\" \/>\n<meta name=\"author\" content=\"mlenis\" \/>\n<meta name=\"twitter:card\" content=\"summary_large_image\" \/>\n<meta name=\"twitter:label1\" content=\"Escrito por\" \/>\n\t<meta name=\"twitter:data1\" content=\"mlenis\" \/>\n\t<meta name=\"twitter:label2\" content=\"Tiempo estimado de lectura\" \/>\n\t<meta name=\"twitter:data2\" content=\"2 minutos\" \/>\n<script type=\"application\/ld+json\" class=\"yoast-schema-graph\">{\"@context\":\"https:\/\/schema.org\",\"@graph\":[{\"@type\":\"Article\",\"@id\":\"https:\/\/noti-america.com\/site\/principal\/2024\/05\/23\/temporada-internacional-arte-lirico-y-zarzuela-2024\/#article\",\"isPartOf\":{\"@id\":\"https:\/\/noti-america.com\/site\/principal\/2024\/05\/23\/temporada-internacional-arte-lirico-y-zarzuela-2024\/\"},\"author\":{\"name\":\"mlenis\",\"@id\":\"https:\/\/noti-america.com\/site\/principal\/#\/schema\/person\/4b216aa1c65f5f3ee2a0f0ee69a3f85f\"},\"headline\":\"Temporada Internacional Arte L\u00edrico y Zarzuela 2024\",\"datePublished\":\"2024-05-24T02:21:35+00:00\",\"mainEntityOfPage\":{\"@id\":\"https:\/\/noti-america.com\/site\/principal\/2024\/05\/23\/temporada-internacional-arte-lirico-y-zarzuela-2024\/\"},\"wordCount\":389,\"image\":{\"@id\":\"https:\/\/noti-america.com\/site\/principal\/2024\/05\/23\/temporada-internacional-arte-lirico-y-zarzuela-2024\/#primaryimage\"},\"thumbnailUrl\":\"https:\/\/noti-america.com\/site\/principal\/wp-content\/uploads\/sites\/26\/2024\/05\/TemporadaZarzuela-flayer--scaled.jpg\",\"articleSection\":[\"Arte y Espect\u00e1culos\"],\"inLanguage\":\"es\"},{\"@type\":\"WebPage\",\"@id\":\"https:\/\/noti-america.com\/site\/principal\/2024\/05\/23\/temporada-internacional-arte-lirico-y-zarzuela-2024\/\",\"url\":\"https:\/\/noti-america.com\/site\/principal\/2024\/05\/23\/temporada-internacional-arte-lirico-y-zarzuela-2024\/\",\"name\":\"Temporada Internacional Arte L\u00edrico y Zarzuela 2024 - Noti-America.com\",\"isPartOf\":{\"@id\":\"https:\/\/noti-america.com\/site\/principal\/#website\"},\"primaryImageOfPage\":{\"@id\":\"https:\/\/noti-america.com\/site\/principal\/2024\/05\/23\/temporada-internacional-arte-lirico-y-zarzuela-2024\/#primaryimage\"},\"image\":{\"@id\":\"https:\/\/noti-america.com\/site\/principal\/2024\/05\/23\/temporada-internacional-arte-lirico-y-zarzuela-2024\/#primaryimage\"},\"thumbnailUrl\":\"https:\/\/noti-america.com\/site\/principal\/wp-content\/uploads\/sites\/26\/2024\/05\/TemporadaZarzuela-flayer--scaled.jpg\",\"datePublished\":\"2024-05-24T02:21:35+00:00\",\"author\":{\"@id\":\"https:\/\/noti-america.com\/site\/principal\/#\/schema\/person\/4b216aa1c65f5f3ee2a0f0ee69a3f85f\"},\"breadcrumb\":{\"@id\":\"https:\/\/noti-america.com\/site\/principal\/2024\/05\/23\/temporada-internacional-arte-lirico-y-zarzuela-2024\/#breadcrumb\"},\"inLanguage\":\"es\",\"potentialAction\":[{\"@type\":\"ReadAction\",\"target\":[\"https:\/\/noti-america.com\/site\/principal\/2024\/05\/23\/temporada-internacional-arte-lirico-y-zarzuela-2024\/\"]}]},{\"@type\":\"ImageObject\",\"inLanguage\":\"es\",\"@id\":\"https:\/\/noti-america.com\/site\/principal\/2024\/05\/23\/temporada-internacional-arte-lirico-y-zarzuela-2024\/#primaryimage\",\"url\":\"https:\/\/noti-america.com\/site\/principal\/wp-content\/uploads\/sites\/26\/2024\/05\/TemporadaZarzuela-flayer--scaled.jpg\",\"contentUrl\":\"https:\/\/noti-america.com\/site\/principal\/wp-content\/uploads\/sites\/26\/2024\/05\/TemporadaZarzuela-flayer--scaled.jpg\",\"width\":1792,\"height\":2560},{\"@type\":\"BreadcrumbList\",\"@id\":\"https:\/\/noti-america.com\/site\/principal\/2024\/05\/23\/temporada-internacional-arte-lirico-y-zarzuela-2024\/#breadcrumb\",\"itemListElement\":[{\"@type\":\"ListItem\",\"position\":1,\"name\":\"Portada\",\"item\":\"https:\/\/noti-america.com\/site\/principal\/\"},{\"@type\":\"ListItem\",\"position\":2,\"name\":\"Temporada Internacional Arte L\u00edrico y Zarzuela 2024\"}]},{\"@type\":\"WebSite\",\"@id\":\"https:\/\/noti-america.com\/site\/principal\/#website\",\"url\":\"https:\/\/noti-america.com\/site\/principal\/\",\"name\":\"Noti-America.com\",\"description\":\"El Noticiero Digital M\u00e1s Grande de Am\u00e9rica\",\"potentialAction\":[{\"@type\":\"SearchAction\",\"target\":{\"@type\":\"EntryPoint\",\"urlTemplate\":\"https:\/\/noti-america.com\/site\/principal\/?s={search_term_string}\"},\"query-input\":{\"@type\":\"PropertyValueSpecification\",\"valueRequired\":true,\"valueName\":\"search_term_string\"}}],\"inLanguage\":\"es\"},{\"@type\":\"Person\",\"@id\":\"https:\/\/noti-america.com\/site\/principal\/#\/schema\/person\/4b216aa1c65f5f3ee2a0f0ee69a3f85f\",\"name\":\"mlenis\",\"image\":{\"@type\":\"ImageObject\",\"inLanguage\":\"es\",\"@id\":\"https:\/\/secure.gravatar.com\/avatar\/71bbe7129a082888d49bedca63e7a6e75ca485c648bb239a7515a2a55acd510f?s=96&d=mm&r=g\",\"url\":\"https:\/\/secure.gravatar.com\/avatar\/71bbe7129a082888d49bedca63e7a6e75ca485c648bb239a7515a2a55acd510f?s=96&d=mm&r=g\",\"contentUrl\":\"https:\/\/secure.gravatar.com\/avatar\/71bbe7129a082888d49bedca63e7a6e75ca485c648bb239a7515a2a55acd510f?s=96&d=mm&r=g\",\"caption\":\"mlenis\"},\"url\":\"https:\/\/noti-america.com\/site\/principal\/author\/mlenis\/\"}]}<\/script>\n<!-- \/ Yoast SEO Premium plugin. -->","yoast_head_json":{"title":"Temporada Internacional Arte L\u00edrico y Zarzuela 2024 - Noti-America.com","robots":{"index":"index","follow":"follow","max-snippet":"max-snippet:-1","max-image-preview":"max-image-preview:large","max-video-preview":"max-video-preview:-1"},"canonical":"https:\/\/noti-america.com\/site\/principal\/2024\/05\/23\/temporada-internacional-arte-lirico-y-zarzuela-2024\/","og_locale":"es_ES","og_type":"article","og_title":"Temporada Internacional Arte L\u00edrico y Zarzuela 2024","og_description":"NOTI-AMERICA | COLOMBIA Del\u00a08 al 30 junio\u00a0se realizar\u00e1 la\u00a0Temporada Internacional Arte L\u00edrico y Zarzuela 2024, organizada por la\u00a0Fundaci\u00f3n Arte L\u00edrico\u00a0y el Teatro Cafam\u00a0en coproducci\u00f3n con el\u00a0Ministerio de Cultura de Espa\u00f1a. Esta vez y a&#46;&#46;&#46;","og_url":"https:\/\/noti-america.com\/site\/principal\/2024\/05\/23\/temporada-internacional-arte-lirico-y-zarzuela-2024\/","og_site_name":"Noti-America.com","article_published_time":"2024-05-24T02:21:35+00:00","og_image":[{"width":1792,"height":2560,"url":"https:\/\/noti-america.com\/site\/principal\/wp-content\/uploads\/sites\/26\/2024\/05\/TemporadaZarzuela-flayer--scaled.jpg","type":"image\/jpeg"}],"author":"mlenis","twitter_card":"summary_large_image","twitter_misc":{"Escrito por":"mlenis","Tiempo estimado de lectura":"2 minutos"},"schema":{"@context":"https:\/\/schema.org","@graph":[{"@type":"Article","@id":"https:\/\/noti-america.com\/site\/principal\/2024\/05\/23\/temporada-internacional-arte-lirico-y-zarzuela-2024\/#article","isPartOf":{"@id":"https:\/\/noti-america.com\/site\/principal\/2024\/05\/23\/temporada-internacional-arte-lirico-y-zarzuela-2024\/"},"author":{"name":"mlenis","@id":"https:\/\/noti-america.com\/site\/principal\/#\/schema\/person\/4b216aa1c65f5f3ee2a0f0ee69a3f85f"},"headline":"Temporada Internacional Arte L\u00edrico y Zarzuela 2024","datePublished":"2024-05-24T02:21:35+00:00","mainEntityOfPage":{"@id":"https:\/\/noti-america.com\/site\/principal\/2024\/05\/23\/temporada-internacional-arte-lirico-y-zarzuela-2024\/"},"wordCount":389,"image":{"@id":"https:\/\/noti-america.com\/site\/principal\/2024\/05\/23\/temporada-internacional-arte-lirico-y-zarzuela-2024\/#primaryimage"},"thumbnailUrl":"https:\/\/noti-america.com\/site\/principal\/wp-content\/uploads\/sites\/26\/2024\/05\/TemporadaZarzuela-flayer--scaled.jpg","articleSection":["Arte y Espect\u00e1culos"],"inLanguage":"es"},{"@type":"WebPage","@id":"https:\/\/noti-america.com\/site\/principal\/2024\/05\/23\/temporada-internacional-arte-lirico-y-zarzuela-2024\/","url":"https:\/\/noti-america.com\/site\/principal\/2024\/05\/23\/temporada-internacional-arte-lirico-y-zarzuela-2024\/","name":"Temporada Internacional Arte L\u00edrico y Zarzuela 2024 - Noti-America.com","isPartOf":{"@id":"https:\/\/noti-america.com\/site\/principal\/#website"},"primaryImageOfPage":{"@id":"https:\/\/noti-america.com\/site\/principal\/2024\/05\/23\/temporada-internacional-arte-lirico-y-zarzuela-2024\/#primaryimage"},"image":{"@id":"https:\/\/noti-america.com\/site\/principal\/2024\/05\/23\/temporada-internacional-arte-lirico-y-zarzuela-2024\/#primaryimage"},"thumbnailUrl":"https:\/\/noti-america.com\/site\/principal\/wp-content\/uploads\/sites\/26\/2024\/05\/TemporadaZarzuela-flayer--scaled.jpg","datePublished":"2024-05-24T02:21:35+00:00","author":{"@id":"https:\/\/noti-america.com\/site\/principal\/#\/schema\/person\/4b216aa1c65f5f3ee2a0f0ee69a3f85f"},"breadcrumb":{"@id":"https:\/\/noti-america.com\/site\/principal\/2024\/05\/23\/temporada-internacional-arte-lirico-y-zarzuela-2024\/#breadcrumb"},"inLanguage":"es","potentialAction":[{"@type":"ReadAction","target":["https:\/\/noti-america.com\/site\/principal\/2024\/05\/23\/temporada-internacional-arte-lirico-y-zarzuela-2024\/"]}]},{"@type":"ImageObject","inLanguage":"es","@id":"https:\/\/noti-america.com\/site\/principal\/2024\/05\/23\/temporada-internacional-arte-lirico-y-zarzuela-2024\/#primaryimage","url":"https:\/\/noti-america.com\/site\/principal\/wp-content\/uploads\/sites\/26\/2024\/05\/TemporadaZarzuela-flayer--scaled.jpg","contentUrl":"https:\/\/noti-america.com\/site\/principal\/wp-content\/uploads\/sites\/26\/2024\/05\/TemporadaZarzuela-flayer--scaled.jpg","width":1792,"height":2560},{"@type":"BreadcrumbList","@id":"https:\/\/noti-america.com\/site\/principal\/2024\/05\/23\/temporada-internacional-arte-lirico-y-zarzuela-2024\/#breadcrumb","itemListElement":[{"@type":"ListItem","position":1,"name":"Portada","item":"https:\/\/noti-america.com\/site\/principal\/"},{"@type":"ListItem","position":2,"name":"Temporada Internacional Arte L\u00edrico y Zarzuela 2024"}]},{"@type":"WebSite","@id":"https:\/\/noti-america.com\/site\/principal\/#website","url":"https:\/\/noti-america.com\/site\/principal\/","name":"Noti-America.com","description":"El Noticiero Digital M\u00e1s Grande de Am\u00e9rica","potentialAction":[{"@type":"SearchAction","target":{"@type":"EntryPoint","urlTemplate":"https:\/\/noti-america.com\/site\/principal\/?s={search_term_string}"},"query-input":{"@type":"PropertyValueSpecification","valueRequired":true,"valueName":"search_term_string"}}],"inLanguage":"es"},{"@type":"Person","@id":"https:\/\/noti-america.com\/site\/principal\/#\/schema\/person\/4b216aa1c65f5f3ee2a0f0ee69a3f85f","name":"mlenis","image":{"@type":"ImageObject","inLanguage":"es","@id":"https:\/\/secure.gravatar.com\/avatar\/71bbe7129a082888d49bedca63e7a6e75ca485c648bb239a7515a2a55acd510f?s=96&d=mm&r=g","url":"https:\/\/secure.gravatar.com\/avatar\/71bbe7129a082888d49bedca63e7a6e75ca485c648bb239a7515a2a55acd510f?s=96&d=mm&r=g","contentUrl":"https:\/\/secure.gravatar.com\/avatar\/71bbe7129a082888d49bedca63e7a6e75ca485c648bb239a7515a2a55acd510f?s=96&d=mm&r=g","caption":"mlenis"},"url":"https:\/\/noti-america.com\/site\/principal\/author\/mlenis\/"}]}},"_links":{"self":[{"href":"https:\/\/noti-america.com\/site\/principal\/wp-json\/wp\/v2\/posts\/45525","targetHints":{"allow":["GET"]}}],"collection":[{"href":"https:\/\/noti-america.com\/site\/principal\/wp-json\/wp\/v2\/posts"}],"about":[{"href":"https:\/\/noti-america.com\/site\/principal\/wp-json\/wp\/v2\/types\/post"}],"author":[{"embeddable":true,"href":"https:\/\/noti-america.com\/site\/principal\/wp-json\/wp\/v2\/users\/135"}],"replies":[{"embeddable":true,"href":"https:\/\/noti-america.com\/site\/principal\/wp-json\/wp\/v2\/comments?post=45525"}],"version-history":[{"count":1,"href":"https:\/\/noti-america.com\/site\/principal\/wp-json\/wp\/v2\/posts\/45525\/revisions"}],"predecessor-version":[{"id":45563,"href":"https:\/\/noti-america.com\/site\/principal\/wp-json\/wp\/v2\/posts\/45525\/revisions\/45563"}],"wp:featuredmedia":[{"embeddable":true,"href":"https:\/\/noti-america.com\/site\/principal\/wp-json\/wp\/v2\/media\/45526"}],"wp:attachment":[{"href":"https:\/\/noti-america.com\/site\/principal\/wp-json\/wp\/v2\/media?parent=45525"}],"wp:term":[{"taxonomy":"category","embeddable":true,"href":"https:\/\/noti-america.com\/site\/principal\/wp-json\/wp\/v2\/categories?post=45525"},{"taxonomy":"post_tag","embeddable":true,"href":"https:\/\/noti-america.com\/site\/principal\/wp-json\/wp\/v2\/tags?post=45525"}],"curies":[{"name":"wp","href":"https:\/\/api.w.org\/{rel}","templated":true}]}}