{"id":45277,"date":"2024-05-21T16:33:24","date_gmt":"2024-05-21T20:33:24","guid":{"rendered":"https:\/\/noti-america.com\/site\/principal\/?p=45277"},"modified":"2024-05-21T16:33:24","modified_gmt":"2024-05-21T20:33:24","slug":"margot-robbie-llegaria-a-la-saga-piratas-del-caribe","status":"publish","type":"post","link":"https:\/\/noti-america.com\/site\/principal\/2024\/05\/21\/margot-robbie-llegaria-a-la-saga-piratas-del-caribe\/","title":{"rendered":"Margot Robbie llegar\u00eda a la saga \u201cPiratas del Caribe\u201d"},"content":{"rendered":"<p><span style=\"color: #008000\"><strong>NOTI-AMERICA.COM | M\u00c9XICO<\/strong><\/span><\/p>\n<p style=\"text-align: justify\">Margot Robbie volvi\u00f3 a recobrar atenci\u00f3n en Hollywood, tras protagonizar Barbie, el a\u00f1o anterior, su nombre se relacion\u00f3 con la saga Piratas del Caribe.<\/p>\n<p style=\"text-align: justify\">Jerry Bruckheimer, productor de la franquicia, confirm\u00f3 a la revista internacional Entertainment Weekly los planes de que Margot Robbie, la actriz de 33 a\u00f1os, aparezca en una nueva entrega spin-off de Piratas del Caribe, producida por Disney.<\/p>\n<p style=\"text-align: justify\">La cinta en la que Margot Robbie participar\u00eda est\u00e1 escrita por Christina Hodson, guionista de Aves de Presa en la que la misma actriz interpret\u00f3 a Harley Quinn. Asimismo, Jerry Bruckheimer cont\u00f3 el inter\u00e9s de Disney de una cinta m\u00e1s de Piratas del Caribe, que representar\u00e1 un reinicio de la saga, con un guion de Jeff Nathanson.<\/p>\n<p style=\"text-align: justify\">\u201cSon dos pel\u00edculas diferentes. Esperamos poder hacer ambas, y creo que Disney est\u00e1 de acuerdo en que tambi\u00e9n quieren hacer el de Margot\u201d, dijo Bruckheimer al medio estadounidense.<\/p>\n<h2><span style=\"color: #008000\"><strong>\u00bfQui\u00e9n m\u00e1s estarar\u00eda en el spin off de Piratas del Caribe?<\/strong><\/span><\/h2>\n<p style=\"text-align: justify\">Margot Robbie, c\u00e9lebre por sus actuaciones en cintas como El Lobo de Wallstreet y El Escuadr\u00f3n Suicida, hab\u00eda sonado desde hace algunos a\u00f1os, exactamente en 2022, para ser parte de la saga, sin embargo los rumores se han clarificado con las declaraciones del productor, quien tambi\u00e9n coment\u00f3 sobre la posibilidad de que Johnny Depp regrese como Jack Sparrow.<\/p>\n<h2><span style=\"color: #008000\">\u00bfCu\u00e1ntas pel\u00edculas hay de Piratas del Caribe?<\/span><\/h2>\n<p style=\"text-align: justify\">Hasta el d\u00eda de hoy,<i>\u00a0<\/i>Piratas del Caribe\u00a0ha estrenado cinco pel\u00edculas:<\/p>\n<ul>\n<li style=\"text-align: justify\"><span style=\"color: #008000\"><strong>La maldici\u00f3n del Perla Negra, su debut en 2003<\/strong><\/span><\/li>\n<li style=\"text-align: justify\"><span style=\"color: #008000\"><strong>El fin del mundo<\/strong><\/span><\/li>\n<li style=\"text-align: justify\"><span style=\"color: #008000\"><strong>El cofre de la muerte<\/strong><\/span><\/li>\n<li style=\"text-align: justify\"><span style=\"color: #008000\"><strong>Navegando en aguas misteriosas<\/strong><\/span><\/li>\n<li style=\"text-align: justify\"><span style=\"color: #008000\"><strong>La venganza de Salazar<\/strong><\/span><\/li>\n<\/ul>\n","protected":false},"excerpt":{"rendered":"<p>NOTI-AMERICA.COM | M\u00c9XICO Margot Robbie volvi\u00f3 a recobrar atenci\u00f3n en Hollywood, tras protagonizar Barbie, el a\u00f1o anterior, su nombre se relacion\u00f3 con la saga Piratas del Caribe. Jerry Bruckheimer, productor de la franquicia, confirm\u00f3&#46;&#46;&#46;<\/p>\n","protected":false},"author":133,"featured_media":45278,"comment_status":"","ping_status":"open","sticky":false,"template":"","format":"image","meta":{"_acf_changed":false,"rop_custom_images_group":[],"rop_custom_messages_group":[],"rop_publish_now":"initial","rop_publish_now_accounts":{"facebook_10219548024599422_1632221337088128":"","twitter_242054905_242054905":""},"rop_publish_now_history":[],"rop_publish_now_status":"pending","footnotes":""},"categories":[663],"tags":[],"class_list":["post-45277","post","type-post","status-publish","format-image","has-post-thumbnail","hentry","category-actualidad","post_format-post-format-image"],"acf":[],"yoast_head":"<!-- This site is optimized with the Yoast SEO Premium plugin v24.9 (Yoast SEO v27.2) - https:\/\/yoast.com\/product\/yoast-seo-premium-wordpress\/ -->\n<title>Margot Robbie llegar\u00eda a la saga \u201cPiratas del Caribe\u201d - Noti-America.com<\/title>\n<meta name=\"robots\" content=\"index, follow, max-snippet:-1, max-image-preview:large, max-video-preview:-1\" \/>\n<link rel=\"canonical\" href=\"https:\/\/noti-america.com\/site\/principal\/2024\/05\/21\/margot-robbie-llegaria-a-la-saga-piratas-del-caribe\/\" \/>\n<meta property=\"og:locale\" content=\"es_ES\" \/>\n<meta property=\"og:type\" content=\"article\" \/>\n<meta property=\"og:title\" content=\"Margot Robbie llegar\u00eda a la saga \u201cPiratas del Caribe\u201d\" \/>\n<meta property=\"og:description\" content=\"NOTI-AMERICA.COM | M\u00c9XICO Margot Robbie volvi\u00f3 a recobrar atenci\u00f3n en Hollywood, tras protagonizar Barbie, el a\u00f1o anterior, su nombre se relacion\u00f3 con la saga Piratas del Caribe. Jerry Bruckheimer, productor de la franquicia, confirm\u00f3&#046;&#046;&#046;\" \/>\n<meta property=\"og:url\" content=\"https:\/\/noti-america.com\/site\/principal\/2024\/05\/21\/margot-robbie-llegaria-a-la-saga-piratas-del-caribe\/\" \/>\n<meta property=\"og:site_name\" content=\"Noti-America.com\" \/>\n<meta property=\"article:author\" content=\"Mar\u00eda Valentina Noguera\" \/>\n<meta property=\"article:published_time\" content=\"2024-05-21T20:33:24+00:00\" \/>\n<meta property=\"og:image\" content=\"https:\/\/noti-america.com\/site\/principal\/wp-content\/uploads\/sites\/26\/2024\/05\/margot-robbie-y-Johnny-Depp.jpg\" \/>\n\t<meta property=\"og:image:width\" content=\"768\" \/>\n\t<meta property=\"og:image:height\" content=\"479\" \/>\n\t<meta property=\"og:image:type\" content=\"image\/jpeg\" \/>\n<meta name=\"author\" content=\"Maria Valentina Noguera Medina\" \/>\n<meta name=\"twitter:card\" content=\"summary_large_image\" \/>\n<meta name=\"twitter:label1\" content=\"Escrito por\" \/>\n\t<meta name=\"twitter:data1\" content=\"Maria Valentina Noguera Medina\" \/>\n\t<meta name=\"twitter:label2\" content=\"Tiempo estimado de lectura\" \/>\n\t<meta name=\"twitter:data2\" content=\"1 minuto\" \/>\n<script type=\"application\/ld+json\" class=\"yoast-schema-graph\">{\"@context\":\"https:\/\/schema.org\",\"@graph\":[{\"@type\":\"Article\",\"@id\":\"https:\/\/noti-america.com\/site\/principal\/2024\/05\/21\/margot-robbie-llegaria-a-la-saga-piratas-del-caribe\/#article\",\"isPartOf\":{\"@id\":\"https:\/\/noti-america.com\/site\/principal\/2024\/05\/21\/margot-robbie-llegaria-a-la-saga-piratas-del-caribe\/\"},\"author\":{\"name\":\"Maria Valentina Noguera Medina\",\"@id\":\"https:\/\/noti-america.com\/site\/principal\/#\/schema\/person\/22806efcc2cfc4b45efb0e17be210ea8\"},\"headline\":\"Margot Robbie llegar\u00eda a la saga \u201cPiratas del Caribe\u201d\",\"datePublished\":\"2024-05-21T20:33:24+00:00\",\"mainEntityOfPage\":{\"@id\":\"https:\/\/noti-america.com\/site\/principal\/2024\/05\/21\/margot-robbie-llegaria-a-la-saga-piratas-del-caribe\/\"},\"wordCount\":292,\"image\":{\"@id\":\"https:\/\/noti-america.com\/site\/principal\/2024\/05\/21\/margot-robbie-llegaria-a-la-saga-piratas-del-caribe\/#primaryimage\"},\"thumbnailUrl\":\"https:\/\/noti-america.com\/site\/principal\/wp-content\/uploads\/sites\/26\/2024\/05\/margot-robbie-y-Johnny-Depp.jpg\",\"articleSection\":[\"Actualidad\"],\"inLanguage\":\"es\"},{\"@type\":\"WebPage\",\"@id\":\"https:\/\/noti-america.com\/site\/principal\/2024\/05\/21\/margot-robbie-llegaria-a-la-saga-piratas-del-caribe\/\",\"url\":\"https:\/\/noti-america.com\/site\/principal\/2024\/05\/21\/margot-robbie-llegaria-a-la-saga-piratas-del-caribe\/\",\"name\":\"Margot Robbie llegar\u00eda a la saga \u201cPiratas del Caribe\u201d - Noti-America.com\",\"isPartOf\":{\"@id\":\"https:\/\/noti-america.com\/site\/principal\/#website\"},\"primaryImageOfPage\":{\"@id\":\"https:\/\/noti-america.com\/site\/principal\/2024\/05\/21\/margot-robbie-llegaria-a-la-saga-piratas-del-caribe\/#primaryimage\"},\"image\":{\"@id\":\"https:\/\/noti-america.com\/site\/principal\/2024\/05\/21\/margot-robbie-llegaria-a-la-saga-piratas-del-caribe\/#primaryimage\"},\"thumbnailUrl\":\"https:\/\/noti-america.com\/site\/principal\/wp-content\/uploads\/sites\/26\/2024\/05\/margot-robbie-y-Johnny-Depp.jpg\",\"datePublished\":\"2024-05-21T20:33:24+00:00\",\"author\":{\"@id\":\"https:\/\/noti-america.com\/site\/principal\/#\/schema\/person\/22806efcc2cfc4b45efb0e17be210ea8\"},\"breadcrumb\":{\"@id\":\"https:\/\/noti-america.com\/site\/principal\/2024\/05\/21\/margot-robbie-llegaria-a-la-saga-piratas-del-caribe\/#breadcrumb\"},\"inLanguage\":\"es\",\"potentialAction\":[{\"@type\":\"ReadAction\",\"target\":[\"https:\/\/noti-america.com\/site\/principal\/2024\/05\/21\/margot-robbie-llegaria-a-la-saga-piratas-del-caribe\/\"]}]},{\"@type\":\"ImageObject\",\"inLanguage\":\"es\",\"@id\":\"https:\/\/noti-america.com\/site\/principal\/2024\/05\/21\/margot-robbie-llegaria-a-la-saga-piratas-del-caribe\/#primaryimage\",\"url\":\"https:\/\/noti-america.com\/site\/principal\/wp-content\/uploads\/sites\/26\/2024\/05\/margot-robbie-y-Johnny-Depp.jpg\",\"contentUrl\":\"https:\/\/noti-america.com\/site\/principal\/wp-content\/uploads\/sites\/26\/2024\/05\/margot-robbie-y-Johnny-Depp.jpg\",\"width\":768,\"height\":479},{\"@type\":\"BreadcrumbList\",\"@id\":\"https:\/\/noti-america.com\/site\/principal\/2024\/05\/21\/margot-robbie-llegaria-a-la-saga-piratas-del-caribe\/#breadcrumb\",\"itemListElement\":[{\"@type\":\"ListItem\",\"position\":1,\"name\":\"Portada\",\"item\":\"https:\/\/noti-america.com\/site\/principal\/\"},{\"@type\":\"ListItem\",\"position\":2,\"name\":\"Margot Robbie llegar\u00eda a la saga \u201cPiratas del Caribe\u201d\"}]},{\"@type\":\"WebSite\",\"@id\":\"https:\/\/noti-america.com\/site\/principal\/#website\",\"url\":\"https:\/\/noti-america.com\/site\/principal\/\",\"name\":\"Noti-America.com\",\"description\":\"El Noticiero Digital M\u00e1s Grande de Am\u00e9rica\",\"potentialAction\":[{\"@type\":\"SearchAction\",\"target\":{\"@type\":\"EntryPoint\",\"urlTemplate\":\"https:\/\/noti-america.com\/site\/principal\/?s={search_term_string}\"},\"query-input\":{\"@type\":\"PropertyValueSpecification\",\"valueRequired\":true,\"valueName\":\"search_term_string\"}}],\"inLanguage\":\"es\"},{\"@type\":\"Person\",\"@id\":\"https:\/\/noti-america.com\/site\/principal\/#\/schema\/person\/22806efcc2cfc4b45efb0e17be210ea8\",\"name\":\"Maria Valentina Noguera Medina\",\"image\":{\"@type\":\"ImageObject\",\"inLanguage\":\"es\",\"@id\":\"https:\/\/secure.gravatar.com\/avatar\/4ec5eb9d099f2608a49c9df6f7341f66f04f819cdffa09d56a7a0e91d2819d56?s=96&d=mm&r=g\",\"url\":\"https:\/\/secure.gravatar.com\/avatar\/4ec5eb9d099f2608a49c9df6f7341f66f04f819cdffa09d56a7a0e91d2819d56?s=96&d=mm&r=g\",\"contentUrl\":\"https:\/\/secure.gravatar.com\/avatar\/4ec5eb9d099f2608a49c9df6f7341f66f04f819cdffa09d56a7a0e91d2819d56?s=96&d=mm&r=g\",\"caption\":\"Maria Valentina Noguera Medina\"},\"description\":\"Periodista - noti-america - Promar Community Manager - Talento Plus Dise\u00f1adora\/ creadora de contenido...\",\"sameAs\":[\"Mar\u00eda Valentina Noguera\",\"https:\/\/www.facebook.com\/mariavalentina.noguera\",\"https:\/\/www.linkedin.com\/in\/mara-valentina-noguera-medina-373075165\/\",\"https:\/\/www.pinterest.es\/valentinanoguera95\/\",\"https:\/\/www.youtube.com\/channel\/UCdek6mbUZ-Tqqw0I63i4nmQ\"],\"url\":\"https:\/\/noti-america.com\/site\/principal\/author\/mnoguera\/\"}]}<\/script>\n<!-- \/ Yoast SEO Premium plugin. -->","yoast_head_json":{"title":"Margot Robbie llegar\u00eda a la saga \u201cPiratas del Caribe\u201d - Noti-America.com","robots":{"index":"index","follow":"follow","max-snippet":"max-snippet:-1","max-image-preview":"max-image-preview:large","max-video-preview":"max-video-preview:-1"},"canonical":"https:\/\/noti-america.com\/site\/principal\/2024\/05\/21\/margot-robbie-llegaria-a-la-saga-piratas-del-caribe\/","og_locale":"es_ES","og_type":"article","og_title":"Margot Robbie llegar\u00eda a la saga \u201cPiratas del Caribe\u201d","og_description":"NOTI-AMERICA.COM | M\u00c9XICO Margot Robbie volvi\u00f3 a recobrar atenci\u00f3n en Hollywood, tras protagonizar Barbie, el a\u00f1o anterior, su nombre se relacion\u00f3 con la saga Piratas del Caribe. Jerry Bruckheimer, productor de la franquicia, confirm\u00f3&#46;&#46;&#46;","og_url":"https:\/\/noti-america.com\/site\/principal\/2024\/05\/21\/margot-robbie-llegaria-a-la-saga-piratas-del-caribe\/","og_site_name":"Noti-America.com","article_author":"Mar\u00eda Valentina Noguera","article_published_time":"2024-05-21T20:33:24+00:00","og_image":[{"width":768,"height":479,"url":"https:\/\/noti-america.com\/site\/principal\/wp-content\/uploads\/sites\/26\/2024\/05\/margot-robbie-y-Johnny-Depp.jpg","type":"image\/jpeg"}],"author":"Maria Valentina Noguera Medina","twitter_card":"summary_large_image","twitter_misc":{"Escrito por":"Maria Valentina Noguera Medina","Tiempo estimado de lectura":"1 minuto"},"schema":{"@context":"https:\/\/schema.org","@graph":[{"@type":"Article","@id":"https:\/\/noti-america.com\/site\/principal\/2024\/05\/21\/margot-robbie-llegaria-a-la-saga-piratas-del-caribe\/#article","isPartOf":{"@id":"https:\/\/noti-america.com\/site\/principal\/2024\/05\/21\/margot-robbie-llegaria-a-la-saga-piratas-del-caribe\/"},"author":{"name":"Maria Valentina Noguera Medina","@id":"https:\/\/noti-america.com\/site\/principal\/#\/schema\/person\/22806efcc2cfc4b45efb0e17be210ea8"},"headline":"Margot Robbie llegar\u00eda a la saga \u201cPiratas del Caribe\u201d","datePublished":"2024-05-21T20:33:24+00:00","mainEntityOfPage":{"@id":"https:\/\/noti-america.com\/site\/principal\/2024\/05\/21\/margot-robbie-llegaria-a-la-saga-piratas-del-caribe\/"},"wordCount":292,"image":{"@id":"https:\/\/noti-america.com\/site\/principal\/2024\/05\/21\/margot-robbie-llegaria-a-la-saga-piratas-del-caribe\/#primaryimage"},"thumbnailUrl":"https:\/\/noti-america.com\/site\/principal\/wp-content\/uploads\/sites\/26\/2024\/05\/margot-robbie-y-Johnny-Depp.jpg","articleSection":["Actualidad"],"inLanguage":"es"},{"@type":"WebPage","@id":"https:\/\/noti-america.com\/site\/principal\/2024\/05\/21\/margot-robbie-llegaria-a-la-saga-piratas-del-caribe\/","url":"https:\/\/noti-america.com\/site\/principal\/2024\/05\/21\/margot-robbie-llegaria-a-la-saga-piratas-del-caribe\/","name":"Margot Robbie llegar\u00eda a la saga \u201cPiratas del Caribe\u201d - Noti-America.com","isPartOf":{"@id":"https:\/\/noti-america.com\/site\/principal\/#website"},"primaryImageOfPage":{"@id":"https:\/\/noti-america.com\/site\/principal\/2024\/05\/21\/margot-robbie-llegaria-a-la-saga-piratas-del-caribe\/#primaryimage"},"image":{"@id":"https:\/\/noti-america.com\/site\/principal\/2024\/05\/21\/margot-robbie-llegaria-a-la-saga-piratas-del-caribe\/#primaryimage"},"thumbnailUrl":"https:\/\/noti-america.com\/site\/principal\/wp-content\/uploads\/sites\/26\/2024\/05\/margot-robbie-y-Johnny-Depp.jpg","datePublished":"2024-05-21T20:33:24+00:00","author":{"@id":"https:\/\/noti-america.com\/site\/principal\/#\/schema\/person\/22806efcc2cfc4b45efb0e17be210ea8"},"breadcrumb":{"@id":"https:\/\/noti-america.com\/site\/principal\/2024\/05\/21\/margot-robbie-llegaria-a-la-saga-piratas-del-caribe\/#breadcrumb"},"inLanguage":"es","potentialAction":[{"@type":"ReadAction","target":["https:\/\/noti-america.com\/site\/principal\/2024\/05\/21\/margot-robbie-llegaria-a-la-saga-piratas-del-caribe\/"]}]},{"@type":"ImageObject","inLanguage":"es","@id":"https:\/\/noti-america.com\/site\/principal\/2024\/05\/21\/margot-robbie-llegaria-a-la-saga-piratas-del-caribe\/#primaryimage","url":"https:\/\/noti-america.com\/site\/principal\/wp-content\/uploads\/sites\/26\/2024\/05\/margot-robbie-y-Johnny-Depp.jpg","contentUrl":"https:\/\/noti-america.com\/site\/principal\/wp-content\/uploads\/sites\/26\/2024\/05\/margot-robbie-y-Johnny-Depp.jpg","width":768,"height":479},{"@type":"BreadcrumbList","@id":"https:\/\/noti-america.com\/site\/principal\/2024\/05\/21\/margot-robbie-llegaria-a-la-saga-piratas-del-caribe\/#breadcrumb","itemListElement":[{"@type":"ListItem","position":1,"name":"Portada","item":"https:\/\/noti-america.com\/site\/principal\/"},{"@type":"ListItem","position":2,"name":"Margot Robbie llegar\u00eda a la saga \u201cPiratas del Caribe\u201d"}]},{"@type":"WebSite","@id":"https:\/\/noti-america.com\/site\/principal\/#website","url":"https:\/\/noti-america.com\/site\/principal\/","name":"Noti-America.com","description":"El Noticiero Digital M\u00e1s Grande de Am\u00e9rica","potentialAction":[{"@type":"SearchAction","target":{"@type":"EntryPoint","urlTemplate":"https:\/\/noti-america.com\/site\/principal\/?s={search_term_string}"},"query-input":{"@type":"PropertyValueSpecification","valueRequired":true,"valueName":"search_term_string"}}],"inLanguage":"es"},{"@type":"Person","@id":"https:\/\/noti-america.com\/site\/principal\/#\/schema\/person\/22806efcc2cfc4b45efb0e17be210ea8","name":"Maria Valentina Noguera Medina","image":{"@type":"ImageObject","inLanguage":"es","@id":"https:\/\/secure.gravatar.com\/avatar\/4ec5eb9d099f2608a49c9df6f7341f66f04f819cdffa09d56a7a0e91d2819d56?s=96&d=mm&r=g","url":"https:\/\/secure.gravatar.com\/avatar\/4ec5eb9d099f2608a49c9df6f7341f66f04f819cdffa09d56a7a0e91d2819d56?s=96&d=mm&r=g","contentUrl":"https:\/\/secure.gravatar.com\/avatar\/4ec5eb9d099f2608a49c9df6f7341f66f04f819cdffa09d56a7a0e91d2819d56?s=96&d=mm&r=g","caption":"Maria Valentina Noguera Medina"},"description":"Periodista - noti-america - Promar Community Manager - Talento Plus Dise\u00f1adora\/ creadora de contenido...","sameAs":["Mar\u00eda Valentina Noguera","https:\/\/www.facebook.com\/mariavalentina.noguera","https:\/\/www.linkedin.com\/in\/mara-valentina-noguera-medina-373075165\/","https:\/\/www.pinterest.es\/valentinanoguera95\/","https:\/\/www.youtube.com\/channel\/UCdek6mbUZ-Tqqw0I63i4nmQ"],"url":"https:\/\/noti-america.com\/site\/principal\/author\/mnoguera\/"}]}},"_links":{"self":[{"href":"https:\/\/noti-america.com\/site\/principal\/wp-json\/wp\/v2\/posts\/45277","targetHints":{"allow":["GET"]}}],"collection":[{"href":"https:\/\/noti-america.com\/site\/principal\/wp-json\/wp\/v2\/posts"}],"about":[{"href":"https:\/\/noti-america.com\/site\/principal\/wp-json\/wp\/v2\/types\/post"}],"author":[{"embeddable":true,"href":"https:\/\/noti-america.com\/site\/principal\/wp-json\/wp\/v2\/users\/133"}],"replies":[{"embeddable":true,"href":"https:\/\/noti-america.com\/site\/principal\/wp-json\/wp\/v2\/comments?post=45277"}],"version-history":[{"count":1,"href":"https:\/\/noti-america.com\/site\/principal\/wp-json\/wp\/v2\/posts\/45277\/revisions"}],"predecessor-version":[{"id":45297,"href":"https:\/\/noti-america.com\/site\/principal\/wp-json\/wp\/v2\/posts\/45277\/revisions\/45297"}],"wp:featuredmedia":[{"embeddable":true,"href":"https:\/\/noti-america.com\/site\/principal\/wp-json\/wp\/v2\/media\/45278"}],"wp:attachment":[{"href":"https:\/\/noti-america.com\/site\/principal\/wp-json\/wp\/v2\/media?parent=45277"}],"wp:term":[{"taxonomy":"category","embeddable":true,"href":"https:\/\/noti-america.com\/site\/principal\/wp-json\/wp\/v2\/categories?post=45277"},{"taxonomy":"post_tag","embeddable":true,"href":"https:\/\/noti-america.com\/site\/principal\/wp-json\/wp\/v2\/tags?post=45277"}],"curies":[{"name":"wp","href":"https:\/\/api.w.org\/{rel}","templated":true}]}}