{"id":45006,"date":"2024-05-16T12:00:30","date_gmt":"2024-05-16T16:00:30","guid":{"rendered":"https:\/\/noti-america.com\/site\/principal\/?p=45006"},"modified":"2024-05-16T12:00:30","modified_gmt":"2024-05-16T16:00:30","slug":"gobierno-de-maduro-niega-salvoconductos-a-opositores-asilados-en-embajada-de-argentina","status":"publish","type":"post","link":"https:\/\/noti-america.com\/site\/principal\/2024\/05\/16\/gobierno-de-maduro-niega-salvoconductos-a-opositores-asilados-en-embajada-de-argentina\/","title":{"rendered":"Gobierno de Maduro niega salvoconductos a opositores asilados en Embajada de Argentina"},"content":{"rendered":"<p>NOTI-AMERICA.COM | ARGENTINA\u2013 El gobierno de Venezuela neg\u00f3 el otorgamiento de salvoconductos para los seis opositores que se encuentran refugiados en la residencia oficial de la Embajada de Argentina en Caracas desde el 26 de marzo, seg\u00fan inform\u00f3 este mi\u00e9rcoles el chavismo.<\/p>\n<p>\u00abNo nos van a presionar. Hoy creo que sali\u00f3 la respuesta del gobierno de Venezuela: negado. No hay salvoconductos para los que no aman esta patria\u00bb, dijo el primer vicepresidente del gobernante Partido Socialista Unido de Venezuela (PSUV), Diosdado Cabello, quien no tiene cargo en el Ejecutivo.<\/p>\n<p>Los refugiados son Pedro Urruchurtu, coordinador Internacional Vente Venezuela (VV); Magalli Meda, jefa de Campa\u00f1a de Mar\u00eda Corina Machado; Claudia Macero, coordinadora de Comunicaciones de VV; Omar Gonz\u00e1lez, exdiputado; Humberto Villalobos, coordinador electoral del Comando de Campa\u00f1a de VV, y el exministro Fernando Mart\u00ednez Mottola, asesor de la Plataforma Unitaria Democr\u00e1tica.<\/p>\n<p>En su programa semanal \u2018Con el mazo dando\u2019, Cabello rechaz\u00f3 presi\u00f3n alguna por parte del gobierno de Javier Milei, a quien llam\u00f3 \u00abfascista\u00bb y \u00abcobarde\u00bb, y asegur\u00f3 que el pa\u00eds caribe\u00f1o no se subordina \u00aba los poderes imperiales\u00bb, como Cabello considera que s\u00ed hace el mandatario argentino.<\/p>\n<p>\u00abEl Gobierno del fascista que gobierna Argentina cree que nos va a presionar a nosotros, que va a presionar a Venezuela, un tipo tan cobarde que ya \u00e9l decidi\u00f3 entregar las Malvinas al Reino Unido\u00bb, expres\u00f3 el dirigente chavista, quien agreg\u00f3 que el pa\u00eds austral \u00abparece una olla de presi\u00f3n\u00bb que \u00abva a reventar en alg\u00fan momento\u00bb.<\/p>\n<p>El pasado 5 de abril, la canciller argentina, Diana Mondino, inform\u00f3 de negociaciones para conseguir el otorgamiento de salvoconductos a los seis opositores venezolanos refugiados desde el 26 de marzo, quienes cuentan con el estatus de asilados pol\u00edticos.<\/p>\n<p>En el marco de la precampa\u00f1a electoral en Venezuela, donde se celebrar\u00e1n comicios presidenciales el 28 de julio, Mondino reconoci\u00f3 entonces que Argentina no puede \u00abinterferir\u00bb en los asuntos pol\u00edticos internos de otros pa\u00edses.<\/p>\n<p>La relaciones entre Argentina y Venezuela -que fueron estrechas durante los mandatos de los peronistas N\u00e9stor Kirchner (2003-2007), Cristina Fern\u00e1ndez (2007-2015) y Alberto Fern\u00e1ndez (2019-2023)- han empeorado desde que en diciembre pasado lleg\u00f3 a la Casa Rosada Milei, quien ha tenido serios desencuentros constantes con el presidente venezolano, Nicol\u00e1s Maduro.<\/p>\n<p>El pasado lunes, el grupo de exmandatarios que forman la Iniciativa Democr\u00e1tica de Espa\u00f1a y las Am\u00e9ricas (IDEA) lament\u00f3 del \u00abirrespeto\u00bb a los opositores \u00absujetos a asilo diplom\u00e1tico\u00bb en la embajada argentina en Caracas \u00absin que reciban los salvoconductos respectivos, que han de ser otorgados con car\u00e1cter de urgencia\u00bb.<\/p>\n","protected":false},"excerpt":{"rendered":"<p>NOTI-AMERICA.COM | ARGENTINA\u2013 El gobierno de Venezuela neg\u00f3 el otorgamiento de salvoconductos para los seis opositores que se encuentran refugiados en la residencia oficial de la Embajada de Argentina en Caracas desde el 26&#46;&#46;&#46;<\/p>\n","protected":false},"author":133,"featured_media":45007,"comment_status":"","ping_status":"open","sticky":false,"template":"","format":"image","meta":{"_acf_changed":false,"rop_custom_images_group":[],"rop_custom_messages_group":[],"rop_publish_now":"initial","rop_publish_now_accounts":{"facebook_10219548024599422_1632221337088128":"","twitter_242054905_242054905":""},"rop_publish_now_history":[],"rop_publish_now_status":"pending","footnotes":""},"categories":[663],"tags":[],"class_list":["post-45006","post","type-post","status-publish","format-image","has-post-thumbnail","hentry","category-actualidad","post_format-post-format-image"],"acf":[],"yoast_head":"<!-- This site is optimized with the Yoast SEO Premium plugin v24.9 (Yoast SEO v27.2) - https:\/\/yoast.com\/product\/yoast-seo-premium-wordpress\/ -->\n<title>Gobierno de Maduro niega salvoconductos a opositores asilados en Embajada de Argentina - Noti-America.com<\/title>\n<meta name=\"robots\" content=\"index, follow, max-snippet:-1, max-image-preview:large, max-video-preview:-1\" \/>\n<link rel=\"canonical\" href=\"https:\/\/noti-america.com\/site\/principal\/2024\/05\/16\/gobierno-de-maduro-niega-salvoconductos-a-opositores-asilados-en-embajada-de-argentina\/\" \/>\n<meta property=\"og:locale\" content=\"es_ES\" \/>\n<meta property=\"og:type\" content=\"article\" \/>\n<meta property=\"og:title\" content=\"Gobierno de Maduro niega salvoconductos a opositores asilados en Embajada de Argentina\" \/>\n<meta property=\"og:description\" content=\"NOTI-AMERICA.COM | ARGENTINA\u2013 El gobierno de Venezuela neg\u00f3 el otorgamiento de salvoconductos para los seis opositores que se encuentran refugiados en la residencia oficial de la Embajada de Argentina en Caracas desde el 26&#046;&#046;&#046;\" \/>\n<meta property=\"og:url\" content=\"https:\/\/noti-america.com\/site\/principal\/2024\/05\/16\/gobierno-de-maduro-niega-salvoconductos-a-opositores-asilados-en-embajada-de-argentina\/\" \/>\n<meta property=\"og:site_name\" content=\"Noti-America.com\" \/>\n<meta property=\"article:author\" content=\"Mar\u00eda Valentina Noguera\" \/>\n<meta property=\"article:published_time\" content=\"2024-05-16T16:00:30+00:00\" \/>\n<meta property=\"og:image\" content=\"https:\/\/noti-america.com\/site\/principal\/wp-content\/uploads\/sites\/26\/2024\/05\/Cancilleria-le-reclamo-a-Maduro-que-deje-salir-a-los.jpg\" \/>\n\t<meta property=\"og:image:width\" content=\"2000\" \/>\n\t<meta property=\"og:image:height\" content=\"1500\" \/>\n\t<meta property=\"og:image:type\" content=\"image\/jpeg\" \/>\n<meta name=\"author\" content=\"Maria Valentina Noguera Medina\" \/>\n<meta name=\"twitter:card\" content=\"summary_large_image\" \/>\n<meta name=\"twitter:label1\" content=\"Escrito por\" \/>\n\t<meta name=\"twitter:data1\" content=\"Maria Valentina Noguera Medina\" \/>\n\t<meta name=\"twitter:label2\" content=\"Tiempo estimado de lectura\" \/>\n\t<meta name=\"twitter:data2\" content=\"2 minutos\" \/>\n<script type=\"application\/ld+json\" class=\"yoast-schema-graph\">{\"@context\":\"https:\/\/schema.org\",\"@graph\":[{\"@type\":\"Article\",\"@id\":\"https:\/\/noti-america.com\/site\/principal\/2024\/05\/16\/gobierno-de-maduro-niega-salvoconductos-a-opositores-asilados-en-embajada-de-argentina\/#article\",\"isPartOf\":{\"@id\":\"https:\/\/noti-america.com\/site\/principal\/2024\/05\/16\/gobierno-de-maduro-niega-salvoconductos-a-opositores-asilados-en-embajada-de-argentina\/\"},\"author\":{\"name\":\"Maria Valentina Noguera Medina\",\"@id\":\"https:\/\/noti-america.com\/site\/principal\/#\/schema\/person\/22806efcc2cfc4b45efb0e17be210ea8\"},\"headline\":\"Gobierno de Maduro niega salvoconductos a opositores asilados en Embajada de Argentina\",\"datePublished\":\"2024-05-16T16:00:30+00:00\",\"mainEntityOfPage\":{\"@id\":\"https:\/\/noti-america.com\/site\/principal\/2024\/05\/16\/gobierno-de-maduro-niega-salvoconductos-a-opositores-asilados-en-embajada-de-argentina\/\"},\"wordCount\":452,\"image\":{\"@id\":\"https:\/\/noti-america.com\/site\/principal\/2024\/05\/16\/gobierno-de-maduro-niega-salvoconductos-a-opositores-asilados-en-embajada-de-argentina\/#primaryimage\"},\"thumbnailUrl\":\"https:\/\/noti-america.com\/site\/principal\/wp-content\/uploads\/sites\/26\/2024\/05\/Cancilleria-le-reclamo-a-Maduro-que-deje-salir-a-los.jpg\",\"articleSection\":[\"Actualidad\"],\"inLanguage\":\"es\"},{\"@type\":\"WebPage\",\"@id\":\"https:\/\/noti-america.com\/site\/principal\/2024\/05\/16\/gobierno-de-maduro-niega-salvoconductos-a-opositores-asilados-en-embajada-de-argentina\/\",\"url\":\"https:\/\/noti-america.com\/site\/principal\/2024\/05\/16\/gobierno-de-maduro-niega-salvoconductos-a-opositores-asilados-en-embajada-de-argentina\/\",\"name\":\"Gobierno de Maduro niega salvoconductos a opositores asilados en Embajada de Argentina - Noti-America.com\",\"isPartOf\":{\"@id\":\"https:\/\/noti-america.com\/site\/principal\/#website\"},\"primaryImageOfPage\":{\"@id\":\"https:\/\/noti-america.com\/site\/principal\/2024\/05\/16\/gobierno-de-maduro-niega-salvoconductos-a-opositores-asilados-en-embajada-de-argentina\/#primaryimage\"},\"image\":{\"@id\":\"https:\/\/noti-america.com\/site\/principal\/2024\/05\/16\/gobierno-de-maduro-niega-salvoconductos-a-opositores-asilados-en-embajada-de-argentina\/#primaryimage\"},\"thumbnailUrl\":\"https:\/\/noti-america.com\/site\/principal\/wp-content\/uploads\/sites\/26\/2024\/05\/Cancilleria-le-reclamo-a-Maduro-que-deje-salir-a-los.jpg\",\"datePublished\":\"2024-05-16T16:00:30+00:00\",\"author\":{\"@id\":\"https:\/\/noti-america.com\/site\/principal\/#\/schema\/person\/22806efcc2cfc4b45efb0e17be210ea8\"},\"breadcrumb\":{\"@id\":\"https:\/\/noti-america.com\/site\/principal\/2024\/05\/16\/gobierno-de-maduro-niega-salvoconductos-a-opositores-asilados-en-embajada-de-argentina\/#breadcrumb\"},\"inLanguage\":\"es\",\"potentialAction\":[{\"@type\":\"ReadAction\",\"target\":[\"https:\/\/noti-america.com\/site\/principal\/2024\/05\/16\/gobierno-de-maduro-niega-salvoconductos-a-opositores-asilados-en-embajada-de-argentina\/\"]}]},{\"@type\":\"ImageObject\",\"inLanguage\":\"es\",\"@id\":\"https:\/\/noti-america.com\/site\/principal\/2024\/05\/16\/gobierno-de-maduro-niega-salvoconductos-a-opositores-asilados-en-embajada-de-argentina\/#primaryimage\",\"url\":\"https:\/\/noti-america.com\/site\/principal\/wp-content\/uploads\/sites\/26\/2024\/05\/Cancilleria-le-reclamo-a-Maduro-que-deje-salir-a-los.jpg\",\"contentUrl\":\"https:\/\/noti-america.com\/site\/principal\/wp-content\/uploads\/sites\/26\/2024\/05\/Cancilleria-le-reclamo-a-Maduro-que-deje-salir-a-los.jpg\",\"width\":2000,\"height\":1500},{\"@type\":\"BreadcrumbList\",\"@id\":\"https:\/\/noti-america.com\/site\/principal\/2024\/05\/16\/gobierno-de-maduro-niega-salvoconductos-a-opositores-asilados-en-embajada-de-argentina\/#breadcrumb\",\"itemListElement\":[{\"@type\":\"ListItem\",\"position\":1,\"name\":\"Portada\",\"item\":\"https:\/\/noti-america.com\/site\/principal\/\"},{\"@type\":\"ListItem\",\"position\":2,\"name\":\"Gobierno de Maduro niega salvoconductos a opositores asilados en Embajada de Argentina\"}]},{\"@type\":\"WebSite\",\"@id\":\"https:\/\/noti-america.com\/site\/principal\/#website\",\"url\":\"https:\/\/noti-america.com\/site\/principal\/\",\"name\":\"Noti-America.com\",\"description\":\"El Noticiero Digital M\u00e1s Grande de Am\u00e9rica\",\"potentialAction\":[{\"@type\":\"SearchAction\",\"target\":{\"@type\":\"EntryPoint\",\"urlTemplate\":\"https:\/\/noti-america.com\/site\/principal\/?s={search_term_string}\"},\"query-input\":{\"@type\":\"PropertyValueSpecification\",\"valueRequired\":true,\"valueName\":\"search_term_string\"}}],\"inLanguage\":\"es\"},{\"@type\":\"Person\",\"@id\":\"https:\/\/noti-america.com\/site\/principal\/#\/schema\/person\/22806efcc2cfc4b45efb0e17be210ea8\",\"name\":\"Maria Valentina Noguera Medina\",\"image\":{\"@type\":\"ImageObject\",\"inLanguage\":\"es\",\"@id\":\"https:\/\/secure.gravatar.com\/avatar\/4ec5eb9d099f2608a49c9df6f7341f66f04f819cdffa09d56a7a0e91d2819d56?s=96&d=mm&r=g\",\"url\":\"https:\/\/secure.gravatar.com\/avatar\/4ec5eb9d099f2608a49c9df6f7341f66f04f819cdffa09d56a7a0e91d2819d56?s=96&d=mm&r=g\",\"contentUrl\":\"https:\/\/secure.gravatar.com\/avatar\/4ec5eb9d099f2608a49c9df6f7341f66f04f819cdffa09d56a7a0e91d2819d56?s=96&d=mm&r=g\",\"caption\":\"Maria Valentina Noguera Medina\"},\"description\":\"Periodista - noti-america - Promar Community Manager - Talento Plus Dise\u00f1adora\/ creadora de contenido...\",\"sameAs\":[\"Mar\u00eda Valentina Noguera\",\"https:\/\/www.facebook.com\/mariavalentina.noguera\",\"https:\/\/www.linkedin.com\/in\/mara-valentina-noguera-medina-373075165\/\",\"https:\/\/www.pinterest.es\/valentinanoguera95\/\",\"https:\/\/www.youtube.com\/channel\/UCdek6mbUZ-Tqqw0I63i4nmQ\"],\"url\":\"https:\/\/noti-america.com\/site\/principal\/author\/mnoguera\/\"}]}<\/script>\n<!-- \/ Yoast SEO Premium plugin. -->","yoast_head_json":{"title":"Gobierno de Maduro niega salvoconductos a opositores asilados en Embajada de Argentina - Noti-America.com","robots":{"index":"index","follow":"follow","max-snippet":"max-snippet:-1","max-image-preview":"max-image-preview:large","max-video-preview":"max-video-preview:-1"},"canonical":"https:\/\/noti-america.com\/site\/principal\/2024\/05\/16\/gobierno-de-maduro-niega-salvoconductos-a-opositores-asilados-en-embajada-de-argentina\/","og_locale":"es_ES","og_type":"article","og_title":"Gobierno de Maduro niega salvoconductos a opositores asilados en Embajada de Argentina","og_description":"NOTI-AMERICA.COM | ARGENTINA\u2013 El gobierno de Venezuela neg\u00f3 el otorgamiento de salvoconductos para los seis opositores que se encuentran refugiados en la residencia oficial de la Embajada de Argentina en Caracas desde el 26&#46;&#46;&#46;","og_url":"https:\/\/noti-america.com\/site\/principal\/2024\/05\/16\/gobierno-de-maduro-niega-salvoconductos-a-opositores-asilados-en-embajada-de-argentina\/","og_site_name":"Noti-America.com","article_author":"Mar\u00eda Valentina Noguera","article_published_time":"2024-05-16T16:00:30+00:00","og_image":[{"width":2000,"height":1500,"url":"https:\/\/noti-america.com\/site\/principal\/wp-content\/uploads\/sites\/26\/2024\/05\/Cancilleria-le-reclamo-a-Maduro-que-deje-salir-a-los.jpg","type":"image\/jpeg"}],"author":"Maria Valentina Noguera Medina","twitter_card":"summary_large_image","twitter_misc":{"Escrito por":"Maria Valentina Noguera Medina","Tiempo estimado de lectura":"2 minutos"},"schema":{"@context":"https:\/\/schema.org","@graph":[{"@type":"Article","@id":"https:\/\/noti-america.com\/site\/principal\/2024\/05\/16\/gobierno-de-maduro-niega-salvoconductos-a-opositores-asilados-en-embajada-de-argentina\/#article","isPartOf":{"@id":"https:\/\/noti-america.com\/site\/principal\/2024\/05\/16\/gobierno-de-maduro-niega-salvoconductos-a-opositores-asilados-en-embajada-de-argentina\/"},"author":{"name":"Maria Valentina Noguera Medina","@id":"https:\/\/noti-america.com\/site\/principal\/#\/schema\/person\/22806efcc2cfc4b45efb0e17be210ea8"},"headline":"Gobierno de Maduro niega salvoconductos a opositores asilados en Embajada de Argentina","datePublished":"2024-05-16T16:00:30+00:00","mainEntityOfPage":{"@id":"https:\/\/noti-america.com\/site\/principal\/2024\/05\/16\/gobierno-de-maduro-niega-salvoconductos-a-opositores-asilados-en-embajada-de-argentina\/"},"wordCount":452,"image":{"@id":"https:\/\/noti-america.com\/site\/principal\/2024\/05\/16\/gobierno-de-maduro-niega-salvoconductos-a-opositores-asilados-en-embajada-de-argentina\/#primaryimage"},"thumbnailUrl":"https:\/\/noti-america.com\/site\/principal\/wp-content\/uploads\/sites\/26\/2024\/05\/Cancilleria-le-reclamo-a-Maduro-que-deje-salir-a-los.jpg","articleSection":["Actualidad"],"inLanguage":"es"},{"@type":"WebPage","@id":"https:\/\/noti-america.com\/site\/principal\/2024\/05\/16\/gobierno-de-maduro-niega-salvoconductos-a-opositores-asilados-en-embajada-de-argentina\/","url":"https:\/\/noti-america.com\/site\/principal\/2024\/05\/16\/gobierno-de-maduro-niega-salvoconductos-a-opositores-asilados-en-embajada-de-argentina\/","name":"Gobierno de Maduro niega salvoconductos a opositores asilados en Embajada de Argentina - Noti-America.com","isPartOf":{"@id":"https:\/\/noti-america.com\/site\/principal\/#website"},"primaryImageOfPage":{"@id":"https:\/\/noti-america.com\/site\/principal\/2024\/05\/16\/gobierno-de-maduro-niega-salvoconductos-a-opositores-asilados-en-embajada-de-argentina\/#primaryimage"},"image":{"@id":"https:\/\/noti-america.com\/site\/principal\/2024\/05\/16\/gobierno-de-maduro-niega-salvoconductos-a-opositores-asilados-en-embajada-de-argentina\/#primaryimage"},"thumbnailUrl":"https:\/\/noti-america.com\/site\/principal\/wp-content\/uploads\/sites\/26\/2024\/05\/Cancilleria-le-reclamo-a-Maduro-que-deje-salir-a-los.jpg","datePublished":"2024-05-16T16:00:30+00:00","author":{"@id":"https:\/\/noti-america.com\/site\/principal\/#\/schema\/person\/22806efcc2cfc4b45efb0e17be210ea8"},"breadcrumb":{"@id":"https:\/\/noti-america.com\/site\/principal\/2024\/05\/16\/gobierno-de-maduro-niega-salvoconductos-a-opositores-asilados-en-embajada-de-argentina\/#breadcrumb"},"inLanguage":"es","potentialAction":[{"@type":"ReadAction","target":["https:\/\/noti-america.com\/site\/principal\/2024\/05\/16\/gobierno-de-maduro-niega-salvoconductos-a-opositores-asilados-en-embajada-de-argentina\/"]}]},{"@type":"ImageObject","inLanguage":"es","@id":"https:\/\/noti-america.com\/site\/principal\/2024\/05\/16\/gobierno-de-maduro-niega-salvoconductos-a-opositores-asilados-en-embajada-de-argentina\/#primaryimage","url":"https:\/\/noti-america.com\/site\/principal\/wp-content\/uploads\/sites\/26\/2024\/05\/Cancilleria-le-reclamo-a-Maduro-que-deje-salir-a-los.jpg","contentUrl":"https:\/\/noti-america.com\/site\/principal\/wp-content\/uploads\/sites\/26\/2024\/05\/Cancilleria-le-reclamo-a-Maduro-que-deje-salir-a-los.jpg","width":2000,"height":1500},{"@type":"BreadcrumbList","@id":"https:\/\/noti-america.com\/site\/principal\/2024\/05\/16\/gobierno-de-maduro-niega-salvoconductos-a-opositores-asilados-en-embajada-de-argentina\/#breadcrumb","itemListElement":[{"@type":"ListItem","position":1,"name":"Portada","item":"https:\/\/noti-america.com\/site\/principal\/"},{"@type":"ListItem","position":2,"name":"Gobierno de Maduro niega salvoconductos a opositores asilados en Embajada de Argentina"}]},{"@type":"WebSite","@id":"https:\/\/noti-america.com\/site\/principal\/#website","url":"https:\/\/noti-america.com\/site\/principal\/","name":"Noti-America.com","description":"El Noticiero Digital M\u00e1s Grande de Am\u00e9rica","potentialAction":[{"@type":"SearchAction","target":{"@type":"EntryPoint","urlTemplate":"https:\/\/noti-america.com\/site\/principal\/?s={search_term_string}"},"query-input":{"@type":"PropertyValueSpecification","valueRequired":true,"valueName":"search_term_string"}}],"inLanguage":"es"},{"@type":"Person","@id":"https:\/\/noti-america.com\/site\/principal\/#\/schema\/person\/22806efcc2cfc4b45efb0e17be210ea8","name":"Maria Valentina Noguera Medina","image":{"@type":"ImageObject","inLanguage":"es","@id":"https:\/\/secure.gravatar.com\/avatar\/4ec5eb9d099f2608a49c9df6f7341f66f04f819cdffa09d56a7a0e91d2819d56?s=96&d=mm&r=g","url":"https:\/\/secure.gravatar.com\/avatar\/4ec5eb9d099f2608a49c9df6f7341f66f04f819cdffa09d56a7a0e91d2819d56?s=96&d=mm&r=g","contentUrl":"https:\/\/secure.gravatar.com\/avatar\/4ec5eb9d099f2608a49c9df6f7341f66f04f819cdffa09d56a7a0e91d2819d56?s=96&d=mm&r=g","caption":"Maria Valentina Noguera Medina"},"description":"Periodista - noti-america - Promar Community Manager - Talento Plus Dise\u00f1adora\/ creadora de contenido...","sameAs":["Mar\u00eda Valentina Noguera","https:\/\/www.facebook.com\/mariavalentina.noguera","https:\/\/www.linkedin.com\/in\/mara-valentina-noguera-medina-373075165\/","https:\/\/www.pinterest.es\/valentinanoguera95\/","https:\/\/www.youtube.com\/channel\/UCdek6mbUZ-Tqqw0I63i4nmQ"],"url":"https:\/\/noti-america.com\/site\/principal\/author\/mnoguera\/"}]}},"_links":{"self":[{"href":"https:\/\/noti-america.com\/site\/principal\/wp-json\/wp\/v2\/posts\/45006","targetHints":{"allow":["GET"]}}],"collection":[{"href":"https:\/\/noti-america.com\/site\/principal\/wp-json\/wp\/v2\/posts"}],"about":[{"href":"https:\/\/noti-america.com\/site\/principal\/wp-json\/wp\/v2\/types\/post"}],"author":[{"embeddable":true,"href":"https:\/\/noti-america.com\/site\/principal\/wp-json\/wp\/v2\/users\/133"}],"replies":[{"embeddable":true,"href":"https:\/\/noti-america.com\/site\/principal\/wp-json\/wp\/v2\/comments?post=45006"}],"version-history":[{"count":1,"href":"https:\/\/noti-america.com\/site\/principal\/wp-json\/wp\/v2\/posts\/45006\/revisions"}],"predecessor-version":[{"id":45026,"href":"https:\/\/noti-america.com\/site\/principal\/wp-json\/wp\/v2\/posts\/45006\/revisions\/45026"}],"wp:featuredmedia":[{"embeddable":true,"href":"https:\/\/noti-america.com\/site\/principal\/wp-json\/wp\/v2\/media\/45007"}],"wp:attachment":[{"href":"https:\/\/noti-america.com\/site\/principal\/wp-json\/wp\/v2\/media?parent=45006"}],"wp:term":[{"taxonomy":"category","embeddable":true,"href":"https:\/\/noti-america.com\/site\/principal\/wp-json\/wp\/v2\/categories?post=45006"},{"taxonomy":"post_tag","embeddable":true,"href":"https:\/\/noti-america.com\/site\/principal\/wp-json\/wp\/v2\/tags?post=45006"}],"curies":[{"name":"wp","href":"https:\/\/api.w.org\/{rel}","templated":true}]}}