{"id":44852,"date":"2024-05-14T11:19:26","date_gmt":"2024-05-14T15:19:26","guid":{"rendered":"https:\/\/noti-america.com\/site\/principal\/?p=44852"},"modified":"2024-05-14T11:19:26","modified_gmt":"2024-05-14T15:19:26","slug":"advertencia-de-bajas-temperaturas-en-el-amba-localidades-en-riesgo","status":"publish","type":"post","link":"https:\/\/noti-america.com\/site\/principal\/2024\/05\/14\/advertencia-de-bajas-temperaturas-en-el-amba-localidades-en-riesgo\/","title":{"rendered":"Advertencia de bajas temperaturas en el AMBA: localidades en riesgo"},"content":{"rendered":"<p>NOTI-AMERICA.COM | ARGENTINA\u2013 El \u00c1rea Metropolitana de Buenos Aires (AMBA) y algunas localidades de la provincia de C\u00f3rdoba est\u00e1n experimentando un notable descenso en las temperaturas, lo que ha llevado al Servicio Meteorol\u00f3gico Nacional (SMN) a emitir una alerta amarilla.<\/p>\n<p style=\"text-align: justify\">Esta alerta es una se\u00f1al de precauci\u00f3n, especialmente para grupos de riesgo como ni\u00f1os, personas mayores de 65 a\u00f1os y aquellos con enfermedades cr\u00f3nicas, quienes deben tomar medidas adicionales para protegerse del fr\u00edo.<\/p>\n<p style=\"text-align: justify\">Las localidades afectadas en la Zona Norte incluyen Vicente L\u00f3pez, San Fernando, Tigre, entre otras, mientras que en la Zona Sur, localidades como Esteban Echeverr\u00eda y Ezeiza est\u00e1n experimentando condiciones similares. Se espera que la sensaci\u00f3n t\u00e9rmica en estas \u00e1reas sea particularmente baja durante las primeras horas del d\u00eda, aunque se prev\u00e9 que las temperaturas alcancen los 14\u00b0C en la tarde.<\/p>\n<p style=\"text-align: justify\">La humedad alta y las r\u00e1fagas de viento contribuyen a la sensaci\u00f3n de fr\u00edo. Es crucial que los residentes sigan las recomendaciones del SMN para mantenerse seguros y c\u00e1lidos durante este per\u00edodo de temperaturas bajas.<\/p>\n","protected":false},"excerpt":{"rendered":"<p>NOTI-AMERICA.COM | ARGENTINA\u2013 El \u00c1rea Metropolitana de Buenos Aires (AMBA) y algunas localidades de la provincia de C\u00f3rdoba est\u00e1n experimentando un notable descenso en las temperaturas, lo que ha llevado al Servicio Meteorol\u00f3gico Nacional&#46;&#46;&#46;<\/p>\n","protected":false},"author":133,"featured_media":44853,"comment_status":"","ping_status":"open","sticky":false,"template":"","format":"image","meta":{"_acf_changed":false,"rop_custom_images_group":[],"rop_custom_messages_group":[],"rop_publish_now":"initial","rop_publish_now_accounts":{"facebook_10219548024599422_1632221337088128":"","twitter_242054905_242054905":""},"rop_publish_now_history":[],"rop_publish_now_status":"pending","footnotes":""},"categories":[663],"tags":[],"class_list":["post-44852","post","type-post","status-publish","format-image","has-post-thumbnail","hentry","category-actualidad","post_format-post-format-image"],"acf":[],"yoast_head":"<!-- This site is optimized with the Yoast SEO Premium plugin v24.9 (Yoast SEO v27.2) - https:\/\/yoast.com\/product\/yoast-seo-premium-wordpress\/ -->\n<title>Advertencia de bajas temperaturas en el AMBA: localidades en riesgo - Noti-America.com<\/title>\n<meta name=\"robots\" content=\"index, follow, max-snippet:-1, max-image-preview:large, max-video-preview:-1\" \/>\n<link rel=\"canonical\" href=\"https:\/\/noti-america.com\/site\/principal\/2024\/05\/14\/advertencia-de-bajas-temperaturas-en-el-amba-localidades-en-riesgo\/\" \/>\n<meta property=\"og:locale\" content=\"es_ES\" \/>\n<meta property=\"og:type\" content=\"article\" \/>\n<meta property=\"og:title\" content=\"Advertencia de bajas temperaturas en el AMBA: localidades en riesgo\" \/>\n<meta property=\"og:description\" content=\"NOTI-AMERICA.COM | ARGENTINA\u2013 El \u00c1rea Metropolitana de Buenos Aires (AMBA) y algunas localidades de la provincia de C\u00f3rdoba est\u00e1n experimentando un notable descenso en las temperaturas, lo que ha llevado al Servicio Meteorol\u00f3gico Nacional&#046;&#046;&#046;\" \/>\n<meta property=\"og:url\" content=\"https:\/\/noti-america.com\/site\/principal\/2024\/05\/14\/advertencia-de-bajas-temperaturas-en-el-amba-localidades-en-riesgo\/\" \/>\n<meta property=\"og:site_name\" content=\"Noti-America.com\" \/>\n<meta property=\"article:author\" content=\"Mar\u00eda Valentina Noguera\" \/>\n<meta property=\"article:published_time\" content=\"2024-05-14T15:19:26+00:00\" \/>\n<meta property=\"og:image\" content=\"https:\/\/noti-america.com\/site\/principal\/wp-content\/uploads\/sites\/26\/2024\/05\/66becaf9d6900de7a46f2545c322970dfe5186db.jpg\" \/>\n\t<meta property=\"og:image:width\" content=\"1140\" \/>\n\t<meta property=\"og:image:height\" content=\"759\" \/>\n\t<meta property=\"og:image:type\" content=\"image\/jpeg\" \/>\n<meta name=\"author\" content=\"Maria Valentina Noguera Medina\" \/>\n<meta name=\"twitter:card\" content=\"summary_large_image\" \/>\n<meta name=\"twitter:label1\" content=\"Escrito por\" \/>\n\t<meta name=\"twitter:data1\" content=\"Maria Valentina Noguera Medina\" \/>\n\t<meta name=\"twitter:label2\" content=\"Tiempo estimado de lectura\" \/>\n\t<meta name=\"twitter:data2\" content=\"1 minuto\" \/>\n<script type=\"application\/ld+json\" class=\"yoast-schema-graph\">{\"@context\":\"https:\/\/schema.org\",\"@graph\":[{\"@type\":\"Article\",\"@id\":\"https:\/\/noti-america.com\/site\/principal\/2024\/05\/14\/advertencia-de-bajas-temperaturas-en-el-amba-localidades-en-riesgo\/#article\",\"isPartOf\":{\"@id\":\"https:\/\/noti-america.com\/site\/principal\/2024\/05\/14\/advertencia-de-bajas-temperaturas-en-el-amba-localidades-en-riesgo\/\"},\"author\":{\"name\":\"Maria Valentina Noguera Medina\",\"@id\":\"https:\/\/noti-america.com\/site\/principal\/#\/schema\/person\/22806efcc2cfc4b45efb0e17be210ea8\"},\"headline\":\"Advertencia de bajas temperaturas en el AMBA: localidades en riesgo\",\"datePublished\":\"2024-05-14T15:19:26+00:00\",\"mainEntityOfPage\":{\"@id\":\"https:\/\/noti-america.com\/site\/principal\/2024\/05\/14\/advertencia-de-bajas-temperaturas-en-el-amba-localidades-en-riesgo\/\"},\"wordCount\":198,\"image\":{\"@id\":\"https:\/\/noti-america.com\/site\/principal\/2024\/05\/14\/advertencia-de-bajas-temperaturas-en-el-amba-localidades-en-riesgo\/#primaryimage\"},\"thumbnailUrl\":\"https:\/\/noti-america.com\/site\/principal\/wp-content\/uploads\/sites\/26\/2024\/05\/66becaf9d6900de7a46f2545c322970dfe5186db.jpg\",\"articleSection\":[\"Actualidad\"],\"inLanguage\":\"es\"},{\"@type\":\"WebPage\",\"@id\":\"https:\/\/noti-america.com\/site\/principal\/2024\/05\/14\/advertencia-de-bajas-temperaturas-en-el-amba-localidades-en-riesgo\/\",\"url\":\"https:\/\/noti-america.com\/site\/principal\/2024\/05\/14\/advertencia-de-bajas-temperaturas-en-el-amba-localidades-en-riesgo\/\",\"name\":\"Advertencia de bajas temperaturas en el AMBA: localidades en riesgo - Noti-America.com\",\"isPartOf\":{\"@id\":\"https:\/\/noti-america.com\/site\/principal\/#website\"},\"primaryImageOfPage\":{\"@id\":\"https:\/\/noti-america.com\/site\/principal\/2024\/05\/14\/advertencia-de-bajas-temperaturas-en-el-amba-localidades-en-riesgo\/#primaryimage\"},\"image\":{\"@id\":\"https:\/\/noti-america.com\/site\/principal\/2024\/05\/14\/advertencia-de-bajas-temperaturas-en-el-amba-localidades-en-riesgo\/#primaryimage\"},\"thumbnailUrl\":\"https:\/\/noti-america.com\/site\/principal\/wp-content\/uploads\/sites\/26\/2024\/05\/66becaf9d6900de7a46f2545c322970dfe5186db.jpg\",\"datePublished\":\"2024-05-14T15:19:26+00:00\",\"author\":{\"@id\":\"https:\/\/noti-america.com\/site\/principal\/#\/schema\/person\/22806efcc2cfc4b45efb0e17be210ea8\"},\"breadcrumb\":{\"@id\":\"https:\/\/noti-america.com\/site\/principal\/2024\/05\/14\/advertencia-de-bajas-temperaturas-en-el-amba-localidades-en-riesgo\/#breadcrumb\"},\"inLanguage\":\"es\",\"potentialAction\":[{\"@type\":\"ReadAction\",\"target\":[\"https:\/\/noti-america.com\/site\/principal\/2024\/05\/14\/advertencia-de-bajas-temperaturas-en-el-amba-localidades-en-riesgo\/\"]}]},{\"@type\":\"ImageObject\",\"inLanguage\":\"es\",\"@id\":\"https:\/\/noti-america.com\/site\/principal\/2024\/05\/14\/advertencia-de-bajas-temperaturas-en-el-amba-localidades-en-riesgo\/#primaryimage\",\"url\":\"https:\/\/noti-america.com\/site\/principal\/wp-content\/uploads\/sites\/26\/2024\/05\/66becaf9d6900de7a46f2545c322970dfe5186db.jpg\",\"contentUrl\":\"https:\/\/noti-america.com\/site\/principal\/wp-content\/uploads\/sites\/26\/2024\/05\/66becaf9d6900de7a46f2545c322970dfe5186db.jpg\",\"width\":1140,\"height\":759},{\"@type\":\"BreadcrumbList\",\"@id\":\"https:\/\/noti-america.com\/site\/principal\/2024\/05\/14\/advertencia-de-bajas-temperaturas-en-el-amba-localidades-en-riesgo\/#breadcrumb\",\"itemListElement\":[{\"@type\":\"ListItem\",\"position\":1,\"name\":\"Portada\",\"item\":\"https:\/\/noti-america.com\/site\/principal\/\"},{\"@type\":\"ListItem\",\"position\":2,\"name\":\"Advertencia de bajas temperaturas en el AMBA: localidades en riesgo\"}]},{\"@type\":\"WebSite\",\"@id\":\"https:\/\/noti-america.com\/site\/principal\/#website\",\"url\":\"https:\/\/noti-america.com\/site\/principal\/\",\"name\":\"Noti-America.com\",\"description\":\"El Noticiero Digital M\u00e1s Grande de Am\u00e9rica\",\"potentialAction\":[{\"@type\":\"SearchAction\",\"target\":{\"@type\":\"EntryPoint\",\"urlTemplate\":\"https:\/\/noti-america.com\/site\/principal\/?s={search_term_string}\"},\"query-input\":{\"@type\":\"PropertyValueSpecification\",\"valueRequired\":true,\"valueName\":\"search_term_string\"}}],\"inLanguage\":\"es\"},{\"@type\":\"Person\",\"@id\":\"https:\/\/noti-america.com\/site\/principal\/#\/schema\/person\/22806efcc2cfc4b45efb0e17be210ea8\",\"name\":\"Maria Valentina Noguera Medina\",\"image\":{\"@type\":\"ImageObject\",\"inLanguage\":\"es\",\"@id\":\"https:\/\/secure.gravatar.com\/avatar\/4ec5eb9d099f2608a49c9df6f7341f66f04f819cdffa09d56a7a0e91d2819d56?s=96&d=mm&r=g\",\"url\":\"https:\/\/secure.gravatar.com\/avatar\/4ec5eb9d099f2608a49c9df6f7341f66f04f819cdffa09d56a7a0e91d2819d56?s=96&d=mm&r=g\",\"contentUrl\":\"https:\/\/secure.gravatar.com\/avatar\/4ec5eb9d099f2608a49c9df6f7341f66f04f819cdffa09d56a7a0e91d2819d56?s=96&d=mm&r=g\",\"caption\":\"Maria Valentina Noguera Medina\"},\"description\":\"Periodista - noti-america - Promar Community Manager - Talento Plus Dise\u00f1adora\/ creadora de contenido...\",\"sameAs\":[\"Mar\u00eda Valentina Noguera\",\"https:\/\/www.facebook.com\/mariavalentina.noguera\",\"https:\/\/www.linkedin.com\/in\/mara-valentina-noguera-medina-373075165\/\",\"https:\/\/www.pinterest.es\/valentinanoguera95\/\",\"https:\/\/www.youtube.com\/channel\/UCdek6mbUZ-Tqqw0I63i4nmQ\"],\"url\":\"https:\/\/noti-america.com\/site\/principal\/author\/mnoguera\/\"}]}<\/script>\n<!-- \/ Yoast SEO Premium plugin. -->","yoast_head_json":{"title":"Advertencia de bajas temperaturas en el AMBA: localidades en riesgo - Noti-America.com","robots":{"index":"index","follow":"follow","max-snippet":"max-snippet:-1","max-image-preview":"max-image-preview:large","max-video-preview":"max-video-preview:-1"},"canonical":"https:\/\/noti-america.com\/site\/principal\/2024\/05\/14\/advertencia-de-bajas-temperaturas-en-el-amba-localidades-en-riesgo\/","og_locale":"es_ES","og_type":"article","og_title":"Advertencia de bajas temperaturas en el AMBA: localidades en riesgo","og_description":"NOTI-AMERICA.COM | ARGENTINA\u2013 El \u00c1rea Metropolitana de Buenos Aires (AMBA) y algunas localidades de la provincia de C\u00f3rdoba est\u00e1n experimentando un notable descenso en las temperaturas, lo que ha llevado al Servicio Meteorol\u00f3gico Nacional&#46;&#46;&#46;","og_url":"https:\/\/noti-america.com\/site\/principal\/2024\/05\/14\/advertencia-de-bajas-temperaturas-en-el-amba-localidades-en-riesgo\/","og_site_name":"Noti-America.com","article_author":"Mar\u00eda Valentina Noguera","article_published_time":"2024-05-14T15:19:26+00:00","og_image":[{"width":1140,"height":759,"url":"https:\/\/noti-america.com\/site\/principal\/wp-content\/uploads\/sites\/26\/2024\/05\/66becaf9d6900de7a46f2545c322970dfe5186db.jpg","type":"image\/jpeg"}],"author":"Maria Valentina Noguera Medina","twitter_card":"summary_large_image","twitter_misc":{"Escrito por":"Maria Valentina Noguera Medina","Tiempo estimado de lectura":"1 minuto"},"schema":{"@context":"https:\/\/schema.org","@graph":[{"@type":"Article","@id":"https:\/\/noti-america.com\/site\/principal\/2024\/05\/14\/advertencia-de-bajas-temperaturas-en-el-amba-localidades-en-riesgo\/#article","isPartOf":{"@id":"https:\/\/noti-america.com\/site\/principal\/2024\/05\/14\/advertencia-de-bajas-temperaturas-en-el-amba-localidades-en-riesgo\/"},"author":{"name":"Maria Valentina Noguera Medina","@id":"https:\/\/noti-america.com\/site\/principal\/#\/schema\/person\/22806efcc2cfc4b45efb0e17be210ea8"},"headline":"Advertencia de bajas temperaturas en el AMBA: localidades en riesgo","datePublished":"2024-05-14T15:19:26+00:00","mainEntityOfPage":{"@id":"https:\/\/noti-america.com\/site\/principal\/2024\/05\/14\/advertencia-de-bajas-temperaturas-en-el-amba-localidades-en-riesgo\/"},"wordCount":198,"image":{"@id":"https:\/\/noti-america.com\/site\/principal\/2024\/05\/14\/advertencia-de-bajas-temperaturas-en-el-amba-localidades-en-riesgo\/#primaryimage"},"thumbnailUrl":"https:\/\/noti-america.com\/site\/principal\/wp-content\/uploads\/sites\/26\/2024\/05\/66becaf9d6900de7a46f2545c322970dfe5186db.jpg","articleSection":["Actualidad"],"inLanguage":"es"},{"@type":"WebPage","@id":"https:\/\/noti-america.com\/site\/principal\/2024\/05\/14\/advertencia-de-bajas-temperaturas-en-el-amba-localidades-en-riesgo\/","url":"https:\/\/noti-america.com\/site\/principal\/2024\/05\/14\/advertencia-de-bajas-temperaturas-en-el-amba-localidades-en-riesgo\/","name":"Advertencia de bajas temperaturas en el AMBA: localidades en riesgo - Noti-America.com","isPartOf":{"@id":"https:\/\/noti-america.com\/site\/principal\/#website"},"primaryImageOfPage":{"@id":"https:\/\/noti-america.com\/site\/principal\/2024\/05\/14\/advertencia-de-bajas-temperaturas-en-el-amba-localidades-en-riesgo\/#primaryimage"},"image":{"@id":"https:\/\/noti-america.com\/site\/principal\/2024\/05\/14\/advertencia-de-bajas-temperaturas-en-el-amba-localidades-en-riesgo\/#primaryimage"},"thumbnailUrl":"https:\/\/noti-america.com\/site\/principal\/wp-content\/uploads\/sites\/26\/2024\/05\/66becaf9d6900de7a46f2545c322970dfe5186db.jpg","datePublished":"2024-05-14T15:19:26+00:00","author":{"@id":"https:\/\/noti-america.com\/site\/principal\/#\/schema\/person\/22806efcc2cfc4b45efb0e17be210ea8"},"breadcrumb":{"@id":"https:\/\/noti-america.com\/site\/principal\/2024\/05\/14\/advertencia-de-bajas-temperaturas-en-el-amba-localidades-en-riesgo\/#breadcrumb"},"inLanguage":"es","potentialAction":[{"@type":"ReadAction","target":["https:\/\/noti-america.com\/site\/principal\/2024\/05\/14\/advertencia-de-bajas-temperaturas-en-el-amba-localidades-en-riesgo\/"]}]},{"@type":"ImageObject","inLanguage":"es","@id":"https:\/\/noti-america.com\/site\/principal\/2024\/05\/14\/advertencia-de-bajas-temperaturas-en-el-amba-localidades-en-riesgo\/#primaryimage","url":"https:\/\/noti-america.com\/site\/principal\/wp-content\/uploads\/sites\/26\/2024\/05\/66becaf9d6900de7a46f2545c322970dfe5186db.jpg","contentUrl":"https:\/\/noti-america.com\/site\/principal\/wp-content\/uploads\/sites\/26\/2024\/05\/66becaf9d6900de7a46f2545c322970dfe5186db.jpg","width":1140,"height":759},{"@type":"BreadcrumbList","@id":"https:\/\/noti-america.com\/site\/principal\/2024\/05\/14\/advertencia-de-bajas-temperaturas-en-el-amba-localidades-en-riesgo\/#breadcrumb","itemListElement":[{"@type":"ListItem","position":1,"name":"Portada","item":"https:\/\/noti-america.com\/site\/principal\/"},{"@type":"ListItem","position":2,"name":"Advertencia de bajas temperaturas en el AMBA: localidades en riesgo"}]},{"@type":"WebSite","@id":"https:\/\/noti-america.com\/site\/principal\/#website","url":"https:\/\/noti-america.com\/site\/principal\/","name":"Noti-America.com","description":"El Noticiero Digital M\u00e1s Grande de Am\u00e9rica","potentialAction":[{"@type":"SearchAction","target":{"@type":"EntryPoint","urlTemplate":"https:\/\/noti-america.com\/site\/principal\/?s={search_term_string}"},"query-input":{"@type":"PropertyValueSpecification","valueRequired":true,"valueName":"search_term_string"}}],"inLanguage":"es"},{"@type":"Person","@id":"https:\/\/noti-america.com\/site\/principal\/#\/schema\/person\/22806efcc2cfc4b45efb0e17be210ea8","name":"Maria Valentina Noguera Medina","image":{"@type":"ImageObject","inLanguage":"es","@id":"https:\/\/secure.gravatar.com\/avatar\/4ec5eb9d099f2608a49c9df6f7341f66f04f819cdffa09d56a7a0e91d2819d56?s=96&d=mm&r=g","url":"https:\/\/secure.gravatar.com\/avatar\/4ec5eb9d099f2608a49c9df6f7341f66f04f819cdffa09d56a7a0e91d2819d56?s=96&d=mm&r=g","contentUrl":"https:\/\/secure.gravatar.com\/avatar\/4ec5eb9d099f2608a49c9df6f7341f66f04f819cdffa09d56a7a0e91d2819d56?s=96&d=mm&r=g","caption":"Maria Valentina Noguera Medina"},"description":"Periodista - noti-america - Promar Community Manager - Talento Plus Dise\u00f1adora\/ creadora de contenido...","sameAs":["Mar\u00eda Valentina Noguera","https:\/\/www.facebook.com\/mariavalentina.noguera","https:\/\/www.linkedin.com\/in\/mara-valentina-noguera-medina-373075165\/","https:\/\/www.pinterest.es\/valentinanoguera95\/","https:\/\/www.youtube.com\/channel\/UCdek6mbUZ-Tqqw0I63i4nmQ"],"url":"https:\/\/noti-america.com\/site\/principal\/author\/mnoguera\/"}]}},"_links":{"self":[{"href":"https:\/\/noti-america.com\/site\/principal\/wp-json\/wp\/v2\/posts\/44852","targetHints":{"allow":["GET"]}}],"collection":[{"href":"https:\/\/noti-america.com\/site\/principal\/wp-json\/wp\/v2\/posts"}],"about":[{"href":"https:\/\/noti-america.com\/site\/principal\/wp-json\/wp\/v2\/types\/post"}],"author":[{"embeddable":true,"href":"https:\/\/noti-america.com\/site\/principal\/wp-json\/wp\/v2\/users\/133"}],"replies":[{"embeddable":true,"href":"https:\/\/noti-america.com\/site\/principal\/wp-json\/wp\/v2\/comments?post=44852"}],"version-history":[{"count":1,"href":"https:\/\/noti-america.com\/site\/principal\/wp-json\/wp\/v2\/posts\/44852\/revisions"}],"predecessor-version":[{"id":44864,"href":"https:\/\/noti-america.com\/site\/principal\/wp-json\/wp\/v2\/posts\/44852\/revisions\/44864"}],"wp:featuredmedia":[{"embeddable":true,"href":"https:\/\/noti-america.com\/site\/principal\/wp-json\/wp\/v2\/media\/44853"}],"wp:attachment":[{"href":"https:\/\/noti-america.com\/site\/principal\/wp-json\/wp\/v2\/media?parent=44852"}],"wp:term":[{"taxonomy":"category","embeddable":true,"href":"https:\/\/noti-america.com\/site\/principal\/wp-json\/wp\/v2\/categories?post=44852"},{"taxonomy":"post_tag","embeddable":true,"href":"https:\/\/noti-america.com\/site\/principal\/wp-json\/wp\/v2\/tags?post=44852"}],"curies":[{"name":"wp","href":"https:\/\/api.w.org\/{rel}","templated":true}]}}