{"id":44832,"date":"2024-05-14T01:54:27","date_gmt":"2024-05-14T05:54:27","guid":{"rendered":"https:\/\/noti-america.com\/site\/principal\/?p=44832"},"modified":"2024-05-14T01:54:27","modified_gmt":"2024-05-14T05:54:27","slug":"tendremos-invitados-de-honor-a-la-agencia-de-prensa-latina","status":"publish","type":"post","link":"https:\/\/noti-america.com\/site\/principal\/2024\/05\/14\/tendremos-invitados-de-honor-a-la-agencia-de-prensa-latina\/","title":{"rendered":"Tendremos invitados de honor a la Agencia de Prensa Latina"},"content":{"rendered":"<p><strong>Noti-Am\u00e9rica Rep\u00fablica Dominicana<\/strong><br \/>\n<strong>Santo Domingo,RD<\/strong><\/p>\n<p>&nbsp;<\/p>\n<p style=\"font-weight: 400\"><strong>Por Araceli Aguilar Salgado<\/strong><\/p>\n<p style=\"font-weight: 400\"><strong>\u00a0<\/strong><\/p>\n<p style=\"font-weight: 400\"><strong><em>\u201cLa prensa es la artiller\u00eda de la libertad\u201d. Hans Christian Andersen.<\/em><\/strong><\/p>\n<p style=\"font-weight: 400;text-align: justify\">El Congreso Mundial de Prensa, hace causa com\u00fan con el\u00a0XXVI Aniversario del Congreso Hispanoamericano de Prensa que se desarrolla desde el\u00a031 de mayo en las Naciones Unidas, ONU, de 1:00 PM a 6:00 PM y el d\u00eda 01 de junio en la escuela Gregorio Luper\u00f3n, ubicada en el 501 W 165th St. New York, NY 10032, en \u00c1msterdam y 165 St., frente a la iglesia Santa Rosa de Lima, desde las 8:00AM a 5:00PM.<\/p>\n<p style=\"font-weight: 400;text-align: justify\">El Congreso Mundial de Prensa, felicita una vez m\u00e1s la secuencia del Congreso Hispanoamericano de Prensa, que surgi\u00f3 el 27 de mayo de 1998, cuando su ide\u00f3logo y fundador Dr. Am\u00edn Cruz propuso unir a periodistas, reporteros, fot\u00f3grafos, publicistas, impresores, diagramadores, estudiantes, adem\u00e1s de escritores, teatristas, m\u00fasicos y compositores en una organizaci\u00f3n interesada en la divulgaci\u00f3n, ense\u00f1anza, capacitaci\u00f3n y actualizaci\u00f3n tecnol\u00f3gica en el 1997.<\/p>\n<p style=\"font-weight: 400;text-align: justify\">A partir de ah\u00ed el Congreso Hispanoamericano de Prensa tiene toda una historia de 26 a\u00f1os consecutivos, gan\u00e1ndose un espacio en el mundo de la ciencia, educaci\u00f3n, tecnolog\u00eda, salud, arte y cultura, as\u00ed como promoviendo la uni\u00f3n y fraternidad entre todos los periodistas del mundo.<\/p>\n<p style=\"font-weight: 400;text-align: justify\">En la actualidad mantiene presencia, adem\u00e1s, en Nueva Jersey, Pennsylvania, Boston, Providence, Connecticut, Las Vegas, Atlanta, Carolina del Norte, Florida, San Francisco, Puerto Rico, Washington D.C. y Los \u00c1ngeles.<\/p>\n<p style=\"font-weight: 400;text-align: justify\">Tambi\u00e9n logr\u00f3 llegar a varios pa\u00edses de Am\u00e9rica Latina y el Caribe, Europa y \u00c1frica como Ecuador, Colombia, Cuba, M\u00e9xico, Costa Rica, Canad\u00e1, Puerto Rico, Rep\u00fablica Dominicana, Venezuela, Argentina, Per\u00fa, Bolivia, Uruguay, Paraguay, Chile, Brasil, Espa\u00f1a, Italia, Suiza y Francia, Marruecos, por citar algunos ejemplos.<\/p>\n<p style=\"font-weight: 400;text-align: justify\">El tema central de este a\u00f1o ser\u00e1 \u00abLa Nueva Operaci\u00f3n Verdad\u00bb, basado en la \u00e9tica y los Objetivos de Desarrollo Sostenible de las Naciones Unidas (ONU), con la presencia del presidente Lic. Luis Enrique Gonz\u00e1lez Acosta y la vicepresidenta Luisa Gonz\u00e1lez Garc\u00eda de la Agencia de Prensa Latina, con toda una\u00a0presentaci\u00f3n de exposici\u00f3n fotogr\u00e1fica y documental sobre el\u00a065 aniversario de la \u201cOperaci\u00f3n Verdad\u201d, es toda una historia de la Agencia de Prensa hispana m\u00e1s importante del mundo en los actuales momento.<\/p>\n<p style=\"font-weight: 400;text-align: justify\">Hoy el Congreso Mundial de Prensa, se enorgullece con un a\u00f1o m\u00e1s de celebraci\u00f3n del Congreso Hispanoamericano de Prensa, unidos a los Congreso Mundial de Universidades, el Congreso Mundial de Arte y Cultura (COMAC), el Congreso Mundial de Medioambiente (COMMA), el Congreso Mundial de Ecoturismo (COMETUR), el Congreso Mundial de la Mujer (CMM) y la Organizaci\u00f3n Naciones Unidas para la Salud Natural (ONUSANA), entre otras instituciones period\u00edsticas de Am\u00e9rica Latina, celebramos un a\u00f1o m\u00e1s de servicio a la clase period\u00edstica nacional e internacional.<\/p>\n<p style=\"font-weight: 400;text-align: justify\">El Dr. Am\u00edn Cruz, CEO, presidente y fundador del Congreso Mundial de Prensa y del Congreso Hispanoamericano de Prensa, hace un llamado a todos los periodistas, educadores y artistas a unirse a estas celebraciones locales e internacionales con el objetivo de contribuir al desarrollo intelectual de las presentes y futuras generaciones de j\u00f3venes estudiantes y periodistas de Am\u00e9rica y el mundo.<\/p>\n<p style=\"font-weight: 400\">Para mayor informaci\u00f3n pueden escribir al correo electr\u00f3nico:\u00a0\u00a0<u><a href=\"mailto:congresohispanoamericano@gmail.com\">congresohispanoamericano@gmail.com<\/a><\/u>,\u00a0<a href=\"mailto:congresodeprensa.usa@gmail.com\">congresodeprensa.usa@gmail.com<\/a>,\u00a0<a href=\"http:\/\/www.congresodeprensa.org\/\" data-saferedirecturl=\"https:\/\/www.google.com\/url?q=http:\/\/www.congresodeprensa.org\/&amp;source=gmail&amp;ust=1715736488260000&amp;usg=AOvVaw2ebHkkCUDECj0zn0fw6pjs\">www.congresodeprensa.org<\/a>, o\u00a0se pueden comunicar directamente a los tel\u00e9fonos:\u00a0646-508-4905, Dra. Lissete Montolio, 917-399-5986, Dr. H\u00e9ctor Geager,\u00a0732- 619-0330,\u00a0Lic. Jenny G\u00f3mez<\/p>\n<p style=\"font-weight: 400\">El Congreso Hispanoamericano de Prensa como todas las actividades son sin fines de lucro. Todos los ingresos, de cualquier origen y naturaleza, se utilizan para el funcionamiento del mismo Congreso de Prensa.<\/p>\n<p style=\"font-weight: 400\"><strong><em>\u201cEl poder para moldear el futuro de una rep\u00fablica estar\u00e1 en manos del periodismo de las generaciones futuras\u201d. Joseph Pulitzer.<\/em><\/strong><\/p>\n<p style=\"font-weight: 400\">Araceli Aguilar Salgado Periodista, Abogada, Ingeniera, Escritora, Analista y comentarista mexicana, del Estado de Guerrero E-mail\u00a0<a href=\"mailto:periodistaaaguilar@gmail.com\">periodistaaaguilar@gmail.com<\/a>.<\/p>\n","protected":false},"excerpt":{"rendered":"<p>Noti-Am\u00e9rica Rep\u00fablica Dominicana Santo Domingo,RD &nbsp; Por Araceli Aguilar Salgado \u00a0 \u201cLa prensa es la artiller\u00eda de la libertad\u201d. Hans Christian Andersen. El Congreso Mundial de Prensa, hace causa com\u00fan con el\u00a0XXVI Aniversario del&#46;&#46;&#46;<\/p>\n","protected":false},"author":87,"featured_media":44833,"comment_status":"","ping_status":"open","sticky":false,"template":"","format":"gallery","meta":{"_acf_changed":false,"rop_custom_images_group":[],"rop_custom_messages_group":[],"rop_publish_now":"initial","rop_publish_now_accounts":{"facebook_10219548024599422_1632221337088128":"","twitter_242054905_242054905":""},"rop_publish_now_history":[],"rop_publish_now_status":"pending","footnotes":""},"categories":[886,4],"tags":[],"class_list":["post-44832","post","type-post","status-publish","format-gallery","has-post-thumbnail","hentry","category-acturalidad","category-internacionales","post_format-post-format-gallery"],"acf":[],"yoast_head":"<!-- This site is optimized with the Yoast SEO Premium plugin v24.9 (Yoast SEO v27.2) - https:\/\/yoast.com\/product\/yoast-seo-premium-wordpress\/ -->\n<title>Tendremos invitados de honor a la Agencia de Prensa Latina - Noti-America.com<\/title>\n<meta name=\"robots\" content=\"index, follow, max-snippet:-1, max-image-preview:large, max-video-preview:-1\" \/>\n<link rel=\"canonical\" href=\"https:\/\/noti-america.com\/site\/principal\/2024\/05\/14\/tendremos-invitados-de-honor-a-la-agencia-de-prensa-latina\/\" \/>\n<meta property=\"og:locale\" content=\"es_ES\" \/>\n<meta property=\"og:type\" content=\"article\" \/>\n<meta property=\"og:title\" content=\"Tendremos invitados de honor a la Agencia de Prensa Latina\" \/>\n<meta property=\"og:description\" content=\"Noti-Am\u00e9rica Rep\u00fablica Dominicana Santo Domingo,RD &nbsp; Por Araceli Aguilar Salgado \u00a0 \u201cLa prensa es la artiller\u00eda de la libertad\u201d. Hans Christian Andersen. El Congreso Mundial de Prensa, hace causa com\u00fan con el\u00a0XXVI Aniversario del&#046;&#046;&#046;\" \/>\n<meta property=\"og:url\" content=\"https:\/\/noti-america.com\/site\/principal\/2024\/05\/14\/tendremos-invitados-de-honor-a-la-agencia-de-prensa-latina\/\" \/>\n<meta property=\"og:site_name\" content=\"Noti-America.com\" \/>\n<meta property=\"article:published_time\" content=\"2024-05-14T05:54:27+00:00\" \/>\n<meta property=\"og:image\" content=\"https:\/\/noti-america.com\/site\/principal\/wp-content\/uploads\/sites\/26\/2024\/05\/LUIS-PL.jpg\" \/>\n\t<meta property=\"og:image:width\" content=\"1000\" \/>\n\t<meta property=\"og:image:height\" content=\"1034\" \/>\n\t<meta property=\"og:image:type\" content=\"image\/jpeg\" \/>\n<meta name=\"author\" content=\"CAMH\" \/>\n<meta name=\"twitter:card\" content=\"summary_large_image\" \/>\n<meta name=\"twitter:label1\" content=\"Escrito por\" \/>\n\t<meta name=\"twitter:data1\" content=\"CAMH\" \/>\n\t<meta name=\"twitter:label2\" content=\"Tiempo estimado de lectura\" \/>\n\t<meta name=\"twitter:data2\" content=\"3 minutos\" \/>\n<script type=\"application\/ld+json\" class=\"yoast-schema-graph\">{\"@context\":\"https:\/\/schema.org\",\"@graph\":[{\"@type\":\"Article\",\"@id\":\"https:\/\/noti-america.com\/site\/principal\/2024\/05\/14\/tendremos-invitados-de-honor-a-la-agencia-de-prensa-latina\/#article\",\"isPartOf\":{\"@id\":\"https:\/\/noti-america.com\/site\/principal\/2024\/05\/14\/tendremos-invitados-de-honor-a-la-agencia-de-prensa-latina\/\"},\"author\":{\"name\":\"CAMH\",\"@id\":\"https:\/\/noti-america.com\/site\/principal\/#\/schema\/person\/e13880b4308eea6926b271284605ef72\"},\"headline\":\"Tendremos invitados de honor a la Agencia de Prensa Latina\",\"datePublished\":\"2024-05-14T05:54:27+00:00\",\"mainEntityOfPage\":{\"@id\":\"https:\/\/noti-america.com\/site\/principal\/2024\/05\/14\/tendremos-invitados-de-honor-a-la-agencia-de-prensa-latina\/\"},\"wordCount\":677,\"image\":{\"@id\":\"https:\/\/noti-america.com\/site\/principal\/2024\/05\/14\/tendremos-invitados-de-honor-a-la-agencia-de-prensa-latina\/#primaryimage\"},\"thumbnailUrl\":\"https:\/\/noti-america.com\/site\/principal\/wp-content\/uploads\/sites\/26\/2024\/05\/LUIS-PL.jpg\",\"articleSection\":[\"Actualidad\",\"Internacionales\"],\"inLanguage\":\"es\"},{\"@type\":\"WebPage\",\"@id\":\"https:\/\/noti-america.com\/site\/principal\/2024\/05\/14\/tendremos-invitados-de-honor-a-la-agencia-de-prensa-latina\/\",\"url\":\"https:\/\/noti-america.com\/site\/principal\/2024\/05\/14\/tendremos-invitados-de-honor-a-la-agencia-de-prensa-latina\/\",\"name\":\"Tendremos invitados de honor a la Agencia de Prensa Latina - Noti-America.com\",\"isPartOf\":{\"@id\":\"https:\/\/noti-america.com\/site\/principal\/#website\"},\"primaryImageOfPage\":{\"@id\":\"https:\/\/noti-america.com\/site\/principal\/2024\/05\/14\/tendremos-invitados-de-honor-a-la-agencia-de-prensa-latina\/#primaryimage\"},\"image\":{\"@id\":\"https:\/\/noti-america.com\/site\/principal\/2024\/05\/14\/tendremos-invitados-de-honor-a-la-agencia-de-prensa-latina\/#primaryimage\"},\"thumbnailUrl\":\"https:\/\/noti-america.com\/site\/principal\/wp-content\/uploads\/sites\/26\/2024\/05\/LUIS-PL.jpg\",\"datePublished\":\"2024-05-14T05:54:27+00:00\",\"author\":{\"@id\":\"https:\/\/noti-america.com\/site\/principal\/#\/schema\/person\/e13880b4308eea6926b271284605ef72\"},\"breadcrumb\":{\"@id\":\"https:\/\/noti-america.com\/site\/principal\/2024\/05\/14\/tendremos-invitados-de-honor-a-la-agencia-de-prensa-latina\/#breadcrumb\"},\"inLanguage\":\"es\",\"potentialAction\":[{\"@type\":\"ReadAction\",\"target\":[\"https:\/\/noti-america.com\/site\/principal\/2024\/05\/14\/tendremos-invitados-de-honor-a-la-agencia-de-prensa-latina\/\"]}]},{\"@type\":\"ImageObject\",\"inLanguage\":\"es\",\"@id\":\"https:\/\/noti-america.com\/site\/principal\/2024\/05\/14\/tendremos-invitados-de-honor-a-la-agencia-de-prensa-latina\/#primaryimage\",\"url\":\"https:\/\/noti-america.com\/site\/principal\/wp-content\/uploads\/sites\/26\/2024\/05\/LUIS-PL.jpg\",\"contentUrl\":\"https:\/\/noti-america.com\/site\/principal\/wp-content\/uploads\/sites\/26\/2024\/05\/LUIS-PL.jpg\",\"width\":1000,\"height\":1034},{\"@type\":\"BreadcrumbList\",\"@id\":\"https:\/\/noti-america.com\/site\/principal\/2024\/05\/14\/tendremos-invitados-de-honor-a-la-agencia-de-prensa-latina\/#breadcrumb\",\"itemListElement\":[{\"@type\":\"ListItem\",\"position\":1,\"name\":\"Portada\",\"item\":\"https:\/\/noti-america.com\/site\/principal\/\"},{\"@type\":\"ListItem\",\"position\":2,\"name\":\"Tendremos invitados de honor a la Agencia de Prensa Latina\"}]},{\"@type\":\"WebSite\",\"@id\":\"https:\/\/noti-america.com\/site\/principal\/#website\",\"url\":\"https:\/\/noti-america.com\/site\/principal\/\",\"name\":\"Noti-America.com\",\"description\":\"El Noticiero Digital M\u00e1s Grande de Am\u00e9rica\",\"potentialAction\":[{\"@type\":\"SearchAction\",\"target\":{\"@type\":\"EntryPoint\",\"urlTemplate\":\"https:\/\/noti-america.com\/site\/principal\/?s={search_term_string}\"},\"query-input\":{\"@type\":\"PropertyValueSpecification\",\"valueRequired\":true,\"valueName\":\"search_term_string\"}}],\"inLanguage\":\"es\"},{\"@type\":\"Person\",\"@id\":\"https:\/\/noti-america.com\/site\/principal\/#\/schema\/person\/e13880b4308eea6926b271284605ef72\",\"name\":\"CAMH\",\"image\":{\"@type\":\"ImageObject\",\"inLanguage\":\"es\",\"@id\":\"https:\/\/secure.gravatar.com\/avatar\/82aa99c723cbed2b304797bc218a5542b5a94d7f5d0ba3b39650aef53c28ecf5?s=96&d=mm&r=g\",\"url\":\"https:\/\/secure.gravatar.com\/avatar\/82aa99c723cbed2b304797bc218a5542b5a94d7f5d0ba3b39650aef53c28ecf5?s=96&d=mm&r=g\",\"contentUrl\":\"https:\/\/secure.gravatar.com\/avatar\/82aa99c723cbed2b304797bc218a5542b5a94d7f5d0ba3b39650aef53c28ecf5?s=96&d=mm&r=g\",\"caption\":\"CAMH\"},\"url\":\"https:\/\/noti-america.com\/site\/principal\/author\/cmitchell\/\"}]}<\/script>\n<!-- \/ Yoast SEO Premium plugin. -->","yoast_head_json":{"title":"Tendremos invitados de honor a la Agencia de Prensa Latina - Noti-America.com","robots":{"index":"index","follow":"follow","max-snippet":"max-snippet:-1","max-image-preview":"max-image-preview:large","max-video-preview":"max-video-preview:-1"},"canonical":"https:\/\/noti-america.com\/site\/principal\/2024\/05\/14\/tendremos-invitados-de-honor-a-la-agencia-de-prensa-latina\/","og_locale":"es_ES","og_type":"article","og_title":"Tendremos invitados de honor a la Agencia de Prensa Latina","og_description":"Noti-Am\u00e9rica Rep\u00fablica Dominicana Santo Domingo,RD &nbsp; Por Araceli Aguilar Salgado \u00a0 \u201cLa prensa es la artiller\u00eda de la libertad\u201d. Hans Christian Andersen. El Congreso Mundial de Prensa, hace causa com\u00fan con el\u00a0XXVI Aniversario del&#46;&#46;&#46;","og_url":"https:\/\/noti-america.com\/site\/principal\/2024\/05\/14\/tendremos-invitados-de-honor-a-la-agencia-de-prensa-latina\/","og_site_name":"Noti-America.com","article_published_time":"2024-05-14T05:54:27+00:00","og_image":[{"width":1000,"height":1034,"url":"https:\/\/noti-america.com\/site\/principal\/wp-content\/uploads\/sites\/26\/2024\/05\/LUIS-PL.jpg","type":"image\/jpeg"}],"author":"CAMH","twitter_card":"summary_large_image","twitter_misc":{"Escrito por":"CAMH","Tiempo estimado de lectura":"3 minutos"},"schema":{"@context":"https:\/\/schema.org","@graph":[{"@type":"Article","@id":"https:\/\/noti-america.com\/site\/principal\/2024\/05\/14\/tendremos-invitados-de-honor-a-la-agencia-de-prensa-latina\/#article","isPartOf":{"@id":"https:\/\/noti-america.com\/site\/principal\/2024\/05\/14\/tendremos-invitados-de-honor-a-la-agencia-de-prensa-latina\/"},"author":{"name":"CAMH","@id":"https:\/\/noti-america.com\/site\/principal\/#\/schema\/person\/e13880b4308eea6926b271284605ef72"},"headline":"Tendremos invitados de honor a la Agencia de Prensa Latina","datePublished":"2024-05-14T05:54:27+00:00","mainEntityOfPage":{"@id":"https:\/\/noti-america.com\/site\/principal\/2024\/05\/14\/tendremos-invitados-de-honor-a-la-agencia-de-prensa-latina\/"},"wordCount":677,"image":{"@id":"https:\/\/noti-america.com\/site\/principal\/2024\/05\/14\/tendremos-invitados-de-honor-a-la-agencia-de-prensa-latina\/#primaryimage"},"thumbnailUrl":"https:\/\/noti-america.com\/site\/principal\/wp-content\/uploads\/sites\/26\/2024\/05\/LUIS-PL.jpg","articleSection":["Actualidad","Internacionales"],"inLanguage":"es"},{"@type":"WebPage","@id":"https:\/\/noti-america.com\/site\/principal\/2024\/05\/14\/tendremos-invitados-de-honor-a-la-agencia-de-prensa-latina\/","url":"https:\/\/noti-america.com\/site\/principal\/2024\/05\/14\/tendremos-invitados-de-honor-a-la-agencia-de-prensa-latina\/","name":"Tendremos invitados de honor a la Agencia de Prensa Latina - Noti-America.com","isPartOf":{"@id":"https:\/\/noti-america.com\/site\/principal\/#website"},"primaryImageOfPage":{"@id":"https:\/\/noti-america.com\/site\/principal\/2024\/05\/14\/tendremos-invitados-de-honor-a-la-agencia-de-prensa-latina\/#primaryimage"},"image":{"@id":"https:\/\/noti-america.com\/site\/principal\/2024\/05\/14\/tendremos-invitados-de-honor-a-la-agencia-de-prensa-latina\/#primaryimage"},"thumbnailUrl":"https:\/\/noti-america.com\/site\/principal\/wp-content\/uploads\/sites\/26\/2024\/05\/LUIS-PL.jpg","datePublished":"2024-05-14T05:54:27+00:00","author":{"@id":"https:\/\/noti-america.com\/site\/principal\/#\/schema\/person\/e13880b4308eea6926b271284605ef72"},"breadcrumb":{"@id":"https:\/\/noti-america.com\/site\/principal\/2024\/05\/14\/tendremos-invitados-de-honor-a-la-agencia-de-prensa-latina\/#breadcrumb"},"inLanguage":"es","potentialAction":[{"@type":"ReadAction","target":["https:\/\/noti-america.com\/site\/principal\/2024\/05\/14\/tendremos-invitados-de-honor-a-la-agencia-de-prensa-latina\/"]}]},{"@type":"ImageObject","inLanguage":"es","@id":"https:\/\/noti-america.com\/site\/principal\/2024\/05\/14\/tendremos-invitados-de-honor-a-la-agencia-de-prensa-latina\/#primaryimage","url":"https:\/\/noti-america.com\/site\/principal\/wp-content\/uploads\/sites\/26\/2024\/05\/LUIS-PL.jpg","contentUrl":"https:\/\/noti-america.com\/site\/principal\/wp-content\/uploads\/sites\/26\/2024\/05\/LUIS-PL.jpg","width":1000,"height":1034},{"@type":"BreadcrumbList","@id":"https:\/\/noti-america.com\/site\/principal\/2024\/05\/14\/tendremos-invitados-de-honor-a-la-agencia-de-prensa-latina\/#breadcrumb","itemListElement":[{"@type":"ListItem","position":1,"name":"Portada","item":"https:\/\/noti-america.com\/site\/principal\/"},{"@type":"ListItem","position":2,"name":"Tendremos invitados de honor a la Agencia de Prensa Latina"}]},{"@type":"WebSite","@id":"https:\/\/noti-america.com\/site\/principal\/#website","url":"https:\/\/noti-america.com\/site\/principal\/","name":"Noti-America.com","description":"El Noticiero Digital M\u00e1s Grande de Am\u00e9rica","potentialAction":[{"@type":"SearchAction","target":{"@type":"EntryPoint","urlTemplate":"https:\/\/noti-america.com\/site\/principal\/?s={search_term_string}"},"query-input":{"@type":"PropertyValueSpecification","valueRequired":true,"valueName":"search_term_string"}}],"inLanguage":"es"},{"@type":"Person","@id":"https:\/\/noti-america.com\/site\/principal\/#\/schema\/person\/e13880b4308eea6926b271284605ef72","name":"CAMH","image":{"@type":"ImageObject","inLanguage":"es","@id":"https:\/\/secure.gravatar.com\/avatar\/82aa99c723cbed2b304797bc218a5542b5a94d7f5d0ba3b39650aef53c28ecf5?s=96&d=mm&r=g","url":"https:\/\/secure.gravatar.com\/avatar\/82aa99c723cbed2b304797bc218a5542b5a94d7f5d0ba3b39650aef53c28ecf5?s=96&d=mm&r=g","contentUrl":"https:\/\/secure.gravatar.com\/avatar\/82aa99c723cbed2b304797bc218a5542b5a94d7f5d0ba3b39650aef53c28ecf5?s=96&d=mm&r=g","caption":"CAMH"},"url":"https:\/\/noti-america.com\/site\/principal\/author\/cmitchell\/"}]}},"_links":{"self":[{"href":"https:\/\/noti-america.com\/site\/principal\/wp-json\/wp\/v2\/posts\/44832","targetHints":{"allow":["GET"]}}],"collection":[{"href":"https:\/\/noti-america.com\/site\/principal\/wp-json\/wp\/v2\/posts"}],"about":[{"href":"https:\/\/noti-america.com\/site\/principal\/wp-json\/wp\/v2\/types\/post"}],"author":[{"embeddable":true,"href":"https:\/\/noti-america.com\/site\/principal\/wp-json\/wp\/v2\/users\/87"}],"replies":[{"embeddable":true,"href":"https:\/\/noti-america.com\/site\/principal\/wp-json\/wp\/v2\/comments?post=44832"}],"version-history":[{"count":1,"href":"https:\/\/noti-america.com\/site\/principal\/wp-json\/wp\/v2\/posts\/44832\/revisions"}],"predecessor-version":[{"id":44844,"href":"https:\/\/noti-america.com\/site\/principal\/wp-json\/wp\/v2\/posts\/44832\/revisions\/44844"}],"wp:featuredmedia":[{"embeddable":true,"href":"https:\/\/noti-america.com\/site\/principal\/wp-json\/wp\/v2\/media\/44833"}],"wp:attachment":[{"href":"https:\/\/noti-america.com\/site\/principal\/wp-json\/wp\/v2\/media?parent=44832"}],"wp:term":[{"taxonomy":"category","embeddable":true,"href":"https:\/\/noti-america.com\/site\/principal\/wp-json\/wp\/v2\/categories?post=44832"},{"taxonomy":"post_tag","embeddable":true,"href":"https:\/\/noti-america.com\/site\/principal\/wp-json\/wp\/v2\/tags?post=44832"}],"curies":[{"name":"wp","href":"https:\/\/api.w.org\/{rel}","templated":true}]}}