{"id":4461,"date":"2018-05-18T18:43:55","date_gmt":"2018-05-18T18:43:55","guid":{"rendered":"http:\/\/noti-america.com\/site\/alemania\/?p=4461"},"modified":"2018-05-18T18:43:55","modified_gmt":"2018-05-18T18:43:55","slug":"pakistan-dedica-moneda-a-doctora-alemana-por-lucha-contra-la-lepra","status":"publish","type":"post","link":"https:\/\/noti-america.com\/site\/principal\/2018\/05\/18\/pakistan-dedica-moneda-a-doctora-alemana-por-lucha-contra-la-lepra\/","title":{"rendered":"Pakist\u00e1n dedica moneda a doctora alemana por lucha contra la lepra"},"content":{"rendered":"<p><em><strong>Fuente(dpa)<\/strong><\/em><\/p>\n<p><span class=\"dateline\">Karachi (Pakist\u00e1n)\u00a0&#8211;\u00a0<\/span>Pakist\u00e1n present\u00f3 una moneda conmemorativa dedicada a la doctora alemana Ruth Pfau (1929-2017), quien consagr\u00f3 su vida a la lucha contra la lepra. La moneda de cobre y n\u00edquel tiene un valor de 50 rupias (aproximadamente 35 c\u00e9ntimos de euro) y muestra en el anverso un retrato de la religiosa, inform\u00f3 el banco nacional paquistan\u00ed SBP.<\/p>\n<p>Pfau, que falleci\u00f3 el a\u00f1o pasado en Pakist\u00e1n a los 87 a\u00f1os de edad, lleg\u00f3 en su juventud a un barrio pobre de la ciudad de Karachi y entr\u00f3 por primera vez en contacto con personas enfermas de lepra, una enfermedad infecciosa cr\u00f3nica que ataca la piel y el sistema nervioso, entre otros.<\/p>\n<p>En una barraca de tablas trat\u00f3 a sus primeros pacientes. Posteriormente, y con la ayuda de donaciones provenientes de Alemania, esta barraca se convertir\u00eda en un hospital.<\/p>\n<p>Tras su muerte, Pakist\u00e1n honr\u00f3 a la m\u00e9dica con un entierro oficial y tambi\u00e9n con la edici\u00f3n de un sello postal. Su habitaci\u00f3n en el centro para tratamiento de la lepra Marie-Adelaide en Karachi fue transformado en museo recientemente.<\/p>\n<p>Pfau es la quinta persona en la historia del pa\u00eds del sur asi\u00e1tico honrada con una moneda conmemorativa. Hasta ahora, s\u00f3lo personalidades como el soberano Muhammad Ali Jinnah y el poeta Allama Muhammad Iqbal tuvieron ese honor.<\/p>\n<p>Gracias a los esfuerzos de Ruth Pfau fue que Pakist\u00e1n logr\u00f3 -como primer pa\u00eds de la regi\u00f3n- controlar la lepra, afirm\u00f3 el director del SBP, Tariq Bajwa, en la presentaci\u00f3n de la moneda. \u00abNi siquiera con todos los premios del mundo podr\u00edamos devolverle los servicios que ella prest\u00f3 a nuestro pa\u00eds\u00bb, finaliz\u00f3.<\/p>\n","protected":false},"excerpt":{"rendered":"<p>Fuente(dpa) Karachi (Pakist\u00e1n)\u00a0&#8211;\u00a0Pakist\u00e1n present\u00f3 una moneda conmemorativa dedicada a la doctora alemana Ruth Pfau (1929-2017), quien consagr\u00f3 su vida a la lucha contra la lepra. La moneda de cobre y n\u00edquel tiene un valor&#46;&#46;&#46;<\/p>\n","protected":false},"author":31,"featured_media":4462,"comment_status":"open","ping_status":"open","sticky":false,"template":"","format":"standard","meta":{"_acf_changed":false,"rop_custom_images_group":[],"rop_custom_messages_group":[],"rop_publish_now":"initial","rop_publish_now_accounts":{"facebook_10219548024599422_1632221337088128":"","twitter_242054905_242054905":""},"rop_publish_now_history":[],"rop_publish_now_status":"pending","footnotes":""},"categories":[115,44,45,4,455,30],"tags":[456],"class_list":["post-4461","post","type-post","status-publish","format-standard","has-post-thumbnail","hentry","category-alemania","category-ciencia-y-tecnologia","category-economia-opinion","category-internacionales","category-paquistan","category-sociedad","tag-lepra"],"acf":[],"yoast_head":"<!-- This site is optimized with the Yoast SEO Premium plugin v24.9 (Yoast SEO v27.2) - https:\/\/yoast.com\/product\/yoast-seo-premium-wordpress\/ -->\n<title>Pakist\u00e1n dedica moneda a doctora alemana por lucha contra la lepra - Noti-America.com<\/title>\n<meta name=\"robots\" content=\"index, follow, max-snippet:-1, max-image-preview:large, max-video-preview:-1\" \/>\n<link rel=\"canonical\" href=\"https:\/\/noti-america.com\/site\/principal\/2018\/05\/18\/pakistan-dedica-moneda-a-doctora-alemana-por-lucha-contra-la-lepra\/\" \/>\n<meta property=\"og:locale\" content=\"es_ES\" \/>\n<meta property=\"og:type\" content=\"article\" \/>\n<meta property=\"og:title\" content=\"Pakist\u00e1n dedica moneda a doctora alemana por lucha contra la lepra\" \/>\n<meta property=\"og:description\" content=\"Fuente(dpa) Karachi (Pakist\u00e1n)\u00a0&#8211;\u00a0Pakist\u00e1n present\u00f3 una moneda conmemorativa dedicada a la doctora alemana Ruth Pfau (1929-2017), quien consagr\u00f3 su vida a la lucha contra la lepra. La moneda de cobre y n\u00edquel tiene un valor&#046;&#046;&#046;\" \/>\n<meta property=\"og:url\" content=\"https:\/\/noti-america.com\/site\/principal\/2018\/05\/18\/pakistan-dedica-moneda-a-doctora-alemana-por-lucha-contra-la-lepra\/\" \/>\n<meta property=\"og:site_name\" content=\"Noti-America.com\" \/>\n<meta property=\"article:published_time\" content=\"2018-05-18T18:43:55+00:00\" \/>\n<meta property=\"og:image\" content=\"https:\/\/noti-america.com\/site\/principal\/wp-content\/uploads\/sites\/26\/2018\/05\/feeduploaded-2980ab39c1192161db11b1175ea0fff3.jpg\" \/>\n\t<meta property=\"og:image:width\" content=\"950\" \/>\n\t<meta property=\"og:image:height\" content=\"450\" \/>\n\t<meta property=\"og:image:type\" content=\"image\/jpeg\" \/>\n<meta name=\"author\" content=\"Ydalith Figueroa Kad-Bay\" \/>\n<meta name=\"twitter:card\" content=\"summary_large_image\" \/>\n<meta name=\"twitter:creator\" content=\"@ydalithkad\" \/>\n<meta name=\"twitter:label1\" content=\"Escrito por\" \/>\n\t<meta name=\"twitter:data1\" content=\"Ydalith Figueroa Kad-Bay\" \/>\n\t<meta name=\"twitter:label2\" content=\"Tiempo estimado de lectura\" \/>\n\t<meta name=\"twitter:data2\" content=\"1 minuto\" \/>\n<script type=\"application\/ld+json\" class=\"yoast-schema-graph\">{\"@context\":\"https:\/\/schema.org\",\"@graph\":[{\"@type\":\"Article\",\"@id\":\"https:\/\/noti-america.com\/site\/principal\/2018\/05\/18\/pakistan-dedica-moneda-a-doctora-alemana-por-lucha-contra-la-lepra\/#article\",\"isPartOf\":{\"@id\":\"https:\/\/noti-america.com\/site\/principal\/2018\/05\/18\/pakistan-dedica-moneda-a-doctora-alemana-por-lucha-contra-la-lepra\/\"},\"author\":{\"name\":\"Ydalith Figueroa Kad-Bay\",\"@id\":\"https:\/\/noti-america.com\/site\/principal\/#\/schema\/person\/1a24e37c3c358f389f0a111448ddb870\"},\"headline\":\"Pakist\u00e1n dedica moneda a doctora alemana por lucha contra la lepra\",\"datePublished\":\"2018-05-18T18:43:55+00:00\",\"mainEntityOfPage\":{\"@id\":\"https:\/\/noti-america.com\/site\/principal\/2018\/05\/18\/pakistan-dedica-moneda-a-doctora-alemana-por-lucha-contra-la-lepra\/\"},\"wordCount\":301,\"commentCount\":0,\"image\":{\"@id\":\"https:\/\/noti-america.com\/site\/principal\/2018\/05\/18\/pakistan-dedica-moneda-a-doctora-alemana-por-lucha-contra-la-lepra\/#primaryimage\"},\"thumbnailUrl\":\"https:\/\/noti-america.com\/site\/principal\/wp-content\/uploads\/sites\/26\/2018\/05\/feeduploaded-2980ab39c1192161db11b1175ea0fff3.jpg\",\"keywords\":[\"Lepra\"],\"articleSection\":[\"Alemania\",\"Ciencia y Tecnolog\u00eda\",\"Econom\u00eda\",\"Internacionales\",\"Paquistan\",\"Sociedad\"],\"inLanguage\":\"es\",\"potentialAction\":[{\"@type\":\"CommentAction\",\"name\":\"Comment\",\"target\":[\"https:\/\/noti-america.com\/site\/principal\/2018\/05\/18\/pakistan-dedica-moneda-a-doctora-alemana-por-lucha-contra-la-lepra\/#respond\"]}]},{\"@type\":\"WebPage\",\"@id\":\"https:\/\/noti-america.com\/site\/principal\/2018\/05\/18\/pakistan-dedica-moneda-a-doctora-alemana-por-lucha-contra-la-lepra\/\",\"url\":\"https:\/\/noti-america.com\/site\/principal\/2018\/05\/18\/pakistan-dedica-moneda-a-doctora-alemana-por-lucha-contra-la-lepra\/\",\"name\":\"Pakist\u00e1n dedica moneda a doctora alemana por lucha contra la lepra - Noti-America.com\",\"isPartOf\":{\"@id\":\"https:\/\/noti-america.com\/site\/principal\/#website\"},\"primaryImageOfPage\":{\"@id\":\"https:\/\/noti-america.com\/site\/principal\/2018\/05\/18\/pakistan-dedica-moneda-a-doctora-alemana-por-lucha-contra-la-lepra\/#primaryimage\"},\"image\":{\"@id\":\"https:\/\/noti-america.com\/site\/principal\/2018\/05\/18\/pakistan-dedica-moneda-a-doctora-alemana-por-lucha-contra-la-lepra\/#primaryimage\"},\"thumbnailUrl\":\"https:\/\/noti-america.com\/site\/principal\/wp-content\/uploads\/sites\/26\/2018\/05\/feeduploaded-2980ab39c1192161db11b1175ea0fff3.jpg\",\"datePublished\":\"2018-05-18T18:43:55+00:00\",\"author\":{\"@id\":\"https:\/\/noti-america.com\/site\/principal\/#\/schema\/person\/1a24e37c3c358f389f0a111448ddb870\"},\"breadcrumb\":{\"@id\":\"https:\/\/noti-america.com\/site\/principal\/2018\/05\/18\/pakistan-dedica-moneda-a-doctora-alemana-por-lucha-contra-la-lepra\/#breadcrumb\"},\"inLanguage\":\"es\",\"potentialAction\":[{\"@type\":\"ReadAction\",\"target\":[\"https:\/\/noti-america.com\/site\/principal\/2018\/05\/18\/pakistan-dedica-moneda-a-doctora-alemana-por-lucha-contra-la-lepra\/\"]}]},{\"@type\":\"ImageObject\",\"inLanguage\":\"es\",\"@id\":\"https:\/\/noti-america.com\/site\/principal\/2018\/05\/18\/pakistan-dedica-moneda-a-doctora-alemana-por-lucha-contra-la-lepra\/#primaryimage\",\"url\":\"https:\/\/noti-america.com\/site\/principal\/wp-content\/uploads\/sites\/26\/2018\/05\/feeduploaded-2980ab39c1192161db11b1175ea0fff3.jpg\",\"contentUrl\":\"https:\/\/noti-america.com\/site\/principal\/wp-content\/uploads\/sites\/26\/2018\/05\/feeduploaded-2980ab39c1192161db11b1175ea0fff3.jpg\",\"width\":950,\"height\":450},{\"@type\":\"BreadcrumbList\",\"@id\":\"https:\/\/noti-america.com\/site\/principal\/2018\/05\/18\/pakistan-dedica-moneda-a-doctora-alemana-por-lucha-contra-la-lepra\/#breadcrumb\",\"itemListElement\":[{\"@type\":\"ListItem\",\"position\":1,\"name\":\"Portada\",\"item\":\"https:\/\/noti-america.com\/site\/principal\/\"},{\"@type\":\"ListItem\",\"position\":2,\"name\":\"Pakist\u00e1n dedica moneda a doctora alemana por lucha contra la lepra\"}]},{\"@type\":\"WebSite\",\"@id\":\"https:\/\/noti-america.com\/site\/principal\/#website\",\"url\":\"https:\/\/noti-america.com\/site\/principal\/\",\"name\":\"Noti-America.com\",\"description\":\"El Noticiero Digital M\u00e1s Grande de Am\u00e9rica\",\"potentialAction\":[{\"@type\":\"SearchAction\",\"target\":{\"@type\":\"EntryPoint\",\"urlTemplate\":\"https:\/\/noti-america.com\/site\/principal\/?s={search_term_string}\"},\"query-input\":{\"@type\":\"PropertyValueSpecification\",\"valueRequired\":true,\"valueName\":\"search_term_string\"}}],\"inLanguage\":\"es\"},{\"@type\":\"Person\",\"@id\":\"https:\/\/noti-america.com\/site\/principal\/#\/schema\/person\/1a24e37c3c358f389f0a111448ddb870\",\"name\":\"Ydalith Figueroa Kad-Bay\",\"image\":{\"@type\":\"ImageObject\",\"inLanguage\":\"es\",\"@id\":\"https:\/\/secure.gravatar.com\/avatar\/7d1e350465afd215908c3ed413e32ef600cd41c3c21b95416252432a9f6c219c?s=96&d=mm&r=g\",\"url\":\"https:\/\/secure.gravatar.com\/avatar\/7d1e350465afd215908c3ed413e32ef600cd41c3c21b95416252432a9f6c219c?s=96&d=mm&r=g\",\"contentUrl\":\"https:\/\/secure.gravatar.com\/avatar\/7d1e350465afd215908c3ed413e32ef600cd41c3c21b95416252432a9f6c219c?s=96&d=mm&r=g\",\"caption\":\"Ydalith Figueroa Kad-Bay\"},\"description\":\"CEO Noti-America Alemania Embajadora de Venezuela para el Proyecto de Acci\u00f3n Clim\u00e1tica de la ONU, Embajadora para la ense\u00f1anza de los ODS de la ONU, Amplificador de la Acci\u00f3n de los ODS de la ONU, Profesor Voluntario del Proyecto KAKUMA (Educaci\u00f3n de calidad para refugiados en \u00c1frica) UNHCR \u2013 ACNUR - Agencia para los refugiados de la ONU-, Miembro de la ONG Gente Y Ciudad, Embajador de las Instituciones de Microfinanzas \u201cNo a la pobreza ODS #1 de la ONU\u201d (todos tienen derecho a acceso a un cr\u00e9dito), y Voluntario al di\u00e1logo global de UN75. Twitter @ydalithkad email ydalith@yhaoo.com Locutor Profesional 32931 Universidad Central de Venezuela @ISHannover \\\"Colegio Internacional de Hannover Regi\u00f3n, Alemania\\\" Representante de Aprendizaje Innovaci\u00f3n y Tecnolog\u00eda #LMS (Sistema de Gesti\u00f3n de Aprendizaje) #LMS Gente y Ciudad &amp; Asesores Internacionales ONG Alemania. ONG \\\"Gente y Ciudad, Venezuela\\\" Miembro y Asesor especialista An\u00e1lisis de Pol\u00edtica Internacional Asesor Pol\u00edtico Internacional de Venezuela en la defensa de los Derechos Humanos y el restablecimiento Democr\u00e1tico. Diplomacia positiva y Activa. Pasi\u00f3n por el Golf Proyecto #LMS \\\"Golf para ni\u00f1os y adultos Internacional\\\" Pasi\u00f3n por los Postres Proyecto #LMS \\\"Postres, Que Unen a las Culturas del mundo\\\"\",\"sameAs\":[\"https:\/\/x.com\/ydalithkad\"],\"url\":\"https:\/\/noti-america.com\/site\/principal\/author\/yfigueroa\/\"}]}<\/script>\n<!-- \/ Yoast SEO Premium plugin. -->","yoast_head_json":{"title":"Pakist\u00e1n dedica moneda a doctora alemana por lucha contra la lepra - Noti-America.com","robots":{"index":"index","follow":"follow","max-snippet":"max-snippet:-1","max-image-preview":"max-image-preview:large","max-video-preview":"max-video-preview:-1"},"canonical":"https:\/\/noti-america.com\/site\/principal\/2018\/05\/18\/pakistan-dedica-moneda-a-doctora-alemana-por-lucha-contra-la-lepra\/","og_locale":"es_ES","og_type":"article","og_title":"Pakist\u00e1n dedica moneda a doctora alemana por lucha contra la lepra","og_description":"Fuente(dpa) Karachi (Pakist\u00e1n)\u00a0&#8211;\u00a0Pakist\u00e1n present\u00f3 una moneda conmemorativa dedicada a la doctora alemana Ruth Pfau (1929-2017), quien consagr\u00f3 su vida a la lucha contra la lepra. La moneda de cobre y n\u00edquel tiene un valor&#46;&#46;&#46;","og_url":"https:\/\/noti-america.com\/site\/principal\/2018\/05\/18\/pakistan-dedica-moneda-a-doctora-alemana-por-lucha-contra-la-lepra\/","og_site_name":"Noti-America.com","article_published_time":"2018-05-18T18:43:55+00:00","og_image":[{"width":950,"height":450,"url":"https:\/\/noti-america.com\/site\/principal\/wp-content\/uploads\/sites\/26\/2018\/05\/feeduploaded-2980ab39c1192161db11b1175ea0fff3.jpg","type":"image\/jpeg"}],"author":"Ydalith Figueroa Kad-Bay","twitter_card":"summary_large_image","twitter_creator":"@ydalithkad","twitter_misc":{"Escrito por":"Ydalith Figueroa Kad-Bay","Tiempo estimado de lectura":"1 minuto"},"schema":{"@context":"https:\/\/schema.org","@graph":[{"@type":"Article","@id":"https:\/\/noti-america.com\/site\/principal\/2018\/05\/18\/pakistan-dedica-moneda-a-doctora-alemana-por-lucha-contra-la-lepra\/#article","isPartOf":{"@id":"https:\/\/noti-america.com\/site\/principal\/2018\/05\/18\/pakistan-dedica-moneda-a-doctora-alemana-por-lucha-contra-la-lepra\/"},"author":{"name":"Ydalith Figueroa Kad-Bay","@id":"https:\/\/noti-america.com\/site\/principal\/#\/schema\/person\/1a24e37c3c358f389f0a111448ddb870"},"headline":"Pakist\u00e1n dedica moneda a doctora alemana por lucha contra la lepra","datePublished":"2018-05-18T18:43:55+00:00","mainEntityOfPage":{"@id":"https:\/\/noti-america.com\/site\/principal\/2018\/05\/18\/pakistan-dedica-moneda-a-doctora-alemana-por-lucha-contra-la-lepra\/"},"wordCount":301,"commentCount":0,"image":{"@id":"https:\/\/noti-america.com\/site\/principal\/2018\/05\/18\/pakistan-dedica-moneda-a-doctora-alemana-por-lucha-contra-la-lepra\/#primaryimage"},"thumbnailUrl":"https:\/\/noti-america.com\/site\/principal\/wp-content\/uploads\/sites\/26\/2018\/05\/feeduploaded-2980ab39c1192161db11b1175ea0fff3.jpg","keywords":["Lepra"],"articleSection":["Alemania","Ciencia y Tecnolog\u00eda","Econom\u00eda","Internacionales","Paquistan","Sociedad"],"inLanguage":"es","potentialAction":[{"@type":"CommentAction","name":"Comment","target":["https:\/\/noti-america.com\/site\/principal\/2018\/05\/18\/pakistan-dedica-moneda-a-doctora-alemana-por-lucha-contra-la-lepra\/#respond"]}]},{"@type":"WebPage","@id":"https:\/\/noti-america.com\/site\/principal\/2018\/05\/18\/pakistan-dedica-moneda-a-doctora-alemana-por-lucha-contra-la-lepra\/","url":"https:\/\/noti-america.com\/site\/principal\/2018\/05\/18\/pakistan-dedica-moneda-a-doctora-alemana-por-lucha-contra-la-lepra\/","name":"Pakist\u00e1n dedica moneda a doctora alemana por lucha contra la lepra - Noti-America.com","isPartOf":{"@id":"https:\/\/noti-america.com\/site\/principal\/#website"},"primaryImageOfPage":{"@id":"https:\/\/noti-america.com\/site\/principal\/2018\/05\/18\/pakistan-dedica-moneda-a-doctora-alemana-por-lucha-contra-la-lepra\/#primaryimage"},"image":{"@id":"https:\/\/noti-america.com\/site\/principal\/2018\/05\/18\/pakistan-dedica-moneda-a-doctora-alemana-por-lucha-contra-la-lepra\/#primaryimage"},"thumbnailUrl":"https:\/\/noti-america.com\/site\/principal\/wp-content\/uploads\/sites\/26\/2018\/05\/feeduploaded-2980ab39c1192161db11b1175ea0fff3.jpg","datePublished":"2018-05-18T18:43:55+00:00","author":{"@id":"https:\/\/noti-america.com\/site\/principal\/#\/schema\/person\/1a24e37c3c358f389f0a111448ddb870"},"breadcrumb":{"@id":"https:\/\/noti-america.com\/site\/principal\/2018\/05\/18\/pakistan-dedica-moneda-a-doctora-alemana-por-lucha-contra-la-lepra\/#breadcrumb"},"inLanguage":"es","potentialAction":[{"@type":"ReadAction","target":["https:\/\/noti-america.com\/site\/principal\/2018\/05\/18\/pakistan-dedica-moneda-a-doctora-alemana-por-lucha-contra-la-lepra\/"]}]},{"@type":"ImageObject","inLanguage":"es","@id":"https:\/\/noti-america.com\/site\/principal\/2018\/05\/18\/pakistan-dedica-moneda-a-doctora-alemana-por-lucha-contra-la-lepra\/#primaryimage","url":"https:\/\/noti-america.com\/site\/principal\/wp-content\/uploads\/sites\/26\/2018\/05\/feeduploaded-2980ab39c1192161db11b1175ea0fff3.jpg","contentUrl":"https:\/\/noti-america.com\/site\/principal\/wp-content\/uploads\/sites\/26\/2018\/05\/feeduploaded-2980ab39c1192161db11b1175ea0fff3.jpg","width":950,"height":450},{"@type":"BreadcrumbList","@id":"https:\/\/noti-america.com\/site\/principal\/2018\/05\/18\/pakistan-dedica-moneda-a-doctora-alemana-por-lucha-contra-la-lepra\/#breadcrumb","itemListElement":[{"@type":"ListItem","position":1,"name":"Portada","item":"https:\/\/noti-america.com\/site\/principal\/"},{"@type":"ListItem","position":2,"name":"Pakist\u00e1n dedica moneda a doctora alemana por lucha contra la lepra"}]},{"@type":"WebSite","@id":"https:\/\/noti-america.com\/site\/principal\/#website","url":"https:\/\/noti-america.com\/site\/principal\/","name":"Noti-America.com","description":"El Noticiero Digital M\u00e1s Grande de Am\u00e9rica","potentialAction":[{"@type":"SearchAction","target":{"@type":"EntryPoint","urlTemplate":"https:\/\/noti-america.com\/site\/principal\/?s={search_term_string}"},"query-input":{"@type":"PropertyValueSpecification","valueRequired":true,"valueName":"search_term_string"}}],"inLanguage":"es"},{"@type":"Person","@id":"https:\/\/noti-america.com\/site\/principal\/#\/schema\/person\/1a24e37c3c358f389f0a111448ddb870","name":"Ydalith Figueroa Kad-Bay","image":{"@type":"ImageObject","inLanguage":"es","@id":"https:\/\/secure.gravatar.com\/avatar\/7d1e350465afd215908c3ed413e32ef600cd41c3c21b95416252432a9f6c219c?s=96&d=mm&r=g","url":"https:\/\/secure.gravatar.com\/avatar\/7d1e350465afd215908c3ed413e32ef600cd41c3c21b95416252432a9f6c219c?s=96&d=mm&r=g","contentUrl":"https:\/\/secure.gravatar.com\/avatar\/7d1e350465afd215908c3ed413e32ef600cd41c3c21b95416252432a9f6c219c?s=96&d=mm&r=g","caption":"Ydalith Figueroa Kad-Bay"},"description":"CEO Noti-America Alemania Embajadora de Venezuela para el Proyecto de Acci\u00f3n Clim\u00e1tica de la ONU, Embajadora para la ense\u00f1anza de los ODS de la ONU, Amplificador de la Acci\u00f3n de los ODS de la ONU, Profesor Voluntario del Proyecto KAKUMA (Educaci\u00f3n de calidad para refugiados en \u00c1frica) UNHCR \u2013 ACNUR - Agencia para los refugiados de la ONU-, Miembro de la ONG Gente Y Ciudad, Embajador de las Instituciones de Microfinanzas \u201cNo a la pobreza ODS #1 de la ONU\u201d (todos tienen derecho a acceso a un cr\u00e9dito), y Voluntario al di\u00e1logo global de UN75. Twitter @ydalithkad email ydalith@yhaoo.com Locutor Profesional 32931 Universidad Central de Venezuela @ISHannover \"Colegio Internacional de Hannover Regi\u00f3n, Alemania\" Representante de Aprendizaje Innovaci\u00f3n y Tecnolog\u00eda #LMS (Sistema de Gesti\u00f3n de Aprendizaje) #LMS Gente y Ciudad &amp; Asesores Internacionales ONG Alemania. ONG \"Gente y Ciudad, Venezuela\" Miembro y Asesor especialista An\u00e1lisis de Pol\u00edtica Internacional Asesor Pol\u00edtico Internacional de Venezuela en la defensa de los Derechos Humanos y el restablecimiento Democr\u00e1tico. Diplomacia positiva y Activa. Pasi\u00f3n por el Golf Proyecto #LMS \"Golf para ni\u00f1os y adultos Internacional\" Pasi\u00f3n por los Postres Proyecto #LMS \"Postres, Que Unen a las Culturas del mundo\"","sameAs":["https:\/\/x.com\/ydalithkad"],"url":"https:\/\/noti-america.com\/site\/principal\/author\/yfigueroa\/"}]}},"_links":{"self":[{"href":"https:\/\/noti-america.com\/site\/principal\/wp-json\/wp\/v2\/posts\/4461","targetHints":{"allow":["GET"]}}],"collection":[{"href":"https:\/\/noti-america.com\/site\/principal\/wp-json\/wp\/v2\/posts"}],"about":[{"href":"https:\/\/noti-america.com\/site\/principal\/wp-json\/wp\/v2\/types\/post"}],"author":[{"embeddable":true,"href":"https:\/\/noti-america.com\/site\/principal\/wp-json\/wp\/v2\/users\/31"}],"replies":[{"embeddable":true,"href":"https:\/\/noti-america.com\/site\/principal\/wp-json\/wp\/v2\/comments?post=4461"}],"version-history":[{"count":1,"href":"https:\/\/noti-america.com\/site\/principal\/wp-json\/wp\/v2\/posts\/4461\/revisions"}],"predecessor-version":[{"id":4463,"href":"https:\/\/noti-america.com\/site\/principal\/wp-json\/wp\/v2\/posts\/4461\/revisions\/4463"}],"wp:featuredmedia":[{"embeddable":true,"href":"https:\/\/noti-america.com\/site\/principal\/wp-json\/wp\/v2\/media\/4462"}],"wp:attachment":[{"href":"https:\/\/noti-america.com\/site\/principal\/wp-json\/wp\/v2\/media?parent=4461"}],"wp:term":[{"taxonomy":"category","embeddable":true,"href":"https:\/\/noti-america.com\/site\/principal\/wp-json\/wp\/v2\/categories?post=4461"},{"taxonomy":"post_tag","embeddable":true,"href":"https:\/\/noti-america.com\/site\/principal\/wp-json\/wp\/v2\/tags?post=4461"}],"curies":[{"name":"wp","href":"https:\/\/api.w.org\/{rel}","templated":true}]}}