{"id":44207,"date":"2024-05-04T15:21:56","date_gmt":"2024-05-04T19:21:56","guid":{"rendered":"https:\/\/noti-america.com\/site\/principal\/?p=44207"},"modified":"2024-05-04T15:21:56","modified_gmt":"2024-05-04T19:21:56","slug":"texas-levanta-revision-a-camiones-de-carga-mexicanos","status":"publish","type":"post","link":"https:\/\/noti-america.com\/site\/principal\/2024\/05\/04\/texas-levanta-revision-a-camiones-de-carga-mexicanos\/","title":{"rendered":"Texas levanta revisi\u00f3n a camiones de carga mexicanos"},"content":{"rendered":"<p>NOTI-AMERICA.COM | M\u00c9XICO \u2013 La C\u00e1mara Nacional del Autotransporte de Carga (Canacar) inform\u00f3 que las revisiones al autotransporte de carga fueron levantadas por el gobierno de Texas despu\u00e9s de siete d\u00edas.<\/p>\n<p>\u00abYa se levantaron las revisiones, ya se normaliz\u00f3 el flujo hace cinco minutos\u00bb, dijo un representante de Canacar a El Sol de M\u00e9xico.<\/p>\n<p>Desde el 27 de abril, el Departamento de Seguridad de Texas llev\u00f3 a cabo exhaustivas verificaciones en los cruces C\u00f3rdova-Am\u00e9ricas y Zaragoza-Ysleta, lo que dej\u00f3 varados a miles de camiones y afect\u00f3 la cadena de suministro y distribuci\u00f3n de mercanc\u00edas.<\/p>\n<h2>Revisiones provocaron p\u00e9rdidas millonarias<\/h2>\n<p>De acuerdo con la C\u00e1mara Nacional de la Industria de Transformaci\u00f3n (Canacintra), estas revisiones provocaron p\u00e9rdidas diarias de hasta\u00a035 millones de d\u00f3lares.<\/p>\n<p><img decoding=\"async\" src=\"https:\/\/www.elsoldemexico.com.mx\/finanzas\/ge33dh-camiones-de-carga\/alternates\/FREE_480\/camiones%20de%20carga\" \/><\/p>\n<p>El gobernador de Texas, Greg Abbott, ha ordenado en m\u00faltiples ocasiones detener e inspeccionar todos los tractocamiones y autobuses que crucen de M\u00e9xico a Estados Unidos, bajo el argumento de medidas de control\u00a0migratorio y seguridad fronteriza.<\/p>\n<p>\u00abEl a\u00f1o pasado se vivi\u00f3 el mismo problema y la actividad econ\u00f3mica industrial tuvo p\u00e9rdidas de hasta 2.5 billones de d\u00f3lares\u00bb, apunt\u00f3 la Canacintra.<\/p>\n","protected":false},"excerpt":{"rendered":"<p>NOTI-AMERICA.COM | M\u00c9XICO \u2013 La C\u00e1mara Nacional del Autotransporte de Carga (Canacar) inform\u00f3 que las revisiones al autotransporte de carga fueron levantadas por el gobierno de Texas despu\u00e9s de siete d\u00edas. \u00abYa se levantaron&#46;&#46;&#46;<\/p>\n","protected":false},"author":133,"featured_media":44208,"comment_status":"","ping_status":"open","sticky":false,"template":"","format":"image","meta":{"_acf_changed":false,"rop_custom_images_group":[],"rop_custom_messages_group":[],"rop_publish_now":"initial","rop_publish_now_accounts":{"facebook_10219548024599422_1632221337088128":"","twitter_242054905_242054905":""},"rop_publish_now_history":[],"rop_publish_now_status":"pending","footnotes":""},"categories":[663],"tags":[],"class_list":["post-44207","post","type-post","status-publish","format-image","has-post-thumbnail","hentry","category-actualidad","post_format-post-format-image"],"acf":[],"yoast_head":"<!-- This site is optimized with the Yoast SEO Premium plugin v24.9 (Yoast SEO v27.2) - https:\/\/yoast.com\/product\/yoast-seo-premium-wordpress\/ -->\n<title>Texas levanta revisi\u00f3n a camiones de carga mexicanos - Noti-America.com<\/title>\n<meta name=\"robots\" content=\"index, follow, max-snippet:-1, max-image-preview:large, max-video-preview:-1\" \/>\n<link rel=\"canonical\" href=\"https:\/\/noti-america.com\/site\/principal\/2024\/05\/04\/texas-levanta-revision-a-camiones-de-carga-mexicanos\/\" \/>\n<meta property=\"og:locale\" content=\"es_ES\" \/>\n<meta property=\"og:type\" content=\"article\" \/>\n<meta property=\"og:title\" content=\"Texas levanta revisi\u00f3n a camiones de carga mexicanos\" \/>\n<meta property=\"og:description\" content=\"NOTI-AMERICA.COM | M\u00c9XICO \u2013 La C\u00e1mara Nacional del Autotransporte de Carga (Canacar) inform\u00f3 que las revisiones al autotransporte de carga fueron levantadas por el gobierno de Texas despu\u00e9s de siete d\u00edas. \u00abYa se levantaron&#046;&#046;&#046;\" \/>\n<meta property=\"og:url\" content=\"https:\/\/noti-america.com\/site\/principal\/2024\/05\/04\/texas-levanta-revision-a-camiones-de-carga-mexicanos\/\" \/>\n<meta property=\"og:site_name\" content=\"Noti-America.com\" \/>\n<meta property=\"article:author\" content=\"Mar\u00eda Valentina Noguera\" \/>\n<meta property=\"article:published_time\" content=\"2024-05-04T19:21:56+00:00\" \/>\n<meta property=\"og:image\" content=\"https:\/\/noti-america.com\/site\/principal\/wp-content\/uploads\/sites\/26\/2024\/05\/texas.jpg\" \/>\n\t<meta property=\"og:image:width\" content=\"768\" \/>\n\t<meta property=\"og:image:height\" content=\"479\" \/>\n\t<meta property=\"og:image:type\" content=\"image\/jpeg\" \/>\n<meta name=\"author\" content=\"Maria Valentina Noguera Medina\" \/>\n<meta name=\"twitter:card\" content=\"summary_large_image\" \/>\n<meta name=\"twitter:label1\" content=\"Escrito por\" \/>\n\t<meta name=\"twitter:data1\" content=\"Maria Valentina Noguera Medina\" \/>\n\t<meta name=\"twitter:label2\" content=\"Tiempo estimado de lectura\" \/>\n\t<meta name=\"twitter:data2\" content=\"1 minuto\" \/>\n<script type=\"application\/ld+json\" class=\"yoast-schema-graph\">{\"@context\":\"https:\/\/schema.org\",\"@graph\":[{\"@type\":\"Article\",\"@id\":\"https:\/\/noti-america.com\/site\/principal\/2024\/05\/04\/texas-levanta-revision-a-camiones-de-carga-mexicanos\/#article\",\"isPartOf\":{\"@id\":\"https:\/\/noti-america.com\/site\/principal\/2024\/05\/04\/texas-levanta-revision-a-camiones-de-carga-mexicanos\/\"},\"author\":{\"name\":\"Maria Valentina Noguera Medina\",\"@id\":\"https:\/\/noti-america.com\/site\/principal\/#\/schema\/person\/22806efcc2cfc4b45efb0e17be210ea8\"},\"headline\":\"Texas levanta revisi\u00f3n a camiones de carga mexicanos\",\"datePublished\":\"2024-05-04T19:21:56+00:00\",\"mainEntityOfPage\":{\"@id\":\"https:\/\/noti-america.com\/site\/principal\/2024\/05\/04\/texas-levanta-revision-a-camiones-de-carga-mexicanos\/\"},\"wordCount\":207,\"image\":{\"@id\":\"https:\/\/noti-america.com\/site\/principal\/2024\/05\/04\/texas-levanta-revision-a-camiones-de-carga-mexicanos\/#primaryimage\"},\"thumbnailUrl\":\"https:\/\/noti-america.com\/site\/principal\/wp-content\/uploads\/sites\/26\/2024\/05\/texas.jpg\",\"articleSection\":[\"Actualidad\"],\"inLanguage\":\"es\"},{\"@type\":\"WebPage\",\"@id\":\"https:\/\/noti-america.com\/site\/principal\/2024\/05\/04\/texas-levanta-revision-a-camiones-de-carga-mexicanos\/\",\"url\":\"https:\/\/noti-america.com\/site\/principal\/2024\/05\/04\/texas-levanta-revision-a-camiones-de-carga-mexicanos\/\",\"name\":\"Texas levanta revisi\u00f3n a camiones de carga mexicanos - Noti-America.com\",\"isPartOf\":{\"@id\":\"https:\/\/noti-america.com\/site\/principal\/#website\"},\"primaryImageOfPage\":{\"@id\":\"https:\/\/noti-america.com\/site\/principal\/2024\/05\/04\/texas-levanta-revision-a-camiones-de-carga-mexicanos\/#primaryimage\"},\"image\":{\"@id\":\"https:\/\/noti-america.com\/site\/principal\/2024\/05\/04\/texas-levanta-revision-a-camiones-de-carga-mexicanos\/#primaryimage\"},\"thumbnailUrl\":\"https:\/\/noti-america.com\/site\/principal\/wp-content\/uploads\/sites\/26\/2024\/05\/texas.jpg\",\"datePublished\":\"2024-05-04T19:21:56+00:00\",\"author\":{\"@id\":\"https:\/\/noti-america.com\/site\/principal\/#\/schema\/person\/22806efcc2cfc4b45efb0e17be210ea8\"},\"breadcrumb\":{\"@id\":\"https:\/\/noti-america.com\/site\/principal\/2024\/05\/04\/texas-levanta-revision-a-camiones-de-carga-mexicanos\/#breadcrumb\"},\"inLanguage\":\"es\",\"potentialAction\":[{\"@type\":\"ReadAction\",\"target\":[\"https:\/\/noti-america.com\/site\/principal\/2024\/05\/04\/texas-levanta-revision-a-camiones-de-carga-mexicanos\/\"]}]},{\"@type\":\"ImageObject\",\"inLanguage\":\"es\",\"@id\":\"https:\/\/noti-america.com\/site\/principal\/2024\/05\/04\/texas-levanta-revision-a-camiones-de-carga-mexicanos\/#primaryimage\",\"url\":\"https:\/\/noti-america.com\/site\/principal\/wp-content\/uploads\/sites\/26\/2024\/05\/texas.jpg\",\"contentUrl\":\"https:\/\/noti-america.com\/site\/principal\/wp-content\/uploads\/sites\/26\/2024\/05\/texas.jpg\",\"width\":768,\"height\":479},{\"@type\":\"BreadcrumbList\",\"@id\":\"https:\/\/noti-america.com\/site\/principal\/2024\/05\/04\/texas-levanta-revision-a-camiones-de-carga-mexicanos\/#breadcrumb\",\"itemListElement\":[{\"@type\":\"ListItem\",\"position\":1,\"name\":\"Portada\",\"item\":\"https:\/\/noti-america.com\/site\/principal\/\"},{\"@type\":\"ListItem\",\"position\":2,\"name\":\"Texas levanta revisi\u00f3n a camiones de carga mexicanos\"}]},{\"@type\":\"WebSite\",\"@id\":\"https:\/\/noti-america.com\/site\/principal\/#website\",\"url\":\"https:\/\/noti-america.com\/site\/principal\/\",\"name\":\"Noti-America.com\",\"description\":\"El Noticiero Digital M\u00e1s Grande de Am\u00e9rica\",\"potentialAction\":[{\"@type\":\"SearchAction\",\"target\":{\"@type\":\"EntryPoint\",\"urlTemplate\":\"https:\/\/noti-america.com\/site\/principal\/?s={search_term_string}\"},\"query-input\":{\"@type\":\"PropertyValueSpecification\",\"valueRequired\":true,\"valueName\":\"search_term_string\"}}],\"inLanguage\":\"es\"},{\"@type\":\"Person\",\"@id\":\"https:\/\/noti-america.com\/site\/principal\/#\/schema\/person\/22806efcc2cfc4b45efb0e17be210ea8\",\"name\":\"Maria Valentina Noguera Medina\",\"image\":{\"@type\":\"ImageObject\",\"inLanguage\":\"es\",\"@id\":\"https:\/\/secure.gravatar.com\/avatar\/4ec5eb9d099f2608a49c9df6f7341f66f04f819cdffa09d56a7a0e91d2819d56?s=96&d=mm&r=g\",\"url\":\"https:\/\/secure.gravatar.com\/avatar\/4ec5eb9d099f2608a49c9df6f7341f66f04f819cdffa09d56a7a0e91d2819d56?s=96&d=mm&r=g\",\"contentUrl\":\"https:\/\/secure.gravatar.com\/avatar\/4ec5eb9d099f2608a49c9df6f7341f66f04f819cdffa09d56a7a0e91d2819d56?s=96&d=mm&r=g\",\"caption\":\"Maria Valentina Noguera Medina\"},\"description\":\"Periodista - noti-america - Promar Community Manager - Talento Plus Dise\u00f1adora\/ creadora de contenido...\",\"sameAs\":[\"Mar\u00eda Valentina Noguera\",\"https:\/\/www.facebook.com\/mariavalentina.noguera\",\"https:\/\/www.linkedin.com\/in\/mara-valentina-noguera-medina-373075165\/\",\"https:\/\/www.pinterest.es\/valentinanoguera95\/\",\"https:\/\/www.youtube.com\/channel\/UCdek6mbUZ-Tqqw0I63i4nmQ\"],\"url\":\"https:\/\/noti-america.com\/site\/principal\/author\/mnoguera\/\"}]}<\/script>\n<!-- \/ Yoast SEO Premium plugin. -->","yoast_head_json":{"title":"Texas levanta revisi\u00f3n a camiones de carga mexicanos - Noti-America.com","robots":{"index":"index","follow":"follow","max-snippet":"max-snippet:-1","max-image-preview":"max-image-preview:large","max-video-preview":"max-video-preview:-1"},"canonical":"https:\/\/noti-america.com\/site\/principal\/2024\/05\/04\/texas-levanta-revision-a-camiones-de-carga-mexicanos\/","og_locale":"es_ES","og_type":"article","og_title":"Texas levanta revisi\u00f3n a camiones de carga mexicanos","og_description":"NOTI-AMERICA.COM | M\u00c9XICO \u2013 La C\u00e1mara Nacional del Autotransporte de Carga (Canacar) inform\u00f3 que las revisiones al autotransporte de carga fueron levantadas por el gobierno de Texas despu\u00e9s de siete d\u00edas. \u00abYa se levantaron&#46;&#46;&#46;","og_url":"https:\/\/noti-america.com\/site\/principal\/2024\/05\/04\/texas-levanta-revision-a-camiones-de-carga-mexicanos\/","og_site_name":"Noti-America.com","article_author":"Mar\u00eda Valentina Noguera","article_published_time":"2024-05-04T19:21:56+00:00","og_image":[{"width":768,"height":479,"url":"https:\/\/noti-america.com\/site\/principal\/wp-content\/uploads\/sites\/26\/2024\/05\/texas.jpg","type":"image\/jpeg"}],"author":"Maria Valentina Noguera Medina","twitter_card":"summary_large_image","twitter_misc":{"Escrito por":"Maria Valentina Noguera Medina","Tiempo estimado de lectura":"1 minuto"},"schema":{"@context":"https:\/\/schema.org","@graph":[{"@type":"Article","@id":"https:\/\/noti-america.com\/site\/principal\/2024\/05\/04\/texas-levanta-revision-a-camiones-de-carga-mexicanos\/#article","isPartOf":{"@id":"https:\/\/noti-america.com\/site\/principal\/2024\/05\/04\/texas-levanta-revision-a-camiones-de-carga-mexicanos\/"},"author":{"name":"Maria Valentina Noguera Medina","@id":"https:\/\/noti-america.com\/site\/principal\/#\/schema\/person\/22806efcc2cfc4b45efb0e17be210ea8"},"headline":"Texas levanta revisi\u00f3n a camiones de carga mexicanos","datePublished":"2024-05-04T19:21:56+00:00","mainEntityOfPage":{"@id":"https:\/\/noti-america.com\/site\/principal\/2024\/05\/04\/texas-levanta-revision-a-camiones-de-carga-mexicanos\/"},"wordCount":207,"image":{"@id":"https:\/\/noti-america.com\/site\/principal\/2024\/05\/04\/texas-levanta-revision-a-camiones-de-carga-mexicanos\/#primaryimage"},"thumbnailUrl":"https:\/\/noti-america.com\/site\/principal\/wp-content\/uploads\/sites\/26\/2024\/05\/texas.jpg","articleSection":["Actualidad"],"inLanguage":"es"},{"@type":"WebPage","@id":"https:\/\/noti-america.com\/site\/principal\/2024\/05\/04\/texas-levanta-revision-a-camiones-de-carga-mexicanos\/","url":"https:\/\/noti-america.com\/site\/principal\/2024\/05\/04\/texas-levanta-revision-a-camiones-de-carga-mexicanos\/","name":"Texas levanta revisi\u00f3n a camiones de carga mexicanos - Noti-America.com","isPartOf":{"@id":"https:\/\/noti-america.com\/site\/principal\/#website"},"primaryImageOfPage":{"@id":"https:\/\/noti-america.com\/site\/principal\/2024\/05\/04\/texas-levanta-revision-a-camiones-de-carga-mexicanos\/#primaryimage"},"image":{"@id":"https:\/\/noti-america.com\/site\/principal\/2024\/05\/04\/texas-levanta-revision-a-camiones-de-carga-mexicanos\/#primaryimage"},"thumbnailUrl":"https:\/\/noti-america.com\/site\/principal\/wp-content\/uploads\/sites\/26\/2024\/05\/texas.jpg","datePublished":"2024-05-04T19:21:56+00:00","author":{"@id":"https:\/\/noti-america.com\/site\/principal\/#\/schema\/person\/22806efcc2cfc4b45efb0e17be210ea8"},"breadcrumb":{"@id":"https:\/\/noti-america.com\/site\/principal\/2024\/05\/04\/texas-levanta-revision-a-camiones-de-carga-mexicanos\/#breadcrumb"},"inLanguage":"es","potentialAction":[{"@type":"ReadAction","target":["https:\/\/noti-america.com\/site\/principal\/2024\/05\/04\/texas-levanta-revision-a-camiones-de-carga-mexicanos\/"]}]},{"@type":"ImageObject","inLanguage":"es","@id":"https:\/\/noti-america.com\/site\/principal\/2024\/05\/04\/texas-levanta-revision-a-camiones-de-carga-mexicanos\/#primaryimage","url":"https:\/\/noti-america.com\/site\/principal\/wp-content\/uploads\/sites\/26\/2024\/05\/texas.jpg","contentUrl":"https:\/\/noti-america.com\/site\/principal\/wp-content\/uploads\/sites\/26\/2024\/05\/texas.jpg","width":768,"height":479},{"@type":"BreadcrumbList","@id":"https:\/\/noti-america.com\/site\/principal\/2024\/05\/04\/texas-levanta-revision-a-camiones-de-carga-mexicanos\/#breadcrumb","itemListElement":[{"@type":"ListItem","position":1,"name":"Portada","item":"https:\/\/noti-america.com\/site\/principal\/"},{"@type":"ListItem","position":2,"name":"Texas levanta revisi\u00f3n a camiones de carga mexicanos"}]},{"@type":"WebSite","@id":"https:\/\/noti-america.com\/site\/principal\/#website","url":"https:\/\/noti-america.com\/site\/principal\/","name":"Noti-America.com","description":"El Noticiero Digital M\u00e1s Grande de Am\u00e9rica","potentialAction":[{"@type":"SearchAction","target":{"@type":"EntryPoint","urlTemplate":"https:\/\/noti-america.com\/site\/principal\/?s={search_term_string}"},"query-input":{"@type":"PropertyValueSpecification","valueRequired":true,"valueName":"search_term_string"}}],"inLanguage":"es"},{"@type":"Person","@id":"https:\/\/noti-america.com\/site\/principal\/#\/schema\/person\/22806efcc2cfc4b45efb0e17be210ea8","name":"Maria Valentina Noguera Medina","image":{"@type":"ImageObject","inLanguage":"es","@id":"https:\/\/secure.gravatar.com\/avatar\/4ec5eb9d099f2608a49c9df6f7341f66f04f819cdffa09d56a7a0e91d2819d56?s=96&d=mm&r=g","url":"https:\/\/secure.gravatar.com\/avatar\/4ec5eb9d099f2608a49c9df6f7341f66f04f819cdffa09d56a7a0e91d2819d56?s=96&d=mm&r=g","contentUrl":"https:\/\/secure.gravatar.com\/avatar\/4ec5eb9d099f2608a49c9df6f7341f66f04f819cdffa09d56a7a0e91d2819d56?s=96&d=mm&r=g","caption":"Maria Valentina Noguera Medina"},"description":"Periodista - noti-america - Promar Community Manager - Talento Plus Dise\u00f1adora\/ creadora de contenido...","sameAs":["Mar\u00eda Valentina Noguera","https:\/\/www.facebook.com\/mariavalentina.noguera","https:\/\/www.linkedin.com\/in\/mara-valentina-noguera-medina-373075165\/","https:\/\/www.pinterest.es\/valentinanoguera95\/","https:\/\/www.youtube.com\/channel\/UCdek6mbUZ-Tqqw0I63i4nmQ"],"url":"https:\/\/noti-america.com\/site\/principal\/author\/mnoguera\/"}]}},"_links":{"self":[{"href":"https:\/\/noti-america.com\/site\/principal\/wp-json\/wp\/v2\/posts\/44207","targetHints":{"allow":["GET"]}}],"collection":[{"href":"https:\/\/noti-america.com\/site\/principal\/wp-json\/wp\/v2\/posts"}],"about":[{"href":"https:\/\/noti-america.com\/site\/principal\/wp-json\/wp\/v2\/types\/post"}],"author":[{"embeddable":true,"href":"https:\/\/noti-america.com\/site\/principal\/wp-json\/wp\/v2\/users\/133"}],"replies":[{"embeddable":true,"href":"https:\/\/noti-america.com\/site\/principal\/wp-json\/wp\/v2\/comments?post=44207"}],"version-history":[{"count":1,"href":"https:\/\/noti-america.com\/site\/principal\/wp-json\/wp\/v2\/posts\/44207\/revisions"}],"predecessor-version":[{"id":44221,"href":"https:\/\/noti-america.com\/site\/principal\/wp-json\/wp\/v2\/posts\/44207\/revisions\/44221"}],"wp:featuredmedia":[{"embeddable":true,"href":"https:\/\/noti-america.com\/site\/principal\/wp-json\/wp\/v2\/media\/44208"}],"wp:attachment":[{"href":"https:\/\/noti-america.com\/site\/principal\/wp-json\/wp\/v2\/media?parent=44207"}],"wp:term":[{"taxonomy":"category","embeddable":true,"href":"https:\/\/noti-america.com\/site\/principal\/wp-json\/wp\/v2\/categories?post=44207"},{"taxonomy":"post_tag","embeddable":true,"href":"https:\/\/noti-america.com\/site\/principal\/wp-json\/wp\/v2\/tags?post=44207"}],"curies":[{"name":"wp","href":"https:\/\/api.w.org\/{rel}","templated":true}]}}