{"id":42396,"date":"2024-04-08T17:12:52","date_gmt":"2024-04-08T21:12:52","guid":{"rendered":"https:\/\/noti-america.com\/site\/principal\/?p=42396"},"modified":"2024-04-08T17:12:52","modified_gmt":"2024-04-08T21:12:52","slug":"asi-operaran-las-restricciones-de-agua-en-bogota-para-mejorar-los-niveles-de-los-embalses","status":"publish","type":"post","link":"https:\/\/noti-america.com\/site\/principal\/2024\/04\/08\/asi-operaran-las-restricciones-de-agua-en-bogota-para-mejorar-los-niveles-de-los-embalses\/","title":{"rendered":"As\u00ed operar\u00e1n las restricciones de agua en Bogot\u00e1 para mejorar los niveles de los embalses"},"content":{"rendered":"<p>NOTI-AMERICA | COLOMBIA<\/p>\n<p>A partir de este jueves 11 de abril, la capital del pa\u00eds y los municipios servidos por la Empresa de Acueducto y Alcantarillado de Bogot\u00e1 &#8211; EAAB tendr\u00e1n suspensiones alternadas de agua debido al bajo nivel de los embalses.<\/p>\n<p>Esta medida busca ahorrar dos metros c\u00fabicos por segundo de agua y garantizar el suministro en la actual coyuntura de niveles cr\u00edticos de almacenamiento en los embalses, debido al fen\u00f3meno de El Ni\u00f1o.<\/p>\n<p>Seg\u00fan el cronograma establecido por la EAAB, la primera restricci\u00f3n iniciar\u00e1 a las 8 de la ma\u00f1ana de este jueves 11 de abril con el turno del d\u00eda 1 que corresponde a barrios en <strong>diez localidades de la franja nororiental y centro de la ciudad. <\/strong>Seguir\u00e1 el viernes 12 de abril con el turno del d\u00eda 2 y el s\u00e1bado 13 arrancar\u00e1 el turno del d\u00eda 3, y as\u00ed consecutivamente hasta rotar nuevamente los 9 turnos.<\/p>\n<p>&nbsp;<\/p>\n<table>\n<tbody>\n<tr>\n<td rowspan=\"2\" width=\"125\"><strong>Primera rotaci\u00f3n<\/strong><\/td>\n<td width=\"125\"><strong><em>Turno del d\u00eda 1<\/em><\/strong><\/td>\n<td width=\"125\"><strong><em>Turno del d\u00eda 2<\/em><\/strong><\/td>\n<td width=\"125\"><strong><em>Turno del d\u00eda 3<\/em><\/strong><\/td>\n<td width=\"125\"><strong><em>Turno del d\u00eda 4<\/em><\/strong><\/td>\n<\/tr>\n<tr>\n<td width=\"125\">Jueves\u00a0\u00a0\u00a0 11\u00a0\u00a0\u00a0 de abril<\/td>\n<td width=\"125\">Viernes\u00a0\u00a0\u00a0 12\u00a0\u00a0\u00a0 de abril<\/td>\n<td width=\"125\">S\u00e1bado\u00a0\u00a0\u00a0 13\u00a0\u00a0\u00a0 de abril<\/td>\n<td width=\"125\">Domingo 14 de abril<\/td>\n<\/tr>\n<tr>\n<td width=\"125\"><strong><em>Turno del d\u00eda 5<\/em><\/strong><\/td>\n<td width=\"125\"><strong><em>Turno del d\u00eda 6<\/em><\/strong><\/td>\n<td width=\"125\"><strong><em>Turno del d\u00eda 7<\/em><\/strong><\/td>\n<td width=\"125\"><strong><em>Turno del d\u00eda 8<\/em><\/strong><\/td>\n<td width=\"125\"><strong><em>Turno del d\u00eda 9<\/em><\/strong><\/td>\n<\/tr>\n<tr>\n<td width=\"125\">Lunes 15 de abril<\/td>\n<td width=\"125\">Martes\u00a0\u00a0\u00a0 16\u00a0\u00a0\u00a0 de abril<\/td>\n<td width=\"125\">Mi\u00e9rcoles 17 de abril<\/td>\n<td width=\"125\">Jueves\u00a0\u00a0\u00a0 18\u00a0\u00a0\u00a0 de abril<\/td>\n<td width=\"125\">Viernes\u00a0\u00a0\u00a0 19\u00a0\u00a0\u00a0 de abril<\/td>\n<\/tr>\n<\/tbody>\n<\/table>\n<p>&nbsp;<\/p>\n<p>Cada turno est\u00e1 programado por 24 horas, aunque en algunos sectores la normalizaci\u00f3n del servicio puede tomarse unas horas adicionales y presentar cambios de coloraci\u00f3n del agua sin afectaci\u00f3n de su potabilidad.<\/p>\n<p>La distribuci\u00f3n de los turnos para las restricciones del agua qued\u00f3 establecida de la siguiente manera:<\/p>\n","protected":false},"excerpt":{"rendered":"<p>NOTI-AMERICA | COLOMBIA A partir de este jueves 11 de abril, la capital del pa\u00eds y los municipios servidos por la Empresa de Acueducto y Alcantarillado de Bogot\u00e1 &#8211; EAAB tendr\u00e1n suspensiones alternadas de&#46;&#46;&#46;<\/p>\n","protected":false},"author":135,"featured_media":0,"comment_status":"","ping_status":"open","sticky":false,"template":"","format":"standard","meta":{"_acf_changed":false,"rop_custom_images_group":[],"rop_custom_messages_group":[],"rop_publish_now":"initial","rop_publish_now_accounts":{"facebook_10219548024599422_1632221337088128":"","twitter_242054905_242054905":""},"rop_publish_now_history":[],"rop_publish_now_status":"pending","footnotes":""},"categories":[1],"tags":[],"class_list":["post-42396","post","type-post","status-publish","format-standard","hentry","category-uncategorized"],"acf":[],"yoast_head":"<!-- This site is optimized with the Yoast SEO Premium plugin v24.9 (Yoast SEO v27.2) - https:\/\/yoast.com\/product\/yoast-seo-premium-wordpress\/ -->\n<title>As\u00ed operar\u00e1n las restricciones de agua en Bogot\u00e1 para mejorar los niveles de los embalses - Noti-America.com<\/title>\n<meta name=\"robots\" content=\"index, follow, max-snippet:-1, max-image-preview:large, max-video-preview:-1\" \/>\n<link rel=\"canonical\" href=\"https:\/\/noti-america.com\/site\/principal\/2024\/04\/08\/asi-operaran-las-restricciones-de-agua-en-bogota-para-mejorar-los-niveles-de-los-embalses\/\" \/>\n<meta property=\"og:locale\" content=\"es_ES\" \/>\n<meta property=\"og:type\" content=\"article\" \/>\n<meta property=\"og:title\" content=\"As\u00ed operar\u00e1n las restricciones de agua en Bogot\u00e1 para mejorar los niveles de los embalses\" \/>\n<meta property=\"og:description\" content=\"NOTI-AMERICA | COLOMBIA A partir de este jueves 11 de abril, la capital del pa\u00eds y los municipios servidos por la Empresa de Acueducto y Alcantarillado de Bogot\u00e1 &#8211; EAAB tendr\u00e1n suspensiones alternadas de&#046;&#046;&#046;\" \/>\n<meta property=\"og:url\" content=\"https:\/\/noti-america.com\/site\/principal\/2024\/04\/08\/asi-operaran-las-restricciones-de-agua-en-bogota-para-mejorar-los-niveles-de-los-embalses\/\" \/>\n<meta property=\"og:site_name\" content=\"Noti-America.com\" \/>\n<meta property=\"article:published_time\" content=\"2024-04-08T21:12:52+00:00\" \/>\n<meta name=\"author\" content=\"mlenis\" \/>\n<meta name=\"twitter:card\" content=\"summary_large_image\" \/>\n<meta name=\"twitter:label1\" content=\"Escrito por\" \/>\n\t<meta name=\"twitter:data1\" content=\"mlenis\" \/>\n\t<meta name=\"twitter:label2\" content=\"Tiempo estimado de lectura\" \/>\n\t<meta name=\"twitter:data2\" content=\"1 minuto\" \/>\n<script type=\"application\/ld+json\" class=\"yoast-schema-graph\">{\"@context\":\"https:\/\/schema.org\",\"@graph\":[{\"@type\":\"Article\",\"@id\":\"https:\/\/noti-america.com\/site\/principal\/2024\/04\/08\/asi-operaran-las-restricciones-de-agua-en-bogota-para-mejorar-los-niveles-de-los-embalses\/#article\",\"isPartOf\":{\"@id\":\"https:\/\/noti-america.com\/site\/principal\/2024\/04\/08\/asi-operaran-las-restricciones-de-agua-en-bogota-para-mejorar-los-niveles-de-los-embalses\/\"},\"author\":{\"name\":\"mlenis\",\"@id\":\"https:\/\/noti-america.com\/site\/principal\/#\/schema\/person\/4b216aa1c65f5f3ee2a0f0ee69a3f85f\"},\"headline\":\"As\u00ed operar\u00e1n las restricciones de agua en Bogot\u00e1 para mejorar los niveles de los embalses\",\"datePublished\":\"2024-04-08T21:12:52+00:00\",\"mainEntityOfPage\":{\"@id\":\"https:\/\/noti-america.com\/site\/principal\/2024\/04\/08\/asi-operaran-las-restricciones-de-agua-en-bogota-para-mejorar-los-niveles-de-los-embalses\/\"},\"wordCount\":291,\"articleSection\":[\"Uncategorized\"],\"inLanguage\":\"es\"},{\"@type\":\"WebPage\",\"@id\":\"https:\/\/noti-america.com\/site\/principal\/2024\/04\/08\/asi-operaran-las-restricciones-de-agua-en-bogota-para-mejorar-los-niveles-de-los-embalses\/\",\"url\":\"https:\/\/noti-america.com\/site\/principal\/2024\/04\/08\/asi-operaran-las-restricciones-de-agua-en-bogota-para-mejorar-los-niveles-de-los-embalses\/\",\"name\":\"As\u00ed operar\u00e1n las restricciones de agua en Bogot\u00e1 para mejorar los niveles de los embalses - Noti-America.com\",\"isPartOf\":{\"@id\":\"https:\/\/noti-america.com\/site\/principal\/#website\"},\"datePublished\":\"2024-04-08T21:12:52+00:00\",\"author\":{\"@id\":\"https:\/\/noti-america.com\/site\/principal\/#\/schema\/person\/4b216aa1c65f5f3ee2a0f0ee69a3f85f\"},\"breadcrumb\":{\"@id\":\"https:\/\/noti-america.com\/site\/principal\/2024\/04\/08\/asi-operaran-las-restricciones-de-agua-en-bogota-para-mejorar-los-niveles-de-los-embalses\/#breadcrumb\"},\"inLanguage\":\"es\",\"potentialAction\":[{\"@type\":\"ReadAction\",\"target\":[\"https:\/\/noti-america.com\/site\/principal\/2024\/04\/08\/asi-operaran-las-restricciones-de-agua-en-bogota-para-mejorar-los-niveles-de-los-embalses\/\"]}]},{\"@type\":\"BreadcrumbList\",\"@id\":\"https:\/\/noti-america.com\/site\/principal\/2024\/04\/08\/asi-operaran-las-restricciones-de-agua-en-bogota-para-mejorar-los-niveles-de-los-embalses\/#breadcrumb\",\"itemListElement\":[{\"@type\":\"ListItem\",\"position\":1,\"name\":\"Portada\",\"item\":\"https:\/\/noti-america.com\/site\/principal\/\"},{\"@type\":\"ListItem\",\"position\":2,\"name\":\"As\u00ed operar\u00e1n las restricciones de agua en Bogot\u00e1 para mejorar los niveles de los embalses\"}]},{\"@type\":\"WebSite\",\"@id\":\"https:\/\/noti-america.com\/site\/principal\/#website\",\"url\":\"https:\/\/noti-america.com\/site\/principal\/\",\"name\":\"Noti-America.com\",\"description\":\"El Noticiero Digital M\u00e1s Grande de Am\u00e9rica\",\"potentialAction\":[{\"@type\":\"SearchAction\",\"target\":{\"@type\":\"EntryPoint\",\"urlTemplate\":\"https:\/\/noti-america.com\/site\/principal\/?s={search_term_string}\"},\"query-input\":{\"@type\":\"PropertyValueSpecification\",\"valueRequired\":true,\"valueName\":\"search_term_string\"}}],\"inLanguage\":\"es\"},{\"@type\":\"Person\",\"@id\":\"https:\/\/noti-america.com\/site\/principal\/#\/schema\/person\/4b216aa1c65f5f3ee2a0f0ee69a3f85f\",\"name\":\"mlenis\",\"image\":{\"@type\":\"ImageObject\",\"inLanguage\":\"es\",\"@id\":\"https:\/\/secure.gravatar.com\/avatar\/71bbe7129a082888d49bedca63e7a6e75ca485c648bb239a7515a2a55acd510f?s=96&d=mm&r=g\",\"url\":\"https:\/\/secure.gravatar.com\/avatar\/71bbe7129a082888d49bedca63e7a6e75ca485c648bb239a7515a2a55acd510f?s=96&d=mm&r=g\",\"contentUrl\":\"https:\/\/secure.gravatar.com\/avatar\/71bbe7129a082888d49bedca63e7a6e75ca485c648bb239a7515a2a55acd510f?s=96&d=mm&r=g\",\"caption\":\"mlenis\"},\"url\":\"https:\/\/noti-america.com\/site\/principal\/author\/mlenis\/\"}]}<\/script>\n<!-- \/ Yoast SEO Premium plugin. -->","yoast_head_json":{"title":"As\u00ed operar\u00e1n las restricciones de agua en Bogot\u00e1 para mejorar los niveles de los embalses - Noti-America.com","robots":{"index":"index","follow":"follow","max-snippet":"max-snippet:-1","max-image-preview":"max-image-preview:large","max-video-preview":"max-video-preview:-1"},"canonical":"https:\/\/noti-america.com\/site\/principal\/2024\/04\/08\/asi-operaran-las-restricciones-de-agua-en-bogota-para-mejorar-los-niveles-de-los-embalses\/","og_locale":"es_ES","og_type":"article","og_title":"As\u00ed operar\u00e1n las restricciones de agua en Bogot\u00e1 para mejorar los niveles de los embalses","og_description":"NOTI-AMERICA | COLOMBIA A partir de este jueves 11 de abril, la capital del pa\u00eds y los municipios servidos por la Empresa de Acueducto y Alcantarillado de Bogot\u00e1 &#8211; EAAB tendr\u00e1n suspensiones alternadas de&#46;&#46;&#46;","og_url":"https:\/\/noti-america.com\/site\/principal\/2024\/04\/08\/asi-operaran-las-restricciones-de-agua-en-bogota-para-mejorar-los-niveles-de-los-embalses\/","og_site_name":"Noti-America.com","article_published_time":"2024-04-08T21:12:52+00:00","author":"mlenis","twitter_card":"summary_large_image","twitter_misc":{"Escrito por":"mlenis","Tiempo estimado de lectura":"1 minuto"},"schema":{"@context":"https:\/\/schema.org","@graph":[{"@type":"Article","@id":"https:\/\/noti-america.com\/site\/principal\/2024\/04\/08\/asi-operaran-las-restricciones-de-agua-en-bogota-para-mejorar-los-niveles-de-los-embalses\/#article","isPartOf":{"@id":"https:\/\/noti-america.com\/site\/principal\/2024\/04\/08\/asi-operaran-las-restricciones-de-agua-en-bogota-para-mejorar-los-niveles-de-los-embalses\/"},"author":{"name":"mlenis","@id":"https:\/\/noti-america.com\/site\/principal\/#\/schema\/person\/4b216aa1c65f5f3ee2a0f0ee69a3f85f"},"headline":"As\u00ed operar\u00e1n las restricciones de agua en Bogot\u00e1 para mejorar los niveles de los embalses","datePublished":"2024-04-08T21:12:52+00:00","mainEntityOfPage":{"@id":"https:\/\/noti-america.com\/site\/principal\/2024\/04\/08\/asi-operaran-las-restricciones-de-agua-en-bogota-para-mejorar-los-niveles-de-los-embalses\/"},"wordCount":291,"articleSection":["Uncategorized"],"inLanguage":"es"},{"@type":"WebPage","@id":"https:\/\/noti-america.com\/site\/principal\/2024\/04\/08\/asi-operaran-las-restricciones-de-agua-en-bogota-para-mejorar-los-niveles-de-los-embalses\/","url":"https:\/\/noti-america.com\/site\/principal\/2024\/04\/08\/asi-operaran-las-restricciones-de-agua-en-bogota-para-mejorar-los-niveles-de-los-embalses\/","name":"As\u00ed operar\u00e1n las restricciones de agua en Bogot\u00e1 para mejorar los niveles de los embalses - Noti-America.com","isPartOf":{"@id":"https:\/\/noti-america.com\/site\/principal\/#website"},"datePublished":"2024-04-08T21:12:52+00:00","author":{"@id":"https:\/\/noti-america.com\/site\/principal\/#\/schema\/person\/4b216aa1c65f5f3ee2a0f0ee69a3f85f"},"breadcrumb":{"@id":"https:\/\/noti-america.com\/site\/principal\/2024\/04\/08\/asi-operaran-las-restricciones-de-agua-en-bogota-para-mejorar-los-niveles-de-los-embalses\/#breadcrumb"},"inLanguage":"es","potentialAction":[{"@type":"ReadAction","target":["https:\/\/noti-america.com\/site\/principal\/2024\/04\/08\/asi-operaran-las-restricciones-de-agua-en-bogota-para-mejorar-los-niveles-de-los-embalses\/"]}]},{"@type":"BreadcrumbList","@id":"https:\/\/noti-america.com\/site\/principal\/2024\/04\/08\/asi-operaran-las-restricciones-de-agua-en-bogota-para-mejorar-los-niveles-de-los-embalses\/#breadcrumb","itemListElement":[{"@type":"ListItem","position":1,"name":"Portada","item":"https:\/\/noti-america.com\/site\/principal\/"},{"@type":"ListItem","position":2,"name":"As\u00ed operar\u00e1n las restricciones de agua en Bogot\u00e1 para mejorar los niveles de los embalses"}]},{"@type":"WebSite","@id":"https:\/\/noti-america.com\/site\/principal\/#website","url":"https:\/\/noti-america.com\/site\/principal\/","name":"Noti-America.com","description":"El Noticiero Digital M\u00e1s Grande de Am\u00e9rica","potentialAction":[{"@type":"SearchAction","target":{"@type":"EntryPoint","urlTemplate":"https:\/\/noti-america.com\/site\/principal\/?s={search_term_string}"},"query-input":{"@type":"PropertyValueSpecification","valueRequired":true,"valueName":"search_term_string"}}],"inLanguage":"es"},{"@type":"Person","@id":"https:\/\/noti-america.com\/site\/principal\/#\/schema\/person\/4b216aa1c65f5f3ee2a0f0ee69a3f85f","name":"mlenis","image":{"@type":"ImageObject","inLanguage":"es","@id":"https:\/\/secure.gravatar.com\/avatar\/71bbe7129a082888d49bedca63e7a6e75ca485c648bb239a7515a2a55acd510f?s=96&d=mm&r=g","url":"https:\/\/secure.gravatar.com\/avatar\/71bbe7129a082888d49bedca63e7a6e75ca485c648bb239a7515a2a55acd510f?s=96&d=mm&r=g","contentUrl":"https:\/\/secure.gravatar.com\/avatar\/71bbe7129a082888d49bedca63e7a6e75ca485c648bb239a7515a2a55acd510f?s=96&d=mm&r=g","caption":"mlenis"},"url":"https:\/\/noti-america.com\/site\/principal\/author\/mlenis\/"}]}},"_links":{"self":[{"href":"https:\/\/noti-america.com\/site\/principal\/wp-json\/wp\/v2\/posts\/42396","targetHints":{"allow":["GET"]}}],"collection":[{"href":"https:\/\/noti-america.com\/site\/principal\/wp-json\/wp\/v2\/posts"}],"about":[{"href":"https:\/\/noti-america.com\/site\/principal\/wp-json\/wp\/v2\/types\/post"}],"author":[{"embeddable":true,"href":"https:\/\/noti-america.com\/site\/principal\/wp-json\/wp\/v2\/users\/135"}],"replies":[{"embeddable":true,"href":"https:\/\/noti-america.com\/site\/principal\/wp-json\/wp\/v2\/comments?post=42396"}],"version-history":[{"count":1,"href":"https:\/\/noti-america.com\/site\/principal\/wp-json\/wp\/v2\/posts\/42396\/revisions"}],"predecessor-version":[{"id":42434,"href":"https:\/\/noti-america.com\/site\/principal\/wp-json\/wp\/v2\/posts\/42396\/revisions\/42434"}],"wp:attachment":[{"href":"https:\/\/noti-america.com\/site\/principal\/wp-json\/wp\/v2\/media?parent=42396"}],"wp:term":[{"taxonomy":"category","embeddable":true,"href":"https:\/\/noti-america.com\/site\/principal\/wp-json\/wp\/v2\/categories?post=42396"},{"taxonomy":"post_tag","embeddable":true,"href":"https:\/\/noti-america.com\/site\/principal\/wp-json\/wp\/v2\/tags?post=42396"}],"curies":[{"name":"wp","href":"https:\/\/api.w.org\/{rel}","templated":true}]}}