{"id":42311,"date":"2024-04-07T01:48:31","date_gmt":"2024-04-07T05:48:31","guid":{"rendered":"https:\/\/noti-america.com\/site\/principal\/?p=42311"},"modified":"2024-04-07T01:48:31","modified_gmt":"2024-04-07T05:48:31","slug":"presidente-noboa-recibe-baston-de-mando-por-parte-de-los-pueblos-y-nacionalidades-indigena","status":"publish","type":"post","link":"https:\/\/noti-america.com\/site\/principal\/2024\/04\/07\/presidente-noboa-recibe-baston-de-mando-por-parte-de-los-pueblos-y-nacionalidades-indigena\/","title":{"rendered":"Presidente Noboa recibe bast\u00f3n de mando por parte de los pueblos y nacionalidades Ind\u00edgena"},"content":{"rendered":"<p><span style=\"color: #000000\"><strong>REDACCI\u00d3N NOTI-AM\u00c9RICA (ECUADOR)<\/strong><\/span><\/p>\n<div style=\"width: 2570px\" class=\"wp-caption alignnone\"><img loading=\"lazy\" decoding=\"async\" src=\"https:\/\/www.comunicacion.gob.ec\/wp-content\/uploads\/2024\/04\/WhatsApp-Image-2024-04-06-at-12.44.31-scaled.jpeg\" alt=\"\" width=\"2560\" height=\"1706\" \/><p class=\"wp-caption-text\">Presidente Noboa recibe apoyo ind\u00edgena<\/p><\/div>\n<p style=\"text-align: justify\">La ma\u00f1ana de este s\u00e1bado 6 de abril, el presidente de la Rep\u00fablica, Daniel Noboa Azin, particip\u00f3 en la ceremonia ancestral de investidura y recibimiento de bast\u00f3n de mando por parte de representantes de los 14 pueblos y nacionalidades del Ecuador; as\u00ed como de los pueblos afroecuatoriano y montubio. El acto espiritual se efectu\u00f3 en el Estadio San Miguel Bajo en Imbabura.<\/p>\n<p style=\"text-align: justify\">La \u201cchakana\u201d, \u00edcono de la cultura andina, fue el escenario en donde se realiz\u00f3 la ceremonia. M\u00fasica ancestral, olor a palo santo, plantas medicinales, entre otros elementos fueron los instrumentos para realizar el ritual de \u201climpia\u201d al Jefe de Estado. Posteriormente, Patricio Montenegro, vicepresidente comunidades San Rafael expres\u00f3:\u00a0<em>\u201cEntrego en sus manos el bast\u00f3n de mando con el que dirigir\u00e1 los destinos del nuevo el pa\u00eds que est\u00e1 surgiendo (\u2026). Esta una muestra del valor y energ\u00eda positiva que usted manda a toda la juventud de nuestra comunidad\u201d,<\/em>\u00a0sostuvo.<\/p>\n<p style=\"text-align: justify\">En esta l\u00ednea, el Presidente de la Rep\u00fablica remarc\u00f3 la importancia que revisten los pueblos y nacionalidades del Ecuador para su gobierno. Por consiguiente, fue determinante al afirmar :\u00a0<strong>\u201c<em>Los anhelos de construir un mejor ma\u00f1ana est\u00e1n depositados en este bast\u00f3n de mando que hoy recibo, el cual lo llevar\u00e9 con orgullo y responsabilidad durante mi mandato. Ser\u00e1 un recordatorio permanente para trabajar incansablemente por mejores d\u00edas\u00bb.<\/em><\/strong><\/p>\n<p style=\"text-align: justify\">De su lado, Marco Guatemal, secretario de Pueblos y Nacionalidades, destac\u00f3 que el bast\u00f3n de mando es un s\u00edmbolo integrador de m\u00e1xima autoridad desde la cosmovisi\u00f3n andina. En tal virtud remarc\u00f3: \u201cLe\u00a0<em>apostamos al Nuevo Ecuador, con la capacidad de actuar y transformar desde la plurinacionalidad e interculturalidad a nuestra sociedad<\/em>\u201d, sostuvo el funcionario. Adem\u00e1s, subray\u00f3 que desde su entidad se articulan acciones con todos los territorios para que se garantice el respeto y la pr\u00e1ctica de los derechos colectivos consagrados en la Constituci\u00f3n.<\/p>\n<p style=\"text-align: justify\">A ello, Juan Sebasti\u00e1n Echeverr\u00eda, gobernador Imbabura agreg\u00f3 que este evento es una muestra de \u201c<em>hermandad, sapiencia y sabidur\u00eda<\/em>\u201d. Adem\u00e1s, sostuvo, este s\u00edmbolo tambi\u00e9n es denota lealtad y apoyo a la gesti\u00f3n del presidente Noboa, en miras de construir un mejor porvenir para los ciudadanos.<\/p>\n<p style=\"text-align: justify\">Precisamente, el Primer Mandatario expres\u00f3: \u201c<strong><em>jam\u00e1s voy a permitir que un peque\u00f1o grupo de personas quieran imponerse como si fueran la mayor\u00eda (\u2026). Una ceremonia como esta nos recuerda que el mando y el poder lo da el pueblo ecuatoriano, yo soy un veh\u00edculo de eso<\/em><\/strong>\u201d, insisti\u00f3.<\/p>\n<p style=\"text-align: justify\">De igual manera, el Mandatario hizo hincapi\u00e9 en la importancia de respaldar a las fuerzas del orden por medio de un voto consciente el pr\u00f3ximo 21 de abril durante la consulta popular. Al respecto record\u00f3 que, el apoyo de los ecuatorianos ser\u00e1 un elemento vital para seguir luchando contra la criminalidad e inseguridad.<\/p>\n","protected":false},"excerpt":{"rendered":"<p>REDACCI\u00d3N NOTI-AM\u00c9RICA (ECUADOR) La ma\u00f1ana de este s\u00e1bado 6 de abril, el presidente de la Rep\u00fablica, Daniel Noboa Azin, particip\u00f3 en la ceremonia ancestral de investidura y recibimiento de bast\u00f3n de mando por parte&#46;&#46;&#46;<\/p>\n","protected":false},"author":17,"featured_media":42312,"comment_status":"","ping_status":"open","sticky":false,"template":"","format":"standard","meta":{"_acf_changed":false,"rop_custom_images_group":[],"rop_custom_messages_group":[],"rop_publish_now":"initial","rop_publish_now_accounts":{"facebook_10219548024599422_1632221337088128":"","twitter_242054905_242054905":""},"rop_publish_now_history":[],"rop_publish_now_status":"pending","footnotes":""},"categories":[47],"tags":[],"class_list":["post-42311","post","type-post","status-publish","format-standard","has-post-thumbnail","hentry","category-politica-opinion"],"acf":[],"yoast_head":"<!-- This site is optimized with the Yoast SEO Premium plugin v24.9 (Yoast SEO v27.2) - https:\/\/yoast.com\/product\/yoast-seo-premium-wordpress\/ -->\n<title>Presidente Noboa recibe bast\u00f3n de mando por parte de los pueblos y nacionalidades Ind\u00edgena - Noti-America.com<\/title>\n<meta name=\"robots\" content=\"index, follow, max-snippet:-1, max-image-preview:large, max-video-preview:-1\" \/>\n<link rel=\"canonical\" href=\"https:\/\/noti-america.com\/site\/principal\/2024\/04\/07\/presidente-noboa-recibe-baston-de-mando-por-parte-de-los-pueblos-y-nacionalidades-indigena\/\" \/>\n<meta property=\"og:locale\" content=\"es_ES\" \/>\n<meta property=\"og:type\" content=\"article\" \/>\n<meta property=\"og:title\" content=\"Presidente Noboa recibe bast\u00f3n de mando por parte de los pueblos y nacionalidades Ind\u00edgena\" \/>\n<meta property=\"og:description\" content=\"REDACCI\u00d3N NOTI-AM\u00c9RICA (ECUADOR) La ma\u00f1ana de este s\u00e1bado 6 de abril, el presidente de la Rep\u00fablica, Daniel Noboa Azin, particip\u00f3 en la ceremonia ancestral de investidura y recibimiento de bast\u00f3n de mando por parte&#046;&#046;&#046;\" \/>\n<meta property=\"og:url\" content=\"https:\/\/noti-america.com\/site\/principal\/2024\/04\/07\/presidente-noboa-recibe-baston-de-mando-por-parte-de-los-pueblos-y-nacionalidades-indigena\/\" \/>\n<meta property=\"og:site_name\" content=\"Noti-America.com\" \/>\n<meta property=\"article:published_time\" content=\"2024-04-07T05:48:31+00:00\" \/>\n<meta property=\"og:image\" content=\"https:\/\/noti-america.com\/site\/principal\/wp-content\/uploads\/sites\/26\/2024\/04\/Baston-de-mando.jpeg\" \/>\n\t<meta property=\"og:image:width\" content=\"2560\" \/>\n\t<meta property=\"og:image:height\" content=\"1706\" \/>\n\t<meta property=\"og:image:type\" content=\"image\/jpeg\" \/>\n<meta name=\"author\" content=\"Gregory Quintana Montiel\" \/>\n<meta name=\"twitter:card\" content=\"summary_large_image\" \/>\n<meta name=\"twitter:creator\" content=\"@gdgregori1\" \/>\n<meta name=\"twitter:label1\" content=\"Escrito por\" \/>\n\t<meta name=\"twitter:data1\" content=\"Gregory Quintana Montiel\" \/>\n\t<meta name=\"twitter:label2\" content=\"Tiempo estimado de lectura\" \/>\n\t<meta name=\"twitter:data2\" content=\"2 minutos\" \/>\n<script type=\"application\/ld+json\" class=\"yoast-schema-graph\">{\"@context\":\"https:\/\/schema.org\",\"@graph\":[{\"@type\":\"Article\",\"@id\":\"https:\/\/noti-america.com\/site\/principal\/2024\/04\/07\/presidente-noboa-recibe-baston-de-mando-por-parte-de-los-pueblos-y-nacionalidades-indigena\/#article\",\"isPartOf\":{\"@id\":\"https:\/\/noti-america.com\/site\/principal\/2024\/04\/07\/presidente-noboa-recibe-baston-de-mando-por-parte-de-los-pueblos-y-nacionalidades-indigena\/\"},\"author\":{\"name\":\"Gregory Quintana Montiel\",\"@id\":\"https:\/\/noti-america.com\/site\/principal\/#\/schema\/person\/3b975e42f15abfe64bfe3abdd916efda\"},\"headline\":\"Presidente Noboa recibe bast\u00f3n de mando por parte de los pueblos y nacionalidades Ind\u00edgena\",\"datePublished\":\"2024-04-07T05:48:31+00:00\",\"mainEntityOfPage\":{\"@id\":\"https:\/\/noti-america.com\/site\/principal\/2024\/04\/07\/presidente-noboa-recibe-baston-de-mando-por-parte-de-los-pueblos-y-nacionalidades-indigena\/\"},\"wordCount\":507,\"image\":{\"@id\":\"https:\/\/noti-america.com\/site\/principal\/2024\/04\/07\/presidente-noboa-recibe-baston-de-mando-por-parte-de-los-pueblos-y-nacionalidades-indigena\/#primaryimage\"},\"thumbnailUrl\":\"https:\/\/noti-america.com\/site\/principal\/wp-content\/uploads\/sites\/26\/2024\/04\/Baston-de-mando.jpeg\",\"articleSection\":[\"Pol\u00edtica\"],\"inLanguage\":\"es\"},{\"@type\":\"WebPage\",\"@id\":\"https:\/\/noti-america.com\/site\/principal\/2024\/04\/07\/presidente-noboa-recibe-baston-de-mando-por-parte-de-los-pueblos-y-nacionalidades-indigena\/\",\"url\":\"https:\/\/noti-america.com\/site\/principal\/2024\/04\/07\/presidente-noboa-recibe-baston-de-mando-por-parte-de-los-pueblos-y-nacionalidades-indigena\/\",\"name\":\"Presidente Noboa recibe bast\u00f3n de mando por parte de los pueblos y nacionalidades Ind\u00edgena - Noti-America.com\",\"isPartOf\":{\"@id\":\"https:\/\/noti-america.com\/site\/principal\/#website\"},\"primaryImageOfPage\":{\"@id\":\"https:\/\/noti-america.com\/site\/principal\/2024\/04\/07\/presidente-noboa-recibe-baston-de-mando-por-parte-de-los-pueblos-y-nacionalidades-indigena\/#primaryimage\"},\"image\":{\"@id\":\"https:\/\/noti-america.com\/site\/principal\/2024\/04\/07\/presidente-noboa-recibe-baston-de-mando-por-parte-de-los-pueblos-y-nacionalidades-indigena\/#primaryimage\"},\"thumbnailUrl\":\"https:\/\/noti-america.com\/site\/principal\/wp-content\/uploads\/sites\/26\/2024\/04\/Baston-de-mando.jpeg\",\"datePublished\":\"2024-04-07T05:48:31+00:00\",\"author\":{\"@id\":\"https:\/\/noti-america.com\/site\/principal\/#\/schema\/person\/3b975e42f15abfe64bfe3abdd916efda\"},\"breadcrumb\":{\"@id\":\"https:\/\/noti-america.com\/site\/principal\/2024\/04\/07\/presidente-noboa-recibe-baston-de-mando-por-parte-de-los-pueblos-y-nacionalidades-indigena\/#breadcrumb\"},\"inLanguage\":\"es\",\"potentialAction\":[{\"@type\":\"ReadAction\",\"target\":[\"https:\/\/noti-america.com\/site\/principal\/2024\/04\/07\/presidente-noboa-recibe-baston-de-mando-por-parte-de-los-pueblos-y-nacionalidades-indigena\/\"]}]},{\"@type\":\"ImageObject\",\"inLanguage\":\"es\",\"@id\":\"https:\/\/noti-america.com\/site\/principal\/2024\/04\/07\/presidente-noboa-recibe-baston-de-mando-por-parte-de-los-pueblos-y-nacionalidades-indigena\/#primaryimage\",\"url\":\"https:\/\/noti-america.com\/site\/principal\/wp-content\/uploads\/sites\/26\/2024\/04\/Baston-de-mando.jpeg\",\"contentUrl\":\"https:\/\/noti-america.com\/site\/principal\/wp-content\/uploads\/sites\/26\/2024\/04\/Baston-de-mando.jpeg\",\"width\":2560,\"height\":1706},{\"@type\":\"BreadcrumbList\",\"@id\":\"https:\/\/noti-america.com\/site\/principal\/2024\/04\/07\/presidente-noboa-recibe-baston-de-mando-por-parte-de-los-pueblos-y-nacionalidades-indigena\/#breadcrumb\",\"itemListElement\":[{\"@type\":\"ListItem\",\"position\":1,\"name\":\"Portada\",\"item\":\"https:\/\/noti-america.com\/site\/principal\/\"},{\"@type\":\"ListItem\",\"position\":2,\"name\":\"Presidente Noboa recibe bast\u00f3n de mando por parte de los pueblos y nacionalidades Ind\u00edgena\"}]},{\"@type\":\"WebSite\",\"@id\":\"https:\/\/noti-america.com\/site\/principal\/#website\",\"url\":\"https:\/\/noti-america.com\/site\/principal\/\",\"name\":\"Noti-America.com\",\"description\":\"El Noticiero Digital M\u00e1s Grande de Am\u00e9rica\",\"potentialAction\":[{\"@type\":\"SearchAction\",\"target\":{\"@type\":\"EntryPoint\",\"urlTemplate\":\"https:\/\/noti-america.com\/site\/principal\/?s={search_term_string}\"},\"query-input\":{\"@type\":\"PropertyValueSpecification\",\"valueRequired\":true,\"valueName\":\"search_term_string\"}}],\"inLanguage\":\"es\"},{\"@type\":\"Person\",\"@id\":\"https:\/\/noti-america.com\/site\/principal\/#\/schema\/person\/3b975e42f15abfe64bfe3abdd916efda\",\"name\":\"Gregory Quintana Montiel\",\"image\":{\"@type\":\"ImageObject\",\"inLanguage\":\"es\",\"@id\":\"https:\/\/secure.gravatar.com\/avatar\/2d6b802f7720c2ec7744dcbe608cc2f3417aeb964d58b443c6d612b77531de1d?s=96&d=mm&r=g\",\"url\":\"https:\/\/secure.gravatar.com\/avatar\/2d6b802f7720c2ec7744dcbe608cc2f3417aeb964d58b443c6d612b77531de1d?s=96&d=mm&r=g\",\"contentUrl\":\"https:\/\/secure.gravatar.com\/avatar\/2d6b802f7720c2ec7744dcbe608cc2f3417aeb964d58b443c6d612b77531de1d?s=96&d=mm&r=g\",\"caption\":\"Gregory Quintana Montiel\"},\"description\":\"Licenciatura en Ciencias de la Comunicaci\u00f3n Social, egresado en la Especializaci\u00f3n Derecho Ambiental Desarrollo Sostenible y Sustentable, Miembro de la Comunidad de profesionales y experto para Latinoam\u00e9rica y el Caribe en Gesti\u00f3n por Resultado en el Desarrollo (COPLAC - GpRD) del Banco Interamericano de Desarrollo, experiencia en medios radiales y escritos.\",\"sameAs\":[\"https:\/\/x.com\/gdgregori1\",\"gquintana\"],\"url\":\"https:\/\/noti-america.com\/site\/principal\/author\/gquintana\/\"}]}<\/script>\n<!-- \/ Yoast SEO Premium plugin. -->","yoast_head_json":{"title":"Presidente Noboa recibe bast\u00f3n de mando por parte de los pueblos y nacionalidades Ind\u00edgena - Noti-America.com","robots":{"index":"index","follow":"follow","max-snippet":"max-snippet:-1","max-image-preview":"max-image-preview:large","max-video-preview":"max-video-preview:-1"},"canonical":"https:\/\/noti-america.com\/site\/principal\/2024\/04\/07\/presidente-noboa-recibe-baston-de-mando-por-parte-de-los-pueblos-y-nacionalidades-indigena\/","og_locale":"es_ES","og_type":"article","og_title":"Presidente Noboa recibe bast\u00f3n de mando por parte de los pueblos y nacionalidades Ind\u00edgena","og_description":"REDACCI\u00d3N NOTI-AM\u00c9RICA (ECUADOR) La ma\u00f1ana de este s\u00e1bado 6 de abril, el presidente de la Rep\u00fablica, Daniel Noboa Azin, particip\u00f3 en la ceremonia ancestral de investidura y recibimiento de bast\u00f3n de mando por parte&#46;&#46;&#46;","og_url":"https:\/\/noti-america.com\/site\/principal\/2024\/04\/07\/presidente-noboa-recibe-baston-de-mando-por-parte-de-los-pueblos-y-nacionalidades-indigena\/","og_site_name":"Noti-America.com","article_published_time":"2024-04-07T05:48:31+00:00","og_image":[{"width":2560,"height":1706,"url":"https:\/\/noti-america.com\/site\/principal\/wp-content\/uploads\/sites\/26\/2024\/04\/Baston-de-mando.jpeg","type":"image\/jpeg"}],"author":"Gregory Quintana Montiel","twitter_card":"summary_large_image","twitter_creator":"@gdgregori1","twitter_misc":{"Escrito por":"Gregory Quintana Montiel","Tiempo estimado de lectura":"2 minutos"},"schema":{"@context":"https:\/\/schema.org","@graph":[{"@type":"Article","@id":"https:\/\/noti-america.com\/site\/principal\/2024\/04\/07\/presidente-noboa-recibe-baston-de-mando-por-parte-de-los-pueblos-y-nacionalidades-indigena\/#article","isPartOf":{"@id":"https:\/\/noti-america.com\/site\/principal\/2024\/04\/07\/presidente-noboa-recibe-baston-de-mando-por-parte-de-los-pueblos-y-nacionalidades-indigena\/"},"author":{"name":"Gregory Quintana Montiel","@id":"https:\/\/noti-america.com\/site\/principal\/#\/schema\/person\/3b975e42f15abfe64bfe3abdd916efda"},"headline":"Presidente Noboa recibe bast\u00f3n de mando por parte de los pueblos y nacionalidades Ind\u00edgena","datePublished":"2024-04-07T05:48:31+00:00","mainEntityOfPage":{"@id":"https:\/\/noti-america.com\/site\/principal\/2024\/04\/07\/presidente-noboa-recibe-baston-de-mando-por-parte-de-los-pueblos-y-nacionalidades-indigena\/"},"wordCount":507,"image":{"@id":"https:\/\/noti-america.com\/site\/principal\/2024\/04\/07\/presidente-noboa-recibe-baston-de-mando-por-parte-de-los-pueblos-y-nacionalidades-indigena\/#primaryimage"},"thumbnailUrl":"https:\/\/noti-america.com\/site\/principal\/wp-content\/uploads\/sites\/26\/2024\/04\/Baston-de-mando.jpeg","articleSection":["Pol\u00edtica"],"inLanguage":"es"},{"@type":"WebPage","@id":"https:\/\/noti-america.com\/site\/principal\/2024\/04\/07\/presidente-noboa-recibe-baston-de-mando-por-parte-de-los-pueblos-y-nacionalidades-indigena\/","url":"https:\/\/noti-america.com\/site\/principal\/2024\/04\/07\/presidente-noboa-recibe-baston-de-mando-por-parte-de-los-pueblos-y-nacionalidades-indigena\/","name":"Presidente Noboa recibe bast\u00f3n de mando por parte de los pueblos y nacionalidades Ind\u00edgena - Noti-America.com","isPartOf":{"@id":"https:\/\/noti-america.com\/site\/principal\/#website"},"primaryImageOfPage":{"@id":"https:\/\/noti-america.com\/site\/principal\/2024\/04\/07\/presidente-noboa-recibe-baston-de-mando-por-parte-de-los-pueblos-y-nacionalidades-indigena\/#primaryimage"},"image":{"@id":"https:\/\/noti-america.com\/site\/principal\/2024\/04\/07\/presidente-noboa-recibe-baston-de-mando-por-parte-de-los-pueblos-y-nacionalidades-indigena\/#primaryimage"},"thumbnailUrl":"https:\/\/noti-america.com\/site\/principal\/wp-content\/uploads\/sites\/26\/2024\/04\/Baston-de-mando.jpeg","datePublished":"2024-04-07T05:48:31+00:00","author":{"@id":"https:\/\/noti-america.com\/site\/principal\/#\/schema\/person\/3b975e42f15abfe64bfe3abdd916efda"},"breadcrumb":{"@id":"https:\/\/noti-america.com\/site\/principal\/2024\/04\/07\/presidente-noboa-recibe-baston-de-mando-por-parte-de-los-pueblos-y-nacionalidades-indigena\/#breadcrumb"},"inLanguage":"es","potentialAction":[{"@type":"ReadAction","target":["https:\/\/noti-america.com\/site\/principal\/2024\/04\/07\/presidente-noboa-recibe-baston-de-mando-por-parte-de-los-pueblos-y-nacionalidades-indigena\/"]}]},{"@type":"ImageObject","inLanguage":"es","@id":"https:\/\/noti-america.com\/site\/principal\/2024\/04\/07\/presidente-noboa-recibe-baston-de-mando-por-parte-de-los-pueblos-y-nacionalidades-indigena\/#primaryimage","url":"https:\/\/noti-america.com\/site\/principal\/wp-content\/uploads\/sites\/26\/2024\/04\/Baston-de-mando.jpeg","contentUrl":"https:\/\/noti-america.com\/site\/principal\/wp-content\/uploads\/sites\/26\/2024\/04\/Baston-de-mando.jpeg","width":2560,"height":1706},{"@type":"BreadcrumbList","@id":"https:\/\/noti-america.com\/site\/principal\/2024\/04\/07\/presidente-noboa-recibe-baston-de-mando-por-parte-de-los-pueblos-y-nacionalidades-indigena\/#breadcrumb","itemListElement":[{"@type":"ListItem","position":1,"name":"Portada","item":"https:\/\/noti-america.com\/site\/principal\/"},{"@type":"ListItem","position":2,"name":"Presidente Noboa recibe bast\u00f3n de mando por parte de los pueblos y nacionalidades Ind\u00edgena"}]},{"@type":"WebSite","@id":"https:\/\/noti-america.com\/site\/principal\/#website","url":"https:\/\/noti-america.com\/site\/principal\/","name":"Noti-America.com","description":"El Noticiero Digital M\u00e1s Grande de Am\u00e9rica","potentialAction":[{"@type":"SearchAction","target":{"@type":"EntryPoint","urlTemplate":"https:\/\/noti-america.com\/site\/principal\/?s={search_term_string}"},"query-input":{"@type":"PropertyValueSpecification","valueRequired":true,"valueName":"search_term_string"}}],"inLanguage":"es"},{"@type":"Person","@id":"https:\/\/noti-america.com\/site\/principal\/#\/schema\/person\/3b975e42f15abfe64bfe3abdd916efda","name":"Gregory Quintana Montiel","image":{"@type":"ImageObject","inLanguage":"es","@id":"https:\/\/secure.gravatar.com\/avatar\/2d6b802f7720c2ec7744dcbe608cc2f3417aeb964d58b443c6d612b77531de1d?s=96&d=mm&r=g","url":"https:\/\/secure.gravatar.com\/avatar\/2d6b802f7720c2ec7744dcbe608cc2f3417aeb964d58b443c6d612b77531de1d?s=96&d=mm&r=g","contentUrl":"https:\/\/secure.gravatar.com\/avatar\/2d6b802f7720c2ec7744dcbe608cc2f3417aeb964d58b443c6d612b77531de1d?s=96&d=mm&r=g","caption":"Gregory Quintana Montiel"},"description":"Licenciatura en Ciencias de la Comunicaci\u00f3n Social, egresado en la Especializaci\u00f3n Derecho Ambiental Desarrollo Sostenible y Sustentable, Miembro de la Comunidad de profesionales y experto para Latinoam\u00e9rica y el Caribe en Gesti\u00f3n por Resultado en el Desarrollo (COPLAC - GpRD) del Banco Interamericano de Desarrollo, experiencia en medios radiales y escritos.","sameAs":["https:\/\/x.com\/gdgregori1","gquintana"],"url":"https:\/\/noti-america.com\/site\/principal\/author\/gquintana\/"}]}},"_links":{"self":[{"href":"https:\/\/noti-america.com\/site\/principal\/wp-json\/wp\/v2\/posts\/42311","targetHints":{"allow":["GET"]}}],"collection":[{"href":"https:\/\/noti-america.com\/site\/principal\/wp-json\/wp\/v2\/posts"}],"about":[{"href":"https:\/\/noti-america.com\/site\/principal\/wp-json\/wp\/v2\/types\/post"}],"author":[{"embeddable":true,"href":"https:\/\/noti-america.com\/site\/principal\/wp-json\/wp\/v2\/users\/17"}],"replies":[{"embeddable":true,"href":"https:\/\/noti-america.com\/site\/principal\/wp-json\/wp\/v2\/comments?post=42311"}],"version-history":[{"count":1,"href":"https:\/\/noti-america.com\/site\/principal\/wp-json\/wp\/v2\/posts\/42311\/revisions"}],"predecessor-version":[{"id":42319,"href":"https:\/\/noti-america.com\/site\/principal\/wp-json\/wp\/v2\/posts\/42311\/revisions\/42319"}],"wp:featuredmedia":[{"embeddable":true,"href":"https:\/\/noti-america.com\/site\/principal\/wp-json\/wp\/v2\/media\/42312"}],"wp:attachment":[{"href":"https:\/\/noti-america.com\/site\/principal\/wp-json\/wp\/v2\/media?parent=42311"}],"wp:term":[{"taxonomy":"category","embeddable":true,"href":"https:\/\/noti-america.com\/site\/principal\/wp-json\/wp\/v2\/categories?post=42311"},{"taxonomy":"post_tag","embeddable":true,"href":"https:\/\/noti-america.com\/site\/principal\/wp-json\/wp\/v2\/tags?post=42311"}],"curies":[{"name":"wp","href":"https:\/\/api.w.org\/{rel}","templated":true}]}}