{"id":4230,"date":"2018-05-12T20:42:16","date_gmt":"2018-05-12T20:42:16","guid":{"rendered":"http:\/\/noti-america.com\/site\/alemania\/?p=4230"},"modified":"2018-05-12T20:42:16","modified_gmt":"2018-05-12T20:42:16","slug":"lisboa-acoge-la-final-de-eurovision-festival-de-extravagancias","status":"publish","type":"post","link":"https:\/\/noti-america.com\/site\/principal\/2018\/05\/12\/lisboa-acoge-la-final-de-eurovision-festival-de-extravagancias\/","title":{"rendered":"Lisboa acoge la final de Eurovisi\u00f3n, festival de extravagancias"},"content":{"rendered":"<div class=\"line textcontent_img watermark\">\n<p><em><strong>Fuente (AFP)<\/strong><\/em><\/p>\n<p>Cantantes de 26 pa\u00edses abrieron este s\u00e1bado la 63\u00aa edici\u00f3n del Festival de la Canci\u00f3n de Eurovisi\u00f3n en Lisboa, ofreciendo a millones de telespectadores un abanico de g\u00e9neros musicales y llamativas actuaciones.<\/p>\n<p>\u00abLo que me ha impactado este a\u00f1o es la diversidad de propuestas. Tenemos una gran variedad de estilos que representan en gran medida la escena musical europea\u00bb, declar\u00f3 a la AFP el presidente del club de eurofanes brit\u00e1nicos, Alisdair Rendall.<\/p>\n<\/div>\n<p>Con mucho pop, tanto festivo como mel\u00f3dico, pero tambi\u00e9n con canto l\u00edrico, rock, folk e incluso con un toque de metal, el marat\u00f3n televisivo es, como cada a\u00f1o, un desfile de trajes extravagantes y provocadoras puestas en escena.<\/p>\n<p>Se podr\u00e1 admirar el inmenso vestido de la participante estonia, en el que se proyectar\u00e1n animaciones de video, y el piano en llamas del cantante ucraniano, pero tambi\u00e9n las muecas y la danza de una interprete israel\u00ed que quiere encarnar el esp\u00edritu del movimiento #MeToo.<\/p>\n<p>\u00abEste a\u00f1o hay un aut\u00e9ntico suspense, con muchos ganadores posibles\u00bb, dijo Blair Thorpe, un profesor brit\u00e1nico de 43 a\u00f1os que vino a Portugal para ver la final.<\/p>\n<p>Otra actuaci\u00f3n que se adivina memorable ser\u00e1 la del irland\u00e9s Ryan O&#8217;Shaughnessy, que ir\u00e1 acompa\u00f1ada de un baile rom\u00e1ntico entre dos hombres, lo que le cost\u00f3 la censura en China durante la retransmisi\u00f3n de la primera semifinal.<\/p>\n<p>En respuesta, la Uni\u00f3n Europea de Radiotelevisi\u00f3n (UER), que organiza Eurovisi\u00f3n, rompi\u00f3 el contrato con el portal chino MangoTV, que tambi\u00e9n difumin\u00f3 la bandera arco\u00edris de los defensores de los derechos de los homosexuales, para que no difundiera la segunda semifinal ni la final.<\/p>\n<p>&#8211; Duelo de divas &#8211;<\/p>\n<div class=\"line textcontent_img watermark\">\n<p>M\u00e1s all\u00e1 de las pol\u00e9micas que suelen rodear al acontecimiento, que cada a\u00f1o atrae una audiencia de casi 200 millones de telespectadores, la carrera para reemplazar al cantante portugu\u00e9s Salvador Sobral -ganador el a\u00f1o pasado en Kiev- se anuncia re\u00f1ida.<\/p>\n<p>Seg\u00fan los pron\u00f3sticos de las casas de apuestas, la representante de Chipre, la cantante griega de origen alban\u00e9s Eleni Foureira, podr\u00eda quedar primera con su canci\u00f3n \u00abFuego\u00bb, un tema de pop sensual con un estribillo pegadizo por el que la han comparado con Shakira y Beyonc\u00e9.<\/p>\n<\/div>\n<p>Por otro lado, la cantante israel\u00ed Netta Barzilai, gran favorita durante las semanas anteriores a las semifinales, segu\u00eda segunda en las clasificaciones de las casas de apuestas.<\/p>\n<p>Su canci\u00f3n \u00abToy\u00bb lanza un mensaje por la emancipaci\u00f3n femenina contra cualquier forma de acoso, con una m\u00fasica festiva y un ritmo muy marcado.<\/p>\n<p>\u00abEs una canci\u00f3n que env\u00eda un mensaje, pero siendo divertida al mismo tiempo\u00bb, declar\u00f3 a la AFP Lorenzo Formento, un eurof\u00e1n italiano de 40 a\u00f1os llegado desde Madrid, donde vive.<\/p>\n<p>\u00abTu canci\u00f3n\u00bb, el tema con que la pareja formada por Amaia Romero y Alfred Garc\u00eda representa a Espa\u00f1a, ser\u00e1 el segundo de la velada, precedido solo por Ucrania.<\/p>\n<p>&#8211; M\u00e1s &#8216;teatral&#8217; &#8211;<\/p>\n<p>El d\u00fao franc\u00e9s \u00abMadame Monsieur\u00bb parec\u00eda estar en buena posici\u00f3n para intentar quedarse con el primer puesto con su canci\u00f3n \u00abMercy\u00bb, una composici\u00f3n de pop mel\u00f3dico que cuenta el periplo de una ni\u00f1a nacida en un barco de migrantes.<\/p>\n<p>El ganador resultar\u00e1 elegido, entre los 26 finalistas, por los votos de un jurado profesional y de los telespectadores de los 43 pa\u00edses participantes, responsables de la mitad de la puntuaci\u00f3n final que consiga cada int\u00e9rprete.<\/p>\n<div class=\"line textcontent_img watermark\">\n<p>Otro de los momentos \u00e1lgidos de la noche estar\u00e1 protagonizado por Salvador Sobral y uno de sus \u00eddolos, el brasile\u00f1o Caetano Veloso, que cantar\u00e1n a d\u00fao en la primera actuaci\u00f3n del artista portugu\u00e9s desde que se le trasplant\u00f3 un coraz\u00f3n a principios de diciembre.<\/p>\n<p>Con un presupuesto de 20 millones de euros, el m\u00e1s bajo de la \u00faltima d\u00e9cada, la televisi\u00f3n p\u00fablica portuguesa RTP dise\u00f1\u00f3 un espect\u00e1culo m\u00e1s \u00abteatral\u00bb, limitando el uso de proyecciones de video y de nuevas tecnolog\u00edas.<\/p>\n<\/div>\n<p>El objetivo era hacer honor a la idea lanzada hace un a\u00f1o por Salvador Sobral: \u00abLa m\u00fasica no son fuegos artificiales, sino sentimientos\u00bb.<\/p>\n","protected":false},"excerpt":{"rendered":"<p>Fuente (AFP) Cantantes de 26 pa\u00edses abrieron este s\u00e1bado la 63\u00aa edici\u00f3n del Festival de la Canci\u00f3n de Eurovisi\u00f3n en Lisboa, ofreciendo a millones de telespectadores un abanico de g\u00e9neros musicales y llamativas actuaciones.&#46;&#46;&#46;<\/p>\n","protected":false},"author":31,"featured_media":4231,"comment_status":"open","ping_status":"open","sticky":false,"template":"","format":"standard","meta":{"_acf_changed":false,"rop_custom_images_group":[],"rop_custom_messages_group":[],"rop_publish_now":"initial","rop_publish_now_accounts":{"facebook_10219548024599422_1632221337088128":"","twitter_242054905_242054905":""},"rop_publish_now_history":[],"rop_publish_now_status":"pending","footnotes":""},"categories":[8,4,424],"tags":[425],"class_list":["post-4230","post","type-post","status-publish","format-standard","has-post-thumbnail","hentry","category-arte-y-espectaculos","category-internacionales","category-lisboa","tag-eurovision-en-lisboa"],"acf":[],"yoast_head":"<!-- This site is optimized with the Yoast SEO Premium plugin v24.9 (Yoast SEO v27.2) - https:\/\/yoast.com\/product\/yoast-seo-premium-wordpress\/ -->\n<title>Lisboa acoge la final de Eurovisi\u00f3n, festival de extravagancias - Noti-America.com<\/title>\n<meta name=\"robots\" content=\"index, follow, max-snippet:-1, max-image-preview:large, max-video-preview:-1\" \/>\n<link rel=\"canonical\" href=\"https:\/\/noti-america.com\/site\/principal\/2018\/05\/12\/lisboa-acoge-la-final-de-eurovision-festival-de-extravagancias\/\" \/>\n<meta property=\"og:locale\" content=\"es_ES\" \/>\n<meta property=\"og:type\" content=\"article\" \/>\n<meta property=\"og:title\" content=\"Lisboa acoge la final de Eurovisi\u00f3n, festival de extravagancias\" \/>\n<meta property=\"og:description\" content=\"Fuente (AFP) Cantantes de 26 pa\u00edses abrieron este s\u00e1bado la 63\u00aa edici\u00f3n del Festival de la Canci\u00f3n de Eurovisi\u00f3n en Lisboa, ofreciendo a millones de telespectadores un abanico de g\u00e9neros musicales y llamativas actuaciones.&#046;&#046;&#046;\" \/>\n<meta property=\"og:url\" content=\"https:\/\/noti-america.com\/site\/principal\/2018\/05\/12\/lisboa-acoge-la-final-de-eurovision-festival-de-extravagancias\/\" \/>\n<meta property=\"og:site_name\" content=\"Noti-America.com\" \/>\n<meta property=\"article:published_time\" content=\"2018-05-12T20:42:16+00:00\" \/>\n<meta property=\"og:image\" content=\"https:\/\/noti-america.com\/site\/principal\/wp-content\/uploads\/sites\/26\/2018\/05\/14162067w.jpg\" \/>\n\t<meta property=\"og:image:width\" content=\"800\" \/>\n\t<meta property=\"og:image:height\" content=\"533\" \/>\n\t<meta property=\"og:image:type\" content=\"image\/jpeg\" \/>\n<meta name=\"author\" content=\"Ydalith Figueroa Kad-Bay\" \/>\n<meta name=\"twitter:card\" content=\"summary_large_image\" \/>\n<meta name=\"twitter:creator\" content=\"@ydalithkad\" \/>\n<meta name=\"twitter:label1\" content=\"Escrito por\" \/>\n\t<meta name=\"twitter:data1\" content=\"Ydalith Figueroa Kad-Bay\" \/>\n\t<meta name=\"twitter:label2\" content=\"Tiempo estimado de lectura\" \/>\n\t<meta name=\"twitter:data2\" content=\"4 minutos\" \/>\n<script type=\"application\/ld+json\" class=\"yoast-schema-graph\">{\"@context\":\"https:\/\/schema.org\",\"@graph\":[{\"@type\":\"Article\",\"@id\":\"https:\/\/noti-america.com\/site\/principal\/2018\/05\/12\/lisboa-acoge-la-final-de-eurovision-festival-de-extravagancias\/#article\",\"isPartOf\":{\"@id\":\"https:\/\/noti-america.com\/site\/principal\/2018\/05\/12\/lisboa-acoge-la-final-de-eurovision-festival-de-extravagancias\/\"},\"author\":{\"name\":\"Ydalith Figueroa Kad-Bay\",\"@id\":\"https:\/\/noti-america.com\/site\/principal\/#\/schema\/person\/1a24e37c3c358f389f0a111448ddb870\"},\"headline\":\"Lisboa acoge la final de Eurovisi\u00f3n, festival de extravagancias\",\"datePublished\":\"2018-05-12T20:42:16+00:00\",\"mainEntityOfPage\":{\"@id\":\"https:\/\/noti-america.com\/site\/principal\/2018\/05\/12\/lisboa-acoge-la-final-de-eurovision-festival-de-extravagancias\/\"},\"wordCount\":729,\"commentCount\":0,\"image\":{\"@id\":\"https:\/\/noti-america.com\/site\/principal\/2018\/05\/12\/lisboa-acoge-la-final-de-eurovision-festival-de-extravagancias\/#primaryimage\"},\"thumbnailUrl\":\"https:\/\/noti-america.com\/site\/principal\/wp-content\/uploads\/sites\/26\/2018\/05\/14162067w.jpg\",\"keywords\":[\"Eurovisi\u00f3n en Lisboa\"],\"articleSection\":[\"Arte y Espect\u00e1culos\",\"Internacionales\",\"Lisboa\"],\"inLanguage\":\"es\",\"potentialAction\":[{\"@type\":\"CommentAction\",\"name\":\"Comment\",\"target\":[\"https:\/\/noti-america.com\/site\/principal\/2018\/05\/12\/lisboa-acoge-la-final-de-eurovision-festival-de-extravagancias\/#respond\"]}]},{\"@type\":\"WebPage\",\"@id\":\"https:\/\/noti-america.com\/site\/principal\/2018\/05\/12\/lisboa-acoge-la-final-de-eurovision-festival-de-extravagancias\/\",\"url\":\"https:\/\/noti-america.com\/site\/principal\/2018\/05\/12\/lisboa-acoge-la-final-de-eurovision-festival-de-extravagancias\/\",\"name\":\"Lisboa acoge la final de Eurovisi\u00f3n, festival de extravagancias - Noti-America.com\",\"isPartOf\":{\"@id\":\"https:\/\/noti-america.com\/site\/principal\/#website\"},\"primaryImageOfPage\":{\"@id\":\"https:\/\/noti-america.com\/site\/principal\/2018\/05\/12\/lisboa-acoge-la-final-de-eurovision-festival-de-extravagancias\/#primaryimage\"},\"image\":{\"@id\":\"https:\/\/noti-america.com\/site\/principal\/2018\/05\/12\/lisboa-acoge-la-final-de-eurovision-festival-de-extravagancias\/#primaryimage\"},\"thumbnailUrl\":\"https:\/\/noti-america.com\/site\/principal\/wp-content\/uploads\/sites\/26\/2018\/05\/14162067w.jpg\",\"datePublished\":\"2018-05-12T20:42:16+00:00\",\"author\":{\"@id\":\"https:\/\/noti-america.com\/site\/principal\/#\/schema\/person\/1a24e37c3c358f389f0a111448ddb870\"},\"breadcrumb\":{\"@id\":\"https:\/\/noti-america.com\/site\/principal\/2018\/05\/12\/lisboa-acoge-la-final-de-eurovision-festival-de-extravagancias\/#breadcrumb\"},\"inLanguage\":\"es\",\"potentialAction\":[{\"@type\":\"ReadAction\",\"target\":[\"https:\/\/noti-america.com\/site\/principal\/2018\/05\/12\/lisboa-acoge-la-final-de-eurovision-festival-de-extravagancias\/\"]}]},{\"@type\":\"ImageObject\",\"inLanguage\":\"es\",\"@id\":\"https:\/\/noti-america.com\/site\/principal\/2018\/05\/12\/lisboa-acoge-la-final-de-eurovision-festival-de-extravagancias\/#primaryimage\",\"url\":\"https:\/\/noti-america.com\/site\/principal\/wp-content\/uploads\/sites\/26\/2018\/05\/14162067w.jpg\",\"contentUrl\":\"https:\/\/noti-america.com\/site\/principal\/wp-content\/uploads\/sites\/26\/2018\/05\/14162067w.jpg\",\"width\":800,\"height\":533},{\"@type\":\"BreadcrumbList\",\"@id\":\"https:\/\/noti-america.com\/site\/principal\/2018\/05\/12\/lisboa-acoge-la-final-de-eurovision-festival-de-extravagancias\/#breadcrumb\",\"itemListElement\":[{\"@type\":\"ListItem\",\"position\":1,\"name\":\"Portada\",\"item\":\"https:\/\/noti-america.com\/site\/principal\/\"},{\"@type\":\"ListItem\",\"position\":2,\"name\":\"Lisboa acoge la final de Eurovisi\u00f3n, festival de extravagancias\"}]},{\"@type\":\"WebSite\",\"@id\":\"https:\/\/noti-america.com\/site\/principal\/#website\",\"url\":\"https:\/\/noti-america.com\/site\/principal\/\",\"name\":\"Noti-America.com\",\"description\":\"El Noticiero Digital M\u00e1s Grande de Am\u00e9rica\",\"potentialAction\":[{\"@type\":\"SearchAction\",\"target\":{\"@type\":\"EntryPoint\",\"urlTemplate\":\"https:\/\/noti-america.com\/site\/principal\/?s={search_term_string}\"},\"query-input\":{\"@type\":\"PropertyValueSpecification\",\"valueRequired\":true,\"valueName\":\"search_term_string\"}}],\"inLanguage\":\"es\"},{\"@type\":\"Person\",\"@id\":\"https:\/\/noti-america.com\/site\/principal\/#\/schema\/person\/1a24e37c3c358f389f0a111448ddb870\",\"name\":\"Ydalith Figueroa Kad-Bay\",\"image\":{\"@type\":\"ImageObject\",\"inLanguage\":\"es\",\"@id\":\"https:\/\/secure.gravatar.com\/avatar\/7d1e350465afd215908c3ed413e32ef600cd41c3c21b95416252432a9f6c219c?s=96&d=mm&r=g\",\"url\":\"https:\/\/secure.gravatar.com\/avatar\/7d1e350465afd215908c3ed413e32ef600cd41c3c21b95416252432a9f6c219c?s=96&d=mm&r=g\",\"contentUrl\":\"https:\/\/secure.gravatar.com\/avatar\/7d1e350465afd215908c3ed413e32ef600cd41c3c21b95416252432a9f6c219c?s=96&d=mm&r=g\",\"caption\":\"Ydalith Figueroa Kad-Bay\"},\"description\":\"CEO Noti-America Alemania Embajadora de Venezuela para el Proyecto de Acci\u00f3n Clim\u00e1tica de la ONU, Embajadora para la ense\u00f1anza de los ODS de la ONU, Amplificador de la Acci\u00f3n de los ODS de la ONU, Profesor Voluntario del Proyecto KAKUMA (Educaci\u00f3n de calidad para refugiados en \u00c1frica) UNHCR \u2013 ACNUR - Agencia para los refugiados de la ONU-, Miembro de la ONG Gente Y Ciudad, Embajador de las Instituciones de Microfinanzas \u201cNo a la pobreza ODS #1 de la ONU\u201d (todos tienen derecho a acceso a un cr\u00e9dito), y Voluntario al di\u00e1logo global de UN75. Twitter @ydalithkad email ydalith@yhaoo.com Locutor Profesional 32931 Universidad Central de Venezuela @ISHannover \\\"Colegio Internacional de Hannover Regi\u00f3n, Alemania\\\" Representante de Aprendizaje Innovaci\u00f3n y Tecnolog\u00eda #LMS (Sistema de Gesti\u00f3n de Aprendizaje) #LMS Gente y Ciudad &amp; Asesores Internacionales ONG Alemania. ONG \\\"Gente y Ciudad, Venezuela\\\" Miembro y Asesor especialista An\u00e1lisis de Pol\u00edtica Internacional Asesor Pol\u00edtico Internacional de Venezuela en la defensa de los Derechos Humanos y el restablecimiento Democr\u00e1tico. Diplomacia positiva y Activa. Pasi\u00f3n por el Golf Proyecto #LMS \\\"Golf para ni\u00f1os y adultos Internacional\\\" Pasi\u00f3n por los Postres Proyecto #LMS \\\"Postres, Que Unen a las Culturas del mundo\\\"\",\"sameAs\":[\"https:\/\/x.com\/ydalithkad\"],\"url\":\"https:\/\/noti-america.com\/site\/principal\/author\/yfigueroa\/\"}]}<\/script>\n<!-- \/ Yoast SEO Premium plugin. -->","yoast_head_json":{"title":"Lisboa acoge la final de Eurovisi\u00f3n, festival de extravagancias - Noti-America.com","robots":{"index":"index","follow":"follow","max-snippet":"max-snippet:-1","max-image-preview":"max-image-preview:large","max-video-preview":"max-video-preview:-1"},"canonical":"https:\/\/noti-america.com\/site\/principal\/2018\/05\/12\/lisboa-acoge-la-final-de-eurovision-festival-de-extravagancias\/","og_locale":"es_ES","og_type":"article","og_title":"Lisboa acoge la final de Eurovisi\u00f3n, festival de extravagancias","og_description":"Fuente (AFP) Cantantes de 26 pa\u00edses abrieron este s\u00e1bado la 63\u00aa edici\u00f3n del Festival de la Canci\u00f3n de Eurovisi\u00f3n en Lisboa, ofreciendo a millones de telespectadores un abanico de g\u00e9neros musicales y llamativas actuaciones.&#46;&#46;&#46;","og_url":"https:\/\/noti-america.com\/site\/principal\/2018\/05\/12\/lisboa-acoge-la-final-de-eurovision-festival-de-extravagancias\/","og_site_name":"Noti-America.com","article_published_time":"2018-05-12T20:42:16+00:00","og_image":[{"width":800,"height":533,"url":"https:\/\/noti-america.com\/site\/principal\/wp-content\/uploads\/sites\/26\/2018\/05\/14162067w.jpg","type":"image\/jpeg"}],"author":"Ydalith Figueroa Kad-Bay","twitter_card":"summary_large_image","twitter_creator":"@ydalithkad","twitter_misc":{"Escrito por":"Ydalith Figueroa Kad-Bay","Tiempo estimado de lectura":"4 minutos"},"schema":{"@context":"https:\/\/schema.org","@graph":[{"@type":"Article","@id":"https:\/\/noti-america.com\/site\/principal\/2018\/05\/12\/lisboa-acoge-la-final-de-eurovision-festival-de-extravagancias\/#article","isPartOf":{"@id":"https:\/\/noti-america.com\/site\/principal\/2018\/05\/12\/lisboa-acoge-la-final-de-eurovision-festival-de-extravagancias\/"},"author":{"name":"Ydalith Figueroa Kad-Bay","@id":"https:\/\/noti-america.com\/site\/principal\/#\/schema\/person\/1a24e37c3c358f389f0a111448ddb870"},"headline":"Lisboa acoge la final de Eurovisi\u00f3n, festival de extravagancias","datePublished":"2018-05-12T20:42:16+00:00","mainEntityOfPage":{"@id":"https:\/\/noti-america.com\/site\/principal\/2018\/05\/12\/lisboa-acoge-la-final-de-eurovision-festival-de-extravagancias\/"},"wordCount":729,"commentCount":0,"image":{"@id":"https:\/\/noti-america.com\/site\/principal\/2018\/05\/12\/lisboa-acoge-la-final-de-eurovision-festival-de-extravagancias\/#primaryimage"},"thumbnailUrl":"https:\/\/noti-america.com\/site\/principal\/wp-content\/uploads\/sites\/26\/2018\/05\/14162067w.jpg","keywords":["Eurovisi\u00f3n en Lisboa"],"articleSection":["Arte y Espect\u00e1culos","Internacionales","Lisboa"],"inLanguage":"es","potentialAction":[{"@type":"CommentAction","name":"Comment","target":["https:\/\/noti-america.com\/site\/principal\/2018\/05\/12\/lisboa-acoge-la-final-de-eurovision-festival-de-extravagancias\/#respond"]}]},{"@type":"WebPage","@id":"https:\/\/noti-america.com\/site\/principal\/2018\/05\/12\/lisboa-acoge-la-final-de-eurovision-festival-de-extravagancias\/","url":"https:\/\/noti-america.com\/site\/principal\/2018\/05\/12\/lisboa-acoge-la-final-de-eurovision-festival-de-extravagancias\/","name":"Lisboa acoge la final de Eurovisi\u00f3n, festival de extravagancias - Noti-America.com","isPartOf":{"@id":"https:\/\/noti-america.com\/site\/principal\/#website"},"primaryImageOfPage":{"@id":"https:\/\/noti-america.com\/site\/principal\/2018\/05\/12\/lisboa-acoge-la-final-de-eurovision-festival-de-extravagancias\/#primaryimage"},"image":{"@id":"https:\/\/noti-america.com\/site\/principal\/2018\/05\/12\/lisboa-acoge-la-final-de-eurovision-festival-de-extravagancias\/#primaryimage"},"thumbnailUrl":"https:\/\/noti-america.com\/site\/principal\/wp-content\/uploads\/sites\/26\/2018\/05\/14162067w.jpg","datePublished":"2018-05-12T20:42:16+00:00","author":{"@id":"https:\/\/noti-america.com\/site\/principal\/#\/schema\/person\/1a24e37c3c358f389f0a111448ddb870"},"breadcrumb":{"@id":"https:\/\/noti-america.com\/site\/principal\/2018\/05\/12\/lisboa-acoge-la-final-de-eurovision-festival-de-extravagancias\/#breadcrumb"},"inLanguage":"es","potentialAction":[{"@type":"ReadAction","target":["https:\/\/noti-america.com\/site\/principal\/2018\/05\/12\/lisboa-acoge-la-final-de-eurovision-festival-de-extravagancias\/"]}]},{"@type":"ImageObject","inLanguage":"es","@id":"https:\/\/noti-america.com\/site\/principal\/2018\/05\/12\/lisboa-acoge-la-final-de-eurovision-festival-de-extravagancias\/#primaryimage","url":"https:\/\/noti-america.com\/site\/principal\/wp-content\/uploads\/sites\/26\/2018\/05\/14162067w.jpg","contentUrl":"https:\/\/noti-america.com\/site\/principal\/wp-content\/uploads\/sites\/26\/2018\/05\/14162067w.jpg","width":800,"height":533},{"@type":"BreadcrumbList","@id":"https:\/\/noti-america.com\/site\/principal\/2018\/05\/12\/lisboa-acoge-la-final-de-eurovision-festival-de-extravagancias\/#breadcrumb","itemListElement":[{"@type":"ListItem","position":1,"name":"Portada","item":"https:\/\/noti-america.com\/site\/principal\/"},{"@type":"ListItem","position":2,"name":"Lisboa acoge la final de Eurovisi\u00f3n, festival de extravagancias"}]},{"@type":"WebSite","@id":"https:\/\/noti-america.com\/site\/principal\/#website","url":"https:\/\/noti-america.com\/site\/principal\/","name":"Noti-America.com","description":"El Noticiero Digital M\u00e1s Grande de Am\u00e9rica","potentialAction":[{"@type":"SearchAction","target":{"@type":"EntryPoint","urlTemplate":"https:\/\/noti-america.com\/site\/principal\/?s={search_term_string}"},"query-input":{"@type":"PropertyValueSpecification","valueRequired":true,"valueName":"search_term_string"}}],"inLanguage":"es"},{"@type":"Person","@id":"https:\/\/noti-america.com\/site\/principal\/#\/schema\/person\/1a24e37c3c358f389f0a111448ddb870","name":"Ydalith Figueroa Kad-Bay","image":{"@type":"ImageObject","inLanguage":"es","@id":"https:\/\/secure.gravatar.com\/avatar\/7d1e350465afd215908c3ed413e32ef600cd41c3c21b95416252432a9f6c219c?s=96&d=mm&r=g","url":"https:\/\/secure.gravatar.com\/avatar\/7d1e350465afd215908c3ed413e32ef600cd41c3c21b95416252432a9f6c219c?s=96&d=mm&r=g","contentUrl":"https:\/\/secure.gravatar.com\/avatar\/7d1e350465afd215908c3ed413e32ef600cd41c3c21b95416252432a9f6c219c?s=96&d=mm&r=g","caption":"Ydalith Figueroa Kad-Bay"},"description":"CEO Noti-America Alemania Embajadora de Venezuela para el Proyecto de Acci\u00f3n Clim\u00e1tica de la ONU, Embajadora para la ense\u00f1anza de los ODS de la ONU, Amplificador de la Acci\u00f3n de los ODS de la ONU, Profesor Voluntario del Proyecto KAKUMA (Educaci\u00f3n de calidad para refugiados en \u00c1frica) UNHCR \u2013 ACNUR - Agencia para los refugiados de la ONU-, Miembro de la ONG Gente Y Ciudad, Embajador de las Instituciones de Microfinanzas \u201cNo a la pobreza ODS #1 de la ONU\u201d (todos tienen derecho a acceso a un cr\u00e9dito), y Voluntario al di\u00e1logo global de UN75. Twitter @ydalithkad email ydalith@yhaoo.com Locutor Profesional 32931 Universidad Central de Venezuela @ISHannover \"Colegio Internacional de Hannover Regi\u00f3n, Alemania\" Representante de Aprendizaje Innovaci\u00f3n y Tecnolog\u00eda #LMS (Sistema de Gesti\u00f3n de Aprendizaje) #LMS Gente y Ciudad &amp; Asesores Internacionales ONG Alemania. ONG \"Gente y Ciudad, Venezuela\" Miembro y Asesor especialista An\u00e1lisis de Pol\u00edtica Internacional Asesor Pol\u00edtico Internacional de Venezuela en la defensa de los Derechos Humanos y el restablecimiento Democr\u00e1tico. Diplomacia positiva y Activa. Pasi\u00f3n por el Golf Proyecto #LMS \"Golf para ni\u00f1os y adultos Internacional\" Pasi\u00f3n por los Postres Proyecto #LMS \"Postres, Que Unen a las Culturas del mundo\"","sameAs":["https:\/\/x.com\/ydalithkad"],"url":"https:\/\/noti-america.com\/site\/principal\/author\/yfigueroa\/"}]}},"_links":{"self":[{"href":"https:\/\/noti-america.com\/site\/principal\/wp-json\/wp\/v2\/posts\/4230","targetHints":{"allow":["GET"]}}],"collection":[{"href":"https:\/\/noti-america.com\/site\/principal\/wp-json\/wp\/v2\/posts"}],"about":[{"href":"https:\/\/noti-america.com\/site\/principal\/wp-json\/wp\/v2\/types\/post"}],"author":[{"embeddable":true,"href":"https:\/\/noti-america.com\/site\/principal\/wp-json\/wp\/v2\/users\/31"}],"replies":[{"embeddable":true,"href":"https:\/\/noti-america.com\/site\/principal\/wp-json\/wp\/v2\/comments?post=4230"}],"version-history":[{"count":1,"href":"https:\/\/noti-america.com\/site\/principal\/wp-json\/wp\/v2\/posts\/4230\/revisions"}],"predecessor-version":[{"id":4232,"href":"https:\/\/noti-america.com\/site\/principal\/wp-json\/wp\/v2\/posts\/4230\/revisions\/4232"}],"wp:featuredmedia":[{"embeddable":true,"href":"https:\/\/noti-america.com\/site\/principal\/wp-json\/wp\/v2\/media\/4231"}],"wp:attachment":[{"href":"https:\/\/noti-america.com\/site\/principal\/wp-json\/wp\/v2\/media?parent=4230"}],"wp:term":[{"taxonomy":"category","embeddable":true,"href":"https:\/\/noti-america.com\/site\/principal\/wp-json\/wp\/v2\/categories?post=4230"},{"taxonomy":"post_tag","embeddable":true,"href":"https:\/\/noti-america.com\/site\/principal\/wp-json\/wp\/v2\/tags?post=4230"}],"curies":[{"name":"wp","href":"https:\/\/api.w.org\/{rel}","templated":true}]}}