{"id":4227,"date":"2018-05-12T20:23:55","date_gmt":"2018-05-12T20:23:55","guid":{"rendered":"http:\/\/noti-america.com\/site\/alemania\/?p=4227"},"modified":"2018-05-12T20:23:55","modified_gmt":"2018-05-12T20:23:55","slug":"dinosaurio-en-extincion-hamburgo-cae-por-primera-vez-a-segunda","status":"publish","type":"post","link":"https:\/\/noti-america.com\/site\/principal\/2018\/05\/12\/dinosaurio-en-extincion-hamburgo-cae-por-primera-vez-a-segunda\/","title":{"rendered":"Dinosaurio en extinci\u00f3n: Hamburgo cae por primera vez a segunda"},"content":{"rendered":"<p><em><strong><span class=\" readonly\" title=\"\">Fuente Por Mar\u00eda Laura Ar\u00e1oz (dpa)<\/span><\/strong><\/em><\/p>\n<div class=\"detailtext lang-es\" lang=\"es\">\n<p><span class=\"dateline\">Hamburgo, 12 may\u00a0<span class=\"credit\">(dpa)<\/span>\u00a0&#8211;\u00a0<\/span>Exactamente 54 a\u00f1os, 261 d\u00edas, 00 horas, 36 minutos y 02 segundos marc\u00f3 el reloj m\u00e1s famoso del f\u00fatbol alem\u00e1n al sonar hoy el pitido final del partido que sell\u00f3 el primer descenso del Hamburgo a la segunda divisi\u00f3n del f\u00fatbol alem\u00e1n.<\/p>\n<p>El que hasta ahora se preciaba de ser el \u00fanico club que nunca hab\u00eda perdido la categor\u00eda desde que se fund\u00f3 la Bundesliga en 1963 ya no podr\u00e1 llamarse m\u00e1s el \u00abdinosaurio\u00bb. El conjunto del norte alem\u00e1n qued\u00f3 en el pen\u00faltimo puesto de la tabla y seguir\u00e1 los pasos del colista Colonia.<\/p>\n<p>En horas de la noche, el reloj pasar\u00e1 a contar los a\u00f1os de historia del club fundado el 29 de septiembre de 1887.<\/p>\n<p>El Hamburgo gan\u00f3 por 2-1 un duelo vibrante en casa ante el Borussia M\u00f6nchengladbach que fue interrumpido en los \u00faltimos minutos por protestas de hinchas que lanzaron bengalas al campo de juego.<\/p>\n<p>La victoria no bast\u00f3 para mantener la categor\u00eda. El antepen\u00faltimo, Wolfsburgo, gan\u00f3 por 4-1 su duelo con el Colonia y se asegur\u00f3 la posibilidad de jugar por la promoci\u00f3n por segunda temporada consecutiva. Se enfrentar\u00e1 el 17 y el 21 de mayo con el tercero de la segunda divisi\u00f3n, el Holstein Kiel.<\/p>\n<p>El triple campe\u00f3n de Liga en los a\u00f1os 1970 y 1980 y ganador de la Copa de Europa en 1983 estuvo dos veces al borde del precipicio en los \u00faltimos cinco a\u00f1os, pero consigui\u00f3 salvarse hasta esta temporada, en la que se despide de primera.<\/p>\n<p>\u00abEl equipo y casi todos los hinchas se despidieron de forma muy digna. Hubi\u00e9ramos querido terminar de jugar y poder compartir esta tristeza con la afici\u00f3n\u00bb, dijo Christian Titz, el tercer t\u00e9cnico que dirigi\u00f3 a los hamburgueses esta temporada y les insufl\u00f3 nuevos br\u00edos pero no consigui\u00f3 enderezar una campa\u00f1a en la que el Hamburgo ocupaba una plaza de descenso desde la fecha 17.<\/p>\n<p>\u00abSiento una gran decepci\u00f3n porque estaba convencido de que gan\u00e1bamos y de que esto bastar\u00eda\u00bb, se\u00f1al\u00f3 el ex t\u00e9cnico de las categor\u00edas juveniles, cuyo contrato probablemente ser\u00e1 prorrogado con la misi\u00f3n de regresar a la divisi\u00f3n mayor.<\/p>\n<p>\u00abYa sab\u00eda que ser\u00eda dif\u00edcil, m\u00e1xime cuando se depende de otros. Los \u00faltimos a\u00f1os vivimos muchos milagros, pero no siempre puede haber milagros\u00bb, valor\u00f3 el m\u00edtico jugador y ex presidente del club Uwe Seeler.<\/p>\n<p>En tanto, el Bayern M\u00fanich fue humillado en propio campo por 4-1 por el Stuttgart en la despedida de Jupp Heynckes, el veterano t\u00e9cnico que acudi\u00f3 a en auxilio de los b\u00e1varos tras el despido del italiano Carlo Ancelotti. El campe\u00f3n vio cortarse una racha de 38 partidos invicto en casa desde el 2 de marzo de 2016.<\/p>\n<p>La derrota no hizo mella en el \u00e1nimo del Bayern, que festej\u00f3 el sexto t\u00edtulo consecutivo de Liga y ovacion\u00f3 a Heynckes. Los b\u00e1varos hicieron el tradicional ba\u00f1o de cerveza con el que festejan sus t\u00edtulos y aplaudieron a su compa\u00f1ero Robert Lewandowski por el tercer trofeo de m\u00e1ximo goleador, con 29 dianas.<\/p>\n<p>\u00abEl de hoy fue un partido raro\u00bb, valor\u00f3 el defensor Niklas S\u00fcle. \u00abHay d\u00edas como este\u00bb, coment\u00f3 Henyckes.<\/p>\n<p>Los muniqueses quedaron eliminados a manos del Real Madrid en las semifinales de la Liga de Campeones pero a\u00fan tienen por delante la final de la Copa Alemana, el 19 de mayo contra el Eintracht Frankfurt. \u00abEn Berl\u00edn ver\u00e1n a otro equipo del Bayern\u00bb, asegur\u00f3 el t\u00e9cnico.<\/p>\n<p>El Hoffenheim se asegur\u00f3 el tercer lugar, de acceso directo a la Liga de Campeones, con una victoria de 3-1 sobre el Borussia Dortmund, que acab\u00f3 cuarto y tambi\u00e9n tiene en la mano el pase a la Champions.<\/p>\n<p>\u00ab\u00a1Es incre\u00edble!\u00bb, celebr\u00f3 el joven entrenador del Hoffenheim, Julian Nagelsmann, sobre el tercer puesto. \u00abConseguir el tercer lugar en la Bundesliga es sensacional\u00bb, se felicit\u00f3 el mecenas del club, Dietmar Hopp, que espera poder retener a Nagelsmann ante la codicia de clubes de dentro y fuera de Alemania.<\/p>\n<p>\u00abAlivio es la palabra adecuada, pero que no podemos estar para nada satisfechos\u00bb, se quej\u00f3 el gerente del Dortmund, Joachim Watzke, sobre una temporada llena de altibajos.<\/p>\n<p>El t\u00e9cnico del Dortmund, el austriaco Peter St\u00f6ger, confirm\u00f3 tras el encuentro que dejaba el club. \u00abEste fue mi \u00faltimo partido oficial con el Dortmund, es algo que decidimos juntos hace un tiempo. Al plantel le vendr\u00e1 bien un nuevo est\u00edmulo y un nuevo t\u00e9cnico\u00bb, remarc\u00f3. Los medios especulan con el fichaje del suizo Lucien Favre.<\/p>\n<p>El quinto, Bayer Leverkusen, bati\u00f3 por 3-2 al Hannover con un doblete del argentino Lucas Alario -octavo y noveno gol de la campa\u00f1a- y podr\u00e1 jugar la Liga Europa junto con el Leipzig, que vapule\u00f3 por 6-2 al local Hertha Berl\u00edn.<\/p>\n<p>En los partidos restantes, el Freiburg venci\u00f3 por 2-0 al Augsburgo y qued\u00f3 decimoquinto. El subcampe\u00f3n, Schalke, bati\u00f3 por 1-0 al Eintracht Frankfurt y el Werder Bremen dobleg\u00f3 al Mainz por 2-1. Los encuentros se disputaron de forma simult\u00e1nea.<\/p>\n<\/div>\n","protected":false},"excerpt":{"rendered":"<p>Fuente Por Mar\u00eda Laura Ar\u00e1oz (dpa) Hamburgo, 12 may\u00a0(dpa)\u00a0&#8211;\u00a0Exactamente 54 a\u00f1os, 261 d\u00edas, 00 horas, 36 minutos y 02 segundos marc\u00f3 el reloj m\u00e1s famoso del f\u00fatbol alem\u00e1n al sonar hoy el pitido final&#46;&#46;&#46;<\/p>\n","protected":false},"author":31,"featured_media":4228,"comment_status":"open","ping_status":"open","sticky":false,"template":"","format":"standard","meta":{"_acf_changed":false,"rop_custom_images_group":[],"rop_custom_messages_group":[],"rop_publish_now":"initial","rop_publish_now_accounts":{"facebook_10219548024599422_1632221337088128":"","twitter_242054905_242054905":""},"rop_publish_now_history":[],"rop_publish_now_status":"pending","footnotes":""},"categories":[115,16],"tags":[423],"class_list":["post-4227","post","type-post","status-publish","format-standard","has-post-thumbnail","hentry","category-alemania","category-deportes","tag-hamburgo-futball"],"acf":[],"yoast_head":"<!-- This site is optimized with the Yoast SEO Premium plugin v24.9 (Yoast SEO v27.2) - https:\/\/yoast.com\/product\/yoast-seo-premium-wordpress\/ -->\n<title>Dinosaurio en extinci\u00f3n: Hamburgo cae por primera vez a segunda - Noti-America.com<\/title>\n<meta name=\"robots\" content=\"index, follow, max-snippet:-1, max-image-preview:large, max-video-preview:-1\" \/>\n<link rel=\"canonical\" href=\"https:\/\/noti-america.com\/site\/principal\/2018\/05\/12\/dinosaurio-en-extincion-hamburgo-cae-por-primera-vez-a-segunda\/\" \/>\n<meta property=\"og:locale\" content=\"es_ES\" \/>\n<meta property=\"og:type\" content=\"article\" \/>\n<meta property=\"og:title\" content=\"Dinosaurio en extinci\u00f3n: Hamburgo cae por primera vez a segunda\" \/>\n<meta property=\"og:description\" content=\"Fuente Por Mar\u00eda Laura Ar\u00e1oz (dpa) Hamburgo, 12 may\u00a0(dpa)\u00a0&#8211;\u00a0Exactamente 54 a\u00f1os, 261 d\u00edas, 00 horas, 36 minutos y 02 segundos marc\u00f3 el reloj m\u00e1s famoso del f\u00fatbol alem\u00e1n al sonar hoy el pitido final&#046;&#046;&#046;\" \/>\n<meta property=\"og:url\" content=\"https:\/\/noti-america.com\/site\/principal\/2018\/05\/12\/dinosaurio-en-extincion-hamburgo-cae-por-primera-vez-a-segunda\/\" \/>\n<meta property=\"og:site_name\" content=\"Noti-America.com\" \/>\n<meta property=\"article:published_time\" content=\"2018-05-12T20:23:55+00:00\" \/>\n<meta property=\"og:image\" content=\"https:\/\/noti-america.com\/site\/principal\/wp-content\/uploads\/sites\/26\/2018\/05\/hamburgo-descenso-alemania-futbol.jpg\" \/>\n\t<meta property=\"og:image:width\" content=\"770\" \/>\n\t<meta property=\"og:image:height\" content=\"401\" \/>\n\t<meta property=\"og:image:type\" content=\"image\/jpeg\" \/>\n<meta name=\"author\" content=\"Ydalith Figueroa Kad-Bay\" \/>\n<meta name=\"twitter:card\" content=\"summary_large_image\" \/>\n<meta name=\"twitter:creator\" content=\"@ydalithkad\" \/>\n<meta name=\"twitter:label1\" content=\"Escrito por\" \/>\n\t<meta name=\"twitter:data1\" content=\"Ydalith Figueroa Kad-Bay\" \/>\n\t<meta name=\"twitter:label2\" content=\"Tiempo estimado de lectura\" \/>\n\t<meta name=\"twitter:data2\" content=\"4 minutos\" \/>\n<script type=\"application\/ld+json\" class=\"yoast-schema-graph\">{\"@context\":\"https:\/\/schema.org\",\"@graph\":[{\"@type\":\"Article\",\"@id\":\"https:\/\/noti-america.com\/site\/principal\/2018\/05\/12\/dinosaurio-en-extincion-hamburgo-cae-por-primera-vez-a-segunda\/#article\",\"isPartOf\":{\"@id\":\"https:\/\/noti-america.com\/site\/principal\/2018\/05\/12\/dinosaurio-en-extincion-hamburgo-cae-por-primera-vez-a-segunda\/\"},\"author\":{\"name\":\"Ydalith Figueroa Kad-Bay\",\"@id\":\"https:\/\/noti-america.com\/site\/principal\/#\/schema\/person\/1a24e37c3c358f389f0a111448ddb870\"},\"headline\":\"Dinosaurio en extinci\u00f3n: Hamburgo cae por primera vez a segunda\",\"datePublished\":\"2018-05-12T20:23:55+00:00\",\"mainEntityOfPage\":{\"@id\":\"https:\/\/noti-america.com\/site\/principal\/2018\/05\/12\/dinosaurio-en-extincion-hamburgo-cae-por-primera-vez-a-segunda\/\"},\"wordCount\":877,\"commentCount\":0,\"image\":{\"@id\":\"https:\/\/noti-america.com\/site\/principal\/2018\/05\/12\/dinosaurio-en-extincion-hamburgo-cae-por-primera-vez-a-segunda\/#primaryimage\"},\"thumbnailUrl\":\"https:\/\/noti-america.com\/site\/principal\/wp-content\/uploads\/sites\/26\/2018\/05\/hamburgo-descenso-alemania-futbol.jpg\",\"keywords\":[\"Hamburgo Futball\"],\"articleSection\":[\"Alemania\",\"Deportes\"],\"inLanguage\":\"es\",\"potentialAction\":[{\"@type\":\"CommentAction\",\"name\":\"Comment\",\"target\":[\"https:\/\/noti-america.com\/site\/principal\/2018\/05\/12\/dinosaurio-en-extincion-hamburgo-cae-por-primera-vez-a-segunda\/#respond\"]}]},{\"@type\":\"WebPage\",\"@id\":\"https:\/\/noti-america.com\/site\/principal\/2018\/05\/12\/dinosaurio-en-extincion-hamburgo-cae-por-primera-vez-a-segunda\/\",\"url\":\"https:\/\/noti-america.com\/site\/principal\/2018\/05\/12\/dinosaurio-en-extincion-hamburgo-cae-por-primera-vez-a-segunda\/\",\"name\":\"Dinosaurio en extinci\u00f3n: Hamburgo cae por primera vez a segunda - Noti-America.com\",\"isPartOf\":{\"@id\":\"https:\/\/noti-america.com\/site\/principal\/#website\"},\"primaryImageOfPage\":{\"@id\":\"https:\/\/noti-america.com\/site\/principal\/2018\/05\/12\/dinosaurio-en-extincion-hamburgo-cae-por-primera-vez-a-segunda\/#primaryimage\"},\"image\":{\"@id\":\"https:\/\/noti-america.com\/site\/principal\/2018\/05\/12\/dinosaurio-en-extincion-hamburgo-cae-por-primera-vez-a-segunda\/#primaryimage\"},\"thumbnailUrl\":\"https:\/\/noti-america.com\/site\/principal\/wp-content\/uploads\/sites\/26\/2018\/05\/hamburgo-descenso-alemania-futbol.jpg\",\"datePublished\":\"2018-05-12T20:23:55+00:00\",\"author\":{\"@id\":\"https:\/\/noti-america.com\/site\/principal\/#\/schema\/person\/1a24e37c3c358f389f0a111448ddb870\"},\"breadcrumb\":{\"@id\":\"https:\/\/noti-america.com\/site\/principal\/2018\/05\/12\/dinosaurio-en-extincion-hamburgo-cae-por-primera-vez-a-segunda\/#breadcrumb\"},\"inLanguage\":\"es\",\"potentialAction\":[{\"@type\":\"ReadAction\",\"target\":[\"https:\/\/noti-america.com\/site\/principal\/2018\/05\/12\/dinosaurio-en-extincion-hamburgo-cae-por-primera-vez-a-segunda\/\"]}]},{\"@type\":\"ImageObject\",\"inLanguage\":\"es\",\"@id\":\"https:\/\/noti-america.com\/site\/principal\/2018\/05\/12\/dinosaurio-en-extincion-hamburgo-cae-por-primera-vez-a-segunda\/#primaryimage\",\"url\":\"https:\/\/noti-america.com\/site\/principal\/wp-content\/uploads\/sites\/26\/2018\/05\/hamburgo-descenso-alemania-futbol.jpg\",\"contentUrl\":\"https:\/\/noti-america.com\/site\/principal\/wp-content\/uploads\/sites\/26\/2018\/05\/hamburgo-descenso-alemania-futbol.jpg\",\"width\":770,\"height\":401},{\"@type\":\"BreadcrumbList\",\"@id\":\"https:\/\/noti-america.com\/site\/principal\/2018\/05\/12\/dinosaurio-en-extincion-hamburgo-cae-por-primera-vez-a-segunda\/#breadcrumb\",\"itemListElement\":[{\"@type\":\"ListItem\",\"position\":1,\"name\":\"Portada\",\"item\":\"https:\/\/noti-america.com\/site\/principal\/\"},{\"@type\":\"ListItem\",\"position\":2,\"name\":\"Dinosaurio en extinci\u00f3n: Hamburgo cae por primera vez a segunda\"}]},{\"@type\":\"WebSite\",\"@id\":\"https:\/\/noti-america.com\/site\/principal\/#website\",\"url\":\"https:\/\/noti-america.com\/site\/principal\/\",\"name\":\"Noti-America.com\",\"description\":\"El Noticiero Digital M\u00e1s Grande de Am\u00e9rica\",\"potentialAction\":[{\"@type\":\"SearchAction\",\"target\":{\"@type\":\"EntryPoint\",\"urlTemplate\":\"https:\/\/noti-america.com\/site\/principal\/?s={search_term_string}\"},\"query-input\":{\"@type\":\"PropertyValueSpecification\",\"valueRequired\":true,\"valueName\":\"search_term_string\"}}],\"inLanguage\":\"es\"},{\"@type\":\"Person\",\"@id\":\"https:\/\/noti-america.com\/site\/principal\/#\/schema\/person\/1a24e37c3c358f389f0a111448ddb870\",\"name\":\"Ydalith Figueroa Kad-Bay\",\"image\":{\"@type\":\"ImageObject\",\"inLanguage\":\"es\",\"@id\":\"https:\/\/secure.gravatar.com\/avatar\/7d1e350465afd215908c3ed413e32ef600cd41c3c21b95416252432a9f6c219c?s=96&d=mm&r=g\",\"url\":\"https:\/\/secure.gravatar.com\/avatar\/7d1e350465afd215908c3ed413e32ef600cd41c3c21b95416252432a9f6c219c?s=96&d=mm&r=g\",\"contentUrl\":\"https:\/\/secure.gravatar.com\/avatar\/7d1e350465afd215908c3ed413e32ef600cd41c3c21b95416252432a9f6c219c?s=96&d=mm&r=g\",\"caption\":\"Ydalith Figueroa Kad-Bay\"},\"description\":\"CEO Noti-America Alemania Embajadora de Venezuela para el Proyecto de Acci\u00f3n Clim\u00e1tica de la ONU, Embajadora para la ense\u00f1anza de los ODS de la ONU, Amplificador de la Acci\u00f3n de los ODS de la ONU, Profesor Voluntario del Proyecto KAKUMA (Educaci\u00f3n de calidad para refugiados en \u00c1frica) UNHCR \u2013 ACNUR - Agencia para los refugiados de la ONU-, Miembro de la ONG Gente Y Ciudad, Embajador de las Instituciones de Microfinanzas \u201cNo a la pobreza ODS #1 de la ONU\u201d (todos tienen derecho a acceso a un cr\u00e9dito), y Voluntario al di\u00e1logo global de UN75. Twitter @ydalithkad email ydalith@yhaoo.com Locutor Profesional 32931 Universidad Central de Venezuela @ISHannover \\\"Colegio Internacional de Hannover Regi\u00f3n, Alemania\\\" Representante de Aprendizaje Innovaci\u00f3n y Tecnolog\u00eda #LMS (Sistema de Gesti\u00f3n de Aprendizaje) #LMS Gente y Ciudad &amp; Asesores Internacionales ONG Alemania. ONG \\\"Gente y Ciudad, Venezuela\\\" Miembro y Asesor especialista An\u00e1lisis de Pol\u00edtica Internacional Asesor Pol\u00edtico Internacional de Venezuela en la defensa de los Derechos Humanos y el restablecimiento Democr\u00e1tico. Diplomacia positiva y Activa. Pasi\u00f3n por el Golf Proyecto #LMS \\\"Golf para ni\u00f1os y adultos Internacional\\\" Pasi\u00f3n por los Postres Proyecto #LMS \\\"Postres, Que Unen a las Culturas del mundo\\\"\",\"sameAs\":[\"https:\/\/x.com\/ydalithkad\"],\"url\":\"https:\/\/noti-america.com\/site\/principal\/author\/yfigueroa\/\"}]}<\/script>\n<!-- \/ Yoast SEO Premium plugin. -->","yoast_head_json":{"title":"Dinosaurio en extinci\u00f3n: Hamburgo cae por primera vez a segunda - Noti-America.com","robots":{"index":"index","follow":"follow","max-snippet":"max-snippet:-1","max-image-preview":"max-image-preview:large","max-video-preview":"max-video-preview:-1"},"canonical":"https:\/\/noti-america.com\/site\/principal\/2018\/05\/12\/dinosaurio-en-extincion-hamburgo-cae-por-primera-vez-a-segunda\/","og_locale":"es_ES","og_type":"article","og_title":"Dinosaurio en extinci\u00f3n: Hamburgo cae por primera vez a segunda","og_description":"Fuente Por Mar\u00eda Laura Ar\u00e1oz (dpa) Hamburgo, 12 may\u00a0(dpa)\u00a0&#8211;\u00a0Exactamente 54 a\u00f1os, 261 d\u00edas, 00 horas, 36 minutos y 02 segundos marc\u00f3 el reloj m\u00e1s famoso del f\u00fatbol alem\u00e1n al sonar hoy el pitido final&#46;&#46;&#46;","og_url":"https:\/\/noti-america.com\/site\/principal\/2018\/05\/12\/dinosaurio-en-extincion-hamburgo-cae-por-primera-vez-a-segunda\/","og_site_name":"Noti-America.com","article_published_time":"2018-05-12T20:23:55+00:00","og_image":[{"width":770,"height":401,"url":"https:\/\/noti-america.com\/site\/principal\/wp-content\/uploads\/sites\/26\/2018\/05\/hamburgo-descenso-alemania-futbol.jpg","type":"image\/jpeg"}],"author":"Ydalith Figueroa Kad-Bay","twitter_card":"summary_large_image","twitter_creator":"@ydalithkad","twitter_misc":{"Escrito por":"Ydalith Figueroa Kad-Bay","Tiempo estimado de lectura":"4 minutos"},"schema":{"@context":"https:\/\/schema.org","@graph":[{"@type":"Article","@id":"https:\/\/noti-america.com\/site\/principal\/2018\/05\/12\/dinosaurio-en-extincion-hamburgo-cae-por-primera-vez-a-segunda\/#article","isPartOf":{"@id":"https:\/\/noti-america.com\/site\/principal\/2018\/05\/12\/dinosaurio-en-extincion-hamburgo-cae-por-primera-vez-a-segunda\/"},"author":{"name":"Ydalith Figueroa Kad-Bay","@id":"https:\/\/noti-america.com\/site\/principal\/#\/schema\/person\/1a24e37c3c358f389f0a111448ddb870"},"headline":"Dinosaurio en extinci\u00f3n: Hamburgo cae por primera vez a segunda","datePublished":"2018-05-12T20:23:55+00:00","mainEntityOfPage":{"@id":"https:\/\/noti-america.com\/site\/principal\/2018\/05\/12\/dinosaurio-en-extincion-hamburgo-cae-por-primera-vez-a-segunda\/"},"wordCount":877,"commentCount":0,"image":{"@id":"https:\/\/noti-america.com\/site\/principal\/2018\/05\/12\/dinosaurio-en-extincion-hamburgo-cae-por-primera-vez-a-segunda\/#primaryimage"},"thumbnailUrl":"https:\/\/noti-america.com\/site\/principal\/wp-content\/uploads\/sites\/26\/2018\/05\/hamburgo-descenso-alemania-futbol.jpg","keywords":["Hamburgo Futball"],"articleSection":["Alemania","Deportes"],"inLanguage":"es","potentialAction":[{"@type":"CommentAction","name":"Comment","target":["https:\/\/noti-america.com\/site\/principal\/2018\/05\/12\/dinosaurio-en-extincion-hamburgo-cae-por-primera-vez-a-segunda\/#respond"]}]},{"@type":"WebPage","@id":"https:\/\/noti-america.com\/site\/principal\/2018\/05\/12\/dinosaurio-en-extincion-hamburgo-cae-por-primera-vez-a-segunda\/","url":"https:\/\/noti-america.com\/site\/principal\/2018\/05\/12\/dinosaurio-en-extincion-hamburgo-cae-por-primera-vez-a-segunda\/","name":"Dinosaurio en extinci\u00f3n: Hamburgo cae por primera vez a segunda - Noti-America.com","isPartOf":{"@id":"https:\/\/noti-america.com\/site\/principal\/#website"},"primaryImageOfPage":{"@id":"https:\/\/noti-america.com\/site\/principal\/2018\/05\/12\/dinosaurio-en-extincion-hamburgo-cae-por-primera-vez-a-segunda\/#primaryimage"},"image":{"@id":"https:\/\/noti-america.com\/site\/principal\/2018\/05\/12\/dinosaurio-en-extincion-hamburgo-cae-por-primera-vez-a-segunda\/#primaryimage"},"thumbnailUrl":"https:\/\/noti-america.com\/site\/principal\/wp-content\/uploads\/sites\/26\/2018\/05\/hamburgo-descenso-alemania-futbol.jpg","datePublished":"2018-05-12T20:23:55+00:00","author":{"@id":"https:\/\/noti-america.com\/site\/principal\/#\/schema\/person\/1a24e37c3c358f389f0a111448ddb870"},"breadcrumb":{"@id":"https:\/\/noti-america.com\/site\/principal\/2018\/05\/12\/dinosaurio-en-extincion-hamburgo-cae-por-primera-vez-a-segunda\/#breadcrumb"},"inLanguage":"es","potentialAction":[{"@type":"ReadAction","target":["https:\/\/noti-america.com\/site\/principal\/2018\/05\/12\/dinosaurio-en-extincion-hamburgo-cae-por-primera-vez-a-segunda\/"]}]},{"@type":"ImageObject","inLanguage":"es","@id":"https:\/\/noti-america.com\/site\/principal\/2018\/05\/12\/dinosaurio-en-extincion-hamburgo-cae-por-primera-vez-a-segunda\/#primaryimage","url":"https:\/\/noti-america.com\/site\/principal\/wp-content\/uploads\/sites\/26\/2018\/05\/hamburgo-descenso-alemania-futbol.jpg","contentUrl":"https:\/\/noti-america.com\/site\/principal\/wp-content\/uploads\/sites\/26\/2018\/05\/hamburgo-descenso-alemania-futbol.jpg","width":770,"height":401},{"@type":"BreadcrumbList","@id":"https:\/\/noti-america.com\/site\/principal\/2018\/05\/12\/dinosaurio-en-extincion-hamburgo-cae-por-primera-vez-a-segunda\/#breadcrumb","itemListElement":[{"@type":"ListItem","position":1,"name":"Portada","item":"https:\/\/noti-america.com\/site\/principal\/"},{"@type":"ListItem","position":2,"name":"Dinosaurio en extinci\u00f3n: Hamburgo cae por primera vez a segunda"}]},{"@type":"WebSite","@id":"https:\/\/noti-america.com\/site\/principal\/#website","url":"https:\/\/noti-america.com\/site\/principal\/","name":"Noti-America.com","description":"El Noticiero Digital M\u00e1s Grande de Am\u00e9rica","potentialAction":[{"@type":"SearchAction","target":{"@type":"EntryPoint","urlTemplate":"https:\/\/noti-america.com\/site\/principal\/?s={search_term_string}"},"query-input":{"@type":"PropertyValueSpecification","valueRequired":true,"valueName":"search_term_string"}}],"inLanguage":"es"},{"@type":"Person","@id":"https:\/\/noti-america.com\/site\/principal\/#\/schema\/person\/1a24e37c3c358f389f0a111448ddb870","name":"Ydalith Figueroa Kad-Bay","image":{"@type":"ImageObject","inLanguage":"es","@id":"https:\/\/secure.gravatar.com\/avatar\/7d1e350465afd215908c3ed413e32ef600cd41c3c21b95416252432a9f6c219c?s=96&d=mm&r=g","url":"https:\/\/secure.gravatar.com\/avatar\/7d1e350465afd215908c3ed413e32ef600cd41c3c21b95416252432a9f6c219c?s=96&d=mm&r=g","contentUrl":"https:\/\/secure.gravatar.com\/avatar\/7d1e350465afd215908c3ed413e32ef600cd41c3c21b95416252432a9f6c219c?s=96&d=mm&r=g","caption":"Ydalith Figueroa Kad-Bay"},"description":"CEO Noti-America Alemania Embajadora de Venezuela para el Proyecto de Acci\u00f3n Clim\u00e1tica de la ONU, Embajadora para la ense\u00f1anza de los ODS de la ONU, Amplificador de la Acci\u00f3n de los ODS de la ONU, Profesor Voluntario del Proyecto KAKUMA (Educaci\u00f3n de calidad para refugiados en \u00c1frica) UNHCR \u2013 ACNUR - Agencia para los refugiados de la ONU-, Miembro de la ONG Gente Y Ciudad, Embajador de las Instituciones de Microfinanzas \u201cNo a la pobreza ODS #1 de la ONU\u201d (todos tienen derecho a acceso a un cr\u00e9dito), y Voluntario al di\u00e1logo global de UN75. Twitter @ydalithkad email ydalith@yhaoo.com Locutor Profesional 32931 Universidad Central de Venezuela @ISHannover \"Colegio Internacional de Hannover Regi\u00f3n, Alemania\" Representante de Aprendizaje Innovaci\u00f3n y Tecnolog\u00eda #LMS (Sistema de Gesti\u00f3n de Aprendizaje) #LMS Gente y Ciudad &amp; Asesores Internacionales ONG Alemania. ONG \"Gente y Ciudad, Venezuela\" Miembro y Asesor especialista An\u00e1lisis de Pol\u00edtica Internacional Asesor Pol\u00edtico Internacional de Venezuela en la defensa de los Derechos Humanos y el restablecimiento Democr\u00e1tico. Diplomacia positiva y Activa. Pasi\u00f3n por el Golf Proyecto #LMS \"Golf para ni\u00f1os y adultos Internacional\" Pasi\u00f3n por los Postres Proyecto #LMS \"Postres, Que Unen a las Culturas del mundo\"","sameAs":["https:\/\/x.com\/ydalithkad"],"url":"https:\/\/noti-america.com\/site\/principal\/author\/yfigueroa\/"}]}},"_links":{"self":[{"href":"https:\/\/noti-america.com\/site\/principal\/wp-json\/wp\/v2\/posts\/4227","targetHints":{"allow":["GET"]}}],"collection":[{"href":"https:\/\/noti-america.com\/site\/principal\/wp-json\/wp\/v2\/posts"}],"about":[{"href":"https:\/\/noti-america.com\/site\/principal\/wp-json\/wp\/v2\/types\/post"}],"author":[{"embeddable":true,"href":"https:\/\/noti-america.com\/site\/principal\/wp-json\/wp\/v2\/users\/31"}],"replies":[{"embeddable":true,"href":"https:\/\/noti-america.com\/site\/principal\/wp-json\/wp\/v2\/comments?post=4227"}],"version-history":[{"count":1,"href":"https:\/\/noti-america.com\/site\/principal\/wp-json\/wp\/v2\/posts\/4227\/revisions"}],"predecessor-version":[{"id":4229,"href":"https:\/\/noti-america.com\/site\/principal\/wp-json\/wp\/v2\/posts\/4227\/revisions\/4229"}],"wp:featuredmedia":[{"embeddable":true,"href":"https:\/\/noti-america.com\/site\/principal\/wp-json\/wp\/v2\/media\/4228"}],"wp:attachment":[{"href":"https:\/\/noti-america.com\/site\/principal\/wp-json\/wp\/v2\/media?parent=4227"}],"wp:term":[{"taxonomy":"category","embeddable":true,"href":"https:\/\/noti-america.com\/site\/principal\/wp-json\/wp\/v2\/categories?post=4227"},{"taxonomy":"post_tag","embeddable":true,"href":"https:\/\/noti-america.com\/site\/principal\/wp-json\/wp\/v2\/tags?post=4227"}],"curies":[{"name":"wp","href":"https:\/\/api.w.org\/{rel}","templated":true}]}}