{"id":4210,"date":"2018-05-11T20:44:22","date_gmt":"2018-05-11T20:44:22","guid":{"rendered":"http:\/\/noti-america.com\/site\/alemania\/?p=4210"},"modified":"2018-05-11T20:44:22","modified_gmt":"2018-05-11T20:44:22","slug":"el-festival-de-bayreuth-estrenara-su-primera-opera-desde-1882","status":"publish","type":"post","link":"https:\/\/noti-america.com\/site\/principal\/2018\/05\/11\/el-festival-de-bayreuth-estrenara-su-primera-opera-desde-1882\/","title":{"rendered":"El Festival de Bayreuth estrenar\u00e1 su primera \u00f3pera desde 1882"},"content":{"rendered":"<p><em><strong>Fuente (dpa)<\/strong><\/em><\/p>\n<p><span class=\"dateline\">Bayreuth (Alemania)\u00a0&#8211;\u00a0<\/span>Por primera vez desde que se estren\u00f3 \u00abParsifal\u00bb de Richard Wagner en 1882, el festival alem\u00e1n de Bayreuth planea este verano estrenar una nueva \u00f3pera. Se trata de \u00abder verschwundene hochzeiter\u00bb(el prometido desaparecido) de Klaus Lang, basada en una leyenda austr\u00edaca, que formar\u00e1 parte del programa \u00abDiskurs Bayreuth\u00bb, paralelo a la programaci\u00f3n del mundialmente famoso festival wagneriano de m\u00fasica anual.<\/p>\n<p>Sin embargo, la \u00f3pera no se representar\u00e1 en el Festspielhaus de Bayreuth (teatro y escenario central del festival) sino en un cine hist\u00f3rico de la ciudad de la regi\u00f3n alemana de Baviera, en el sur del pa\u00eds.<\/p>\n<p>El estreno representa una expansi\u00f3n de la oferta art\u00edstica del Festival de Bayreuth, dijo un portavoz, agregando que el festival no hab\u00eda sido concebido para preservar lo establecido, sino para probar algo nuevo.<\/p>\n<p>La direcci\u00f3n art\u00edstica correr\u00e1 a cargo de Paul Esterhazy, mientras que el videoartista Friedrich Zorn tambi\u00e9n interviene en la producci\u00f3n de la obra que se estrenar\u00e1 el 24 de julio, un d\u00eda antes de que comience el festival principal.<\/p>\n<p>La edici\u00f3n 2018 del festival se centrar\u00e1 en las \u00faltimas diez \u00f3peras escritas por el compositor alem\u00e1n Richard Wagner (1813-1883).<\/p>\n<p>Las obras de otros compositores rara vez se escenifican en el Festspielhaus de Bayreuth. El a\u00f1o pasado fue el caso coincidiendo con el centenario del nacimiento del antiguo director del festival Wieland Wagner.<\/p>\n<p>En esa ocasi\u00f3n, obras de Giuseppe Verdi y Alban Berg se sumaron a la m\u00fasica de Richard Wagner en el escenario principal del festival alem\u00e1n.<\/p>\n","protected":false},"excerpt":{"rendered":"<p>Fuente (dpa) Bayreuth (Alemania)\u00a0&#8211;\u00a0Por primera vez desde que se estren\u00f3 \u00abParsifal\u00bb de Richard Wagner en 1882, el festival alem\u00e1n de Bayreuth planea este verano estrenar una nueva \u00f3pera. Se trata de \u00abder verschwundene hochzeiter\u00bb(el&#46;&#46;&#46;<\/p>\n","protected":false},"author":31,"featured_media":4212,"comment_status":"open","ping_status":"open","sticky":false,"template":"","format":"standard","meta":{"_acf_changed":false,"rop_custom_images_group":[],"rop_custom_messages_group":[],"rop_publish_now":"initial","rop_publish_now_accounts":{"facebook_10219548024599422_1632221337088128":"","twitter_242054905_242054905":""},"rop_publish_now_history":[],"rop_publish_now_status":"pending","footnotes":""},"categories":[115,8,4],"tags":[420],"class_list":["post-4210","post","type-post","status-publish","format-standard","has-post-thumbnail","hentry","category-alemania","category-arte-y-espectaculos","category-internacionales","tag-opera-desde-1882"],"acf":[],"yoast_head":"<!-- This site is optimized with the Yoast SEO Premium plugin v24.9 (Yoast SEO v27.2) - https:\/\/yoast.com\/product\/yoast-seo-premium-wordpress\/ -->\n<title>El Festival de Bayreuth estrenar\u00e1 su primera \u00f3pera desde 1882 - Noti-America.com<\/title>\n<meta name=\"robots\" content=\"index, follow, max-snippet:-1, max-image-preview:large, max-video-preview:-1\" \/>\n<link rel=\"canonical\" href=\"https:\/\/noti-america.com\/site\/principal\/2018\/05\/11\/el-festival-de-bayreuth-estrenara-su-primera-opera-desde-1882\/\" \/>\n<meta property=\"og:locale\" content=\"es_ES\" \/>\n<meta property=\"og:type\" content=\"article\" \/>\n<meta property=\"og:title\" content=\"El Festival de Bayreuth estrenar\u00e1 su primera \u00f3pera desde 1882\" \/>\n<meta property=\"og:description\" content=\"Fuente (dpa) Bayreuth (Alemania)\u00a0&#8211;\u00a0Por primera vez desde que se estren\u00f3 \u00abParsifal\u00bb de Richard Wagner en 1882, el festival alem\u00e1n de Bayreuth planea este verano estrenar una nueva \u00f3pera. Se trata de \u00abder verschwundene hochzeiter\u00bb(el&#046;&#046;&#046;\" \/>\n<meta property=\"og:url\" content=\"https:\/\/noti-america.com\/site\/principal\/2018\/05\/11\/el-festival-de-bayreuth-estrenara-su-primera-opera-desde-1882\/\" \/>\n<meta property=\"og:site_name\" content=\"Noti-America.com\" \/>\n<meta property=\"article:published_time\" content=\"2018-05-11T20:44:22+00:00\" \/>\n<meta property=\"og:image\" content=\"https:\/\/noti-america.com\/site\/principal\/wp-content\/uploads\/sites\/26\/2018\/05\/KlausLang-750.png\" \/>\n\t<meta property=\"og:image:width\" content=\"750\" \/>\n\t<meta property=\"og:image:height\" content=\"454\" \/>\n\t<meta property=\"og:image:type\" content=\"image\/png\" \/>\n<meta name=\"author\" content=\"Ydalith Figueroa Kad-Bay\" \/>\n<meta name=\"twitter:card\" content=\"summary_large_image\" \/>\n<meta name=\"twitter:creator\" content=\"@ydalithkad\" \/>\n<meta name=\"twitter:label1\" content=\"Escrito por\" \/>\n\t<meta name=\"twitter:data1\" content=\"Ydalith Figueroa Kad-Bay\" \/>\n\t<meta name=\"twitter:label2\" content=\"Tiempo estimado de lectura\" \/>\n\t<meta name=\"twitter:data2\" content=\"1 minuto\" \/>\n<script type=\"application\/ld+json\" class=\"yoast-schema-graph\">{\"@context\":\"https:\/\/schema.org\",\"@graph\":[{\"@type\":\"Article\",\"@id\":\"https:\/\/noti-america.com\/site\/principal\/2018\/05\/11\/el-festival-de-bayreuth-estrenara-su-primera-opera-desde-1882\/#article\",\"isPartOf\":{\"@id\":\"https:\/\/noti-america.com\/site\/principal\/2018\/05\/11\/el-festival-de-bayreuth-estrenara-su-primera-opera-desde-1882\/\"},\"author\":{\"name\":\"Ydalith Figueroa Kad-Bay\",\"@id\":\"https:\/\/noti-america.com\/site\/principal\/#\/schema\/person\/1a24e37c3c358f389f0a111448ddb870\"},\"headline\":\"El Festival de Bayreuth estrenar\u00e1 su primera \u00f3pera desde 1882\",\"datePublished\":\"2018-05-11T20:44:22+00:00\",\"mainEntityOfPage\":{\"@id\":\"https:\/\/noti-america.com\/site\/principal\/2018\/05\/11\/el-festival-de-bayreuth-estrenara-su-primera-opera-desde-1882\/\"},\"wordCount\":280,\"commentCount\":0,\"image\":{\"@id\":\"https:\/\/noti-america.com\/site\/principal\/2018\/05\/11\/el-festival-de-bayreuth-estrenara-su-primera-opera-desde-1882\/#primaryimage\"},\"thumbnailUrl\":\"https:\/\/noti-america.com\/site\/principal\/wp-content\/uploads\/sites\/26\/2018\/05\/KlausLang-750.png\",\"keywords\":[\"\u00f3pera desde 1882\"],\"articleSection\":[\"Alemania\",\"Arte y Espect\u00e1culos\",\"Internacionales\"],\"inLanguage\":\"es\",\"potentialAction\":[{\"@type\":\"CommentAction\",\"name\":\"Comment\",\"target\":[\"https:\/\/noti-america.com\/site\/principal\/2018\/05\/11\/el-festival-de-bayreuth-estrenara-su-primera-opera-desde-1882\/#respond\"]}]},{\"@type\":\"WebPage\",\"@id\":\"https:\/\/noti-america.com\/site\/principal\/2018\/05\/11\/el-festival-de-bayreuth-estrenara-su-primera-opera-desde-1882\/\",\"url\":\"https:\/\/noti-america.com\/site\/principal\/2018\/05\/11\/el-festival-de-bayreuth-estrenara-su-primera-opera-desde-1882\/\",\"name\":\"El Festival de Bayreuth estrenar\u00e1 su primera \u00f3pera desde 1882 - Noti-America.com\",\"isPartOf\":{\"@id\":\"https:\/\/noti-america.com\/site\/principal\/#website\"},\"primaryImageOfPage\":{\"@id\":\"https:\/\/noti-america.com\/site\/principal\/2018\/05\/11\/el-festival-de-bayreuth-estrenara-su-primera-opera-desde-1882\/#primaryimage\"},\"image\":{\"@id\":\"https:\/\/noti-america.com\/site\/principal\/2018\/05\/11\/el-festival-de-bayreuth-estrenara-su-primera-opera-desde-1882\/#primaryimage\"},\"thumbnailUrl\":\"https:\/\/noti-america.com\/site\/principal\/wp-content\/uploads\/sites\/26\/2018\/05\/KlausLang-750.png\",\"datePublished\":\"2018-05-11T20:44:22+00:00\",\"author\":{\"@id\":\"https:\/\/noti-america.com\/site\/principal\/#\/schema\/person\/1a24e37c3c358f389f0a111448ddb870\"},\"breadcrumb\":{\"@id\":\"https:\/\/noti-america.com\/site\/principal\/2018\/05\/11\/el-festival-de-bayreuth-estrenara-su-primera-opera-desde-1882\/#breadcrumb\"},\"inLanguage\":\"es\",\"potentialAction\":[{\"@type\":\"ReadAction\",\"target\":[\"https:\/\/noti-america.com\/site\/principal\/2018\/05\/11\/el-festival-de-bayreuth-estrenara-su-primera-opera-desde-1882\/\"]}]},{\"@type\":\"ImageObject\",\"inLanguage\":\"es\",\"@id\":\"https:\/\/noti-america.com\/site\/principal\/2018\/05\/11\/el-festival-de-bayreuth-estrenara-su-primera-opera-desde-1882\/#primaryimage\",\"url\":\"https:\/\/noti-america.com\/site\/principal\/wp-content\/uploads\/sites\/26\/2018\/05\/KlausLang-750.png\",\"contentUrl\":\"https:\/\/noti-america.com\/site\/principal\/wp-content\/uploads\/sites\/26\/2018\/05\/KlausLang-750.png\",\"width\":750,\"height\":454},{\"@type\":\"BreadcrumbList\",\"@id\":\"https:\/\/noti-america.com\/site\/principal\/2018\/05\/11\/el-festival-de-bayreuth-estrenara-su-primera-opera-desde-1882\/#breadcrumb\",\"itemListElement\":[{\"@type\":\"ListItem\",\"position\":1,\"name\":\"Portada\",\"item\":\"https:\/\/noti-america.com\/site\/principal\/\"},{\"@type\":\"ListItem\",\"position\":2,\"name\":\"El Festival de Bayreuth estrenar\u00e1 su primera \u00f3pera desde 1882\"}]},{\"@type\":\"WebSite\",\"@id\":\"https:\/\/noti-america.com\/site\/principal\/#website\",\"url\":\"https:\/\/noti-america.com\/site\/principal\/\",\"name\":\"Noti-America.com\",\"description\":\"El Noticiero Digital M\u00e1s Grande de Am\u00e9rica\",\"potentialAction\":[{\"@type\":\"SearchAction\",\"target\":{\"@type\":\"EntryPoint\",\"urlTemplate\":\"https:\/\/noti-america.com\/site\/principal\/?s={search_term_string}\"},\"query-input\":{\"@type\":\"PropertyValueSpecification\",\"valueRequired\":true,\"valueName\":\"search_term_string\"}}],\"inLanguage\":\"es\"},{\"@type\":\"Person\",\"@id\":\"https:\/\/noti-america.com\/site\/principal\/#\/schema\/person\/1a24e37c3c358f389f0a111448ddb870\",\"name\":\"Ydalith Figueroa Kad-Bay\",\"image\":{\"@type\":\"ImageObject\",\"inLanguage\":\"es\",\"@id\":\"https:\/\/secure.gravatar.com\/avatar\/7d1e350465afd215908c3ed413e32ef600cd41c3c21b95416252432a9f6c219c?s=96&d=mm&r=g\",\"url\":\"https:\/\/secure.gravatar.com\/avatar\/7d1e350465afd215908c3ed413e32ef600cd41c3c21b95416252432a9f6c219c?s=96&d=mm&r=g\",\"contentUrl\":\"https:\/\/secure.gravatar.com\/avatar\/7d1e350465afd215908c3ed413e32ef600cd41c3c21b95416252432a9f6c219c?s=96&d=mm&r=g\",\"caption\":\"Ydalith Figueroa Kad-Bay\"},\"description\":\"CEO Noti-America Alemania Embajadora de Venezuela para el Proyecto de Acci\u00f3n Clim\u00e1tica de la ONU, Embajadora para la ense\u00f1anza de los ODS de la ONU, Amplificador de la Acci\u00f3n de los ODS de la ONU, Profesor Voluntario del Proyecto KAKUMA (Educaci\u00f3n de calidad para refugiados en \u00c1frica) UNHCR \u2013 ACNUR - Agencia para los refugiados de la ONU-, Miembro de la ONG Gente Y Ciudad, Embajador de las Instituciones de Microfinanzas \u201cNo a la pobreza ODS #1 de la ONU\u201d (todos tienen derecho a acceso a un cr\u00e9dito), y Voluntario al di\u00e1logo global de UN75. Twitter @ydalithkad email ydalith@yhaoo.com Locutor Profesional 32931 Universidad Central de Venezuela @ISHannover \\\"Colegio Internacional de Hannover Regi\u00f3n, Alemania\\\" Representante de Aprendizaje Innovaci\u00f3n y Tecnolog\u00eda #LMS (Sistema de Gesti\u00f3n de Aprendizaje) #LMS Gente y Ciudad &amp; Asesores Internacionales ONG Alemania. ONG \\\"Gente y Ciudad, Venezuela\\\" Miembro y Asesor especialista An\u00e1lisis de Pol\u00edtica Internacional Asesor Pol\u00edtico Internacional de Venezuela en la defensa de los Derechos Humanos y el restablecimiento Democr\u00e1tico. Diplomacia positiva y Activa. Pasi\u00f3n por el Golf Proyecto #LMS \\\"Golf para ni\u00f1os y adultos Internacional\\\" Pasi\u00f3n por los Postres Proyecto #LMS \\\"Postres, Que Unen a las Culturas del mundo\\\"\",\"sameAs\":[\"https:\/\/x.com\/ydalithkad\"],\"url\":\"https:\/\/noti-america.com\/site\/principal\/author\/yfigueroa\/\"}]}<\/script>\n<!-- \/ Yoast SEO Premium plugin. -->","yoast_head_json":{"title":"El Festival de Bayreuth estrenar\u00e1 su primera \u00f3pera desde 1882 - Noti-America.com","robots":{"index":"index","follow":"follow","max-snippet":"max-snippet:-1","max-image-preview":"max-image-preview:large","max-video-preview":"max-video-preview:-1"},"canonical":"https:\/\/noti-america.com\/site\/principal\/2018\/05\/11\/el-festival-de-bayreuth-estrenara-su-primera-opera-desde-1882\/","og_locale":"es_ES","og_type":"article","og_title":"El Festival de Bayreuth estrenar\u00e1 su primera \u00f3pera desde 1882","og_description":"Fuente (dpa) Bayreuth (Alemania)\u00a0&#8211;\u00a0Por primera vez desde que se estren\u00f3 \u00abParsifal\u00bb de Richard Wagner en 1882, el festival alem\u00e1n de Bayreuth planea este verano estrenar una nueva \u00f3pera. Se trata de \u00abder verschwundene hochzeiter\u00bb(el&#46;&#46;&#46;","og_url":"https:\/\/noti-america.com\/site\/principal\/2018\/05\/11\/el-festival-de-bayreuth-estrenara-su-primera-opera-desde-1882\/","og_site_name":"Noti-America.com","article_published_time":"2018-05-11T20:44:22+00:00","og_image":[{"width":750,"height":454,"url":"https:\/\/noti-america.com\/site\/principal\/wp-content\/uploads\/sites\/26\/2018\/05\/KlausLang-750.png","type":"image\/png"}],"author":"Ydalith Figueroa Kad-Bay","twitter_card":"summary_large_image","twitter_creator":"@ydalithkad","twitter_misc":{"Escrito por":"Ydalith Figueroa Kad-Bay","Tiempo estimado de lectura":"1 minuto"},"schema":{"@context":"https:\/\/schema.org","@graph":[{"@type":"Article","@id":"https:\/\/noti-america.com\/site\/principal\/2018\/05\/11\/el-festival-de-bayreuth-estrenara-su-primera-opera-desde-1882\/#article","isPartOf":{"@id":"https:\/\/noti-america.com\/site\/principal\/2018\/05\/11\/el-festival-de-bayreuth-estrenara-su-primera-opera-desde-1882\/"},"author":{"name":"Ydalith Figueroa Kad-Bay","@id":"https:\/\/noti-america.com\/site\/principal\/#\/schema\/person\/1a24e37c3c358f389f0a111448ddb870"},"headline":"El Festival de Bayreuth estrenar\u00e1 su primera \u00f3pera desde 1882","datePublished":"2018-05-11T20:44:22+00:00","mainEntityOfPage":{"@id":"https:\/\/noti-america.com\/site\/principal\/2018\/05\/11\/el-festival-de-bayreuth-estrenara-su-primera-opera-desde-1882\/"},"wordCount":280,"commentCount":0,"image":{"@id":"https:\/\/noti-america.com\/site\/principal\/2018\/05\/11\/el-festival-de-bayreuth-estrenara-su-primera-opera-desde-1882\/#primaryimage"},"thumbnailUrl":"https:\/\/noti-america.com\/site\/principal\/wp-content\/uploads\/sites\/26\/2018\/05\/KlausLang-750.png","keywords":["\u00f3pera desde 1882"],"articleSection":["Alemania","Arte y Espect\u00e1culos","Internacionales"],"inLanguage":"es","potentialAction":[{"@type":"CommentAction","name":"Comment","target":["https:\/\/noti-america.com\/site\/principal\/2018\/05\/11\/el-festival-de-bayreuth-estrenara-su-primera-opera-desde-1882\/#respond"]}]},{"@type":"WebPage","@id":"https:\/\/noti-america.com\/site\/principal\/2018\/05\/11\/el-festival-de-bayreuth-estrenara-su-primera-opera-desde-1882\/","url":"https:\/\/noti-america.com\/site\/principal\/2018\/05\/11\/el-festival-de-bayreuth-estrenara-su-primera-opera-desde-1882\/","name":"El Festival de Bayreuth estrenar\u00e1 su primera \u00f3pera desde 1882 - Noti-America.com","isPartOf":{"@id":"https:\/\/noti-america.com\/site\/principal\/#website"},"primaryImageOfPage":{"@id":"https:\/\/noti-america.com\/site\/principal\/2018\/05\/11\/el-festival-de-bayreuth-estrenara-su-primera-opera-desde-1882\/#primaryimage"},"image":{"@id":"https:\/\/noti-america.com\/site\/principal\/2018\/05\/11\/el-festival-de-bayreuth-estrenara-su-primera-opera-desde-1882\/#primaryimage"},"thumbnailUrl":"https:\/\/noti-america.com\/site\/principal\/wp-content\/uploads\/sites\/26\/2018\/05\/KlausLang-750.png","datePublished":"2018-05-11T20:44:22+00:00","author":{"@id":"https:\/\/noti-america.com\/site\/principal\/#\/schema\/person\/1a24e37c3c358f389f0a111448ddb870"},"breadcrumb":{"@id":"https:\/\/noti-america.com\/site\/principal\/2018\/05\/11\/el-festival-de-bayreuth-estrenara-su-primera-opera-desde-1882\/#breadcrumb"},"inLanguage":"es","potentialAction":[{"@type":"ReadAction","target":["https:\/\/noti-america.com\/site\/principal\/2018\/05\/11\/el-festival-de-bayreuth-estrenara-su-primera-opera-desde-1882\/"]}]},{"@type":"ImageObject","inLanguage":"es","@id":"https:\/\/noti-america.com\/site\/principal\/2018\/05\/11\/el-festival-de-bayreuth-estrenara-su-primera-opera-desde-1882\/#primaryimage","url":"https:\/\/noti-america.com\/site\/principal\/wp-content\/uploads\/sites\/26\/2018\/05\/KlausLang-750.png","contentUrl":"https:\/\/noti-america.com\/site\/principal\/wp-content\/uploads\/sites\/26\/2018\/05\/KlausLang-750.png","width":750,"height":454},{"@type":"BreadcrumbList","@id":"https:\/\/noti-america.com\/site\/principal\/2018\/05\/11\/el-festival-de-bayreuth-estrenara-su-primera-opera-desde-1882\/#breadcrumb","itemListElement":[{"@type":"ListItem","position":1,"name":"Portada","item":"https:\/\/noti-america.com\/site\/principal\/"},{"@type":"ListItem","position":2,"name":"El Festival de Bayreuth estrenar\u00e1 su primera \u00f3pera desde 1882"}]},{"@type":"WebSite","@id":"https:\/\/noti-america.com\/site\/principal\/#website","url":"https:\/\/noti-america.com\/site\/principal\/","name":"Noti-America.com","description":"El Noticiero Digital M\u00e1s Grande de Am\u00e9rica","potentialAction":[{"@type":"SearchAction","target":{"@type":"EntryPoint","urlTemplate":"https:\/\/noti-america.com\/site\/principal\/?s={search_term_string}"},"query-input":{"@type":"PropertyValueSpecification","valueRequired":true,"valueName":"search_term_string"}}],"inLanguage":"es"},{"@type":"Person","@id":"https:\/\/noti-america.com\/site\/principal\/#\/schema\/person\/1a24e37c3c358f389f0a111448ddb870","name":"Ydalith Figueroa Kad-Bay","image":{"@type":"ImageObject","inLanguage":"es","@id":"https:\/\/secure.gravatar.com\/avatar\/7d1e350465afd215908c3ed413e32ef600cd41c3c21b95416252432a9f6c219c?s=96&d=mm&r=g","url":"https:\/\/secure.gravatar.com\/avatar\/7d1e350465afd215908c3ed413e32ef600cd41c3c21b95416252432a9f6c219c?s=96&d=mm&r=g","contentUrl":"https:\/\/secure.gravatar.com\/avatar\/7d1e350465afd215908c3ed413e32ef600cd41c3c21b95416252432a9f6c219c?s=96&d=mm&r=g","caption":"Ydalith Figueroa Kad-Bay"},"description":"CEO Noti-America Alemania Embajadora de Venezuela para el Proyecto de Acci\u00f3n Clim\u00e1tica de la ONU, Embajadora para la ense\u00f1anza de los ODS de la ONU, Amplificador de la Acci\u00f3n de los ODS de la ONU, Profesor Voluntario del Proyecto KAKUMA (Educaci\u00f3n de calidad para refugiados en \u00c1frica) UNHCR \u2013 ACNUR - Agencia para los refugiados de la ONU-, Miembro de la ONG Gente Y Ciudad, Embajador de las Instituciones de Microfinanzas \u201cNo a la pobreza ODS #1 de la ONU\u201d (todos tienen derecho a acceso a un cr\u00e9dito), y Voluntario al di\u00e1logo global de UN75. Twitter @ydalithkad email ydalith@yhaoo.com Locutor Profesional 32931 Universidad Central de Venezuela @ISHannover \"Colegio Internacional de Hannover Regi\u00f3n, Alemania\" Representante de Aprendizaje Innovaci\u00f3n y Tecnolog\u00eda #LMS (Sistema de Gesti\u00f3n de Aprendizaje) #LMS Gente y Ciudad &amp; Asesores Internacionales ONG Alemania. ONG \"Gente y Ciudad, Venezuela\" Miembro y Asesor especialista An\u00e1lisis de Pol\u00edtica Internacional Asesor Pol\u00edtico Internacional de Venezuela en la defensa de los Derechos Humanos y el restablecimiento Democr\u00e1tico. Diplomacia positiva y Activa. Pasi\u00f3n por el Golf Proyecto #LMS \"Golf para ni\u00f1os y adultos Internacional\" Pasi\u00f3n por los Postres Proyecto #LMS \"Postres, Que Unen a las Culturas del mundo\"","sameAs":["https:\/\/x.com\/ydalithkad"],"url":"https:\/\/noti-america.com\/site\/principal\/author\/yfigueroa\/"}]}},"_links":{"self":[{"href":"https:\/\/noti-america.com\/site\/principal\/wp-json\/wp\/v2\/posts\/4210","targetHints":{"allow":["GET"]}}],"collection":[{"href":"https:\/\/noti-america.com\/site\/principal\/wp-json\/wp\/v2\/posts"}],"about":[{"href":"https:\/\/noti-america.com\/site\/principal\/wp-json\/wp\/v2\/types\/post"}],"author":[{"embeddable":true,"href":"https:\/\/noti-america.com\/site\/principal\/wp-json\/wp\/v2\/users\/31"}],"replies":[{"embeddable":true,"href":"https:\/\/noti-america.com\/site\/principal\/wp-json\/wp\/v2\/comments?post=4210"}],"version-history":[{"count":1,"href":"https:\/\/noti-america.com\/site\/principal\/wp-json\/wp\/v2\/posts\/4210\/revisions"}],"predecessor-version":[{"id":4213,"href":"https:\/\/noti-america.com\/site\/principal\/wp-json\/wp\/v2\/posts\/4210\/revisions\/4213"}],"wp:featuredmedia":[{"embeddable":true,"href":"https:\/\/noti-america.com\/site\/principal\/wp-json\/wp\/v2\/media\/4212"}],"wp:attachment":[{"href":"https:\/\/noti-america.com\/site\/principal\/wp-json\/wp\/v2\/media?parent=4210"}],"wp:term":[{"taxonomy":"category","embeddable":true,"href":"https:\/\/noti-america.com\/site\/principal\/wp-json\/wp\/v2\/categories?post=4210"},{"taxonomy":"post_tag","embeddable":true,"href":"https:\/\/noti-america.com\/site\/principal\/wp-json\/wp\/v2\/tags?post=4210"}],"curies":[{"name":"wp","href":"https:\/\/api.w.org\/{rel}","templated":true}]}}