{"id":40977,"date":"2024-03-15T03:04:15","date_gmt":"2024-03-15T07:04:15","guid":{"rendered":"https:\/\/noti-america.com\/site\/principal\/?p=40977"},"modified":"2024-03-15T03:04:15","modified_gmt":"2024-03-15T07:04:15","slug":"la-importancia-de-priorizar-una-higiene-del-sueno-saludable-para-el-bienestar-integral","status":"publish","type":"post","link":"https:\/\/noti-america.com\/site\/principal\/2024\/03\/15\/la-importancia-de-priorizar-una-higiene-del-sueno-saludable-para-el-bienestar-integral\/","title":{"rendered":"La importancia de priorizar una higiene del sue\u00f1o saludable para el bienestar integral"},"content":{"rendered":"<p>NOTI-AMERICA | COLOMBIA<\/p>\n<p>El sue\u00f1o desempe\u00f1a un papel fundamental en el mantenimiento de una adecuada salud y calidad de vida a lo largo de todas las etapas, es por esto que el marco de la conmemoraci\u00f3n del D\u00eda Mundial del Sue\u00f1o es importante recalcar la importancia de cultivar h\u00e1bitos de descanso saludables, ya que estos a su vez permiten promover el bienestar f\u00edsico, mental y emocional de las personas.<\/p>\n<p><strong>\u00a0<\/strong>El sue\u00f1o no s\u00f3lo constituye un per\u00edodo de descanso pasivo; es un momento vital durante el cual el cuerpo trabaja incansablemente para apoyar una funci\u00f3n cerebral saludable y mantener la salud f\u00edsica en \u00f3ptimas condiciones. Desde la infancia hasta la edad adulta, influye de manera significativa en el rendimiento y en la capacidad para afrontar los desaf\u00edos cotidianos.<\/p>\n<p><strong>\u00a0<\/strong>Algunos beneficios de este para la salud y el bienestar radican en la funci\u00f3n del cuerpo durante este proceso, ya que, en el descanso, el cuerpo se dedica a restaurar y reparar los tejidos, a consolidar la memoria y regular las funciones metab\u00f3licas. En adici\u00f3n, el sue\u00f1o es vital para el crecimiento y desarrollo en ni\u00f1os y adolescentes. Las horas sugeridas var\u00edan, sin embargo, es crucial asegurar un tiempo adecuado de descanso para cada grupo de edad:<\/p>\n<ul>\n<li>Beb\u00e9s de 4 meses a 1 a\u00f1o deben dormir de 12 a 16 horas por d\u00eda.<\/li>\n<li>Ni\u00f1os de 1 a 2 a\u00f1os deben dormir de 11 a 14 horas por d\u00eda.<\/li>\n<li>Ni\u00f1os de 3 a 5 a\u00f1os deben dormir de 10 a 13 horas por d\u00eda.<\/li>\n<li>Ni\u00f1os de 6 a 12 a\u00f1os deben dormir de 9 a 12 horas por d\u00eda.<\/li>\n<li>Adolescentes de 13 a 18 a\u00f1os deben dormir de 8 a 10 horas por d\u00eda.<\/li>\n<li>En los adultos la recomendaci\u00f3n es de 7 a 9 horas por d\u00eda<\/li>\n<\/ul>\n<p>Sin embargo, estas recomendaciones deben ir acompa\u00f1adas de una rutina y h\u00e1bitos saludables, es esencial crear un entorno propicio para dormir, evitar comidas pesadas antes de acostarse, limitar la exposici\u00f3n a pantallas, as\u00ed como alejar los aparatos electr\u00f3nicos y las pantallas en la habitaci\u00f3n, mantener una rutina constante y no consumir bebidas estimulantes en exceso como caf\u00e9, t\u00e9, chocolate, bebidas gaseosas y, por supuesto, bebidas energizantes para as\u00ed promover un sue\u00f1o reparador.<\/p>\n<p><strong>Trastornos m\u00e1s comunes del sue\u00f1o<\/strong><\/p>\n<p><strong>\u00a0<\/strong>El <u>insomnio <\/u>corresponde a aquellas dificultades para conciliar o mantener el sue\u00f1o, por otra parte, est\u00e1n las personas que padecen de <u>hipersomnia<\/u>, es decir aquellos que presentan somnolencia excesiva. Ante la presencia de cualquiera de estos trastornos los pacientes deben implementar acciones de higiene del sue\u00f1o y buscar orientaci\u00f3n m\u00e9dica, ya que es importante tener una ayuda oportuna para recibir un tratamiento m\u00e9dico adecuado, que responda a sus necesidades, entre m\u00e1s r\u00e1pido se trate cualquiera de estas condiciones, la posibilidad de mantenerse saludable y con mejor calidad de vida es m\u00e1s alta.<\/p>\n<p><em>\u201cLa privaci\u00f3n cr\u00f3nica del sue\u00f1o puede afectar negativamente la atenci\u00f3n, la memoria, el estado de \u00e1nimo y la capacidad para manejar el estr\u00e9s, lo que puede contribuir a problemas de salud mental como la depresi\u00f3n y la ansiedad\u201d<\/em> advierte la doctora Alexandra Vega, gerente m\u00e9dica y de farmacovigilancia de Genfar.<\/p>\n<p><strong>\u00a0<\/strong>La falta de sue\u00f1o puede acarrear graves consecuencias en la salud cardiovascular, el sistema inmunol\u00f3gico y el metabolismo, aumentando el riesgo de padecer enfermedades card\u00edacas, diabetes y obesidad, el estr\u00e9s y la ansiedad hasta los horarios de trabajo y las distracciones tecnol\u00f3gicas, se suman a la variedad de factores f\u00edsicos, psicol\u00f3gicos y sociales que pueden influir en la calidad del sue\u00f1o.<\/p>\n<p>\u201c<em>Es clave identificar y abordar estos factores, para mejorar la calidad de nuestro descanso nocturno, por esto en este D\u00eda Mundial del Sue\u00f1o me gustar\u00eda invitar a todo a priorizar una higiene del sue\u00f1o saludable, ya que el sue\u00f1o es un componente esencial para un estilo de vida equilibrado y el cuidado en su totalidad<\/em>\u201d finaliz\u00f3 la doctora Alexandra.<\/p>\n<p>Existen m\u00faltiples factores que pueden afectar su calidad, como los f\u00edsicos, psicol\u00f3gicos y sociales. Es importante prestar atenci\u00f3n a estos factores y hacer cambios en el estilo de vida para mejorar la calidad del sue\u00f1o y evitar problemas de salud a largo plazo. Dentro de los factores f\u00edsicos, se encuentran el dolor, temperatura, luz, ruido, alimentaci\u00f3n; los psicol\u00f3gicos, m\u00e1s frecuentes son estr\u00e9s, ansiedad, depresi\u00f3n y las preocupaciones; y en los sociales, est\u00e1n los horarios de trabajo, la presi\u00f3n social, las actividades sociales, los medicamentos, entre otros.<\/p>\n","protected":false},"excerpt":{"rendered":"<p>NOTI-AMERICA | COLOMBIA El sue\u00f1o desempe\u00f1a un papel fundamental en el mantenimiento de una adecuada salud y calidad de vida a lo largo de todas las etapas, es por esto que el marco de&#46;&#46;&#46;<\/p>\n","protected":false},"author":135,"featured_media":40978,"comment_status":"","ping_status":"open","sticky":false,"template":"","format":"image","meta":{"_acf_changed":false,"rop_custom_images_group":[],"rop_custom_messages_group":[],"rop_publish_now":"initial","rop_publish_now_accounts":{"facebook_10219548024599422_1632221337088128":"","twitter_242054905_242054905":""},"rop_publish_now_history":[],"rop_publish_now_status":"pending","footnotes":""},"categories":[13],"tags":[],"class_list":["post-40977","post","type-post","status-publish","format-image","has-post-thumbnail","hentry","category-vida-y-salud","post_format-post-format-image"],"acf":[],"yoast_head":"<!-- This site is optimized with the Yoast SEO Premium plugin v24.9 (Yoast SEO v27.2) - https:\/\/yoast.com\/product\/yoast-seo-premium-wordpress\/ -->\n<title>La importancia de priorizar una higiene del sue\u00f1o saludable para el bienestar integral - Noti-America.com<\/title>\n<meta name=\"robots\" content=\"index, follow, max-snippet:-1, max-image-preview:large, max-video-preview:-1\" \/>\n<link rel=\"canonical\" href=\"https:\/\/noti-america.com\/site\/principal\/2024\/03\/15\/la-importancia-de-priorizar-una-higiene-del-sueno-saludable-para-el-bienestar-integral\/\" \/>\n<meta property=\"og:locale\" content=\"es_ES\" \/>\n<meta property=\"og:type\" content=\"article\" \/>\n<meta property=\"og:title\" content=\"La importancia de priorizar una higiene del sue\u00f1o saludable para el bienestar integral\" \/>\n<meta property=\"og:description\" content=\"NOTI-AMERICA | COLOMBIA El sue\u00f1o desempe\u00f1a un papel fundamental en el mantenimiento de una adecuada salud y calidad de vida a lo largo de todas las etapas, es por esto que el marco de&#046;&#046;&#046;\" \/>\n<meta property=\"og:url\" content=\"https:\/\/noti-america.com\/site\/principal\/2024\/03\/15\/la-importancia-de-priorizar-una-higiene-del-sueno-saludable-para-el-bienestar-integral\/\" \/>\n<meta property=\"og:site_name\" content=\"Noti-America.com\" \/>\n<meta property=\"article:published_time\" content=\"2024-03-15T07:04:15+00:00\" \/>\n<meta property=\"og:image\" content=\"https:\/\/noti-america.com\/site\/principal\/wp-content\/uploads\/sites\/26\/2024\/03\/pexels-andrea-piacquadio-3771069-scaled.jpg\" \/>\n\t<meta property=\"og:image:width\" content=\"2560\" \/>\n\t<meta property=\"og:image:height\" content=\"1707\" \/>\n\t<meta property=\"og:image:type\" content=\"image\/jpeg\" \/>\n<meta name=\"author\" content=\"mlenis\" \/>\n<meta name=\"twitter:card\" content=\"summary_large_image\" \/>\n<meta name=\"twitter:label1\" content=\"Escrito por\" \/>\n\t<meta name=\"twitter:data1\" content=\"mlenis\" \/>\n\t<meta name=\"twitter:label2\" content=\"Tiempo estimado de lectura\" \/>\n\t<meta name=\"twitter:data2\" content=\"4 minutos\" \/>\n<script type=\"application\/ld+json\" class=\"yoast-schema-graph\">{\"@context\":\"https:\/\/schema.org\",\"@graph\":[{\"@type\":\"Article\",\"@id\":\"https:\/\/noti-america.com\/site\/principal\/2024\/03\/15\/la-importancia-de-priorizar-una-higiene-del-sueno-saludable-para-el-bienestar-integral\/#article\",\"isPartOf\":{\"@id\":\"https:\/\/noti-america.com\/site\/principal\/2024\/03\/15\/la-importancia-de-priorizar-una-higiene-del-sueno-saludable-para-el-bienestar-integral\/\"},\"author\":{\"name\":\"mlenis\",\"@id\":\"https:\/\/noti-america.com\/site\/principal\/#\/schema\/person\/4b216aa1c65f5f3ee2a0f0ee69a3f85f\"},\"headline\":\"La importancia de priorizar una higiene del sue\u00f1o saludable para el bienestar integral\",\"datePublished\":\"2024-03-15T07:04:15+00:00\",\"mainEntityOfPage\":{\"@id\":\"https:\/\/noti-america.com\/site\/principal\/2024\/03\/15\/la-importancia-de-priorizar-una-higiene-del-sueno-saludable-para-el-bienestar-integral\/\"},\"wordCount\":794,\"image\":{\"@id\":\"https:\/\/noti-america.com\/site\/principal\/2024\/03\/15\/la-importancia-de-priorizar-una-higiene-del-sueno-saludable-para-el-bienestar-integral\/#primaryimage\"},\"thumbnailUrl\":\"https:\/\/noti-america.com\/site\/principal\/wp-content\/uploads\/sites\/26\/2024\/03\/pexels-andrea-piacquadio-3771069-scaled.jpg\",\"articleSection\":[\"Vida y Salud\"],\"inLanguage\":\"es\"},{\"@type\":\"WebPage\",\"@id\":\"https:\/\/noti-america.com\/site\/principal\/2024\/03\/15\/la-importancia-de-priorizar-una-higiene-del-sueno-saludable-para-el-bienestar-integral\/\",\"url\":\"https:\/\/noti-america.com\/site\/principal\/2024\/03\/15\/la-importancia-de-priorizar-una-higiene-del-sueno-saludable-para-el-bienestar-integral\/\",\"name\":\"La importancia de priorizar una higiene del sue\u00f1o saludable para el bienestar integral - Noti-America.com\",\"isPartOf\":{\"@id\":\"https:\/\/noti-america.com\/site\/principal\/#website\"},\"primaryImageOfPage\":{\"@id\":\"https:\/\/noti-america.com\/site\/principal\/2024\/03\/15\/la-importancia-de-priorizar-una-higiene-del-sueno-saludable-para-el-bienestar-integral\/#primaryimage\"},\"image\":{\"@id\":\"https:\/\/noti-america.com\/site\/principal\/2024\/03\/15\/la-importancia-de-priorizar-una-higiene-del-sueno-saludable-para-el-bienestar-integral\/#primaryimage\"},\"thumbnailUrl\":\"https:\/\/noti-america.com\/site\/principal\/wp-content\/uploads\/sites\/26\/2024\/03\/pexels-andrea-piacquadio-3771069-scaled.jpg\",\"datePublished\":\"2024-03-15T07:04:15+00:00\",\"author\":{\"@id\":\"https:\/\/noti-america.com\/site\/principal\/#\/schema\/person\/4b216aa1c65f5f3ee2a0f0ee69a3f85f\"},\"breadcrumb\":{\"@id\":\"https:\/\/noti-america.com\/site\/principal\/2024\/03\/15\/la-importancia-de-priorizar-una-higiene-del-sueno-saludable-para-el-bienestar-integral\/#breadcrumb\"},\"inLanguage\":\"es\",\"potentialAction\":[{\"@type\":\"ReadAction\",\"target\":[\"https:\/\/noti-america.com\/site\/principal\/2024\/03\/15\/la-importancia-de-priorizar-una-higiene-del-sueno-saludable-para-el-bienestar-integral\/\"]}]},{\"@type\":\"ImageObject\",\"inLanguage\":\"es\",\"@id\":\"https:\/\/noti-america.com\/site\/principal\/2024\/03\/15\/la-importancia-de-priorizar-una-higiene-del-sueno-saludable-para-el-bienestar-integral\/#primaryimage\",\"url\":\"https:\/\/noti-america.com\/site\/principal\/wp-content\/uploads\/sites\/26\/2024\/03\/pexels-andrea-piacquadio-3771069-scaled.jpg\",\"contentUrl\":\"https:\/\/noti-america.com\/site\/principal\/wp-content\/uploads\/sites\/26\/2024\/03\/pexels-andrea-piacquadio-3771069-scaled.jpg\",\"width\":2560,\"height\":1707},{\"@type\":\"BreadcrumbList\",\"@id\":\"https:\/\/noti-america.com\/site\/principal\/2024\/03\/15\/la-importancia-de-priorizar-una-higiene-del-sueno-saludable-para-el-bienestar-integral\/#breadcrumb\",\"itemListElement\":[{\"@type\":\"ListItem\",\"position\":1,\"name\":\"Portada\",\"item\":\"https:\/\/noti-america.com\/site\/principal\/\"},{\"@type\":\"ListItem\",\"position\":2,\"name\":\"La importancia de priorizar una higiene del sue\u00f1o saludable para el bienestar integral\"}]},{\"@type\":\"WebSite\",\"@id\":\"https:\/\/noti-america.com\/site\/principal\/#website\",\"url\":\"https:\/\/noti-america.com\/site\/principal\/\",\"name\":\"Noti-America.com\",\"description\":\"El Noticiero Digital M\u00e1s Grande de Am\u00e9rica\",\"potentialAction\":[{\"@type\":\"SearchAction\",\"target\":{\"@type\":\"EntryPoint\",\"urlTemplate\":\"https:\/\/noti-america.com\/site\/principal\/?s={search_term_string}\"},\"query-input\":{\"@type\":\"PropertyValueSpecification\",\"valueRequired\":true,\"valueName\":\"search_term_string\"}}],\"inLanguage\":\"es\"},{\"@type\":\"Person\",\"@id\":\"https:\/\/noti-america.com\/site\/principal\/#\/schema\/person\/4b216aa1c65f5f3ee2a0f0ee69a3f85f\",\"name\":\"mlenis\",\"image\":{\"@type\":\"ImageObject\",\"inLanguage\":\"es\",\"@id\":\"https:\/\/secure.gravatar.com\/avatar\/71bbe7129a082888d49bedca63e7a6e75ca485c648bb239a7515a2a55acd510f?s=96&d=mm&r=g\",\"url\":\"https:\/\/secure.gravatar.com\/avatar\/71bbe7129a082888d49bedca63e7a6e75ca485c648bb239a7515a2a55acd510f?s=96&d=mm&r=g\",\"contentUrl\":\"https:\/\/secure.gravatar.com\/avatar\/71bbe7129a082888d49bedca63e7a6e75ca485c648bb239a7515a2a55acd510f?s=96&d=mm&r=g\",\"caption\":\"mlenis\"},\"url\":\"https:\/\/noti-america.com\/site\/principal\/author\/mlenis\/\"}]}<\/script>\n<!-- \/ Yoast SEO Premium plugin. -->","yoast_head_json":{"title":"La importancia de priorizar una higiene del sue\u00f1o saludable para el bienestar integral - Noti-America.com","robots":{"index":"index","follow":"follow","max-snippet":"max-snippet:-1","max-image-preview":"max-image-preview:large","max-video-preview":"max-video-preview:-1"},"canonical":"https:\/\/noti-america.com\/site\/principal\/2024\/03\/15\/la-importancia-de-priorizar-una-higiene-del-sueno-saludable-para-el-bienestar-integral\/","og_locale":"es_ES","og_type":"article","og_title":"La importancia de priorizar una higiene del sue\u00f1o saludable para el bienestar integral","og_description":"NOTI-AMERICA | COLOMBIA El sue\u00f1o desempe\u00f1a un papel fundamental en el mantenimiento de una adecuada salud y calidad de vida a lo largo de todas las etapas, es por esto que el marco de&#46;&#46;&#46;","og_url":"https:\/\/noti-america.com\/site\/principal\/2024\/03\/15\/la-importancia-de-priorizar-una-higiene-del-sueno-saludable-para-el-bienestar-integral\/","og_site_name":"Noti-America.com","article_published_time":"2024-03-15T07:04:15+00:00","og_image":[{"width":2560,"height":1707,"url":"https:\/\/noti-america.com\/site\/principal\/wp-content\/uploads\/sites\/26\/2024\/03\/pexels-andrea-piacquadio-3771069-scaled.jpg","type":"image\/jpeg"}],"author":"mlenis","twitter_card":"summary_large_image","twitter_misc":{"Escrito por":"mlenis","Tiempo estimado de lectura":"4 minutos"},"schema":{"@context":"https:\/\/schema.org","@graph":[{"@type":"Article","@id":"https:\/\/noti-america.com\/site\/principal\/2024\/03\/15\/la-importancia-de-priorizar-una-higiene-del-sueno-saludable-para-el-bienestar-integral\/#article","isPartOf":{"@id":"https:\/\/noti-america.com\/site\/principal\/2024\/03\/15\/la-importancia-de-priorizar-una-higiene-del-sueno-saludable-para-el-bienestar-integral\/"},"author":{"name":"mlenis","@id":"https:\/\/noti-america.com\/site\/principal\/#\/schema\/person\/4b216aa1c65f5f3ee2a0f0ee69a3f85f"},"headline":"La importancia de priorizar una higiene del sue\u00f1o saludable para el bienestar integral","datePublished":"2024-03-15T07:04:15+00:00","mainEntityOfPage":{"@id":"https:\/\/noti-america.com\/site\/principal\/2024\/03\/15\/la-importancia-de-priorizar-una-higiene-del-sueno-saludable-para-el-bienestar-integral\/"},"wordCount":794,"image":{"@id":"https:\/\/noti-america.com\/site\/principal\/2024\/03\/15\/la-importancia-de-priorizar-una-higiene-del-sueno-saludable-para-el-bienestar-integral\/#primaryimage"},"thumbnailUrl":"https:\/\/noti-america.com\/site\/principal\/wp-content\/uploads\/sites\/26\/2024\/03\/pexels-andrea-piacquadio-3771069-scaled.jpg","articleSection":["Vida y Salud"],"inLanguage":"es"},{"@type":"WebPage","@id":"https:\/\/noti-america.com\/site\/principal\/2024\/03\/15\/la-importancia-de-priorizar-una-higiene-del-sueno-saludable-para-el-bienestar-integral\/","url":"https:\/\/noti-america.com\/site\/principal\/2024\/03\/15\/la-importancia-de-priorizar-una-higiene-del-sueno-saludable-para-el-bienestar-integral\/","name":"La importancia de priorizar una higiene del sue\u00f1o saludable para el bienestar integral - Noti-America.com","isPartOf":{"@id":"https:\/\/noti-america.com\/site\/principal\/#website"},"primaryImageOfPage":{"@id":"https:\/\/noti-america.com\/site\/principal\/2024\/03\/15\/la-importancia-de-priorizar-una-higiene-del-sueno-saludable-para-el-bienestar-integral\/#primaryimage"},"image":{"@id":"https:\/\/noti-america.com\/site\/principal\/2024\/03\/15\/la-importancia-de-priorizar-una-higiene-del-sueno-saludable-para-el-bienestar-integral\/#primaryimage"},"thumbnailUrl":"https:\/\/noti-america.com\/site\/principal\/wp-content\/uploads\/sites\/26\/2024\/03\/pexels-andrea-piacquadio-3771069-scaled.jpg","datePublished":"2024-03-15T07:04:15+00:00","author":{"@id":"https:\/\/noti-america.com\/site\/principal\/#\/schema\/person\/4b216aa1c65f5f3ee2a0f0ee69a3f85f"},"breadcrumb":{"@id":"https:\/\/noti-america.com\/site\/principal\/2024\/03\/15\/la-importancia-de-priorizar-una-higiene-del-sueno-saludable-para-el-bienestar-integral\/#breadcrumb"},"inLanguage":"es","potentialAction":[{"@type":"ReadAction","target":["https:\/\/noti-america.com\/site\/principal\/2024\/03\/15\/la-importancia-de-priorizar-una-higiene-del-sueno-saludable-para-el-bienestar-integral\/"]}]},{"@type":"ImageObject","inLanguage":"es","@id":"https:\/\/noti-america.com\/site\/principal\/2024\/03\/15\/la-importancia-de-priorizar-una-higiene-del-sueno-saludable-para-el-bienestar-integral\/#primaryimage","url":"https:\/\/noti-america.com\/site\/principal\/wp-content\/uploads\/sites\/26\/2024\/03\/pexels-andrea-piacquadio-3771069-scaled.jpg","contentUrl":"https:\/\/noti-america.com\/site\/principal\/wp-content\/uploads\/sites\/26\/2024\/03\/pexels-andrea-piacquadio-3771069-scaled.jpg","width":2560,"height":1707},{"@type":"BreadcrumbList","@id":"https:\/\/noti-america.com\/site\/principal\/2024\/03\/15\/la-importancia-de-priorizar-una-higiene-del-sueno-saludable-para-el-bienestar-integral\/#breadcrumb","itemListElement":[{"@type":"ListItem","position":1,"name":"Portada","item":"https:\/\/noti-america.com\/site\/principal\/"},{"@type":"ListItem","position":2,"name":"La importancia de priorizar una higiene del sue\u00f1o saludable para el bienestar integral"}]},{"@type":"WebSite","@id":"https:\/\/noti-america.com\/site\/principal\/#website","url":"https:\/\/noti-america.com\/site\/principal\/","name":"Noti-America.com","description":"El Noticiero Digital M\u00e1s Grande de Am\u00e9rica","potentialAction":[{"@type":"SearchAction","target":{"@type":"EntryPoint","urlTemplate":"https:\/\/noti-america.com\/site\/principal\/?s={search_term_string}"},"query-input":{"@type":"PropertyValueSpecification","valueRequired":true,"valueName":"search_term_string"}}],"inLanguage":"es"},{"@type":"Person","@id":"https:\/\/noti-america.com\/site\/principal\/#\/schema\/person\/4b216aa1c65f5f3ee2a0f0ee69a3f85f","name":"mlenis","image":{"@type":"ImageObject","inLanguage":"es","@id":"https:\/\/secure.gravatar.com\/avatar\/71bbe7129a082888d49bedca63e7a6e75ca485c648bb239a7515a2a55acd510f?s=96&d=mm&r=g","url":"https:\/\/secure.gravatar.com\/avatar\/71bbe7129a082888d49bedca63e7a6e75ca485c648bb239a7515a2a55acd510f?s=96&d=mm&r=g","contentUrl":"https:\/\/secure.gravatar.com\/avatar\/71bbe7129a082888d49bedca63e7a6e75ca485c648bb239a7515a2a55acd510f?s=96&d=mm&r=g","caption":"mlenis"},"url":"https:\/\/noti-america.com\/site\/principal\/author\/mlenis\/"}]}},"_links":{"self":[{"href":"https:\/\/noti-america.com\/site\/principal\/wp-json\/wp\/v2\/posts\/40977","targetHints":{"allow":["GET"]}}],"collection":[{"href":"https:\/\/noti-america.com\/site\/principal\/wp-json\/wp\/v2\/posts"}],"about":[{"href":"https:\/\/noti-america.com\/site\/principal\/wp-json\/wp\/v2\/types\/post"}],"author":[{"embeddable":true,"href":"https:\/\/noti-america.com\/site\/principal\/wp-json\/wp\/v2\/users\/135"}],"replies":[{"embeddable":true,"href":"https:\/\/noti-america.com\/site\/principal\/wp-json\/wp\/v2\/comments?post=40977"}],"version-history":[{"count":1,"href":"https:\/\/noti-america.com\/site\/principal\/wp-json\/wp\/v2\/posts\/40977\/revisions"}],"predecessor-version":[{"id":41019,"href":"https:\/\/noti-america.com\/site\/principal\/wp-json\/wp\/v2\/posts\/40977\/revisions\/41019"}],"wp:featuredmedia":[{"embeddable":true,"href":"https:\/\/noti-america.com\/site\/principal\/wp-json\/wp\/v2\/media\/40978"}],"wp:attachment":[{"href":"https:\/\/noti-america.com\/site\/principal\/wp-json\/wp\/v2\/media?parent=40977"}],"wp:term":[{"taxonomy":"category","embeddable":true,"href":"https:\/\/noti-america.com\/site\/principal\/wp-json\/wp\/v2\/categories?post=40977"},{"taxonomy":"post_tag","embeddable":true,"href":"https:\/\/noti-america.com\/site\/principal\/wp-json\/wp\/v2\/tags?post=40977"}],"curies":[{"name":"wp","href":"https:\/\/api.w.org\/{rel}","templated":true}]}}