{"id":40680,"date":"2024-03-10T06:35:35","date_gmt":"2024-03-10T10:35:35","guid":{"rendered":"https:\/\/noti-america.com\/site\/principal\/?p=40680"},"modified":"2024-03-10T06:35:35","modified_gmt":"2024-03-10T10:35:35","slug":"el-bloqueador-solar-tu-aliado-indispensable-en-dias-soleados-y-con-nieve","status":"publish","type":"post","link":"https:\/\/noti-america.com\/site\/principal\/2024\/03\/10\/el-bloqueador-solar-tu-aliado-indispensable-en-dias-soleados-y-con-nieve\/","title":{"rendered":"El bloqueador solar: tu aliado indispensable en d\u00edas soleados y con nieve"},"content":{"rendered":"<p style=\"text-align: justify;\" data-sourcepos=\"3:1-3:222\">El sol es fuente de vida, pero tambi\u00e9n puede ser fuente de da\u00f1os para nuestra piel. La exposici\u00f3n excesiva a la radiaci\u00f3n solar puede causar quemaduras, envejecimiento prematuro y, en el peor de los casos, c\u00e1ncer de piel. El <a href=\"https:\/\/www.plazavea.com.pe\/belleza\/proteccion-solar\">bloqueador solar<\/a>, tambi\u00e9n conocido como protector solar, es una crema, loci\u00f3n o spray que se aplica sobre la piel para protegerla de los rayos ultravioleta (UV) del sol. Los rayos UV se dividen en dos tipos: UVA y UVB.<\/p>\n<ul style=\"text-align: justify;\" data-sourcepos=\"9:1-11:0\">\n<li data-sourcepos=\"9:1-9:121\">Los rayos UVA penetran profundamente en la piel y pueden causar envejecimiento prematuro, arrugas y manchas de la edad.<\/li>\n<li data-sourcepos=\"10:1-11:0\">Los rayos UVB son los responsables de las quemaduras solares y pueden aumentar el riesgo de c\u00e1ncer de piel.<\/li>\n<\/ul>\n<p style=\"text-align: justify;\" data-sourcepos=\"12:1-12:306\">Los bloqueadores solares funcionan absorbiendo o reflejando los rayos UV, lo que reduce la cantidad de radiaci\u00f3n que llega a la piel. El factor de protecci\u00f3n solar (FPS) indica la cantidad de protecci\u00f3n que ofrece un bloqueador solar contra los rayos UVB. Cuanto mayor sea el FPS, mayor ser\u00e1 la protecci\u00f3n.<\/p>\n<p style=\"text-align: justify;\" data-sourcepos=\"14:1-14:49\"><strong>\u00bfPor qu\u00e9 es importante usar bloqueador solar?<\/strong><\/p>\n<p style=\"text-align: justify;\" data-sourcepos=\"16:1-16:220\">El uso de bloqueador solar es fundamental para proteger la piel de los da\u00f1os causados por la radiaci\u00f3n solar. Es importante usarlo todos los d\u00edas, incluso en d\u00edas nublados, ya que los rayos UV pueden penetrar las nubes.<\/p>\n<p style=\"text-align: justify;\" data-sourcepos=\"18:1-18:36\"><strong>Beneficios del bloqueador solar:<\/strong><\/p>\n<ul style=\"text-align: justify;\" data-sourcepos=\"20:1-24:0\">\n<li data-sourcepos=\"20:1-20:34\">Previene las quemaduras solares.<\/li>\n<li data-sourcepos=\"21:1-21:37\">Reduce el riesgo de c\u00e1ncer de piel.<\/li>\n<li data-sourcepos=\"22:1-22:50\">Previene el envejecimiento prematuro de la piel.<\/li>\n<li data-sourcepos=\"23:1-24:0\">Ayuda a mantener la piel sana y tersa.<\/li>\n<\/ul>\n<p style=\"text-align: justify;\" data-sourcepos=\"25:1-25:34\"><strong>\u00bfCu\u00e1ndo usar bloqueador solar?<\/strong><\/p>\n<p style=\"text-align: justify;\" data-sourcepos=\"27:1-27:253\">Se debe usar bloqueador solar siempre que se vaya a estar expuesto al sol, incluso en d\u00edas nublados. Se recomienda aplicarlo generosamente 20 minutos antes de salir al sol y volver a aplicarlo cada dos horas, o m\u00e1s a menudo si se est\u00e1 nadando o sudando.<\/p>\n<p style=\"text-align: justify;\" data-sourcepos=\"29:1-29:41\"><strong>\u00bfQu\u00e9 tipo de bloqueador solar elegir?<\/strong><\/p>\n<p style=\"text-align: justify;\" data-sourcepos=\"31:1-31:74\">Al elegir un bloqueador solar, es importante tener en cuenta lo siguiente:<\/p>\n<ul style=\"text-align: justify;\" data-sourcepos=\"33:1-37:0\">\n<li data-sourcepos=\"33:1-33:105\"><strong>Factor de protecci\u00f3n solar (FPS):<\/strong>\u00a0Se recomienda usar un bloqueador solar con un FPS de al menos 30.<\/li>\n<li data-sourcepos=\"34:1-34:84\"><strong>Espectro amplio:<\/strong>\u00a0El bloqueador solar debe proteger contra los rayos UVA y UVB.<\/li>\n<li data-sourcepos=\"35:1-35:107\"><strong>Resistencia al agua:<\/strong>\u00a0Si se va a nadar o sudar, se debe elegir un bloqueador solar resistente al agua.<\/li>\n<li data-sourcepos=\"36:1-37:0\"><strong>Tipo de piel:<\/strong>\u00a0Si se tiene piel sensible, se debe elegir un bloqueador solar hipoalerg\u00e9nico y sin fragancia.<\/li>\n<\/ul>\n<p style=\"text-align: justify;\" data-sourcepos=\"38:1-38:48\"><strong>Beneficios del bloqueador solar en la nieve:<\/strong><\/p>\n<p style=\"text-align: justify;\" data-sourcepos=\"40:1-40:269\">La nieve refleja hasta el 80% de los rayos UV del sol, lo que significa que te puedes quemar con la misma facilidad que en la playa. Es importante usar bloqueador solar en la nieve, especialmente en las zonas de altitud elevada, donde la radiaci\u00f3n solar es m\u00e1s intensa.<\/p>\n<p style=\"text-align: justify;\" data-sourcepos=\"42:1-42:40\"><strong>Consejos para usar bloqueador solar:<\/strong><\/p>\n<ul style=\"text-align: justify;\" data-sourcepos=\"44:1-52:0\">\n<li data-sourcepos=\"44:1-44:76\">Aplica el bloqueador solar generosamente 20 minutos antes de salir al sol.<\/li>\n<li data-sourcepos=\"45:1-45:97\">Vuelve a aplicar el bloqueador solar cada dos horas, o m\u00e1s a menudo si est\u00e1s nadando o sudando.<\/li>\n<li data-sourcepos=\"46:1-46:52\">Usa un bloqueador solar con un FPS de al menos 30.<\/li>\n<li data-sourcepos=\"47:1-47:86\">Elige un bloqueador solar de amplio espectro que proteja contra los rayos UVA y UVB.<\/li>\n<li data-sourcepos=\"48:1-48:84\">Si tienes piel sensible, elige un bloqueador solar hipoalerg\u00e9nico y sin fragancia.<\/li>\n<li data-sourcepos=\"49:1-49:36\">Protege tus ojos con gafas de sol.<\/li>\n<li data-sourcepos=\"50:1-50:34\">Cubre tu cabeza con un sombrero.<\/li>\n<li data-sourcepos=\"51:1-52:0\">Bebe mucha agua para mantenerte hidratado.<\/li>\n<\/ul>\n<p style=\"text-align: justify;\" data-sourcepos=\"53:1-53:127\">El uso de bloqueador solar es una medida simple y efectiva para proteger tu piel de los da\u00f1os causados por la radiaci\u00f3n solar.<\/p>\n<p style=\"text-align: justify;\" data-sourcepos=\"55:1-55:100\"><strong>Recuerda:<\/strong> el bloqueador solar es tu aliado indispensable para disfrutar del sol de forma segura.<\/p>\n","protected":false},"excerpt":{"rendered":"<p>El sol es fuente de vida, pero tambi\u00e9n puede ser fuente de da\u00f1os para nuestra piel. La exposici\u00f3n excesiva a la radiaci\u00f3n solar puede causar quemaduras, envejecimiento prematuro y, en el peor de los&#46;&#46;&#46;<\/p>\n","protected":false},"author":1,"featured_media":40681,"comment_status":"closed","ping_status":"open","sticky":false,"template":"","format":"image","meta":{"_acf_changed":false,"rop_custom_images_group":[],"rop_custom_messages_group":[],"rop_publish_now":"initial","rop_publish_now_accounts":{"facebook_10219548024599422_1632221337088128":"","twitter_242054905_242054905":""},"rop_publish_now_history":[],"rop_publish_now_status":"pending","footnotes":""},"categories":[663,13],"tags":[],"class_list":["post-40680","post","type-post","status-publish","format-image","has-post-thumbnail","hentry","category-actualidad","category-vida-y-salud","post_format-post-format-image"],"acf":[],"yoast_head":"<!-- This site is optimized with the Yoast SEO Premium plugin v24.9 (Yoast SEO v27.2) - https:\/\/yoast.com\/product\/yoast-seo-premium-wordpress\/ -->\n<title>El bloqueador solar: tu aliado indispensable en d\u00edas soleados y con nieve - Noti-America.com<\/title>\n<meta name=\"robots\" content=\"index, follow, max-snippet:-1, max-image-preview:large, max-video-preview:-1\" \/>\n<link rel=\"canonical\" href=\"https:\/\/noti-america.com\/site\/principal\/2024\/03\/10\/el-bloqueador-solar-tu-aliado-indispensable-en-dias-soleados-y-con-nieve\/\" \/>\n<meta property=\"og:locale\" content=\"es_ES\" \/>\n<meta property=\"og:type\" content=\"article\" \/>\n<meta property=\"og:title\" content=\"El bloqueador solar: tu aliado indispensable en d\u00edas soleados y con nieve\" \/>\n<meta property=\"og:description\" content=\"El sol es fuente de vida, pero tambi\u00e9n puede ser fuente de da\u00f1os para nuestra piel. La exposici\u00f3n excesiva a la radiaci\u00f3n solar puede causar quemaduras, envejecimiento prematuro y, en el peor de los&#046;&#046;&#046;\" \/>\n<meta property=\"og:url\" content=\"https:\/\/noti-america.com\/site\/principal\/2024\/03\/10\/el-bloqueador-solar-tu-aliado-indispensable-en-dias-soleados-y-con-nieve\/\" \/>\n<meta property=\"og:site_name\" content=\"Noti-America.com\" \/>\n<meta property=\"article:published_time\" content=\"2024-03-10T10:35:35+00:00\" \/>\n<meta property=\"og:image\" content=\"https:\/\/noti-america.com\/site\/principal\/wp-content\/uploads\/sites\/26\/2024\/03\/summer-2337955_1280.jpg\" \/>\n\t<meta property=\"og:image:width\" content=\"1280\" \/>\n\t<meta property=\"og:image:height\" content=\"853\" \/>\n\t<meta property=\"og:image:type\" content=\"image\/jpeg\" \/>\n<meta name=\"author\" content=\"Rosmer Herrera\" \/>\n<meta name=\"twitter:card\" content=\"summary_large_image\" \/>\n<meta name=\"twitter:label1\" content=\"Escrito por\" \/>\n\t<meta name=\"twitter:data1\" content=\"Rosmer Herrera\" \/>\n\t<meta name=\"twitter:label2\" content=\"Tiempo estimado de lectura\" \/>\n\t<meta name=\"twitter:data2\" content=\"3 minutos\" \/>\n<script type=\"application\/ld+json\" class=\"yoast-schema-graph\">{\"@context\":\"https:\/\/schema.org\",\"@graph\":[{\"@type\":\"Article\",\"@id\":\"https:\/\/noti-america.com\/site\/principal\/2024\/03\/10\/el-bloqueador-solar-tu-aliado-indispensable-en-dias-soleados-y-con-nieve\/#article\",\"isPartOf\":{\"@id\":\"https:\/\/noti-america.com\/site\/principal\/2024\/03\/10\/el-bloqueador-solar-tu-aliado-indispensable-en-dias-soleados-y-con-nieve\/\"},\"author\":{\"name\":\"Rosmer Herrera\",\"@id\":\"https:\/\/noti-america.com\/site\/principal\/#\/schema\/person\/fd58dbfb92a257e9dc5761bf69a855ff\"},\"headline\":\"El bloqueador solar: tu aliado indispensable en d\u00edas soleados y con nieve\",\"datePublished\":\"2024-03-10T10:35:35+00:00\",\"mainEntityOfPage\":{\"@id\":\"https:\/\/noti-america.com\/site\/principal\/2024\/03\/10\/el-bloqueador-solar-tu-aliado-indispensable-en-dias-soleados-y-con-nieve\/\"},\"wordCount\":601,\"image\":{\"@id\":\"https:\/\/noti-america.com\/site\/principal\/2024\/03\/10\/el-bloqueador-solar-tu-aliado-indispensable-en-dias-soleados-y-con-nieve\/#primaryimage\"},\"thumbnailUrl\":\"https:\/\/noti-america.com\/site\/principal\/wp-content\/uploads\/sites\/26\/2024\/03\/summer-2337955_1280.jpg\",\"articleSection\":[\"Actualidad\",\"Vida y Salud\"],\"inLanguage\":\"es\"},{\"@type\":\"WebPage\",\"@id\":\"https:\/\/noti-america.com\/site\/principal\/2024\/03\/10\/el-bloqueador-solar-tu-aliado-indispensable-en-dias-soleados-y-con-nieve\/\",\"url\":\"https:\/\/noti-america.com\/site\/principal\/2024\/03\/10\/el-bloqueador-solar-tu-aliado-indispensable-en-dias-soleados-y-con-nieve\/\",\"name\":\"El bloqueador solar: tu aliado indispensable en d\u00edas soleados y con nieve - Noti-America.com\",\"isPartOf\":{\"@id\":\"https:\/\/noti-america.com\/site\/principal\/#website\"},\"primaryImageOfPage\":{\"@id\":\"https:\/\/noti-america.com\/site\/principal\/2024\/03\/10\/el-bloqueador-solar-tu-aliado-indispensable-en-dias-soleados-y-con-nieve\/#primaryimage\"},\"image\":{\"@id\":\"https:\/\/noti-america.com\/site\/principal\/2024\/03\/10\/el-bloqueador-solar-tu-aliado-indispensable-en-dias-soleados-y-con-nieve\/#primaryimage\"},\"thumbnailUrl\":\"https:\/\/noti-america.com\/site\/principal\/wp-content\/uploads\/sites\/26\/2024\/03\/summer-2337955_1280.jpg\",\"datePublished\":\"2024-03-10T10:35:35+00:00\",\"author\":{\"@id\":\"https:\/\/noti-america.com\/site\/principal\/#\/schema\/person\/fd58dbfb92a257e9dc5761bf69a855ff\"},\"breadcrumb\":{\"@id\":\"https:\/\/noti-america.com\/site\/principal\/2024\/03\/10\/el-bloqueador-solar-tu-aliado-indispensable-en-dias-soleados-y-con-nieve\/#breadcrumb\"},\"inLanguage\":\"es\",\"potentialAction\":[{\"@type\":\"ReadAction\",\"target\":[\"https:\/\/noti-america.com\/site\/principal\/2024\/03\/10\/el-bloqueador-solar-tu-aliado-indispensable-en-dias-soleados-y-con-nieve\/\"]}]},{\"@type\":\"ImageObject\",\"inLanguage\":\"es\",\"@id\":\"https:\/\/noti-america.com\/site\/principal\/2024\/03\/10\/el-bloqueador-solar-tu-aliado-indispensable-en-dias-soleados-y-con-nieve\/#primaryimage\",\"url\":\"https:\/\/noti-america.com\/site\/principal\/wp-content\/uploads\/sites\/26\/2024\/03\/summer-2337955_1280.jpg\",\"contentUrl\":\"https:\/\/noti-america.com\/site\/principal\/wp-content\/uploads\/sites\/26\/2024\/03\/summer-2337955_1280.jpg\",\"width\":1280,\"height\":853},{\"@type\":\"BreadcrumbList\",\"@id\":\"https:\/\/noti-america.com\/site\/principal\/2024\/03\/10\/el-bloqueador-solar-tu-aliado-indispensable-en-dias-soleados-y-con-nieve\/#breadcrumb\",\"itemListElement\":[{\"@type\":\"ListItem\",\"position\":1,\"name\":\"Portada\",\"item\":\"https:\/\/noti-america.com\/site\/principal\/\"},{\"@type\":\"ListItem\",\"position\":2,\"name\":\"El bloqueador solar: tu aliado indispensable en d\u00edas soleados y con nieve\"}]},{\"@type\":\"WebSite\",\"@id\":\"https:\/\/noti-america.com\/site\/principal\/#website\",\"url\":\"https:\/\/noti-america.com\/site\/principal\/\",\"name\":\"Noti-America.com\",\"description\":\"El Noticiero Digital M\u00e1s Grande de Am\u00e9rica\",\"potentialAction\":[{\"@type\":\"SearchAction\",\"target\":{\"@type\":\"EntryPoint\",\"urlTemplate\":\"https:\/\/noti-america.com\/site\/principal\/?s={search_term_string}\"},\"query-input\":{\"@type\":\"PropertyValueSpecification\",\"valueRequired\":true,\"valueName\":\"search_term_string\"}}],\"inLanguage\":\"es\"},{\"@type\":\"Person\",\"@id\":\"https:\/\/noti-america.com\/site\/principal\/#\/schema\/person\/fd58dbfb92a257e9dc5761bf69a855ff\",\"name\":\"Rosmer Herrera\",\"image\":{\"@type\":\"ImageObject\",\"inLanguage\":\"es\",\"@id\":\"https:\/\/secure.gravatar.com\/avatar\/153e75c261394dbf20ff1a1e70ea2be9494f2b40b7fc4e7704084db13220ae08?s=96&d=mm&r=g\",\"url\":\"https:\/\/secure.gravatar.com\/avatar\/153e75c261394dbf20ff1a1e70ea2be9494f2b40b7fc4e7704084db13220ae08?s=96&d=mm&r=g\",\"contentUrl\":\"https:\/\/secure.gravatar.com\/avatar\/153e75c261394dbf20ff1a1e70ea2be9494f2b40b7fc4e7704084db13220ae08?s=96&d=mm&r=g\",\"caption\":\"Rosmer Herrera\"},\"url\":\"https:\/\/noti-america.com\/site\/principal\/author\/rosmer33\/\"}]}<\/script>\n<!-- \/ Yoast SEO Premium plugin. -->","yoast_head_json":{"title":"El bloqueador solar: tu aliado indispensable en d\u00edas soleados y con nieve - Noti-America.com","robots":{"index":"index","follow":"follow","max-snippet":"max-snippet:-1","max-image-preview":"max-image-preview:large","max-video-preview":"max-video-preview:-1"},"canonical":"https:\/\/noti-america.com\/site\/principal\/2024\/03\/10\/el-bloqueador-solar-tu-aliado-indispensable-en-dias-soleados-y-con-nieve\/","og_locale":"es_ES","og_type":"article","og_title":"El bloqueador solar: tu aliado indispensable en d\u00edas soleados y con nieve","og_description":"El sol es fuente de vida, pero tambi\u00e9n puede ser fuente de da\u00f1os para nuestra piel. La exposici\u00f3n excesiva a la radiaci\u00f3n solar puede causar quemaduras, envejecimiento prematuro y, en el peor de los&#46;&#46;&#46;","og_url":"https:\/\/noti-america.com\/site\/principal\/2024\/03\/10\/el-bloqueador-solar-tu-aliado-indispensable-en-dias-soleados-y-con-nieve\/","og_site_name":"Noti-America.com","article_published_time":"2024-03-10T10:35:35+00:00","og_image":[{"width":1280,"height":853,"url":"https:\/\/noti-america.com\/site\/principal\/wp-content\/uploads\/sites\/26\/2024\/03\/summer-2337955_1280.jpg","type":"image\/jpeg"}],"author":"Rosmer Herrera","twitter_card":"summary_large_image","twitter_misc":{"Escrito por":"Rosmer Herrera","Tiempo estimado de lectura":"3 minutos"},"schema":{"@context":"https:\/\/schema.org","@graph":[{"@type":"Article","@id":"https:\/\/noti-america.com\/site\/principal\/2024\/03\/10\/el-bloqueador-solar-tu-aliado-indispensable-en-dias-soleados-y-con-nieve\/#article","isPartOf":{"@id":"https:\/\/noti-america.com\/site\/principal\/2024\/03\/10\/el-bloqueador-solar-tu-aliado-indispensable-en-dias-soleados-y-con-nieve\/"},"author":{"name":"Rosmer Herrera","@id":"https:\/\/noti-america.com\/site\/principal\/#\/schema\/person\/fd58dbfb92a257e9dc5761bf69a855ff"},"headline":"El bloqueador solar: tu aliado indispensable en d\u00edas soleados y con nieve","datePublished":"2024-03-10T10:35:35+00:00","mainEntityOfPage":{"@id":"https:\/\/noti-america.com\/site\/principal\/2024\/03\/10\/el-bloqueador-solar-tu-aliado-indispensable-en-dias-soleados-y-con-nieve\/"},"wordCount":601,"image":{"@id":"https:\/\/noti-america.com\/site\/principal\/2024\/03\/10\/el-bloqueador-solar-tu-aliado-indispensable-en-dias-soleados-y-con-nieve\/#primaryimage"},"thumbnailUrl":"https:\/\/noti-america.com\/site\/principal\/wp-content\/uploads\/sites\/26\/2024\/03\/summer-2337955_1280.jpg","articleSection":["Actualidad","Vida y Salud"],"inLanguage":"es"},{"@type":"WebPage","@id":"https:\/\/noti-america.com\/site\/principal\/2024\/03\/10\/el-bloqueador-solar-tu-aliado-indispensable-en-dias-soleados-y-con-nieve\/","url":"https:\/\/noti-america.com\/site\/principal\/2024\/03\/10\/el-bloqueador-solar-tu-aliado-indispensable-en-dias-soleados-y-con-nieve\/","name":"El bloqueador solar: tu aliado indispensable en d\u00edas soleados y con nieve - Noti-America.com","isPartOf":{"@id":"https:\/\/noti-america.com\/site\/principal\/#website"},"primaryImageOfPage":{"@id":"https:\/\/noti-america.com\/site\/principal\/2024\/03\/10\/el-bloqueador-solar-tu-aliado-indispensable-en-dias-soleados-y-con-nieve\/#primaryimage"},"image":{"@id":"https:\/\/noti-america.com\/site\/principal\/2024\/03\/10\/el-bloqueador-solar-tu-aliado-indispensable-en-dias-soleados-y-con-nieve\/#primaryimage"},"thumbnailUrl":"https:\/\/noti-america.com\/site\/principal\/wp-content\/uploads\/sites\/26\/2024\/03\/summer-2337955_1280.jpg","datePublished":"2024-03-10T10:35:35+00:00","author":{"@id":"https:\/\/noti-america.com\/site\/principal\/#\/schema\/person\/fd58dbfb92a257e9dc5761bf69a855ff"},"breadcrumb":{"@id":"https:\/\/noti-america.com\/site\/principal\/2024\/03\/10\/el-bloqueador-solar-tu-aliado-indispensable-en-dias-soleados-y-con-nieve\/#breadcrumb"},"inLanguage":"es","potentialAction":[{"@type":"ReadAction","target":["https:\/\/noti-america.com\/site\/principal\/2024\/03\/10\/el-bloqueador-solar-tu-aliado-indispensable-en-dias-soleados-y-con-nieve\/"]}]},{"@type":"ImageObject","inLanguage":"es","@id":"https:\/\/noti-america.com\/site\/principal\/2024\/03\/10\/el-bloqueador-solar-tu-aliado-indispensable-en-dias-soleados-y-con-nieve\/#primaryimage","url":"https:\/\/noti-america.com\/site\/principal\/wp-content\/uploads\/sites\/26\/2024\/03\/summer-2337955_1280.jpg","contentUrl":"https:\/\/noti-america.com\/site\/principal\/wp-content\/uploads\/sites\/26\/2024\/03\/summer-2337955_1280.jpg","width":1280,"height":853},{"@type":"BreadcrumbList","@id":"https:\/\/noti-america.com\/site\/principal\/2024\/03\/10\/el-bloqueador-solar-tu-aliado-indispensable-en-dias-soleados-y-con-nieve\/#breadcrumb","itemListElement":[{"@type":"ListItem","position":1,"name":"Portada","item":"https:\/\/noti-america.com\/site\/principal\/"},{"@type":"ListItem","position":2,"name":"El bloqueador solar: tu aliado indispensable en d\u00edas soleados y con nieve"}]},{"@type":"WebSite","@id":"https:\/\/noti-america.com\/site\/principal\/#website","url":"https:\/\/noti-america.com\/site\/principal\/","name":"Noti-America.com","description":"El Noticiero Digital M\u00e1s Grande de Am\u00e9rica","potentialAction":[{"@type":"SearchAction","target":{"@type":"EntryPoint","urlTemplate":"https:\/\/noti-america.com\/site\/principal\/?s={search_term_string}"},"query-input":{"@type":"PropertyValueSpecification","valueRequired":true,"valueName":"search_term_string"}}],"inLanguage":"es"},{"@type":"Person","@id":"https:\/\/noti-america.com\/site\/principal\/#\/schema\/person\/fd58dbfb92a257e9dc5761bf69a855ff","name":"Rosmer Herrera","image":{"@type":"ImageObject","inLanguage":"es","@id":"https:\/\/secure.gravatar.com\/avatar\/153e75c261394dbf20ff1a1e70ea2be9494f2b40b7fc4e7704084db13220ae08?s=96&d=mm&r=g","url":"https:\/\/secure.gravatar.com\/avatar\/153e75c261394dbf20ff1a1e70ea2be9494f2b40b7fc4e7704084db13220ae08?s=96&d=mm&r=g","contentUrl":"https:\/\/secure.gravatar.com\/avatar\/153e75c261394dbf20ff1a1e70ea2be9494f2b40b7fc4e7704084db13220ae08?s=96&d=mm&r=g","caption":"Rosmer Herrera"},"url":"https:\/\/noti-america.com\/site\/principal\/author\/rosmer33\/"}]}},"_links":{"self":[{"href":"https:\/\/noti-america.com\/site\/principal\/wp-json\/wp\/v2\/posts\/40680","targetHints":{"allow":["GET"]}}],"collection":[{"href":"https:\/\/noti-america.com\/site\/principal\/wp-json\/wp\/v2\/posts"}],"about":[{"href":"https:\/\/noti-america.com\/site\/principal\/wp-json\/wp\/v2\/types\/post"}],"author":[{"embeddable":true,"href":"https:\/\/noti-america.com\/site\/principal\/wp-json\/wp\/v2\/users\/1"}],"replies":[{"embeddable":true,"href":"https:\/\/noti-america.com\/site\/principal\/wp-json\/wp\/v2\/comments?post=40680"}],"version-history":[{"count":1,"href":"https:\/\/noti-america.com\/site\/principal\/wp-json\/wp\/v2\/posts\/40680\/revisions"}],"predecessor-version":[{"id":40682,"href":"https:\/\/noti-america.com\/site\/principal\/wp-json\/wp\/v2\/posts\/40680\/revisions\/40682"}],"wp:featuredmedia":[{"embeddable":true,"href":"https:\/\/noti-america.com\/site\/principal\/wp-json\/wp\/v2\/media\/40681"}],"wp:attachment":[{"href":"https:\/\/noti-america.com\/site\/principal\/wp-json\/wp\/v2\/media?parent=40680"}],"wp:term":[{"taxonomy":"category","embeddable":true,"href":"https:\/\/noti-america.com\/site\/principal\/wp-json\/wp\/v2\/categories?post=40680"},{"taxonomy":"post_tag","embeddable":true,"href":"https:\/\/noti-america.com\/site\/principal\/wp-json\/wp\/v2\/tags?post=40680"}],"curies":[{"name":"wp","href":"https:\/\/api.w.org\/{rel}","templated":true}]}}