{"id":39926,"date":"2024-02-27T03:04:57","date_gmt":"2024-02-27T07:04:57","guid":{"rendered":"https:\/\/noti-america.com\/site\/principal\/?p=39926"},"modified":"2024-02-27T03:04:57","modified_gmt":"2024-02-27T07:04:57","slug":"los-migrantes-en-america-latina-benefician-a-las-economias-locales","status":"publish","type":"post","link":"https:\/\/noti-america.com\/site\/principal\/2024\/02\/27\/los-migrantes-en-america-latina-benefician-a-las-economias-locales\/","title":{"rendered":"Los migrantes en Am\u00e9rica Latina benefician a las econom\u00edas locales"},"content":{"rendered":"<p><span style=\"color: #000000\"><strong>REDACCI\u00d3N NOTI-AM\u00c9RICA (ECUADOR)<\/strong><\/span><\/p>\n<p style=\"text-align: justify\"><span style=\"color: #0000ff\"><em><span lang=\"ES\" xml:lang=\"ES\">Dos nuevos estudios revelan c\u00f3mo cubren importantes lagunas en los mercados laborales locales e impulsan la demanda de bienes y servicios, lo que puede aumentar los ingresos fiscales y favorecer el crecimiento econ\u00f3mico. Sin embargo, y ante la falta de homologaci\u00f3n de sus t\u00edtulos, la mayor\u00eda se dedica a actividades informales, lo que limita sus salarios y agrava su inseguridad alimentaria.\u00a0<\/span><\/em><\/span><\/p>\n<section class=\"region region-before-content\">\n<div id=\"block-views-block-story-photo-block-image\" class=\"views-element-container block block-views block-views-block-story-photo-block-image\">\n<div class=\"block-content block__content\">\n<div class=\"view view-story-photo view-id-story_photo view-display-id-block_image js-view-dom-id-ea461ed77c8718e5af1782c77a1376660e2b162b0de4911b0b56703e97cf51d4\">\n<div class=\"view-content\">\n<div class=\"views-row\">\n<div class=\"node node--type-news-story node--view-mode-top-image clearfix container\">\n<div class=\"story-media\">\n<div class=\"media-image\">\n<div class=\"field field--name-field-news-story-photo field--type-entity-reference field--label-hidden field__item\"><img loading=\"lazy\" decoding=\"async\" title=\"Mercedes, ingeniera inform\u00e1tica venezolana, arreglando un aparato el\u00e9ctrico.\" src=\"https:\/\/global.unitednations.entermediadb.net\/assets\/mediadb\/services\/module\/asset\/downloads\/preset\/Libraries\/Production%20Library\/24-10-2023-IOM-Venezuela-migrants-04.jpg\/image1170x530cropped.jpg\" alt=\"Mercedes, ingeniera inform\u00e1tica venezolana, arreglando un aparato el\u00e9ctrico.\" width=\"1170\" height=\"530\" \/><\/div>\n<\/div>\n<\/div>\n<div class=\"story-caption\">\n<div class=\"context-caption_credit type-entermedia_image media media--type-entermedia-image media--view-mode-caption-credit\">\n<div class=\"field field--name-field-authors field--type-entity-reference field--label-hidden field__items\">\n<div class=\"field__item\" style=\"text-align: justify\">\u00a9 OIM\/Gema Cort\u00e9s. Mercedes, ingeniera inform\u00e1tica venezolana, arreglando un aparato el\u00e9ctrico.<\/div>\n<\/div>\n<\/div>\n<\/div>\n<\/div>\n<\/div>\n<\/div>\n<\/div>\n<\/div>\n<\/div>\n<\/section>\n<div id=\"main-wrapper\" class=\"layout-main-wrapper clearfix\">\n<div id=\"main-container\" class=\"container layout-main-container\">\n<div class=\"row row-offcanvas row-offcanvas-left clearfix\"><main id=\"content\" class=\"main-content col-lg-9\" role=\"main\"><\/p>\n<section class=\"section\">\n<div id=\"block-views-block-content-fields-block-body\" class=\"views-element-container block block-views block-views-block-content-fields-block-body\">\n<div class=\"block-content block__content\">\n<div class=\"view view-content-fields view-id-content_fields view-display-id-block_body js-view-dom-id-ef51eb56391d310c26a54cd3eabd7fb2d34ecb650801247bf2759bfd3f43acf7\">\n<div class=\"view-content\">\n<div class=\"views-row\">\n<div class=\"views-field views-field-field-news-story\">\n<div class=\"field-content\">\n<div class=\"paragraph paragraph--type--one-column-text paragraph--view-mode--default\">\n<div class=\"_none\">\n<div class=\"w-100\">\n<div class=\"layout row layout-builder__layout\">\n<div class=\"col-12\">\n<div class=\"_none block block-layout-builder block-field-block-paragraph-one-column-text-field-text-column\">\n<div class=\"block-content block__content\">\n<div class=\"clearfix text-formatted field field--name-field-text-column field--type-text-long field--label-hidden field__item\">\n<p style=\"text-align: justify\">Los desplazados forzosos en Am\u00e9rica Latina y el Caribe pueden contribuir significativamente a las econom\u00edas donde viven si tienen la oportunidad,\u00a0<a href=\"https:\/\/www.acnur.org\/noticias\/comunicados-de-prensa\/personas-refugiadas-y-migrantes-en-america-latina-y-el-caribe\" target=\"_blank\" rel=\"noopener noreferrer\">revelan dos nuevos estudios<\/a>\u00a0publicados este lunes por vario organismos internacionales, entre ellos la\u00a0<a href=\"http:\/\/www.acnur.org\/\" target=\"_blank\" rel=\"noopener noreferrer\">Agencia de la ONU para los Refugiados<\/a>\u00a0(ACNUR).<\/p>\n<p style=\"text-align: justify\"><strong>Los refugiados y los migrantes cubren importantes lagunas en los mercados laborales<\/strong>\u00a0locales e impulsan la demanda de bienes y servicios, lo que puede aumentar los ingresos fiscales y elevar el Producto Interior Bruto de los pa\u00edses receptores. Sin embargo, a menudo se encuentran en situaciones vulnerables, se\u00f1al\u00f3 la agencia.<\/p>\n<p style=\"text-align: justify\">Aunque la mayor\u00eda de esta poblaci\u00f3n est\u00e1 en edad de trabajar, tiene un alto nivel educativo y est\u00e1 empleada, con frecuencia est\u00e1n sobrecualificados para sus trabajos y se dedican a actividades informales, lo que limita sus salarios y agrava su capacidad para obtener alimentos.<\/p>\n<p style=\"text-align: justify\">En este contexto, los documentos se centran en c\u00f3mo las\u00a0<strong>pol\u00edticas espec\u00edficas pueden facilitar el acceso a los mercados laborales formales y a los servicios b\u00e1sicos<\/strong>, como la educaci\u00f3n y la sanidad, para que los refugiados y migrantes puedan contribuir mejor a sus pa\u00edses de acogida.<\/p>\n<p style=\"text-align: justify\"><span style=\"color: #000000\"><strong>Falta homologaci\u00f3n acad\u00e9mica<\/strong><\/span><\/p>\n<p style=\"text-align: justify\">Elaborado por el\u00a0<a href=\"https:\/\/www.bancomundial.org\/es\/home\" target=\"_blank\" rel=\"noopener noreferrer\">Banco Mundial<\/a>\u00a0y ACNUR,\u00a0<a href=\"https:\/\/documents.worldbank.org\/en\/publication\/documents-reports\/documentdetail\/099022024085527910\/p175780133597e0f11b72c1f7779efcaba1\" target=\"_blank\" rel=\"noopener noreferrer\"><em>Venezolanos en Chile, Colombia, Ecuador y Per\u00fa &#8211; Una oportunidad de desarrollo<\/em><\/a>\u00a0se\u00f1ala que \u00abel \u00e9xodo venezolano parece haber tenido un efecto positivo en el crecimiento econ\u00f3mico de la regi\u00f3n, gracias a la\u00a0<strong>oferta adicional de mano de obra y al impulso de la demanda<\/strong>\u00ab.<\/p>\n<p style=\"text-align: justify\">El informe presenta un perfil socioecon\u00f3mico detallado de los venezolanos en Chile, Colombia, Ecuador y Per\u00fa y utiliza datos de las encuestas nacionales de hogares con el fin de comparar los perfiles de los venezolanos con los locales de cada pa\u00eds de acogida para contribuir al debate p\u00fablico.<\/p>\n<p style=\"text-align: justify\">Seg\u00fan el informe, en todos los pa\u00edses,\u00a0<strong>los venezolanos tienen un mayor nivel educativo<\/strong>\u00a0y, con la excepci\u00f3n de Colombia, tienen m\u00e1s probabilidades de encontrar empleo que la poblaci\u00f3n local. En promedio, los venezolanos tienen estudios secundarios completos (al menos 12 a\u00f1os de educaci\u00f3n), es decir, dos a\u00f1os m\u00e1s, en promedio, que la poblaci\u00f3n local. As\u00ed, la proporci\u00f3n de venezolanos con estudios superiores es del 65% en Chile y se acerca al 50% en Ecuador.<\/p>\n<p style=\"text-align: justify\">El documento tambi\u00e9n detalla que\u00a0<strong>existe demanda por mano de obra venezolana en los mercados laborales locales<\/strong>: en Ecuador, Per\u00fa y Chile, m\u00e1s del 80% est\u00e1n empleados (en Colombia, cerca del 63%).<\/p>\n<p style=\"text-align: justify\">Sin embargo, a menudo desempe\u00f1an trabajos de menor calificaci\u00f3n que los que ten\u00edan en Venezuela, y los autores estiman que se debe a que sus t\u00edtulos acad\u00e9micos no son reconocidos en los pa\u00edses receptores.<\/p>\n<p style=\"text-align: justify\">\u201cLa contribuci\u00f3n de los venezolanos a la econom\u00eda podr\u00eda ser mayor si se pudiera aprovechar por completo las competencias y calificaciones en los pa\u00edses de destino\u201d, se\u00f1ala el estudio.<\/p>\n<div class=\"context-un_news_full_width_credit_caption type-entermedia_image media media--type-entermedia-image media--view-mode-un-news-full-width-credit-caption\" style=\"text-align: justify\">\n<div class=\"field field--name-thumbnail field--type-image field--label-hidden field__item\">\n<div style=\"width: 1180px\" class=\"wp-caption alignnone\"><img loading=\"lazy\" decoding=\"async\" title=\"Una familia de refugiados venezolanos vive en Guayaquil, Ecuador.\" src=\"https:\/\/global.unitednations.entermediadb.net\/assets\/mediadb\/services\/module\/asset\/downloads\/preset\/Libraries\/Production%20Library\/20-06-2023-UNHCR-Ecuador.jpg\/image1170x530cropped.jpg\" alt=\"Una familia de refugiados venezolanos vive en Guayaquil, Ecuador.\" width=\"1170\" height=\"530\" \/><p class=\"wp-caption-text\">\u00a9 ACNUR\/Santiago Arcos Veintimi. Una familia de refugiados venezolanos vive en Guayaquil, Ecuador.<\/p><\/div>\n<\/div>\n<\/div>\n<p style=\"text-align: justify\"><span style=\"color: #000000\"><strong>Proceso de integraci\u00f3n<\/strong><\/span><\/p>\n<p style=\"text-align: justify\">Por su parte,\u00a0<a href=\"https:\/\/www.acnur.org\/publicaciones\/integracion-socioeconomica-de-las-poblaciones-desplazadas-por-la-fuerza-en-america-latina\" target=\"_blank\" rel=\"noopener noreferrer\"><em>Integraci\u00f3n socioecon\u00f3mica de las poblaciones desplazadas por la fuerza en Am\u00e9rica Latina y el Caribe<\/em><\/a>\u00a0analiza a este sector de la poblaci\u00f3n en Chile, Colombia, Costa Rica, Ecuador, M\u00e9xico y Per\u00fa, y revela que los j\u00f3venes desplazados por la fuerza tienen m\u00e1s dificultades que sus hom\u00f3logos nacidos en el pa\u00eds para seguir estudiando y encontrar trabajo.<\/p>\n<p style=\"text-align: justify\">Elaborado por\u00a0<em>el Banco Interamericano de Desarrollo, la Organizaci\u00f3n de Cooperaci\u00f3n y Desarrollo Econ\u00f3micos y<\/em>\u00a0ACNUR, el documento se\u00f1ala que\u00a0<strong>los ni\u00f1os desplazados asisten menos a la escuela y la abandonan con m\u00e1s frecuencia\u00a0<\/strong>que los nacionales, lo que repercute en la integraci\u00f3n generacional. Adem\u00e1s, las tasas de empleo de las mujeres son inferiores a las de los hombres, tanto nativos como desplazados.<\/p>\n<p style=\"text-align: justify\"><span style=\"color: #000000\"><strong>Xenofobia y discriminaci\u00f3n<\/strong><\/span><\/p>\n<p style=\"text-align: justify\">Los estudios tambi\u00e9n ponen de relieve c\u00f3mo la xenofobia y la discriminaci\u00f3n pueden repercutir negativamente en la inclusi\u00f3n socioecon\u00f3mica de refugiados y migrantes y mermar su capacidad de participar en las comunidades de acogida.<\/p>\n<p style=\"text-align: justify\">El primer informe revel\u00f3 que la mayor\u00eda de los venezolanos deseaban permanecer en su pa\u00eds de acogida. Sin embargo, su participaci\u00f3n en la comunidad se limitaba principalmente a la actividad religiosa, a pesar de compartir idioma y lazos culturales. En los cuatro pa\u00edses de acogida,\u00a0<strong>entre el 26% y el 40% de los venezolanos denunciaron casos de discriminaci\u00f3n<\/strong>, especialmente las mujeres y los j\u00f3venes.<\/p>\n<p style=\"text-align: justify\">El estudio recomienda que las autoridades creen pol\u00edticas que promuevan la cohesi\u00f3n social, eviten la exclusi\u00f3n y minimicen los efectos adversos sobre las poblaciones locales.<\/p>\n<p style=\"text-align: justify\">Adem\u00e1s, ACNUR destac\u00f3 que es esencial una inclusi\u00f3n m\u00e1s sistem\u00e1tica de los refugiados y los migrantes en los ejercicios oficiales de recopilaci\u00f3n de datos para informar y mejorar eficazmente las pol\u00edticas p\u00fablicas.<\/p>\n<p style=\"text-align: justify\"><span style=\"color: #000000\"><strong>Estimaciones<\/strong><\/span><\/p>\n<p style=\"text-align: justify\">Seg\u00fan ACNUR, estas publicaciones representan un paso fundamental para fomentar soluciones y garantizar la plena inclusi\u00f3n socioecon\u00f3mica de esta poblaci\u00f3n en los pa\u00edses de acogida.<\/p>\n<p style=\"text-align: justify\">La agencia calcula que hab\u00eda 22,1 millones de desplazados en las Am\u00e9ricas a mediados de 2023. Solo Am\u00e9rica Latina y el Caribe representaban aproximadamente un tercio de todas las nuevas solicitudes individuales de asilo a nivel mundial.<\/p>\n<p style=\"text-align: justify\">El flujo de desplazados en el continente americano ha aumentado a medida que persisten la violencia, la inseguridad, la desigualdad y las violaciones de los derechos humanos.<\/p>\n<p style=\"text-align: justify\">En el \u00e1mbito econ\u00f3mico, los estudios estiman que el crecimiento del PIB entre los mayores pa\u00edses receptores de Am\u00e9rica Latina y el Caribe ser\u00e1 de una media de entre 0,10 y 0,25 puntos porcentuales al a\u00f1o entre 2017 y 2030.<\/p>\n<\/div>\n<\/div>\n<\/div>\n<\/div>\n<\/div>\n<\/div>\n<\/div>\n<\/div>\n<\/div>\n<\/div>\n<\/div>\n<\/div>\n<\/div>\n<\/div>\n<\/div>\n<\/section>\n<p><\/main><\/div>\n<\/div>\n<\/div>\n","protected":false},"excerpt":{"rendered":"<p>REDACCI\u00d3N NOTI-AM\u00c9RICA (ECUADOR) Dos nuevos estudios revelan c\u00f3mo cubren importantes lagunas en los mercados laborales locales e impulsan la demanda de bienes y servicios, lo que puede aumentar los ingresos fiscales y favorecer el&#46;&#46;&#46;<\/p>\n","protected":false},"author":17,"featured_media":39927,"comment_status":"","ping_status":"open","sticky":false,"template":"","format":"standard","meta":{"_acf_changed":false,"rop_custom_images_group":[],"rop_custom_messages_group":[],"rop_publish_now":"initial","rop_publish_now_accounts":{"facebook_10219548024599422_1632221337088128":"","twitter_242054905_242054905":""},"rop_publish_now_history":[],"rop_publish_now_status":"pending","footnotes":""},"categories":[2054],"tags":[],"class_list":["post-39926","post","type-post","status-publish","format-standard","has-post-thumbnail","hentry","category-migrantes-y-refugiados"],"acf":[],"yoast_head":"<!-- This site is optimized with the Yoast SEO Premium plugin v24.9 (Yoast SEO v27.2) - https:\/\/yoast.com\/product\/yoast-seo-premium-wordpress\/ -->\n<title>Los migrantes en Am\u00e9rica Latina benefician a las econom\u00edas locales - Noti-America.com<\/title>\n<meta name=\"robots\" content=\"index, follow, max-snippet:-1, max-image-preview:large, max-video-preview:-1\" \/>\n<link rel=\"canonical\" href=\"https:\/\/noti-america.com\/site\/principal\/2024\/02\/27\/los-migrantes-en-america-latina-benefician-a-las-economias-locales\/\" \/>\n<meta property=\"og:locale\" content=\"es_ES\" \/>\n<meta property=\"og:type\" content=\"article\" \/>\n<meta property=\"og:title\" content=\"Los migrantes en Am\u00e9rica Latina benefician a las econom\u00edas locales\" \/>\n<meta property=\"og:description\" content=\"REDACCI\u00d3N NOTI-AM\u00c9RICA (ECUADOR) Dos nuevos estudios revelan c\u00f3mo cubren importantes lagunas en los mercados laborales locales e impulsan la demanda de bienes y servicios, lo que puede aumentar los ingresos fiscales y favorecer el&#046;&#046;&#046;\" \/>\n<meta property=\"og:url\" content=\"https:\/\/noti-america.com\/site\/principal\/2024\/02\/27\/los-migrantes-en-america-latina-benefician-a-las-economias-locales\/\" \/>\n<meta property=\"og:site_name\" content=\"Noti-America.com\" \/>\n<meta property=\"article:published_time\" content=\"2024-02-27T07:04:57+00:00\" \/>\n<meta property=\"og:image\" content=\"https:\/\/noti-america.com\/site\/principal\/wp-content\/uploads\/sites\/26\/2024\/02\/\u00a9-OIM-Gema-Cortes.jpg\" \/>\n\t<meta property=\"og:image:width\" content=\"560\" \/>\n\t<meta property=\"og:image:height\" content=\"340\" \/>\n\t<meta property=\"og:image:type\" content=\"image\/jpeg\" \/>\n<meta name=\"author\" content=\"Gregory Quintana Montiel\" \/>\n<meta name=\"twitter:card\" content=\"summary_large_image\" \/>\n<meta name=\"twitter:creator\" content=\"@gdgregori1\" \/>\n<meta name=\"twitter:label1\" content=\"Escrito por\" \/>\n\t<meta name=\"twitter:data1\" content=\"Gregory Quintana Montiel\" \/>\n\t<meta name=\"twitter:label2\" content=\"Tiempo estimado de lectura\" \/>\n\t<meta name=\"twitter:data2\" content=\"5 minutos\" \/>\n<script type=\"application\/ld+json\" class=\"yoast-schema-graph\">{\"@context\":\"https:\/\/schema.org\",\"@graph\":[{\"@type\":\"Article\",\"@id\":\"https:\/\/noti-america.com\/site\/principal\/2024\/02\/27\/los-migrantes-en-america-latina-benefician-a-las-economias-locales\/#article\",\"isPartOf\":{\"@id\":\"https:\/\/noti-america.com\/site\/principal\/2024\/02\/27\/los-migrantes-en-america-latina-benefician-a-las-economias-locales\/\"},\"author\":{\"name\":\"Gregory Quintana Montiel\",\"@id\":\"https:\/\/noti-america.com\/site\/principal\/#\/schema\/person\/3b975e42f15abfe64bfe3abdd916efda\"},\"headline\":\"Los migrantes en Am\u00e9rica Latina benefician a las econom\u00edas locales\",\"datePublished\":\"2024-02-27T07:04:57+00:00\",\"mainEntityOfPage\":{\"@id\":\"https:\/\/noti-america.com\/site\/principal\/2024\/02\/27\/los-migrantes-en-america-latina-benefician-a-las-economias-locales\/\"},\"wordCount\":1070,\"image\":{\"@id\":\"https:\/\/noti-america.com\/site\/principal\/2024\/02\/27\/los-migrantes-en-america-latina-benefician-a-las-economias-locales\/#primaryimage\"},\"thumbnailUrl\":\"https:\/\/noti-america.com\/site\/principal\/wp-content\/uploads\/sites\/26\/2024\/02\/\u00a9-OIM-Gema-Cortes.jpg\",\"articleSection\":[\"Migrantes y Refugiados\"],\"inLanguage\":\"es\"},{\"@type\":\"WebPage\",\"@id\":\"https:\/\/noti-america.com\/site\/principal\/2024\/02\/27\/los-migrantes-en-america-latina-benefician-a-las-economias-locales\/\",\"url\":\"https:\/\/noti-america.com\/site\/principal\/2024\/02\/27\/los-migrantes-en-america-latina-benefician-a-las-economias-locales\/\",\"name\":\"Los migrantes en Am\u00e9rica Latina benefician a las econom\u00edas locales - Noti-America.com\",\"isPartOf\":{\"@id\":\"https:\/\/noti-america.com\/site\/principal\/#website\"},\"primaryImageOfPage\":{\"@id\":\"https:\/\/noti-america.com\/site\/principal\/2024\/02\/27\/los-migrantes-en-america-latina-benefician-a-las-economias-locales\/#primaryimage\"},\"image\":{\"@id\":\"https:\/\/noti-america.com\/site\/principal\/2024\/02\/27\/los-migrantes-en-america-latina-benefician-a-las-economias-locales\/#primaryimage\"},\"thumbnailUrl\":\"https:\/\/noti-america.com\/site\/principal\/wp-content\/uploads\/sites\/26\/2024\/02\/\u00a9-OIM-Gema-Cortes.jpg\",\"datePublished\":\"2024-02-27T07:04:57+00:00\",\"author\":{\"@id\":\"https:\/\/noti-america.com\/site\/principal\/#\/schema\/person\/3b975e42f15abfe64bfe3abdd916efda\"},\"breadcrumb\":{\"@id\":\"https:\/\/noti-america.com\/site\/principal\/2024\/02\/27\/los-migrantes-en-america-latina-benefician-a-las-economias-locales\/#breadcrumb\"},\"inLanguage\":\"es\",\"potentialAction\":[{\"@type\":\"ReadAction\",\"target\":[\"https:\/\/noti-america.com\/site\/principal\/2024\/02\/27\/los-migrantes-en-america-latina-benefician-a-las-economias-locales\/\"]}]},{\"@type\":\"ImageObject\",\"inLanguage\":\"es\",\"@id\":\"https:\/\/noti-america.com\/site\/principal\/2024\/02\/27\/los-migrantes-en-america-latina-benefician-a-las-economias-locales\/#primaryimage\",\"url\":\"https:\/\/noti-america.com\/site\/principal\/wp-content\/uploads\/sites\/26\/2024\/02\/\u00a9-OIM-Gema-Cortes.jpg\",\"contentUrl\":\"https:\/\/noti-america.com\/site\/principal\/wp-content\/uploads\/sites\/26\/2024\/02\/\u00a9-OIM-Gema-Cortes.jpg\",\"width\":560,\"height\":340},{\"@type\":\"BreadcrumbList\",\"@id\":\"https:\/\/noti-america.com\/site\/principal\/2024\/02\/27\/los-migrantes-en-america-latina-benefician-a-las-economias-locales\/#breadcrumb\",\"itemListElement\":[{\"@type\":\"ListItem\",\"position\":1,\"name\":\"Portada\",\"item\":\"https:\/\/noti-america.com\/site\/principal\/\"},{\"@type\":\"ListItem\",\"position\":2,\"name\":\"Los migrantes en Am\u00e9rica Latina benefician a las econom\u00edas locales\"}]},{\"@type\":\"WebSite\",\"@id\":\"https:\/\/noti-america.com\/site\/principal\/#website\",\"url\":\"https:\/\/noti-america.com\/site\/principal\/\",\"name\":\"Noti-America.com\",\"description\":\"El Noticiero Digital M\u00e1s Grande de Am\u00e9rica\",\"potentialAction\":[{\"@type\":\"SearchAction\",\"target\":{\"@type\":\"EntryPoint\",\"urlTemplate\":\"https:\/\/noti-america.com\/site\/principal\/?s={search_term_string}\"},\"query-input\":{\"@type\":\"PropertyValueSpecification\",\"valueRequired\":true,\"valueName\":\"search_term_string\"}}],\"inLanguage\":\"es\"},{\"@type\":\"Person\",\"@id\":\"https:\/\/noti-america.com\/site\/principal\/#\/schema\/person\/3b975e42f15abfe64bfe3abdd916efda\",\"name\":\"Gregory Quintana Montiel\",\"image\":{\"@type\":\"ImageObject\",\"inLanguage\":\"es\",\"@id\":\"https:\/\/secure.gravatar.com\/avatar\/2d6b802f7720c2ec7744dcbe608cc2f3417aeb964d58b443c6d612b77531de1d?s=96&d=mm&r=g\",\"url\":\"https:\/\/secure.gravatar.com\/avatar\/2d6b802f7720c2ec7744dcbe608cc2f3417aeb964d58b443c6d612b77531de1d?s=96&d=mm&r=g\",\"contentUrl\":\"https:\/\/secure.gravatar.com\/avatar\/2d6b802f7720c2ec7744dcbe608cc2f3417aeb964d58b443c6d612b77531de1d?s=96&d=mm&r=g\",\"caption\":\"Gregory Quintana Montiel\"},\"description\":\"Licenciatura en Ciencias de la Comunicaci\u00f3n Social, egresado en la Especializaci\u00f3n Derecho Ambiental Desarrollo Sostenible y Sustentable, Miembro de la Comunidad de profesionales y experto para Latinoam\u00e9rica y el Caribe en Gesti\u00f3n por Resultado en el Desarrollo (COPLAC - GpRD) del Banco Interamericano de Desarrollo, experiencia en medios radiales y escritos.\",\"sameAs\":[\"https:\/\/x.com\/gdgregori1\",\"gquintana\"],\"url\":\"https:\/\/noti-america.com\/site\/principal\/author\/gquintana\/\"}]}<\/script>\n<!-- \/ Yoast SEO Premium plugin. -->","yoast_head_json":{"title":"Los migrantes en Am\u00e9rica Latina benefician a las econom\u00edas locales - Noti-America.com","robots":{"index":"index","follow":"follow","max-snippet":"max-snippet:-1","max-image-preview":"max-image-preview:large","max-video-preview":"max-video-preview:-1"},"canonical":"https:\/\/noti-america.com\/site\/principal\/2024\/02\/27\/los-migrantes-en-america-latina-benefician-a-las-economias-locales\/","og_locale":"es_ES","og_type":"article","og_title":"Los migrantes en Am\u00e9rica Latina benefician a las econom\u00edas locales","og_description":"REDACCI\u00d3N NOTI-AM\u00c9RICA (ECUADOR) Dos nuevos estudios revelan c\u00f3mo cubren importantes lagunas en los mercados laborales locales e impulsan la demanda de bienes y servicios, lo que puede aumentar los ingresos fiscales y favorecer el&#46;&#46;&#46;","og_url":"https:\/\/noti-america.com\/site\/principal\/2024\/02\/27\/los-migrantes-en-america-latina-benefician-a-las-economias-locales\/","og_site_name":"Noti-America.com","article_published_time":"2024-02-27T07:04:57+00:00","og_image":[{"width":560,"height":340,"url":"https:\/\/noti-america.com\/site\/principal\/wp-content\/uploads\/sites\/26\/2024\/02\/\u00a9-OIM-Gema-Cortes.jpg","type":"image\/jpeg"}],"author":"Gregory Quintana Montiel","twitter_card":"summary_large_image","twitter_creator":"@gdgregori1","twitter_misc":{"Escrito por":"Gregory Quintana Montiel","Tiempo estimado de lectura":"5 minutos"},"schema":{"@context":"https:\/\/schema.org","@graph":[{"@type":"Article","@id":"https:\/\/noti-america.com\/site\/principal\/2024\/02\/27\/los-migrantes-en-america-latina-benefician-a-las-economias-locales\/#article","isPartOf":{"@id":"https:\/\/noti-america.com\/site\/principal\/2024\/02\/27\/los-migrantes-en-america-latina-benefician-a-las-economias-locales\/"},"author":{"name":"Gregory Quintana Montiel","@id":"https:\/\/noti-america.com\/site\/principal\/#\/schema\/person\/3b975e42f15abfe64bfe3abdd916efda"},"headline":"Los migrantes en Am\u00e9rica Latina benefician a las econom\u00edas locales","datePublished":"2024-02-27T07:04:57+00:00","mainEntityOfPage":{"@id":"https:\/\/noti-america.com\/site\/principal\/2024\/02\/27\/los-migrantes-en-america-latina-benefician-a-las-economias-locales\/"},"wordCount":1070,"image":{"@id":"https:\/\/noti-america.com\/site\/principal\/2024\/02\/27\/los-migrantes-en-america-latina-benefician-a-las-economias-locales\/#primaryimage"},"thumbnailUrl":"https:\/\/noti-america.com\/site\/principal\/wp-content\/uploads\/sites\/26\/2024\/02\/\u00a9-OIM-Gema-Cortes.jpg","articleSection":["Migrantes y Refugiados"],"inLanguage":"es"},{"@type":"WebPage","@id":"https:\/\/noti-america.com\/site\/principal\/2024\/02\/27\/los-migrantes-en-america-latina-benefician-a-las-economias-locales\/","url":"https:\/\/noti-america.com\/site\/principal\/2024\/02\/27\/los-migrantes-en-america-latina-benefician-a-las-economias-locales\/","name":"Los migrantes en Am\u00e9rica Latina benefician a las econom\u00edas locales - Noti-America.com","isPartOf":{"@id":"https:\/\/noti-america.com\/site\/principal\/#website"},"primaryImageOfPage":{"@id":"https:\/\/noti-america.com\/site\/principal\/2024\/02\/27\/los-migrantes-en-america-latina-benefician-a-las-economias-locales\/#primaryimage"},"image":{"@id":"https:\/\/noti-america.com\/site\/principal\/2024\/02\/27\/los-migrantes-en-america-latina-benefician-a-las-economias-locales\/#primaryimage"},"thumbnailUrl":"https:\/\/noti-america.com\/site\/principal\/wp-content\/uploads\/sites\/26\/2024\/02\/\u00a9-OIM-Gema-Cortes.jpg","datePublished":"2024-02-27T07:04:57+00:00","author":{"@id":"https:\/\/noti-america.com\/site\/principal\/#\/schema\/person\/3b975e42f15abfe64bfe3abdd916efda"},"breadcrumb":{"@id":"https:\/\/noti-america.com\/site\/principal\/2024\/02\/27\/los-migrantes-en-america-latina-benefician-a-las-economias-locales\/#breadcrumb"},"inLanguage":"es","potentialAction":[{"@type":"ReadAction","target":["https:\/\/noti-america.com\/site\/principal\/2024\/02\/27\/los-migrantes-en-america-latina-benefician-a-las-economias-locales\/"]}]},{"@type":"ImageObject","inLanguage":"es","@id":"https:\/\/noti-america.com\/site\/principal\/2024\/02\/27\/los-migrantes-en-america-latina-benefician-a-las-economias-locales\/#primaryimage","url":"https:\/\/noti-america.com\/site\/principal\/wp-content\/uploads\/sites\/26\/2024\/02\/\u00a9-OIM-Gema-Cortes.jpg","contentUrl":"https:\/\/noti-america.com\/site\/principal\/wp-content\/uploads\/sites\/26\/2024\/02\/\u00a9-OIM-Gema-Cortes.jpg","width":560,"height":340},{"@type":"BreadcrumbList","@id":"https:\/\/noti-america.com\/site\/principal\/2024\/02\/27\/los-migrantes-en-america-latina-benefician-a-las-economias-locales\/#breadcrumb","itemListElement":[{"@type":"ListItem","position":1,"name":"Portada","item":"https:\/\/noti-america.com\/site\/principal\/"},{"@type":"ListItem","position":2,"name":"Los migrantes en Am\u00e9rica Latina benefician a las econom\u00edas locales"}]},{"@type":"WebSite","@id":"https:\/\/noti-america.com\/site\/principal\/#website","url":"https:\/\/noti-america.com\/site\/principal\/","name":"Noti-America.com","description":"El Noticiero Digital M\u00e1s Grande de Am\u00e9rica","potentialAction":[{"@type":"SearchAction","target":{"@type":"EntryPoint","urlTemplate":"https:\/\/noti-america.com\/site\/principal\/?s={search_term_string}"},"query-input":{"@type":"PropertyValueSpecification","valueRequired":true,"valueName":"search_term_string"}}],"inLanguage":"es"},{"@type":"Person","@id":"https:\/\/noti-america.com\/site\/principal\/#\/schema\/person\/3b975e42f15abfe64bfe3abdd916efda","name":"Gregory Quintana Montiel","image":{"@type":"ImageObject","inLanguage":"es","@id":"https:\/\/secure.gravatar.com\/avatar\/2d6b802f7720c2ec7744dcbe608cc2f3417aeb964d58b443c6d612b77531de1d?s=96&d=mm&r=g","url":"https:\/\/secure.gravatar.com\/avatar\/2d6b802f7720c2ec7744dcbe608cc2f3417aeb964d58b443c6d612b77531de1d?s=96&d=mm&r=g","contentUrl":"https:\/\/secure.gravatar.com\/avatar\/2d6b802f7720c2ec7744dcbe608cc2f3417aeb964d58b443c6d612b77531de1d?s=96&d=mm&r=g","caption":"Gregory Quintana Montiel"},"description":"Licenciatura en Ciencias de la Comunicaci\u00f3n Social, egresado en la Especializaci\u00f3n Derecho Ambiental Desarrollo Sostenible y Sustentable, Miembro de la Comunidad de profesionales y experto para Latinoam\u00e9rica y el Caribe en Gesti\u00f3n por Resultado en el Desarrollo (COPLAC - GpRD) del Banco Interamericano de Desarrollo, experiencia en medios radiales y escritos.","sameAs":["https:\/\/x.com\/gdgregori1","gquintana"],"url":"https:\/\/noti-america.com\/site\/principal\/author\/gquintana\/"}]}},"_links":{"self":[{"href":"https:\/\/noti-america.com\/site\/principal\/wp-json\/wp\/v2\/posts\/39926","targetHints":{"allow":["GET"]}}],"collection":[{"href":"https:\/\/noti-america.com\/site\/principal\/wp-json\/wp\/v2\/posts"}],"about":[{"href":"https:\/\/noti-america.com\/site\/principal\/wp-json\/wp\/v2\/types\/post"}],"author":[{"embeddable":true,"href":"https:\/\/noti-america.com\/site\/principal\/wp-json\/wp\/v2\/users\/17"}],"replies":[{"embeddable":true,"href":"https:\/\/noti-america.com\/site\/principal\/wp-json\/wp\/v2\/comments?post=39926"}],"version-history":[{"count":1,"href":"https:\/\/noti-america.com\/site\/principal\/wp-json\/wp\/v2\/posts\/39926\/revisions"}],"predecessor-version":[{"id":39945,"href":"https:\/\/noti-america.com\/site\/principal\/wp-json\/wp\/v2\/posts\/39926\/revisions\/39945"}],"wp:featuredmedia":[{"embeddable":true,"href":"https:\/\/noti-america.com\/site\/principal\/wp-json\/wp\/v2\/media\/39927"}],"wp:attachment":[{"href":"https:\/\/noti-america.com\/site\/principal\/wp-json\/wp\/v2\/media?parent=39926"}],"wp:term":[{"taxonomy":"category","embeddable":true,"href":"https:\/\/noti-america.com\/site\/principal\/wp-json\/wp\/v2\/categories?post=39926"},{"taxonomy":"post_tag","embeddable":true,"href":"https:\/\/noti-america.com\/site\/principal\/wp-json\/wp\/v2\/tags?post=39926"}],"curies":[{"name":"wp","href":"https:\/\/api.w.org\/{rel}","templated":true}]}}