{"id":39482,"date":"2024-02-20T15:15:17","date_gmt":"2024-02-20T19:15:17","guid":{"rendered":"https:\/\/noti-america.com\/site\/principal\/?p=39482"},"modified":"2024-02-20T15:15:17","modified_gmt":"2024-02-20T19:15:17","slug":"rusia-ratifica-levantamiento-de-restriccion-al-banano-ecuatoriano","status":"publish","type":"post","link":"https:\/\/noti-america.com\/site\/principal\/2024\/02\/20\/rusia-ratifica-levantamiento-de-restriccion-al-banano-ecuatoriano\/","title":{"rendered":"Rusia ratifica levantamiento de restricci\u00f3n al banano ecuatoriano"},"content":{"rendered":"<p><span style=\"color: #000000\"><strong>REDACCI\u00d3N NOTI-AM\u00c9RICA (ECUADOR)<\/strong><\/span><\/p>\n<div style=\"width: 1930px\" class=\"wp-caption alignnone\"><img loading=\"lazy\" decoding=\"async\" src=\"https:\/\/www.agricultura.gob.ec\/wp-content\/uploads\/2024\/02\/TEMA-2-AVISO-2-OPCION-3.jpg\" alt=\"\" width=\"1920\" height=\"1080\" \/><p class=\"wp-caption-text\">Banano ecuatoriano<\/p><\/div>\n<p style=\"text-align: justify\">Tres acuerdos principales alcanzaron Ecuador y Rusia, respecto a la exportaci\u00f3n de banano, durante una reuni\u00f3n que la ma\u00f1ana de este lunes mantuvieron funcionarios de diferentes entidades de los dos pa\u00edses.<\/p>\n<p style=\"text-align: justify\">Los principales acuerdos son:<\/p>\n<ul style=\"text-align: justify\">\n<li>Ratificar el levantamiento de la restricci\u00f3n de las cinco empresas exportadoras de banano.<\/li>\n<li>Mantener un canal directo entre los servicios sanitarios de ambos pa\u00edses.<\/li>\n<li>Definir una fecha para la firma de un memorando de entendimiento entre autoridades de las agencias de servicios sanitarios de Rusia y Ecuador.<\/li>\n<\/ul>\n<p style=\"text-align: justify\">En la reuni\u00f3n participaron representantes del Ministerio de Agricultura y Ganader\u00eda, a trav\u00e9s de Agrocalidad; los ministerios de Relaciones Exteriores y Movilidad Humana; Producci\u00f3n, Comercio Exterior, Inversiones y Pesca; la Oficina Comercial de Ecuador en Mosc\u00fa, y directivos de Rosselkhoznadzor, el organismo sanitario ruso.<\/p>\n<p style=\"text-align: justify\">En esta reuni\u00f3n se expusieron los protocolos y planes de trabajo que dan garant\u00edas a este y otros importantes destinos sobre los productos ecuatorianos que se exportan.<\/p>\n<p style=\"text-align: justify\">Entre enero \u2013 noviembre de 2023, las exportaciones agropecuarias ecuatorianas al mercado ruso registraron 715,34 millones de d\u00f3lares.La exportaci\u00f3n de banano\u00a0represent\u00f3 689,95 millones de d\u00f3lares, por 1.304.683,30 toneladas. La participaci\u00f3n fue de 96,45%.<\/p>\n","protected":false},"excerpt":{"rendered":"<p>REDACCI\u00d3N NOTI-AM\u00c9RICA (ECUADOR) Tres acuerdos principales alcanzaron Ecuador y Rusia, respecto a la exportaci\u00f3n de banano, durante una reuni\u00f3n que la ma\u00f1ana de este lunes mantuvieron funcionarios de diferentes entidades de los dos pa\u00edses.&#46;&#46;&#46;<\/p>\n","protected":false},"author":17,"featured_media":39483,"comment_status":"","ping_status":"open","sticky":false,"template":"","format":"standard","meta":{"_acf_changed":false,"rop_custom_images_group":[],"rop_custom_messages_group":[],"rop_publish_now":"initial","rop_publish_now_accounts":{"facebook_10219548024599422_1632221337088128":"","twitter_242054905_242054905":""},"rop_publish_now_history":[],"rop_publish_now_status":"pending","footnotes":""},"categories":[716],"tags":[],"class_list":["post-39482","post","type-post","status-publish","format-standard","has-post-thumbnail","hentry","category-agricultura"],"acf":[],"yoast_head":"<!-- This site is optimized with the Yoast SEO Premium plugin v24.9 (Yoast SEO v27.2) - https:\/\/yoast.com\/product\/yoast-seo-premium-wordpress\/ -->\n<title>Rusia ratifica levantamiento de restricci\u00f3n al banano ecuatoriano - Noti-America.com<\/title>\n<meta name=\"robots\" content=\"index, follow, max-snippet:-1, max-image-preview:large, max-video-preview:-1\" \/>\n<link rel=\"canonical\" href=\"https:\/\/noti-america.com\/site\/principal\/2024\/02\/20\/rusia-ratifica-levantamiento-de-restriccion-al-banano-ecuatoriano\/\" \/>\n<meta property=\"og:locale\" content=\"es_ES\" \/>\n<meta property=\"og:type\" content=\"article\" \/>\n<meta property=\"og:title\" content=\"Rusia ratifica levantamiento de restricci\u00f3n al banano ecuatoriano\" \/>\n<meta property=\"og:description\" content=\"REDACCI\u00d3N NOTI-AM\u00c9RICA (ECUADOR) Tres acuerdos principales alcanzaron Ecuador y Rusia, respecto a la exportaci\u00f3n de banano, durante una reuni\u00f3n que la ma\u00f1ana de este lunes mantuvieron funcionarios de diferentes entidades de los dos pa\u00edses.&#046;&#046;&#046;\" \/>\n<meta property=\"og:url\" content=\"https:\/\/noti-america.com\/site\/principal\/2024\/02\/20\/rusia-ratifica-levantamiento-de-restriccion-al-banano-ecuatoriano\/\" \/>\n<meta property=\"og:site_name\" content=\"Noti-America.com\" \/>\n<meta property=\"article:published_time\" content=\"2024-02-20T19:15:17+00:00\" \/>\n<meta property=\"og:image\" content=\"https:\/\/noti-america.com\/site\/principal\/wp-content\/uploads\/sites\/26\/2024\/02\/Banano-ecuatoriano.jpg\" \/>\n\t<meta property=\"og:image:width\" content=\"1920\" \/>\n\t<meta property=\"og:image:height\" content=\"1080\" \/>\n\t<meta property=\"og:image:type\" content=\"image\/jpeg\" \/>\n<meta name=\"author\" content=\"Gregory Quintana Montiel\" \/>\n<meta name=\"twitter:card\" content=\"summary_large_image\" \/>\n<meta name=\"twitter:creator\" content=\"@gdgregori1\" \/>\n<meta name=\"twitter:label1\" content=\"Escrito por\" \/>\n\t<meta name=\"twitter:data1\" content=\"Gregory Quintana Montiel\" \/>\n\t<meta name=\"twitter:label2\" content=\"Tiempo estimado de lectura\" \/>\n\t<meta name=\"twitter:data2\" content=\"1 minuto\" \/>\n<script type=\"application\/ld+json\" class=\"yoast-schema-graph\">{\"@context\":\"https:\/\/schema.org\",\"@graph\":[{\"@type\":\"Article\",\"@id\":\"https:\/\/noti-america.com\/site\/principal\/2024\/02\/20\/rusia-ratifica-levantamiento-de-restriccion-al-banano-ecuatoriano\/#article\",\"isPartOf\":{\"@id\":\"https:\/\/noti-america.com\/site\/principal\/2024\/02\/20\/rusia-ratifica-levantamiento-de-restriccion-al-banano-ecuatoriano\/\"},\"author\":{\"name\":\"Gregory Quintana Montiel\",\"@id\":\"https:\/\/noti-america.com\/site\/principal\/#\/schema\/person\/3b975e42f15abfe64bfe3abdd916efda\"},\"headline\":\"Rusia ratifica levantamiento de restricci\u00f3n al banano ecuatoriano\",\"datePublished\":\"2024-02-20T19:15:17+00:00\",\"mainEntityOfPage\":{\"@id\":\"https:\/\/noti-america.com\/site\/principal\/2024\/02\/20\/rusia-ratifica-levantamiento-de-restriccion-al-banano-ecuatoriano\/\"},\"wordCount\":220,\"image\":{\"@id\":\"https:\/\/noti-america.com\/site\/principal\/2024\/02\/20\/rusia-ratifica-levantamiento-de-restriccion-al-banano-ecuatoriano\/#primaryimage\"},\"thumbnailUrl\":\"https:\/\/noti-america.com\/site\/principal\/wp-content\/uploads\/sites\/26\/2024\/02\/Banano-ecuatoriano.jpg\",\"articleSection\":[\"Agricultura\"],\"inLanguage\":\"es\"},{\"@type\":\"WebPage\",\"@id\":\"https:\/\/noti-america.com\/site\/principal\/2024\/02\/20\/rusia-ratifica-levantamiento-de-restriccion-al-banano-ecuatoriano\/\",\"url\":\"https:\/\/noti-america.com\/site\/principal\/2024\/02\/20\/rusia-ratifica-levantamiento-de-restriccion-al-banano-ecuatoriano\/\",\"name\":\"Rusia ratifica levantamiento de restricci\u00f3n al banano ecuatoriano - Noti-America.com\",\"isPartOf\":{\"@id\":\"https:\/\/noti-america.com\/site\/principal\/#website\"},\"primaryImageOfPage\":{\"@id\":\"https:\/\/noti-america.com\/site\/principal\/2024\/02\/20\/rusia-ratifica-levantamiento-de-restriccion-al-banano-ecuatoriano\/#primaryimage\"},\"image\":{\"@id\":\"https:\/\/noti-america.com\/site\/principal\/2024\/02\/20\/rusia-ratifica-levantamiento-de-restriccion-al-banano-ecuatoriano\/#primaryimage\"},\"thumbnailUrl\":\"https:\/\/noti-america.com\/site\/principal\/wp-content\/uploads\/sites\/26\/2024\/02\/Banano-ecuatoriano.jpg\",\"datePublished\":\"2024-02-20T19:15:17+00:00\",\"author\":{\"@id\":\"https:\/\/noti-america.com\/site\/principal\/#\/schema\/person\/3b975e42f15abfe64bfe3abdd916efda\"},\"breadcrumb\":{\"@id\":\"https:\/\/noti-america.com\/site\/principal\/2024\/02\/20\/rusia-ratifica-levantamiento-de-restriccion-al-banano-ecuatoriano\/#breadcrumb\"},\"inLanguage\":\"es\",\"potentialAction\":[{\"@type\":\"ReadAction\",\"target\":[\"https:\/\/noti-america.com\/site\/principal\/2024\/02\/20\/rusia-ratifica-levantamiento-de-restriccion-al-banano-ecuatoriano\/\"]}]},{\"@type\":\"ImageObject\",\"inLanguage\":\"es\",\"@id\":\"https:\/\/noti-america.com\/site\/principal\/2024\/02\/20\/rusia-ratifica-levantamiento-de-restriccion-al-banano-ecuatoriano\/#primaryimage\",\"url\":\"https:\/\/noti-america.com\/site\/principal\/wp-content\/uploads\/sites\/26\/2024\/02\/Banano-ecuatoriano.jpg\",\"contentUrl\":\"https:\/\/noti-america.com\/site\/principal\/wp-content\/uploads\/sites\/26\/2024\/02\/Banano-ecuatoriano.jpg\",\"width\":1920,\"height\":1080},{\"@type\":\"BreadcrumbList\",\"@id\":\"https:\/\/noti-america.com\/site\/principal\/2024\/02\/20\/rusia-ratifica-levantamiento-de-restriccion-al-banano-ecuatoriano\/#breadcrumb\",\"itemListElement\":[{\"@type\":\"ListItem\",\"position\":1,\"name\":\"Portada\",\"item\":\"https:\/\/noti-america.com\/site\/principal\/\"},{\"@type\":\"ListItem\",\"position\":2,\"name\":\"Rusia ratifica levantamiento de restricci\u00f3n al banano ecuatoriano\"}]},{\"@type\":\"WebSite\",\"@id\":\"https:\/\/noti-america.com\/site\/principal\/#website\",\"url\":\"https:\/\/noti-america.com\/site\/principal\/\",\"name\":\"Noti-America.com\",\"description\":\"El Noticiero Digital M\u00e1s Grande de Am\u00e9rica\",\"potentialAction\":[{\"@type\":\"SearchAction\",\"target\":{\"@type\":\"EntryPoint\",\"urlTemplate\":\"https:\/\/noti-america.com\/site\/principal\/?s={search_term_string}\"},\"query-input\":{\"@type\":\"PropertyValueSpecification\",\"valueRequired\":true,\"valueName\":\"search_term_string\"}}],\"inLanguage\":\"es\"},{\"@type\":\"Person\",\"@id\":\"https:\/\/noti-america.com\/site\/principal\/#\/schema\/person\/3b975e42f15abfe64bfe3abdd916efda\",\"name\":\"Gregory Quintana Montiel\",\"image\":{\"@type\":\"ImageObject\",\"inLanguage\":\"es\",\"@id\":\"https:\/\/secure.gravatar.com\/avatar\/2d6b802f7720c2ec7744dcbe608cc2f3417aeb964d58b443c6d612b77531de1d?s=96&d=mm&r=g\",\"url\":\"https:\/\/secure.gravatar.com\/avatar\/2d6b802f7720c2ec7744dcbe608cc2f3417aeb964d58b443c6d612b77531de1d?s=96&d=mm&r=g\",\"contentUrl\":\"https:\/\/secure.gravatar.com\/avatar\/2d6b802f7720c2ec7744dcbe608cc2f3417aeb964d58b443c6d612b77531de1d?s=96&d=mm&r=g\",\"caption\":\"Gregory Quintana Montiel\"},\"description\":\"Licenciatura en Ciencias de la Comunicaci\u00f3n Social, egresado en la Especializaci\u00f3n Derecho Ambiental Desarrollo Sostenible y Sustentable, Miembro de la Comunidad de profesionales y experto para Latinoam\u00e9rica y el Caribe en Gesti\u00f3n por Resultado en el Desarrollo (COPLAC - GpRD) del Banco Interamericano de Desarrollo, experiencia en medios radiales y escritos.\",\"sameAs\":[\"https:\/\/x.com\/gdgregori1\",\"gquintana\"],\"url\":\"https:\/\/noti-america.com\/site\/principal\/author\/gquintana\/\"}]}<\/script>\n<!-- \/ Yoast SEO Premium plugin. -->","yoast_head_json":{"title":"Rusia ratifica levantamiento de restricci\u00f3n al banano ecuatoriano - Noti-America.com","robots":{"index":"index","follow":"follow","max-snippet":"max-snippet:-1","max-image-preview":"max-image-preview:large","max-video-preview":"max-video-preview:-1"},"canonical":"https:\/\/noti-america.com\/site\/principal\/2024\/02\/20\/rusia-ratifica-levantamiento-de-restriccion-al-banano-ecuatoriano\/","og_locale":"es_ES","og_type":"article","og_title":"Rusia ratifica levantamiento de restricci\u00f3n al banano ecuatoriano","og_description":"REDACCI\u00d3N NOTI-AM\u00c9RICA (ECUADOR) Tres acuerdos principales alcanzaron Ecuador y Rusia, respecto a la exportaci\u00f3n de banano, durante una reuni\u00f3n que la ma\u00f1ana de este lunes mantuvieron funcionarios de diferentes entidades de los dos pa\u00edses.&#46;&#46;&#46;","og_url":"https:\/\/noti-america.com\/site\/principal\/2024\/02\/20\/rusia-ratifica-levantamiento-de-restriccion-al-banano-ecuatoriano\/","og_site_name":"Noti-America.com","article_published_time":"2024-02-20T19:15:17+00:00","og_image":[{"width":1920,"height":1080,"url":"https:\/\/noti-america.com\/site\/principal\/wp-content\/uploads\/sites\/26\/2024\/02\/Banano-ecuatoriano.jpg","type":"image\/jpeg"}],"author":"Gregory Quintana Montiel","twitter_card":"summary_large_image","twitter_creator":"@gdgregori1","twitter_misc":{"Escrito por":"Gregory Quintana Montiel","Tiempo estimado de lectura":"1 minuto"},"schema":{"@context":"https:\/\/schema.org","@graph":[{"@type":"Article","@id":"https:\/\/noti-america.com\/site\/principal\/2024\/02\/20\/rusia-ratifica-levantamiento-de-restriccion-al-banano-ecuatoriano\/#article","isPartOf":{"@id":"https:\/\/noti-america.com\/site\/principal\/2024\/02\/20\/rusia-ratifica-levantamiento-de-restriccion-al-banano-ecuatoriano\/"},"author":{"name":"Gregory Quintana Montiel","@id":"https:\/\/noti-america.com\/site\/principal\/#\/schema\/person\/3b975e42f15abfe64bfe3abdd916efda"},"headline":"Rusia ratifica levantamiento de restricci\u00f3n al banano ecuatoriano","datePublished":"2024-02-20T19:15:17+00:00","mainEntityOfPage":{"@id":"https:\/\/noti-america.com\/site\/principal\/2024\/02\/20\/rusia-ratifica-levantamiento-de-restriccion-al-banano-ecuatoriano\/"},"wordCount":220,"image":{"@id":"https:\/\/noti-america.com\/site\/principal\/2024\/02\/20\/rusia-ratifica-levantamiento-de-restriccion-al-banano-ecuatoriano\/#primaryimage"},"thumbnailUrl":"https:\/\/noti-america.com\/site\/principal\/wp-content\/uploads\/sites\/26\/2024\/02\/Banano-ecuatoriano.jpg","articleSection":["Agricultura"],"inLanguage":"es"},{"@type":"WebPage","@id":"https:\/\/noti-america.com\/site\/principal\/2024\/02\/20\/rusia-ratifica-levantamiento-de-restriccion-al-banano-ecuatoriano\/","url":"https:\/\/noti-america.com\/site\/principal\/2024\/02\/20\/rusia-ratifica-levantamiento-de-restriccion-al-banano-ecuatoriano\/","name":"Rusia ratifica levantamiento de restricci\u00f3n al banano ecuatoriano - Noti-America.com","isPartOf":{"@id":"https:\/\/noti-america.com\/site\/principal\/#website"},"primaryImageOfPage":{"@id":"https:\/\/noti-america.com\/site\/principal\/2024\/02\/20\/rusia-ratifica-levantamiento-de-restriccion-al-banano-ecuatoriano\/#primaryimage"},"image":{"@id":"https:\/\/noti-america.com\/site\/principal\/2024\/02\/20\/rusia-ratifica-levantamiento-de-restriccion-al-banano-ecuatoriano\/#primaryimage"},"thumbnailUrl":"https:\/\/noti-america.com\/site\/principal\/wp-content\/uploads\/sites\/26\/2024\/02\/Banano-ecuatoriano.jpg","datePublished":"2024-02-20T19:15:17+00:00","author":{"@id":"https:\/\/noti-america.com\/site\/principal\/#\/schema\/person\/3b975e42f15abfe64bfe3abdd916efda"},"breadcrumb":{"@id":"https:\/\/noti-america.com\/site\/principal\/2024\/02\/20\/rusia-ratifica-levantamiento-de-restriccion-al-banano-ecuatoriano\/#breadcrumb"},"inLanguage":"es","potentialAction":[{"@type":"ReadAction","target":["https:\/\/noti-america.com\/site\/principal\/2024\/02\/20\/rusia-ratifica-levantamiento-de-restriccion-al-banano-ecuatoriano\/"]}]},{"@type":"ImageObject","inLanguage":"es","@id":"https:\/\/noti-america.com\/site\/principal\/2024\/02\/20\/rusia-ratifica-levantamiento-de-restriccion-al-banano-ecuatoriano\/#primaryimage","url":"https:\/\/noti-america.com\/site\/principal\/wp-content\/uploads\/sites\/26\/2024\/02\/Banano-ecuatoriano.jpg","contentUrl":"https:\/\/noti-america.com\/site\/principal\/wp-content\/uploads\/sites\/26\/2024\/02\/Banano-ecuatoriano.jpg","width":1920,"height":1080},{"@type":"BreadcrumbList","@id":"https:\/\/noti-america.com\/site\/principal\/2024\/02\/20\/rusia-ratifica-levantamiento-de-restriccion-al-banano-ecuatoriano\/#breadcrumb","itemListElement":[{"@type":"ListItem","position":1,"name":"Portada","item":"https:\/\/noti-america.com\/site\/principal\/"},{"@type":"ListItem","position":2,"name":"Rusia ratifica levantamiento de restricci\u00f3n al banano ecuatoriano"}]},{"@type":"WebSite","@id":"https:\/\/noti-america.com\/site\/principal\/#website","url":"https:\/\/noti-america.com\/site\/principal\/","name":"Noti-America.com","description":"El Noticiero Digital M\u00e1s Grande de Am\u00e9rica","potentialAction":[{"@type":"SearchAction","target":{"@type":"EntryPoint","urlTemplate":"https:\/\/noti-america.com\/site\/principal\/?s={search_term_string}"},"query-input":{"@type":"PropertyValueSpecification","valueRequired":true,"valueName":"search_term_string"}}],"inLanguage":"es"},{"@type":"Person","@id":"https:\/\/noti-america.com\/site\/principal\/#\/schema\/person\/3b975e42f15abfe64bfe3abdd916efda","name":"Gregory Quintana Montiel","image":{"@type":"ImageObject","inLanguage":"es","@id":"https:\/\/secure.gravatar.com\/avatar\/2d6b802f7720c2ec7744dcbe608cc2f3417aeb964d58b443c6d612b77531de1d?s=96&d=mm&r=g","url":"https:\/\/secure.gravatar.com\/avatar\/2d6b802f7720c2ec7744dcbe608cc2f3417aeb964d58b443c6d612b77531de1d?s=96&d=mm&r=g","contentUrl":"https:\/\/secure.gravatar.com\/avatar\/2d6b802f7720c2ec7744dcbe608cc2f3417aeb964d58b443c6d612b77531de1d?s=96&d=mm&r=g","caption":"Gregory Quintana Montiel"},"description":"Licenciatura en Ciencias de la Comunicaci\u00f3n Social, egresado en la Especializaci\u00f3n Derecho Ambiental Desarrollo Sostenible y Sustentable, Miembro de la Comunidad de profesionales y experto para Latinoam\u00e9rica y el Caribe en Gesti\u00f3n por Resultado en el Desarrollo (COPLAC - GpRD) del Banco Interamericano de Desarrollo, experiencia en medios radiales y escritos.","sameAs":["https:\/\/x.com\/gdgregori1","gquintana"],"url":"https:\/\/noti-america.com\/site\/principal\/author\/gquintana\/"}]}},"_links":{"self":[{"href":"https:\/\/noti-america.com\/site\/principal\/wp-json\/wp\/v2\/posts\/39482","targetHints":{"allow":["GET"]}}],"collection":[{"href":"https:\/\/noti-america.com\/site\/principal\/wp-json\/wp\/v2\/posts"}],"about":[{"href":"https:\/\/noti-america.com\/site\/principal\/wp-json\/wp\/v2\/types\/post"}],"author":[{"embeddable":true,"href":"https:\/\/noti-america.com\/site\/principal\/wp-json\/wp\/v2\/users\/17"}],"replies":[{"embeddable":true,"href":"https:\/\/noti-america.com\/site\/principal\/wp-json\/wp\/v2\/comments?post=39482"}],"version-history":[{"count":1,"href":"https:\/\/noti-america.com\/site\/principal\/wp-json\/wp\/v2\/posts\/39482\/revisions"}],"predecessor-version":[{"id":39506,"href":"https:\/\/noti-america.com\/site\/principal\/wp-json\/wp\/v2\/posts\/39482\/revisions\/39506"}],"wp:featuredmedia":[{"embeddable":true,"href":"https:\/\/noti-america.com\/site\/principal\/wp-json\/wp\/v2\/media\/39483"}],"wp:attachment":[{"href":"https:\/\/noti-america.com\/site\/principal\/wp-json\/wp\/v2\/media?parent=39482"}],"wp:term":[{"taxonomy":"category","embeddable":true,"href":"https:\/\/noti-america.com\/site\/principal\/wp-json\/wp\/v2\/categories?post=39482"},{"taxonomy":"post_tag","embeddable":true,"href":"https:\/\/noti-america.com\/site\/principal\/wp-json\/wp\/v2\/tags?post=39482"}],"curies":[{"name":"wp","href":"https:\/\/api.w.org\/{rel}","templated":true}]}}