{"id":39336,"date":"2024-02-17T18:26:27","date_gmt":"2024-02-17T22:26:27","guid":{"rendered":"https:\/\/noti-america.com\/site\/principal\/?p=39336"},"modified":"2024-02-17T18:26:27","modified_gmt":"2024-02-17T22:26:27","slug":"case-phone-mas-que-una-funda-un-accesorio-indispensable","status":"publish","type":"post","link":"https:\/\/noti-america.com\/site\/principal\/2024\/02\/17\/case-phone-mas-que-una-funda-un-accesorio-indispensable\/","title":{"rendered":"Case Phone: M\u00e1s que una funda, un accesorio indispensable"},"content":{"rendered":"<p>NOTI-AMERICA.COM | M\u00c9XICO \u2013 Lo importante es ver c\u00f3mo luce tu tel\u00e9fono y que refleje parte de tu personalidad debido a que se ha convertido en una extensi\u00f3n de nuestra identidad y estilo de vida. El concepto de llevar una funda para celular ha trascendido su funci\u00f3n b\u00e1sica de protecci\u00f3n para convertirse en un accesorio de moda imprescindible.<\/p>\n<p>La reciente colaboraci\u00f3n entre Hailey Bieber y su marca Rhode Beauty ha puesto de relieve este fen\u00f3meno al presentar una funda para iPhone que no solo protege el dispositivo, sino que tambi\u00e9n incluye un compartimento dedicado a llevar su lipgloss, fusionando as\u00ed la funcionalidad con el estilo.<\/p>\n<p>Prueba esta funda para iPhone 13 Pro Max o iPhone 12 Pro Max con tarjetero para mujer, correa cruzada, soporte para tarjetas de cr\u00e9dito, soporte para anillo, cierre a presi\u00f3n.<\/p>\n<p>Por otro lado, Jess Cartner-Morley, editora asociada de moda para The Guardian, se\u00f1ala c\u00f3mo los celulares han pasado a ser objetos inseparables en nuestra vida diaria, al generar incluso momentos de p\u00e1nico cuando moment\u00e1neamente desaparecen de nuestra vista. Este fen\u00f3meno se refleja en la moda, donde ahora las fundas de tel\u00e9fono est\u00e1n emergiendo como el accesorio \u00abIt\u00bb del momento, comparando con las bolsas de dise\u00f1ador.<\/p>\n<p>&nbsp;<\/p>\n<p>&nbsp;<\/p>\n","protected":false},"excerpt":{"rendered":"<p>NOTI-AMERICA.COM | M\u00c9XICO \u2013 Lo importante es ver c\u00f3mo luce tu tel\u00e9fono y que refleje parte de tu personalidad debido a que se ha convertido en una extensi\u00f3n de nuestra identidad y estilo de&#46;&#46;&#46;<\/p>\n","protected":false},"author":133,"featured_media":39337,"comment_status":"","ping_status":"open","sticky":false,"template":"","format":"image","meta":{"_acf_changed":false,"rop_custom_images_group":[],"rop_custom_messages_group":[],"rop_publish_now":"initial","rop_publish_now_accounts":{"facebook_10219548024599422_1632221337088128":"","twitter_242054905_242054905":""},"rop_publish_now_history":[],"rop_publish_now_status":"pending","footnotes":""},"categories":[663],"tags":[],"class_list":["post-39336","post","type-post","status-publish","format-image","has-post-thumbnail","hentry","category-actualidad","post_format-post-format-image"],"acf":[],"yoast_head":"<!-- This site is optimized with the Yoast SEO Premium plugin v24.9 (Yoast SEO v27.2) - https:\/\/yoast.com\/product\/yoast-seo-premium-wordpress\/ -->\n<title>Case Phone: M\u00e1s que una funda, un accesorio indispensable - Noti-America.com<\/title>\n<meta name=\"robots\" content=\"index, follow, max-snippet:-1, max-image-preview:large, max-video-preview:-1\" \/>\n<link rel=\"canonical\" href=\"https:\/\/noti-america.com\/site\/principal\/2024\/02\/17\/case-phone-mas-que-una-funda-un-accesorio-indispensable\/\" \/>\n<meta property=\"og:locale\" content=\"es_ES\" \/>\n<meta property=\"og:type\" content=\"article\" \/>\n<meta property=\"og:title\" content=\"Case Phone: M\u00e1s que una funda, un accesorio indispensable\" \/>\n<meta property=\"og:description\" content=\"NOTI-AMERICA.COM | M\u00c9XICO \u2013 Lo importante es ver c\u00f3mo luce tu tel\u00e9fono y que refleje parte de tu personalidad debido a que se ha convertido en una extensi\u00f3n de nuestra identidad y estilo de&#046;&#046;&#046;\" \/>\n<meta property=\"og:url\" content=\"https:\/\/noti-america.com\/site\/principal\/2024\/02\/17\/case-phone-mas-que-una-funda-un-accesorio-indispensable\/\" \/>\n<meta property=\"og:site_name\" content=\"Noti-America.com\" \/>\n<meta property=\"article:author\" content=\"Mar\u00eda Valentina Noguera\" \/>\n<meta property=\"article:published_time\" content=\"2024-02-17T22:26:27+00:00\" \/>\n<meta property=\"og:image\" content=\"https:\/\/noti-america.com\/site\/principal\/wp-content\/uploads\/sites\/26\/2024\/02\/65cb5123a22c0.r_d.670-289-11111.jpeg\" \/>\n\t<meta property=\"og:image:width\" content=\"1200\" \/>\n\t<meta property=\"og:image:height\" content=\"600\" \/>\n\t<meta property=\"og:image:type\" content=\"image\/jpeg\" \/>\n<meta name=\"author\" content=\"Maria Valentina Noguera Medina\" \/>\n<meta name=\"twitter:card\" content=\"summary_large_image\" \/>\n<meta name=\"twitter:label1\" content=\"Escrito por\" \/>\n\t<meta name=\"twitter:data1\" content=\"Maria Valentina Noguera Medina\" \/>\n\t<meta name=\"twitter:label2\" content=\"Tiempo estimado de lectura\" \/>\n\t<meta name=\"twitter:data2\" content=\"1 minuto\" \/>\n<script type=\"application\/ld+json\" class=\"yoast-schema-graph\">{\"@context\":\"https:\/\/schema.org\",\"@graph\":[{\"@type\":\"Article\",\"@id\":\"https:\/\/noti-america.com\/site\/principal\/2024\/02\/17\/case-phone-mas-que-una-funda-un-accesorio-indispensable\/#article\",\"isPartOf\":{\"@id\":\"https:\/\/noti-america.com\/site\/principal\/2024\/02\/17\/case-phone-mas-que-una-funda-un-accesorio-indispensable\/\"},\"author\":{\"name\":\"Maria Valentina Noguera Medina\",\"@id\":\"https:\/\/noti-america.com\/site\/principal\/#\/schema\/person\/22806efcc2cfc4b45efb0e17be210ea8\"},\"headline\":\"Case Phone: M\u00e1s que una funda, un accesorio indispensable\",\"datePublished\":\"2024-02-17T22:26:27+00:00\",\"mainEntityOfPage\":{\"@id\":\"https:\/\/noti-america.com\/site\/principal\/2024\/02\/17\/case-phone-mas-que-una-funda-un-accesorio-indispensable\/\"},\"wordCount\":229,\"image\":{\"@id\":\"https:\/\/noti-america.com\/site\/principal\/2024\/02\/17\/case-phone-mas-que-una-funda-un-accesorio-indispensable\/#primaryimage\"},\"thumbnailUrl\":\"https:\/\/noti-america.com\/site\/principal\/wp-content\/uploads\/sites\/26\/2024\/02\/65cb5123a22c0.r_d.670-289-11111.jpeg\",\"articleSection\":[\"Actualidad\"],\"inLanguage\":\"es\"},{\"@type\":\"WebPage\",\"@id\":\"https:\/\/noti-america.com\/site\/principal\/2024\/02\/17\/case-phone-mas-que-una-funda-un-accesorio-indispensable\/\",\"url\":\"https:\/\/noti-america.com\/site\/principal\/2024\/02\/17\/case-phone-mas-que-una-funda-un-accesorio-indispensable\/\",\"name\":\"Case Phone: M\u00e1s que una funda, un accesorio indispensable - Noti-America.com\",\"isPartOf\":{\"@id\":\"https:\/\/noti-america.com\/site\/principal\/#website\"},\"primaryImageOfPage\":{\"@id\":\"https:\/\/noti-america.com\/site\/principal\/2024\/02\/17\/case-phone-mas-que-una-funda-un-accesorio-indispensable\/#primaryimage\"},\"image\":{\"@id\":\"https:\/\/noti-america.com\/site\/principal\/2024\/02\/17\/case-phone-mas-que-una-funda-un-accesorio-indispensable\/#primaryimage\"},\"thumbnailUrl\":\"https:\/\/noti-america.com\/site\/principal\/wp-content\/uploads\/sites\/26\/2024\/02\/65cb5123a22c0.r_d.670-289-11111.jpeg\",\"datePublished\":\"2024-02-17T22:26:27+00:00\",\"author\":{\"@id\":\"https:\/\/noti-america.com\/site\/principal\/#\/schema\/person\/22806efcc2cfc4b45efb0e17be210ea8\"},\"breadcrumb\":{\"@id\":\"https:\/\/noti-america.com\/site\/principal\/2024\/02\/17\/case-phone-mas-que-una-funda-un-accesorio-indispensable\/#breadcrumb\"},\"inLanguage\":\"es\",\"potentialAction\":[{\"@type\":\"ReadAction\",\"target\":[\"https:\/\/noti-america.com\/site\/principal\/2024\/02\/17\/case-phone-mas-que-una-funda-un-accesorio-indispensable\/\"]}]},{\"@type\":\"ImageObject\",\"inLanguage\":\"es\",\"@id\":\"https:\/\/noti-america.com\/site\/principal\/2024\/02\/17\/case-phone-mas-que-una-funda-un-accesorio-indispensable\/#primaryimage\",\"url\":\"https:\/\/noti-america.com\/site\/principal\/wp-content\/uploads\/sites\/26\/2024\/02\/65cb5123a22c0.r_d.670-289-11111.jpeg\",\"contentUrl\":\"https:\/\/noti-america.com\/site\/principal\/wp-content\/uploads\/sites\/26\/2024\/02\/65cb5123a22c0.r_d.670-289-11111.jpeg\",\"width\":1200,\"height\":600},{\"@type\":\"BreadcrumbList\",\"@id\":\"https:\/\/noti-america.com\/site\/principal\/2024\/02\/17\/case-phone-mas-que-una-funda-un-accesorio-indispensable\/#breadcrumb\",\"itemListElement\":[{\"@type\":\"ListItem\",\"position\":1,\"name\":\"Portada\",\"item\":\"https:\/\/noti-america.com\/site\/principal\/\"},{\"@type\":\"ListItem\",\"position\":2,\"name\":\"Case Phone: M\u00e1s que una funda, un accesorio indispensable\"}]},{\"@type\":\"WebSite\",\"@id\":\"https:\/\/noti-america.com\/site\/principal\/#website\",\"url\":\"https:\/\/noti-america.com\/site\/principal\/\",\"name\":\"Noti-America.com\",\"description\":\"El Noticiero Digital M\u00e1s Grande de Am\u00e9rica\",\"potentialAction\":[{\"@type\":\"SearchAction\",\"target\":{\"@type\":\"EntryPoint\",\"urlTemplate\":\"https:\/\/noti-america.com\/site\/principal\/?s={search_term_string}\"},\"query-input\":{\"@type\":\"PropertyValueSpecification\",\"valueRequired\":true,\"valueName\":\"search_term_string\"}}],\"inLanguage\":\"es\"},{\"@type\":\"Person\",\"@id\":\"https:\/\/noti-america.com\/site\/principal\/#\/schema\/person\/22806efcc2cfc4b45efb0e17be210ea8\",\"name\":\"Maria Valentina Noguera Medina\",\"image\":{\"@type\":\"ImageObject\",\"inLanguage\":\"es\",\"@id\":\"https:\/\/secure.gravatar.com\/avatar\/4ec5eb9d099f2608a49c9df6f7341f66f04f819cdffa09d56a7a0e91d2819d56?s=96&d=mm&r=g\",\"url\":\"https:\/\/secure.gravatar.com\/avatar\/4ec5eb9d099f2608a49c9df6f7341f66f04f819cdffa09d56a7a0e91d2819d56?s=96&d=mm&r=g\",\"contentUrl\":\"https:\/\/secure.gravatar.com\/avatar\/4ec5eb9d099f2608a49c9df6f7341f66f04f819cdffa09d56a7a0e91d2819d56?s=96&d=mm&r=g\",\"caption\":\"Maria Valentina Noguera Medina\"},\"description\":\"Periodista - noti-america - Promar Community Manager - Talento Plus Dise\u00f1adora\/ creadora de contenido...\",\"sameAs\":[\"Mar\u00eda Valentina Noguera\",\"https:\/\/www.facebook.com\/mariavalentina.noguera\",\"https:\/\/www.linkedin.com\/in\/mara-valentina-noguera-medina-373075165\/\",\"https:\/\/www.pinterest.es\/valentinanoguera95\/\",\"https:\/\/www.youtube.com\/channel\/UCdek6mbUZ-Tqqw0I63i4nmQ\"],\"url\":\"https:\/\/noti-america.com\/site\/principal\/author\/mnoguera\/\"}]}<\/script>\n<!-- \/ Yoast SEO Premium plugin. -->","yoast_head_json":{"title":"Case Phone: M\u00e1s que una funda, un accesorio indispensable - Noti-America.com","robots":{"index":"index","follow":"follow","max-snippet":"max-snippet:-1","max-image-preview":"max-image-preview:large","max-video-preview":"max-video-preview:-1"},"canonical":"https:\/\/noti-america.com\/site\/principal\/2024\/02\/17\/case-phone-mas-que-una-funda-un-accesorio-indispensable\/","og_locale":"es_ES","og_type":"article","og_title":"Case Phone: M\u00e1s que una funda, un accesorio indispensable","og_description":"NOTI-AMERICA.COM | M\u00c9XICO \u2013 Lo importante es ver c\u00f3mo luce tu tel\u00e9fono y que refleje parte de tu personalidad debido a que se ha convertido en una extensi\u00f3n de nuestra identidad y estilo de&#46;&#46;&#46;","og_url":"https:\/\/noti-america.com\/site\/principal\/2024\/02\/17\/case-phone-mas-que-una-funda-un-accesorio-indispensable\/","og_site_name":"Noti-America.com","article_author":"Mar\u00eda Valentina Noguera","article_published_time":"2024-02-17T22:26:27+00:00","og_image":[{"width":1200,"height":600,"url":"https:\/\/noti-america.com\/site\/principal\/wp-content\/uploads\/sites\/26\/2024\/02\/65cb5123a22c0.r_d.670-289-11111.jpeg","type":"image\/jpeg"}],"author":"Maria Valentina Noguera Medina","twitter_card":"summary_large_image","twitter_misc":{"Escrito por":"Maria Valentina Noguera Medina","Tiempo estimado de lectura":"1 minuto"},"schema":{"@context":"https:\/\/schema.org","@graph":[{"@type":"Article","@id":"https:\/\/noti-america.com\/site\/principal\/2024\/02\/17\/case-phone-mas-que-una-funda-un-accesorio-indispensable\/#article","isPartOf":{"@id":"https:\/\/noti-america.com\/site\/principal\/2024\/02\/17\/case-phone-mas-que-una-funda-un-accesorio-indispensable\/"},"author":{"name":"Maria Valentina Noguera Medina","@id":"https:\/\/noti-america.com\/site\/principal\/#\/schema\/person\/22806efcc2cfc4b45efb0e17be210ea8"},"headline":"Case Phone: M\u00e1s que una funda, un accesorio indispensable","datePublished":"2024-02-17T22:26:27+00:00","mainEntityOfPage":{"@id":"https:\/\/noti-america.com\/site\/principal\/2024\/02\/17\/case-phone-mas-que-una-funda-un-accesorio-indispensable\/"},"wordCount":229,"image":{"@id":"https:\/\/noti-america.com\/site\/principal\/2024\/02\/17\/case-phone-mas-que-una-funda-un-accesorio-indispensable\/#primaryimage"},"thumbnailUrl":"https:\/\/noti-america.com\/site\/principal\/wp-content\/uploads\/sites\/26\/2024\/02\/65cb5123a22c0.r_d.670-289-11111.jpeg","articleSection":["Actualidad"],"inLanguage":"es"},{"@type":"WebPage","@id":"https:\/\/noti-america.com\/site\/principal\/2024\/02\/17\/case-phone-mas-que-una-funda-un-accesorio-indispensable\/","url":"https:\/\/noti-america.com\/site\/principal\/2024\/02\/17\/case-phone-mas-que-una-funda-un-accesorio-indispensable\/","name":"Case Phone: M\u00e1s que una funda, un accesorio indispensable - Noti-America.com","isPartOf":{"@id":"https:\/\/noti-america.com\/site\/principal\/#website"},"primaryImageOfPage":{"@id":"https:\/\/noti-america.com\/site\/principal\/2024\/02\/17\/case-phone-mas-que-una-funda-un-accesorio-indispensable\/#primaryimage"},"image":{"@id":"https:\/\/noti-america.com\/site\/principal\/2024\/02\/17\/case-phone-mas-que-una-funda-un-accesorio-indispensable\/#primaryimage"},"thumbnailUrl":"https:\/\/noti-america.com\/site\/principal\/wp-content\/uploads\/sites\/26\/2024\/02\/65cb5123a22c0.r_d.670-289-11111.jpeg","datePublished":"2024-02-17T22:26:27+00:00","author":{"@id":"https:\/\/noti-america.com\/site\/principal\/#\/schema\/person\/22806efcc2cfc4b45efb0e17be210ea8"},"breadcrumb":{"@id":"https:\/\/noti-america.com\/site\/principal\/2024\/02\/17\/case-phone-mas-que-una-funda-un-accesorio-indispensable\/#breadcrumb"},"inLanguage":"es","potentialAction":[{"@type":"ReadAction","target":["https:\/\/noti-america.com\/site\/principal\/2024\/02\/17\/case-phone-mas-que-una-funda-un-accesorio-indispensable\/"]}]},{"@type":"ImageObject","inLanguage":"es","@id":"https:\/\/noti-america.com\/site\/principal\/2024\/02\/17\/case-phone-mas-que-una-funda-un-accesorio-indispensable\/#primaryimage","url":"https:\/\/noti-america.com\/site\/principal\/wp-content\/uploads\/sites\/26\/2024\/02\/65cb5123a22c0.r_d.670-289-11111.jpeg","contentUrl":"https:\/\/noti-america.com\/site\/principal\/wp-content\/uploads\/sites\/26\/2024\/02\/65cb5123a22c0.r_d.670-289-11111.jpeg","width":1200,"height":600},{"@type":"BreadcrumbList","@id":"https:\/\/noti-america.com\/site\/principal\/2024\/02\/17\/case-phone-mas-que-una-funda-un-accesorio-indispensable\/#breadcrumb","itemListElement":[{"@type":"ListItem","position":1,"name":"Portada","item":"https:\/\/noti-america.com\/site\/principal\/"},{"@type":"ListItem","position":2,"name":"Case Phone: M\u00e1s que una funda, un accesorio indispensable"}]},{"@type":"WebSite","@id":"https:\/\/noti-america.com\/site\/principal\/#website","url":"https:\/\/noti-america.com\/site\/principal\/","name":"Noti-America.com","description":"El Noticiero Digital M\u00e1s Grande de Am\u00e9rica","potentialAction":[{"@type":"SearchAction","target":{"@type":"EntryPoint","urlTemplate":"https:\/\/noti-america.com\/site\/principal\/?s={search_term_string}"},"query-input":{"@type":"PropertyValueSpecification","valueRequired":true,"valueName":"search_term_string"}}],"inLanguage":"es"},{"@type":"Person","@id":"https:\/\/noti-america.com\/site\/principal\/#\/schema\/person\/22806efcc2cfc4b45efb0e17be210ea8","name":"Maria Valentina Noguera Medina","image":{"@type":"ImageObject","inLanguage":"es","@id":"https:\/\/secure.gravatar.com\/avatar\/4ec5eb9d099f2608a49c9df6f7341f66f04f819cdffa09d56a7a0e91d2819d56?s=96&d=mm&r=g","url":"https:\/\/secure.gravatar.com\/avatar\/4ec5eb9d099f2608a49c9df6f7341f66f04f819cdffa09d56a7a0e91d2819d56?s=96&d=mm&r=g","contentUrl":"https:\/\/secure.gravatar.com\/avatar\/4ec5eb9d099f2608a49c9df6f7341f66f04f819cdffa09d56a7a0e91d2819d56?s=96&d=mm&r=g","caption":"Maria Valentina Noguera Medina"},"description":"Periodista - noti-america - Promar Community Manager - Talento Plus Dise\u00f1adora\/ creadora de contenido...","sameAs":["Mar\u00eda Valentina Noguera","https:\/\/www.facebook.com\/mariavalentina.noguera","https:\/\/www.linkedin.com\/in\/mara-valentina-noguera-medina-373075165\/","https:\/\/www.pinterest.es\/valentinanoguera95\/","https:\/\/www.youtube.com\/channel\/UCdek6mbUZ-Tqqw0I63i4nmQ"],"url":"https:\/\/noti-america.com\/site\/principal\/author\/mnoguera\/"}]}},"_links":{"self":[{"href":"https:\/\/noti-america.com\/site\/principal\/wp-json\/wp\/v2\/posts\/39336","targetHints":{"allow":["GET"]}}],"collection":[{"href":"https:\/\/noti-america.com\/site\/principal\/wp-json\/wp\/v2\/posts"}],"about":[{"href":"https:\/\/noti-america.com\/site\/principal\/wp-json\/wp\/v2\/types\/post"}],"author":[{"embeddable":true,"href":"https:\/\/noti-america.com\/site\/principal\/wp-json\/wp\/v2\/users\/133"}],"replies":[{"embeddable":true,"href":"https:\/\/noti-america.com\/site\/principal\/wp-json\/wp\/v2\/comments?post=39336"}],"version-history":[{"count":1,"href":"https:\/\/noti-america.com\/site\/principal\/wp-json\/wp\/v2\/posts\/39336\/revisions"}],"predecessor-version":[{"id":39360,"href":"https:\/\/noti-america.com\/site\/principal\/wp-json\/wp\/v2\/posts\/39336\/revisions\/39360"}],"wp:featuredmedia":[{"embeddable":true,"href":"https:\/\/noti-america.com\/site\/principal\/wp-json\/wp\/v2\/media\/39337"}],"wp:attachment":[{"href":"https:\/\/noti-america.com\/site\/principal\/wp-json\/wp\/v2\/media?parent=39336"}],"wp:term":[{"taxonomy":"category","embeddable":true,"href":"https:\/\/noti-america.com\/site\/principal\/wp-json\/wp\/v2\/categories?post=39336"},{"taxonomy":"post_tag","embeddable":true,"href":"https:\/\/noti-america.com\/site\/principal\/wp-json\/wp\/v2\/tags?post=39336"}],"curies":[{"name":"wp","href":"https:\/\/api.w.org\/{rel}","templated":true}]}}