{"id":39238,"date":"2024-02-16T19:15:20","date_gmt":"2024-02-16T23:15:20","guid":{"rendered":"https:\/\/noti-america.com\/site\/principal\/?p=39238"},"modified":"2024-02-16T19:15:20","modified_gmt":"2024-02-16T23:15:20","slug":"abba-reedita-su-disco-waterloo-por-el-50-aniversario-de-su-victoria-en-eurovision","status":"publish","type":"post","link":"https:\/\/noti-america.com\/site\/principal\/2024\/02\/16\/abba-reedita-su-disco-waterloo-por-el-50-aniversario-de-su-victoria-en-eurovision\/","title":{"rendered":"ABBA reedita su disco &#8216;Waterloo&#8217; por el 50 aniversario de su victoria en Eurovisi\u00f3n"},"content":{"rendered":"<p>NOTI-AMERICA.COM | M\u00c9XICO \u2013El grupo sueco ABBA reeditar\u00e1 el pr\u00f3ximo 5 de abril su \u00e1lbum &#8216;Waterloo&#8217;, el segundo que lanz\u00f3 y uno de los m\u00e1s famosos de su carrera al contener el tema hom\u00f3nimo que hace 50 a\u00f1os los convirti\u00f3 en estrellas mundiales por su victoria en el Festival de Eurovisi\u00f3n.<\/p>\n<p>Universal Music inform\u00f3 que a partir de esa fecha el que fue el segundo trabajo del cuarteto volver\u00e1 a ver la luz en varios formatos, empezando por un doble LP de vinilo masterizado a media velocidad (45 RPM) por Miles Showell en Abbey Road Studio.<\/p>\n<p>Otro de los formatos es una caja de edici\u00f3n limitada que a\u00f1ade al anterior material los tres singles de vinilo lanzados originalmente por el sello Polar Music en 1974.<\/p>\n<p>Por \u00faltimo, estar\u00e1 disponible tambi\u00e9n una tercera edici\u00f3n que por primera vez incluir\u00e1 un sencillo de 10 pulgadas con portada troquelada y versiones del tema &#8216;Waterloo&#8217; en cuatro idiomas diferentes (sueco, ingl\u00e9s, alem\u00e1n y franc\u00e9s).<\/p>\n<p>Cuando este \u00e1lbum fue lanzado por primera vez en Suecia en marzo de 1974 se convirti\u00f3 en el disco m\u00e1s vendido de la historia de ese pa\u00eds, en parte gracias a la canci\u00f3n que le da nombre y otros \u00e9xitos como &#8216;Honey, Honey&#8217;, &#8216;Dance (While the Music Still Goes On)&#8217; y la balada &#8216;Hasta ma\u00f1ana&#8217;.<\/p>\n<p>Formada en 1972 por Agnetha F\u00e4ltskog, Bj\u00f6rn Ulvaeus, Benny Andersson y Anni-Frid \u00abFrida\u00bb Lyngstad, ABBA (el resultado de unir las iniciales de los nombres de sus cuatro integrantes) se convirti\u00f3 en una de las bandas de mayor \u00e9xito mundial con temas como &#8216;Mamma M\u00eda&#8217;, &#8216;The Winner Takes It All&#8217; o &#8216;Dancing Queen&#8217;.<\/p>\n<p>Su discograf\u00eda arranca con &#8216;Ring Ring&#8217; (1973) e incluye hitos como los \u00e1lbumes &#8216;ABBA&#8217; (1975), &#8216;Arrival&#8217; (1976) o &#8216;Super Trouper&#8217; (1980). &#8216;The Visitors&#8217; (1981), el primer \u00e1lbum en ser lanzado en el mundo en formato de CD, fue su \u00faltimo trabajo hasta la reciente reuni\u00f3n del cuarteto para lanzar &#8216;Voyage&#8217; (2021).<\/p>\n","protected":false},"excerpt":{"rendered":"<p>NOTI-AMERICA.COM | M\u00c9XICO \u2013El grupo sueco ABBA reeditar\u00e1 el pr\u00f3ximo 5 de abril su \u00e1lbum &#8216;Waterloo&#8217;, el segundo que lanz\u00f3 y uno de los m\u00e1s famosos de su carrera al contener el tema hom\u00f3nimo&#46;&#46;&#46;<\/p>\n","protected":false},"author":133,"featured_media":39239,"comment_status":"","ping_status":"open","sticky":false,"template":"","format":"image","meta":{"_acf_changed":false,"rop_custom_images_group":[],"rop_custom_messages_group":[],"rop_publish_now":"initial","rop_publish_now_accounts":{"facebook_10219548024599422_1632221337088128":"","twitter_242054905_242054905":""},"rop_publish_now_history":[],"rop_publish_now_status":"pending","footnotes":""},"categories":[663],"tags":[],"class_list":["post-39238","post","type-post","status-publish","format-image","has-post-thumbnail","hentry","category-actualidad","post_format-post-format-image"],"acf":[],"yoast_head":"<!-- This site is optimized with the Yoast SEO Premium plugin v24.9 (Yoast SEO v27.2) - https:\/\/yoast.com\/product\/yoast-seo-premium-wordpress\/ -->\n<title>ABBA reedita su disco &#8216;Waterloo&#8217; por el 50 aniversario de su victoria en Eurovisi\u00f3n - Noti-America.com<\/title>\n<meta name=\"robots\" content=\"index, follow, max-snippet:-1, max-image-preview:large, max-video-preview:-1\" \/>\n<link rel=\"canonical\" href=\"https:\/\/noti-america.com\/site\/principal\/2024\/02\/16\/abba-reedita-su-disco-waterloo-por-el-50-aniversario-de-su-victoria-en-eurovision\/\" \/>\n<meta property=\"og:locale\" content=\"es_ES\" \/>\n<meta property=\"og:type\" content=\"article\" \/>\n<meta property=\"og:title\" content=\"ABBA reedita su disco &#8216;Waterloo&#8217; por el 50 aniversario de su victoria en Eurovisi\u00f3n\" \/>\n<meta property=\"og:description\" content=\"NOTI-AMERICA.COM | M\u00c9XICO \u2013El grupo sueco ABBA reeditar\u00e1 el pr\u00f3ximo 5 de abril su \u00e1lbum &#8216;Waterloo&#8217;, el segundo que lanz\u00f3 y uno de los m\u00e1s famosos de su carrera al contener el tema hom\u00f3nimo&#046;&#046;&#046;\" \/>\n<meta property=\"og:url\" content=\"https:\/\/noti-america.com\/site\/principal\/2024\/02\/16\/abba-reedita-su-disco-waterloo-por-el-50-aniversario-de-su-victoria-en-eurovision\/\" \/>\n<meta property=\"og:site_name\" content=\"Noti-America.com\" \/>\n<meta property=\"article:author\" content=\"Mar\u00eda Valentina Noguera\" \/>\n<meta property=\"article:published_time\" content=\"2024-02-16T23:15:20+00:00\" \/>\n<meta property=\"og:image\" content=\"https:\/\/noti-america.com\/site\/principal\/wp-content\/uploads\/sites\/26\/2024\/02\/abba-cortesia-a16e3e.jpg\" \/>\n\t<meta property=\"og:image:width\" content=\"800\" \/>\n\t<meta property=\"og:image:height\" content=\"500\" \/>\n\t<meta property=\"og:image:type\" content=\"image\/jpeg\" \/>\n<meta name=\"author\" content=\"Maria Valentina Noguera Medina\" \/>\n<meta name=\"twitter:card\" content=\"summary_large_image\" \/>\n<meta name=\"twitter:label1\" content=\"Escrito por\" \/>\n\t<meta name=\"twitter:data1\" content=\"Maria Valentina Noguera Medina\" \/>\n\t<meta name=\"twitter:label2\" content=\"Tiempo estimado de lectura\" \/>\n\t<meta name=\"twitter:data2\" content=\"2 minutos\" \/>\n<script type=\"application\/ld+json\" class=\"yoast-schema-graph\">{\"@context\":\"https:\/\/schema.org\",\"@graph\":[{\"@type\":\"Article\",\"@id\":\"https:\/\/noti-america.com\/site\/principal\/2024\/02\/16\/abba-reedita-su-disco-waterloo-por-el-50-aniversario-de-su-victoria-en-eurovision\/#article\",\"isPartOf\":{\"@id\":\"https:\/\/noti-america.com\/site\/principal\/2024\/02\/16\/abba-reedita-su-disco-waterloo-por-el-50-aniversario-de-su-victoria-en-eurovision\/\"},\"author\":{\"name\":\"Maria Valentina Noguera Medina\",\"@id\":\"https:\/\/noti-america.com\/site\/principal\/#\/schema\/person\/22806efcc2cfc4b45efb0e17be210ea8\"},\"headline\":\"ABBA reedita su disco &#8216;Waterloo&#8217; por el 50 aniversario de su victoria en Eurovisi\u00f3n\",\"datePublished\":\"2024-02-16T23:15:20+00:00\",\"mainEntityOfPage\":{\"@id\":\"https:\/\/noti-america.com\/site\/principal\/2024\/02\/16\/abba-reedita-su-disco-waterloo-por-el-50-aniversario-de-su-victoria-en-eurovision\/\"},\"wordCount\":341,\"image\":{\"@id\":\"https:\/\/noti-america.com\/site\/principal\/2024\/02\/16\/abba-reedita-su-disco-waterloo-por-el-50-aniversario-de-su-victoria-en-eurovision\/#primaryimage\"},\"thumbnailUrl\":\"https:\/\/noti-america.com\/site\/principal\/wp-content\/uploads\/sites\/26\/2024\/02\/abba-cortesia-a16e3e.jpg\",\"articleSection\":[\"Actualidad\"],\"inLanguage\":\"es\"},{\"@type\":\"WebPage\",\"@id\":\"https:\/\/noti-america.com\/site\/principal\/2024\/02\/16\/abba-reedita-su-disco-waterloo-por-el-50-aniversario-de-su-victoria-en-eurovision\/\",\"url\":\"https:\/\/noti-america.com\/site\/principal\/2024\/02\/16\/abba-reedita-su-disco-waterloo-por-el-50-aniversario-de-su-victoria-en-eurovision\/\",\"name\":\"ABBA reedita su disco &#8216;Waterloo&#8217; por el 50 aniversario de su victoria en Eurovisi\u00f3n - Noti-America.com\",\"isPartOf\":{\"@id\":\"https:\/\/noti-america.com\/site\/principal\/#website\"},\"primaryImageOfPage\":{\"@id\":\"https:\/\/noti-america.com\/site\/principal\/2024\/02\/16\/abba-reedita-su-disco-waterloo-por-el-50-aniversario-de-su-victoria-en-eurovision\/#primaryimage\"},\"image\":{\"@id\":\"https:\/\/noti-america.com\/site\/principal\/2024\/02\/16\/abba-reedita-su-disco-waterloo-por-el-50-aniversario-de-su-victoria-en-eurovision\/#primaryimage\"},\"thumbnailUrl\":\"https:\/\/noti-america.com\/site\/principal\/wp-content\/uploads\/sites\/26\/2024\/02\/abba-cortesia-a16e3e.jpg\",\"datePublished\":\"2024-02-16T23:15:20+00:00\",\"author\":{\"@id\":\"https:\/\/noti-america.com\/site\/principal\/#\/schema\/person\/22806efcc2cfc4b45efb0e17be210ea8\"},\"breadcrumb\":{\"@id\":\"https:\/\/noti-america.com\/site\/principal\/2024\/02\/16\/abba-reedita-su-disco-waterloo-por-el-50-aniversario-de-su-victoria-en-eurovision\/#breadcrumb\"},\"inLanguage\":\"es\",\"potentialAction\":[{\"@type\":\"ReadAction\",\"target\":[\"https:\/\/noti-america.com\/site\/principal\/2024\/02\/16\/abba-reedita-su-disco-waterloo-por-el-50-aniversario-de-su-victoria-en-eurovision\/\"]}]},{\"@type\":\"ImageObject\",\"inLanguage\":\"es\",\"@id\":\"https:\/\/noti-america.com\/site\/principal\/2024\/02\/16\/abba-reedita-su-disco-waterloo-por-el-50-aniversario-de-su-victoria-en-eurovision\/#primaryimage\",\"url\":\"https:\/\/noti-america.com\/site\/principal\/wp-content\/uploads\/sites\/26\/2024\/02\/abba-cortesia-a16e3e.jpg\",\"contentUrl\":\"https:\/\/noti-america.com\/site\/principal\/wp-content\/uploads\/sites\/26\/2024\/02\/abba-cortesia-a16e3e.jpg\",\"width\":800,\"height\":500},{\"@type\":\"BreadcrumbList\",\"@id\":\"https:\/\/noti-america.com\/site\/principal\/2024\/02\/16\/abba-reedita-su-disco-waterloo-por-el-50-aniversario-de-su-victoria-en-eurovision\/#breadcrumb\",\"itemListElement\":[{\"@type\":\"ListItem\",\"position\":1,\"name\":\"Portada\",\"item\":\"https:\/\/noti-america.com\/site\/principal\/\"},{\"@type\":\"ListItem\",\"position\":2,\"name\":\"ABBA reedita su disco &#8216;Waterloo&#8217; por el 50 aniversario de su victoria en Eurovisi\u00f3n\"}]},{\"@type\":\"WebSite\",\"@id\":\"https:\/\/noti-america.com\/site\/principal\/#website\",\"url\":\"https:\/\/noti-america.com\/site\/principal\/\",\"name\":\"Noti-America.com\",\"description\":\"El Noticiero Digital M\u00e1s Grande de Am\u00e9rica\",\"potentialAction\":[{\"@type\":\"SearchAction\",\"target\":{\"@type\":\"EntryPoint\",\"urlTemplate\":\"https:\/\/noti-america.com\/site\/principal\/?s={search_term_string}\"},\"query-input\":{\"@type\":\"PropertyValueSpecification\",\"valueRequired\":true,\"valueName\":\"search_term_string\"}}],\"inLanguage\":\"es\"},{\"@type\":\"Person\",\"@id\":\"https:\/\/noti-america.com\/site\/principal\/#\/schema\/person\/22806efcc2cfc4b45efb0e17be210ea8\",\"name\":\"Maria Valentina Noguera Medina\",\"image\":{\"@type\":\"ImageObject\",\"inLanguage\":\"es\",\"@id\":\"https:\/\/secure.gravatar.com\/avatar\/4ec5eb9d099f2608a49c9df6f7341f66f04f819cdffa09d56a7a0e91d2819d56?s=96&d=mm&r=g\",\"url\":\"https:\/\/secure.gravatar.com\/avatar\/4ec5eb9d099f2608a49c9df6f7341f66f04f819cdffa09d56a7a0e91d2819d56?s=96&d=mm&r=g\",\"contentUrl\":\"https:\/\/secure.gravatar.com\/avatar\/4ec5eb9d099f2608a49c9df6f7341f66f04f819cdffa09d56a7a0e91d2819d56?s=96&d=mm&r=g\",\"caption\":\"Maria Valentina Noguera Medina\"},\"description\":\"Periodista - noti-america - Promar Community Manager - Talento Plus Dise\u00f1adora\/ creadora de contenido...\",\"sameAs\":[\"Mar\u00eda Valentina Noguera\",\"https:\/\/www.facebook.com\/mariavalentina.noguera\",\"https:\/\/www.linkedin.com\/in\/mara-valentina-noguera-medina-373075165\/\",\"https:\/\/www.pinterest.es\/valentinanoguera95\/\",\"https:\/\/www.youtube.com\/channel\/UCdek6mbUZ-Tqqw0I63i4nmQ\"],\"url\":\"https:\/\/noti-america.com\/site\/principal\/author\/mnoguera\/\"}]}<\/script>\n<!-- \/ Yoast SEO Premium plugin. -->","yoast_head_json":{"title":"ABBA reedita su disco &#8216;Waterloo&#8217; por el 50 aniversario de su victoria en Eurovisi\u00f3n - Noti-America.com","robots":{"index":"index","follow":"follow","max-snippet":"max-snippet:-1","max-image-preview":"max-image-preview:large","max-video-preview":"max-video-preview:-1"},"canonical":"https:\/\/noti-america.com\/site\/principal\/2024\/02\/16\/abba-reedita-su-disco-waterloo-por-el-50-aniversario-de-su-victoria-en-eurovision\/","og_locale":"es_ES","og_type":"article","og_title":"ABBA reedita su disco &#8216;Waterloo&#8217; por el 50 aniversario de su victoria en Eurovisi\u00f3n","og_description":"NOTI-AMERICA.COM | M\u00c9XICO \u2013El grupo sueco ABBA reeditar\u00e1 el pr\u00f3ximo 5 de abril su \u00e1lbum &#8216;Waterloo&#8217;, el segundo que lanz\u00f3 y uno de los m\u00e1s famosos de su carrera al contener el tema hom\u00f3nimo&#46;&#46;&#46;","og_url":"https:\/\/noti-america.com\/site\/principal\/2024\/02\/16\/abba-reedita-su-disco-waterloo-por-el-50-aniversario-de-su-victoria-en-eurovision\/","og_site_name":"Noti-America.com","article_author":"Mar\u00eda Valentina Noguera","article_published_time":"2024-02-16T23:15:20+00:00","og_image":[{"width":800,"height":500,"url":"https:\/\/noti-america.com\/site\/principal\/wp-content\/uploads\/sites\/26\/2024\/02\/abba-cortesia-a16e3e.jpg","type":"image\/jpeg"}],"author":"Maria Valentina Noguera Medina","twitter_card":"summary_large_image","twitter_misc":{"Escrito por":"Maria Valentina Noguera Medina","Tiempo estimado de lectura":"2 minutos"},"schema":{"@context":"https:\/\/schema.org","@graph":[{"@type":"Article","@id":"https:\/\/noti-america.com\/site\/principal\/2024\/02\/16\/abba-reedita-su-disco-waterloo-por-el-50-aniversario-de-su-victoria-en-eurovision\/#article","isPartOf":{"@id":"https:\/\/noti-america.com\/site\/principal\/2024\/02\/16\/abba-reedita-su-disco-waterloo-por-el-50-aniversario-de-su-victoria-en-eurovision\/"},"author":{"name":"Maria Valentina Noguera Medina","@id":"https:\/\/noti-america.com\/site\/principal\/#\/schema\/person\/22806efcc2cfc4b45efb0e17be210ea8"},"headline":"ABBA reedita su disco &#8216;Waterloo&#8217; por el 50 aniversario de su victoria en Eurovisi\u00f3n","datePublished":"2024-02-16T23:15:20+00:00","mainEntityOfPage":{"@id":"https:\/\/noti-america.com\/site\/principal\/2024\/02\/16\/abba-reedita-su-disco-waterloo-por-el-50-aniversario-de-su-victoria-en-eurovision\/"},"wordCount":341,"image":{"@id":"https:\/\/noti-america.com\/site\/principal\/2024\/02\/16\/abba-reedita-su-disco-waterloo-por-el-50-aniversario-de-su-victoria-en-eurovision\/#primaryimage"},"thumbnailUrl":"https:\/\/noti-america.com\/site\/principal\/wp-content\/uploads\/sites\/26\/2024\/02\/abba-cortesia-a16e3e.jpg","articleSection":["Actualidad"],"inLanguage":"es"},{"@type":"WebPage","@id":"https:\/\/noti-america.com\/site\/principal\/2024\/02\/16\/abba-reedita-su-disco-waterloo-por-el-50-aniversario-de-su-victoria-en-eurovision\/","url":"https:\/\/noti-america.com\/site\/principal\/2024\/02\/16\/abba-reedita-su-disco-waterloo-por-el-50-aniversario-de-su-victoria-en-eurovision\/","name":"ABBA reedita su disco &#8216;Waterloo&#8217; por el 50 aniversario de su victoria en Eurovisi\u00f3n - Noti-America.com","isPartOf":{"@id":"https:\/\/noti-america.com\/site\/principal\/#website"},"primaryImageOfPage":{"@id":"https:\/\/noti-america.com\/site\/principal\/2024\/02\/16\/abba-reedita-su-disco-waterloo-por-el-50-aniversario-de-su-victoria-en-eurovision\/#primaryimage"},"image":{"@id":"https:\/\/noti-america.com\/site\/principal\/2024\/02\/16\/abba-reedita-su-disco-waterloo-por-el-50-aniversario-de-su-victoria-en-eurovision\/#primaryimage"},"thumbnailUrl":"https:\/\/noti-america.com\/site\/principal\/wp-content\/uploads\/sites\/26\/2024\/02\/abba-cortesia-a16e3e.jpg","datePublished":"2024-02-16T23:15:20+00:00","author":{"@id":"https:\/\/noti-america.com\/site\/principal\/#\/schema\/person\/22806efcc2cfc4b45efb0e17be210ea8"},"breadcrumb":{"@id":"https:\/\/noti-america.com\/site\/principal\/2024\/02\/16\/abba-reedita-su-disco-waterloo-por-el-50-aniversario-de-su-victoria-en-eurovision\/#breadcrumb"},"inLanguage":"es","potentialAction":[{"@type":"ReadAction","target":["https:\/\/noti-america.com\/site\/principal\/2024\/02\/16\/abba-reedita-su-disco-waterloo-por-el-50-aniversario-de-su-victoria-en-eurovision\/"]}]},{"@type":"ImageObject","inLanguage":"es","@id":"https:\/\/noti-america.com\/site\/principal\/2024\/02\/16\/abba-reedita-su-disco-waterloo-por-el-50-aniversario-de-su-victoria-en-eurovision\/#primaryimage","url":"https:\/\/noti-america.com\/site\/principal\/wp-content\/uploads\/sites\/26\/2024\/02\/abba-cortesia-a16e3e.jpg","contentUrl":"https:\/\/noti-america.com\/site\/principal\/wp-content\/uploads\/sites\/26\/2024\/02\/abba-cortesia-a16e3e.jpg","width":800,"height":500},{"@type":"BreadcrumbList","@id":"https:\/\/noti-america.com\/site\/principal\/2024\/02\/16\/abba-reedita-su-disco-waterloo-por-el-50-aniversario-de-su-victoria-en-eurovision\/#breadcrumb","itemListElement":[{"@type":"ListItem","position":1,"name":"Portada","item":"https:\/\/noti-america.com\/site\/principal\/"},{"@type":"ListItem","position":2,"name":"ABBA reedita su disco &#8216;Waterloo&#8217; por el 50 aniversario de su victoria en Eurovisi\u00f3n"}]},{"@type":"WebSite","@id":"https:\/\/noti-america.com\/site\/principal\/#website","url":"https:\/\/noti-america.com\/site\/principal\/","name":"Noti-America.com","description":"El Noticiero Digital M\u00e1s Grande de Am\u00e9rica","potentialAction":[{"@type":"SearchAction","target":{"@type":"EntryPoint","urlTemplate":"https:\/\/noti-america.com\/site\/principal\/?s={search_term_string}"},"query-input":{"@type":"PropertyValueSpecification","valueRequired":true,"valueName":"search_term_string"}}],"inLanguage":"es"},{"@type":"Person","@id":"https:\/\/noti-america.com\/site\/principal\/#\/schema\/person\/22806efcc2cfc4b45efb0e17be210ea8","name":"Maria Valentina Noguera Medina","image":{"@type":"ImageObject","inLanguage":"es","@id":"https:\/\/secure.gravatar.com\/avatar\/4ec5eb9d099f2608a49c9df6f7341f66f04f819cdffa09d56a7a0e91d2819d56?s=96&d=mm&r=g","url":"https:\/\/secure.gravatar.com\/avatar\/4ec5eb9d099f2608a49c9df6f7341f66f04f819cdffa09d56a7a0e91d2819d56?s=96&d=mm&r=g","contentUrl":"https:\/\/secure.gravatar.com\/avatar\/4ec5eb9d099f2608a49c9df6f7341f66f04f819cdffa09d56a7a0e91d2819d56?s=96&d=mm&r=g","caption":"Maria Valentina Noguera Medina"},"description":"Periodista - noti-america - Promar Community Manager - Talento Plus Dise\u00f1adora\/ creadora de contenido...","sameAs":["Mar\u00eda Valentina Noguera","https:\/\/www.facebook.com\/mariavalentina.noguera","https:\/\/www.linkedin.com\/in\/mara-valentina-noguera-medina-373075165\/","https:\/\/www.pinterest.es\/valentinanoguera95\/","https:\/\/www.youtube.com\/channel\/UCdek6mbUZ-Tqqw0I63i4nmQ"],"url":"https:\/\/noti-america.com\/site\/principal\/author\/mnoguera\/"}]}},"_links":{"self":[{"href":"https:\/\/noti-america.com\/site\/principal\/wp-json\/wp\/v2\/posts\/39238","targetHints":{"allow":["GET"]}}],"collection":[{"href":"https:\/\/noti-america.com\/site\/principal\/wp-json\/wp\/v2\/posts"}],"about":[{"href":"https:\/\/noti-america.com\/site\/principal\/wp-json\/wp\/v2\/types\/post"}],"author":[{"embeddable":true,"href":"https:\/\/noti-america.com\/site\/principal\/wp-json\/wp\/v2\/users\/133"}],"replies":[{"embeddable":true,"href":"https:\/\/noti-america.com\/site\/principal\/wp-json\/wp\/v2\/comments?post=39238"}],"version-history":[{"count":1,"href":"https:\/\/noti-america.com\/site\/principal\/wp-json\/wp\/v2\/posts\/39238\/revisions"}],"predecessor-version":[{"id":39289,"href":"https:\/\/noti-america.com\/site\/principal\/wp-json\/wp\/v2\/posts\/39238\/revisions\/39289"}],"wp:featuredmedia":[{"embeddable":true,"href":"https:\/\/noti-america.com\/site\/principal\/wp-json\/wp\/v2\/media\/39239"}],"wp:attachment":[{"href":"https:\/\/noti-america.com\/site\/principal\/wp-json\/wp\/v2\/media?parent=39238"}],"wp:term":[{"taxonomy":"category","embeddable":true,"href":"https:\/\/noti-america.com\/site\/principal\/wp-json\/wp\/v2\/categories?post=39238"},{"taxonomy":"post_tag","embeddable":true,"href":"https:\/\/noti-america.com\/site\/principal\/wp-json\/wp\/v2\/tags?post=39238"}],"curies":[{"name":"wp","href":"https:\/\/api.w.org\/{rel}","templated":true}]}}