{"id":38001,"date":"2024-01-29T15:48:25","date_gmt":"2024-01-29T19:48:25","guid":{"rendered":"https:\/\/noti-america.com\/site\/principal\/?p=38001"},"modified":"2024-01-29T15:48:25","modified_gmt":"2024-01-29T19:48:25","slug":"si-hubo-un-hackeo-amlo-sobre-filtracion-de-datos-personales-de-periodistas","status":"publish","type":"post","link":"https:\/\/noti-america.com\/site\/principal\/2024\/01\/29\/si-hubo-un-hackeo-amlo-sobre-filtracion-de-datos-personales-de-periodistas\/","title":{"rendered":"S\u00ed hubo un hackeo: AMLO sobre filtraci\u00f3n de datos personales de periodistas"},"content":{"rendered":"<p>NOTI-AMERICA.COM | M\u00c9XICO \u2013Andr\u00e9s Manuel L\u00f3pez Obrador explic\u00f3 que hubo un hackeo del sistema inform\u00e1tico de Presidencia, lo que provoc\u00f3 el viernes la filtraci\u00f3n de los datos personales de los periodistas que acuden a su conferencia ma\u00f1anera.<\/p>\n<p>\u00abS\u00ed hubo un hackeo, se llevaron los datos de los periodistas que cubren la ma\u00f1anera para tratar de sembrar la idea de que nosotros perseguimos, censuramos y somos dictadores\u00bb, dijo AMLO desde Palacio Nacional.<\/p>\n<p>De igual forma asegur\u00f3 que ya se inici\u00f3 una investigaci\u00f3n y que este lunes, el vocero presidencial Jes\u00fas Ram\u00edrez entregar\u00e1 un reporte al Instituto Nacional de Transparencia, Acceso a la Informaci\u00f3n y Protecci\u00f3n de Datos Personales (INAI).<\/p>\n<p>\u00abHoy me comentaba Jes\u00fas que tiene que entregar un informe al IANAI\u00bb, apunt\u00f3 el mandatario.<\/p>\n<p>Adem\u00e1s, inform\u00f3 que la Secretar\u00eda de Gobernaci\u00f3n brindar\u00e1 apoyo a las personas de quienes fueron filtrados sus datos.<\/p>\n<p>L\u00f3pez Obrador tambi\u00e9n deslind\u00f3 a su gobierno sobre la filtraci\u00f3n de los datos personales de los 319 comunicadores acreditados para acudir a su ma\u00f1anera, y acus\u00f3 a la oposici\u00f3n de ser los responsables.<\/p>\n<p>\u00abEs muy probable que haya sido la oposici\u00f3n\u00bb, dijo el presidente.<\/p>\n<p>Por su parte, la comisionada del Instituto Nacional de Transparencia, Acceso a la Informaci\u00f3n y Protecci\u00f3n de Datos Personales (Inai), Julieta del R\u00edo Venegas, se\u00f1al\u00f3 que la oficina de Presidencia enfrenta una sanci\u00f3n que va desde una amonestaci\u00f3n hasta una multa por dicha filtraci\u00f3n.<\/p>\n<p>Este lunes el presidente compar\u00f3 la filtraci\u00f3n de datos personales que sufrieron los comunicadores este viernes con el hakeo a los archivos clasificados de la Secretar\u00eda de la Defensa Nacional por los Ciberactivistas de Guacamaya: \u201cfue lo mismo lo que ocurri\u00f3 con Guacamaya Leaks y se trata de gente sin escr\u00fapulos\u201d.<\/p>\n<p>&nbsp;<\/p>\n","protected":false},"excerpt":{"rendered":"<p>NOTI-AMERICA.COM | M\u00c9XICO \u2013Andr\u00e9s Manuel L\u00f3pez Obrador explic\u00f3 que hubo un hackeo del sistema inform\u00e1tico de Presidencia, lo que provoc\u00f3 el viernes la filtraci\u00f3n de los datos personales de los periodistas que acuden a&#46;&#46;&#46;<\/p>\n","protected":false},"author":133,"featured_media":38002,"comment_status":"","ping_status":"open","sticky":false,"template":"","format":"image","meta":{"_acf_changed":false,"rop_custom_images_group":[],"rop_custom_messages_group":[],"rop_publish_now":"initial","rop_publish_now_accounts":{"facebook_10219548024599422_1632221337088128":"","twitter_242054905_242054905":""},"rop_publish_now_history":[],"rop_publish_now_status":"pending","footnotes":""},"categories":[663],"tags":[],"class_list":["post-38001","post","type-post","status-publish","format-image","has-post-thumbnail","hentry","category-actualidad","post_format-post-format-image"],"acf":[],"yoast_head":"<!-- This site is optimized with the Yoast SEO Premium plugin v24.9 (Yoast SEO v27.2) - https:\/\/yoast.com\/product\/yoast-seo-premium-wordpress\/ -->\n<title>S\u00ed hubo un hackeo: AMLO sobre filtraci\u00f3n de datos personales de periodistas - Noti-America.com<\/title>\n<meta name=\"robots\" content=\"index, follow, max-snippet:-1, max-image-preview:large, max-video-preview:-1\" \/>\n<link rel=\"canonical\" href=\"https:\/\/noti-america.com\/site\/principal\/2024\/01\/29\/si-hubo-un-hackeo-amlo-sobre-filtracion-de-datos-personales-de-periodistas\/\" \/>\n<meta property=\"og:locale\" content=\"es_ES\" \/>\n<meta property=\"og:type\" content=\"article\" \/>\n<meta property=\"og:title\" content=\"S\u00ed hubo un hackeo: AMLO sobre filtraci\u00f3n de datos personales de periodistas\" \/>\n<meta property=\"og:description\" content=\"NOTI-AMERICA.COM | M\u00c9XICO \u2013Andr\u00e9s Manuel L\u00f3pez Obrador explic\u00f3 que hubo un hackeo del sistema inform\u00e1tico de Presidencia, lo que provoc\u00f3 el viernes la filtraci\u00f3n de los datos personales de los periodistas que acuden a&#046;&#046;&#046;\" \/>\n<meta property=\"og:url\" content=\"https:\/\/noti-america.com\/site\/principal\/2024\/01\/29\/si-hubo-un-hackeo-amlo-sobre-filtracion-de-datos-personales-de-periodistas\/\" \/>\n<meta property=\"og:site_name\" content=\"Noti-America.com\" \/>\n<meta property=\"article:author\" content=\"Mar\u00eda Valentina Noguera\" \/>\n<meta property=\"article:published_time\" content=\"2024-01-29T19:48:25+00:00\" \/>\n<meta property=\"og:image\" content=\"https:\/\/noti-america.com\/site\/principal\/wp-content\/uploads\/sites\/26\/2024\/01\/periodistas-mananera2.jpg\" \/>\n\t<meta property=\"og:image:width\" content=\"768\" \/>\n\t<meta property=\"og:image:height\" content=\"479\" \/>\n\t<meta property=\"og:image:type\" content=\"image\/jpeg\" \/>\n<meta name=\"author\" content=\"Maria Valentina Noguera Medina\" \/>\n<meta name=\"twitter:card\" content=\"summary_large_image\" \/>\n<meta name=\"twitter:label1\" content=\"Escrito por\" \/>\n\t<meta name=\"twitter:data1\" content=\"Maria Valentina Noguera Medina\" \/>\n\t<meta name=\"twitter:label2\" content=\"Tiempo estimado de lectura\" \/>\n\t<meta name=\"twitter:data2\" content=\"2 minutos\" \/>\n<script type=\"application\/ld+json\" class=\"yoast-schema-graph\">{\"@context\":\"https:\/\/schema.org\",\"@graph\":[{\"@type\":\"Article\",\"@id\":\"https:\/\/noti-america.com\/site\/principal\/2024\/01\/29\/si-hubo-un-hackeo-amlo-sobre-filtracion-de-datos-personales-de-periodistas\/#article\",\"isPartOf\":{\"@id\":\"https:\/\/noti-america.com\/site\/principal\/2024\/01\/29\/si-hubo-un-hackeo-amlo-sobre-filtracion-de-datos-personales-de-periodistas\/\"},\"author\":{\"name\":\"Maria Valentina Noguera Medina\",\"@id\":\"https:\/\/noti-america.com\/site\/principal\/#\/schema\/person\/22806efcc2cfc4b45efb0e17be210ea8\"},\"headline\":\"S\u00ed hubo un hackeo: AMLO sobre filtraci\u00f3n de datos personales de periodistas\",\"datePublished\":\"2024-01-29T19:48:25+00:00\",\"mainEntityOfPage\":{\"@id\":\"https:\/\/noti-america.com\/site\/principal\/2024\/01\/29\/si-hubo-un-hackeo-amlo-sobre-filtracion-de-datos-personales-de-periodistas\/\"},\"wordCount\":325,\"image\":{\"@id\":\"https:\/\/noti-america.com\/site\/principal\/2024\/01\/29\/si-hubo-un-hackeo-amlo-sobre-filtracion-de-datos-personales-de-periodistas\/#primaryimage\"},\"thumbnailUrl\":\"https:\/\/noti-america.com\/site\/principal\/wp-content\/uploads\/sites\/26\/2024\/01\/periodistas-mananera2.jpg\",\"articleSection\":[\"Actualidad\"],\"inLanguage\":\"es\"},{\"@type\":\"WebPage\",\"@id\":\"https:\/\/noti-america.com\/site\/principal\/2024\/01\/29\/si-hubo-un-hackeo-amlo-sobre-filtracion-de-datos-personales-de-periodistas\/\",\"url\":\"https:\/\/noti-america.com\/site\/principal\/2024\/01\/29\/si-hubo-un-hackeo-amlo-sobre-filtracion-de-datos-personales-de-periodistas\/\",\"name\":\"S\u00ed hubo un hackeo: AMLO sobre filtraci\u00f3n de datos personales de periodistas - Noti-America.com\",\"isPartOf\":{\"@id\":\"https:\/\/noti-america.com\/site\/principal\/#website\"},\"primaryImageOfPage\":{\"@id\":\"https:\/\/noti-america.com\/site\/principal\/2024\/01\/29\/si-hubo-un-hackeo-amlo-sobre-filtracion-de-datos-personales-de-periodistas\/#primaryimage\"},\"image\":{\"@id\":\"https:\/\/noti-america.com\/site\/principal\/2024\/01\/29\/si-hubo-un-hackeo-amlo-sobre-filtracion-de-datos-personales-de-periodistas\/#primaryimage\"},\"thumbnailUrl\":\"https:\/\/noti-america.com\/site\/principal\/wp-content\/uploads\/sites\/26\/2024\/01\/periodistas-mananera2.jpg\",\"datePublished\":\"2024-01-29T19:48:25+00:00\",\"author\":{\"@id\":\"https:\/\/noti-america.com\/site\/principal\/#\/schema\/person\/22806efcc2cfc4b45efb0e17be210ea8\"},\"breadcrumb\":{\"@id\":\"https:\/\/noti-america.com\/site\/principal\/2024\/01\/29\/si-hubo-un-hackeo-amlo-sobre-filtracion-de-datos-personales-de-periodistas\/#breadcrumb\"},\"inLanguage\":\"es\",\"potentialAction\":[{\"@type\":\"ReadAction\",\"target\":[\"https:\/\/noti-america.com\/site\/principal\/2024\/01\/29\/si-hubo-un-hackeo-amlo-sobre-filtracion-de-datos-personales-de-periodistas\/\"]}]},{\"@type\":\"ImageObject\",\"inLanguage\":\"es\",\"@id\":\"https:\/\/noti-america.com\/site\/principal\/2024\/01\/29\/si-hubo-un-hackeo-amlo-sobre-filtracion-de-datos-personales-de-periodistas\/#primaryimage\",\"url\":\"https:\/\/noti-america.com\/site\/principal\/wp-content\/uploads\/sites\/26\/2024\/01\/periodistas-mananera2.jpg\",\"contentUrl\":\"https:\/\/noti-america.com\/site\/principal\/wp-content\/uploads\/sites\/26\/2024\/01\/periodistas-mananera2.jpg\",\"width\":768,\"height\":479},{\"@type\":\"BreadcrumbList\",\"@id\":\"https:\/\/noti-america.com\/site\/principal\/2024\/01\/29\/si-hubo-un-hackeo-amlo-sobre-filtracion-de-datos-personales-de-periodistas\/#breadcrumb\",\"itemListElement\":[{\"@type\":\"ListItem\",\"position\":1,\"name\":\"Portada\",\"item\":\"https:\/\/noti-america.com\/site\/principal\/\"},{\"@type\":\"ListItem\",\"position\":2,\"name\":\"S\u00ed hubo un hackeo: AMLO sobre filtraci\u00f3n de datos personales de periodistas\"}]},{\"@type\":\"WebSite\",\"@id\":\"https:\/\/noti-america.com\/site\/principal\/#website\",\"url\":\"https:\/\/noti-america.com\/site\/principal\/\",\"name\":\"Noti-America.com\",\"description\":\"El Noticiero Digital M\u00e1s Grande de Am\u00e9rica\",\"potentialAction\":[{\"@type\":\"SearchAction\",\"target\":{\"@type\":\"EntryPoint\",\"urlTemplate\":\"https:\/\/noti-america.com\/site\/principal\/?s={search_term_string}\"},\"query-input\":{\"@type\":\"PropertyValueSpecification\",\"valueRequired\":true,\"valueName\":\"search_term_string\"}}],\"inLanguage\":\"es\"},{\"@type\":\"Person\",\"@id\":\"https:\/\/noti-america.com\/site\/principal\/#\/schema\/person\/22806efcc2cfc4b45efb0e17be210ea8\",\"name\":\"Maria Valentina Noguera Medina\",\"image\":{\"@type\":\"ImageObject\",\"inLanguage\":\"es\",\"@id\":\"https:\/\/secure.gravatar.com\/avatar\/4ec5eb9d099f2608a49c9df6f7341f66f04f819cdffa09d56a7a0e91d2819d56?s=96&d=mm&r=g\",\"url\":\"https:\/\/secure.gravatar.com\/avatar\/4ec5eb9d099f2608a49c9df6f7341f66f04f819cdffa09d56a7a0e91d2819d56?s=96&d=mm&r=g\",\"contentUrl\":\"https:\/\/secure.gravatar.com\/avatar\/4ec5eb9d099f2608a49c9df6f7341f66f04f819cdffa09d56a7a0e91d2819d56?s=96&d=mm&r=g\",\"caption\":\"Maria Valentina Noguera Medina\"},\"description\":\"Periodista - noti-america - Promar Community Manager - Talento Plus Dise\u00f1adora\/ creadora de contenido...\",\"sameAs\":[\"Mar\u00eda Valentina Noguera\",\"https:\/\/www.facebook.com\/mariavalentina.noguera\",\"https:\/\/www.linkedin.com\/in\/mara-valentina-noguera-medina-373075165\/\",\"https:\/\/www.pinterest.es\/valentinanoguera95\/\",\"https:\/\/www.youtube.com\/channel\/UCdek6mbUZ-Tqqw0I63i4nmQ\"],\"url\":\"https:\/\/noti-america.com\/site\/principal\/author\/mnoguera\/\"}]}<\/script>\n<!-- \/ Yoast SEO Premium plugin. -->","yoast_head_json":{"title":"S\u00ed hubo un hackeo: AMLO sobre filtraci\u00f3n de datos personales de periodistas - Noti-America.com","robots":{"index":"index","follow":"follow","max-snippet":"max-snippet:-1","max-image-preview":"max-image-preview:large","max-video-preview":"max-video-preview:-1"},"canonical":"https:\/\/noti-america.com\/site\/principal\/2024\/01\/29\/si-hubo-un-hackeo-amlo-sobre-filtracion-de-datos-personales-de-periodistas\/","og_locale":"es_ES","og_type":"article","og_title":"S\u00ed hubo un hackeo: AMLO sobre filtraci\u00f3n de datos personales de periodistas","og_description":"NOTI-AMERICA.COM | M\u00c9XICO \u2013Andr\u00e9s Manuel L\u00f3pez Obrador explic\u00f3 que hubo un hackeo del sistema inform\u00e1tico de Presidencia, lo que provoc\u00f3 el viernes la filtraci\u00f3n de los datos personales de los periodistas que acuden a&#46;&#46;&#46;","og_url":"https:\/\/noti-america.com\/site\/principal\/2024\/01\/29\/si-hubo-un-hackeo-amlo-sobre-filtracion-de-datos-personales-de-periodistas\/","og_site_name":"Noti-America.com","article_author":"Mar\u00eda Valentina Noguera","article_published_time":"2024-01-29T19:48:25+00:00","og_image":[{"width":768,"height":479,"url":"https:\/\/noti-america.com\/site\/principal\/wp-content\/uploads\/sites\/26\/2024\/01\/periodistas-mananera2.jpg","type":"image\/jpeg"}],"author":"Maria Valentina Noguera Medina","twitter_card":"summary_large_image","twitter_misc":{"Escrito por":"Maria Valentina Noguera Medina","Tiempo estimado de lectura":"2 minutos"},"schema":{"@context":"https:\/\/schema.org","@graph":[{"@type":"Article","@id":"https:\/\/noti-america.com\/site\/principal\/2024\/01\/29\/si-hubo-un-hackeo-amlo-sobre-filtracion-de-datos-personales-de-periodistas\/#article","isPartOf":{"@id":"https:\/\/noti-america.com\/site\/principal\/2024\/01\/29\/si-hubo-un-hackeo-amlo-sobre-filtracion-de-datos-personales-de-periodistas\/"},"author":{"name":"Maria Valentina Noguera Medina","@id":"https:\/\/noti-america.com\/site\/principal\/#\/schema\/person\/22806efcc2cfc4b45efb0e17be210ea8"},"headline":"S\u00ed hubo un hackeo: AMLO sobre filtraci\u00f3n de datos personales de periodistas","datePublished":"2024-01-29T19:48:25+00:00","mainEntityOfPage":{"@id":"https:\/\/noti-america.com\/site\/principal\/2024\/01\/29\/si-hubo-un-hackeo-amlo-sobre-filtracion-de-datos-personales-de-periodistas\/"},"wordCount":325,"image":{"@id":"https:\/\/noti-america.com\/site\/principal\/2024\/01\/29\/si-hubo-un-hackeo-amlo-sobre-filtracion-de-datos-personales-de-periodistas\/#primaryimage"},"thumbnailUrl":"https:\/\/noti-america.com\/site\/principal\/wp-content\/uploads\/sites\/26\/2024\/01\/periodistas-mananera2.jpg","articleSection":["Actualidad"],"inLanguage":"es"},{"@type":"WebPage","@id":"https:\/\/noti-america.com\/site\/principal\/2024\/01\/29\/si-hubo-un-hackeo-amlo-sobre-filtracion-de-datos-personales-de-periodistas\/","url":"https:\/\/noti-america.com\/site\/principal\/2024\/01\/29\/si-hubo-un-hackeo-amlo-sobre-filtracion-de-datos-personales-de-periodistas\/","name":"S\u00ed hubo un hackeo: AMLO sobre filtraci\u00f3n de datos personales de periodistas - Noti-America.com","isPartOf":{"@id":"https:\/\/noti-america.com\/site\/principal\/#website"},"primaryImageOfPage":{"@id":"https:\/\/noti-america.com\/site\/principal\/2024\/01\/29\/si-hubo-un-hackeo-amlo-sobre-filtracion-de-datos-personales-de-periodistas\/#primaryimage"},"image":{"@id":"https:\/\/noti-america.com\/site\/principal\/2024\/01\/29\/si-hubo-un-hackeo-amlo-sobre-filtracion-de-datos-personales-de-periodistas\/#primaryimage"},"thumbnailUrl":"https:\/\/noti-america.com\/site\/principal\/wp-content\/uploads\/sites\/26\/2024\/01\/periodistas-mananera2.jpg","datePublished":"2024-01-29T19:48:25+00:00","author":{"@id":"https:\/\/noti-america.com\/site\/principal\/#\/schema\/person\/22806efcc2cfc4b45efb0e17be210ea8"},"breadcrumb":{"@id":"https:\/\/noti-america.com\/site\/principal\/2024\/01\/29\/si-hubo-un-hackeo-amlo-sobre-filtracion-de-datos-personales-de-periodistas\/#breadcrumb"},"inLanguage":"es","potentialAction":[{"@type":"ReadAction","target":["https:\/\/noti-america.com\/site\/principal\/2024\/01\/29\/si-hubo-un-hackeo-amlo-sobre-filtracion-de-datos-personales-de-periodistas\/"]}]},{"@type":"ImageObject","inLanguage":"es","@id":"https:\/\/noti-america.com\/site\/principal\/2024\/01\/29\/si-hubo-un-hackeo-amlo-sobre-filtracion-de-datos-personales-de-periodistas\/#primaryimage","url":"https:\/\/noti-america.com\/site\/principal\/wp-content\/uploads\/sites\/26\/2024\/01\/periodistas-mananera2.jpg","contentUrl":"https:\/\/noti-america.com\/site\/principal\/wp-content\/uploads\/sites\/26\/2024\/01\/periodistas-mananera2.jpg","width":768,"height":479},{"@type":"BreadcrumbList","@id":"https:\/\/noti-america.com\/site\/principal\/2024\/01\/29\/si-hubo-un-hackeo-amlo-sobre-filtracion-de-datos-personales-de-periodistas\/#breadcrumb","itemListElement":[{"@type":"ListItem","position":1,"name":"Portada","item":"https:\/\/noti-america.com\/site\/principal\/"},{"@type":"ListItem","position":2,"name":"S\u00ed hubo un hackeo: AMLO sobre filtraci\u00f3n de datos personales de periodistas"}]},{"@type":"WebSite","@id":"https:\/\/noti-america.com\/site\/principal\/#website","url":"https:\/\/noti-america.com\/site\/principal\/","name":"Noti-America.com","description":"El Noticiero Digital M\u00e1s Grande de Am\u00e9rica","potentialAction":[{"@type":"SearchAction","target":{"@type":"EntryPoint","urlTemplate":"https:\/\/noti-america.com\/site\/principal\/?s={search_term_string}"},"query-input":{"@type":"PropertyValueSpecification","valueRequired":true,"valueName":"search_term_string"}}],"inLanguage":"es"},{"@type":"Person","@id":"https:\/\/noti-america.com\/site\/principal\/#\/schema\/person\/22806efcc2cfc4b45efb0e17be210ea8","name":"Maria Valentina Noguera Medina","image":{"@type":"ImageObject","inLanguage":"es","@id":"https:\/\/secure.gravatar.com\/avatar\/4ec5eb9d099f2608a49c9df6f7341f66f04f819cdffa09d56a7a0e91d2819d56?s=96&d=mm&r=g","url":"https:\/\/secure.gravatar.com\/avatar\/4ec5eb9d099f2608a49c9df6f7341f66f04f819cdffa09d56a7a0e91d2819d56?s=96&d=mm&r=g","contentUrl":"https:\/\/secure.gravatar.com\/avatar\/4ec5eb9d099f2608a49c9df6f7341f66f04f819cdffa09d56a7a0e91d2819d56?s=96&d=mm&r=g","caption":"Maria Valentina Noguera Medina"},"description":"Periodista - noti-america - Promar Community Manager - Talento Plus Dise\u00f1adora\/ creadora de contenido...","sameAs":["Mar\u00eda Valentina Noguera","https:\/\/www.facebook.com\/mariavalentina.noguera","https:\/\/www.linkedin.com\/in\/mara-valentina-noguera-medina-373075165\/","https:\/\/www.pinterest.es\/valentinanoguera95\/","https:\/\/www.youtube.com\/channel\/UCdek6mbUZ-Tqqw0I63i4nmQ"],"url":"https:\/\/noti-america.com\/site\/principal\/author\/mnoguera\/"}]}},"_links":{"self":[{"href":"https:\/\/noti-america.com\/site\/principal\/wp-json\/wp\/v2\/posts\/38001","targetHints":{"allow":["GET"]}}],"collection":[{"href":"https:\/\/noti-america.com\/site\/principal\/wp-json\/wp\/v2\/posts"}],"about":[{"href":"https:\/\/noti-america.com\/site\/principal\/wp-json\/wp\/v2\/types\/post"}],"author":[{"embeddable":true,"href":"https:\/\/noti-america.com\/site\/principal\/wp-json\/wp\/v2\/users\/133"}],"replies":[{"embeddable":true,"href":"https:\/\/noti-america.com\/site\/principal\/wp-json\/wp\/v2\/comments?post=38001"}],"version-history":[{"count":1,"href":"https:\/\/noti-america.com\/site\/principal\/wp-json\/wp\/v2\/posts\/38001\/revisions"}],"predecessor-version":[{"id":38015,"href":"https:\/\/noti-america.com\/site\/principal\/wp-json\/wp\/v2\/posts\/38001\/revisions\/38015"}],"wp:featuredmedia":[{"embeddable":true,"href":"https:\/\/noti-america.com\/site\/principal\/wp-json\/wp\/v2\/media\/38002"}],"wp:attachment":[{"href":"https:\/\/noti-america.com\/site\/principal\/wp-json\/wp\/v2\/media?parent=38001"}],"wp:term":[{"taxonomy":"category","embeddable":true,"href":"https:\/\/noti-america.com\/site\/principal\/wp-json\/wp\/v2\/categories?post=38001"},{"taxonomy":"post_tag","embeddable":true,"href":"https:\/\/noti-america.com\/site\/principal\/wp-json\/wp\/v2\/tags?post=38001"}],"curies":[{"name":"wp","href":"https:\/\/api.w.org\/{rel}","templated":true}]}}