{"id":37292,"date":"2024-01-19T14:18:10","date_gmt":"2024-01-19T18:18:10","guid":{"rendered":"https:\/\/noti-america.com\/site\/principal\/?p=37292"},"modified":"2024-01-19T14:18:10","modified_gmt":"2024-01-19T18:18:10","slug":"obesidad-la-verdadera-pandemia-del-siglo-21","status":"publish","type":"post","link":"https:\/\/noti-america.com\/site\/principal\/2024\/01\/19\/obesidad-la-verdadera-pandemia-del-siglo-21\/","title":{"rendered":"Obesidad, la verdadera pandemia del Siglo 21"},"content":{"rendered":"<p>NOTI-AMERICA.COM | M\u00c9XICO \u2013 \u201cLa obesidad aumenta sin que seamos capaces de frenarla. Se ha convertido en la verdadera pandemia del siglo 21. Casi un tercio de los habitantes del planeta tienen sobrepeso\u201d, advierte Almudena Garc\u00eda Carrasco, quien es licenciada en Farmacia y profesora en el \u00e1rea de Bioqu\u00edmica y Biolog\u00eda Molecular en la Universidad Rey Juan Carlos de Madrid.<\/p>\n<p>Garc\u00eda Carrasco investiga distintos mecanismos moleculares relacionados con la glucosa y la insulina implicados en la obesidad, la diabetes y el s\u00edndrome metab\u00f3lico. Y es autora del libro Obesidad. La pandemia silenciosa, en el que participan m\u00e1s de una veintena de expertos.<\/p>\n<p>Explica que solemos tener una visi\u00f3n muy simplista acerca de esta enfermedad, estigmatizamos a todos los obesos por igual y los se\u00f1alamos como personas sin voluntad, pensando o diciendo que si una persona \u2018est\u00e1 gorda es porque quiere\u2019.<\/p>\n<p>Lo cierto es que la obesidad es una patolog\u00eda compleja en la que pueden intervenir variables de todo tipo: gen\u00e9ticas, econ\u00f3micas, ambientales o psicol\u00f3gicas, y cuyo origen, evoluci\u00f3n y consecuencias, as\u00ed como su abordaje m\u00e9dico e impacto en la sociedad, presentan aspectos poco conocidos y a menudo llamativos.<\/p>\n<p>La especialista pasa revista a algunas de las facetas m\u00e1s sorprendentes de esta enfermedad definida convencionalmente como una \u00abacumulaci\u00f3n anormal o excesiva de grasa que puede ser perjudicial para la salud\u201d, pero que ofrece muchas m\u00e1s caras.<\/p>\n<h2><strong>Una enfermedad inflamatoria<\/strong><\/h2>\n<p>Garc\u00eda Carrasco se\u00f1ala que la obesidad es una enfermedad inflamatoria cr\u00f3nica que nos est\u00e1 matando. Sobre este enfoque del sobrepeso, se\u00f1ala que \u201cla obesidad es una acumulaci\u00f3n excesiva de grasa en el cuerpo humano, pero no es solamente eso\u201d.<\/p>\n<p>Explica que \u201cel tejido adiposo de cada persona tiene capacidad para almacenar una determinada cantidad de grasa y que cuando alcanza su l\u00edmite m\u00e1ximo de expansi\u00f3n, el tejido adiposo comienza a fallar y las grasas se almacenan en otros tejidos, como el h\u00edgado, el ri\u00f1\u00f3n o el p\u00e1ncreas, originando muchas de las complicaciones derivadas de la obesidad\u201d.<\/p>\n<p>\u201cEn todo ese proceso podemos observar una inflamaci\u00f3n caracter\u00edstica, que es de bajo grado pero constante, en el tejido adiposo de los individuos obesos, la cual constituye una de las complicaciones derivadas de la obesidad y contribuye a agravar la patolog\u00eda\u201d, explica.<\/p>\n<p>\u201cLa obesidad genera un estado de inflamaci\u00f3n global, que se considera iniciada ya en el intestino, y en la que el tejido adiposo tambi\u00e9n es capaz de liberar mol\u00e9culas proinflamatorias\u201d, dice.<\/p>\n<h2>Gordura de manzana y pera<\/h2>\n<p>Garc\u00eda Carrasco explica que existen dos tipos b\u00e1sicos de obesidad: la central, androide o en \u201cforma de manzana\u201d; y la perif\u00e9rica, ginecoide, de \u2018cartucheras\u2019 o \u201cen forma de pera\u201d.<\/p>\n<p>La del primer tipo \u201ces f\u00e1cil de reconocer porque es aquella que sigue un patr\u00f3n de \u2018barriguita cervecera\u2019, cuya presencia se ha asociado a un mayor riesgo cardiovascular y cuya incidencia es mayor en los varones\u201d, detalla.<\/p>\n<p>El segundo tipo de obesidad, localizada en los laterales externos de las caderas y la parte superior de los muslos, es m\u00e1s frecuente en las mujeres y su presencia se asocia antropol\u00f3gicamente a la posibilidad de un embarazo, por aquello de \u201chay que mantener a las futuras generaciones bien alimentadas\u201d.<\/p>\n<p>Sin embargo, la obesidad durante el embarazo aumenta el riesgo de problemas de salud para la embarazada y el feto, subraya.<\/p>\n<h2><b>Sobrepeso y supervivencia<\/b><\/h2>\n<p>\u201cTu cuerpo siente la necesidad de almacenar calor\u00edas, porque tiene aprendido que \u2018nunca se sabe\u2019\u201d, se\u00f1ala, en referencia a que nuestro organismo prefiere estar preparado y tener una\u00a0reserva de energ\u00eda\u00a0para afrontar las vicisitudes o lapsos de escasez que podr\u00edan llegar en el futuro.<\/p>\n<p>Para ello,\u00a0nuestro cuerpo \u201ccuenta con el tejido adiposo blanco, que act\u00faa de alacena donde se almacenan en forma de grasa todas las calor\u00edas que no hemos utilizado para movernos. Esa grasa no s\u00f3lo act\u00faa como reserva energ\u00e9tica, sino que tambi\u00e9n sirve de aislante t\u00e9rmico y mec\u00e1nico\u201d, se\u00f1ala la cient\u00edfica.<\/p>\n<p>\u201cComo buenos trogloditas acomodados que somos, uno de los\u00a0principales factores responsables del desbalance energ\u00e9tico (que conduce a la obesidad), procede de nuestra elevada ingesta de alimentos muy cal\u00f3ricos, que suelen ser los m\u00e1s ricos y nos generan m\u00e1s placer, junto con una reducci\u00f3n en nuestra actividad f\u00edsica\u201d, dice.<\/p>\n<p>Por otra parte,\u00a0\u201cnuestro cerebro tiene aprendido que si hay un peligro acechando, no podemos pararnos a comer y debemos irnos de all\u00ed a toda prisa. Por lo tanto, deduce que si estamos comiendo es porque estamos a salvo\u201d.<\/p>\n","protected":false},"excerpt":{"rendered":"<p>NOTI-AMERICA.COM | M\u00c9XICO \u2013 \u201cLa obesidad aumenta sin que seamos capaces de frenarla. Se ha convertido en la verdadera pandemia del siglo 21. Casi un tercio de los habitantes del planeta tienen sobrepeso\u201d, advierte&#46;&#46;&#46;<\/p>\n","protected":false},"author":133,"featured_media":37293,"comment_status":"","ping_status":"open","sticky":false,"template":"","format":"image","meta":{"_acf_changed":false,"rop_custom_images_group":[],"rop_custom_messages_group":[],"rop_publish_now":"initial","rop_publish_now_accounts":{"facebook_10219548024599422_1632221337088128":"","twitter_242054905_242054905":""},"rop_publish_now_history":[],"rop_publish_now_status":"pending","footnotes":""},"categories":[663],"tags":[],"class_list":["post-37292","post","type-post","status-publish","format-image","has-post-thumbnail","hentry","category-actualidad","post_format-post-format-image"],"acf":[],"yoast_head":"<!-- This site is optimized with the Yoast SEO Premium plugin v24.9 (Yoast SEO v27.2) - https:\/\/yoast.com\/product\/yoast-seo-premium-wordpress\/ -->\n<title>Obesidad, la verdadera pandemia del Siglo 21 - Noti-America.com<\/title>\n<meta name=\"robots\" content=\"index, follow, max-snippet:-1, max-image-preview:large, max-video-preview:-1\" \/>\n<link rel=\"canonical\" href=\"https:\/\/noti-america.com\/site\/principal\/2024\/01\/19\/obesidad-la-verdadera-pandemia-del-siglo-21\/\" \/>\n<meta property=\"og:locale\" content=\"es_ES\" \/>\n<meta property=\"og:type\" content=\"article\" \/>\n<meta property=\"og:title\" content=\"Obesidad, la verdadera pandemia del Siglo 21\" \/>\n<meta property=\"og:description\" content=\"NOTI-AMERICA.COM | M\u00c9XICO \u2013 \u201cLa obesidad aumenta sin que seamos capaces de frenarla. Se ha convertido en la verdadera pandemia del siglo 21. Casi un tercio de los habitantes del planeta tienen sobrepeso\u201d, advierte&#046;&#046;&#046;\" \/>\n<meta property=\"og:url\" content=\"https:\/\/noti-america.com\/site\/principal\/2024\/01\/19\/obesidad-la-verdadera-pandemia-del-siglo-21\/\" \/>\n<meta property=\"og:site_name\" content=\"Noti-America.com\" \/>\n<meta property=\"article:author\" content=\"Mar\u00eda Valentina Noguera\" \/>\n<meta property=\"article:published_time\" content=\"2024-01-19T18:18:10+00:00\" \/>\n<meta property=\"og:image\" content=\"https:\/\/noti-america.com\/site\/principal\/wp-content\/uploads\/sites\/26\/2024\/01\/obesidad_ricardo_segura_efe.jpeg\" \/>\n\t<meta property=\"og:image:width\" content=\"768\" \/>\n\t<meta property=\"og:image:height\" content=\"479\" \/>\n\t<meta property=\"og:image:type\" content=\"image\/jpeg\" \/>\n<meta name=\"author\" content=\"Maria Valentina Noguera Medina\" \/>\n<meta name=\"twitter:card\" content=\"summary_large_image\" \/>\n<meta name=\"twitter:label1\" content=\"Escrito por\" \/>\n\t<meta name=\"twitter:data1\" content=\"Maria Valentina Noguera Medina\" \/>\n\t<meta name=\"twitter:label2\" content=\"Tiempo estimado de lectura\" \/>\n\t<meta name=\"twitter:data2\" content=\"4 minutos\" \/>\n<script type=\"application\/ld+json\" class=\"yoast-schema-graph\">{\"@context\":\"https:\/\/schema.org\",\"@graph\":[{\"@type\":\"Article\",\"@id\":\"https:\/\/noti-america.com\/site\/principal\/2024\/01\/19\/obesidad-la-verdadera-pandemia-del-siglo-21\/#article\",\"isPartOf\":{\"@id\":\"https:\/\/noti-america.com\/site\/principal\/2024\/01\/19\/obesidad-la-verdadera-pandemia-del-siglo-21\/\"},\"author\":{\"name\":\"Maria Valentina Noguera Medina\",\"@id\":\"https:\/\/noti-america.com\/site\/principal\/#\/schema\/person\/22806efcc2cfc4b45efb0e17be210ea8\"},\"headline\":\"Obesidad, la verdadera pandemia del Siglo 21\",\"datePublished\":\"2024-01-19T18:18:10+00:00\",\"mainEntityOfPage\":{\"@id\":\"https:\/\/noti-america.com\/site\/principal\/2024\/01\/19\/obesidad-la-verdadera-pandemia-del-siglo-21\/\"},\"wordCount\":792,\"image\":{\"@id\":\"https:\/\/noti-america.com\/site\/principal\/2024\/01\/19\/obesidad-la-verdadera-pandemia-del-siglo-21\/#primaryimage\"},\"thumbnailUrl\":\"https:\/\/noti-america.com\/site\/principal\/wp-content\/uploads\/sites\/26\/2024\/01\/obesidad_ricardo_segura_efe.jpeg\",\"articleSection\":[\"Actualidad\"],\"inLanguage\":\"es\"},{\"@type\":\"WebPage\",\"@id\":\"https:\/\/noti-america.com\/site\/principal\/2024\/01\/19\/obesidad-la-verdadera-pandemia-del-siglo-21\/\",\"url\":\"https:\/\/noti-america.com\/site\/principal\/2024\/01\/19\/obesidad-la-verdadera-pandemia-del-siglo-21\/\",\"name\":\"Obesidad, la verdadera pandemia del Siglo 21 - Noti-America.com\",\"isPartOf\":{\"@id\":\"https:\/\/noti-america.com\/site\/principal\/#website\"},\"primaryImageOfPage\":{\"@id\":\"https:\/\/noti-america.com\/site\/principal\/2024\/01\/19\/obesidad-la-verdadera-pandemia-del-siglo-21\/#primaryimage\"},\"image\":{\"@id\":\"https:\/\/noti-america.com\/site\/principal\/2024\/01\/19\/obesidad-la-verdadera-pandemia-del-siglo-21\/#primaryimage\"},\"thumbnailUrl\":\"https:\/\/noti-america.com\/site\/principal\/wp-content\/uploads\/sites\/26\/2024\/01\/obesidad_ricardo_segura_efe.jpeg\",\"datePublished\":\"2024-01-19T18:18:10+00:00\",\"author\":{\"@id\":\"https:\/\/noti-america.com\/site\/principal\/#\/schema\/person\/22806efcc2cfc4b45efb0e17be210ea8\"},\"breadcrumb\":{\"@id\":\"https:\/\/noti-america.com\/site\/principal\/2024\/01\/19\/obesidad-la-verdadera-pandemia-del-siglo-21\/#breadcrumb\"},\"inLanguage\":\"es\",\"potentialAction\":[{\"@type\":\"ReadAction\",\"target\":[\"https:\/\/noti-america.com\/site\/principal\/2024\/01\/19\/obesidad-la-verdadera-pandemia-del-siglo-21\/\"]}]},{\"@type\":\"ImageObject\",\"inLanguage\":\"es\",\"@id\":\"https:\/\/noti-america.com\/site\/principal\/2024\/01\/19\/obesidad-la-verdadera-pandemia-del-siglo-21\/#primaryimage\",\"url\":\"https:\/\/noti-america.com\/site\/principal\/wp-content\/uploads\/sites\/26\/2024\/01\/obesidad_ricardo_segura_efe.jpeg\",\"contentUrl\":\"https:\/\/noti-america.com\/site\/principal\/wp-content\/uploads\/sites\/26\/2024\/01\/obesidad_ricardo_segura_efe.jpeg\",\"width\":768,\"height\":479},{\"@type\":\"BreadcrumbList\",\"@id\":\"https:\/\/noti-america.com\/site\/principal\/2024\/01\/19\/obesidad-la-verdadera-pandemia-del-siglo-21\/#breadcrumb\",\"itemListElement\":[{\"@type\":\"ListItem\",\"position\":1,\"name\":\"Portada\",\"item\":\"https:\/\/noti-america.com\/site\/principal\/\"},{\"@type\":\"ListItem\",\"position\":2,\"name\":\"Obesidad, la verdadera pandemia del Siglo 21\"}]},{\"@type\":\"WebSite\",\"@id\":\"https:\/\/noti-america.com\/site\/principal\/#website\",\"url\":\"https:\/\/noti-america.com\/site\/principal\/\",\"name\":\"Noti-America.com\",\"description\":\"El Noticiero Digital M\u00e1s Grande de Am\u00e9rica\",\"potentialAction\":[{\"@type\":\"SearchAction\",\"target\":{\"@type\":\"EntryPoint\",\"urlTemplate\":\"https:\/\/noti-america.com\/site\/principal\/?s={search_term_string}\"},\"query-input\":{\"@type\":\"PropertyValueSpecification\",\"valueRequired\":true,\"valueName\":\"search_term_string\"}}],\"inLanguage\":\"es\"},{\"@type\":\"Person\",\"@id\":\"https:\/\/noti-america.com\/site\/principal\/#\/schema\/person\/22806efcc2cfc4b45efb0e17be210ea8\",\"name\":\"Maria Valentina Noguera Medina\",\"image\":{\"@type\":\"ImageObject\",\"inLanguage\":\"es\",\"@id\":\"https:\/\/secure.gravatar.com\/avatar\/4ec5eb9d099f2608a49c9df6f7341f66f04f819cdffa09d56a7a0e91d2819d56?s=96&d=mm&r=g\",\"url\":\"https:\/\/secure.gravatar.com\/avatar\/4ec5eb9d099f2608a49c9df6f7341f66f04f819cdffa09d56a7a0e91d2819d56?s=96&d=mm&r=g\",\"contentUrl\":\"https:\/\/secure.gravatar.com\/avatar\/4ec5eb9d099f2608a49c9df6f7341f66f04f819cdffa09d56a7a0e91d2819d56?s=96&d=mm&r=g\",\"caption\":\"Maria Valentina Noguera Medina\"},\"description\":\"Periodista - noti-america - Promar Community Manager - Talento Plus Dise\u00f1adora\/ creadora de contenido...\",\"sameAs\":[\"Mar\u00eda Valentina Noguera\",\"https:\/\/www.facebook.com\/mariavalentina.noguera\",\"https:\/\/www.linkedin.com\/in\/mara-valentina-noguera-medina-373075165\/\",\"https:\/\/www.pinterest.es\/valentinanoguera95\/\",\"https:\/\/www.youtube.com\/channel\/UCdek6mbUZ-Tqqw0I63i4nmQ\"],\"url\":\"https:\/\/noti-america.com\/site\/principal\/author\/mnoguera\/\"}]}<\/script>\n<!-- \/ Yoast SEO Premium plugin. -->","yoast_head_json":{"title":"Obesidad, la verdadera pandemia del Siglo 21 - Noti-America.com","robots":{"index":"index","follow":"follow","max-snippet":"max-snippet:-1","max-image-preview":"max-image-preview:large","max-video-preview":"max-video-preview:-1"},"canonical":"https:\/\/noti-america.com\/site\/principal\/2024\/01\/19\/obesidad-la-verdadera-pandemia-del-siglo-21\/","og_locale":"es_ES","og_type":"article","og_title":"Obesidad, la verdadera pandemia del Siglo 21","og_description":"NOTI-AMERICA.COM | M\u00c9XICO \u2013 \u201cLa obesidad aumenta sin que seamos capaces de frenarla. Se ha convertido en la verdadera pandemia del siglo 21. Casi un tercio de los habitantes del planeta tienen sobrepeso\u201d, advierte&#46;&#46;&#46;","og_url":"https:\/\/noti-america.com\/site\/principal\/2024\/01\/19\/obesidad-la-verdadera-pandemia-del-siglo-21\/","og_site_name":"Noti-America.com","article_author":"Mar\u00eda Valentina Noguera","article_published_time":"2024-01-19T18:18:10+00:00","og_image":[{"width":768,"height":479,"url":"https:\/\/noti-america.com\/site\/principal\/wp-content\/uploads\/sites\/26\/2024\/01\/obesidad_ricardo_segura_efe.jpeg","type":"image\/jpeg"}],"author":"Maria Valentina Noguera Medina","twitter_card":"summary_large_image","twitter_misc":{"Escrito por":"Maria Valentina Noguera Medina","Tiempo estimado de lectura":"4 minutos"},"schema":{"@context":"https:\/\/schema.org","@graph":[{"@type":"Article","@id":"https:\/\/noti-america.com\/site\/principal\/2024\/01\/19\/obesidad-la-verdadera-pandemia-del-siglo-21\/#article","isPartOf":{"@id":"https:\/\/noti-america.com\/site\/principal\/2024\/01\/19\/obesidad-la-verdadera-pandemia-del-siglo-21\/"},"author":{"name":"Maria Valentina Noguera Medina","@id":"https:\/\/noti-america.com\/site\/principal\/#\/schema\/person\/22806efcc2cfc4b45efb0e17be210ea8"},"headline":"Obesidad, la verdadera pandemia del Siglo 21","datePublished":"2024-01-19T18:18:10+00:00","mainEntityOfPage":{"@id":"https:\/\/noti-america.com\/site\/principal\/2024\/01\/19\/obesidad-la-verdadera-pandemia-del-siglo-21\/"},"wordCount":792,"image":{"@id":"https:\/\/noti-america.com\/site\/principal\/2024\/01\/19\/obesidad-la-verdadera-pandemia-del-siglo-21\/#primaryimage"},"thumbnailUrl":"https:\/\/noti-america.com\/site\/principal\/wp-content\/uploads\/sites\/26\/2024\/01\/obesidad_ricardo_segura_efe.jpeg","articleSection":["Actualidad"],"inLanguage":"es"},{"@type":"WebPage","@id":"https:\/\/noti-america.com\/site\/principal\/2024\/01\/19\/obesidad-la-verdadera-pandemia-del-siglo-21\/","url":"https:\/\/noti-america.com\/site\/principal\/2024\/01\/19\/obesidad-la-verdadera-pandemia-del-siglo-21\/","name":"Obesidad, la verdadera pandemia del Siglo 21 - Noti-America.com","isPartOf":{"@id":"https:\/\/noti-america.com\/site\/principal\/#website"},"primaryImageOfPage":{"@id":"https:\/\/noti-america.com\/site\/principal\/2024\/01\/19\/obesidad-la-verdadera-pandemia-del-siglo-21\/#primaryimage"},"image":{"@id":"https:\/\/noti-america.com\/site\/principal\/2024\/01\/19\/obesidad-la-verdadera-pandemia-del-siglo-21\/#primaryimage"},"thumbnailUrl":"https:\/\/noti-america.com\/site\/principal\/wp-content\/uploads\/sites\/26\/2024\/01\/obesidad_ricardo_segura_efe.jpeg","datePublished":"2024-01-19T18:18:10+00:00","author":{"@id":"https:\/\/noti-america.com\/site\/principal\/#\/schema\/person\/22806efcc2cfc4b45efb0e17be210ea8"},"breadcrumb":{"@id":"https:\/\/noti-america.com\/site\/principal\/2024\/01\/19\/obesidad-la-verdadera-pandemia-del-siglo-21\/#breadcrumb"},"inLanguage":"es","potentialAction":[{"@type":"ReadAction","target":["https:\/\/noti-america.com\/site\/principal\/2024\/01\/19\/obesidad-la-verdadera-pandemia-del-siglo-21\/"]}]},{"@type":"ImageObject","inLanguage":"es","@id":"https:\/\/noti-america.com\/site\/principal\/2024\/01\/19\/obesidad-la-verdadera-pandemia-del-siglo-21\/#primaryimage","url":"https:\/\/noti-america.com\/site\/principal\/wp-content\/uploads\/sites\/26\/2024\/01\/obesidad_ricardo_segura_efe.jpeg","contentUrl":"https:\/\/noti-america.com\/site\/principal\/wp-content\/uploads\/sites\/26\/2024\/01\/obesidad_ricardo_segura_efe.jpeg","width":768,"height":479},{"@type":"BreadcrumbList","@id":"https:\/\/noti-america.com\/site\/principal\/2024\/01\/19\/obesidad-la-verdadera-pandemia-del-siglo-21\/#breadcrumb","itemListElement":[{"@type":"ListItem","position":1,"name":"Portada","item":"https:\/\/noti-america.com\/site\/principal\/"},{"@type":"ListItem","position":2,"name":"Obesidad, la verdadera pandemia del Siglo 21"}]},{"@type":"WebSite","@id":"https:\/\/noti-america.com\/site\/principal\/#website","url":"https:\/\/noti-america.com\/site\/principal\/","name":"Noti-America.com","description":"El Noticiero Digital M\u00e1s Grande de Am\u00e9rica","potentialAction":[{"@type":"SearchAction","target":{"@type":"EntryPoint","urlTemplate":"https:\/\/noti-america.com\/site\/principal\/?s={search_term_string}"},"query-input":{"@type":"PropertyValueSpecification","valueRequired":true,"valueName":"search_term_string"}}],"inLanguage":"es"},{"@type":"Person","@id":"https:\/\/noti-america.com\/site\/principal\/#\/schema\/person\/22806efcc2cfc4b45efb0e17be210ea8","name":"Maria Valentina Noguera Medina","image":{"@type":"ImageObject","inLanguage":"es","@id":"https:\/\/secure.gravatar.com\/avatar\/4ec5eb9d099f2608a49c9df6f7341f66f04f819cdffa09d56a7a0e91d2819d56?s=96&d=mm&r=g","url":"https:\/\/secure.gravatar.com\/avatar\/4ec5eb9d099f2608a49c9df6f7341f66f04f819cdffa09d56a7a0e91d2819d56?s=96&d=mm&r=g","contentUrl":"https:\/\/secure.gravatar.com\/avatar\/4ec5eb9d099f2608a49c9df6f7341f66f04f819cdffa09d56a7a0e91d2819d56?s=96&d=mm&r=g","caption":"Maria Valentina Noguera Medina"},"description":"Periodista - noti-america - Promar Community Manager - Talento Plus Dise\u00f1adora\/ creadora de contenido...","sameAs":["Mar\u00eda Valentina Noguera","https:\/\/www.facebook.com\/mariavalentina.noguera","https:\/\/www.linkedin.com\/in\/mara-valentina-noguera-medina-373075165\/","https:\/\/www.pinterest.es\/valentinanoguera95\/","https:\/\/www.youtube.com\/channel\/UCdek6mbUZ-Tqqw0I63i4nmQ"],"url":"https:\/\/noti-america.com\/site\/principal\/author\/mnoguera\/"}]}},"_links":{"self":[{"href":"https:\/\/noti-america.com\/site\/principal\/wp-json\/wp\/v2\/posts\/37292","targetHints":{"allow":["GET"]}}],"collection":[{"href":"https:\/\/noti-america.com\/site\/principal\/wp-json\/wp\/v2\/posts"}],"about":[{"href":"https:\/\/noti-america.com\/site\/principal\/wp-json\/wp\/v2\/types\/post"}],"author":[{"embeddable":true,"href":"https:\/\/noti-america.com\/site\/principal\/wp-json\/wp\/v2\/users\/133"}],"replies":[{"embeddable":true,"href":"https:\/\/noti-america.com\/site\/principal\/wp-json\/wp\/v2\/comments?post=37292"}],"version-history":[{"count":1,"href":"https:\/\/noti-america.com\/site\/principal\/wp-json\/wp\/v2\/posts\/37292\/revisions"}],"predecessor-version":[{"id":37322,"href":"https:\/\/noti-america.com\/site\/principal\/wp-json\/wp\/v2\/posts\/37292\/revisions\/37322"}],"wp:featuredmedia":[{"embeddable":true,"href":"https:\/\/noti-america.com\/site\/principal\/wp-json\/wp\/v2\/media\/37293"}],"wp:attachment":[{"href":"https:\/\/noti-america.com\/site\/principal\/wp-json\/wp\/v2\/media?parent=37292"}],"wp:term":[{"taxonomy":"category","embeddable":true,"href":"https:\/\/noti-america.com\/site\/principal\/wp-json\/wp\/v2\/categories?post=37292"},{"taxonomy":"post_tag","embeddable":true,"href":"https:\/\/noti-america.com\/site\/principal\/wp-json\/wp\/v2\/tags?post=37292"}],"curies":[{"name":"wp","href":"https:\/\/api.w.org\/{rel}","templated":true}]}}