{"id":37123,"date":"2024-01-16T17:08:38","date_gmt":"2024-01-16T21:08:38","guid":{"rendered":"https:\/\/noti-america.com\/site\/principal\/?p=37123"},"modified":"2024-01-16T17:08:38","modified_gmt":"2024-01-16T21:08:38","slug":"la-cooperacion-descentralizada-entre-marruecos-y-espana-una-de-las-claves-de-la-buena-gobernanza-territorial","status":"publish","type":"post","link":"https:\/\/noti-america.com\/site\/principal\/2024\/01\/16\/la-cooperacion-descentralizada-entre-marruecos-y-espana-una-de-las-claves-de-la-buena-gobernanza-territorial\/","title":{"rendered":"La Cooperaci\u00f3n Descentralizada entre Marruecos y Espa\u00f1a, una de las claves de la buena gobernanza territorial"},"content":{"rendered":"<p><strong>NOTI-AMERICA.COM | ESPA\u00d1A\u00a0<\/strong><\/p>\n<p>www.atalayar.com<\/p>\n<h1 class=\"title\">La Cooperaci\u00f3n Descentralizada entre Marruecos y Espa\u00f1a, una de las claves de la buena gobernanza territorial<\/h1>\n<p>La Asociaci\u00f3n de Presidentes de los Consejos de Prefecturas y Provincias de Marruecos organiz\u00f3 en Rabat un encuentro institucional con los representantes de la Junta de Andaluc\u00eda y las islas Canarias para buscar nuevas v\u00edas de cooperaci\u00f3n descentralizada transfronteriza entre ambas partes<\/p>\n<p><img decoding=\"async\" src=\"https:\/\/www.atalayar.com\/asset\/thumbnail,1280,720,center,center\/media\/atalayar\/images\/2024\/01\/16\/2024011611083137235.jpg\" alt=\"Cooperaci\u00f3n Descentralizada de las Colectividades Territoriales Marruecos-Espa\u00f1a\" \/><\/p>\n<p style=\"text-align: center;\"><span style=\"font-size: 8pt;\">Cooperaci\u00f3n Descentralizada de las Colectividades Territoriales Marruecos-Espa\u00f1a<\/span><\/p>\n<p><a href=\"https:\/\/www.atalayar.com\/author\/khadiya-taouil\">Khadiya Taouil<\/a><\/p>\n<p>A fin de mejorar el impulso de las relaciones hispano-marroqu\u00edes y consolidar el entendimiento mutuo,\u00a0<strong>la Asociaci\u00f3n Marroqu\u00ed de Presidentes de los Consejos de Prefecturas y Provincias (APCPP) organiz\u00f3 el 15 de enero, en la Biblioteca Nacional de Marruecos, un taller sobre la Cooperaci\u00f3n Descentralizada de las Colectividades Territoriales.<\/strong><\/p>\n<ol class=\"table-of-contents\">\n<li><a href=\"https:\/\/www.atalayar.com\/articulo\/politica\/cooperacion-descentralizada-marruecos-espana-claves-buena-gobernanza-territorial\/20240116114855195724.html#cooperacion-descentralizada-nueva-via-de-asociacion\">Cooperaci\u00f3n Descentralizada: nueva v\u00eda de asociaci\u00f3n<\/a><\/li>\n<li><a href=\"https:\/\/www.atalayar.com\/articulo\/politica\/cooperacion-descentralizada-marruecos-espana-claves-buena-gobernanza-territorial\/20240116114855195724.html#consolidar-las-relaciones-hispano-marroquies\">Consolidar las relaciones hispano-marroqu\u00edes<\/a><\/li>\n<li><a href=\"https:\/\/www.atalayar.com\/articulo\/politica\/cooperacion-descentralizada-marruecos-espana-claves-buena-gobernanza-territorial\/20240116114855195724.html#marruecos-un-socio-en-continuo-desarrollo\">Marruecos, un socio en continuo desarrollo<\/a><\/li>\n<li><a href=\"https:\/\/www.atalayar.com\/articulo\/politica\/cooperacion-descentralizada-marruecos-espana-claves-buena-gobernanza-territorial\/20240116114855195724.html#encuentro-fructifero-para-las-zonas-del-sur-y-del-norte-de-marruecos\">Encuentro fruct\u00edfero para las zonas del sur y del norte de Marruecos<\/a><\/li>\n<li><a href=\"https:\/\/www.atalayar.com\/articulo\/politica\/cooperacion-descentralizada-marruecos-espana-claves-buena-gobernanza-territorial\/20240116114855195724.html#compartir-experiencia-y-buenas-practicasnbsp-\">Compartir experiencia y buenas practicas\u00a0<\/a><\/li>\n<li><a href=\"https:\/\/www.atalayar.com\/articulo\/politica\/cooperacion-descentralizada-marruecos-espana-claves-buena-gobernanza-territorial\/20240116114855195724.html#marruecos-una-nueva-potencia-futbolisticanbsp-\">Marruecos, una nueva potencia futbol\u00edstica\u00a0<\/a><\/li>\n<li><a href=\"https:\/\/www.atalayar.com\/articulo\/politica\/cooperacion-descentralizada-marruecos-espana-claves-buena-gobernanza-territorial\/20240116114855195724.html#malaga-la-ciudad-que-mas-coopera-con-el-vecino-del-sur\">M\u00e1laga, la ciudad que m\u00e1s coopera con el vecino del sur<\/a><\/li>\n<li><a href=\"https:\/\/www.atalayar.com\/articulo\/politica\/cooperacion-descentralizada-marruecos-espana-claves-buena-gobernanza-territorial\/20240116114855195724.html#memorando-de-entendimiento-a-nivel-municipal\">Memorando de entendimiento a nivel municipal<\/a><\/li>\n<\/ol>\n<h2 id=\"cooperacion-descentralizada-nueva-via-de-asociacion\">Cooperaci\u00f3n Descentralizada: nueva v\u00eda de asociaci\u00f3n<\/h2>\n<p><strong>El encuentro de Rabat representa una cita muy importante para las autoridades gubernamentales de las colectividades territoriales, tanto de Espa\u00f1a como de Marruecos,<\/strong>\u00a0interesados en compartir experiencias y visiones de una cooperaci\u00f3n descentralizada basada en principios rec\u00edprocos de entendimiento y colaboraci\u00f3n.<\/p>\n<p><strong>Hacer un especial hincapi\u00e9 en las experiencias de \u00e9xito en este \u00e1mbito\u00a0<\/strong>y establecer una hoja de ruta conjunta para poder promover y fortalecer lazos entre Ayuntamientos, Consejos Provinciales y otras entidades locales de ambos pa\u00edses fue el objetivo primordial de esta cita institucional.<\/p>\n<p><strong>Es un paso que ha sido precedido por una evaluaci\u00f3n de los programas de cooperaci\u00f3n liderados por gobiernos locales de ambas orillas del estrecho de Gibraltar.\u00a0<\/strong>Son proyectos que han materializado, a lo largo de a\u00f1os, los esfuerzos y el dinamismo continuo que experimentan las relaciones entre\u00a0<a href=\"https:\/\/www.atalayar.com\/articulo\/politica\/marruecos-considera-que-linea-maritima-tarfaya-potenciara-relaciones-economicas-sociales-culturales-marruecos-canarias\/20240113185243195635.html\" target=\"_blank\" rel=\"noopener\">Espa\u00f1a y Marruecos<\/a>.<\/p>\n<div class=\"video-container\"><iframe loading=\"lazy\" title=\"Enrique Millo en el &#039;Encuentro de Cooperaci\u00f3n Descentralizada Marruecos-Espa\u00f1a&quot;\" width=\"500\" height=\"281\" src=\"https:\/\/www.youtube.com\/embed\/XnacmTRLz4w?start=32&#038;feature=oembed&#038;wmode=opaque\" frameborder=\"0\" allow=\"accelerometer; autoplay; clipboard-write; encrypted-media; gyroscope; picture-in-picture; web-share\" referrerpolicy=\"strict-origin-when-cross-origin\" allowfullscreen><\/iframe><\/div>\n<h2 id=\"consolidar-las-relaciones-hispano-marroquies\">Consolidar las relaciones hispano-marroqu\u00edes<\/h2>\n<p><strong>Los dos pa\u00edses vecinos mantienen relaciones hist\u00f3ricas de larga trayectoria\u00a0<\/strong>que se consolidan gracias a la voluntad pol\u00edtica y se basan en el di\u00e1logo, el respeto mutuo y la implementaci\u00f3n de los compromisos y acuerdos firmados.<\/p>\n<p>En esta l\u00ednea,<strong>\u00a0Enrique Millo Rocher, secretario general de Acci\u00f3n Exterior, Uni\u00f3n Europa y Cooperaci\u00f3n de la Junta de Andaluc\u00eda afirm\u00f3 que \u201cel taller es un paso m\u00e1s en lo que viene siendo desde muchos a\u00f1os una estrategia muy firme de cooperaci\u00f3n entre Espa\u00f1a y Marruecos especialmente entre Andaluc\u00eda y Marruecos,\u00a0<\/strong>por la cercan\u00eda y la historia com\u00fan\u201d.<\/p>\n<p>Seg\u00fan afirmaron con unanimidad los participantes en el taller,<strong>\u00a0la nueva etapa sin precedentes que viven Espa\u00f1a y Marruecos marca un modelo de asociaci\u00f3n entre el norte y el sur\u00a0<\/strong>fundamentada sobre el beneficio mutuo en un contexto repleto de desaf\u00edos y transformaciones regionales e internacionales.<\/p>\n<p><img decoding=\"async\" src=\"https:\/\/www.atalayar.com\/media\/atalayar\/images\/2024\/01\/16\/2024011611070147063.jpg\" alt=\"Enrique Millo y Francisco de la Torre\" \/><\/p>\n<p style=\"text-align: center;\"><span style=\"font-size: 8pt;\">Enrique Millo y Francisco de la Torre<\/span><\/p>\n<h2 id=\"marruecos-un-socio-en-continuo-desarrollo\">Marruecos, un socio en continuo desarrollo<\/h2>\n<p><strong>\u201cLa jornada viene para trabajar mejor conjuntamente, buscar nuevas v\u00edas de colaboraci\u00f3n, nuevos instrumentos para financiar las operaciones y conseguir por tanto un mayor rendimiento de este trabajo com\u00fan\u201d<\/strong>, destac\u00f3 el representante de Junta Andaluc\u00eda se\u00f1alando que \u201ctrabajando juntos seguro podemos conseguir mejores resultados\u201d.<\/p>\n<p>Millo Rocher mencion\u00f3, en su declaraci\u00f3n a la prensa, que\u00a0<strong>\u201cRabat en los \u00faltimos diez o quince a\u00f1os ha experimentado un cambio espectacular, un crecimiento muy importante, un desarrollo notable y una mejora de la calidad de vida de las personas\u201d.<\/strong><\/p>\n<p><strong>\u201cEs una muestra de la labor del Gobierno y la labor del rey Mohamed VI que realiza proyectos a favor de todo el pa\u00eds, as\u00ed como en beneficio del continente africano y de su relaci\u00f3n con Espa\u00f1a y Europa\u201d,<\/strong>\u00a0agreg\u00f3.<\/p>\n<p>De los factores que animan m\u00e1s este tipo de encuentros,<strong>\u00a0la posici\u00f3n de Marruecos como primer socio de Espa\u00f1a en \u00c1frica con una cifra de transacciones de 16.000 millones de euros.<\/strong>\u00a0Sin perder de vista las diferentes \u00e1reas de cooperaci\u00f3n como la seguridad para enfrentar el terrorismo transfronterizo y la migraci\u00f3n clandestina, de acuerdo con un comunicado de la APCPP.<\/p>\n<p><img decoding=\"async\" src=\"https:\/\/www.atalayar.com\/media\/atalayar\/images\/2024\/01\/16\/2024011611070010056.jpg\" alt=\"Cooperaci\u00f3n Descentralizada de las Colectividades Territoriales Marruecos-Espa\u00f1a\" \/><\/p>\n<p style=\"text-align: center;\"><span style=\"font-size: 8pt;\">Cooperaci\u00f3n Descentralizada de las Colectividades Territoriales Marruecos-Espa\u00f1a<\/span><\/p>\n<h2 id=\"encuentro-fructifero-para-las-zonas-del-sur-y-del-norte-de-marruecos\">Encuentro fruct\u00edfero para las zonas del sur y del norte de Marruecos<\/h2>\n<p>En este sentido,<strong>\u00a0el presidente de la Asociaci\u00f3n Marroqu\u00ed de Presidentes de los Consejos de Prefecturas y Provincias, Abdelaziz Derouiche, destac\u00f3 que \u201ceste encuentro tendr\u00e1 un efecto positivo por un lado sobre las zonas del sur de Marruecos cercanas de las islas Canarias.\u00a0<\/strong>Y por otro lado sobre la zona del norte que ha tejido relaciones fruct\u00edferas con la Junta de Andaluc\u00eda\u201d.<\/p>\n<p>Se trata de una jornada de estudio sobre le descentralizaci\u00f3n; en la cual participaron<strong>\u00a0varios jefes de prefecturas y diputaciones provinciales de Marruecos, adem\u00e1s de una delegaci\u00f3n de representantes de los municipios de Islas Canarias encabezada por la presidenta de la Federaci\u00f3n Canaria de Municipios (FECAM) alcaldesa de Candelaria, Mar\u00eda Concepci\u00f3n Brito.<\/strong><\/p>\n<p>Al lado de estos jefes, intervino<strong>\u00a0<\/strong>tambi\u00e9n en el evento<strong>\u00a0un grupo de profesores y acad\u00e9micos especializados para debatir la experiencia de la descentralizaci\u00f3n en ambos pa\u00edses e intercambiar buenas pr\u00e1cticas.\u00a0<\/strong>De los temas tratados se destaca \u201cel desarrollo de las relaciones econ\u00f3micas y comerciales entre ambos pa\u00edses y su impacto en el desarrollo territorial\u201d.<\/p>\n<p><img decoding=\"async\" src=\"https:\/\/www.atalayar.com\/media\/atalayar\/images\/2024\/01\/16\/2024011611070284833.jpg\" alt=\"Cooperaci\u00f3n Descentralizada de las Colectividades Territoriales Marruecos-Espa\u00f1a\" \/><\/p>\n<p style=\"text-align: center;\"><span style=\"font-size: 8pt;\">Cooperaci\u00f3n Descentralizada de las Colectividades Territoriales Marruecos-Espa\u00f1a<\/span><\/p>\n<h2 id=\"compartir-experiencia-y-buenas-practicasnbsp-\">Compartir experiencia y buenas practicas<\/h2>\n<p>Varios de los asistentes espa\u00f1oles coincidieron en ofrecer su experiencia:\u00a0<strong>\u201cNuestra labor es compartir informaci\u00f3n dada la larga experiencia de cooperaci\u00f3n transfronteriza establecida por Espa\u00f1a y que le ser\u00e1 \u00fatil a Marruecos sacando provecho mutuo para todos\u201d.<\/strong><\/p>\n<p>Hablando de las asociaciones estrat\u00e9gicas a nivel municipal entre Espa\u00f1a y Reino de Marruecos con 25 a\u00f1os de cooperaci\u00f3n entre la ciudad de M\u00e1laga y las ciudades asociadas de Marruecos,\u00a0<strong>Francisco de la Torre, alcalde de M\u00e1laga, sostuvo que \u201cla cooperaci\u00f3n descentralizada es importante no s\u00f3lo para Marruecos y Espa\u00f1a, sino tambi\u00e9n para Europa\u201d.\u00a0<\/strong><\/p>\n<p><strong>\u201cEs un camino muy id\u00f3neo para pa\u00edses vecinos cercanos entre los que cada vez hay m\u00e1s comercio m\u00e1s inversiones, m\u00e1s marco profesional y m\u00e1s oportunidad de trabajo\u201d,<\/strong>\u00a0enfatiz\u00f3 en su intervenci\u00f3n.<\/p>\n<div class=\"video-container\"><iframe loading=\"lazy\" title=\"Francisco de la Torre,en el &#039;Encuentro de Cooperaci\u00f3n Descentralizada Marruecos-Espa\u00f1a\" width=\"500\" height=\"281\" src=\"https:\/\/www.youtube.com\/embed\/960N2uVdtsI?start=1&#038;feature=oembed&#038;wmode=opaque\" frameborder=\"0\" allow=\"accelerometer; autoplay; clipboard-write; encrypted-media; gyroscope; picture-in-picture; web-share\" referrerpolicy=\"strict-origin-when-cross-origin\" allowfullscreen><\/iframe><\/div>\n<h2 id=\"marruecos-una-nueva-potencia-futbolisticanbsp-\">Marruecos, una nueva potencia futbol\u00edstica<\/h2>\n<p>En paralelo,\u00a0<strong>sobre la organizaci\u00f3n conjunta del Mundial 2030 entre Marruecos, Espa\u00f1a y Portugal, Francisco de la Torre puntualiz\u00f3 que \u201cMarruecos tiene una potencia futbol\u00edstica y estar\u00e1 preparado para el Mundial 2030<\/strong>\u00a0gracias a los logros que hab\u00eda alcanzado desde T\u00e1nger Med hasta las diferentes infraestructuras que se han desarrollado en todo el territorio marroqu\u00ed\u201d.<\/p>\n<h2 id=\"malaga-la-ciudad-que-mas-coopera-con-el-vecino-del-sur\">M\u00e1laga, la ciudad que m\u00e1s coopera con el vecino del sur<\/h2>\n<p><strong>Esta cita institucional hispano-marroqu\u00ed fue una ocasi\u00f3n para conocer de cerca el programa de cooperaci\u00f3n que lidera el Ayuntamiento de M\u00e1laga, desde hace m\u00e1s de 20 a\u00f1os, junto a ciudades marroqu\u00edes como T\u00e1nger, Tetu\u00e1n, Alhucemas o Nador\u00a0<\/strong>y que ha recibido el apoyo financiero por parte de la Uni\u00f3n Europea a trav\u00e9s de los programas de cooperaci\u00f3n transfronteriza.<\/p>\n<p><strong>Este tipo de cooperaci\u00f3n, dando el ejemplo de la ciudad de M\u00e1laga con ciudades del Reino de Marruecos, permite llevar a cabo actividades en varios \u00e1mbitos prioritarios para los municipios como la mejora de la gobernanza municipal,\u00a0<\/strong>\u00a0el fomento del emprendimiento y la dinamizaci\u00f3n de la econom\u00eda local o la rehabilitaci\u00f3n y puesta en valor del patrimonio arquitect\u00f3nico.<\/p>\n<p><strong>La Agencia Andaluza de Cooperaci\u00f3n Internacional para el Desarrollo ha contribuido a\u00a0crear un nuevo programa de cooperaci\u00f3n transfronteriza\u00a0<\/strong>que hab\u00eda logrado mantener y desarrollar los lazos que unen las entidades locales de Andaluc\u00eda con sus hom\u00f3logas marroqu\u00edes, principalmente los de la zona norte.<\/p>\n<p><img decoding=\"async\" src=\"https:\/\/www.atalayar.com\/media\/atalayar\/images\/2024\/01\/16\/2024011611070062938.jpg\" alt=\"Abdelaziz Derouiche\" \/><\/p>\n<p style=\"text-align: center;\"><span style=\"font-size: 8pt;\">Abdelaziz Derouiche<\/span><\/p>\n<h2 id=\"memorando-de-entendimiento-a-nivel-municipal\">Memorando de entendimiento a nivel municipal<\/h2>\n<p>El encuentro entre presidentes de prefecturas y municipios de Marruecos y Espa\u00f1a se clausur\u00f3 con\u00a0<strong>la firma de un memorando de entendimiento entre los representantes de las instituciones locales y regionales de ambas partes.<\/strong><\/p>\n<p><strong>El objetivo es crear un marco adecuado para desarrollar las labores de cooperaci\u00f3n estableciendo relaciones permanentes entre las Colectividades Territoriales Marroqu\u00edes y las Comunidades Espa\u00f1olas,<\/strong>\u00a0promover el desarrollo local y potenciar las competencias de los electos y los altos ejecutivos a trav\u00e9s del intercambio de experiencias y conocimiento en el \u00e1mbito de la gesti\u00f3n local.<\/p>\n","protected":false},"excerpt":{"rendered":"<p>NOTI-AMERICA.COM | ESPA\u00d1A\u00a0 www.atalayar.com La Cooperaci\u00f3n Descentralizada entre Marruecos y Espa\u00f1a, una de las claves de la buena gobernanza territorial La Asociaci\u00f3n de Presidentes de los Consejos de Prefecturas y Provincias de Marruecos organiz\u00f3&#46;&#46;&#46;<\/p>\n","protected":false},"author":2,"featured_media":37126,"comment_status":"closed","ping_status":"open","sticky":false,"template":"","format":"image","meta":{"_acf_changed":false,"rop_custom_images_group":[],"rop_custom_messages_group":[],"rop_publish_now":"initial","rop_publish_now_accounts":{"facebook_10219548024599422_1632221337088128":"","twitter_242054905_242054905":""},"rop_publish_now_history":[],"rop_publish_now_status":"pending","footnotes":""},"categories":[3],"tags":[],"class_list":["post-37123","post","type-post","status-publish","format-image","has-post-thumbnail","hentry","category-politica","post_format-post-format-image"],"acf":[],"yoast_head":"<!-- This site is optimized with the Yoast SEO Premium plugin v24.9 (Yoast SEO v27.2) - https:\/\/yoast.com\/product\/yoast-seo-premium-wordpress\/ -->\n<title>La Cooperaci\u00f3n Descentralizada entre Marruecos y Espa\u00f1a, una de las claves de la buena gobernanza territorial - Noti-America.com<\/title>\n<meta name=\"robots\" content=\"index, follow, max-snippet:-1, max-image-preview:large, max-video-preview:-1\" \/>\n<link rel=\"canonical\" href=\"https:\/\/noti-america.com\/site\/principal\/2024\/01\/16\/la-cooperacion-descentralizada-entre-marruecos-y-espana-una-de-las-claves-de-la-buena-gobernanza-territorial\/\" \/>\n<meta property=\"og:locale\" content=\"es_ES\" \/>\n<meta property=\"og:type\" content=\"article\" \/>\n<meta property=\"og:title\" content=\"La Cooperaci\u00f3n Descentralizada entre Marruecos y Espa\u00f1a, una de las claves de la buena gobernanza territorial\" \/>\n<meta property=\"og:description\" content=\"NOTI-AMERICA.COM | ESPA\u00d1A\u00a0 www.atalayar.com La Cooperaci\u00f3n Descentralizada entre Marruecos y Espa\u00f1a, una de las claves de la buena gobernanza territorial La Asociaci\u00f3n de Presidentes de los Consejos de Prefecturas y Provincias de Marruecos organiz\u00f3&#046;&#046;&#046;\" \/>\n<meta property=\"og:url\" content=\"https:\/\/noti-america.com\/site\/principal\/2024\/01\/16\/la-cooperacion-descentralizada-entre-marruecos-y-espana-una-de-las-claves-de-la-buena-gobernanza-territorial\/\" \/>\n<meta property=\"og:site_name\" content=\"Noti-America.com\" \/>\n<meta property=\"article:published_time\" content=\"2024-01-16T21:08:38+00:00\" \/>\n<meta property=\"og:image\" content=\"https:\/\/noti-america.com\/site\/principal\/wp-content\/uploads\/sites\/26\/2024\/01\/ESPANA-colectividad-terriotoriales-marruecos-espana.jpg\" \/>\n\t<meta property=\"og:image:width\" content=\"1200\" \/>\n\t<meta property=\"og:image:height\" content=\"675\" \/>\n\t<meta property=\"og:image:type\" content=\"image\/jpeg\" \/>\n<meta name=\"author\" content=\"rloaiza\" \/>\n<meta name=\"twitter:card\" content=\"summary_large_image\" \/>\n<meta name=\"twitter:label1\" content=\"Escrito por\" \/>\n\t<meta name=\"twitter:data1\" content=\"rloaiza\" \/>\n\t<meta name=\"twitter:label2\" content=\"Tiempo estimado de lectura\" \/>\n\t<meta name=\"twitter:data2\" content=\"8 minutos\" \/>\n<script type=\"application\/ld+json\" class=\"yoast-schema-graph\">{\"@context\":\"https:\/\/schema.org\",\"@graph\":[{\"@type\":\"Article\",\"@id\":\"https:\/\/noti-america.com\/site\/principal\/2024\/01\/16\/la-cooperacion-descentralizada-entre-marruecos-y-espana-una-de-las-claves-de-la-buena-gobernanza-territorial\/#article\",\"isPartOf\":{\"@id\":\"https:\/\/noti-america.com\/site\/principal\/2024\/01\/16\/la-cooperacion-descentralizada-entre-marruecos-y-espana-una-de-las-claves-de-la-buena-gobernanza-territorial\/\"},\"author\":{\"name\":\"rloaiza\",\"@id\":\"https:\/\/noti-america.com\/site\/principal\/#\/schema\/person\/a2e478ba496331ce89bcd0c731cd6533\"},\"headline\":\"La Cooperaci\u00f3n Descentralizada entre Marruecos y Espa\u00f1a, una de las claves de la buena gobernanza territorial\",\"datePublished\":\"2024-01-16T21:08:38+00:00\",\"mainEntityOfPage\":{\"@id\":\"https:\/\/noti-america.com\/site\/principal\/2024\/01\/16\/la-cooperacion-descentralizada-entre-marruecos-y-espana-una-de-las-claves-de-la-buena-gobernanza-territorial\/\"},\"wordCount\":1482,\"image\":{\"@id\":\"https:\/\/noti-america.com\/site\/principal\/2024\/01\/16\/la-cooperacion-descentralizada-entre-marruecos-y-espana-una-de-las-claves-de-la-buena-gobernanza-territorial\/#primaryimage\"},\"thumbnailUrl\":\"https:\/\/noti-america.com\/site\/principal\/wp-content\/uploads\/sites\/26\/2024\/01\/ESPANA-colectividad-terriotoriales-marruecos-espana.jpg\",\"articleSection\":[\"Pol\u00edtica\"],\"inLanguage\":\"es\"},{\"@type\":\"WebPage\",\"@id\":\"https:\/\/noti-america.com\/site\/principal\/2024\/01\/16\/la-cooperacion-descentralizada-entre-marruecos-y-espana-una-de-las-claves-de-la-buena-gobernanza-territorial\/\",\"url\":\"https:\/\/noti-america.com\/site\/principal\/2024\/01\/16\/la-cooperacion-descentralizada-entre-marruecos-y-espana-una-de-las-claves-de-la-buena-gobernanza-territorial\/\",\"name\":\"La Cooperaci\u00f3n Descentralizada entre Marruecos y Espa\u00f1a, una de las claves de la buena gobernanza territorial - Noti-America.com\",\"isPartOf\":{\"@id\":\"https:\/\/noti-america.com\/site\/principal\/#website\"},\"primaryImageOfPage\":{\"@id\":\"https:\/\/noti-america.com\/site\/principal\/2024\/01\/16\/la-cooperacion-descentralizada-entre-marruecos-y-espana-una-de-las-claves-de-la-buena-gobernanza-territorial\/#primaryimage\"},\"image\":{\"@id\":\"https:\/\/noti-america.com\/site\/principal\/2024\/01\/16\/la-cooperacion-descentralizada-entre-marruecos-y-espana-una-de-las-claves-de-la-buena-gobernanza-territorial\/#primaryimage\"},\"thumbnailUrl\":\"https:\/\/noti-america.com\/site\/principal\/wp-content\/uploads\/sites\/26\/2024\/01\/ESPANA-colectividad-terriotoriales-marruecos-espana.jpg\",\"datePublished\":\"2024-01-16T21:08:38+00:00\",\"author\":{\"@id\":\"https:\/\/noti-america.com\/site\/principal\/#\/schema\/person\/a2e478ba496331ce89bcd0c731cd6533\"},\"breadcrumb\":{\"@id\":\"https:\/\/noti-america.com\/site\/principal\/2024\/01\/16\/la-cooperacion-descentralizada-entre-marruecos-y-espana-una-de-las-claves-de-la-buena-gobernanza-territorial\/#breadcrumb\"},\"inLanguage\":\"es\",\"potentialAction\":[{\"@type\":\"ReadAction\",\"target\":[\"https:\/\/noti-america.com\/site\/principal\/2024\/01\/16\/la-cooperacion-descentralizada-entre-marruecos-y-espana-una-de-las-claves-de-la-buena-gobernanza-territorial\/\"]}]},{\"@type\":\"ImageObject\",\"inLanguage\":\"es\",\"@id\":\"https:\/\/noti-america.com\/site\/principal\/2024\/01\/16\/la-cooperacion-descentralizada-entre-marruecos-y-espana-una-de-las-claves-de-la-buena-gobernanza-territorial\/#primaryimage\",\"url\":\"https:\/\/noti-america.com\/site\/principal\/wp-content\/uploads\/sites\/26\/2024\/01\/ESPANA-colectividad-terriotoriales-marruecos-espana.jpg\",\"contentUrl\":\"https:\/\/noti-america.com\/site\/principal\/wp-content\/uploads\/sites\/26\/2024\/01\/ESPANA-colectividad-terriotoriales-marruecos-espana.jpg\",\"width\":1200,\"height\":675},{\"@type\":\"BreadcrumbList\",\"@id\":\"https:\/\/noti-america.com\/site\/principal\/2024\/01\/16\/la-cooperacion-descentralizada-entre-marruecos-y-espana-una-de-las-claves-de-la-buena-gobernanza-territorial\/#breadcrumb\",\"itemListElement\":[{\"@type\":\"ListItem\",\"position\":1,\"name\":\"Portada\",\"item\":\"https:\/\/noti-america.com\/site\/principal\/\"},{\"@type\":\"ListItem\",\"position\":2,\"name\":\"La Cooperaci\u00f3n Descentralizada entre Marruecos y Espa\u00f1a, una de las claves de la buena gobernanza territorial\"}]},{\"@type\":\"WebSite\",\"@id\":\"https:\/\/noti-america.com\/site\/principal\/#website\",\"url\":\"https:\/\/noti-america.com\/site\/principal\/\",\"name\":\"Noti-America.com\",\"description\":\"El Noticiero Digital M\u00e1s Grande de Am\u00e9rica\",\"potentialAction\":[{\"@type\":\"SearchAction\",\"target\":{\"@type\":\"EntryPoint\",\"urlTemplate\":\"https:\/\/noti-america.com\/site\/principal\/?s={search_term_string}\"},\"query-input\":{\"@type\":\"PropertyValueSpecification\",\"valueRequired\":true,\"valueName\":\"search_term_string\"}}],\"inLanguage\":\"es\"},{\"@type\":\"Person\",\"@id\":\"https:\/\/noti-america.com\/site\/principal\/#\/schema\/person\/a2e478ba496331ce89bcd0c731cd6533\",\"name\":\"rloaiza\",\"image\":{\"@type\":\"ImageObject\",\"inLanguage\":\"es\",\"@id\":\"https:\/\/secure.gravatar.com\/avatar\/190058e5d4427934610b99c45aa7a6558806850adedd53ddeddd194b04773e22?s=96&d=mm&r=g\",\"url\":\"https:\/\/secure.gravatar.com\/avatar\/190058e5d4427934610b99c45aa7a6558806850adedd53ddeddd194b04773e22?s=96&d=mm&r=g\",\"contentUrl\":\"https:\/\/secure.gravatar.com\/avatar\/190058e5d4427934610b99c45aa7a6558806850adedd53ddeddd194b04773e22?s=96&d=mm&r=g\",\"caption\":\"rloaiza\"},\"url\":\"https:\/\/noti-america.com\/site\/principal\/author\/rloaiza\/\"}]}<\/script>\n<!-- \/ Yoast SEO Premium plugin. -->","yoast_head_json":{"title":"La Cooperaci\u00f3n Descentralizada entre Marruecos y Espa\u00f1a, una de las claves de la buena gobernanza territorial - Noti-America.com","robots":{"index":"index","follow":"follow","max-snippet":"max-snippet:-1","max-image-preview":"max-image-preview:large","max-video-preview":"max-video-preview:-1"},"canonical":"https:\/\/noti-america.com\/site\/principal\/2024\/01\/16\/la-cooperacion-descentralizada-entre-marruecos-y-espana-una-de-las-claves-de-la-buena-gobernanza-territorial\/","og_locale":"es_ES","og_type":"article","og_title":"La Cooperaci\u00f3n Descentralizada entre Marruecos y Espa\u00f1a, una de las claves de la buena gobernanza territorial","og_description":"NOTI-AMERICA.COM | ESPA\u00d1A\u00a0 www.atalayar.com La Cooperaci\u00f3n Descentralizada entre Marruecos y Espa\u00f1a, una de las claves de la buena gobernanza territorial La Asociaci\u00f3n de Presidentes de los Consejos de Prefecturas y Provincias de Marruecos organiz\u00f3&#46;&#46;&#46;","og_url":"https:\/\/noti-america.com\/site\/principal\/2024\/01\/16\/la-cooperacion-descentralizada-entre-marruecos-y-espana-una-de-las-claves-de-la-buena-gobernanza-territorial\/","og_site_name":"Noti-America.com","article_published_time":"2024-01-16T21:08:38+00:00","og_image":[{"width":1200,"height":675,"url":"https:\/\/noti-america.com\/site\/principal\/wp-content\/uploads\/sites\/26\/2024\/01\/ESPANA-colectividad-terriotoriales-marruecos-espana.jpg","type":"image\/jpeg"}],"author":"rloaiza","twitter_card":"summary_large_image","twitter_misc":{"Escrito por":"rloaiza","Tiempo estimado de lectura":"8 minutos"},"schema":{"@context":"https:\/\/schema.org","@graph":[{"@type":"Article","@id":"https:\/\/noti-america.com\/site\/principal\/2024\/01\/16\/la-cooperacion-descentralizada-entre-marruecos-y-espana-una-de-las-claves-de-la-buena-gobernanza-territorial\/#article","isPartOf":{"@id":"https:\/\/noti-america.com\/site\/principal\/2024\/01\/16\/la-cooperacion-descentralizada-entre-marruecos-y-espana-una-de-las-claves-de-la-buena-gobernanza-territorial\/"},"author":{"name":"rloaiza","@id":"https:\/\/noti-america.com\/site\/principal\/#\/schema\/person\/a2e478ba496331ce89bcd0c731cd6533"},"headline":"La Cooperaci\u00f3n Descentralizada entre Marruecos y Espa\u00f1a, una de las claves de la buena gobernanza territorial","datePublished":"2024-01-16T21:08:38+00:00","mainEntityOfPage":{"@id":"https:\/\/noti-america.com\/site\/principal\/2024\/01\/16\/la-cooperacion-descentralizada-entre-marruecos-y-espana-una-de-las-claves-de-la-buena-gobernanza-territorial\/"},"wordCount":1482,"image":{"@id":"https:\/\/noti-america.com\/site\/principal\/2024\/01\/16\/la-cooperacion-descentralizada-entre-marruecos-y-espana-una-de-las-claves-de-la-buena-gobernanza-territorial\/#primaryimage"},"thumbnailUrl":"https:\/\/noti-america.com\/site\/principal\/wp-content\/uploads\/sites\/26\/2024\/01\/ESPANA-colectividad-terriotoriales-marruecos-espana.jpg","articleSection":["Pol\u00edtica"],"inLanguage":"es"},{"@type":"WebPage","@id":"https:\/\/noti-america.com\/site\/principal\/2024\/01\/16\/la-cooperacion-descentralizada-entre-marruecos-y-espana-una-de-las-claves-de-la-buena-gobernanza-territorial\/","url":"https:\/\/noti-america.com\/site\/principal\/2024\/01\/16\/la-cooperacion-descentralizada-entre-marruecos-y-espana-una-de-las-claves-de-la-buena-gobernanza-territorial\/","name":"La Cooperaci\u00f3n Descentralizada entre Marruecos y Espa\u00f1a, una de las claves de la buena gobernanza territorial - Noti-America.com","isPartOf":{"@id":"https:\/\/noti-america.com\/site\/principal\/#website"},"primaryImageOfPage":{"@id":"https:\/\/noti-america.com\/site\/principal\/2024\/01\/16\/la-cooperacion-descentralizada-entre-marruecos-y-espana-una-de-las-claves-de-la-buena-gobernanza-territorial\/#primaryimage"},"image":{"@id":"https:\/\/noti-america.com\/site\/principal\/2024\/01\/16\/la-cooperacion-descentralizada-entre-marruecos-y-espana-una-de-las-claves-de-la-buena-gobernanza-territorial\/#primaryimage"},"thumbnailUrl":"https:\/\/noti-america.com\/site\/principal\/wp-content\/uploads\/sites\/26\/2024\/01\/ESPANA-colectividad-terriotoriales-marruecos-espana.jpg","datePublished":"2024-01-16T21:08:38+00:00","author":{"@id":"https:\/\/noti-america.com\/site\/principal\/#\/schema\/person\/a2e478ba496331ce89bcd0c731cd6533"},"breadcrumb":{"@id":"https:\/\/noti-america.com\/site\/principal\/2024\/01\/16\/la-cooperacion-descentralizada-entre-marruecos-y-espana-una-de-las-claves-de-la-buena-gobernanza-territorial\/#breadcrumb"},"inLanguage":"es","potentialAction":[{"@type":"ReadAction","target":["https:\/\/noti-america.com\/site\/principal\/2024\/01\/16\/la-cooperacion-descentralizada-entre-marruecos-y-espana-una-de-las-claves-de-la-buena-gobernanza-territorial\/"]}]},{"@type":"ImageObject","inLanguage":"es","@id":"https:\/\/noti-america.com\/site\/principal\/2024\/01\/16\/la-cooperacion-descentralizada-entre-marruecos-y-espana-una-de-las-claves-de-la-buena-gobernanza-territorial\/#primaryimage","url":"https:\/\/noti-america.com\/site\/principal\/wp-content\/uploads\/sites\/26\/2024\/01\/ESPANA-colectividad-terriotoriales-marruecos-espana.jpg","contentUrl":"https:\/\/noti-america.com\/site\/principal\/wp-content\/uploads\/sites\/26\/2024\/01\/ESPANA-colectividad-terriotoriales-marruecos-espana.jpg","width":1200,"height":675},{"@type":"BreadcrumbList","@id":"https:\/\/noti-america.com\/site\/principal\/2024\/01\/16\/la-cooperacion-descentralizada-entre-marruecos-y-espana-una-de-las-claves-de-la-buena-gobernanza-territorial\/#breadcrumb","itemListElement":[{"@type":"ListItem","position":1,"name":"Portada","item":"https:\/\/noti-america.com\/site\/principal\/"},{"@type":"ListItem","position":2,"name":"La Cooperaci\u00f3n Descentralizada entre Marruecos y Espa\u00f1a, una de las claves de la buena gobernanza territorial"}]},{"@type":"WebSite","@id":"https:\/\/noti-america.com\/site\/principal\/#website","url":"https:\/\/noti-america.com\/site\/principal\/","name":"Noti-America.com","description":"El Noticiero Digital M\u00e1s Grande de Am\u00e9rica","potentialAction":[{"@type":"SearchAction","target":{"@type":"EntryPoint","urlTemplate":"https:\/\/noti-america.com\/site\/principal\/?s={search_term_string}"},"query-input":{"@type":"PropertyValueSpecification","valueRequired":true,"valueName":"search_term_string"}}],"inLanguage":"es"},{"@type":"Person","@id":"https:\/\/noti-america.com\/site\/principal\/#\/schema\/person\/a2e478ba496331ce89bcd0c731cd6533","name":"rloaiza","image":{"@type":"ImageObject","inLanguage":"es","@id":"https:\/\/secure.gravatar.com\/avatar\/190058e5d4427934610b99c45aa7a6558806850adedd53ddeddd194b04773e22?s=96&d=mm&r=g","url":"https:\/\/secure.gravatar.com\/avatar\/190058e5d4427934610b99c45aa7a6558806850adedd53ddeddd194b04773e22?s=96&d=mm&r=g","contentUrl":"https:\/\/secure.gravatar.com\/avatar\/190058e5d4427934610b99c45aa7a6558806850adedd53ddeddd194b04773e22?s=96&d=mm&r=g","caption":"rloaiza"},"url":"https:\/\/noti-america.com\/site\/principal\/author\/rloaiza\/"}]}},"_links":{"self":[{"href":"https:\/\/noti-america.com\/site\/principal\/wp-json\/wp\/v2\/posts\/37123","targetHints":{"allow":["GET"]}}],"collection":[{"href":"https:\/\/noti-america.com\/site\/principal\/wp-json\/wp\/v2\/posts"}],"about":[{"href":"https:\/\/noti-america.com\/site\/principal\/wp-json\/wp\/v2\/types\/post"}],"author":[{"embeddable":true,"href":"https:\/\/noti-america.com\/site\/principal\/wp-json\/wp\/v2\/users\/2"}],"replies":[{"embeddable":true,"href":"https:\/\/noti-america.com\/site\/principal\/wp-json\/wp\/v2\/comments?post=37123"}],"version-history":[{"count":1,"href":"https:\/\/noti-america.com\/site\/principal\/wp-json\/wp\/v2\/posts\/37123\/revisions"}],"predecessor-version":[{"id":37127,"href":"https:\/\/noti-america.com\/site\/principal\/wp-json\/wp\/v2\/posts\/37123\/revisions\/37127"}],"wp:featuredmedia":[{"embeddable":true,"href":"https:\/\/noti-america.com\/site\/principal\/wp-json\/wp\/v2\/media\/37126"}],"wp:attachment":[{"href":"https:\/\/noti-america.com\/site\/principal\/wp-json\/wp\/v2\/media?parent=37123"}],"wp:term":[{"taxonomy":"category","embeddable":true,"href":"https:\/\/noti-america.com\/site\/principal\/wp-json\/wp\/v2\/categories?post=37123"},{"taxonomy":"post_tag","embeddable":true,"href":"https:\/\/noti-america.com\/site\/principal\/wp-json\/wp\/v2\/tags?post=37123"}],"curies":[{"name":"wp","href":"https:\/\/api.w.org\/{rel}","templated":true}]}}