{"id":3688,"date":"2018-04-29T12:28:18","date_gmt":"2018-04-29T12:28:18","guid":{"rendered":"http:\/\/noti-america.com\/site\/alemania\/?p=3688"},"modified":"2018-04-29T12:28:18","modified_gmt":"2018-04-29T12:28:18","slug":"mercado-biotecnologico-aleman-crece-a-pesar-disminucion-de-inversores","status":"publish","type":"post","link":"https:\/\/noti-america.com\/site\/principal\/2018\/04\/29\/mercado-biotecnologico-aleman-crece-a-pesar-disminucion-de-inversores\/","title":{"rendered":"Mercado biotecnol\u00f3gico alem\u00e1n crece a pesar disminuci\u00f3n de inversores"},"content":{"rendered":"<p><span class=\"dateline\">Fr\u00e1nforct\u00a0&#8211;\u00a0<\/span>El mercado de medicamentos alemanes fabricados con biotecnolog\u00eda creci\u00f3 el a\u00f1o pasado en un ocho por ciento y alcanz\u00f3 un r\u00e9cord de facturaci\u00f3n de 4.000 millones de euros, inform\u00f3 la consultora EY en Fr\u00e1ncfort.<\/p>\n<p>M\u00e1s de 600 empresas biotecnol\u00f3gicas, entre ellas compa\u00f1\u00edas que cotizan en bolsa como Evotec, Medigene y Morphosys operan en este sector en el que los tratamientos contra el c\u00e1ncer tienen un foco especial. Adem\u00e1s, el empleo aument\u00f3 en un 12 por ciento hasta llegar casi a los 26.000 trabajadores.<\/p>\n<p>El mercado de medicamentos biotecnol\u00f3gicos logr\u00f3 una financiaci\u00f3n r\u00e9cord de 627 millones de euros, si bien el capital de riesgo disminuy\u00f3. En 2017 solo se fundaron ocho empresas, y las inversiones para investigaci\u00f3n y desarrollo cayeron un 3 por ciento hasta los 1,2 millones de euros.<\/p>\n<p>Por el contrario, las empresas biotecnol\u00f3gicas en Estados Unidos y otros pa\u00edses de Europa registraron un aumento de inversiones. En este segmento Alemania se encuentra por detr\u00e1s de Francia, Gran Breta\u00f1a y Suiza.<\/p>\n<p>Fuente(dpa)<\/p>\n","protected":false},"excerpt":{"rendered":"<p>Fr\u00e1nforct\u00a0&#8211;\u00a0El mercado de medicamentos alemanes fabricados con biotecnolog\u00eda creci\u00f3 el a\u00f1o pasado en un ocho por ciento y alcanz\u00f3 un r\u00e9cord de facturaci\u00f3n de 4.000 millones de euros, inform\u00f3 la consultora EY en Fr\u00e1ncfort.&#46;&#46;&#46;<\/p>\n","protected":false},"author":31,"featured_media":3689,"comment_status":"open","ping_status":"open","sticky":false,"template":"","format":"standard","meta":{"_acf_changed":false,"rop_custom_images_group":[],"rop_custom_messages_group":[],"rop_publish_now":"initial","rop_publish_now_accounts":{"facebook_10219548024599422_1632221337088128":"","twitter_242054905_242054905":""},"rop_publish_now_history":[],"rop_publish_now_status":"pending","footnotes":""},"categories":[115,4,9],"tags":[375],"class_list":["post-3688","post","type-post","status-publish","format-standard","has-post-thumbnail","hentry","category-alemania","category-internacionales","category-tecnologia","tag-mercado-biotecnologico-aleman"],"acf":[],"yoast_head":"<!-- This site is optimized with the Yoast SEO Premium plugin v24.9 (Yoast SEO v27.2) - https:\/\/yoast.com\/product\/yoast-seo-premium-wordpress\/ -->\n<title>Mercado biotecnol\u00f3gico alem\u00e1n crece a pesar disminuci\u00f3n de inversores - Noti-America.com<\/title>\n<meta name=\"robots\" content=\"index, follow, max-snippet:-1, max-image-preview:large, max-video-preview:-1\" \/>\n<link rel=\"canonical\" href=\"https:\/\/noti-america.com\/site\/principal\/2018\/04\/29\/mercado-biotecnologico-aleman-crece-a-pesar-disminucion-de-inversores\/\" \/>\n<meta property=\"og:locale\" content=\"es_ES\" \/>\n<meta property=\"og:type\" content=\"article\" \/>\n<meta property=\"og:title\" content=\"Mercado biotecnol\u00f3gico alem\u00e1n crece a pesar disminuci\u00f3n de inversores\" \/>\n<meta property=\"og:description\" content=\"Fr\u00e1nforct\u00a0&#8211;\u00a0El mercado de medicamentos alemanes fabricados con biotecnolog\u00eda creci\u00f3 el a\u00f1o pasado en un ocho por ciento y alcanz\u00f3 un r\u00e9cord de facturaci\u00f3n de 4.000 millones de euros, inform\u00f3 la consultora EY en Fr\u00e1ncfort.&#046;&#046;&#046;\" \/>\n<meta property=\"og:url\" content=\"https:\/\/noti-america.com\/site\/principal\/2018\/04\/29\/mercado-biotecnologico-aleman-crece-a-pesar-disminucion-de-inversores\/\" \/>\n<meta property=\"og:site_name\" content=\"Noti-America.com\" \/>\n<meta property=\"article:published_time\" content=\"2018-04-29T12:28:18+00:00\" \/>\n<meta property=\"og:image\" content=\"https:\/\/noti-america.com\/site\/principal\/wp-content\/uploads\/sites\/26\/2018\/04\/11132LOW_MERCKINNOVATIONCE-760x390.jpg\" \/>\n\t<meta property=\"og:image:width\" content=\"760\" \/>\n\t<meta property=\"og:image:height\" content=\"390\" \/>\n\t<meta property=\"og:image:type\" content=\"image\/jpeg\" \/>\n<meta name=\"author\" content=\"Ydalith Figueroa Kad-Bay\" \/>\n<meta name=\"twitter:card\" content=\"summary_large_image\" \/>\n<meta name=\"twitter:creator\" content=\"@ydalithkad\" \/>\n<meta name=\"twitter:label1\" content=\"Escrito por\" \/>\n\t<meta name=\"twitter:data1\" content=\"Ydalith Figueroa Kad-Bay\" \/>\n\t<meta name=\"twitter:label2\" content=\"Tiempo estimado de lectura\" \/>\n\t<meta name=\"twitter:data2\" content=\"1 minuto\" \/>\n<script type=\"application\/ld+json\" class=\"yoast-schema-graph\">{\"@context\":\"https:\/\/schema.org\",\"@graph\":[{\"@type\":\"Article\",\"@id\":\"https:\/\/noti-america.com\/site\/principal\/2018\/04\/29\/mercado-biotecnologico-aleman-crece-a-pesar-disminucion-de-inversores\/#article\",\"isPartOf\":{\"@id\":\"https:\/\/noti-america.com\/site\/principal\/2018\/04\/29\/mercado-biotecnologico-aleman-crece-a-pesar-disminucion-de-inversores\/\"},\"author\":{\"name\":\"Ydalith Figueroa Kad-Bay\",\"@id\":\"https:\/\/noti-america.com\/site\/principal\/#\/schema\/person\/1a24e37c3c358f389f0a111448ddb870\"},\"headline\":\"Mercado biotecnol\u00f3gico alem\u00e1n crece a pesar disminuci\u00f3n de inversores\",\"datePublished\":\"2018-04-29T12:28:18+00:00\",\"mainEntityOfPage\":{\"@id\":\"https:\/\/noti-america.com\/site\/principal\/2018\/04\/29\/mercado-biotecnologico-aleman-crece-a-pesar-disminucion-de-inversores\/\"},\"wordCount\":189,\"commentCount\":0,\"image\":{\"@id\":\"https:\/\/noti-america.com\/site\/principal\/2018\/04\/29\/mercado-biotecnologico-aleman-crece-a-pesar-disminucion-de-inversores\/#primaryimage\"},\"thumbnailUrl\":\"https:\/\/noti-america.com\/site\/principal\/wp-content\/uploads\/sites\/26\/2018\/04\/11132LOW_MERCKINNOVATIONCE-760x390.jpg\",\"keywords\":[\"Mercado biotecnol\u00f3gico alem\u00e1n\"],\"articleSection\":[\"Alemania\",\"Internacionales\",\"Tecnolog\u00eda\"],\"inLanguage\":\"es\",\"potentialAction\":[{\"@type\":\"CommentAction\",\"name\":\"Comment\",\"target\":[\"https:\/\/noti-america.com\/site\/principal\/2018\/04\/29\/mercado-biotecnologico-aleman-crece-a-pesar-disminucion-de-inversores\/#respond\"]}]},{\"@type\":\"WebPage\",\"@id\":\"https:\/\/noti-america.com\/site\/principal\/2018\/04\/29\/mercado-biotecnologico-aleman-crece-a-pesar-disminucion-de-inversores\/\",\"url\":\"https:\/\/noti-america.com\/site\/principal\/2018\/04\/29\/mercado-biotecnologico-aleman-crece-a-pesar-disminucion-de-inversores\/\",\"name\":\"Mercado biotecnol\u00f3gico alem\u00e1n crece a pesar disminuci\u00f3n de inversores - Noti-America.com\",\"isPartOf\":{\"@id\":\"https:\/\/noti-america.com\/site\/principal\/#website\"},\"primaryImageOfPage\":{\"@id\":\"https:\/\/noti-america.com\/site\/principal\/2018\/04\/29\/mercado-biotecnologico-aleman-crece-a-pesar-disminucion-de-inversores\/#primaryimage\"},\"image\":{\"@id\":\"https:\/\/noti-america.com\/site\/principal\/2018\/04\/29\/mercado-biotecnologico-aleman-crece-a-pesar-disminucion-de-inversores\/#primaryimage\"},\"thumbnailUrl\":\"https:\/\/noti-america.com\/site\/principal\/wp-content\/uploads\/sites\/26\/2018\/04\/11132LOW_MERCKINNOVATIONCE-760x390.jpg\",\"datePublished\":\"2018-04-29T12:28:18+00:00\",\"author\":{\"@id\":\"https:\/\/noti-america.com\/site\/principal\/#\/schema\/person\/1a24e37c3c358f389f0a111448ddb870\"},\"breadcrumb\":{\"@id\":\"https:\/\/noti-america.com\/site\/principal\/2018\/04\/29\/mercado-biotecnologico-aleman-crece-a-pesar-disminucion-de-inversores\/#breadcrumb\"},\"inLanguage\":\"es\",\"potentialAction\":[{\"@type\":\"ReadAction\",\"target\":[\"https:\/\/noti-america.com\/site\/principal\/2018\/04\/29\/mercado-biotecnologico-aleman-crece-a-pesar-disminucion-de-inversores\/\"]}]},{\"@type\":\"ImageObject\",\"inLanguage\":\"es\",\"@id\":\"https:\/\/noti-america.com\/site\/principal\/2018\/04\/29\/mercado-biotecnologico-aleman-crece-a-pesar-disminucion-de-inversores\/#primaryimage\",\"url\":\"https:\/\/noti-america.com\/site\/principal\/wp-content\/uploads\/sites\/26\/2018\/04\/11132LOW_MERCKINNOVATIONCE-760x390.jpg\",\"contentUrl\":\"https:\/\/noti-america.com\/site\/principal\/wp-content\/uploads\/sites\/26\/2018\/04\/11132LOW_MERCKINNOVATIONCE-760x390.jpg\",\"width\":760,\"height\":390},{\"@type\":\"BreadcrumbList\",\"@id\":\"https:\/\/noti-america.com\/site\/principal\/2018\/04\/29\/mercado-biotecnologico-aleman-crece-a-pesar-disminucion-de-inversores\/#breadcrumb\",\"itemListElement\":[{\"@type\":\"ListItem\",\"position\":1,\"name\":\"Portada\",\"item\":\"https:\/\/noti-america.com\/site\/principal\/\"},{\"@type\":\"ListItem\",\"position\":2,\"name\":\"Mercado biotecnol\u00f3gico alem\u00e1n crece a pesar disminuci\u00f3n de inversores\"}]},{\"@type\":\"WebSite\",\"@id\":\"https:\/\/noti-america.com\/site\/principal\/#website\",\"url\":\"https:\/\/noti-america.com\/site\/principal\/\",\"name\":\"Noti-America.com\",\"description\":\"El Noticiero Digital M\u00e1s Grande de Am\u00e9rica\",\"potentialAction\":[{\"@type\":\"SearchAction\",\"target\":{\"@type\":\"EntryPoint\",\"urlTemplate\":\"https:\/\/noti-america.com\/site\/principal\/?s={search_term_string}\"},\"query-input\":{\"@type\":\"PropertyValueSpecification\",\"valueRequired\":true,\"valueName\":\"search_term_string\"}}],\"inLanguage\":\"es\"},{\"@type\":\"Person\",\"@id\":\"https:\/\/noti-america.com\/site\/principal\/#\/schema\/person\/1a24e37c3c358f389f0a111448ddb870\",\"name\":\"Ydalith Figueroa Kad-Bay\",\"image\":{\"@type\":\"ImageObject\",\"inLanguage\":\"es\",\"@id\":\"https:\/\/secure.gravatar.com\/avatar\/7d1e350465afd215908c3ed413e32ef600cd41c3c21b95416252432a9f6c219c?s=96&d=mm&r=g\",\"url\":\"https:\/\/secure.gravatar.com\/avatar\/7d1e350465afd215908c3ed413e32ef600cd41c3c21b95416252432a9f6c219c?s=96&d=mm&r=g\",\"contentUrl\":\"https:\/\/secure.gravatar.com\/avatar\/7d1e350465afd215908c3ed413e32ef600cd41c3c21b95416252432a9f6c219c?s=96&d=mm&r=g\",\"caption\":\"Ydalith Figueroa Kad-Bay\"},\"description\":\"CEO Noti-America Alemania Embajadora de Venezuela para el Proyecto de Acci\u00f3n Clim\u00e1tica de la ONU, Embajadora para la ense\u00f1anza de los ODS de la ONU, Amplificador de la Acci\u00f3n de los ODS de la ONU, Profesor Voluntario del Proyecto KAKUMA (Educaci\u00f3n de calidad para refugiados en \u00c1frica) UNHCR \u2013 ACNUR - Agencia para los refugiados de la ONU-, Miembro de la ONG Gente Y Ciudad, Embajador de las Instituciones de Microfinanzas \u201cNo a la pobreza ODS #1 de la ONU\u201d (todos tienen derecho a acceso a un cr\u00e9dito), y Voluntario al di\u00e1logo global de UN75. Twitter @ydalithkad email ydalith@yhaoo.com Locutor Profesional 32931 Universidad Central de Venezuela @ISHannover \\\"Colegio Internacional de Hannover Regi\u00f3n, Alemania\\\" Representante de Aprendizaje Innovaci\u00f3n y Tecnolog\u00eda #LMS (Sistema de Gesti\u00f3n de Aprendizaje) #LMS Gente y Ciudad &amp; Asesores Internacionales ONG Alemania. ONG \\\"Gente y Ciudad, Venezuela\\\" Miembro y Asesor especialista An\u00e1lisis de Pol\u00edtica Internacional Asesor Pol\u00edtico Internacional de Venezuela en la defensa de los Derechos Humanos y el restablecimiento Democr\u00e1tico. Diplomacia positiva y Activa. Pasi\u00f3n por el Golf Proyecto #LMS \\\"Golf para ni\u00f1os y adultos Internacional\\\" Pasi\u00f3n por los Postres Proyecto #LMS \\\"Postres, Que Unen a las Culturas del mundo\\\"\",\"sameAs\":[\"https:\/\/x.com\/ydalithkad\"],\"url\":\"https:\/\/noti-america.com\/site\/principal\/author\/yfigueroa\/\"}]}<\/script>\n<!-- \/ Yoast SEO Premium plugin. -->","yoast_head_json":{"title":"Mercado biotecnol\u00f3gico alem\u00e1n crece a pesar disminuci\u00f3n de inversores - Noti-America.com","robots":{"index":"index","follow":"follow","max-snippet":"max-snippet:-1","max-image-preview":"max-image-preview:large","max-video-preview":"max-video-preview:-1"},"canonical":"https:\/\/noti-america.com\/site\/principal\/2018\/04\/29\/mercado-biotecnologico-aleman-crece-a-pesar-disminucion-de-inversores\/","og_locale":"es_ES","og_type":"article","og_title":"Mercado biotecnol\u00f3gico alem\u00e1n crece a pesar disminuci\u00f3n de inversores","og_description":"Fr\u00e1nforct\u00a0&#8211;\u00a0El mercado de medicamentos alemanes fabricados con biotecnolog\u00eda creci\u00f3 el a\u00f1o pasado en un ocho por ciento y alcanz\u00f3 un r\u00e9cord de facturaci\u00f3n de 4.000 millones de euros, inform\u00f3 la consultora EY en Fr\u00e1ncfort.&#46;&#46;&#46;","og_url":"https:\/\/noti-america.com\/site\/principal\/2018\/04\/29\/mercado-biotecnologico-aleman-crece-a-pesar-disminucion-de-inversores\/","og_site_name":"Noti-America.com","article_published_time":"2018-04-29T12:28:18+00:00","og_image":[{"width":760,"height":390,"url":"https:\/\/noti-america.com\/site\/principal\/wp-content\/uploads\/sites\/26\/2018\/04\/11132LOW_MERCKINNOVATIONCE-760x390.jpg","type":"image\/jpeg"}],"author":"Ydalith Figueroa Kad-Bay","twitter_card":"summary_large_image","twitter_creator":"@ydalithkad","twitter_misc":{"Escrito por":"Ydalith Figueroa Kad-Bay","Tiempo estimado de lectura":"1 minuto"},"schema":{"@context":"https:\/\/schema.org","@graph":[{"@type":"Article","@id":"https:\/\/noti-america.com\/site\/principal\/2018\/04\/29\/mercado-biotecnologico-aleman-crece-a-pesar-disminucion-de-inversores\/#article","isPartOf":{"@id":"https:\/\/noti-america.com\/site\/principal\/2018\/04\/29\/mercado-biotecnologico-aleman-crece-a-pesar-disminucion-de-inversores\/"},"author":{"name":"Ydalith Figueroa Kad-Bay","@id":"https:\/\/noti-america.com\/site\/principal\/#\/schema\/person\/1a24e37c3c358f389f0a111448ddb870"},"headline":"Mercado biotecnol\u00f3gico alem\u00e1n crece a pesar disminuci\u00f3n de inversores","datePublished":"2018-04-29T12:28:18+00:00","mainEntityOfPage":{"@id":"https:\/\/noti-america.com\/site\/principal\/2018\/04\/29\/mercado-biotecnologico-aleman-crece-a-pesar-disminucion-de-inversores\/"},"wordCount":189,"commentCount":0,"image":{"@id":"https:\/\/noti-america.com\/site\/principal\/2018\/04\/29\/mercado-biotecnologico-aleman-crece-a-pesar-disminucion-de-inversores\/#primaryimage"},"thumbnailUrl":"https:\/\/noti-america.com\/site\/principal\/wp-content\/uploads\/sites\/26\/2018\/04\/11132LOW_MERCKINNOVATIONCE-760x390.jpg","keywords":["Mercado biotecnol\u00f3gico alem\u00e1n"],"articleSection":["Alemania","Internacionales","Tecnolog\u00eda"],"inLanguage":"es","potentialAction":[{"@type":"CommentAction","name":"Comment","target":["https:\/\/noti-america.com\/site\/principal\/2018\/04\/29\/mercado-biotecnologico-aleman-crece-a-pesar-disminucion-de-inversores\/#respond"]}]},{"@type":"WebPage","@id":"https:\/\/noti-america.com\/site\/principal\/2018\/04\/29\/mercado-biotecnologico-aleman-crece-a-pesar-disminucion-de-inversores\/","url":"https:\/\/noti-america.com\/site\/principal\/2018\/04\/29\/mercado-biotecnologico-aleman-crece-a-pesar-disminucion-de-inversores\/","name":"Mercado biotecnol\u00f3gico alem\u00e1n crece a pesar disminuci\u00f3n de inversores - Noti-America.com","isPartOf":{"@id":"https:\/\/noti-america.com\/site\/principal\/#website"},"primaryImageOfPage":{"@id":"https:\/\/noti-america.com\/site\/principal\/2018\/04\/29\/mercado-biotecnologico-aleman-crece-a-pesar-disminucion-de-inversores\/#primaryimage"},"image":{"@id":"https:\/\/noti-america.com\/site\/principal\/2018\/04\/29\/mercado-biotecnologico-aleman-crece-a-pesar-disminucion-de-inversores\/#primaryimage"},"thumbnailUrl":"https:\/\/noti-america.com\/site\/principal\/wp-content\/uploads\/sites\/26\/2018\/04\/11132LOW_MERCKINNOVATIONCE-760x390.jpg","datePublished":"2018-04-29T12:28:18+00:00","author":{"@id":"https:\/\/noti-america.com\/site\/principal\/#\/schema\/person\/1a24e37c3c358f389f0a111448ddb870"},"breadcrumb":{"@id":"https:\/\/noti-america.com\/site\/principal\/2018\/04\/29\/mercado-biotecnologico-aleman-crece-a-pesar-disminucion-de-inversores\/#breadcrumb"},"inLanguage":"es","potentialAction":[{"@type":"ReadAction","target":["https:\/\/noti-america.com\/site\/principal\/2018\/04\/29\/mercado-biotecnologico-aleman-crece-a-pesar-disminucion-de-inversores\/"]}]},{"@type":"ImageObject","inLanguage":"es","@id":"https:\/\/noti-america.com\/site\/principal\/2018\/04\/29\/mercado-biotecnologico-aleman-crece-a-pesar-disminucion-de-inversores\/#primaryimage","url":"https:\/\/noti-america.com\/site\/principal\/wp-content\/uploads\/sites\/26\/2018\/04\/11132LOW_MERCKINNOVATIONCE-760x390.jpg","contentUrl":"https:\/\/noti-america.com\/site\/principal\/wp-content\/uploads\/sites\/26\/2018\/04\/11132LOW_MERCKINNOVATIONCE-760x390.jpg","width":760,"height":390},{"@type":"BreadcrumbList","@id":"https:\/\/noti-america.com\/site\/principal\/2018\/04\/29\/mercado-biotecnologico-aleman-crece-a-pesar-disminucion-de-inversores\/#breadcrumb","itemListElement":[{"@type":"ListItem","position":1,"name":"Portada","item":"https:\/\/noti-america.com\/site\/principal\/"},{"@type":"ListItem","position":2,"name":"Mercado biotecnol\u00f3gico alem\u00e1n crece a pesar disminuci\u00f3n de inversores"}]},{"@type":"WebSite","@id":"https:\/\/noti-america.com\/site\/principal\/#website","url":"https:\/\/noti-america.com\/site\/principal\/","name":"Noti-America.com","description":"El Noticiero Digital M\u00e1s Grande de Am\u00e9rica","potentialAction":[{"@type":"SearchAction","target":{"@type":"EntryPoint","urlTemplate":"https:\/\/noti-america.com\/site\/principal\/?s={search_term_string}"},"query-input":{"@type":"PropertyValueSpecification","valueRequired":true,"valueName":"search_term_string"}}],"inLanguage":"es"},{"@type":"Person","@id":"https:\/\/noti-america.com\/site\/principal\/#\/schema\/person\/1a24e37c3c358f389f0a111448ddb870","name":"Ydalith Figueroa Kad-Bay","image":{"@type":"ImageObject","inLanguage":"es","@id":"https:\/\/secure.gravatar.com\/avatar\/7d1e350465afd215908c3ed413e32ef600cd41c3c21b95416252432a9f6c219c?s=96&d=mm&r=g","url":"https:\/\/secure.gravatar.com\/avatar\/7d1e350465afd215908c3ed413e32ef600cd41c3c21b95416252432a9f6c219c?s=96&d=mm&r=g","contentUrl":"https:\/\/secure.gravatar.com\/avatar\/7d1e350465afd215908c3ed413e32ef600cd41c3c21b95416252432a9f6c219c?s=96&d=mm&r=g","caption":"Ydalith Figueroa Kad-Bay"},"description":"CEO Noti-America Alemania Embajadora de Venezuela para el Proyecto de Acci\u00f3n Clim\u00e1tica de la ONU, Embajadora para la ense\u00f1anza de los ODS de la ONU, Amplificador de la Acci\u00f3n de los ODS de la ONU, Profesor Voluntario del Proyecto KAKUMA (Educaci\u00f3n de calidad para refugiados en \u00c1frica) UNHCR \u2013 ACNUR - Agencia para los refugiados de la ONU-, Miembro de la ONG Gente Y Ciudad, Embajador de las Instituciones de Microfinanzas \u201cNo a la pobreza ODS #1 de la ONU\u201d (todos tienen derecho a acceso a un cr\u00e9dito), y Voluntario al di\u00e1logo global de UN75. Twitter @ydalithkad email ydalith@yhaoo.com Locutor Profesional 32931 Universidad Central de Venezuela @ISHannover \"Colegio Internacional de Hannover Regi\u00f3n, Alemania\" Representante de Aprendizaje Innovaci\u00f3n y Tecnolog\u00eda #LMS (Sistema de Gesti\u00f3n de Aprendizaje) #LMS Gente y Ciudad &amp; Asesores Internacionales ONG Alemania. ONG \"Gente y Ciudad, Venezuela\" Miembro y Asesor especialista An\u00e1lisis de Pol\u00edtica Internacional Asesor Pol\u00edtico Internacional de Venezuela en la defensa de los Derechos Humanos y el restablecimiento Democr\u00e1tico. Diplomacia positiva y Activa. Pasi\u00f3n por el Golf Proyecto #LMS \"Golf para ni\u00f1os y adultos Internacional\" Pasi\u00f3n por los Postres Proyecto #LMS \"Postres, Que Unen a las Culturas del mundo\"","sameAs":["https:\/\/x.com\/ydalithkad"],"url":"https:\/\/noti-america.com\/site\/principal\/author\/yfigueroa\/"}]}},"_links":{"self":[{"href":"https:\/\/noti-america.com\/site\/principal\/wp-json\/wp\/v2\/posts\/3688","targetHints":{"allow":["GET"]}}],"collection":[{"href":"https:\/\/noti-america.com\/site\/principal\/wp-json\/wp\/v2\/posts"}],"about":[{"href":"https:\/\/noti-america.com\/site\/principal\/wp-json\/wp\/v2\/types\/post"}],"author":[{"embeddable":true,"href":"https:\/\/noti-america.com\/site\/principal\/wp-json\/wp\/v2\/users\/31"}],"replies":[{"embeddable":true,"href":"https:\/\/noti-america.com\/site\/principal\/wp-json\/wp\/v2\/comments?post=3688"}],"version-history":[{"count":1,"href":"https:\/\/noti-america.com\/site\/principal\/wp-json\/wp\/v2\/posts\/3688\/revisions"}],"predecessor-version":[{"id":3690,"href":"https:\/\/noti-america.com\/site\/principal\/wp-json\/wp\/v2\/posts\/3688\/revisions\/3690"}],"wp:featuredmedia":[{"embeddable":true,"href":"https:\/\/noti-america.com\/site\/principal\/wp-json\/wp\/v2\/media\/3689"}],"wp:attachment":[{"href":"https:\/\/noti-america.com\/site\/principal\/wp-json\/wp\/v2\/media?parent=3688"}],"wp:term":[{"taxonomy":"category","embeddable":true,"href":"https:\/\/noti-america.com\/site\/principal\/wp-json\/wp\/v2\/categories?post=3688"},{"taxonomy":"post_tag","embeddable":true,"href":"https:\/\/noti-america.com\/site\/principal\/wp-json\/wp\/v2\/tags?post=3688"}],"curies":[{"name":"wp","href":"https:\/\/api.w.org\/{rel}","templated":true}]}}