{"id":36838,"date":"2024-01-12T02:26:10","date_gmt":"2024-01-12T06:26:10","guid":{"rendered":"https:\/\/noti-america.com\/site\/principal\/?p=36838"},"modified":"2024-01-12T02:26:10","modified_gmt":"2024-01-12T06:26:10","slug":"con-131-votos-la-asamblea-aprobo-la-ley-energetica","status":"publish","type":"post","link":"https:\/\/noti-america.com\/site\/principal\/2024\/01\/12\/con-131-votos-la-asamblea-aprobo-la-ley-energetica\/","title":{"rendered":"Con 131 votos la Asamblea aprob\u00f3 la Ley Energ\u00e9tica"},"content":{"rendered":"<p><span style=\"color: #000000\"><strong>REDACCI\u00d3N NOTI-AM\u00c9RICA (ECUADOR)<\/strong><\/span><\/p>\n<div style=\"width: 430px\" class=\"wp-caption alignleft\"><img loading=\"lazy\" decoding=\"async\" src=\"https:\/\/www.asambleanacional.gob.ec\/sites\/default\/files\/styles\/noticias\/public\/field\/imagen\/53456288603_f3197d3e17_c.jpg?itok=yIFDmb1I\" alt=\"Asamblea aprob\u00f3 Ley de Competitividad Energ\u00e9tica\" width=\"420\" height=\"280\" \/><p class=\"wp-caption-text\">Asamblea aprob\u00f3 Ley de Competitividad Energ\u00e9tica<\/p><\/div>\n<p style=\"text-align: justify\">El Pleno de la Asamblea, con 131 votos afirmativos, aprob\u00f3 el proyecto de Ley de Competitividad Energ\u00e9tica, calificado como urgente en materia econ\u00f3mica, que busca solucionar definitivamente los racionamientos de energ\u00eda el\u00e9ctrica, sobre la base de tres pilares: inversi\u00f3n; nueva generaci\u00f3n de energ\u00eda limpia; y, la desburocratizaci\u00f3n de este sector. Se trata de la octava ley aprobada en el actual per\u00edodo, que se instal\u00f3 el pasado 17 de noviembre de 2023.<\/p>\n<p style=\"text-align: justify\">Valentina Centeno, presidenta de la Comisi\u00f3n de Desarrollo Econ\u00f3mico, ponente del informe, subray\u00f3 que se busca poner punto final a los apagones. \u201cEsta ley sienta las bases para despegar en materia energ\u00e9tica, mediante incentivos y beneficios para los sectores que propendan a la autogeneraci\u00f3n de energ\u00eda\u201d, asegur\u00f3.<\/p>\n<p style=\"text-align: justify\">Explic\u00f3 que la Ley priorizar\u00e1 como medida de eficiencia energ\u00e9tica en la planificaci\u00f3n p\u00fablica descentralizada, la generaci\u00f3n de energ\u00eda el\u00e9ctrica que utilice como materia prima la fracci\u00f3n org\u00e1nica de los desechos s\u00f3lidos.<\/p>\n<p style=\"text-align: justify\">La propuesta aclara la definici\u00f3n de veh\u00edculos el\u00e9ctricos, con lo cual ciertos automotores a combusti\u00f3n con propulsi\u00f3n el\u00e9ctrica no ser\u00e1n considerados tales, como parte de la competitividad energ\u00e9tica. Adem\u00e1s, refuerza el concepto de autoabastecimiento, lo cual incentivar\u00e1 que los usuarios finales y residenciales instalen este tipo de sistemas, dot\u00e1ndoles de la correspondiente seguridad jur\u00eddica.<\/p>\n<p style=\"text-align: justify\">En el debate intervinieron 11 legisladores, quienes expresaron su respaldo a la propuesta, a la vez enfatizaron que en el car\u00e1cter excepcional de la participaci\u00f3n del sector privado en la generaci\u00f3n de energ\u00eda el\u00e9ctrica, con la salvedad de que concluido el tiempo para el cual se efect\u00faen las concesiones, las instalaciones pasar\u00e1n al Estado sin ning\u00fan costo para el pa\u00eds.<\/p>\n<p style=\"text-align: justify\">As\u00ed mismo, destacaron que esta ley no solo se basa en el alivio a la caja fiscal, sino en restablecer el servicio b\u00e1sico de electricidad, a fin de que las actividades diarias de los ecuatorianos no se detengan y que, m\u00e1s bien, permitan la dinamizaci\u00f3n de la econom\u00eda local.<\/p>\n<p style=\"text-align: justify\">El proyecto ser\u00e1 enviado al presidente de la Rep\u00fablica, Daniel Noboa Azin, para la correspondiente sanci\u00f3n u objeci\u00f3n.<\/p>\n","protected":false},"excerpt":{"rendered":"<p>REDACCI\u00d3N NOTI-AM\u00c9RICA (ECUADOR) El Pleno de la Asamblea, con 131 votos afirmativos, aprob\u00f3 el proyecto de Ley de Competitividad Energ\u00e9tica, calificado como urgente en materia econ\u00f3mica, que busca solucionar definitivamente los racionamientos de energ\u00eda&#46;&#46;&#46;<\/p>\n","protected":false},"author":17,"featured_media":36839,"comment_status":"","ping_status":"open","sticky":false,"template":"","format":"standard","meta":{"_acf_changed":false,"rop_custom_images_group":[],"rop_custom_messages_group":[],"rop_publish_now":"initial","rop_publish_now_accounts":{"facebook_10219548024599422_1632221337088128":"","twitter_242054905_242054905":""},"rop_publish_now_history":[],"rop_publish_now_status":"pending","footnotes":""},"categories":[5],"tags":[],"class_list":["post-36838","post","type-post","status-publish","format-standard","has-post-thumbnail","hentry","category-economia"],"acf":[],"yoast_head":"<!-- This site is optimized with the Yoast SEO Premium plugin v24.9 (Yoast SEO v27.2) - https:\/\/yoast.com\/product\/yoast-seo-premium-wordpress\/ -->\n<title>Con 131 votos la Asamblea aprob\u00f3 la Ley Energ\u00e9tica - Noti-America.com<\/title>\n<meta name=\"robots\" content=\"index, follow, max-snippet:-1, max-image-preview:large, max-video-preview:-1\" \/>\n<link rel=\"canonical\" href=\"https:\/\/noti-america.com\/site\/principal\/2024\/01\/12\/con-131-votos-la-asamblea-aprobo-la-ley-energetica\/\" \/>\n<meta property=\"og:locale\" content=\"es_ES\" \/>\n<meta property=\"og:type\" content=\"article\" \/>\n<meta property=\"og:title\" content=\"Con 131 votos la Asamblea aprob\u00f3 la Ley Energ\u00e9tica\" \/>\n<meta property=\"og:description\" content=\"REDACCI\u00d3N NOTI-AM\u00c9RICA (ECUADOR) El Pleno de la Asamblea, con 131 votos afirmativos, aprob\u00f3 el proyecto de Ley de Competitividad Energ\u00e9tica, calificado como urgente en materia econ\u00f3mica, que busca solucionar definitivamente los racionamientos de energ\u00eda&#046;&#046;&#046;\" \/>\n<meta property=\"og:url\" content=\"https:\/\/noti-america.com\/site\/principal\/2024\/01\/12\/con-131-votos-la-asamblea-aprobo-la-ley-energetica\/\" \/>\n<meta property=\"og:site_name\" content=\"Noti-America.com\" \/>\n<meta property=\"article:published_time\" content=\"2024-01-12T06:26:10+00:00\" \/>\n<meta property=\"og:image\" content=\"https:\/\/noti-america.com\/site\/principal\/wp-content\/uploads\/sites\/26\/2024\/01\/Pleno-Energetica.jpg\" \/>\n\t<meta property=\"og:image:width\" content=\"420\" \/>\n\t<meta property=\"og:image:height\" content=\"280\" \/>\n\t<meta property=\"og:image:type\" content=\"image\/jpeg\" \/>\n<meta name=\"author\" content=\"Gregory Quintana Montiel\" \/>\n<meta name=\"twitter:card\" content=\"summary_large_image\" \/>\n<meta name=\"twitter:creator\" content=\"@gdgregori1\" \/>\n<meta name=\"twitter:label1\" content=\"Escrito por\" \/>\n\t<meta name=\"twitter:data1\" content=\"Gregory Quintana Montiel\" \/>\n\t<meta name=\"twitter:label2\" content=\"Tiempo estimado de lectura\" \/>\n\t<meta name=\"twitter:data2\" content=\"2 minutos\" \/>\n<script type=\"application\/ld+json\" class=\"yoast-schema-graph\">{\"@context\":\"https:\/\/schema.org\",\"@graph\":[{\"@type\":\"Article\",\"@id\":\"https:\/\/noti-america.com\/site\/principal\/2024\/01\/12\/con-131-votos-la-asamblea-aprobo-la-ley-energetica\/#article\",\"isPartOf\":{\"@id\":\"https:\/\/noti-america.com\/site\/principal\/2024\/01\/12\/con-131-votos-la-asamblea-aprobo-la-ley-energetica\/\"},\"author\":{\"name\":\"Gregory Quintana Montiel\",\"@id\":\"https:\/\/noti-america.com\/site\/principal\/#\/schema\/person\/3b975e42f15abfe64bfe3abdd916efda\"},\"headline\":\"Con 131 votos la Asamblea aprob\u00f3 la Ley Energ\u00e9tica\",\"datePublished\":\"2024-01-12T06:26:10+00:00\",\"mainEntityOfPage\":{\"@id\":\"https:\/\/noti-america.com\/site\/principal\/2024\/01\/12\/con-131-votos-la-asamblea-aprobo-la-ley-energetica\/\"},\"wordCount\":404,\"image\":{\"@id\":\"https:\/\/noti-america.com\/site\/principal\/2024\/01\/12\/con-131-votos-la-asamblea-aprobo-la-ley-energetica\/#primaryimage\"},\"thumbnailUrl\":\"https:\/\/noti-america.com\/site\/principal\/wp-content\/uploads\/sites\/26\/2024\/01\/Pleno-Energetica.jpg\",\"articleSection\":[\"Econom\u00eda\"],\"inLanguage\":\"es\"},{\"@type\":\"WebPage\",\"@id\":\"https:\/\/noti-america.com\/site\/principal\/2024\/01\/12\/con-131-votos-la-asamblea-aprobo-la-ley-energetica\/\",\"url\":\"https:\/\/noti-america.com\/site\/principal\/2024\/01\/12\/con-131-votos-la-asamblea-aprobo-la-ley-energetica\/\",\"name\":\"Con 131 votos la Asamblea aprob\u00f3 la Ley Energ\u00e9tica - Noti-America.com\",\"isPartOf\":{\"@id\":\"https:\/\/noti-america.com\/site\/principal\/#website\"},\"primaryImageOfPage\":{\"@id\":\"https:\/\/noti-america.com\/site\/principal\/2024\/01\/12\/con-131-votos-la-asamblea-aprobo-la-ley-energetica\/#primaryimage\"},\"image\":{\"@id\":\"https:\/\/noti-america.com\/site\/principal\/2024\/01\/12\/con-131-votos-la-asamblea-aprobo-la-ley-energetica\/#primaryimage\"},\"thumbnailUrl\":\"https:\/\/noti-america.com\/site\/principal\/wp-content\/uploads\/sites\/26\/2024\/01\/Pleno-Energetica.jpg\",\"datePublished\":\"2024-01-12T06:26:10+00:00\",\"author\":{\"@id\":\"https:\/\/noti-america.com\/site\/principal\/#\/schema\/person\/3b975e42f15abfe64bfe3abdd916efda\"},\"breadcrumb\":{\"@id\":\"https:\/\/noti-america.com\/site\/principal\/2024\/01\/12\/con-131-votos-la-asamblea-aprobo-la-ley-energetica\/#breadcrumb\"},\"inLanguage\":\"es\",\"potentialAction\":[{\"@type\":\"ReadAction\",\"target\":[\"https:\/\/noti-america.com\/site\/principal\/2024\/01\/12\/con-131-votos-la-asamblea-aprobo-la-ley-energetica\/\"]}]},{\"@type\":\"ImageObject\",\"inLanguage\":\"es\",\"@id\":\"https:\/\/noti-america.com\/site\/principal\/2024\/01\/12\/con-131-votos-la-asamblea-aprobo-la-ley-energetica\/#primaryimage\",\"url\":\"https:\/\/noti-america.com\/site\/principal\/wp-content\/uploads\/sites\/26\/2024\/01\/Pleno-Energetica.jpg\",\"contentUrl\":\"https:\/\/noti-america.com\/site\/principal\/wp-content\/uploads\/sites\/26\/2024\/01\/Pleno-Energetica.jpg\",\"width\":420,\"height\":280},{\"@type\":\"BreadcrumbList\",\"@id\":\"https:\/\/noti-america.com\/site\/principal\/2024\/01\/12\/con-131-votos-la-asamblea-aprobo-la-ley-energetica\/#breadcrumb\",\"itemListElement\":[{\"@type\":\"ListItem\",\"position\":1,\"name\":\"Portada\",\"item\":\"https:\/\/noti-america.com\/site\/principal\/\"},{\"@type\":\"ListItem\",\"position\":2,\"name\":\"Con 131 votos la Asamblea aprob\u00f3 la Ley Energ\u00e9tica\"}]},{\"@type\":\"WebSite\",\"@id\":\"https:\/\/noti-america.com\/site\/principal\/#website\",\"url\":\"https:\/\/noti-america.com\/site\/principal\/\",\"name\":\"Noti-America.com\",\"description\":\"El Noticiero Digital M\u00e1s Grande de Am\u00e9rica\",\"potentialAction\":[{\"@type\":\"SearchAction\",\"target\":{\"@type\":\"EntryPoint\",\"urlTemplate\":\"https:\/\/noti-america.com\/site\/principal\/?s={search_term_string}\"},\"query-input\":{\"@type\":\"PropertyValueSpecification\",\"valueRequired\":true,\"valueName\":\"search_term_string\"}}],\"inLanguage\":\"es\"},{\"@type\":\"Person\",\"@id\":\"https:\/\/noti-america.com\/site\/principal\/#\/schema\/person\/3b975e42f15abfe64bfe3abdd916efda\",\"name\":\"Gregory Quintana Montiel\",\"image\":{\"@type\":\"ImageObject\",\"inLanguage\":\"es\",\"@id\":\"https:\/\/secure.gravatar.com\/avatar\/2d6b802f7720c2ec7744dcbe608cc2f3417aeb964d58b443c6d612b77531de1d?s=96&d=mm&r=g\",\"url\":\"https:\/\/secure.gravatar.com\/avatar\/2d6b802f7720c2ec7744dcbe608cc2f3417aeb964d58b443c6d612b77531de1d?s=96&d=mm&r=g\",\"contentUrl\":\"https:\/\/secure.gravatar.com\/avatar\/2d6b802f7720c2ec7744dcbe608cc2f3417aeb964d58b443c6d612b77531de1d?s=96&d=mm&r=g\",\"caption\":\"Gregory Quintana Montiel\"},\"description\":\"Licenciatura en Ciencias de la Comunicaci\u00f3n Social, egresado en la Especializaci\u00f3n Derecho Ambiental Desarrollo Sostenible y Sustentable, Miembro de la Comunidad de profesionales y experto para Latinoam\u00e9rica y el Caribe en Gesti\u00f3n por Resultado en el Desarrollo (COPLAC - GpRD) del Banco Interamericano de Desarrollo, experiencia en medios radiales y escritos.\",\"sameAs\":[\"https:\/\/x.com\/gdgregori1\",\"gquintana\"],\"url\":\"https:\/\/noti-america.com\/site\/principal\/author\/gquintana\/\"}]}<\/script>\n<!-- \/ Yoast SEO Premium plugin. -->","yoast_head_json":{"title":"Con 131 votos la Asamblea aprob\u00f3 la Ley Energ\u00e9tica - Noti-America.com","robots":{"index":"index","follow":"follow","max-snippet":"max-snippet:-1","max-image-preview":"max-image-preview:large","max-video-preview":"max-video-preview:-1"},"canonical":"https:\/\/noti-america.com\/site\/principal\/2024\/01\/12\/con-131-votos-la-asamblea-aprobo-la-ley-energetica\/","og_locale":"es_ES","og_type":"article","og_title":"Con 131 votos la Asamblea aprob\u00f3 la Ley Energ\u00e9tica","og_description":"REDACCI\u00d3N NOTI-AM\u00c9RICA (ECUADOR) El Pleno de la Asamblea, con 131 votos afirmativos, aprob\u00f3 el proyecto de Ley de Competitividad Energ\u00e9tica, calificado como urgente en materia econ\u00f3mica, que busca solucionar definitivamente los racionamientos de energ\u00eda&#46;&#46;&#46;","og_url":"https:\/\/noti-america.com\/site\/principal\/2024\/01\/12\/con-131-votos-la-asamblea-aprobo-la-ley-energetica\/","og_site_name":"Noti-America.com","article_published_time":"2024-01-12T06:26:10+00:00","og_image":[{"width":420,"height":280,"url":"https:\/\/noti-america.com\/site\/principal\/wp-content\/uploads\/sites\/26\/2024\/01\/Pleno-Energetica.jpg","type":"image\/jpeg"}],"author":"Gregory Quintana Montiel","twitter_card":"summary_large_image","twitter_creator":"@gdgregori1","twitter_misc":{"Escrito por":"Gregory Quintana Montiel","Tiempo estimado de lectura":"2 minutos"},"schema":{"@context":"https:\/\/schema.org","@graph":[{"@type":"Article","@id":"https:\/\/noti-america.com\/site\/principal\/2024\/01\/12\/con-131-votos-la-asamblea-aprobo-la-ley-energetica\/#article","isPartOf":{"@id":"https:\/\/noti-america.com\/site\/principal\/2024\/01\/12\/con-131-votos-la-asamblea-aprobo-la-ley-energetica\/"},"author":{"name":"Gregory Quintana Montiel","@id":"https:\/\/noti-america.com\/site\/principal\/#\/schema\/person\/3b975e42f15abfe64bfe3abdd916efda"},"headline":"Con 131 votos la Asamblea aprob\u00f3 la Ley Energ\u00e9tica","datePublished":"2024-01-12T06:26:10+00:00","mainEntityOfPage":{"@id":"https:\/\/noti-america.com\/site\/principal\/2024\/01\/12\/con-131-votos-la-asamblea-aprobo-la-ley-energetica\/"},"wordCount":404,"image":{"@id":"https:\/\/noti-america.com\/site\/principal\/2024\/01\/12\/con-131-votos-la-asamblea-aprobo-la-ley-energetica\/#primaryimage"},"thumbnailUrl":"https:\/\/noti-america.com\/site\/principal\/wp-content\/uploads\/sites\/26\/2024\/01\/Pleno-Energetica.jpg","articleSection":["Econom\u00eda"],"inLanguage":"es"},{"@type":"WebPage","@id":"https:\/\/noti-america.com\/site\/principal\/2024\/01\/12\/con-131-votos-la-asamblea-aprobo-la-ley-energetica\/","url":"https:\/\/noti-america.com\/site\/principal\/2024\/01\/12\/con-131-votos-la-asamblea-aprobo-la-ley-energetica\/","name":"Con 131 votos la Asamblea aprob\u00f3 la Ley Energ\u00e9tica - Noti-America.com","isPartOf":{"@id":"https:\/\/noti-america.com\/site\/principal\/#website"},"primaryImageOfPage":{"@id":"https:\/\/noti-america.com\/site\/principal\/2024\/01\/12\/con-131-votos-la-asamblea-aprobo-la-ley-energetica\/#primaryimage"},"image":{"@id":"https:\/\/noti-america.com\/site\/principal\/2024\/01\/12\/con-131-votos-la-asamblea-aprobo-la-ley-energetica\/#primaryimage"},"thumbnailUrl":"https:\/\/noti-america.com\/site\/principal\/wp-content\/uploads\/sites\/26\/2024\/01\/Pleno-Energetica.jpg","datePublished":"2024-01-12T06:26:10+00:00","author":{"@id":"https:\/\/noti-america.com\/site\/principal\/#\/schema\/person\/3b975e42f15abfe64bfe3abdd916efda"},"breadcrumb":{"@id":"https:\/\/noti-america.com\/site\/principal\/2024\/01\/12\/con-131-votos-la-asamblea-aprobo-la-ley-energetica\/#breadcrumb"},"inLanguage":"es","potentialAction":[{"@type":"ReadAction","target":["https:\/\/noti-america.com\/site\/principal\/2024\/01\/12\/con-131-votos-la-asamblea-aprobo-la-ley-energetica\/"]}]},{"@type":"ImageObject","inLanguage":"es","@id":"https:\/\/noti-america.com\/site\/principal\/2024\/01\/12\/con-131-votos-la-asamblea-aprobo-la-ley-energetica\/#primaryimage","url":"https:\/\/noti-america.com\/site\/principal\/wp-content\/uploads\/sites\/26\/2024\/01\/Pleno-Energetica.jpg","contentUrl":"https:\/\/noti-america.com\/site\/principal\/wp-content\/uploads\/sites\/26\/2024\/01\/Pleno-Energetica.jpg","width":420,"height":280},{"@type":"BreadcrumbList","@id":"https:\/\/noti-america.com\/site\/principal\/2024\/01\/12\/con-131-votos-la-asamblea-aprobo-la-ley-energetica\/#breadcrumb","itemListElement":[{"@type":"ListItem","position":1,"name":"Portada","item":"https:\/\/noti-america.com\/site\/principal\/"},{"@type":"ListItem","position":2,"name":"Con 131 votos la Asamblea aprob\u00f3 la Ley Energ\u00e9tica"}]},{"@type":"WebSite","@id":"https:\/\/noti-america.com\/site\/principal\/#website","url":"https:\/\/noti-america.com\/site\/principal\/","name":"Noti-America.com","description":"El Noticiero Digital M\u00e1s Grande de Am\u00e9rica","potentialAction":[{"@type":"SearchAction","target":{"@type":"EntryPoint","urlTemplate":"https:\/\/noti-america.com\/site\/principal\/?s={search_term_string}"},"query-input":{"@type":"PropertyValueSpecification","valueRequired":true,"valueName":"search_term_string"}}],"inLanguage":"es"},{"@type":"Person","@id":"https:\/\/noti-america.com\/site\/principal\/#\/schema\/person\/3b975e42f15abfe64bfe3abdd916efda","name":"Gregory Quintana Montiel","image":{"@type":"ImageObject","inLanguage":"es","@id":"https:\/\/secure.gravatar.com\/avatar\/2d6b802f7720c2ec7744dcbe608cc2f3417aeb964d58b443c6d612b77531de1d?s=96&d=mm&r=g","url":"https:\/\/secure.gravatar.com\/avatar\/2d6b802f7720c2ec7744dcbe608cc2f3417aeb964d58b443c6d612b77531de1d?s=96&d=mm&r=g","contentUrl":"https:\/\/secure.gravatar.com\/avatar\/2d6b802f7720c2ec7744dcbe608cc2f3417aeb964d58b443c6d612b77531de1d?s=96&d=mm&r=g","caption":"Gregory Quintana Montiel"},"description":"Licenciatura en Ciencias de la Comunicaci\u00f3n Social, egresado en la Especializaci\u00f3n Derecho Ambiental Desarrollo Sostenible y Sustentable, Miembro de la Comunidad de profesionales y experto para Latinoam\u00e9rica y el Caribe en Gesti\u00f3n por Resultado en el Desarrollo (COPLAC - GpRD) del Banco Interamericano de Desarrollo, experiencia en medios radiales y escritos.","sameAs":["https:\/\/x.com\/gdgregori1","gquintana"],"url":"https:\/\/noti-america.com\/site\/principal\/author\/gquintana\/"}]}},"_links":{"self":[{"href":"https:\/\/noti-america.com\/site\/principal\/wp-json\/wp\/v2\/posts\/36838","targetHints":{"allow":["GET"]}}],"collection":[{"href":"https:\/\/noti-america.com\/site\/principal\/wp-json\/wp\/v2\/posts"}],"about":[{"href":"https:\/\/noti-america.com\/site\/principal\/wp-json\/wp\/v2\/types\/post"}],"author":[{"embeddable":true,"href":"https:\/\/noti-america.com\/site\/principal\/wp-json\/wp\/v2\/users\/17"}],"replies":[{"embeddable":true,"href":"https:\/\/noti-america.com\/site\/principal\/wp-json\/wp\/v2\/comments?post=36838"}],"version-history":[{"count":1,"href":"https:\/\/noti-america.com\/site\/principal\/wp-json\/wp\/v2\/posts\/36838\/revisions"}],"predecessor-version":[{"id":36851,"href":"https:\/\/noti-america.com\/site\/principal\/wp-json\/wp\/v2\/posts\/36838\/revisions\/36851"}],"wp:featuredmedia":[{"embeddable":true,"href":"https:\/\/noti-america.com\/site\/principal\/wp-json\/wp\/v2\/media\/36839"}],"wp:attachment":[{"href":"https:\/\/noti-america.com\/site\/principal\/wp-json\/wp\/v2\/media?parent=36838"}],"wp:term":[{"taxonomy":"category","embeddable":true,"href":"https:\/\/noti-america.com\/site\/principal\/wp-json\/wp\/v2\/categories?post=36838"},{"taxonomy":"post_tag","embeddable":true,"href":"https:\/\/noti-america.com\/site\/principal\/wp-json\/wp\/v2\/tags?post=36838"}],"curies":[{"name":"wp","href":"https:\/\/api.w.org\/{rel}","templated":true}]}}