{"id":36538,"date":"2024-01-03T20:09:52","date_gmt":"2024-01-04T00:09:52","guid":{"rendered":"https:\/\/noti-america.com\/site\/principal\/?p=36538"},"modified":"2024-01-03T20:09:52","modified_gmt":"2024-01-04T00:09:52","slug":"golpe-a-la-cupula-de-hamas-un-ataque-aereo-israeli-mata-al-numero-dos-de-la-organizacion-en-beirut","status":"publish","type":"post","link":"https:\/\/noti-america.com\/site\/principal\/2024\/01\/03\/golpe-a-la-cupula-de-hamas-un-ataque-aereo-israeli-mata-al-numero-dos-de-la-organizacion-en-beirut\/","title":{"rendered":"Golpe a la c\u00fapula de Ham\u00e1s: un ataque a\u00e9reo israel\u00ed mata al n\u00famero dos de la organizaci\u00f3n en Beirut"},"content":{"rendered":"<p><strong>NOTI-AMERICA.COM | TEXAS<\/strong><\/p>\n<p>www.atalayar.com<\/p>\n<h1 class=\"title\">Golpe a la c\u00fapula de Ham\u00e1s: un ataque a\u00e9reo israel\u00ed mata al n\u00famero dos de la organizaci\u00f3n en Beirut<\/h1>\n<p>Saleh al-Arouri era vicepresidente del bur\u00f3 pol\u00edtico de Ham\u00e1s y fundador de las Brigadas al Qassam, el brazo armado del grupo. Tambi\u00e9n tuvo un papel clave en la expansi\u00f3n de Ham\u00e1s en Cisjordania<\/p>\n<p><img decoding=\"async\" src=\"https:\/\/www.atalayar.com\/asset\/thumbnail,1280,720,center,center\/media\/atalayar\/images\/2023\/12\/22\/2023122209413858034.jpg\" alt=\"Un palestino sostiene banderas de Ham\u00e1s\nAFP\/JOHN MACDOUGALL\" \/><\/p>\n<p style=\"text-align: center;\"><span style=\"font-size: 8pt;\">Un palestino sostiene banderas de Ham\u00e1s &#8211; AFP\/JOHN MACDOUGALL<\/span><\/p>\n<p><a href=\"https:\/\/www.atalayar.com\/author\/margarita-arredondas\">Margarita Arredondas<\/a><\/p>\n<p><a href=\"https:\/\/www.atalayar.com\/tags\/israel\">La guerra entre Israel y Ham\u00e1s<\/a>\u00a0sigue escalando y elevando las tensiones regionales tras el asesinato en Beirut de\u00a0<strong>Saleh al-Arouri<\/strong>, el n\u00famero dos del grupo islamista. Al-Arouri ha sido eliminado en un ataque israel\u00ed con drones junto con otros miembros de Ham\u00e1s en el suburbio beirut\u00ed de Daniyeh, basti\u00f3n de Hezbol\u00e1 en la capital del L\u00edbano.<\/p>\n<p><strong>Al-Arouri era vicepresidente del bur\u00f3 pol\u00edtico de Ham\u00e1s y fundador de las Brigadas al Qassam, el brazo armado de la organizaci\u00f3n<\/strong>. El n\u00famero dos de la organizaci\u00f3n, solo por detr\u00e1s de Ismail Haniyeh, tuvo un papel clave en la expansi\u00f3n de Ham\u00e1s en Cisjordania, donde orquest\u00f3 numerosos ataques contra Israel. Al-Arouri, de 57 a\u00f1os, tambi\u00e9n ten\u00eda estrechos v\u00ednculos con Hezbol\u00e1 y con la Guardia Revolucionaria iran\u00ed.<\/p>\n<p>Vivi\u00f3 en Damasco hasta 2011, cuando Ham\u00e1s se posicion\u00f3 al lado de la oposici\u00f3n al presidente Bashar Al-Assad durante la guerra civil. De Siria se mud\u00f3 a Turqu\u00eda, aunque tuvo que abandonar el pa\u00eds en 2018 despu\u00e9s de que Ankara expulsase a varios miembros de Ham\u00e1s con el fin de mejorar sus relaciones con Israel. Finalmente Al-Arouri se estableci\u00f3 en Beirut, donde trabaj\u00f3 para<strong>\u00a0fortalecer las relaciones entre Ham\u00e1s y Hezbol\u00e1<\/strong>, as\u00ed como para reconciliarse con Al-Assad.<\/p>\n<p><strong>Al-Arouri ha sido un objetivo para Israel desde hace a\u00f1os<\/strong>. No obstante, seg\u00fan se\u00f1alan funcionarios israel\u00edes a\u00a0<em>Axios<\/em>, Jerusal\u00e9n no quiso eliminarlo en Estambul y m\u00e1s tarde en Beirut para no da\u00f1ar las relaciones con Turqu\u00eda y evitar provocar a Hezbol\u00e1.<\/p>\n<div class=\"twitter-tweet twitter-tweet-rendered\"><iframe id=\"twitter-widget-0\" class=\"\" title=\"X Post\" src=\"https:\/\/platform.twitter.com\/embed\/Tweet.html?dnt=false&amp;embedId=twitter-widget-0&amp;features=eyJ0ZndfdGltZWxpbmVfbGlzdCI6eyJidWNrZXQiOltdLCJ2ZXJzaW9uIjpudWxsfSwidGZ3X2ZvbGxvd2VyX2NvdW50X3N1bnNldCI6eyJidWNrZXQiOnRydWUsInZlcnNpb24iOm51bGx9LCJ0ZndfdHdlZXRfZWRpdF9iYWNrZW5kIjp7ImJ1Y2tldCI6Im9uIiwidmVyc2lvbiI6bnVsbH0sInRmd19yZWZzcmNfc2Vzc2lvbiI6eyJidWNrZXQiOiJvbiIsInZlcnNpb24iOm51bGx9LCJ0ZndfZm9zbnJfc29mdF9pbnRlcnZlbnRpb25zX2VuYWJsZWQiOnsiYnVja2V0Ijoib24iLCJ2ZXJzaW9uIjpudWxsfSwidGZ3X21peGVkX21lZGlhXzE1ODk3Ijp7ImJ1Y2tldCI6InRyZWF0bWVudCIsInZlcnNpb24iOm51bGx9LCJ0ZndfZXhwZXJpbWVudHNfY29va2llX2V4cGlyYXRpb24iOnsiYnVja2V0IjoxMjA5NjAwLCJ2ZXJzaW9uIjpudWxsfSwidGZ3X3Nob3dfYmlyZHdhdGNoX3Bpdm90c19lbmFibGVkIjp7ImJ1Y2tldCI6Im9uIiwidmVyc2lvbiI6bnVsbH0sInRmd19kdXBsaWNhdGVfc2NyaWJlc190b19zZXR0aW5ncyI6eyJidWNrZXQiOiJvbiIsInZlcnNpb24iOm51bGx9LCJ0ZndfdXNlX3Byb2ZpbGVfaW1hZ2Vfc2hhcGVfZW5hYmxlZCI6eyJidWNrZXQiOiJvbiIsInZlcnNpb24iOm51bGx9LCJ0ZndfdmlkZW9faGxzX2R5bmFtaWNfbWFuaWZlc3RzXzE1MDgyIjp7ImJ1Y2tldCI6InRydWVfYml0cmF0ZSIsInZlcnNpb24iOm51bGx9LCJ0ZndfbGVnYWN5X3RpbWVsaW5lX3N1bnNldCI6eyJidWNrZXQiOnRydWUsInZlcnNpb24iOm51bGx9LCJ0ZndfdHdlZXRfZWRpdF9mcm9udGVuZCI6eyJidWNrZXQiOiJvbiIsInZlcnNpb24iOm51bGx9fQ%3D%3D&amp;frame=false&amp;hideCard=false&amp;hideThread=false&amp;id=1742219280937099568&amp;lang=es&amp;origin=https%3A%2F%2Fwww.atalayar.com%2Farticulo%2Fpolitica%2Fgolpe-cupula-hamas-ataque-aereo-israeli-mata-numero-organizacion-beirut%2F20240103130514195352.html&amp;sessionId=d289641e505ce927144d31fdcffc98d177897129&amp;siteScreenName=Atalayar_&amp;theme=light&amp;widgetsVersion=2615f7e52b7e0%3A1702314776716&amp;width=550px\" frameborder=\"0\" scrolling=\"no\" allowfullscreen=\"allowfullscreen\" data-tweet-id=\"1742219280937099568\" data-mce-fragment=\"1\"><\/iframe><\/div>\n<p>Todo cambi\u00f3 tras el ataque del 7 de octubre, una masacre que ha sido considerada por los servicios de inteligencia israel\u00edes como el M\u00fanich de la \u00e9poca, haciendo referencia al ataque terrorista en los Juegos Ol\u00edmpicos de 1972, cuando miembros del grupo Septiembre Negro mataron a casi una docena de atletas israel\u00edes en la ciudad alemana.<\/p>\n<p><strong>\u00abEn Gaza, en Cisjordania, en el L\u00edbano, en Turqu\u00eda, en Qatar, en todas partes. Nos llevar\u00e1 algunos a\u00f1os pero destruiremos a Ham\u00e1s\u00bb<\/strong>, asegur\u00f3 el jefe de la agencia de inteligencia Shin Bet, Ronen Bar, el pasado mes de noviembre. Tambi\u00e9n el primer ministro israel\u00ed, Benjamin Netanyahu, ha ordenado al Mossad perseguir a los l\u00edderes de la organizaci\u00f3n islamita en todo el mundo.<\/p>\n<div class=\"twitter-tweet twitter-tweet-rendered\"><iframe id=\"twitter-widget-1\" class=\"\" title=\"X Post\" src=\"https:\/\/platform.twitter.com\/embed\/Tweet.html?dnt=false&amp;embedId=twitter-widget-1&amp;features=eyJ0ZndfdGltZWxpbmVfbGlzdCI6eyJidWNrZXQiOltdLCJ2ZXJzaW9uIjpudWxsfSwidGZ3X2ZvbGxvd2VyX2NvdW50X3N1bnNldCI6eyJidWNrZXQiOnRydWUsInZlcnNpb24iOm51bGx9LCJ0ZndfdHdlZXRfZWRpdF9iYWNrZW5kIjp7ImJ1Y2tldCI6Im9uIiwidmVyc2lvbiI6bnVsbH0sInRmd19yZWZzcmNfc2Vzc2lvbiI6eyJidWNrZXQiOiJvbiIsInZlcnNpb24iOm51bGx9LCJ0ZndfZm9zbnJfc29mdF9pbnRlcnZlbnRpb25zX2VuYWJsZWQiOnsiYnVja2V0Ijoib24iLCJ2ZXJzaW9uIjpudWxsfSwidGZ3X21peGVkX21lZGlhXzE1ODk3Ijp7ImJ1Y2tldCI6InRyZWF0bWVudCIsInZlcnNpb24iOm51bGx9LCJ0ZndfZXhwZXJpbWVudHNfY29va2llX2V4cGlyYXRpb24iOnsiYnVja2V0IjoxMjA5NjAwLCJ2ZXJzaW9uIjpudWxsfSwidGZ3X3Nob3dfYmlyZHdhdGNoX3Bpdm90c19lbmFibGVkIjp7ImJ1Y2tldCI6Im9uIiwidmVyc2lvbiI6bnVsbH0sInRmd19kdXBsaWNhdGVfc2NyaWJlc190b19zZXR0aW5ncyI6eyJidWNrZXQiOiJvbiIsInZlcnNpb24iOm51bGx9LCJ0ZndfdXNlX3Byb2ZpbGVfaW1hZ2Vfc2hhcGVfZW5hYmxlZCI6eyJidWNrZXQiOiJvbiIsInZlcnNpb24iOm51bGx9LCJ0ZndfdmlkZW9faGxzX2R5bmFtaWNfbWFuaWZlc3RzXzE1MDgyIjp7ImJ1Y2tldCI6InRydWVfYml0cmF0ZSIsInZlcnNpb24iOm51bGx9LCJ0ZndfbGVnYWN5X3RpbWVsaW5lX3N1bnNldCI6eyJidWNrZXQiOnRydWUsInZlcnNpb24iOm51bGx9LCJ0ZndfdHdlZXRfZWRpdF9mcm9udGVuZCI6eyJidWNrZXQiOiJvbiIsInZlcnNpb24iOm51bGx9fQ%3D%3D&amp;frame=false&amp;hideCard=false&amp;hideThread=false&amp;id=1742213356017103113&amp;lang=es&amp;origin=https%3A%2F%2Fwww.atalayar.com%2Farticulo%2Fpolitica%2Fgolpe-cupula-hamas-ataque-aereo-israeli-mata-numero-organizacion-beirut%2F20240103130514195352.html&amp;sessionId=d289641e505ce927144d31fdcffc98d177897129&amp;siteScreenName=Atalayar_&amp;theme=light&amp;widgetsVersion=2615f7e52b7e0%3A1702314776716&amp;width=550px\" frameborder=\"0\" scrolling=\"no\" allowfullscreen=\"allowfullscreen\" data-tweet-id=\"1742213356017103113\" data-mce-fragment=\"1\"><\/iframe><\/div>\n<p>La muerte de Al-Arouri, uno de los arquitectos del 7 de octubre, ha sido un gran golpe para la c\u00fapula de Ham\u00e1s. El vicepresidente del bur\u00f3 pol\u00edtico es el l\u00edder de mayor rango que ha sido asesinado desde el 7 de octubre, por lo que<strong>\u00a0Israel se prepara para un posible represalia por parte de Hezbol\u00e1<\/strong>, organizaci\u00f3n que lleva lanzado ataques contra territorio israel\u00ed desde el comienzo de la guerra.<\/p>\n<p><strong>El grupo chi\u00ed liban\u00e9s respaldado por Ir\u00e1n ya ha asegurado que el asesinato de Al-Arouri no \u201cquedar\u00e1 sin represalias o castigo\u201d<\/strong>. Fuentes israel\u00edes indicaron a\u00a0<em>Axios<\/em>\u00a0que les\u00a0preocupa que Hezbol\u00e1 intensifique sus ataques y lance misiles de largo alcance contra ciudades importantes como Haifa o Tel Aviv.\u00a0\u201cUn ataque de este tipo podr\u00eda provocar una reacci\u00f3n mucho m\u00e1s fuerte por parte de Israel que r\u00e1pidamente podr\u00eda degenerar en una guerra regional\u201d, destaca\u00a0<em>Axios<\/em>\u00a0bas\u00e1ndose en las fuentes.<\/p>\n<div class=\"twitter-tweet twitter-tweet-rendered\"><iframe id=\"twitter-widget-2\" class=\"\" title=\"X Post\" src=\"https:\/\/platform.twitter.com\/embed\/Tweet.html?dnt=false&amp;embedId=twitter-widget-2&amp;features=eyJ0ZndfdGltZWxpbmVfbGlzdCI6eyJidWNrZXQiOltdLCJ2ZXJzaW9uIjpudWxsfSwidGZ3X2ZvbGxvd2VyX2NvdW50X3N1bnNldCI6eyJidWNrZXQiOnRydWUsInZlcnNpb24iOm51bGx9LCJ0ZndfdHdlZXRfZWRpdF9iYWNrZW5kIjp7ImJ1Y2tldCI6Im9uIiwidmVyc2lvbiI6bnVsbH0sInRmd19yZWZzcmNfc2Vzc2lvbiI6eyJidWNrZXQiOiJvbiIsInZlcnNpb24iOm51bGx9LCJ0ZndfZm9zbnJfc29mdF9pbnRlcnZlbnRpb25zX2VuYWJsZWQiOnsiYnVja2V0Ijoib24iLCJ2ZXJzaW9uIjpudWxsfSwidGZ3X21peGVkX21lZGlhXzE1ODk3Ijp7ImJ1Y2tldCI6InRyZWF0bWVudCIsInZlcnNpb24iOm51bGx9LCJ0ZndfZXhwZXJpbWVudHNfY29va2llX2V4cGlyYXRpb24iOnsiYnVja2V0IjoxMjA5NjAwLCJ2ZXJzaW9uIjpudWxsfSwidGZ3X3Nob3dfYmlyZHdhdGNoX3Bpdm90c19lbmFibGVkIjp7ImJ1Y2tldCI6Im9uIiwidmVyc2lvbiI6bnVsbH0sInRmd19kdXBsaWNhdGVfc2NyaWJlc190b19zZXR0aW5ncyI6eyJidWNrZXQiOiJvbiIsInZlcnNpb24iOm51bGx9LCJ0ZndfdXNlX3Byb2ZpbGVfaW1hZ2Vfc2hhcGVfZW5hYmxlZCI6eyJidWNrZXQiOiJvbiIsInZlcnNpb24iOm51bGx9LCJ0ZndfdmlkZW9faGxzX2R5bmFtaWNfbWFuaWZlc3RzXzE1MDgyIjp7ImJ1Y2tldCI6InRydWVfYml0cmF0ZSIsInZlcnNpb24iOm51bGx9LCJ0ZndfbGVnYWN5X3RpbWVsaW5lX3N1bnNldCI6eyJidWNrZXQiOnRydWUsInZlcnNpb24iOm51bGx9LCJ0ZndfdHdlZXRfZWRpdF9mcm9udGVuZCI6eyJidWNrZXQiOiJvbiIsInZlcnNpb24iOm51bGx9fQ%3D%3D&amp;frame=false&amp;hideCard=false&amp;hideThread=false&amp;id=1742254171582345600&amp;lang=es&amp;origin=https%3A%2F%2Fwww.atalayar.com%2Farticulo%2Fpolitica%2Fgolpe-cupula-hamas-ataque-aereo-israeli-mata-numero-organizacion-beirut%2F20240103130514195352.html&amp;sessionId=d289641e505ce927144d31fdcffc98d177897129&amp;siteScreenName=Atalayar_&amp;theme=light&amp;widgetsVersion=2615f7e52b7e0%3A1702314776716&amp;width=550px\" frameborder=\"0\" scrolling=\"no\" allowfullscreen=\"allowfullscreen\" data-tweet-id=\"1742254171582345600\" data-mce-fragment=\"1\"><\/iframe><\/div>\n<p>Por el momento, Ham\u00e1s ya ha anunciado a los mediadores egipcios y catar\u00edes que\u00a0<strong>suspender\u00e1 las negociaciones\u00a0<\/strong>actuales relacionadas con los m\u00e1s de 100 rehenes israel\u00edes que contin\u00faan secuestrados en la Franja de Gaza. Haniyeh, l\u00edder de Ham\u00e1s, ha calificado el ataque como un \u201ccrimen flagrante\u201d y una \u201cviolaci\u00f3n de la soberan\u00eda libanesa\u201d.<\/p>\n<p>En este sentido, el primer ministro liban\u00e9s en funciones, Najib Mikati,\u00a0tambi\u00e9n conden\u00f3 el ataque, consider\u00e1ndolo un \u00abcrimen israel\u00ed\u00bb destinado a arrastrar al L\u00edbano a la guerra en Gaza.<\/p>\n","protected":false},"excerpt":{"rendered":"<p>NOTI-AMERICA.COM | TEXAS www.atalayar.com Golpe a la c\u00fapula de Ham\u00e1s: un ataque a\u00e9reo israel\u00ed mata al n\u00famero dos de la organizaci\u00f3n en Beirut Saleh al-Arouri era vicepresidente del bur\u00f3 pol\u00edtico de Ham\u00e1s y fundador&#46;&#46;&#46;<\/p>\n","protected":false},"author":2,"featured_media":36539,"comment_status":"closed","ping_status":"open","sticky":false,"template":"","format":"image","meta":{"_acf_changed":false,"rop_custom_images_group":[],"rop_custom_messages_group":[],"rop_publish_now":"initial","rop_publish_now_accounts":{"facebook_10219548024599422_1632221337088128":"","twitter_242054905_242054905":""},"rop_publish_now_history":[],"rop_publish_now_status":"pending","footnotes":""},"categories":[3],"tags":[],"class_list":["post-36538","post","type-post","status-publish","format-image","has-post-thumbnail","hentry","category-politica","post_format-post-format-image"],"acf":[],"yoast_head":"<!-- This site is optimized with the Yoast SEO Premium plugin v24.9 (Yoast SEO v27.2) - https:\/\/yoast.com\/product\/yoast-seo-premium-wordpress\/ -->\n<title>Golpe a la c\u00fapula de Ham\u00e1s: un ataque a\u00e9reo israel\u00ed mata al n\u00famero dos de la organizaci\u00f3n en Beirut - Noti-America.com<\/title>\n<meta name=\"robots\" content=\"index, follow, max-snippet:-1, max-image-preview:large, max-video-preview:-1\" \/>\n<link rel=\"canonical\" href=\"https:\/\/noti-america.com\/site\/principal\/2024\/01\/03\/golpe-a-la-cupula-de-hamas-un-ataque-aereo-israeli-mata-al-numero-dos-de-la-organizacion-en-beirut\/\" \/>\n<meta property=\"og:locale\" content=\"es_ES\" \/>\n<meta property=\"og:type\" content=\"article\" \/>\n<meta property=\"og:title\" content=\"Golpe a la c\u00fapula de Ham\u00e1s: un ataque a\u00e9reo israel\u00ed mata al n\u00famero dos de la organizaci\u00f3n en Beirut\" \/>\n<meta property=\"og:description\" content=\"NOTI-AMERICA.COM | TEXAS www.atalayar.com Golpe a la c\u00fapula de Ham\u00e1s: un ataque a\u00e9reo israel\u00ed mata al n\u00famero dos de la organizaci\u00f3n en Beirut Saleh al-Arouri era vicepresidente del bur\u00f3 pol\u00edtico de Ham\u00e1s y fundador&#046;&#046;&#046;\" \/>\n<meta property=\"og:url\" content=\"https:\/\/noti-america.com\/site\/principal\/2024\/01\/03\/golpe-a-la-cupula-de-hamas-un-ataque-aereo-israeli-mata-al-numero-dos-de-la-organizacion-en-beirut\/\" \/>\n<meta property=\"og:site_name\" content=\"Noti-America.com\" \/>\n<meta property=\"article:published_time\" content=\"2024-01-04T00:09:52+00:00\" \/>\n<meta property=\"og:image\" content=\"https:\/\/noti-america.com\/site\/principal\/wp-content\/uploads\/sites\/26\/2024\/01\/TEXAS-palestino-sostiene-bandera-de-hamas.jpg\" \/>\n\t<meta property=\"og:image:width\" content=\"1200\" \/>\n\t<meta property=\"og:image:height\" content=\"675\" \/>\n\t<meta property=\"og:image:type\" content=\"image\/jpeg\" \/>\n<meta name=\"author\" content=\"rloaiza\" \/>\n<meta name=\"twitter:card\" content=\"summary_large_image\" \/>\n<meta name=\"twitter:label1\" content=\"Escrito por\" \/>\n\t<meta name=\"twitter:data1\" content=\"rloaiza\" \/>\n\t<meta name=\"twitter:label2\" content=\"Tiempo estimado de lectura\" \/>\n\t<meta name=\"twitter:data2\" content=\"4 minutos\" \/>\n<script type=\"application\/ld+json\" class=\"yoast-schema-graph\">{\"@context\":\"https:\/\/schema.org\",\"@graph\":[{\"@type\":\"Article\",\"@id\":\"https:\/\/noti-america.com\/site\/principal\/2024\/01\/03\/golpe-a-la-cupula-de-hamas-un-ataque-aereo-israeli-mata-al-numero-dos-de-la-organizacion-en-beirut\/#article\",\"isPartOf\":{\"@id\":\"https:\/\/noti-america.com\/site\/principal\/2024\/01\/03\/golpe-a-la-cupula-de-hamas-un-ataque-aereo-israeli-mata-al-numero-dos-de-la-organizacion-en-beirut\/\"},\"author\":{\"name\":\"rloaiza\",\"@id\":\"https:\/\/noti-america.com\/site\/principal\/#\/schema\/person\/a2e478ba496331ce89bcd0c731cd6533\"},\"headline\":\"Golpe a la c\u00fapula de Ham\u00e1s: un ataque a\u00e9reo israel\u00ed mata al n\u00famero dos de la organizaci\u00f3n en Beirut\",\"datePublished\":\"2024-01-04T00:09:52+00:00\",\"mainEntityOfPage\":{\"@id\":\"https:\/\/noti-america.com\/site\/principal\/2024\/01\/03\/golpe-a-la-cupula-de-hamas-un-ataque-aereo-israeli-mata-al-numero-dos-de-la-organizacion-en-beirut\/\"},\"wordCount\":756,\"image\":{\"@id\":\"https:\/\/noti-america.com\/site\/principal\/2024\/01\/03\/golpe-a-la-cupula-de-hamas-un-ataque-aereo-israeli-mata-al-numero-dos-de-la-organizacion-en-beirut\/#primaryimage\"},\"thumbnailUrl\":\"https:\/\/noti-america.com\/site\/principal\/wp-content\/uploads\/sites\/26\/2024\/01\/TEXAS-palestino-sostiene-bandera-de-hamas.jpg\",\"articleSection\":[\"Pol\u00edtica\"],\"inLanguage\":\"es\"},{\"@type\":\"WebPage\",\"@id\":\"https:\/\/noti-america.com\/site\/principal\/2024\/01\/03\/golpe-a-la-cupula-de-hamas-un-ataque-aereo-israeli-mata-al-numero-dos-de-la-organizacion-en-beirut\/\",\"url\":\"https:\/\/noti-america.com\/site\/principal\/2024\/01\/03\/golpe-a-la-cupula-de-hamas-un-ataque-aereo-israeli-mata-al-numero-dos-de-la-organizacion-en-beirut\/\",\"name\":\"Golpe a la c\u00fapula de Ham\u00e1s: un ataque a\u00e9reo israel\u00ed mata al n\u00famero dos de la organizaci\u00f3n en Beirut - Noti-America.com\",\"isPartOf\":{\"@id\":\"https:\/\/noti-america.com\/site\/principal\/#website\"},\"primaryImageOfPage\":{\"@id\":\"https:\/\/noti-america.com\/site\/principal\/2024\/01\/03\/golpe-a-la-cupula-de-hamas-un-ataque-aereo-israeli-mata-al-numero-dos-de-la-organizacion-en-beirut\/#primaryimage\"},\"image\":{\"@id\":\"https:\/\/noti-america.com\/site\/principal\/2024\/01\/03\/golpe-a-la-cupula-de-hamas-un-ataque-aereo-israeli-mata-al-numero-dos-de-la-organizacion-en-beirut\/#primaryimage\"},\"thumbnailUrl\":\"https:\/\/noti-america.com\/site\/principal\/wp-content\/uploads\/sites\/26\/2024\/01\/TEXAS-palestino-sostiene-bandera-de-hamas.jpg\",\"datePublished\":\"2024-01-04T00:09:52+00:00\",\"author\":{\"@id\":\"https:\/\/noti-america.com\/site\/principal\/#\/schema\/person\/a2e478ba496331ce89bcd0c731cd6533\"},\"breadcrumb\":{\"@id\":\"https:\/\/noti-america.com\/site\/principal\/2024\/01\/03\/golpe-a-la-cupula-de-hamas-un-ataque-aereo-israeli-mata-al-numero-dos-de-la-organizacion-en-beirut\/#breadcrumb\"},\"inLanguage\":\"es\",\"potentialAction\":[{\"@type\":\"ReadAction\",\"target\":[\"https:\/\/noti-america.com\/site\/principal\/2024\/01\/03\/golpe-a-la-cupula-de-hamas-un-ataque-aereo-israeli-mata-al-numero-dos-de-la-organizacion-en-beirut\/\"]}]},{\"@type\":\"ImageObject\",\"inLanguage\":\"es\",\"@id\":\"https:\/\/noti-america.com\/site\/principal\/2024\/01\/03\/golpe-a-la-cupula-de-hamas-un-ataque-aereo-israeli-mata-al-numero-dos-de-la-organizacion-en-beirut\/#primaryimage\",\"url\":\"https:\/\/noti-america.com\/site\/principal\/wp-content\/uploads\/sites\/26\/2024\/01\/TEXAS-palestino-sostiene-bandera-de-hamas.jpg\",\"contentUrl\":\"https:\/\/noti-america.com\/site\/principal\/wp-content\/uploads\/sites\/26\/2024\/01\/TEXAS-palestino-sostiene-bandera-de-hamas.jpg\",\"width\":1200,\"height\":675},{\"@type\":\"BreadcrumbList\",\"@id\":\"https:\/\/noti-america.com\/site\/principal\/2024\/01\/03\/golpe-a-la-cupula-de-hamas-un-ataque-aereo-israeli-mata-al-numero-dos-de-la-organizacion-en-beirut\/#breadcrumb\",\"itemListElement\":[{\"@type\":\"ListItem\",\"position\":1,\"name\":\"Portada\",\"item\":\"https:\/\/noti-america.com\/site\/principal\/\"},{\"@type\":\"ListItem\",\"position\":2,\"name\":\"Golpe a la c\u00fapula de Ham\u00e1s: un ataque a\u00e9reo israel\u00ed mata al n\u00famero dos de la organizaci\u00f3n en Beirut\"}]},{\"@type\":\"WebSite\",\"@id\":\"https:\/\/noti-america.com\/site\/principal\/#website\",\"url\":\"https:\/\/noti-america.com\/site\/principal\/\",\"name\":\"Noti-America.com\",\"description\":\"El Noticiero Digital M\u00e1s Grande de Am\u00e9rica\",\"potentialAction\":[{\"@type\":\"SearchAction\",\"target\":{\"@type\":\"EntryPoint\",\"urlTemplate\":\"https:\/\/noti-america.com\/site\/principal\/?s={search_term_string}\"},\"query-input\":{\"@type\":\"PropertyValueSpecification\",\"valueRequired\":true,\"valueName\":\"search_term_string\"}}],\"inLanguage\":\"es\"},{\"@type\":\"Person\",\"@id\":\"https:\/\/noti-america.com\/site\/principal\/#\/schema\/person\/a2e478ba496331ce89bcd0c731cd6533\",\"name\":\"rloaiza\",\"image\":{\"@type\":\"ImageObject\",\"inLanguage\":\"es\",\"@id\":\"https:\/\/secure.gravatar.com\/avatar\/190058e5d4427934610b99c45aa7a6558806850adedd53ddeddd194b04773e22?s=96&d=mm&r=g\",\"url\":\"https:\/\/secure.gravatar.com\/avatar\/190058e5d4427934610b99c45aa7a6558806850adedd53ddeddd194b04773e22?s=96&d=mm&r=g\",\"contentUrl\":\"https:\/\/secure.gravatar.com\/avatar\/190058e5d4427934610b99c45aa7a6558806850adedd53ddeddd194b04773e22?s=96&d=mm&r=g\",\"caption\":\"rloaiza\"},\"url\":\"https:\/\/noti-america.com\/site\/principal\/author\/rloaiza\/\"}]}<\/script>\n<!-- \/ Yoast SEO Premium plugin. -->","yoast_head_json":{"title":"Golpe a la c\u00fapula de Ham\u00e1s: un ataque a\u00e9reo israel\u00ed mata al n\u00famero dos de la organizaci\u00f3n en Beirut - Noti-America.com","robots":{"index":"index","follow":"follow","max-snippet":"max-snippet:-1","max-image-preview":"max-image-preview:large","max-video-preview":"max-video-preview:-1"},"canonical":"https:\/\/noti-america.com\/site\/principal\/2024\/01\/03\/golpe-a-la-cupula-de-hamas-un-ataque-aereo-israeli-mata-al-numero-dos-de-la-organizacion-en-beirut\/","og_locale":"es_ES","og_type":"article","og_title":"Golpe a la c\u00fapula de Ham\u00e1s: un ataque a\u00e9reo israel\u00ed mata al n\u00famero dos de la organizaci\u00f3n en Beirut","og_description":"NOTI-AMERICA.COM | TEXAS www.atalayar.com Golpe a la c\u00fapula de Ham\u00e1s: un ataque a\u00e9reo israel\u00ed mata al n\u00famero dos de la organizaci\u00f3n en Beirut Saleh al-Arouri era vicepresidente del bur\u00f3 pol\u00edtico de Ham\u00e1s y fundador&#46;&#46;&#46;","og_url":"https:\/\/noti-america.com\/site\/principal\/2024\/01\/03\/golpe-a-la-cupula-de-hamas-un-ataque-aereo-israeli-mata-al-numero-dos-de-la-organizacion-en-beirut\/","og_site_name":"Noti-America.com","article_published_time":"2024-01-04T00:09:52+00:00","og_image":[{"width":1200,"height":675,"url":"https:\/\/noti-america.com\/site\/principal\/wp-content\/uploads\/sites\/26\/2024\/01\/TEXAS-palestino-sostiene-bandera-de-hamas.jpg","type":"image\/jpeg"}],"author":"rloaiza","twitter_card":"summary_large_image","twitter_misc":{"Escrito por":"rloaiza","Tiempo estimado de lectura":"4 minutos"},"schema":{"@context":"https:\/\/schema.org","@graph":[{"@type":"Article","@id":"https:\/\/noti-america.com\/site\/principal\/2024\/01\/03\/golpe-a-la-cupula-de-hamas-un-ataque-aereo-israeli-mata-al-numero-dos-de-la-organizacion-en-beirut\/#article","isPartOf":{"@id":"https:\/\/noti-america.com\/site\/principal\/2024\/01\/03\/golpe-a-la-cupula-de-hamas-un-ataque-aereo-israeli-mata-al-numero-dos-de-la-organizacion-en-beirut\/"},"author":{"name":"rloaiza","@id":"https:\/\/noti-america.com\/site\/principal\/#\/schema\/person\/a2e478ba496331ce89bcd0c731cd6533"},"headline":"Golpe a la c\u00fapula de Ham\u00e1s: un ataque a\u00e9reo israel\u00ed mata al n\u00famero dos de la organizaci\u00f3n en Beirut","datePublished":"2024-01-04T00:09:52+00:00","mainEntityOfPage":{"@id":"https:\/\/noti-america.com\/site\/principal\/2024\/01\/03\/golpe-a-la-cupula-de-hamas-un-ataque-aereo-israeli-mata-al-numero-dos-de-la-organizacion-en-beirut\/"},"wordCount":756,"image":{"@id":"https:\/\/noti-america.com\/site\/principal\/2024\/01\/03\/golpe-a-la-cupula-de-hamas-un-ataque-aereo-israeli-mata-al-numero-dos-de-la-organizacion-en-beirut\/#primaryimage"},"thumbnailUrl":"https:\/\/noti-america.com\/site\/principal\/wp-content\/uploads\/sites\/26\/2024\/01\/TEXAS-palestino-sostiene-bandera-de-hamas.jpg","articleSection":["Pol\u00edtica"],"inLanguage":"es"},{"@type":"WebPage","@id":"https:\/\/noti-america.com\/site\/principal\/2024\/01\/03\/golpe-a-la-cupula-de-hamas-un-ataque-aereo-israeli-mata-al-numero-dos-de-la-organizacion-en-beirut\/","url":"https:\/\/noti-america.com\/site\/principal\/2024\/01\/03\/golpe-a-la-cupula-de-hamas-un-ataque-aereo-israeli-mata-al-numero-dos-de-la-organizacion-en-beirut\/","name":"Golpe a la c\u00fapula de Ham\u00e1s: un ataque a\u00e9reo israel\u00ed mata al n\u00famero dos de la organizaci\u00f3n en Beirut - Noti-America.com","isPartOf":{"@id":"https:\/\/noti-america.com\/site\/principal\/#website"},"primaryImageOfPage":{"@id":"https:\/\/noti-america.com\/site\/principal\/2024\/01\/03\/golpe-a-la-cupula-de-hamas-un-ataque-aereo-israeli-mata-al-numero-dos-de-la-organizacion-en-beirut\/#primaryimage"},"image":{"@id":"https:\/\/noti-america.com\/site\/principal\/2024\/01\/03\/golpe-a-la-cupula-de-hamas-un-ataque-aereo-israeli-mata-al-numero-dos-de-la-organizacion-en-beirut\/#primaryimage"},"thumbnailUrl":"https:\/\/noti-america.com\/site\/principal\/wp-content\/uploads\/sites\/26\/2024\/01\/TEXAS-palestino-sostiene-bandera-de-hamas.jpg","datePublished":"2024-01-04T00:09:52+00:00","author":{"@id":"https:\/\/noti-america.com\/site\/principal\/#\/schema\/person\/a2e478ba496331ce89bcd0c731cd6533"},"breadcrumb":{"@id":"https:\/\/noti-america.com\/site\/principal\/2024\/01\/03\/golpe-a-la-cupula-de-hamas-un-ataque-aereo-israeli-mata-al-numero-dos-de-la-organizacion-en-beirut\/#breadcrumb"},"inLanguage":"es","potentialAction":[{"@type":"ReadAction","target":["https:\/\/noti-america.com\/site\/principal\/2024\/01\/03\/golpe-a-la-cupula-de-hamas-un-ataque-aereo-israeli-mata-al-numero-dos-de-la-organizacion-en-beirut\/"]}]},{"@type":"ImageObject","inLanguage":"es","@id":"https:\/\/noti-america.com\/site\/principal\/2024\/01\/03\/golpe-a-la-cupula-de-hamas-un-ataque-aereo-israeli-mata-al-numero-dos-de-la-organizacion-en-beirut\/#primaryimage","url":"https:\/\/noti-america.com\/site\/principal\/wp-content\/uploads\/sites\/26\/2024\/01\/TEXAS-palestino-sostiene-bandera-de-hamas.jpg","contentUrl":"https:\/\/noti-america.com\/site\/principal\/wp-content\/uploads\/sites\/26\/2024\/01\/TEXAS-palestino-sostiene-bandera-de-hamas.jpg","width":1200,"height":675},{"@type":"BreadcrumbList","@id":"https:\/\/noti-america.com\/site\/principal\/2024\/01\/03\/golpe-a-la-cupula-de-hamas-un-ataque-aereo-israeli-mata-al-numero-dos-de-la-organizacion-en-beirut\/#breadcrumb","itemListElement":[{"@type":"ListItem","position":1,"name":"Portada","item":"https:\/\/noti-america.com\/site\/principal\/"},{"@type":"ListItem","position":2,"name":"Golpe a la c\u00fapula de Ham\u00e1s: un ataque a\u00e9reo israel\u00ed mata al n\u00famero dos de la organizaci\u00f3n en Beirut"}]},{"@type":"WebSite","@id":"https:\/\/noti-america.com\/site\/principal\/#website","url":"https:\/\/noti-america.com\/site\/principal\/","name":"Noti-America.com","description":"El Noticiero Digital M\u00e1s Grande de Am\u00e9rica","potentialAction":[{"@type":"SearchAction","target":{"@type":"EntryPoint","urlTemplate":"https:\/\/noti-america.com\/site\/principal\/?s={search_term_string}"},"query-input":{"@type":"PropertyValueSpecification","valueRequired":true,"valueName":"search_term_string"}}],"inLanguage":"es"},{"@type":"Person","@id":"https:\/\/noti-america.com\/site\/principal\/#\/schema\/person\/a2e478ba496331ce89bcd0c731cd6533","name":"rloaiza","image":{"@type":"ImageObject","inLanguage":"es","@id":"https:\/\/secure.gravatar.com\/avatar\/190058e5d4427934610b99c45aa7a6558806850adedd53ddeddd194b04773e22?s=96&d=mm&r=g","url":"https:\/\/secure.gravatar.com\/avatar\/190058e5d4427934610b99c45aa7a6558806850adedd53ddeddd194b04773e22?s=96&d=mm&r=g","contentUrl":"https:\/\/secure.gravatar.com\/avatar\/190058e5d4427934610b99c45aa7a6558806850adedd53ddeddd194b04773e22?s=96&d=mm&r=g","caption":"rloaiza"},"url":"https:\/\/noti-america.com\/site\/principal\/author\/rloaiza\/"}]}},"_links":{"self":[{"href":"https:\/\/noti-america.com\/site\/principal\/wp-json\/wp\/v2\/posts\/36538","targetHints":{"allow":["GET"]}}],"collection":[{"href":"https:\/\/noti-america.com\/site\/principal\/wp-json\/wp\/v2\/posts"}],"about":[{"href":"https:\/\/noti-america.com\/site\/principal\/wp-json\/wp\/v2\/types\/post"}],"author":[{"embeddable":true,"href":"https:\/\/noti-america.com\/site\/principal\/wp-json\/wp\/v2\/users\/2"}],"replies":[{"embeddable":true,"href":"https:\/\/noti-america.com\/site\/principal\/wp-json\/wp\/v2\/comments?post=36538"}],"version-history":[{"count":1,"href":"https:\/\/noti-america.com\/site\/principal\/wp-json\/wp\/v2\/posts\/36538\/revisions"}],"predecessor-version":[{"id":36540,"href":"https:\/\/noti-america.com\/site\/principal\/wp-json\/wp\/v2\/posts\/36538\/revisions\/36540"}],"wp:featuredmedia":[{"embeddable":true,"href":"https:\/\/noti-america.com\/site\/principal\/wp-json\/wp\/v2\/media\/36539"}],"wp:attachment":[{"href":"https:\/\/noti-america.com\/site\/principal\/wp-json\/wp\/v2\/media?parent=36538"}],"wp:term":[{"taxonomy":"category","embeddable":true,"href":"https:\/\/noti-america.com\/site\/principal\/wp-json\/wp\/v2\/categories?post=36538"},{"taxonomy":"post_tag","embeddable":true,"href":"https:\/\/noti-america.com\/site\/principal\/wp-json\/wp\/v2\/tags?post=36538"}],"curies":[{"name":"wp","href":"https:\/\/api.w.org\/{rel}","templated":true}]}}