{"id":36237,"date":"2023-12-27T13:35:39","date_gmt":"2023-12-27T17:35:39","guid":{"rendered":"https:\/\/noti-america.com\/site\/principal\/?p=36237"},"modified":"2023-12-27T13:35:39","modified_gmt":"2023-12-27T17:35:39","slug":"grupo-mexico-adquiere-el-60-de-dos-companias-de-transporte-maritimo-de-eu","status":"publish","type":"post","link":"https:\/\/noti-america.com\/site\/principal\/2023\/12\/27\/grupo-mexico-adquiere-el-60-de-dos-companias-de-transporte-maritimo-de-eu\/","title":{"rendered":"Grupo M\u00e9xico adquiere el 60% de dos compa\u00f1\u00edas de transporte mar\u00edtimo de EU"},"content":{"rendered":"<p>NOTI-AMERICA.COM | M\u00c9XICO \u2013 Una unidad de Grupo M\u00e9xico adquiri\u00f3 el 60 por ciento de dos empresas que se dedican al transporte mar\u00edtimo de vagones de ferrocarril entre Estados Unidos y M\u00e9xico, dijo este martes la compa\u00f1\u00eda mexicana.<\/p>\n<p>La subsidiaria, GM\u00e9xico Transportes, tambi\u00e9n conocida como Ferromex GMXT.MX, adquiri\u00f3 la participaci\u00f3n en las entidades Golfo de Mexico Rail Ferry Holdings y Rail Ferry Vessel Holdings, dijo en un comunicado, en el que no detall\u00f3 el monto de la operaci\u00f3n.<\/p>\n<p>Con esta operaci\u00f3n, Ferromex busca aprovechar las oportunidades que se generar\u00e1n con el Proyecto Trans\u00edstmico, un corredor industrial impulsado por el gobierno mexicano, que incluye un tren inaugurado la semana pasada que une la costa del Golfo de M\u00e9xico con la del Pac\u00edfico, en sur del pa\u00eds.<\/p>\n<p>Se espera que la operaci\u00f3n quede concluida durante el segundo trimestre del 2024, una vez que se tengan las aprobaciones regulatorias y de inversiones en Estados Unidos, dijo Ferromex.<\/p>\n<p>La adquisici\u00f3n se produce en medio de preocupaciones por el comercio transfronterizo entre M\u00e9xico y Estados Unidos, luego de que se cerraran recientemente y temporalmente dos cruces ferroviarios debido a un fuerte aumento del flujo de migrantes y que provocaron alarma entre operadores de ferrocarriles y la industria agr\u00edcola por el impacto econ\u00f3mico en el comercio.<\/p>\n<p>Esta semana, M\u00e9xico recibe a una delegaci\u00f3n estadounidense encabezada por el secretario de Estado, Antony Blinken, para abordar nuevamente la migraci\u00f3n luego de una llamada la semana pasada entre los mandatarios de ambos pa\u00edses, tras la que el presidente Andr\u00e9s Manuel L\u00f3pez Obrador ofreci\u00f3 reforzar medidas para hacer frente al flujo de personas que intentan cruzar la frontera.<\/p>\n","protected":false},"excerpt":{"rendered":"<p>NOTI-AMERICA.COM | M\u00c9XICO \u2013 Una unidad de Grupo M\u00e9xico adquiri\u00f3 el 60 por ciento de dos empresas que se dedican al transporte mar\u00edtimo de vagones de ferrocarril entre Estados Unidos y M\u00e9xico, dijo este&#46;&#46;&#46;<\/p>\n","protected":false},"author":133,"featured_media":36238,"comment_status":"","ping_status":"open","sticky":false,"template":"","format":"image","meta":{"_acf_changed":false,"rop_custom_images_group":[],"rop_custom_messages_group":[],"rop_publish_now":"initial","rop_publish_now_accounts":{"facebook_10219548024599422_1632221337088128":"","twitter_242054905_242054905":""},"rop_publish_now_history":[],"rop_publish_now_status":"pending","footnotes":""},"categories":[663],"tags":[],"class_list":["post-36237","post","type-post","status-publish","format-image","has-post-thumbnail","hentry","category-actualidad","post_format-post-format-image"],"acf":[],"yoast_head":"<!-- This site is optimized with the Yoast SEO Premium plugin v24.9 (Yoast SEO v27.2) - https:\/\/yoast.com\/product\/yoast-seo-premium-wordpress\/ -->\n<title>Grupo M\u00e9xico adquiere el 60% de dos compa\u00f1\u00edas de transporte mar\u00edtimo de EU - Noti-America.com<\/title>\n<meta name=\"robots\" content=\"index, follow, max-snippet:-1, max-image-preview:large, max-video-preview:-1\" \/>\n<link rel=\"canonical\" href=\"https:\/\/noti-america.com\/site\/principal\/2023\/12\/27\/grupo-mexico-adquiere-el-60-de-dos-companias-de-transporte-maritimo-de-eu\/\" \/>\n<meta property=\"og:locale\" content=\"es_ES\" \/>\n<meta property=\"og:type\" content=\"article\" \/>\n<meta property=\"og:title\" content=\"Grupo M\u00e9xico adquiere el 60% de dos compa\u00f1\u00edas de transporte mar\u00edtimo de EU\" \/>\n<meta property=\"og:description\" content=\"NOTI-AMERICA.COM | M\u00c9XICO \u2013 Una unidad de Grupo M\u00e9xico adquiri\u00f3 el 60 por ciento de dos empresas que se dedican al transporte mar\u00edtimo de vagones de ferrocarril entre Estados Unidos y M\u00e9xico, dijo este&#046;&#046;&#046;\" \/>\n<meta property=\"og:url\" content=\"https:\/\/noti-america.com\/site\/principal\/2023\/12\/27\/grupo-mexico-adquiere-el-60-de-dos-companias-de-transporte-maritimo-de-eu\/\" \/>\n<meta property=\"og:site_name\" content=\"Noti-America.com\" \/>\n<meta property=\"article:author\" content=\"Mar\u00eda Valentina Noguera\" \/>\n<meta property=\"article:published_time\" content=\"2023-12-27T17:35:39+00:00\" \/>\n<meta property=\"og:image\" content=\"https:\/\/noti-america.com\/site\/principal\/wp-content\/uploads\/sites\/26\/2023\/12\/Ferromex.jpeg\" \/>\n\t<meta property=\"og:image:width\" content=\"768\" \/>\n\t<meta property=\"og:image:height\" content=\"479\" \/>\n\t<meta property=\"og:image:type\" content=\"image\/jpeg\" \/>\n<meta name=\"author\" content=\"Maria Valentina Noguera Medina\" \/>\n<meta name=\"twitter:card\" content=\"summary_large_image\" \/>\n<meta name=\"twitter:label1\" content=\"Escrito por\" \/>\n\t<meta name=\"twitter:data1\" content=\"Maria Valentina Noguera Medina\" \/>\n\t<meta name=\"twitter:label2\" content=\"Tiempo estimado de lectura\" \/>\n\t<meta name=\"twitter:data2\" content=\"1 minuto\" \/>\n<script type=\"application\/ld+json\" class=\"yoast-schema-graph\">{\"@context\":\"https:\/\/schema.org\",\"@graph\":[{\"@type\":\"Article\",\"@id\":\"https:\/\/noti-america.com\/site\/principal\/2023\/12\/27\/grupo-mexico-adquiere-el-60-de-dos-companias-de-transporte-maritimo-de-eu\/#article\",\"isPartOf\":{\"@id\":\"https:\/\/noti-america.com\/site\/principal\/2023\/12\/27\/grupo-mexico-adquiere-el-60-de-dos-companias-de-transporte-maritimo-de-eu\/\"},\"author\":{\"name\":\"Maria Valentina Noguera Medina\",\"@id\":\"https:\/\/noti-america.com\/site\/principal\/#\/schema\/person\/22806efcc2cfc4b45efb0e17be210ea8\"},\"headline\":\"Grupo M\u00e9xico adquiere el 60% de dos compa\u00f1\u00edas de transporte mar\u00edtimo de EU\",\"datePublished\":\"2023-12-27T17:35:39+00:00\",\"mainEntityOfPage\":{\"@id\":\"https:\/\/noti-america.com\/site\/principal\/2023\/12\/27\/grupo-mexico-adquiere-el-60-de-dos-companias-de-transporte-maritimo-de-eu\/\"},\"wordCount\":307,\"image\":{\"@id\":\"https:\/\/noti-america.com\/site\/principal\/2023\/12\/27\/grupo-mexico-adquiere-el-60-de-dos-companias-de-transporte-maritimo-de-eu\/#primaryimage\"},\"thumbnailUrl\":\"https:\/\/noti-america.com\/site\/principal\/wp-content\/uploads\/sites\/26\/2023\/12\/Ferromex.jpeg\",\"articleSection\":[\"Actualidad\"],\"inLanguage\":\"es\"},{\"@type\":\"WebPage\",\"@id\":\"https:\/\/noti-america.com\/site\/principal\/2023\/12\/27\/grupo-mexico-adquiere-el-60-de-dos-companias-de-transporte-maritimo-de-eu\/\",\"url\":\"https:\/\/noti-america.com\/site\/principal\/2023\/12\/27\/grupo-mexico-adquiere-el-60-de-dos-companias-de-transporte-maritimo-de-eu\/\",\"name\":\"Grupo M\u00e9xico adquiere el 60% de dos compa\u00f1\u00edas de transporte mar\u00edtimo de EU - Noti-America.com\",\"isPartOf\":{\"@id\":\"https:\/\/noti-america.com\/site\/principal\/#website\"},\"primaryImageOfPage\":{\"@id\":\"https:\/\/noti-america.com\/site\/principal\/2023\/12\/27\/grupo-mexico-adquiere-el-60-de-dos-companias-de-transporte-maritimo-de-eu\/#primaryimage\"},\"image\":{\"@id\":\"https:\/\/noti-america.com\/site\/principal\/2023\/12\/27\/grupo-mexico-adquiere-el-60-de-dos-companias-de-transporte-maritimo-de-eu\/#primaryimage\"},\"thumbnailUrl\":\"https:\/\/noti-america.com\/site\/principal\/wp-content\/uploads\/sites\/26\/2023\/12\/Ferromex.jpeg\",\"datePublished\":\"2023-12-27T17:35:39+00:00\",\"author\":{\"@id\":\"https:\/\/noti-america.com\/site\/principal\/#\/schema\/person\/22806efcc2cfc4b45efb0e17be210ea8\"},\"breadcrumb\":{\"@id\":\"https:\/\/noti-america.com\/site\/principal\/2023\/12\/27\/grupo-mexico-adquiere-el-60-de-dos-companias-de-transporte-maritimo-de-eu\/#breadcrumb\"},\"inLanguage\":\"es\",\"potentialAction\":[{\"@type\":\"ReadAction\",\"target\":[\"https:\/\/noti-america.com\/site\/principal\/2023\/12\/27\/grupo-mexico-adquiere-el-60-de-dos-companias-de-transporte-maritimo-de-eu\/\"]}]},{\"@type\":\"ImageObject\",\"inLanguage\":\"es\",\"@id\":\"https:\/\/noti-america.com\/site\/principal\/2023\/12\/27\/grupo-mexico-adquiere-el-60-de-dos-companias-de-transporte-maritimo-de-eu\/#primaryimage\",\"url\":\"https:\/\/noti-america.com\/site\/principal\/wp-content\/uploads\/sites\/26\/2023\/12\/Ferromex.jpeg\",\"contentUrl\":\"https:\/\/noti-america.com\/site\/principal\/wp-content\/uploads\/sites\/26\/2023\/12\/Ferromex.jpeg\",\"width\":768,\"height\":479},{\"@type\":\"BreadcrumbList\",\"@id\":\"https:\/\/noti-america.com\/site\/principal\/2023\/12\/27\/grupo-mexico-adquiere-el-60-de-dos-companias-de-transporte-maritimo-de-eu\/#breadcrumb\",\"itemListElement\":[{\"@type\":\"ListItem\",\"position\":1,\"name\":\"Portada\",\"item\":\"https:\/\/noti-america.com\/site\/principal\/\"},{\"@type\":\"ListItem\",\"position\":2,\"name\":\"Grupo M\u00e9xico adquiere el 60% de dos compa\u00f1\u00edas de transporte mar\u00edtimo de EU\"}]},{\"@type\":\"WebSite\",\"@id\":\"https:\/\/noti-america.com\/site\/principal\/#website\",\"url\":\"https:\/\/noti-america.com\/site\/principal\/\",\"name\":\"Noti-America.com\",\"description\":\"El Noticiero Digital M\u00e1s Grande de Am\u00e9rica\",\"potentialAction\":[{\"@type\":\"SearchAction\",\"target\":{\"@type\":\"EntryPoint\",\"urlTemplate\":\"https:\/\/noti-america.com\/site\/principal\/?s={search_term_string}\"},\"query-input\":{\"@type\":\"PropertyValueSpecification\",\"valueRequired\":true,\"valueName\":\"search_term_string\"}}],\"inLanguage\":\"es\"},{\"@type\":\"Person\",\"@id\":\"https:\/\/noti-america.com\/site\/principal\/#\/schema\/person\/22806efcc2cfc4b45efb0e17be210ea8\",\"name\":\"Maria Valentina Noguera Medina\",\"image\":{\"@type\":\"ImageObject\",\"inLanguage\":\"es\",\"@id\":\"https:\/\/secure.gravatar.com\/avatar\/4ec5eb9d099f2608a49c9df6f7341f66f04f819cdffa09d56a7a0e91d2819d56?s=96&d=mm&r=g\",\"url\":\"https:\/\/secure.gravatar.com\/avatar\/4ec5eb9d099f2608a49c9df6f7341f66f04f819cdffa09d56a7a0e91d2819d56?s=96&d=mm&r=g\",\"contentUrl\":\"https:\/\/secure.gravatar.com\/avatar\/4ec5eb9d099f2608a49c9df6f7341f66f04f819cdffa09d56a7a0e91d2819d56?s=96&d=mm&r=g\",\"caption\":\"Maria Valentina Noguera Medina\"},\"description\":\"Periodista - noti-america - Promar Community Manager - Talento Plus Dise\u00f1adora\/ creadora de contenido...\",\"sameAs\":[\"Mar\u00eda Valentina Noguera\",\"https:\/\/www.facebook.com\/mariavalentina.noguera\",\"https:\/\/www.linkedin.com\/in\/mara-valentina-noguera-medina-373075165\/\",\"https:\/\/www.pinterest.es\/valentinanoguera95\/\",\"https:\/\/www.youtube.com\/channel\/UCdek6mbUZ-Tqqw0I63i4nmQ\"],\"url\":\"https:\/\/noti-america.com\/site\/principal\/author\/mnoguera\/\"}]}<\/script>\n<!-- \/ Yoast SEO Premium plugin. -->","yoast_head_json":{"title":"Grupo M\u00e9xico adquiere el 60% de dos compa\u00f1\u00edas de transporte mar\u00edtimo de EU - Noti-America.com","robots":{"index":"index","follow":"follow","max-snippet":"max-snippet:-1","max-image-preview":"max-image-preview:large","max-video-preview":"max-video-preview:-1"},"canonical":"https:\/\/noti-america.com\/site\/principal\/2023\/12\/27\/grupo-mexico-adquiere-el-60-de-dos-companias-de-transporte-maritimo-de-eu\/","og_locale":"es_ES","og_type":"article","og_title":"Grupo M\u00e9xico adquiere el 60% de dos compa\u00f1\u00edas de transporte mar\u00edtimo de EU","og_description":"NOTI-AMERICA.COM | M\u00c9XICO \u2013 Una unidad de Grupo M\u00e9xico adquiri\u00f3 el 60 por ciento de dos empresas que se dedican al transporte mar\u00edtimo de vagones de ferrocarril entre Estados Unidos y M\u00e9xico, dijo este&#46;&#46;&#46;","og_url":"https:\/\/noti-america.com\/site\/principal\/2023\/12\/27\/grupo-mexico-adquiere-el-60-de-dos-companias-de-transporte-maritimo-de-eu\/","og_site_name":"Noti-America.com","article_author":"Mar\u00eda Valentina Noguera","article_published_time":"2023-12-27T17:35:39+00:00","og_image":[{"width":768,"height":479,"url":"https:\/\/noti-america.com\/site\/principal\/wp-content\/uploads\/sites\/26\/2023\/12\/Ferromex.jpeg","type":"image\/jpeg"}],"author":"Maria Valentina Noguera Medina","twitter_card":"summary_large_image","twitter_misc":{"Escrito por":"Maria Valentina Noguera Medina","Tiempo estimado de lectura":"1 minuto"},"schema":{"@context":"https:\/\/schema.org","@graph":[{"@type":"Article","@id":"https:\/\/noti-america.com\/site\/principal\/2023\/12\/27\/grupo-mexico-adquiere-el-60-de-dos-companias-de-transporte-maritimo-de-eu\/#article","isPartOf":{"@id":"https:\/\/noti-america.com\/site\/principal\/2023\/12\/27\/grupo-mexico-adquiere-el-60-de-dos-companias-de-transporte-maritimo-de-eu\/"},"author":{"name":"Maria Valentina Noguera Medina","@id":"https:\/\/noti-america.com\/site\/principal\/#\/schema\/person\/22806efcc2cfc4b45efb0e17be210ea8"},"headline":"Grupo M\u00e9xico adquiere el 60% de dos compa\u00f1\u00edas de transporte mar\u00edtimo de EU","datePublished":"2023-12-27T17:35:39+00:00","mainEntityOfPage":{"@id":"https:\/\/noti-america.com\/site\/principal\/2023\/12\/27\/grupo-mexico-adquiere-el-60-de-dos-companias-de-transporte-maritimo-de-eu\/"},"wordCount":307,"image":{"@id":"https:\/\/noti-america.com\/site\/principal\/2023\/12\/27\/grupo-mexico-adquiere-el-60-de-dos-companias-de-transporte-maritimo-de-eu\/#primaryimage"},"thumbnailUrl":"https:\/\/noti-america.com\/site\/principal\/wp-content\/uploads\/sites\/26\/2023\/12\/Ferromex.jpeg","articleSection":["Actualidad"],"inLanguage":"es"},{"@type":"WebPage","@id":"https:\/\/noti-america.com\/site\/principal\/2023\/12\/27\/grupo-mexico-adquiere-el-60-de-dos-companias-de-transporte-maritimo-de-eu\/","url":"https:\/\/noti-america.com\/site\/principal\/2023\/12\/27\/grupo-mexico-adquiere-el-60-de-dos-companias-de-transporte-maritimo-de-eu\/","name":"Grupo M\u00e9xico adquiere el 60% de dos compa\u00f1\u00edas de transporte mar\u00edtimo de EU - Noti-America.com","isPartOf":{"@id":"https:\/\/noti-america.com\/site\/principal\/#website"},"primaryImageOfPage":{"@id":"https:\/\/noti-america.com\/site\/principal\/2023\/12\/27\/grupo-mexico-adquiere-el-60-de-dos-companias-de-transporte-maritimo-de-eu\/#primaryimage"},"image":{"@id":"https:\/\/noti-america.com\/site\/principal\/2023\/12\/27\/grupo-mexico-adquiere-el-60-de-dos-companias-de-transporte-maritimo-de-eu\/#primaryimage"},"thumbnailUrl":"https:\/\/noti-america.com\/site\/principal\/wp-content\/uploads\/sites\/26\/2023\/12\/Ferromex.jpeg","datePublished":"2023-12-27T17:35:39+00:00","author":{"@id":"https:\/\/noti-america.com\/site\/principal\/#\/schema\/person\/22806efcc2cfc4b45efb0e17be210ea8"},"breadcrumb":{"@id":"https:\/\/noti-america.com\/site\/principal\/2023\/12\/27\/grupo-mexico-adquiere-el-60-de-dos-companias-de-transporte-maritimo-de-eu\/#breadcrumb"},"inLanguage":"es","potentialAction":[{"@type":"ReadAction","target":["https:\/\/noti-america.com\/site\/principal\/2023\/12\/27\/grupo-mexico-adquiere-el-60-de-dos-companias-de-transporte-maritimo-de-eu\/"]}]},{"@type":"ImageObject","inLanguage":"es","@id":"https:\/\/noti-america.com\/site\/principal\/2023\/12\/27\/grupo-mexico-adquiere-el-60-de-dos-companias-de-transporte-maritimo-de-eu\/#primaryimage","url":"https:\/\/noti-america.com\/site\/principal\/wp-content\/uploads\/sites\/26\/2023\/12\/Ferromex.jpeg","contentUrl":"https:\/\/noti-america.com\/site\/principal\/wp-content\/uploads\/sites\/26\/2023\/12\/Ferromex.jpeg","width":768,"height":479},{"@type":"BreadcrumbList","@id":"https:\/\/noti-america.com\/site\/principal\/2023\/12\/27\/grupo-mexico-adquiere-el-60-de-dos-companias-de-transporte-maritimo-de-eu\/#breadcrumb","itemListElement":[{"@type":"ListItem","position":1,"name":"Portada","item":"https:\/\/noti-america.com\/site\/principal\/"},{"@type":"ListItem","position":2,"name":"Grupo M\u00e9xico adquiere el 60% de dos compa\u00f1\u00edas de transporte mar\u00edtimo de EU"}]},{"@type":"WebSite","@id":"https:\/\/noti-america.com\/site\/principal\/#website","url":"https:\/\/noti-america.com\/site\/principal\/","name":"Noti-America.com","description":"El Noticiero Digital M\u00e1s Grande de Am\u00e9rica","potentialAction":[{"@type":"SearchAction","target":{"@type":"EntryPoint","urlTemplate":"https:\/\/noti-america.com\/site\/principal\/?s={search_term_string}"},"query-input":{"@type":"PropertyValueSpecification","valueRequired":true,"valueName":"search_term_string"}}],"inLanguage":"es"},{"@type":"Person","@id":"https:\/\/noti-america.com\/site\/principal\/#\/schema\/person\/22806efcc2cfc4b45efb0e17be210ea8","name":"Maria Valentina Noguera Medina","image":{"@type":"ImageObject","inLanguage":"es","@id":"https:\/\/secure.gravatar.com\/avatar\/4ec5eb9d099f2608a49c9df6f7341f66f04f819cdffa09d56a7a0e91d2819d56?s=96&d=mm&r=g","url":"https:\/\/secure.gravatar.com\/avatar\/4ec5eb9d099f2608a49c9df6f7341f66f04f819cdffa09d56a7a0e91d2819d56?s=96&d=mm&r=g","contentUrl":"https:\/\/secure.gravatar.com\/avatar\/4ec5eb9d099f2608a49c9df6f7341f66f04f819cdffa09d56a7a0e91d2819d56?s=96&d=mm&r=g","caption":"Maria Valentina Noguera Medina"},"description":"Periodista - noti-america - Promar Community Manager - Talento Plus Dise\u00f1adora\/ creadora de contenido...","sameAs":["Mar\u00eda Valentina Noguera","https:\/\/www.facebook.com\/mariavalentina.noguera","https:\/\/www.linkedin.com\/in\/mara-valentina-noguera-medina-373075165\/","https:\/\/www.pinterest.es\/valentinanoguera95\/","https:\/\/www.youtube.com\/channel\/UCdek6mbUZ-Tqqw0I63i4nmQ"],"url":"https:\/\/noti-america.com\/site\/principal\/author\/mnoguera\/"}]}},"_links":{"self":[{"href":"https:\/\/noti-america.com\/site\/principal\/wp-json\/wp\/v2\/posts\/36237","targetHints":{"allow":["GET"]}}],"collection":[{"href":"https:\/\/noti-america.com\/site\/principal\/wp-json\/wp\/v2\/posts"}],"about":[{"href":"https:\/\/noti-america.com\/site\/principal\/wp-json\/wp\/v2\/types\/post"}],"author":[{"embeddable":true,"href":"https:\/\/noti-america.com\/site\/principal\/wp-json\/wp\/v2\/users\/133"}],"replies":[{"embeddable":true,"href":"https:\/\/noti-america.com\/site\/principal\/wp-json\/wp\/v2\/comments?post=36237"}],"version-history":[{"count":1,"href":"https:\/\/noti-america.com\/site\/principal\/wp-json\/wp\/v2\/posts\/36237\/revisions"}],"predecessor-version":[{"id":36246,"href":"https:\/\/noti-america.com\/site\/principal\/wp-json\/wp\/v2\/posts\/36237\/revisions\/36246"}],"wp:featuredmedia":[{"embeddable":true,"href":"https:\/\/noti-america.com\/site\/principal\/wp-json\/wp\/v2\/media\/36238"}],"wp:attachment":[{"href":"https:\/\/noti-america.com\/site\/principal\/wp-json\/wp\/v2\/media?parent=36237"}],"wp:term":[{"taxonomy":"category","embeddable":true,"href":"https:\/\/noti-america.com\/site\/principal\/wp-json\/wp\/v2\/categories?post=36237"},{"taxonomy":"post_tag","embeddable":true,"href":"https:\/\/noti-america.com\/site\/principal\/wp-json\/wp\/v2\/tags?post=36237"}],"curies":[{"name":"wp","href":"https:\/\/api.w.org\/{rel}","templated":true}]}}