{"id":35901,"date":"2023-12-19T04:25:21","date_gmt":"2023-12-19T08:25:21","guid":{"rendered":"https:\/\/noti-america.com\/site\/principal\/?p=35901"},"modified":"2023-12-19T22:11:57","modified_gmt":"2023-12-20T02:11:57","slug":"los-migrantes-que-cruzan-el-darien-en-busca-de-una-vida-mejor-son-presa-de-los-traficantes-de-personas-onu","status":"publish","type":"post","link":"https:\/\/noti-america.com\/site\/principal\/2023\/12\/19\/los-migrantes-que-cruzan-el-darien-en-busca-de-una-vida-mejor-son-presa-de-los-traficantes-de-personas-onu\/","title":{"rendered":"Los migrantes que cruzan el Dari\u00e9n en busca de una vida mejor son presa de los traficantes de personas: ONU"},"content":{"rendered":"<p><span style=\"color: #000000\"><strong>REDACCI\u00d3N NOTI-AM\u00c9RICA (ECUADOR)<\/strong><\/span><\/p>\n<p style=\"text-align: justify\"><span style=\"color: #000000\"><em><strong><span lang=\"es-419\" xml:lang=\"es-419\">M\u00e1s de 500.000 migrantes han cruzado la selva \u00a0del Dari\u00e9n este a\u00f1o, la cifra anual m\u00e1s alta registrada hasta la fecha. Esas personas arriesgan la vida frente a los elementos naturales y, adem\u00e1s, son presa de los traficantes que lucran aprovechando la necesidad de la gente de buscar una vida mejor en pa\u00edses diferentes al propio.<\/span><\/strong><\/em><\/span><\/p>\n<section class=\"region region-before-content\">\n<div id=\"block-views-block-story-photo-block-image\" class=\"views-element-container block block-views block-views-block-story-photo-block-image\">\n<div class=\"block-content block__content\">\n<div class=\"view view-story-photo view-id-story_photo view-display-id-block_image js-view-dom-id-5a95d2496ec31b14faba0087c77d6879037cd67857275e73d55e471fa9f10d6f\">\n<div class=\"view-content\">\n<div class=\"views-row\">\n<div class=\"node node--type-news-story node--view-mode-top-image clearfix container\">\n<div class=\"story-media\">\n<div class=\"media-image\">\n<div class=\"field field--name-field-news-story-photo field--type-entity-reference field--label-hidden field__item\">\n<div style=\"width: 1180px\" class=\"wp-caption alignnone\"><img loading=\"lazy\" decoding=\"async\" title=\"Los migrantes cruzan el r\u00edo Chucunaque en la selva del Dari\u00e9n.\" src=\"https:\/\/global.unitednations.entermediadb.net\/assets\/mediadb\/services\/module\/asset\/downloads\/preset\/Collections\/Embargoed\/05-10-2023-IOM-Darien-Etzaida-01.jpg\/image1170x530cropped.jpg\" alt=\"Los migrantes cruzan el r\u00edo Chucunaque en la selva del Dari\u00e9n.\" width=\"1170\" height=\"530\" \/><p class=\"wp-caption-text\">\u00a9 OIM\/Gema Cort\u00e9s. Los migrantes cruzan el r\u00edo Chucunaque en la selva del Dari\u00e9n.<\/p><\/div>\n<\/div>\n<\/div>\n<\/div>\n<\/div>\n<\/div>\n<\/div>\n<\/div>\n<\/div>\n<\/div>\n<\/section>\n<div id=\"main-wrapper\" class=\"layout-main-wrapper clearfix\">\n<div id=\"main-container\" class=\"container layout-main-container\">\n<div class=\"row row-offcanvas row-offcanvas-left clearfix\">\n<section class=\"section\">\n<div id=\"block-views-block-content-fields-block-body\" class=\"views-element-container block block-views block-views-block-content-fields-block-body\">\n<div class=\"block-content block__content\">\n<div class=\"view view-content-fields view-id-content_fields view-display-id-block_body js-view-dom-id-922cb12b929f05d3ce176ebce7dedf3ab1dd4b089aefc10efbb2bf88b91a0de1\">\n<div class=\"view-content\">\n<div class=\"views-row\">\n<div class=\"views-field views-field-field-news-story\">\n<div class=\"field-content\">\n<div class=\"paragraph paragraph--type--one-column-text paragraph--view-mode--default\">\n<div class=\"_none\">\n<div class=\"w-100\">\n<div class=\"layout row layout-builder__layout\">\n<div class=\"col-12\">\n<div class=\"_none block block-layout-builder block-field-block-paragraph-one-column-text-field-text-column\">\n<div class=\"block-content block__content\">\n<div class=\"clearfix text-formatted field field--name-field-text-column field--type-text-long field--label-hidden field__item\">\n<p style=\"text-align: justify\">Aura, una abuela colombiana, acaba de cruzar una de las rutas m\u00e1s peligrosas de Am\u00e9rica: el Tap\u00f3n del Dari\u00e9n. El Tap\u00f3n es una densa selva tropical que cubre m\u00e1s de 575.000 hect\u00e1reas y une a Panam\u00e1 y Colombia.<\/p>\n<p style=\"text-align: justify\">\u00abEs un camino muy peligroso. Muchos no lo consiguieron, familias enteras murieron por el camino\u00bb lamenta Aura.<\/p>\n<p style=\"text-align: justify\"><span style=\"color: #000000\"><strong>Una oleada sin precedentes<\/strong><\/span><\/p>\n<p style=\"text-align: justify\">S\u00f3lo en 2023,\u00a0<strong>m\u00e1s de 500.000 migrantes han cruzado el Paso del Dari\u00e9n<\/strong>, la cifra anual m\u00e1s alta registrada hasta la fecha.<\/p>\n<p style=\"text-align: justify\">\u00abEl n\u00famero de migrantes en 2023 no tiene precedentes;\u00a0<strong>nunca antes se hab\u00eda visto aqu\u00ed<\/strong>\u00bb afirma el comisario Reinel Serrano, del Servicio Nacional de Fronteras de Panam\u00e1, que coordina la vigilancia de las fronteras con Colombia y Costa Rica.<\/p>\n<p style=\"text-align: justify\">\u00abLa mayor\u00eda de los migrantes proceden de Venezuela, Ecuador y Hait\u00ed, pero tambi\u00e9n de China\u00bb, se\u00f1ala. \u00abHay personas de un centenar de nacionalidades diferentes procedentes de distintos continentes.<\/p>\n<p style=\"text-align: justify\">\u00abLa mayor\u00eda son hombres j\u00f3venes que viajan solos, pero tambi\u00e9n hay familias enteras.\u00a0<strong>M\u00e1s de 110.000 migrantes son menores de edad<\/strong>\u00ab, a\u00f1ade Serrano.<\/p>\n<p style=\"text-align: justify\"><span style=\"color: #000000\"><strong>\u00abSomos guerreros persiguiendo nuestros sue\u00f1os\u00bb<\/strong><\/span><\/p>\n<p style=\"text-align: justify\">Aura sali\u00f3 de su ciudad natal con su hijo, su nuera y sus dos nietos con el objetivo de llegar a los Estados Unidos, donde cree que pueden tener una vida mejor.<\/p>\n<p style=\"text-align: justify\">\u00ab<strong>Tardamos siete d\u00edas en cruzar la selva<\/strong>. Pens\u00e9 que no lo conseguir\u00eda\u00bb, dice Aura con l\u00e1grimas en los ojos.<\/p>\n<p style=\"text-align: justify\">\u00abMe ca\u00ed cuando baj\u00e1bamos una monta\u00f1a con una cuerda\u00bb, explica. \u00abTen\u00eda fiebre; ten\u00eda el pie muy hinchado y negro. Mi hijo tuvo que cargarme durante tres d\u00edas e incluso tuve que gatear, pero lo conseguimos\u00bb.<\/p>\n<p style=\"text-align: justify\">\u00abSomos guerreros persiguiendo nuestros sue\u00f1os\u00bb, dice Aura con orgullo.<\/p>\n<p style=\"text-align: justify\">Hay bolsas de pl\u00e1stico azules esparcidas por la selva, que ayudan a guiar a los migrantes por el camino correcto. Pero tambi\u00e9n se pueden encontrar bolsas de pl\u00e1stico rojas esparcidas entre la vegetaci\u00f3n, que indican el camino equivocado y el peligro.<\/p>\n<p style=\"text-align: justify\">Algunos migrantes creen que las bolsas han sido colocadas por otros migrantes para advertirles; otros creen que se trata de un servicio de los traficantes.<\/p>\n<p style=\"text-align: justify\"><span style=\"color: #000000\"><strong>\u00bfQui\u00e9nes son los traficantes de migrantes?<\/strong><\/span><\/p>\n<p style=\"text-align: justify\">Los traficantes de migrantes son personas que se aprovechan de los migrantes, explotando su desesperaci\u00f3n por pasar al otro lado a cambio de una tarifa.<\/p>\n<p style=\"text-align: justify\">\u00abLos traficantes utilizan las redes sociales para promocionar y atraer a los migrantes y conseguir que entren en la jungla como algo atractivo, r\u00e1pido y seguro\u00bb, dice el comisario Serrano.<\/p>\n<p style=\"text-align: justify\">\u00ab<strong>Les mienten dici\u00e9ndoles que en un d\u00eda estar\u00e1n al otro lado, cuando en realidad tardan entre tres y quince d\u00edas<\/strong>\u00ab, a\u00f1ade.<\/p>\n<p style=\"text-align: justify\">Los contrabandistas cobran entre 180 y 330 d\u00f3lares por persona para dejarles entrar en la selva.<\/p>\n<p style=\"text-align: justify\">\u00abLes ponen un brazalete y les dicen que si no pagan su vida corre peligro\u00bb, explica Serrano.<\/p>\n<p style=\"text-align: justify\"><span style=\"color: #000000\"><strong>Un precio muy alto<\/strong><\/span><\/p>\n<p style=\"text-align: justify\">Durante su viaje, los migrantes\u00a0<strong>suelen sufrir violaciones, secuestros y otros tipos de violencia y abusos, a veces incluso la muerte<\/strong>, a manos de los traficantes. Sin embargo, a pesar de la atenci\u00f3n y la acci\u00f3n, las actividades de tr\u00e1fico il\u00edcito contin\u00faan en todo el mundo. Los que est\u00e1n detr\u00e1s de este negocio altamente rentable, cuyo valor se estima entre\u00a0<strong>5000 y 7000 millones de d\u00f3lares<\/strong>, aprovechan la oportunidad creada por la necesidad o el deseo de la gente de escapar no s\u00f3lo de la pobreza y la falta de empleo, sino tambi\u00e9n de desastres naturales, conflictos o persecuciones.<\/p>\n<p style=\"text-align: justify\">La Oficina de las Naciones Unidas contra la Droga y el Delito (<a href=\"http:\/\/www.unodc.org\/unodc\/es\/index.html\" target=\"_blank\" rel=\"noopener noreferrer\">UNODC<\/a>) lucha contra el tr\u00e1fico il\u00edcito de migrantes, definido como un delito global y generalizado que implica el asesoramiento para la entrada irregular en un pa\u00eds del que el migrante no es nacional o residente. Esto a cambio de beneficios monetarios o materiales.<\/p>\n<p style=\"text-align: justify\">Gracias a los servicios que presta la UNODC, las autoridades est\u00e1n mejor equipadas para prevenir el contrabando de migrantes, enjuiciar a sus autores y ayudar a los migrantes. Nuestros expertos apoyan las investigaciones transnacionales de las redes de tr\u00e1fico il\u00edcito y la localizaci\u00f3n e incautaci\u00f3n de las ganancias de este delito.<\/p>\n<p style=\"text-align: justify\"><span style=\"color: #000000\"><strong>No es una ruta migratoria, es una selva peligrosa<\/strong><\/span><\/p>\n<p style=\"text-align: justify\">Dari\u00e9n es un parque nacional y Patrimonio de la Humanidad protegido por la Organizaci\u00f3n de las Naciones Unidas para\u00a0<a href=\"https:\/\/www.unesco.org\/es\" target=\"_blank\" rel=\"noopener noreferrer\">la Educaci\u00f3n, la Ciencia y la Cultura<\/a>\u00a0(UNESCO).<\/p>\n<p style=\"text-align: justify\">Contiene una excepcional variedad de h\u00e1bitats: playas arenosas, costas rocosas, manglares pantanos y bosques tropicales de tierras bajas y altas con una extensa vida silvestre. El parque tambi\u00e9n es hogar de dos tribus ind\u00edgenas.<\/p>\n<p style=\"text-align: justify\">Sin embargo,\u00a0<strong>la diversidad biol\u00f3gica del parque, su tama\u00f1o y su lejan\u00eda hacen que sea muy dif\u00edcil atravesarlo a pie<\/strong>.<\/p>\n<p style=\"text-align: justify\">\u00abLos migrantes tienen que cruzar todos estos peligros naturales arriesgando sus vidas\u00bb, dice el comisario Serrano.<\/p>\n<p style=\"text-align: justify\">Aura da fe del peligro que se corre en el parque. \u00ab<strong>Nos enfrentamos a altas temperaturas, animales salvajes y mucha agua en el r\u00edo<\/strong>\u00ab, dice. \u00abYo no volver\u00eda a hacerlo\u00bb.<\/p>\n<p style=\"text-align: justify\">\u00abAhora, viajaremos en autob\u00fas a Costa Rica para continuar nuestro viaje, encontrar un trabajo decente y dar a nuestros hijos un futuro mejor\u00bb, concluye Aura.<\/p>\n<p style=\"text-align: justify\">La UNODC trabaja para combatir el tr\u00e1fico il\u00edcito de migrantes y proteger la vida y los derechos de los migrantes en las rutas que conducen a Am\u00e9rica del Norte y atraviesan varios pa\u00edses de Asia Meridional, Oriente Medio, \u00c1frica y Am\u00e9rica Latina y el Caribe en una iniciativa financiada por el gobierno de Canad\u00e1.<\/p>\n<\/div>\n<\/div>\n<\/div>\n<\/div>\n<\/div>\n<\/div>\n<\/div>\n<\/div>\n<\/div>\n<\/div>\n<\/div>\n<\/div>\n<\/div>\n<\/div>\n<\/div>\n<\/section>\n<\/div>\n<\/div>\n<\/div>\n","protected":false},"excerpt":{"rendered":"<p>REDACCI\u00d3N NOTI-AM\u00c9RICA (ECUADOR) M\u00e1s de 500.000 migrantes han cruzado la selva \u00a0del Dari\u00e9n este a\u00f1o, la cifra anual m\u00e1s alta registrada hasta la fecha. Esas personas arriesgan la vida frente a los elementos naturales&#46;&#46;&#46;<\/p>\n","protected":false},"author":17,"featured_media":36012,"comment_status":"closed","ping_status":"open","sticky":false,"template":"","format":"standard","meta":{"_acf_changed":false,"rop_custom_images_group":[],"rop_custom_messages_group":[],"rop_publish_now":"initial","rop_publish_now_accounts":{"facebook_10219548024599422_1632221337088128":"","twitter_242054905_242054905":""},"rop_publish_now_history":[],"rop_publish_now_status":"pending","footnotes":""},"categories":[2054],"tags":[],"class_list":["post-35901","post","type-post","status-publish","format-standard","has-post-thumbnail","hentry","category-migrantes-y-refugiados"],"acf":[],"yoast_head":"<!-- This site is optimized with the Yoast SEO Premium plugin v24.9 (Yoast SEO v27.2) - https:\/\/yoast.com\/product\/yoast-seo-premium-wordpress\/ -->\n<title>Los migrantes que cruzan el Dari\u00e9n en busca de una vida mejor son presa de los traficantes de personas: ONU - Noti-America.com<\/title>\n<meta name=\"robots\" content=\"index, follow, max-snippet:-1, max-image-preview:large, max-video-preview:-1\" \/>\n<link rel=\"canonical\" href=\"https:\/\/noti-america.com\/site\/principal\/2023\/12\/19\/los-migrantes-que-cruzan-el-darien-en-busca-de-una-vida-mejor-son-presa-de-los-traficantes-de-personas-onu\/\" \/>\n<meta property=\"og:locale\" content=\"es_ES\" \/>\n<meta property=\"og:type\" content=\"article\" \/>\n<meta property=\"og:title\" content=\"Los migrantes que cruzan el Dari\u00e9n en busca de una vida mejor son presa de los traficantes de personas: ONU\" \/>\n<meta property=\"og:description\" content=\"REDACCI\u00d3N NOTI-AM\u00c9RICA (ECUADOR) M\u00e1s de 500.000 migrantes han cruzado la selva \u00a0del Dari\u00e9n este a\u00f1o, la cifra anual m\u00e1s alta registrada hasta la fecha. Esas personas arriesgan la vida frente a los elementos naturales&#046;&#046;&#046;\" \/>\n<meta property=\"og:url\" content=\"https:\/\/noti-america.com\/site\/principal\/2023\/12\/19\/los-migrantes-que-cruzan-el-darien-en-busca-de-una-vida-mejor-son-presa-de-los-traficantes-de-personas-onu\/\" \/>\n<meta property=\"og:site_name\" content=\"Noti-America.com\" \/>\n<meta property=\"article:published_time\" content=\"2023-12-19T08:25:21+00:00\" \/>\n<meta property=\"article:modified_time\" content=\"2023-12-20T02:11:57+00:00\" \/>\n<meta property=\"og:image\" content=\"https:\/\/noti-america.com\/site\/principal\/wp-content\/uploads\/sites\/26\/2023\/12\/-OIM-Gema-Cortes.jpg\" \/>\n\t<meta property=\"og:image:width\" content=\"1170\" \/>\n\t<meta property=\"og:image:height\" content=\"530\" \/>\n\t<meta property=\"og:image:type\" content=\"image\/jpeg\" \/>\n<meta name=\"author\" content=\"Gregory Quintana Montiel\" \/>\n<meta name=\"twitter:card\" content=\"summary_large_image\" \/>\n<meta name=\"twitter:creator\" content=\"@gdgregori1\" \/>\n<meta name=\"twitter:label1\" content=\"Escrito por\" \/>\n\t<meta name=\"twitter:data1\" content=\"Gregory Quintana Montiel\" \/>\n\t<meta name=\"twitter:label2\" content=\"Tiempo estimado de lectura\" \/>\n\t<meta name=\"twitter:data2\" content=\"5 minutos\" \/>\n<script type=\"application\/ld+json\" class=\"yoast-schema-graph\">{\"@context\":\"https:\/\/schema.org\",\"@graph\":[{\"@type\":\"Article\",\"@id\":\"https:\/\/noti-america.com\/site\/principal\/2023\/12\/19\/los-migrantes-que-cruzan-el-darien-en-busca-de-una-vida-mejor-son-presa-de-los-traficantes-de-personas-onu\/#article\",\"isPartOf\":{\"@id\":\"https:\/\/noti-america.com\/site\/principal\/2023\/12\/19\/los-migrantes-que-cruzan-el-darien-en-busca-de-una-vida-mejor-son-presa-de-los-traficantes-de-personas-onu\/\"},\"author\":{\"name\":\"Gregory Quintana Montiel\",\"@id\":\"https:\/\/noti-america.com\/site\/principal\/#\/schema\/person\/3b975e42f15abfe64bfe3abdd916efda\"},\"headline\":\"Los migrantes que cruzan el Dari\u00e9n en busca de una vida mejor son presa de los traficantes de personas: ONU\",\"datePublished\":\"2023-12-19T08:25:21+00:00\",\"dateModified\":\"2023-12-20T02:11:57+00:00\",\"mainEntityOfPage\":{\"@id\":\"https:\/\/noti-america.com\/site\/principal\/2023\/12\/19\/los-migrantes-que-cruzan-el-darien-en-busca-de-una-vida-mejor-son-presa-de-los-traficantes-de-personas-onu\/\"},\"wordCount\":1057,\"image\":{\"@id\":\"https:\/\/noti-america.com\/site\/principal\/2023\/12\/19\/los-migrantes-que-cruzan-el-darien-en-busca-de-una-vida-mejor-son-presa-de-los-traficantes-de-personas-onu\/#primaryimage\"},\"thumbnailUrl\":\"https:\/\/noti-america.com\/site\/principal\/wp-content\/uploads\/sites\/26\/2023\/12\/-OIM-Gema-Cortes.jpg\",\"articleSection\":[\"Migrantes y Refugiados\"],\"inLanguage\":\"es\"},{\"@type\":\"WebPage\",\"@id\":\"https:\/\/noti-america.com\/site\/principal\/2023\/12\/19\/los-migrantes-que-cruzan-el-darien-en-busca-de-una-vida-mejor-son-presa-de-los-traficantes-de-personas-onu\/\",\"url\":\"https:\/\/noti-america.com\/site\/principal\/2023\/12\/19\/los-migrantes-que-cruzan-el-darien-en-busca-de-una-vida-mejor-son-presa-de-los-traficantes-de-personas-onu\/\",\"name\":\"Los migrantes que cruzan el Dari\u00e9n en busca de una vida mejor son presa de los traficantes de personas: ONU - Noti-America.com\",\"isPartOf\":{\"@id\":\"https:\/\/noti-america.com\/site\/principal\/#website\"},\"primaryImageOfPage\":{\"@id\":\"https:\/\/noti-america.com\/site\/principal\/2023\/12\/19\/los-migrantes-que-cruzan-el-darien-en-busca-de-una-vida-mejor-son-presa-de-los-traficantes-de-personas-onu\/#primaryimage\"},\"image\":{\"@id\":\"https:\/\/noti-america.com\/site\/principal\/2023\/12\/19\/los-migrantes-que-cruzan-el-darien-en-busca-de-una-vida-mejor-son-presa-de-los-traficantes-de-personas-onu\/#primaryimage\"},\"thumbnailUrl\":\"https:\/\/noti-america.com\/site\/principal\/wp-content\/uploads\/sites\/26\/2023\/12\/-OIM-Gema-Cortes.jpg\",\"datePublished\":\"2023-12-19T08:25:21+00:00\",\"dateModified\":\"2023-12-20T02:11:57+00:00\",\"author\":{\"@id\":\"https:\/\/noti-america.com\/site\/principal\/#\/schema\/person\/3b975e42f15abfe64bfe3abdd916efda\"},\"breadcrumb\":{\"@id\":\"https:\/\/noti-america.com\/site\/principal\/2023\/12\/19\/los-migrantes-que-cruzan-el-darien-en-busca-de-una-vida-mejor-son-presa-de-los-traficantes-de-personas-onu\/#breadcrumb\"},\"inLanguage\":\"es\",\"potentialAction\":[{\"@type\":\"ReadAction\",\"target\":[\"https:\/\/noti-america.com\/site\/principal\/2023\/12\/19\/los-migrantes-que-cruzan-el-darien-en-busca-de-una-vida-mejor-son-presa-de-los-traficantes-de-personas-onu\/\"]}]},{\"@type\":\"ImageObject\",\"inLanguage\":\"es\",\"@id\":\"https:\/\/noti-america.com\/site\/principal\/2023\/12\/19\/los-migrantes-que-cruzan-el-darien-en-busca-de-una-vida-mejor-son-presa-de-los-traficantes-de-personas-onu\/#primaryimage\",\"url\":\"https:\/\/noti-america.com\/site\/principal\/wp-content\/uploads\/sites\/26\/2023\/12\/-OIM-Gema-Cortes.jpg\",\"contentUrl\":\"https:\/\/noti-america.com\/site\/principal\/wp-content\/uploads\/sites\/26\/2023\/12\/-OIM-Gema-Cortes.jpg\",\"width\":1170,\"height\":530},{\"@type\":\"BreadcrumbList\",\"@id\":\"https:\/\/noti-america.com\/site\/principal\/2023\/12\/19\/los-migrantes-que-cruzan-el-darien-en-busca-de-una-vida-mejor-son-presa-de-los-traficantes-de-personas-onu\/#breadcrumb\",\"itemListElement\":[{\"@type\":\"ListItem\",\"position\":1,\"name\":\"Portada\",\"item\":\"https:\/\/noti-america.com\/site\/principal\/\"},{\"@type\":\"ListItem\",\"position\":2,\"name\":\"Los migrantes que cruzan el Dari\u00e9n en busca de una vida mejor son presa de los traficantes de personas: ONU\"}]},{\"@type\":\"WebSite\",\"@id\":\"https:\/\/noti-america.com\/site\/principal\/#website\",\"url\":\"https:\/\/noti-america.com\/site\/principal\/\",\"name\":\"Noti-America.com\",\"description\":\"El Noticiero Digital M\u00e1s Grande de Am\u00e9rica\",\"potentialAction\":[{\"@type\":\"SearchAction\",\"target\":{\"@type\":\"EntryPoint\",\"urlTemplate\":\"https:\/\/noti-america.com\/site\/principal\/?s={search_term_string}\"},\"query-input\":{\"@type\":\"PropertyValueSpecification\",\"valueRequired\":true,\"valueName\":\"search_term_string\"}}],\"inLanguage\":\"es\"},{\"@type\":\"Person\",\"@id\":\"https:\/\/noti-america.com\/site\/principal\/#\/schema\/person\/3b975e42f15abfe64bfe3abdd916efda\",\"name\":\"Gregory Quintana Montiel\",\"image\":{\"@type\":\"ImageObject\",\"inLanguage\":\"es\",\"@id\":\"https:\/\/secure.gravatar.com\/avatar\/2d6b802f7720c2ec7744dcbe608cc2f3417aeb964d58b443c6d612b77531de1d?s=96&d=mm&r=g\",\"url\":\"https:\/\/secure.gravatar.com\/avatar\/2d6b802f7720c2ec7744dcbe608cc2f3417aeb964d58b443c6d612b77531de1d?s=96&d=mm&r=g\",\"contentUrl\":\"https:\/\/secure.gravatar.com\/avatar\/2d6b802f7720c2ec7744dcbe608cc2f3417aeb964d58b443c6d612b77531de1d?s=96&d=mm&r=g\",\"caption\":\"Gregory Quintana Montiel\"},\"description\":\"Licenciatura en Ciencias de la Comunicaci\u00f3n Social, egresado en la Especializaci\u00f3n Derecho Ambiental Desarrollo Sostenible y Sustentable, Miembro de la Comunidad de profesionales y experto para Latinoam\u00e9rica y el Caribe en Gesti\u00f3n por Resultado en el Desarrollo (COPLAC - GpRD) del Banco Interamericano de Desarrollo, experiencia en medios radiales y escritos.\",\"sameAs\":[\"https:\/\/x.com\/gdgregori1\",\"gquintana\"],\"url\":\"https:\/\/noti-america.com\/site\/principal\/author\/gquintana\/\"}]}<\/script>\n<!-- \/ Yoast SEO Premium plugin. -->","yoast_head_json":{"title":"Los migrantes que cruzan el Dari\u00e9n en busca de una vida mejor son presa de los traficantes de personas: ONU - Noti-America.com","robots":{"index":"index","follow":"follow","max-snippet":"max-snippet:-1","max-image-preview":"max-image-preview:large","max-video-preview":"max-video-preview:-1"},"canonical":"https:\/\/noti-america.com\/site\/principal\/2023\/12\/19\/los-migrantes-que-cruzan-el-darien-en-busca-de-una-vida-mejor-son-presa-de-los-traficantes-de-personas-onu\/","og_locale":"es_ES","og_type":"article","og_title":"Los migrantes que cruzan el Dari\u00e9n en busca de una vida mejor son presa de los traficantes de personas: ONU","og_description":"REDACCI\u00d3N NOTI-AM\u00c9RICA (ECUADOR) M\u00e1s de 500.000 migrantes han cruzado la selva \u00a0del Dari\u00e9n este a\u00f1o, la cifra anual m\u00e1s alta registrada hasta la fecha. Esas personas arriesgan la vida frente a los elementos naturales&#46;&#46;&#46;","og_url":"https:\/\/noti-america.com\/site\/principal\/2023\/12\/19\/los-migrantes-que-cruzan-el-darien-en-busca-de-una-vida-mejor-son-presa-de-los-traficantes-de-personas-onu\/","og_site_name":"Noti-America.com","article_published_time":"2023-12-19T08:25:21+00:00","article_modified_time":"2023-12-20T02:11:57+00:00","og_image":[{"width":1170,"height":530,"url":"https:\/\/noti-america.com\/site\/principal\/wp-content\/uploads\/sites\/26\/2023\/12\/-OIM-Gema-Cortes.jpg","type":"image\/jpeg"}],"author":"Gregory Quintana Montiel","twitter_card":"summary_large_image","twitter_creator":"@gdgregori1","twitter_misc":{"Escrito por":"Gregory Quintana Montiel","Tiempo estimado de lectura":"5 minutos"},"schema":{"@context":"https:\/\/schema.org","@graph":[{"@type":"Article","@id":"https:\/\/noti-america.com\/site\/principal\/2023\/12\/19\/los-migrantes-que-cruzan-el-darien-en-busca-de-una-vida-mejor-son-presa-de-los-traficantes-de-personas-onu\/#article","isPartOf":{"@id":"https:\/\/noti-america.com\/site\/principal\/2023\/12\/19\/los-migrantes-que-cruzan-el-darien-en-busca-de-una-vida-mejor-son-presa-de-los-traficantes-de-personas-onu\/"},"author":{"name":"Gregory Quintana Montiel","@id":"https:\/\/noti-america.com\/site\/principal\/#\/schema\/person\/3b975e42f15abfe64bfe3abdd916efda"},"headline":"Los migrantes que cruzan el Dari\u00e9n en busca de una vida mejor son presa de los traficantes de personas: ONU","datePublished":"2023-12-19T08:25:21+00:00","dateModified":"2023-12-20T02:11:57+00:00","mainEntityOfPage":{"@id":"https:\/\/noti-america.com\/site\/principal\/2023\/12\/19\/los-migrantes-que-cruzan-el-darien-en-busca-de-una-vida-mejor-son-presa-de-los-traficantes-de-personas-onu\/"},"wordCount":1057,"image":{"@id":"https:\/\/noti-america.com\/site\/principal\/2023\/12\/19\/los-migrantes-que-cruzan-el-darien-en-busca-de-una-vida-mejor-son-presa-de-los-traficantes-de-personas-onu\/#primaryimage"},"thumbnailUrl":"https:\/\/noti-america.com\/site\/principal\/wp-content\/uploads\/sites\/26\/2023\/12\/-OIM-Gema-Cortes.jpg","articleSection":["Migrantes y Refugiados"],"inLanguage":"es"},{"@type":"WebPage","@id":"https:\/\/noti-america.com\/site\/principal\/2023\/12\/19\/los-migrantes-que-cruzan-el-darien-en-busca-de-una-vida-mejor-son-presa-de-los-traficantes-de-personas-onu\/","url":"https:\/\/noti-america.com\/site\/principal\/2023\/12\/19\/los-migrantes-que-cruzan-el-darien-en-busca-de-una-vida-mejor-son-presa-de-los-traficantes-de-personas-onu\/","name":"Los migrantes que cruzan el Dari\u00e9n en busca de una vida mejor son presa de los traficantes de personas: ONU - Noti-America.com","isPartOf":{"@id":"https:\/\/noti-america.com\/site\/principal\/#website"},"primaryImageOfPage":{"@id":"https:\/\/noti-america.com\/site\/principal\/2023\/12\/19\/los-migrantes-que-cruzan-el-darien-en-busca-de-una-vida-mejor-son-presa-de-los-traficantes-de-personas-onu\/#primaryimage"},"image":{"@id":"https:\/\/noti-america.com\/site\/principal\/2023\/12\/19\/los-migrantes-que-cruzan-el-darien-en-busca-de-una-vida-mejor-son-presa-de-los-traficantes-de-personas-onu\/#primaryimage"},"thumbnailUrl":"https:\/\/noti-america.com\/site\/principal\/wp-content\/uploads\/sites\/26\/2023\/12\/-OIM-Gema-Cortes.jpg","datePublished":"2023-12-19T08:25:21+00:00","dateModified":"2023-12-20T02:11:57+00:00","author":{"@id":"https:\/\/noti-america.com\/site\/principal\/#\/schema\/person\/3b975e42f15abfe64bfe3abdd916efda"},"breadcrumb":{"@id":"https:\/\/noti-america.com\/site\/principal\/2023\/12\/19\/los-migrantes-que-cruzan-el-darien-en-busca-de-una-vida-mejor-son-presa-de-los-traficantes-de-personas-onu\/#breadcrumb"},"inLanguage":"es","potentialAction":[{"@type":"ReadAction","target":["https:\/\/noti-america.com\/site\/principal\/2023\/12\/19\/los-migrantes-que-cruzan-el-darien-en-busca-de-una-vida-mejor-son-presa-de-los-traficantes-de-personas-onu\/"]}]},{"@type":"ImageObject","inLanguage":"es","@id":"https:\/\/noti-america.com\/site\/principal\/2023\/12\/19\/los-migrantes-que-cruzan-el-darien-en-busca-de-una-vida-mejor-son-presa-de-los-traficantes-de-personas-onu\/#primaryimage","url":"https:\/\/noti-america.com\/site\/principal\/wp-content\/uploads\/sites\/26\/2023\/12\/-OIM-Gema-Cortes.jpg","contentUrl":"https:\/\/noti-america.com\/site\/principal\/wp-content\/uploads\/sites\/26\/2023\/12\/-OIM-Gema-Cortes.jpg","width":1170,"height":530},{"@type":"BreadcrumbList","@id":"https:\/\/noti-america.com\/site\/principal\/2023\/12\/19\/los-migrantes-que-cruzan-el-darien-en-busca-de-una-vida-mejor-son-presa-de-los-traficantes-de-personas-onu\/#breadcrumb","itemListElement":[{"@type":"ListItem","position":1,"name":"Portada","item":"https:\/\/noti-america.com\/site\/principal\/"},{"@type":"ListItem","position":2,"name":"Los migrantes que cruzan el Dari\u00e9n en busca de una vida mejor son presa de los traficantes de personas: ONU"}]},{"@type":"WebSite","@id":"https:\/\/noti-america.com\/site\/principal\/#website","url":"https:\/\/noti-america.com\/site\/principal\/","name":"Noti-America.com","description":"El Noticiero Digital M\u00e1s Grande de Am\u00e9rica","potentialAction":[{"@type":"SearchAction","target":{"@type":"EntryPoint","urlTemplate":"https:\/\/noti-america.com\/site\/principal\/?s={search_term_string}"},"query-input":{"@type":"PropertyValueSpecification","valueRequired":true,"valueName":"search_term_string"}}],"inLanguage":"es"},{"@type":"Person","@id":"https:\/\/noti-america.com\/site\/principal\/#\/schema\/person\/3b975e42f15abfe64bfe3abdd916efda","name":"Gregory Quintana Montiel","image":{"@type":"ImageObject","inLanguage":"es","@id":"https:\/\/secure.gravatar.com\/avatar\/2d6b802f7720c2ec7744dcbe608cc2f3417aeb964d58b443c6d612b77531de1d?s=96&d=mm&r=g","url":"https:\/\/secure.gravatar.com\/avatar\/2d6b802f7720c2ec7744dcbe608cc2f3417aeb964d58b443c6d612b77531de1d?s=96&d=mm&r=g","contentUrl":"https:\/\/secure.gravatar.com\/avatar\/2d6b802f7720c2ec7744dcbe608cc2f3417aeb964d58b443c6d612b77531de1d?s=96&d=mm&r=g","caption":"Gregory Quintana Montiel"},"description":"Licenciatura en Ciencias de la Comunicaci\u00f3n Social, egresado en la Especializaci\u00f3n Derecho Ambiental Desarrollo Sostenible y Sustentable, Miembro de la Comunidad de profesionales y experto para Latinoam\u00e9rica y el Caribe en Gesti\u00f3n por Resultado en el Desarrollo (COPLAC - GpRD) del Banco Interamericano de Desarrollo, experiencia en medios radiales y escritos.","sameAs":["https:\/\/x.com\/gdgregori1","gquintana"],"url":"https:\/\/noti-america.com\/site\/principal\/author\/gquintana\/"}]}},"_links":{"self":[{"href":"https:\/\/noti-america.com\/site\/principal\/wp-json\/wp\/v2\/posts\/35901","targetHints":{"allow":["GET"]}}],"collection":[{"href":"https:\/\/noti-america.com\/site\/principal\/wp-json\/wp\/v2\/posts"}],"about":[{"href":"https:\/\/noti-america.com\/site\/principal\/wp-json\/wp\/v2\/types\/post"}],"author":[{"embeddable":true,"href":"https:\/\/noti-america.com\/site\/principal\/wp-json\/wp\/v2\/users\/17"}],"replies":[{"embeddable":true,"href":"https:\/\/noti-america.com\/site\/principal\/wp-json\/wp\/v2\/comments?post=35901"}],"version-history":[{"count":3,"href":"https:\/\/noti-america.com\/site\/principal\/wp-json\/wp\/v2\/posts\/35901\/revisions"}],"predecessor-version":[{"id":36013,"href":"https:\/\/noti-america.com\/site\/principal\/wp-json\/wp\/v2\/posts\/35901\/revisions\/36013"}],"wp:featuredmedia":[{"embeddable":true,"href":"https:\/\/noti-america.com\/site\/principal\/wp-json\/wp\/v2\/media\/36012"}],"wp:attachment":[{"href":"https:\/\/noti-america.com\/site\/principal\/wp-json\/wp\/v2\/media?parent=35901"}],"wp:term":[{"taxonomy":"category","embeddable":true,"href":"https:\/\/noti-america.com\/site\/principal\/wp-json\/wp\/v2\/categories?post=35901"},{"taxonomy":"post_tag","embeddable":true,"href":"https:\/\/noti-america.com\/site\/principal\/wp-json\/wp\/v2\/tags?post=35901"}],"curies":[{"name":"wp","href":"https:\/\/api.w.org\/{rel}","templated":true}]}}