{"id":35702,"date":"2023-12-14T22:09:49","date_gmt":"2023-12-15T02:09:49","guid":{"rendered":"https:\/\/noti-america.com\/site\/principal\/?p=35702"},"modified":"2023-12-14T18:09:54","modified_gmt":"2023-12-14T22:09:54","slug":"ecuador-la-fiscalia-detiene-al-titular-de-la-judicatura-al-ex-director-antinarcoticos-y-otros-funcionarios","status":"publish","type":"post","link":"https:\/\/noti-america.com\/site\/principal\/2023\/12\/14\/ecuador-la-fiscalia-detiene-al-titular-de-la-judicatura-al-ex-director-antinarcoticos-y-otros-funcionarios\/","title":{"rendered":"Ecuador: La Fiscal\u00eda detiene al titular de la Judicatura, al ex director antinarc\u00f3ticos y otros funcionarios"},"content":{"rendered":"<p>REDACCI\u00d3N NOTI-AM\u00c9RICA\u00a0<strong>(ECUADOR).<\/strong><\/p>\n<div id=\"attachment_28049\" style=\"width: 1034px\" class=\"wp-caption alignnone\"><img loading=\"lazy\" decoding=\"async\" aria-describedby=\"caption-attachment-28049\" class=\"wp-image-35703 size-full\" src=\"https:\/\/noti-america.com\/site\/principal\/wp-content\/uploads\/sites\/26\/2023\/12\/IMG_6233.jpeg\" alt=\"\" width=\"1024\" height=\"767\" srcset=\"https:\/\/noti-america.com\/site\/principal\/wp-content\/uploads\/sites\/26\/2023\/12\/IMG_6233.jpeg 1024w, https:\/\/noti-america.com\/site\/principal\/wp-content\/uploads\/sites\/26\/2023\/12\/IMG_6233-300x225.jpeg 300w, https:\/\/noti-america.com\/site\/principal\/wp-content\/uploads\/sites\/26\/2023\/12\/IMG_6233-768x575.jpeg 768w\" sizes=\"auto, (max-width: 1024px) 100vw, 1024px\" \/><p id=\"caption-attachment-28049\" class=\"wp-caption-text\">Momentos en que era detenido es su casa el funcionario del Consejo de Judicatura, Wilman Ter\u00e1n.<\/p><\/div>\n<p style=\"text-align: justify\">Tras un extenso operativo llamado Met\u00e1stasis, llevado a cabo en la madrugada del jueves 14 de diciembre de 2023, las autoridades detuvieron a 29 personas, incluyendo al presidente del Consejo de la Judicatura, Wilman Ter\u00e1n.<\/p>\n<p style=\"text-align: justify\">La Fiscal\u00eda dio a conocer que la investigaci\u00f3n surgi\u00f3 a ra\u00edz del violento fallecimiento de Leandro Norero, narcotraficante vinculado a Los Lobos y a bandas asociadas al cartel mexicano Jalisco Nueva Generaci\u00f3n.<\/p>\n<p style=\"text-align: justify\">En un comunicado de la Fiscal\u00eda, la titular Diana Salazar explic\u00f3 que la pesquisa se inici\u00f3 tras la muerte del narco, revelando \u00abindicios de una estructura criminal infiltrada en todos los niveles del Estado y vinculada directamente al narcotr\u00e1fico\u00bb.<\/p>\n<p style=\"text-align: justify\">Norero, conocido como el Patr\u00f3n, fue arrestado el a\u00f1o pasado por lavado de activos y narcotr\u00e1fico, y fue asesinado en prisi\u00f3n.<\/p>\n<p style=\"text-align: justify\">La funcionaria destac\u00f3 que este operativo es el m\u00e1s significativo en la historia de Ecuador en la lucha contra la corrupci\u00f3n y el narcotr\u00e1fico. Adem\u00e1s, anunci\u00f3 que en las pr\u00f3ximas horas se presentar\u00e1n cargos contra los detenidos.<\/p>\n","protected":false},"excerpt":{"rendered":"<p>REDACCI\u00d3N NOTI-AM\u00c9RICA\u00a0(ECUADOR). Tras un extenso operativo llamado Met\u00e1stasis, llevado a cabo en la madrugada del jueves 14 de diciembre de 2023, las autoridades detuvieron a 29 personas, incluyendo al presidente del Consejo de la&#46;&#46;&#46;<\/p>\n","protected":false},"author":81,"featured_media":35705,"comment_status":"closed","ping_status":"open","sticky":false,"template":"","format":"standard","meta":{"_acf_changed":false,"rop_custom_images_group":[],"rop_custom_messages_group":[],"rop_publish_now":"initial","rop_publish_now_accounts":{"facebook_10219548024599422_1632221337088128":"","twitter_242054905_242054905":""},"rop_publish_now_history":[],"rop_publish_now_status":"pending","footnotes":""},"categories":[886,1602],"tags":[],"class_list":["post-35702","post","type-post","status-publish","format-standard","has-post-thumbnail","hentry","category-acturalidad","category-judicial"],"acf":[],"yoast_head":"<!-- This site is optimized with the Yoast SEO Premium plugin v24.9 (Yoast SEO v27.2) - https:\/\/yoast.com\/product\/yoast-seo-premium-wordpress\/ -->\n<title>Ecuador: La Fiscal\u00eda detiene al titular de la Judicatura, al ex director antinarc\u00f3ticos y otros funcionarios - Noti-America.com<\/title>\n<meta name=\"robots\" content=\"index, follow, max-snippet:-1, max-image-preview:large, max-video-preview:-1\" \/>\n<link rel=\"canonical\" href=\"https:\/\/noti-america.com\/site\/principal\/2023\/12\/14\/ecuador-la-fiscalia-detiene-al-titular-de-la-judicatura-al-ex-director-antinarcoticos-y-otros-funcionarios\/\" \/>\n<meta property=\"og:locale\" content=\"es_ES\" \/>\n<meta property=\"og:type\" content=\"article\" \/>\n<meta property=\"og:title\" content=\"Ecuador: La Fiscal\u00eda detiene al titular de la Judicatura, al ex director antinarc\u00f3ticos y otros funcionarios\" \/>\n<meta property=\"og:description\" content=\"REDACCI\u00d3N NOTI-AM\u00c9RICA\u00a0(ECUADOR). Tras un extenso operativo llamado Met\u00e1stasis, llevado a cabo en la madrugada del jueves 14 de diciembre de 2023, las autoridades detuvieron a 29 personas, incluyendo al presidente del Consejo de la&#046;&#046;&#046;\" \/>\n<meta property=\"og:url\" content=\"https:\/\/noti-america.com\/site\/principal\/2023\/12\/14\/ecuador-la-fiscalia-detiene-al-titular-de-la-judicatura-al-ex-director-antinarcoticos-y-otros-funcionarios\/\" \/>\n<meta property=\"og:site_name\" content=\"Noti-America.com\" \/>\n<meta property=\"article:published_time\" content=\"2023-12-15T02:09:49+00:00\" \/>\n<meta property=\"og:image\" content=\"https:\/\/noti-america.com\/site\/principal\/wp-content\/uploads\/sites\/26\/2023\/12\/IMG_6231.jpeg\" \/>\n\t<meta property=\"og:image:width\" content=\"1024\" \/>\n\t<meta property=\"og:image:height\" content=\"768\" \/>\n\t<meta property=\"og:image:type\" content=\"image\/jpeg\" \/>\n<meta name=\"author\" content=\"Boris Moyano\" \/>\n<meta name=\"twitter:card\" content=\"summary_large_image\" \/>\n<meta name=\"twitter:label1\" content=\"Escrito por\" \/>\n\t<meta name=\"twitter:data1\" content=\"Boris Moyano\" \/>\n\t<meta name=\"twitter:label2\" content=\"Tiempo estimado de lectura\" \/>\n\t<meta name=\"twitter:data2\" content=\"1 minuto\" \/>\n<script type=\"application\/ld+json\" class=\"yoast-schema-graph\">{\"@context\":\"https:\/\/schema.org\",\"@graph\":[{\"@type\":\"Article\",\"@id\":\"https:\/\/noti-america.com\/site\/principal\/2023\/12\/14\/ecuador-la-fiscalia-detiene-al-titular-de-la-judicatura-al-ex-director-antinarcoticos-y-otros-funcionarios\/#article\",\"isPartOf\":{\"@id\":\"https:\/\/noti-america.com\/site\/principal\/2023\/12\/14\/ecuador-la-fiscalia-detiene-al-titular-de-la-judicatura-al-ex-director-antinarcoticos-y-otros-funcionarios\/\"},\"author\":{\"name\":\"Boris Moyano\",\"@id\":\"https:\/\/noti-america.com\/site\/principal\/#\/schema\/person\/063740b70e1baad7ce400b3b8bd8b8e3\"},\"headline\":\"Ecuador: La Fiscal\u00eda detiene al titular de la Judicatura, al ex director antinarc\u00f3ticos y otros funcionarios\",\"datePublished\":\"2023-12-15T02:09:49+00:00\",\"mainEntityOfPage\":{\"@id\":\"https:\/\/noti-america.com\/site\/principal\/2023\/12\/14\/ecuador-la-fiscalia-detiene-al-titular-de-la-judicatura-al-ex-director-antinarcoticos-y-otros-funcionarios\/\"},\"wordCount\":226,\"image\":{\"@id\":\"https:\/\/noti-america.com\/site\/principal\/2023\/12\/14\/ecuador-la-fiscalia-detiene-al-titular-de-la-judicatura-al-ex-director-antinarcoticos-y-otros-funcionarios\/#primaryimage\"},\"thumbnailUrl\":\"https:\/\/noti-america.com\/site\/principal\/wp-content\/uploads\/sites\/26\/2023\/12\/IMG_6231.jpeg\",\"articleSection\":[\"Actualidad\",\"Judicial\"],\"inLanguage\":\"es\"},{\"@type\":\"WebPage\",\"@id\":\"https:\/\/noti-america.com\/site\/principal\/2023\/12\/14\/ecuador-la-fiscalia-detiene-al-titular-de-la-judicatura-al-ex-director-antinarcoticos-y-otros-funcionarios\/\",\"url\":\"https:\/\/noti-america.com\/site\/principal\/2023\/12\/14\/ecuador-la-fiscalia-detiene-al-titular-de-la-judicatura-al-ex-director-antinarcoticos-y-otros-funcionarios\/\",\"name\":\"Ecuador: La Fiscal\u00eda detiene al titular de la Judicatura, al ex director antinarc\u00f3ticos y otros funcionarios - Noti-America.com\",\"isPartOf\":{\"@id\":\"https:\/\/noti-america.com\/site\/principal\/#website\"},\"primaryImageOfPage\":{\"@id\":\"https:\/\/noti-america.com\/site\/principal\/2023\/12\/14\/ecuador-la-fiscalia-detiene-al-titular-de-la-judicatura-al-ex-director-antinarcoticos-y-otros-funcionarios\/#primaryimage\"},\"image\":{\"@id\":\"https:\/\/noti-america.com\/site\/principal\/2023\/12\/14\/ecuador-la-fiscalia-detiene-al-titular-de-la-judicatura-al-ex-director-antinarcoticos-y-otros-funcionarios\/#primaryimage\"},\"thumbnailUrl\":\"https:\/\/noti-america.com\/site\/principal\/wp-content\/uploads\/sites\/26\/2023\/12\/IMG_6231.jpeg\",\"datePublished\":\"2023-12-15T02:09:49+00:00\",\"author\":{\"@id\":\"https:\/\/noti-america.com\/site\/principal\/#\/schema\/person\/063740b70e1baad7ce400b3b8bd8b8e3\"},\"breadcrumb\":{\"@id\":\"https:\/\/noti-america.com\/site\/principal\/2023\/12\/14\/ecuador-la-fiscalia-detiene-al-titular-de-la-judicatura-al-ex-director-antinarcoticos-y-otros-funcionarios\/#breadcrumb\"},\"inLanguage\":\"es\",\"potentialAction\":[{\"@type\":\"ReadAction\",\"target\":[\"https:\/\/noti-america.com\/site\/principal\/2023\/12\/14\/ecuador-la-fiscalia-detiene-al-titular-de-la-judicatura-al-ex-director-antinarcoticos-y-otros-funcionarios\/\"]}]},{\"@type\":\"ImageObject\",\"inLanguage\":\"es\",\"@id\":\"https:\/\/noti-america.com\/site\/principal\/2023\/12\/14\/ecuador-la-fiscalia-detiene-al-titular-de-la-judicatura-al-ex-director-antinarcoticos-y-otros-funcionarios\/#primaryimage\",\"url\":\"https:\/\/noti-america.com\/site\/principal\/wp-content\/uploads\/sites\/26\/2023\/12\/IMG_6231.jpeg\",\"contentUrl\":\"https:\/\/noti-america.com\/site\/principal\/wp-content\/uploads\/sites\/26\/2023\/12\/IMG_6231.jpeg\",\"width\":1024,\"height\":768},{\"@type\":\"BreadcrumbList\",\"@id\":\"https:\/\/noti-america.com\/site\/principal\/2023\/12\/14\/ecuador-la-fiscalia-detiene-al-titular-de-la-judicatura-al-ex-director-antinarcoticos-y-otros-funcionarios\/#breadcrumb\",\"itemListElement\":[{\"@type\":\"ListItem\",\"position\":1,\"name\":\"Portada\",\"item\":\"https:\/\/noti-america.com\/site\/principal\/\"},{\"@type\":\"ListItem\",\"position\":2,\"name\":\"Ecuador: La Fiscal\u00eda detiene al titular de la Judicatura, al ex director antinarc\u00f3ticos y otros funcionarios\"}]},{\"@type\":\"WebSite\",\"@id\":\"https:\/\/noti-america.com\/site\/principal\/#website\",\"url\":\"https:\/\/noti-america.com\/site\/principal\/\",\"name\":\"Noti-America.com\",\"description\":\"El Noticiero Digital M\u00e1s Grande de Am\u00e9rica\",\"potentialAction\":[{\"@type\":\"SearchAction\",\"target\":{\"@type\":\"EntryPoint\",\"urlTemplate\":\"https:\/\/noti-america.com\/site\/principal\/?s={search_term_string}\"},\"query-input\":{\"@type\":\"PropertyValueSpecification\",\"valueRequired\":true,\"valueName\":\"search_term_string\"}}],\"inLanguage\":\"es\"},{\"@type\":\"Person\",\"@id\":\"https:\/\/noti-america.com\/site\/principal\/#\/schema\/person\/063740b70e1baad7ce400b3b8bd8b8e3\",\"name\":\"Boris Moyano\",\"image\":{\"@type\":\"ImageObject\",\"inLanguage\":\"es\",\"@id\":\"https:\/\/secure.gravatar.com\/avatar\/1635fd8d206bae736e855dfe91602736d1ea92af1a7f3fa7f62c848f245a1404?s=96&d=mm&r=g\",\"url\":\"https:\/\/secure.gravatar.com\/avatar\/1635fd8d206bae736e855dfe91602736d1ea92af1a7f3fa7f62c848f245a1404?s=96&d=mm&r=g\",\"contentUrl\":\"https:\/\/secure.gravatar.com\/avatar\/1635fd8d206bae736e855dfe91602736d1ea92af1a7f3fa7f62c848f245a1404?s=96&d=mm&r=g\",\"caption\":\"Boris Moyano\"},\"url\":\"https:\/\/noti-america.com\/site\/principal\/author\/bmoyano\/\"}]}<\/script>\n<!-- \/ Yoast SEO Premium plugin. -->","yoast_head_json":{"title":"Ecuador: La Fiscal\u00eda detiene al titular de la Judicatura, al ex director antinarc\u00f3ticos y otros funcionarios - Noti-America.com","robots":{"index":"index","follow":"follow","max-snippet":"max-snippet:-1","max-image-preview":"max-image-preview:large","max-video-preview":"max-video-preview:-1"},"canonical":"https:\/\/noti-america.com\/site\/principal\/2023\/12\/14\/ecuador-la-fiscalia-detiene-al-titular-de-la-judicatura-al-ex-director-antinarcoticos-y-otros-funcionarios\/","og_locale":"es_ES","og_type":"article","og_title":"Ecuador: La Fiscal\u00eda detiene al titular de la Judicatura, al ex director antinarc\u00f3ticos y otros funcionarios","og_description":"REDACCI\u00d3N NOTI-AM\u00c9RICA\u00a0(ECUADOR). Tras un extenso operativo llamado Met\u00e1stasis, llevado a cabo en la madrugada del jueves 14 de diciembre de 2023, las autoridades detuvieron a 29 personas, incluyendo al presidente del Consejo de la&#46;&#46;&#46;","og_url":"https:\/\/noti-america.com\/site\/principal\/2023\/12\/14\/ecuador-la-fiscalia-detiene-al-titular-de-la-judicatura-al-ex-director-antinarcoticos-y-otros-funcionarios\/","og_site_name":"Noti-America.com","article_published_time":"2023-12-15T02:09:49+00:00","og_image":[{"width":1024,"height":768,"url":"https:\/\/noti-america.com\/site\/principal\/wp-content\/uploads\/sites\/26\/2023\/12\/IMG_6231.jpeg","type":"image\/jpeg"}],"author":"Boris Moyano","twitter_card":"summary_large_image","twitter_misc":{"Escrito por":"Boris Moyano","Tiempo estimado de lectura":"1 minuto"},"schema":{"@context":"https:\/\/schema.org","@graph":[{"@type":"Article","@id":"https:\/\/noti-america.com\/site\/principal\/2023\/12\/14\/ecuador-la-fiscalia-detiene-al-titular-de-la-judicatura-al-ex-director-antinarcoticos-y-otros-funcionarios\/#article","isPartOf":{"@id":"https:\/\/noti-america.com\/site\/principal\/2023\/12\/14\/ecuador-la-fiscalia-detiene-al-titular-de-la-judicatura-al-ex-director-antinarcoticos-y-otros-funcionarios\/"},"author":{"name":"Boris Moyano","@id":"https:\/\/noti-america.com\/site\/principal\/#\/schema\/person\/063740b70e1baad7ce400b3b8bd8b8e3"},"headline":"Ecuador: La Fiscal\u00eda detiene al titular de la Judicatura, al ex director antinarc\u00f3ticos y otros funcionarios","datePublished":"2023-12-15T02:09:49+00:00","mainEntityOfPage":{"@id":"https:\/\/noti-america.com\/site\/principal\/2023\/12\/14\/ecuador-la-fiscalia-detiene-al-titular-de-la-judicatura-al-ex-director-antinarcoticos-y-otros-funcionarios\/"},"wordCount":226,"image":{"@id":"https:\/\/noti-america.com\/site\/principal\/2023\/12\/14\/ecuador-la-fiscalia-detiene-al-titular-de-la-judicatura-al-ex-director-antinarcoticos-y-otros-funcionarios\/#primaryimage"},"thumbnailUrl":"https:\/\/noti-america.com\/site\/principal\/wp-content\/uploads\/sites\/26\/2023\/12\/IMG_6231.jpeg","articleSection":["Actualidad","Judicial"],"inLanguage":"es"},{"@type":"WebPage","@id":"https:\/\/noti-america.com\/site\/principal\/2023\/12\/14\/ecuador-la-fiscalia-detiene-al-titular-de-la-judicatura-al-ex-director-antinarcoticos-y-otros-funcionarios\/","url":"https:\/\/noti-america.com\/site\/principal\/2023\/12\/14\/ecuador-la-fiscalia-detiene-al-titular-de-la-judicatura-al-ex-director-antinarcoticos-y-otros-funcionarios\/","name":"Ecuador: La Fiscal\u00eda detiene al titular de la Judicatura, al ex director antinarc\u00f3ticos y otros funcionarios - Noti-America.com","isPartOf":{"@id":"https:\/\/noti-america.com\/site\/principal\/#website"},"primaryImageOfPage":{"@id":"https:\/\/noti-america.com\/site\/principal\/2023\/12\/14\/ecuador-la-fiscalia-detiene-al-titular-de-la-judicatura-al-ex-director-antinarcoticos-y-otros-funcionarios\/#primaryimage"},"image":{"@id":"https:\/\/noti-america.com\/site\/principal\/2023\/12\/14\/ecuador-la-fiscalia-detiene-al-titular-de-la-judicatura-al-ex-director-antinarcoticos-y-otros-funcionarios\/#primaryimage"},"thumbnailUrl":"https:\/\/noti-america.com\/site\/principal\/wp-content\/uploads\/sites\/26\/2023\/12\/IMG_6231.jpeg","datePublished":"2023-12-15T02:09:49+00:00","author":{"@id":"https:\/\/noti-america.com\/site\/principal\/#\/schema\/person\/063740b70e1baad7ce400b3b8bd8b8e3"},"breadcrumb":{"@id":"https:\/\/noti-america.com\/site\/principal\/2023\/12\/14\/ecuador-la-fiscalia-detiene-al-titular-de-la-judicatura-al-ex-director-antinarcoticos-y-otros-funcionarios\/#breadcrumb"},"inLanguage":"es","potentialAction":[{"@type":"ReadAction","target":["https:\/\/noti-america.com\/site\/principal\/2023\/12\/14\/ecuador-la-fiscalia-detiene-al-titular-de-la-judicatura-al-ex-director-antinarcoticos-y-otros-funcionarios\/"]}]},{"@type":"ImageObject","inLanguage":"es","@id":"https:\/\/noti-america.com\/site\/principal\/2023\/12\/14\/ecuador-la-fiscalia-detiene-al-titular-de-la-judicatura-al-ex-director-antinarcoticos-y-otros-funcionarios\/#primaryimage","url":"https:\/\/noti-america.com\/site\/principal\/wp-content\/uploads\/sites\/26\/2023\/12\/IMG_6231.jpeg","contentUrl":"https:\/\/noti-america.com\/site\/principal\/wp-content\/uploads\/sites\/26\/2023\/12\/IMG_6231.jpeg","width":1024,"height":768},{"@type":"BreadcrumbList","@id":"https:\/\/noti-america.com\/site\/principal\/2023\/12\/14\/ecuador-la-fiscalia-detiene-al-titular-de-la-judicatura-al-ex-director-antinarcoticos-y-otros-funcionarios\/#breadcrumb","itemListElement":[{"@type":"ListItem","position":1,"name":"Portada","item":"https:\/\/noti-america.com\/site\/principal\/"},{"@type":"ListItem","position":2,"name":"Ecuador: La Fiscal\u00eda detiene al titular de la Judicatura, al ex director antinarc\u00f3ticos y otros funcionarios"}]},{"@type":"WebSite","@id":"https:\/\/noti-america.com\/site\/principal\/#website","url":"https:\/\/noti-america.com\/site\/principal\/","name":"Noti-America.com","description":"El Noticiero Digital M\u00e1s Grande de Am\u00e9rica","potentialAction":[{"@type":"SearchAction","target":{"@type":"EntryPoint","urlTemplate":"https:\/\/noti-america.com\/site\/principal\/?s={search_term_string}"},"query-input":{"@type":"PropertyValueSpecification","valueRequired":true,"valueName":"search_term_string"}}],"inLanguage":"es"},{"@type":"Person","@id":"https:\/\/noti-america.com\/site\/principal\/#\/schema\/person\/063740b70e1baad7ce400b3b8bd8b8e3","name":"Boris Moyano","image":{"@type":"ImageObject","inLanguage":"es","@id":"https:\/\/secure.gravatar.com\/avatar\/1635fd8d206bae736e855dfe91602736d1ea92af1a7f3fa7f62c848f245a1404?s=96&d=mm&r=g","url":"https:\/\/secure.gravatar.com\/avatar\/1635fd8d206bae736e855dfe91602736d1ea92af1a7f3fa7f62c848f245a1404?s=96&d=mm&r=g","contentUrl":"https:\/\/secure.gravatar.com\/avatar\/1635fd8d206bae736e855dfe91602736d1ea92af1a7f3fa7f62c848f245a1404?s=96&d=mm&r=g","caption":"Boris Moyano"},"url":"https:\/\/noti-america.com\/site\/principal\/author\/bmoyano\/"}]}},"_links":{"self":[{"href":"https:\/\/noti-america.com\/site\/principal\/wp-json\/wp\/v2\/posts\/35702","targetHints":{"allow":["GET"]}}],"collection":[{"href":"https:\/\/noti-america.com\/site\/principal\/wp-json\/wp\/v2\/posts"}],"about":[{"href":"https:\/\/noti-america.com\/site\/principal\/wp-json\/wp\/v2\/types\/post"}],"author":[{"embeddable":true,"href":"https:\/\/noti-america.com\/site\/principal\/wp-json\/wp\/v2\/users\/81"}],"replies":[{"embeddable":true,"href":"https:\/\/noti-america.com\/site\/principal\/wp-json\/wp\/v2\/comments?post=35702"}],"version-history":[{"count":1,"href":"https:\/\/noti-america.com\/site\/principal\/wp-json\/wp\/v2\/posts\/35702\/revisions"}],"predecessor-version":[{"id":35704,"href":"https:\/\/noti-america.com\/site\/principal\/wp-json\/wp\/v2\/posts\/35702\/revisions\/35704"}],"wp:featuredmedia":[{"embeddable":true,"href":"https:\/\/noti-america.com\/site\/principal\/wp-json\/wp\/v2\/media\/35705"}],"wp:attachment":[{"href":"https:\/\/noti-america.com\/site\/principal\/wp-json\/wp\/v2\/media?parent=35702"}],"wp:term":[{"taxonomy":"category","embeddable":true,"href":"https:\/\/noti-america.com\/site\/principal\/wp-json\/wp\/v2\/categories?post=35702"},{"taxonomy":"post_tag","embeddable":true,"href":"https:\/\/noti-america.com\/site\/principal\/wp-json\/wp\/v2\/tags?post=35702"}],"curies":[{"name":"wp","href":"https:\/\/api.w.org\/{rel}","templated":true}]}}