{"id":35402,"date":"2023-12-10T10:38:10","date_gmt":"2023-12-10T14:38:10","guid":{"rendered":"https:\/\/noti-america.com\/site\/principal\/?p=35402"},"modified":"2023-12-10T10:38:10","modified_gmt":"2023-12-10T14:38:10","slug":"la-salida-o-caida-del-regimen-tiene-la-mesa-servida-por-marlon-s-jimenez-garcia","status":"publish","type":"post","link":"https:\/\/noti-america.com\/site\/principal\/2023\/12\/10\/la-salida-o-caida-del-regimen-tiene-la-mesa-servida-por-marlon-s-jimenez-garcia\/","title":{"rendered":"LA SALIDA O CA\u00cdDA DEL R\u00c9GIMEN TIENE LA MESA SERVIDA, \u00a0  Por. Marlon S Jim\u00e9nez Garc\u00eda."},"content":{"rendered":"<p><strong>NOTI-AMERICA.COM | VENEZUELA<\/strong><\/p>\n<p style=\"text-align: center;\">LA SALIDA O CA\u00cdDA DEL R\u00c9GIMEN TIENE LA MESA SERVIDA,<\/p>\n<p style=\"text-align: center;\">Por. Marlon S Jim\u00e9nez Garc\u00eda.<\/p>\n<p>&nbsp;<\/p>\n<p>El dicho popular <strong>fueron por lana y salieron trasquilados<\/strong> define el accionar irracional del r\u00e9gimen comunista, fascista y mafioso en lo relacionado al referendo realizado el pasado domingo. Ese dicho alude a quien fue a ofender y volvi\u00f3 ofendido; a quien busca m\u00e1s de lo que tiene y se queda sin lo que pose\u00eda y tambi\u00e9n a quien ha sufrido una p\u00e9rdida o un perjuicio en lo que cre\u00eda ganar o encontrar beneficios.<\/p>\n<p>El rechazo contundente al USURPADOR Procubano no es sorpresivo, por el contrario, es harto conocido que, este personaje no llega al 10% de aceptaci\u00f3n popular. La encuesta MEGAN\u00c1LISIS publicada el jueves 30-11 dict\u00f3 c\u00e1tedra, dio resultados completamente apegados a la realidad; detall\u00f3 con una <strong>sincronizaci\u00f3n inapelable<\/strong> la abstenci\u00f3n que se originar\u00eda que, rondaba por el 85-90% y la votaci\u00f3n iba a ser marcadamente por \u201clos obligados\u201d a raz\u00f3n del miedo en perder algunos beneficios de hambre. Los centros de votaci\u00f3n, fui <strong>testigo excepcional<\/strong> porque visit\u00e9 varios, luc\u00edan completamente desiertos, es m\u00e1s en uno de ellos a las 3:30 pm solo hab\u00edan votado 19 personas. Decir que, votaron en todo el pa\u00eds m\u00e1s de 10 millones de ciudadanos (tendr\u00edan que volver a nacer y en una parte donde no conozcan su vil trayectoria pol\u00edtica) es una falacia, <strong>es una mentira que no les cabe en la bocota podrida esa<\/strong>, que tienen. Este referendo les termin\u00f3 de quitarse la careta con la demostraci\u00f3n cierta: son una minor\u00eda que, se <strong>incrementa de manera decreciente<\/strong> en el transcurrir del tiempo. No tienen pueblo, solo los acompa\u00f1an una \u201ccuerda de hienas\u201d que se alimentan de las mafias macabras cuyas v\u00edctimas son los propios ciudadanos. Millones de d\u00f3lares se gastaron en la realizaci\u00f3n del referendo; propaganda grosera, abusiva en todos los medios de comunicaci\u00f3n nacional e internacional; YouTube y otras plataformas digitales participaron en el fest\u00edn propagand\u00edstico. Y mientras toda esta millonada se perd\u00eda porque no dio los resultados esperados, el PUEBLO trabajador se muere de hambre por los m\u00edseros salarios que devenga.<\/p>\n<p>&nbsp;<\/p>\n<p>El USURPADOR Procubano y su r\u00e9gimen est\u00e1n, por acci\u00f3n y omisi\u00f3n, en una completa decadencia, en un declive constante y perseverante; sufre desde hace tiempo una p\u00e9rdida progresiva de la fuerza o intensidad y su importancia para la sociedad es <strong>\u201cnula absolutamente\u201d<\/strong>. No hay espacios para recomponerse; su estructura gubernamental est\u00e1 colapsada porque hay ausencia absoluta de respuestas a los graves problemas de la sociedad que generan, simult\u00e1neamente, un rechazo apocal\u00edptico a todo aquello que constituye la filosof\u00eda de acci\u00f3n de las \u00f1\u00e1ngaras en el poder y tambi\u00e9n para los que simulen su apoyo, aunque \u00e9ste parezca imperceptible. No existe motivaci\u00f3n de ning\u00fan tipo por parte del USURPADOR, el PSUV y el r\u00e9gimen en buscar, ni siquiera en el \u00e1mbito coyuntural, una entrada de aire al ahogo que la poblaci\u00f3n venezolana est\u00e1 sufriendo. En eso, los cubanos tienen un rol protag\u00f3nico; todos sabemos que el rechazado no ejecuta acciones sino cuenta con la APROBACI\u00d3N del bur\u00f3 pol\u00edtico del Partido Comunista Cubano y \u00e9stos, expertos en la materia, saben c\u00f3mo actuar ante cualquier circunstancia, devenida \u00e9sta de la propia din\u00e1mica estructural que puede ocurrir en el pa\u00eds; tienen una experiencia, comprobada 100% de como \u201cdetener\u201d cualquier movilizaci\u00f3n que ponga en jaque las pol\u00edticas impuestas por ellos. Resolver nuestros grav\u00edsimos problemas no es una cosa f\u00e1cil; 24 a\u00f1os han transcurrido, al principio con euforia y emotividad esperanzadora por un cambio; por la construcci\u00f3n de un nuevo modelo en la relaci\u00f3n Estado \u2013 Ciudadano; por una mayor Justicia Social; por un cambio pol\u00edtico en democracia donde el ciudadano cada d\u00eda tenga m\u00e1s libertad de acci\u00f3n, no solo en lo individual, sino en lo colectivo; donde\u00a0 la sociedad sea m\u00e1s solidaria y que sea impermeable en efectos nocivos y brillen a perpetuidad los valores intr\u00ednsecos entre sociedad \u2013 hombre y familia. Lamentablemente, ocurri\u00f3 todo lo contrario, se rompi\u00f3 lo m\u00e1s preciado de una sociedad, su n\u00facleo vital, La Familia y el caos integral posterior es dantesco.<\/p>\n<p>&nbsp;<\/p>\n<p>Todo fue planificado, los cubanos a\u00f1oraban desde la llegada de Fidel al poder, que Venezuela ten\u00eda que ser parte de la fuerza revolucionaria y lo intentaron muchas veces para lograrlo, pero en cada intento fueron derrotados por la gloriosa y patriota FAN de la \u00e9poca. Nunca Fidel, a pesar de la derrota se sinti\u00f3 disminuido en sus intenciones primarias, hasta que lleg\u00f3 a su dominio la figura de un \u201cpayaso\u201d revolucionario llamado Hugo Ch\u00e1vez Fr\u00edas. Con este se\u00f1or, comenz\u00f3 la desgracia de nuestro pa\u00eds; comenz\u00f3 a gestionarse de manera inteligente y estrat\u00e9gica la incorporaci\u00f3n de Venezuela al eje comunista liderado por Fidel Castro. El USURPADOR que, si era y es, ahora m\u00e1s que nunca, una \u201cficha\u201d de los cubanos desde 1984, estaba en el \u201cbulpen\u201d; ya preparado por Fidel para asumir el poder y aprovechando la muerte de Ch\u00e1vez (aqu\u00ed hay muchas dudas; solo el transcurrir de los a\u00f1os nos alumbrar\u00e1 la verdad, se asoman algunos destellos) aprovech\u00f3 para imponerlo en el poder y aqu\u00ed tenemos los resultados: Venezuela convertida en otra Cuba (arrasada y miserable).<\/p>\n<p>&nbsp;<\/p>\n<p>Todo esto nos lleva a una profunda y alertadora reflexi\u00f3n, \u00bfqu\u00e9 vamos a hacer los que sentimos que, es urgente producir en nuestro pa\u00eds los cambios necesarios para salir del procubano nacido fuera de nuestras fronteras? La respuesta inmediata e imperecedera es la salida o ca\u00edda del r\u00e9gimen. La ca\u00edda es evidente, perdieron irremediablemente todo lo que signifique PUEBLO; \u00a0solo tenemos que observar la actitud revanchista de muchos de quienes en otrora eran parte de ese mamotreto llamado PSUV; ellos se desmarcan sin ning\u00fan tipo de rubor moral y sienten p\u00fablicamente la manera de c\u00f3mo \u00e9l burl\u00f3 el respaldo y la confianza que el \u201ccomandante eternamente enterrado\u201d le dio cuando pidi\u00f3 en cadena nacional que lo eligieran presidente de Venezuela. Claro, es p\u00fablico y notorio que esos cr\u00edticos tambi\u00e9n son constructores del \u201cfiasco hist\u00f3rico\u201d m\u00e1s grande que ha tenido nuestro pa\u00eds y son corresponsables del desmadre estructural causado a la sociedad venezolana, entre muchos ellos, la mism\u00edsima familia Ch\u00e1vez; <strong>\u201cpatas en el suelo\u201d<\/strong> y hoy encabezan commo millonarios la revista FORBES, sin haber realizado actividades empresariales y sin estudios conocidos. Ud. amigo lector, h\u00e1galo por prueba, meta en un \u201cbiombo\u201d nombres de personas que conozca que hayan sido funcionarios de los gobiernos de Ch\u00e1vez y del USURPADOR y ponga una \u201cmano inocente\u201d que saque un nombre de all\u00ed y comprobar\u00e1 que, esa persona tiene un ritmo de vida totalmente distinto al que ten\u00eda antes de llegar al poder; es decir, de ser un pela bola, hoy, es un potentado de riqueza, pero mal concebida; por medio de actos il\u00edcitos y no producto de su trabajo honesto.<\/p>\n<p>&nbsp;<\/p>\n<p>En la tragedia nacional causada, tambi\u00e9n tiene un rol estelar\u00edsimo la FANB; \u00bfqui\u00e9n duda que el alto mando militar sean los impulsores del fracaso del USURPADOR y de su r\u00e9gimen? Ellos aceptaron de rodillas que los cubanos gobernaran el pa\u00eds y permitieron que el G2 cubano asumieran las riendas de la totalidad del gobierno. La FANB entreg\u00f3 a los cubanos la soberan\u00eda nacional, violando irresolutamente lo que est\u00e1n obligados a cumplir: la Constituci\u00f3n Nacional. Adem\u00e1s, son protagonistas in situ de todo el espectro de corrupci\u00f3n que desfalc\u00f3 las arcas del tesoro nacional y de las \u201cmafias\u201d (El USURPADOR le ordena a su Fiscal combatir esas mafias y meterlos presos, caiga quien caiga, ellos mismos. \u00bfHabr\u00e1 c\u00e1rcel pa\u2019 tanta gente?) Constituidas para el control de la gasolina, narcotr\u00e1fico, oro, abigeato y que tiene al pueblo al borde de la muerte. Son los \u00fanicos que quieren, evitar la salida o ca\u00edda del r\u00e9gimen, pero eso lamentablemente para ellos, es tarde. La traici\u00f3n a la patria del USURPADOR y de Padrino L\u00f3pez, no tiene referentes en ninguna otra parte del mundo; entregaron la soberan\u00eda nacional, solo por intereses cremat\u00edsticos, a grupos subversivos como ex FARC, ELN y grupos terroristas provenientes del medio oriente a trav\u00e9s de la relaci\u00f3n con Ir\u00e1n; que decir, de la relaci\u00f3n putrefacta que se mantiene con RUSIA no solo en el campo econ\u00f3mico, sino en el campo pol\u00edtico- militar.<\/p>\n<p>&nbsp;<\/p>\n<p>La salida del USURPADOR del poder no tiene espera, est\u00e1 con luz incandescente brillando en todo el espacio nacional y su reflejo extrapola fronteras; las alarmas est\u00e1n encendidas en todas las organizaciones internaciones que tienen el poder de defender la democracia y las libertades en el universo. Venezuela est\u00e1 en la mira, ellos est\u00e1n en la mira, los militares de alto rango est\u00e1n en la mira, los miembros del PSUV est\u00e1n en la mira. Las mentiras, a las cuales nos tiene acostumbrado, <strong>se encumbraron con los resultados del CNE del referendo NO vinculante<\/strong>, \u00e9stos no tienen parang\u00f3n en ning\u00fan pa\u00eds del mundo.<\/p>\n<p>&nbsp;<\/p>\n<p>Sobre la salida o ca\u00edda del USURPADOR, la sociedad civil, pol\u00edtica y econ\u00f3mica est\u00e1 afinando las estrategias que apunten a ese objetivo puntual. No es f\u00e1cil hacerlo, tienen todo el poder del Estado forajido que lo integra, tienen el poder de protecci\u00f3n de una FANB desmedidamente corrupta y parcializada; pero no tiene respaldo popular. Elecciones libres y justas, es la alternativa democr\u00e1tica a plantear; ello depende de m\u00faltiples factores, todos ellos vinculantes a las negociaciones de BARBADOS y a los actores internos y externos participantes de las mismas. Sin embargo, saben que no tienen ninguna oportunidad en la v\u00eda electoral y est\u00e1n realizando acciones en contrav\u00eda; Mar\u00eda Corina se les ha convertido en una figura altiva, inmanejable de ninguna forma y que les dar\u00eda la derrota m\u00e1s grande jam\u00e1s vista en la historia pol\u00edtica \u2013 electoral del universo. La quieren detener y como son inescrupulosos no se detienen ante nada para soslayar su candidatura; van a poner presos, por supuesto, sin razones valederas a todos aquellos que forman parte de la l\u00ednea central de su comando de campa\u00f1a, Fracasar\u00e1n en el intento, porque es el mism\u00edsimo pueblo que estar\u00e1 en la calle para defenderla de la jaur\u00eda revolucionaria delincuencial que est\u00e1 en el poder.<\/p>\n<p>&nbsp;<\/p>\n<p>La salida del r\u00e9gimen de hecho, se visualiza por la realidad del pa\u00eds y por la ausencia de un compromiso, en buscarle cambios a esa propia realidad que globalmente nos afecta a todos los venezolanos, sin distingo de g\u00e9nero, de raza, de clase social, ni ideol\u00f3gico; a pesar de que ello se produce por el desmedido respaldo del r\u00e9gimen a la filosof\u00eda de vida de la conjunci\u00f3n del comunismo, fascismo y mafias que no es otra cosa que: hambre, miseria y muerte. Dejemos de ser pasivos, ello nos conducir\u00e1, irremediablemente, a ser in\u00fatiles.<\/p>\n<p>&nbsp;<\/p>\n<p>Profesor Universitario<\/p>\n<p><a href=\"mailto:Marlons.jimenez55@gmail.com\">Marlons.jimenez55@gmail.com<\/a><\/p>\n<p>@marlonj03650037<\/p>\n","protected":false},"excerpt":{"rendered":"<p>NOTI-AMERICA.COM | VENEZUELA LA SALIDA O CA\u00cdDA DEL R\u00c9GIMEN TIENE LA MESA SERVIDA, Por. Marlon S Jim\u00e9nez Garc\u00eda. &nbsp; El dicho popular fueron por lana y salieron trasquilados define el accionar irracional del r\u00e9gimen&#46;&#46;&#46;<\/p>\n","protected":false},"author":2,"featured_media":7416,"comment_status":"closed","ping_status":"open","sticky":false,"template":"","format":"image","meta":{"_acf_changed":false,"rop_custom_images_group":[],"rop_custom_messages_group":[],"rop_publish_now":"initial","rop_publish_now_accounts":{"facebook_10219548024599422_1632221337088128":"","twitter_242054905_242054905":""},"rop_publish_now_history":[],"rop_publish_now_status":"pending","footnotes":""},"categories":[3],"tags":[],"class_list":["post-35402","post","type-post","status-publish","format-image","has-post-thumbnail","hentry","category-politica","post_format-post-format-image"],"acf":[],"yoast_head":"<!-- This site is optimized with the Yoast SEO Premium plugin v24.9 (Yoast SEO v27.2) - https:\/\/yoast.com\/product\/yoast-seo-premium-wordpress\/ -->\n<title>LA SALIDA O CA\u00cdDA DEL R\u00c9GIMEN TIENE LA MESA SERVIDA, \u00a0 Por. Marlon S Jim\u00e9nez Garc\u00eda. - Noti-America.com<\/title>\n<meta name=\"robots\" content=\"index, follow, max-snippet:-1, max-image-preview:large, max-video-preview:-1\" \/>\n<link rel=\"canonical\" href=\"https:\/\/noti-america.com\/site\/principal\/2023\/12\/10\/la-salida-o-caida-del-regimen-tiene-la-mesa-servida-por-marlon-s-jimenez-garcia\/\" \/>\n<meta property=\"og:locale\" content=\"es_ES\" \/>\n<meta property=\"og:type\" content=\"article\" \/>\n<meta property=\"og:title\" content=\"LA SALIDA O CA\u00cdDA DEL R\u00c9GIMEN TIENE LA MESA SERVIDA, \u00a0 Por. Marlon S Jim\u00e9nez Garc\u00eda.\" \/>\n<meta property=\"og:description\" content=\"NOTI-AMERICA.COM | VENEZUELA LA SALIDA O CA\u00cdDA DEL R\u00c9GIMEN TIENE LA MESA SERVIDA, Por. Marlon S Jim\u00e9nez Garc\u00eda. &nbsp; El dicho popular fueron por lana y salieron trasquilados define el accionar irracional del r\u00e9gimen&#046;&#046;&#046;\" \/>\n<meta property=\"og:url\" content=\"https:\/\/noti-america.com\/site\/principal\/2023\/12\/10\/la-salida-o-caida-del-regimen-tiene-la-mesa-servida-por-marlon-s-jimenez-garcia\/\" \/>\n<meta property=\"og:site_name\" content=\"Noti-America.com\" \/>\n<meta property=\"article:published_time\" content=\"2023-12-10T14:38:10+00:00\" \/>\n<meta property=\"og:image\" content=\"https:\/\/noti-america.com\/site\/principal\/wp-content\/uploads\/sites\/26\/2021\/11\/MARLON-JIMENEZ2-scaled.jpg\" \/>\n\t<meta property=\"og:image:width\" content=\"1920\" \/>\n\t<meta property=\"og:image:height\" content=\"2560\" \/>\n\t<meta property=\"og:image:type\" content=\"image\/jpeg\" \/>\n<meta name=\"author\" content=\"rloaiza\" \/>\n<meta name=\"twitter:card\" content=\"summary_large_image\" \/>\n<meta name=\"twitter:label1\" content=\"Escrito por\" \/>\n\t<meta name=\"twitter:data1\" content=\"rloaiza\" \/>\n\t<meta name=\"twitter:label2\" content=\"Tiempo estimado de lectura\" \/>\n\t<meta name=\"twitter:data2\" content=\"8 minutos\" \/>\n<script type=\"application\/ld+json\" class=\"yoast-schema-graph\">{\"@context\":\"https:\/\/schema.org\",\"@graph\":[{\"@type\":\"Article\",\"@id\":\"https:\/\/noti-america.com\/site\/principal\/2023\/12\/10\/la-salida-o-caida-del-regimen-tiene-la-mesa-servida-por-marlon-s-jimenez-garcia\/#article\",\"isPartOf\":{\"@id\":\"https:\/\/noti-america.com\/site\/principal\/2023\/12\/10\/la-salida-o-caida-del-regimen-tiene-la-mesa-servida-por-marlon-s-jimenez-garcia\/\"},\"author\":{\"name\":\"rloaiza\",\"@id\":\"https:\/\/noti-america.com\/site\/principal\/#\/schema\/person\/a2e478ba496331ce89bcd0c731cd6533\"},\"headline\":\"LA SALIDA O CA\u00cdDA DEL R\u00c9GIMEN TIENE LA MESA SERVIDA, \u00a0 Por. Marlon S Jim\u00e9nez Garc\u00eda.\",\"datePublished\":\"2023-12-10T14:38:10+00:00\",\"mainEntityOfPage\":{\"@id\":\"https:\/\/noti-america.com\/site\/principal\/2023\/12\/10\/la-salida-o-caida-del-regimen-tiene-la-mesa-servida-por-marlon-s-jimenez-garcia\/\"},\"wordCount\":1928,\"image\":{\"@id\":\"https:\/\/noti-america.com\/site\/principal\/2023\/12\/10\/la-salida-o-caida-del-regimen-tiene-la-mesa-servida-por-marlon-s-jimenez-garcia\/#primaryimage\"},\"thumbnailUrl\":\"https:\/\/noti-america.com\/site\/principal\/wp-content\/uploads\/sites\/26\/2021\/11\/MARLON-JIMENEZ2-scaled.jpg\",\"articleSection\":[\"Pol\u00edtica\"],\"inLanguage\":\"es\"},{\"@type\":\"WebPage\",\"@id\":\"https:\/\/noti-america.com\/site\/principal\/2023\/12\/10\/la-salida-o-caida-del-regimen-tiene-la-mesa-servida-por-marlon-s-jimenez-garcia\/\",\"url\":\"https:\/\/noti-america.com\/site\/principal\/2023\/12\/10\/la-salida-o-caida-del-regimen-tiene-la-mesa-servida-por-marlon-s-jimenez-garcia\/\",\"name\":\"LA SALIDA O CA\u00cdDA DEL R\u00c9GIMEN TIENE LA MESA SERVIDA, \u00a0 Por. Marlon S Jim\u00e9nez Garc\u00eda. - Noti-America.com\",\"isPartOf\":{\"@id\":\"https:\/\/noti-america.com\/site\/principal\/#website\"},\"primaryImageOfPage\":{\"@id\":\"https:\/\/noti-america.com\/site\/principal\/2023\/12\/10\/la-salida-o-caida-del-regimen-tiene-la-mesa-servida-por-marlon-s-jimenez-garcia\/#primaryimage\"},\"image\":{\"@id\":\"https:\/\/noti-america.com\/site\/principal\/2023\/12\/10\/la-salida-o-caida-del-regimen-tiene-la-mesa-servida-por-marlon-s-jimenez-garcia\/#primaryimage\"},\"thumbnailUrl\":\"https:\/\/noti-america.com\/site\/principal\/wp-content\/uploads\/sites\/26\/2021\/11\/MARLON-JIMENEZ2-scaled.jpg\",\"datePublished\":\"2023-12-10T14:38:10+00:00\",\"author\":{\"@id\":\"https:\/\/noti-america.com\/site\/principal\/#\/schema\/person\/a2e478ba496331ce89bcd0c731cd6533\"},\"breadcrumb\":{\"@id\":\"https:\/\/noti-america.com\/site\/principal\/2023\/12\/10\/la-salida-o-caida-del-regimen-tiene-la-mesa-servida-por-marlon-s-jimenez-garcia\/#breadcrumb\"},\"inLanguage\":\"es\",\"potentialAction\":[{\"@type\":\"ReadAction\",\"target\":[\"https:\/\/noti-america.com\/site\/principal\/2023\/12\/10\/la-salida-o-caida-del-regimen-tiene-la-mesa-servida-por-marlon-s-jimenez-garcia\/\"]}]},{\"@type\":\"ImageObject\",\"inLanguage\":\"es\",\"@id\":\"https:\/\/noti-america.com\/site\/principal\/2023\/12\/10\/la-salida-o-caida-del-regimen-tiene-la-mesa-servida-por-marlon-s-jimenez-garcia\/#primaryimage\",\"url\":\"https:\/\/noti-america.com\/site\/principal\/wp-content\/uploads\/sites\/26\/2021\/11\/MARLON-JIMENEZ2-scaled.jpg\",\"contentUrl\":\"https:\/\/noti-america.com\/site\/principal\/wp-content\/uploads\/sites\/26\/2021\/11\/MARLON-JIMENEZ2-scaled.jpg\",\"width\":1920,\"height\":2560},{\"@type\":\"BreadcrumbList\",\"@id\":\"https:\/\/noti-america.com\/site\/principal\/2023\/12\/10\/la-salida-o-caida-del-regimen-tiene-la-mesa-servida-por-marlon-s-jimenez-garcia\/#breadcrumb\",\"itemListElement\":[{\"@type\":\"ListItem\",\"position\":1,\"name\":\"Portada\",\"item\":\"https:\/\/noti-america.com\/site\/principal\/\"},{\"@type\":\"ListItem\",\"position\":2,\"name\":\"LA SALIDA O CA\u00cdDA DEL R\u00c9GIMEN TIENE LA MESA SERVIDA, \u00a0 Por. Marlon S Jim\u00e9nez Garc\u00eda.\"}]},{\"@type\":\"WebSite\",\"@id\":\"https:\/\/noti-america.com\/site\/principal\/#website\",\"url\":\"https:\/\/noti-america.com\/site\/principal\/\",\"name\":\"Noti-America.com\",\"description\":\"El Noticiero Digital M\u00e1s Grande de Am\u00e9rica\",\"potentialAction\":[{\"@type\":\"SearchAction\",\"target\":{\"@type\":\"EntryPoint\",\"urlTemplate\":\"https:\/\/noti-america.com\/site\/principal\/?s={search_term_string}\"},\"query-input\":{\"@type\":\"PropertyValueSpecification\",\"valueRequired\":true,\"valueName\":\"search_term_string\"}}],\"inLanguage\":\"es\"},{\"@type\":\"Person\",\"@id\":\"https:\/\/noti-america.com\/site\/principal\/#\/schema\/person\/a2e478ba496331ce89bcd0c731cd6533\",\"name\":\"rloaiza\",\"image\":{\"@type\":\"ImageObject\",\"inLanguage\":\"es\",\"@id\":\"https:\/\/secure.gravatar.com\/avatar\/190058e5d4427934610b99c45aa7a6558806850adedd53ddeddd194b04773e22?s=96&d=mm&r=g\",\"url\":\"https:\/\/secure.gravatar.com\/avatar\/190058e5d4427934610b99c45aa7a6558806850adedd53ddeddd194b04773e22?s=96&d=mm&r=g\",\"contentUrl\":\"https:\/\/secure.gravatar.com\/avatar\/190058e5d4427934610b99c45aa7a6558806850adedd53ddeddd194b04773e22?s=96&d=mm&r=g\",\"caption\":\"rloaiza\"},\"url\":\"https:\/\/noti-america.com\/site\/principal\/author\/rloaiza\/\"}]}<\/script>\n<!-- \/ Yoast SEO Premium plugin. -->","yoast_head_json":{"title":"LA SALIDA O CA\u00cdDA DEL R\u00c9GIMEN TIENE LA MESA SERVIDA, \u00a0 Por. Marlon S Jim\u00e9nez Garc\u00eda. - Noti-America.com","robots":{"index":"index","follow":"follow","max-snippet":"max-snippet:-1","max-image-preview":"max-image-preview:large","max-video-preview":"max-video-preview:-1"},"canonical":"https:\/\/noti-america.com\/site\/principal\/2023\/12\/10\/la-salida-o-caida-del-regimen-tiene-la-mesa-servida-por-marlon-s-jimenez-garcia\/","og_locale":"es_ES","og_type":"article","og_title":"LA SALIDA O CA\u00cdDA DEL R\u00c9GIMEN TIENE LA MESA SERVIDA, \u00a0 Por. Marlon S Jim\u00e9nez Garc\u00eda.","og_description":"NOTI-AMERICA.COM | VENEZUELA LA SALIDA O CA\u00cdDA DEL R\u00c9GIMEN TIENE LA MESA SERVIDA, Por. Marlon S Jim\u00e9nez Garc\u00eda. &nbsp; El dicho popular fueron por lana y salieron trasquilados define el accionar irracional del r\u00e9gimen&#46;&#46;&#46;","og_url":"https:\/\/noti-america.com\/site\/principal\/2023\/12\/10\/la-salida-o-caida-del-regimen-tiene-la-mesa-servida-por-marlon-s-jimenez-garcia\/","og_site_name":"Noti-America.com","article_published_time":"2023-12-10T14:38:10+00:00","og_image":[{"width":1920,"height":2560,"url":"https:\/\/noti-america.com\/site\/principal\/wp-content\/uploads\/sites\/26\/2021\/11\/MARLON-JIMENEZ2-scaled.jpg","type":"image\/jpeg"}],"author":"rloaiza","twitter_card":"summary_large_image","twitter_misc":{"Escrito por":"rloaiza","Tiempo estimado de lectura":"8 minutos"},"schema":{"@context":"https:\/\/schema.org","@graph":[{"@type":"Article","@id":"https:\/\/noti-america.com\/site\/principal\/2023\/12\/10\/la-salida-o-caida-del-regimen-tiene-la-mesa-servida-por-marlon-s-jimenez-garcia\/#article","isPartOf":{"@id":"https:\/\/noti-america.com\/site\/principal\/2023\/12\/10\/la-salida-o-caida-del-regimen-tiene-la-mesa-servida-por-marlon-s-jimenez-garcia\/"},"author":{"name":"rloaiza","@id":"https:\/\/noti-america.com\/site\/principal\/#\/schema\/person\/a2e478ba496331ce89bcd0c731cd6533"},"headline":"LA SALIDA O CA\u00cdDA DEL R\u00c9GIMEN TIENE LA MESA SERVIDA, \u00a0 Por. Marlon S Jim\u00e9nez Garc\u00eda.","datePublished":"2023-12-10T14:38:10+00:00","mainEntityOfPage":{"@id":"https:\/\/noti-america.com\/site\/principal\/2023\/12\/10\/la-salida-o-caida-del-regimen-tiene-la-mesa-servida-por-marlon-s-jimenez-garcia\/"},"wordCount":1928,"image":{"@id":"https:\/\/noti-america.com\/site\/principal\/2023\/12\/10\/la-salida-o-caida-del-regimen-tiene-la-mesa-servida-por-marlon-s-jimenez-garcia\/#primaryimage"},"thumbnailUrl":"https:\/\/noti-america.com\/site\/principal\/wp-content\/uploads\/sites\/26\/2021\/11\/MARLON-JIMENEZ2-scaled.jpg","articleSection":["Pol\u00edtica"],"inLanguage":"es"},{"@type":"WebPage","@id":"https:\/\/noti-america.com\/site\/principal\/2023\/12\/10\/la-salida-o-caida-del-regimen-tiene-la-mesa-servida-por-marlon-s-jimenez-garcia\/","url":"https:\/\/noti-america.com\/site\/principal\/2023\/12\/10\/la-salida-o-caida-del-regimen-tiene-la-mesa-servida-por-marlon-s-jimenez-garcia\/","name":"LA SALIDA O CA\u00cdDA DEL R\u00c9GIMEN TIENE LA MESA SERVIDA, \u00a0 Por. Marlon S Jim\u00e9nez Garc\u00eda. - Noti-America.com","isPartOf":{"@id":"https:\/\/noti-america.com\/site\/principal\/#website"},"primaryImageOfPage":{"@id":"https:\/\/noti-america.com\/site\/principal\/2023\/12\/10\/la-salida-o-caida-del-regimen-tiene-la-mesa-servida-por-marlon-s-jimenez-garcia\/#primaryimage"},"image":{"@id":"https:\/\/noti-america.com\/site\/principal\/2023\/12\/10\/la-salida-o-caida-del-regimen-tiene-la-mesa-servida-por-marlon-s-jimenez-garcia\/#primaryimage"},"thumbnailUrl":"https:\/\/noti-america.com\/site\/principal\/wp-content\/uploads\/sites\/26\/2021\/11\/MARLON-JIMENEZ2-scaled.jpg","datePublished":"2023-12-10T14:38:10+00:00","author":{"@id":"https:\/\/noti-america.com\/site\/principal\/#\/schema\/person\/a2e478ba496331ce89bcd0c731cd6533"},"breadcrumb":{"@id":"https:\/\/noti-america.com\/site\/principal\/2023\/12\/10\/la-salida-o-caida-del-regimen-tiene-la-mesa-servida-por-marlon-s-jimenez-garcia\/#breadcrumb"},"inLanguage":"es","potentialAction":[{"@type":"ReadAction","target":["https:\/\/noti-america.com\/site\/principal\/2023\/12\/10\/la-salida-o-caida-del-regimen-tiene-la-mesa-servida-por-marlon-s-jimenez-garcia\/"]}]},{"@type":"ImageObject","inLanguage":"es","@id":"https:\/\/noti-america.com\/site\/principal\/2023\/12\/10\/la-salida-o-caida-del-regimen-tiene-la-mesa-servida-por-marlon-s-jimenez-garcia\/#primaryimage","url":"https:\/\/noti-america.com\/site\/principal\/wp-content\/uploads\/sites\/26\/2021\/11\/MARLON-JIMENEZ2-scaled.jpg","contentUrl":"https:\/\/noti-america.com\/site\/principal\/wp-content\/uploads\/sites\/26\/2021\/11\/MARLON-JIMENEZ2-scaled.jpg","width":1920,"height":2560},{"@type":"BreadcrumbList","@id":"https:\/\/noti-america.com\/site\/principal\/2023\/12\/10\/la-salida-o-caida-del-regimen-tiene-la-mesa-servida-por-marlon-s-jimenez-garcia\/#breadcrumb","itemListElement":[{"@type":"ListItem","position":1,"name":"Portada","item":"https:\/\/noti-america.com\/site\/principal\/"},{"@type":"ListItem","position":2,"name":"LA SALIDA O CA\u00cdDA DEL R\u00c9GIMEN TIENE LA MESA SERVIDA, \u00a0 Por. Marlon S Jim\u00e9nez Garc\u00eda."}]},{"@type":"WebSite","@id":"https:\/\/noti-america.com\/site\/principal\/#website","url":"https:\/\/noti-america.com\/site\/principal\/","name":"Noti-America.com","description":"El Noticiero Digital M\u00e1s Grande de Am\u00e9rica","potentialAction":[{"@type":"SearchAction","target":{"@type":"EntryPoint","urlTemplate":"https:\/\/noti-america.com\/site\/principal\/?s={search_term_string}"},"query-input":{"@type":"PropertyValueSpecification","valueRequired":true,"valueName":"search_term_string"}}],"inLanguage":"es"},{"@type":"Person","@id":"https:\/\/noti-america.com\/site\/principal\/#\/schema\/person\/a2e478ba496331ce89bcd0c731cd6533","name":"rloaiza","image":{"@type":"ImageObject","inLanguage":"es","@id":"https:\/\/secure.gravatar.com\/avatar\/190058e5d4427934610b99c45aa7a6558806850adedd53ddeddd194b04773e22?s=96&d=mm&r=g","url":"https:\/\/secure.gravatar.com\/avatar\/190058e5d4427934610b99c45aa7a6558806850adedd53ddeddd194b04773e22?s=96&d=mm&r=g","contentUrl":"https:\/\/secure.gravatar.com\/avatar\/190058e5d4427934610b99c45aa7a6558806850adedd53ddeddd194b04773e22?s=96&d=mm&r=g","caption":"rloaiza"},"url":"https:\/\/noti-america.com\/site\/principal\/author\/rloaiza\/"}]}},"_links":{"self":[{"href":"https:\/\/noti-america.com\/site\/principal\/wp-json\/wp\/v2\/posts\/35402","targetHints":{"allow":["GET"]}}],"collection":[{"href":"https:\/\/noti-america.com\/site\/principal\/wp-json\/wp\/v2\/posts"}],"about":[{"href":"https:\/\/noti-america.com\/site\/principal\/wp-json\/wp\/v2\/types\/post"}],"author":[{"embeddable":true,"href":"https:\/\/noti-america.com\/site\/principal\/wp-json\/wp\/v2\/users\/2"}],"replies":[{"embeddable":true,"href":"https:\/\/noti-america.com\/site\/principal\/wp-json\/wp\/v2\/comments?post=35402"}],"version-history":[{"count":1,"href":"https:\/\/noti-america.com\/site\/principal\/wp-json\/wp\/v2\/posts\/35402\/revisions"}],"predecessor-version":[{"id":35403,"href":"https:\/\/noti-america.com\/site\/principal\/wp-json\/wp\/v2\/posts\/35402\/revisions\/35403"}],"wp:featuredmedia":[{"embeddable":true,"href":"https:\/\/noti-america.com\/site\/principal\/wp-json\/wp\/v2\/media\/7416"}],"wp:attachment":[{"href":"https:\/\/noti-america.com\/site\/principal\/wp-json\/wp\/v2\/media?parent=35402"}],"wp:term":[{"taxonomy":"category","embeddable":true,"href":"https:\/\/noti-america.com\/site\/principal\/wp-json\/wp\/v2\/categories?post=35402"},{"taxonomy":"post_tag","embeddable":true,"href":"https:\/\/noti-america.com\/site\/principal\/wp-json\/wp\/v2\/tags?post=35402"}],"curies":[{"name":"wp","href":"https:\/\/api.w.org\/{rel}","templated":true}]}}