{"id":34575,"date":"2023-11-24T13:33:31","date_gmt":"2023-11-24T17:33:31","guid":{"rendered":"https:\/\/noti-america.com\/site\/principal\/?p=34575"},"modified":"2023-11-24T13:33:31","modified_gmt":"2023-11-24T17:33:31","slug":"ven-positivos-los-aportes-sociales-de-los-bancos-bhd-y-popular","status":"publish","type":"post","link":"https:\/\/noti-america.com\/site\/principal\/2023\/11\/24\/ven-positivos-los-aportes-sociales-de-los-bancos-bhd-y-popular\/","title":{"rendered":"Ven positivos los aportes sociales de los Bancos BHD y Popular"},"content":{"rendered":"<div class=\"video-container\"><iframe loading=\"lazy\" title=\"Son positivos los aportes sociales de los Bancos BHD y Popular\" width=\"500\" height=\"281\" src=\"https:\/\/www.youtube.com\/embed\/lZzh-JxEFZc?feature=oembed&#038;wmode=opaque\" frameborder=\"0\" allow=\"accelerometer; autoplay; clipboard-write; encrypted-media; gyroscope; picture-in-picture; web-share\" referrerpolicy=\"strict-origin-when-cross-origin\" allowfullscreen><\/iframe><\/div>\n<p>NOTI-AMERICA.COM <em>|\u00a0<\/em>REP\u00daBLICA DOMINICANA<\/p>\n<p style=\"font-weight: 400;text-align: justify\">SANTO DOMINGO &#8211; El periodista Rafael Lara, calific\u00f3 de positivos los aportes sociales que hacen los bancos BHD y Popular, para asistir a las familias damnificadas por el disturbio tropical ocurrido el s\u00e1bado 18 de noviembre.<\/p>\n<p style=\"font-weight: 400;text-align: justify\">Se recuerda que el Banco Popular Dominicano anunci\u00f3 la donaci\u00f3n de RD$60 millones para asistir a las comunidades y familias afectadas por el fen\u00f3meno natural.<\/p>\n<p style=\"font-weight: 400;text-align: justify\">De igual forma el Banco BHD tambi\u00e9n se mostr\u00f3 en disposici\u00f3n de un fondo de RD$50 millones destinados a iniciativas de recuperaci\u00f3n de las zonas agraviadas por las inundaciones causadas por el sistema frontal de lluvias del pasado s\u00e1bado 18 de noviembre, en el Distrito Nacional, provincia Santo Domingo y la zona Sur del pa\u00eds.<\/p>\n<p style=\"font-weight: 400;text-align: justify\">Lara, hizo el comentario en el programa Loa News, que produce el comunicador Leonardo Ortiz y Arnulfo Bocio, por Fiebre 94.7 FM.<\/p>\n<p style=\"font-weight: 400;text-align: justify\"><strong>Fuente: AQA MEDIA SRL<\/strong><\/p>\n","protected":false},"excerpt":{"rendered":"<p>NOTI-AMERICA.COM |\u00a0REP\u00daBLICA DOMINICANA SANTO DOMINGO &#8211; El periodista Rafael Lara, calific\u00f3 de positivos los aportes sociales que hacen los bancos BHD y Popular, para asistir a las familias damnificadas por el disturbio tropical ocurrido&#46;&#46;&#46;<\/p>\n","protected":false},"author":89,"featured_media":34576,"comment_status":"","ping_status":"open","sticky":false,"template":"","format":"standard","meta":{"_acf_changed":false,"rop_custom_images_group":[],"rop_custom_messages_group":[],"rop_publish_now":"initial","rop_publish_now_accounts":{"facebook_10219548024599422_1632221337088128":"","twitter_242054905_242054905":""},"rop_publish_now_history":[],"rop_publish_now_status":"pending","footnotes":""},"categories":[3,1211],"tags":[3762,3763,3749],"class_list":["post-34575","post","type-post","status-publish","format-standard","has-post-thumbnail","hentry","category-politica","category-sociales","tag-banco-bhd","tag-banco-popular-dominicano","tag-rafael-lara"],"acf":[],"yoast_head":"<!-- This site is optimized with the Yoast SEO Premium plugin v24.9 (Yoast SEO v27.2) - https:\/\/yoast.com\/product\/yoast-seo-premium-wordpress\/ -->\n<title>Ven positivos los aportes sociales de los Bancos BHD y Popular - Noti-America.com<\/title>\n<meta name=\"robots\" content=\"index, follow, max-snippet:-1, max-image-preview:large, max-video-preview:-1\" \/>\n<link rel=\"canonical\" href=\"https:\/\/noti-america.com\/site\/principal\/2023\/11\/24\/ven-positivos-los-aportes-sociales-de-los-bancos-bhd-y-popular\/\" \/>\n<meta property=\"og:locale\" content=\"es_ES\" \/>\n<meta property=\"og:type\" content=\"article\" \/>\n<meta property=\"og:title\" content=\"Ven positivos los aportes sociales de los Bancos BHD y Popular\" \/>\n<meta property=\"og:description\" content=\"NOTI-AMERICA.COM |\u00a0REP\u00daBLICA DOMINICANA SANTO DOMINGO &#8211; El periodista Rafael Lara, calific\u00f3 de positivos los aportes sociales que hacen los bancos BHD y Popular, para asistir a las familias damnificadas por el disturbio tropical ocurrido&#046;&#046;&#046;\" \/>\n<meta property=\"og:url\" content=\"https:\/\/noti-america.com\/site\/principal\/2023\/11\/24\/ven-positivos-los-aportes-sociales-de-los-bancos-bhd-y-popular\/\" \/>\n<meta property=\"og:site_name\" content=\"Noti-America.com\" \/>\n<meta property=\"article:published_time\" content=\"2023-11-24T17:33:31+00:00\" \/>\n<meta property=\"og:image\" content=\"https:\/\/noti-america.com\/site\/principal\/wp-content\/uploads\/sites\/26\/2023\/11\/Periodista-Rafael-Lara-ve-positivo-los-aportes-sociales-de-los-Bancos-BHD-y-Popular.png\" \/>\n\t<meta property=\"og:image:width\" content=\"1019\" \/>\n\t<meta property=\"og:image:height\" content=\"537\" \/>\n\t<meta property=\"og:image:type\" content=\"image\/png\" \/>\n<meta name=\"author\" content=\"Ad\u00e1n Soriano\" \/>\n<meta name=\"twitter:card\" content=\"summary_large_image\" \/>\n<meta name=\"twitter:creator\" content=\"@adansoriano\" \/>\n<meta name=\"twitter:label1\" content=\"Escrito por\" \/>\n\t<meta name=\"twitter:data1\" content=\"Ad\u00e1n Soriano\" \/>\n\t<meta name=\"twitter:label2\" content=\"Tiempo estimado de lectura\" \/>\n\t<meta name=\"twitter:data2\" content=\"1 minuto\" \/>\n<script type=\"application\/ld+json\" class=\"yoast-schema-graph\">{\"@context\":\"https:\/\/schema.org\",\"@graph\":[{\"@type\":\"Article\",\"@id\":\"https:\/\/noti-america.com\/site\/principal\/2023\/11\/24\/ven-positivos-los-aportes-sociales-de-los-bancos-bhd-y-popular\/#article\",\"isPartOf\":{\"@id\":\"https:\/\/noti-america.com\/site\/principal\/2023\/11\/24\/ven-positivos-los-aportes-sociales-de-los-bancos-bhd-y-popular\/\"},\"author\":{\"name\":\"Ad\u00e1n Soriano\",\"@id\":\"https:\/\/noti-america.com\/site\/principal\/#\/schema\/person\/fd0092c1530d275fabaa5cffcbc2b976\"},\"headline\":\"Ven positivos los aportes sociales de los Bancos BHD y Popular\",\"datePublished\":\"2023-11-24T17:33:31+00:00\",\"mainEntityOfPage\":{\"@id\":\"https:\/\/noti-america.com\/site\/principal\/2023\/11\/24\/ven-positivos-los-aportes-sociales-de-los-bancos-bhd-y-popular\/\"},\"wordCount\":170,\"image\":{\"@id\":\"https:\/\/noti-america.com\/site\/principal\/2023\/11\/24\/ven-positivos-los-aportes-sociales-de-los-bancos-bhd-y-popular\/#primaryimage\"},\"thumbnailUrl\":\"https:\/\/noti-america.com\/site\/principal\/wp-content\/uploads\/sites\/26\/2023\/11\/Periodista-Rafael-Lara-ve-positivo-los-aportes-sociales-de-los-Bancos-BHD-y-Popular.png\",\"keywords\":[\"Banco BHD\",\"Banco Popular Dominicano\",\"Rafael Lara\"],\"articleSection\":[\"Pol\u00edtica\",\"Sociales\"],\"inLanguage\":\"es\"},{\"@type\":\"WebPage\",\"@id\":\"https:\/\/noti-america.com\/site\/principal\/2023\/11\/24\/ven-positivos-los-aportes-sociales-de-los-bancos-bhd-y-popular\/\",\"url\":\"https:\/\/noti-america.com\/site\/principal\/2023\/11\/24\/ven-positivos-los-aportes-sociales-de-los-bancos-bhd-y-popular\/\",\"name\":\"Ven positivos los aportes sociales de los Bancos BHD y Popular - Noti-America.com\",\"isPartOf\":{\"@id\":\"https:\/\/noti-america.com\/site\/principal\/#website\"},\"primaryImageOfPage\":{\"@id\":\"https:\/\/noti-america.com\/site\/principal\/2023\/11\/24\/ven-positivos-los-aportes-sociales-de-los-bancos-bhd-y-popular\/#primaryimage\"},\"image\":{\"@id\":\"https:\/\/noti-america.com\/site\/principal\/2023\/11\/24\/ven-positivos-los-aportes-sociales-de-los-bancos-bhd-y-popular\/#primaryimage\"},\"thumbnailUrl\":\"https:\/\/noti-america.com\/site\/principal\/wp-content\/uploads\/sites\/26\/2023\/11\/Periodista-Rafael-Lara-ve-positivo-los-aportes-sociales-de-los-Bancos-BHD-y-Popular.png\",\"datePublished\":\"2023-11-24T17:33:31+00:00\",\"author\":{\"@id\":\"https:\/\/noti-america.com\/site\/principal\/#\/schema\/person\/fd0092c1530d275fabaa5cffcbc2b976\"},\"breadcrumb\":{\"@id\":\"https:\/\/noti-america.com\/site\/principal\/2023\/11\/24\/ven-positivos-los-aportes-sociales-de-los-bancos-bhd-y-popular\/#breadcrumb\"},\"inLanguage\":\"es\",\"potentialAction\":[{\"@type\":\"ReadAction\",\"target\":[\"https:\/\/noti-america.com\/site\/principal\/2023\/11\/24\/ven-positivos-los-aportes-sociales-de-los-bancos-bhd-y-popular\/\"]}]},{\"@type\":\"ImageObject\",\"inLanguage\":\"es\",\"@id\":\"https:\/\/noti-america.com\/site\/principal\/2023\/11\/24\/ven-positivos-los-aportes-sociales-de-los-bancos-bhd-y-popular\/#primaryimage\",\"url\":\"https:\/\/noti-america.com\/site\/principal\/wp-content\/uploads\/sites\/26\/2023\/11\/Periodista-Rafael-Lara-ve-positivo-los-aportes-sociales-de-los-Bancos-BHD-y-Popular.png\",\"contentUrl\":\"https:\/\/noti-america.com\/site\/principal\/wp-content\/uploads\/sites\/26\/2023\/11\/Periodista-Rafael-Lara-ve-positivo-los-aportes-sociales-de-los-Bancos-BHD-y-Popular.png\",\"width\":1019,\"height\":537},{\"@type\":\"BreadcrumbList\",\"@id\":\"https:\/\/noti-america.com\/site\/principal\/2023\/11\/24\/ven-positivos-los-aportes-sociales-de-los-bancos-bhd-y-popular\/#breadcrumb\",\"itemListElement\":[{\"@type\":\"ListItem\",\"position\":1,\"name\":\"Portada\",\"item\":\"https:\/\/noti-america.com\/site\/principal\/\"},{\"@type\":\"ListItem\",\"position\":2,\"name\":\"Ven positivos los aportes sociales de los Bancos BHD y Popular\"}]},{\"@type\":\"WebSite\",\"@id\":\"https:\/\/noti-america.com\/site\/principal\/#website\",\"url\":\"https:\/\/noti-america.com\/site\/principal\/\",\"name\":\"Noti-America.com\",\"description\":\"El Noticiero Digital M\u00e1s Grande de Am\u00e9rica\",\"potentialAction\":[{\"@type\":\"SearchAction\",\"target\":{\"@type\":\"EntryPoint\",\"urlTemplate\":\"https:\/\/noti-america.com\/site\/principal\/?s={search_term_string}\"},\"query-input\":{\"@type\":\"PropertyValueSpecification\",\"valueRequired\":true,\"valueName\":\"search_term_string\"}}],\"inLanguage\":\"es\"},{\"@type\":\"Person\",\"@id\":\"https:\/\/noti-america.com\/site\/principal\/#\/schema\/person\/fd0092c1530d275fabaa5cffcbc2b976\",\"name\":\"Ad\u00e1n Soriano\",\"image\":{\"@type\":\"ImageObject\",\"inLanguage\":\"es\",\"@id\":\"https:\/\/secure.gravatar.com\/avatar\/ecf97ff3aee7ff9efdae670d7e976f3e7e8acc1077e510d73707999a8bfd4467?s=96&d=mm&r=g\",\"url\":\"https:\/\/secure.gravatar.com\/avatar\/ecf97ff3aee7ff9efdae670d7e976f3e7e8acc1077e510d73707999a8bfd4467?s=96&d=mm&r=g\",\"contentUrl\":\"https:\/\/secure.gravatar.com\/avatar\/ecf97ff3aee7ff9efdae670d7e976f3e7e8acc1077e510d73707999a8bfd4467?s=96&d=mm&r=g\",\"caption\":\"Ad\u00e1n Soriano\"},\"description\":\"Soy cronista deportivo con 10 a\u00f1os de experiencia en varios espacios, y conduzco el podcast deportivo llamado Mezcla Deportiva\",\"sameAs\":[\"https:\/\/x.com\/adansoriano\"],\"url\":\"https:\/\/noti-america.com\/site\/principal\/author\/asoriano\/\"}]}<\/script>\n<!-- \/ Yoast SEO Premium plugin. -->","yoast_head_json":{"title":"Ven positivos los aportes sociales de los Bancos BHD y Popular - Noti-America.com","robots":{"index":"index","follow":"follow","max-snippet":"max-snippet:-1","max-image-preview":"max-image-preview:large","max-video-preview":"max-video-preview:-1"},"canonical":"https:\/\/noti-america.com\/site\/principal\/2023\/11\/24\/ven-positivos-los-aportes-sociales-de-los-bancos-bhd-y-popular\/","og_locale":"es_ES","og_type":"article","og_title":"Ven positivos los aportes sociales de los Bancos BHD y Popular","og_description":"NOTI-AMERICA.COM |\u00a0REP\u00daBLICA DOMINICANA SANTO DOMINGO &#8211; El periodista Rafael Lara, calific\u00f3 de positivos los aportes sociales que hacen los bancos BHD y Popular, para asistir a las familias damnificadas por el disturbio tropical ocurrido&#46;&#46;&#46;","og_url":"https:\/\/noti-america.com\/site\/principal\/2023\/11\/24\/ven-positivos-los-aportes-sociales-de-los-bancos-bhd-y-popular\/","og_site_name":"Noti-America.com","article_published_time":"2023-11-24T17:33:31+00:00","og_image":[{"width":1019,"height":537,"url":"https:\/\/noti-america.com\/site\/principal\/wp-content\/uploads\/sites\/26\/2023\/11\/Periodista-Rafael-Lara-ve-positivo-los-aportes-sociales-de-los-Bancos-BHD-y-Popular.png","type":"image\/png"}],"author":"Ad\u00e1n Soriano","twitter_card":"summary_large_image","twitter_creator":"@adansoriano","twitter_misc":{"Escrito por":"Ad\u00e1n Soriano","Tiempo estimado de lectura":"1 minuto"},"schema":{"@context":"https:\/\/schema.org","@graph":[{"@type":"Article","@id":"https:\/\/noti-america.com\/site\/principal\/2023\/11\/24\/ven-positivos-los-aportes-sociales-de-los-bancos-bhd-y-popular\/#article","isPartOf":{"@id":"https:\/\/noti-america.com\/site\/principal\/2023\/11\/24\/ven-positivos-los-aportes-sociales-de-los-bancos-bhd-y-popular\/"},"author":{"name":"Ad\u00e1n Soriano","@id":"https:\/\/noti-america.com\/site\/principal\/#\/schema\/person\/fd0092c1530d275fabaa5cffcbc2b976"},"headline":"Ven positivos los aportes sociales de los Bancos BHD y Popular","datePublished":"2023-11-24T17:33:31+00:00","mainEntityOfPage":{"@id":"https:\/\/noti-america.com\/site\/principal\/2023\/11\/24\/ven-positivos-los-aportes-sociales-de-los-bancos-bhd-y-popular\/"},"wordCount":170,"image":{"@id":"https:\/\/noti-america.com\/site\/principal\/2023\/11\/24\/ven-positivos-los-aportes-sociales-de-los-bancos-bhd-y-popular\/#primaryimage"},"thumbnailUrl":"https:\/\/noti-america.com\/site\/principal\/wp-content\/uploads\/sites\/26\/2023\/11\/Periodista-Rafael-Lara-ve-positivo-los-aportes-sociales-de-los-Bancos-BHD-y-Popular.png","keywords":["Banco BHD","Banco Popular Dominicano","Rafael Lara"],"articleSection":["Pol\u00edtica","Sociales"],"inLanguage":"es"},{"@type":"WebPage","@id":"https:\/\/noti-america.com\/site\/principal\/2023\/11\/24\/ven-positivos-los-aportes-sociales-de-los-bancos-bhd-y-popular\/","url":"https:\/\/noti-america.com\/site\/principal\/2023\/11\/24\/ven-positivos-los-aportes-sociales-de-los-bancos-bhd-y-popular\/","name":"Ven positivos los aportes sociales de los Bancos BHD y Popular - Noti-America.com","isPartOf":{"@id":"https:\/\/noti-america.com\/site\/principal\/#website"},"primaryImageOfPage":{"@id":"https:\/\/noti-america.com\/site\/principal\/2023\/11\/24\/ven-positivos-los-aportes-sociales-de-los-bancos-bhd-y-popular\/#primaryimage"},"image":{"@id":"https:\/\/noti-america.com\/site\/principal\/2023\/11\/24\/ven-positivos-los-aportes-sociales-de-los-bancos-bhd-y-popular\/#primaryimage"},"thumbnailUrl":"https:\/\/noti-america.com\/site\/principal\/wp-content\/uploads\/sites\/26\/2023\/11\/Periodista-Rafael-Lara-ve-positivo-los-aportes-sociales-de-los-Bancos-BHD-y-Popular.png","datePublished":"2023-11-24T17:33:31+00:00","author":{"@id":"https:\/\/noti-america.com\/site\/principal\/#\/schema\/person\/fd0092c1530d275fabaa5cffcbc2b976"},"breadcrumb":{"@id":"https:\/\/noti-america.com\/site\/principal\/2023\/11\/24\/ven-positivos-los-aportes-sociales-de-los-bancos-bhd-y-popular\/#breadcrumb"},"inLanguage":"es","potentialAction":[{"@type":"ReadAction","target":["https:\/\/noti-america.com\/site\/principal\/2023\/11\/24\/ven-positivos-los-aportes-sociales-de-los-bancos-bhd-y-popular\/"]}]},{"@type":"ImageObject","inLanguage":"es","@id":"https:\/\/noti-america.com\/site\/principal\/2023\/11\/24\/ven-positivos-los-aportes-sociales-de-los-bancos-bhd-y-popular\/#primaryimage","url":"https:\/\/noti-america.com\/site\/principal\/wp-content\/uploads\/sites\/26\/2023\/11\/Periodista-Rafael-Lara-ve-positivo-los-aportes-sociales-de-los-Bancos-BHD-y-Popular.png","contentUrl":"https:\/\/noti-america.com\/site\/principal\/wp-content\/uploads\/sites\/26\/2023\/11\/Periodista-Rafael-Lara-ve-positivo-los-aportes-sociales-de-los-Bancos-BHD-y-Popular.png","width":1019,"height":537},{"@type":"BreadcrumbList","@id":"https:\/\/noti-america.com\/site\/principal\/2023\/11\/24\/ven-positivos-los-aportes-sociales-de-los-bancos-bhd-y-popular\/#breadcrumb","itemListElement":[{"@type":"ListItem","position":1,"name":"Portada","item":"https:\/\/noti-america.com\/site\/principal\/"},{"@type":"ListItem","position":2,"name":"Ven positivos los aportes sociales de los Bancos BHD y Popular"}]},{"@type":"WebSite","@id":"https:\/\/noti-america.com\/site\/principal\/#website","url":"https:\/\/noti-america.com\/site\/principal\/","name":"Noti-America.com","description":"El Noticiero Digital M\u00e1s Grande de Am\u00e9rica","potentialAction":[{"@type":"SearchAction","target":{"@type":"EntryPoint","urlTemplate":"https:\/\/noti-america.com\/site\/principal\/?s={search_term_string}"},"query-input":{"@type":"PropertyValueSpecification","valueRequired":true,"valueName":"search_term_string"}}],"inLanguage":"es"},{"@type":"Person","@id":"https:\/\/noti-america.com\/site\/principal\/#\/schema\/person\/fd0092c1530d275fabaa5cffcbc2b976","name":"Ad\u00e1n Soriano","image":{"@type":"ImageObject","inLanguage":"es","@id":"https:\/\/secure.gravatar.com\/avatar\/ecf97ff3aee7ff9efdae670d7e976f3e7e8acc1077e510d73707999a8bfd4467?s=96&d=mm&r=g","url":"https:\/\/secure.gravatar.com\/avatar\/ecf97ff3aee7ff9efdae670d7e976f3e7e8acc1077e510d73707999a8bfd4467?s=96&d=mm&r=g","contentUrl":"https:\/\/secure.gravatar.com\/avatar\/ecf97ff3aee7ff9efdae670d7e976f3e7e8acc1077e510d73707999a8bfd4467?s=96&d=mm&r=g","caption":"Ad\u00e1n Soriano"},"description":"Soy cronista deportivo con 10 a\u00f1os de experiencia en varios espacios, y conduzco el podcast deportivo llamado Mezcla Deportiva","sameAs":["https:\/\/x.com\/adansoriano"],"url":"https:\/\/noti-america.com\/site\/principal\/author\/asoriano\/"}]}},"_links":{"self":[{"href":"https:\/\/noti-america.com\/site\/principal\/wp-json\/wp\/v2\/posts\/34575","targetHints":{"allow":["GET"]}}],"collection":[{"href":"https:\/\/noti-america.com\/site\/principal\/wp-json\/wp\/v2\/posts"}],"about":[{"href":"https:\/\/noti-america.com\/site\/principal\/wp-json\/wp\/v2\/types\/post"}],"author":[{"embeddable":true,"href":"https:\/\/noti-america.com\/site\/principal\/wp-json\/wp\/v2\/users\/89"}],"replies":[{"embeddable":true,"href":"https:\/\/noti-america.com\/site\/principal\/wp-json\/wp\/v2\/comments?post=34575"}],"version-history":[{"count":1,"href":"https:\/\/noti-america.com\/site\/principal\/wp-json\/wp\/v2\/posts\/34575\/revisions"}],"predecessor-version":[{"id":34582,"href":"https:\/\/noti-america.com\/site\/principal\/wp-json\/wp\/v2\/posts\/34575\/revisions\/34582"}],"wp:featuredmedia":[{"embeddable":true,"href":"https:\/\/noti-america.com\/site\/principal\/wp-json\/wp\/v2\/media\/34576"}],"wp:attachment":[{"href":"https:\/\/noti-america.com\/site\/principal\/wp-json\/wp\/v2\/media?parent=34575"}],"wp:term":[{"taxonomy":"category","embeddable":true,"href":"https:\/\/noti-america.com\/site\/principal\/wp-json\/wp\/v2\/categories?post=34575"},{"taxonomy":"post_tag","embeddable":true,"href":"https:\/\/noti-america.com\/site\/principal\/wp-json\/wp\/v2\/tags?post=34575"}],"curies":[{"name":"wp","href":"https:\/\/api.w.org\/{rel}","templated":true}]}}