{"id":32872,"date":"2023-10-22T00:08:07","date_gmt":"2023-10-22T04:08:07","guid":{"rendered":"https:\/\/noti-america.com\/site\/principal\/?p=32872"},"modified":"2023-10-21T20:11:08","modified_gmt":"2023-10-22T00:11:08","slug":"municipios-ecuatorianos-eligieron-a-su-nuevo-titular-y-otra-vez-dicen-no-al-correismo-2","status":"publish","type":"post","link":"https:\/\/noti-america.com\/site\/principal\/2023\/10\/22\/municipios-ecuatorianos-eligieron-a-su-nuevo-titular-y-otra-vez-dicen-no-al-correismo-2\/","title":{"rendered":"Municipios ecuatorianos eligieron a su nuevo titular y otra vez dicen no al corre\u00edsmo"},"content":{"rendered":"<p>REDACCI\u00d3N NOTI-AM\u00c9RICA\u00a0<strong>(ECUADOR).<\/strong><\/p>\n<p><strong><img loading=\"lazy\" decoding=\"async\" class=\"aligncenter wp-image-32867 size-full\" src=\"https:\/\/noti-america.com\/site\/principal\/wp-content\/uploads\/sites\/26\/2023\/10\/IMG-20231021-WA0159.jpg\" alt=\"\" width=\"718\" height=\"297\" srcset=\"https:\/\/noti-america.com\/site\/principal\/wp-content\/uploads\/sites\/26\/2023\/10\/IMG-20231021-WA0159.jpg 718w, https:\/\/noti-america.com\/site\/principal\/wp-content\/uploads\/sites\/26\/2023\/10\/IMG-20231021-WA0159-300x124.jpg 300w\" sizes=\"auto, (max-width: 718px) 100vw, 718px\" \/><\/strong><\/p>\n<p style=\"text-align: justify\">En una Asamblea General que estuvo marcada por enfrentamientos verbales entre alcaldes de la Revoluci\u00f3n Ciudadana y aquellos contrarios al corre\u00edsmo, Patricio Maldonado fue elegido ayer como el nuevo presidente de la Asociaci\u00f3n de Municipalidades Ecuatorianas (AME).<\/p>\n<p style=\"text-align: justify\">Con 128 votos a favor de un total de 187 alcaldes y delegados presentes, Maldonado, alcalde de Nab\u00f3n (Azuay) y respaldado por el movimiento CREO, se convirti\u00f3 en el presidente de la AME. La elecci\u00f3n solo cont\u00f3 con una lista, ya que la otra fue descalificada.<\/p>\n<p style=\"text-align: justify\">Maldonado ya hab\u00eda asumido de manera interina la presidencia de la AME en mayo de 2023, despu\u00e9s de la renuncia de Franklin Galarza. Ahora, liderar\u00e1 la Asociaci\u00f3n durante un per\u00edodo de dos a\u00f1os.<\/p>\n<p style=\"text-align: justify\">Junto a Maldonado, fueron elegidos como parte del Comit\u00e9 Ejecutivo de la AME varios alcaldes, incluyendo a Arnaldo Cuac\u00e9s Quelal (Espejo), Lizeth Hinojosa (Joya de los Sachas), Fabi\u00e1n Aldaz (Penipe), Ledy Laura Mu\u00f1oz (Bol\u00edvar), Jos\u00e9 Luis Arteaga (Chimbo), Antonio Castillo (Lim\u00f3n Indanza), Hitler \u00c1lvarez (El Guabo), Lorena Cajas (Shushufindi), Wilson Rodr\u00edguez (Mej\u00eda), Hip\u00f3lito Carrea (La Man\u00e1), Fanny Uribe (Santa Cruz), V\u00edctor Troncoso (Montalvo), Segundo Yugsi (Ca\u00f1ar) y Segundo Sarango (Centinela del C\u00f3ndor).<\/p>\n<p style=\"text-align: justify\">La otra lista que se present\u00f3 ten\u00eda como candidato a Pedro Solines, alcalde de Milagro y miembro del movimiento Revoluci\u00f3n Ciudadana (RC), pero no fue calificada porque que uno de los integrantes era concejal.<\/p>\n<p style=\"text-align: justify\">La Asamblea General de la AME finalmente pudo llevarse a cabo en Salitre despu\u00e9s de dos convocatorias fallidas en Yantzaza y Centinela del C\u00f3ndor debido a resoluciones judiciales.<\/p>\n<div id=\"attachment_27156\" style=\"width: 215px\" class=\"wp-caption aligncenter\"><img loading=\"lazy\" decoding=\"async\" aria-describedby=\"caption-attachment-27156\" class=\"size-medium wp-image-32869\" src=\"https:\/\/noti-america.com\/site\/principal\/wp-content\/uploads\/sites\/26\/2023\/10\/20231020_152010_1-205x300.jpg\" alt=\"Patricio Maldonado, titular de AME.\" width=\"205\" height=\"300\" srcset=\"https:\/\/noti-america.com\/site\/principal\/wp-content\/uploads\/sites\/26\/2023\/10\/20231020_152010_1-205x300.jpg 205w, https:\/\/noti-america.com\/site\/principal\/wp-content\/uploads\/sites\/26\/2023\/10\/20231020_152010_1-698x1024.jpg 698w, https:\/\/noti-america.com\/site\/principal\/wp-content\/uploads\/sites\/26\/2023\/10\/20231020_152010_1-768x1127.jpg 768w, https:\/\/noti-america.com\/site\/principal\/wp-content\/uploads\/sites\/26\/2023\/10\/20231020_152010_1-1047x1536.jpg 1047w, https:\/\/noti-america.com\/site\/principal\/wp-content\/uploads\/sites\/26\/2023\/10\/20231020_152010_1-1396x2048.jpg 1396w, https:\/\/noti-america.com\/site\/principal\/wp-content\/uploads\/sites\/26\/2023\/10\/20231020_152010_1.jpg 1679w\" sizes=\"auto, (max-width: 205px) 100vw, 205px\" \/><p id=\"caption-attachment-27156\" class=\"wp-caption-text\">Patricio Maldonado, titular de AME.<\/p><\/div>\n<p>&nbsp;<\/p>\n<p style=\"text-align: justify\">Maldonado enfatiz\u00f3 en sus primeras declaraciones que, a pesar de las diferencias existentes con otros alcaldes, este es el momento de consolidarse y unir esfuerzos. Adem\u00e1s, indic\u00f3 que sus acciones se centrar\u00e1n principalmente en exigir al Gobierno el pago de una deuda pendiente de 981,22 millones.<\/p>\n","protected":false},"excerpt":{"rendered":"<p>REDACCI\u00d3N NOTI-AM\u00c9RICA\u00a0(ECUADOR). En una Asamblea General que estuvo marcada por enfrentamientos verbales entre alcaldes de la Revoluci\u00f3n Ciudadana y aquellos contrarios al corre\u00edsmo, Patricio Maldonado fue elegido ayer como el nuevo presidente de la&#46;&#46;&#46;<\/p>\n","protected":false},"author":81,"featured_media":32869,"comment_status":"closed","ping_status":"open","sticky":false,"template":"","format":"standard","meta":{"_acf_changed":false,"rop_custom_images_group":[],"rop_custom_messages_group":[],"rop_publish_now":"initial","rop_publish_now_accounts":{"facebook_10219548024599422_1632221337088128":"","twitter_242054905_242054905":""},"rop_publish_now_history":[],"rop_publish_now_status":"pending","footnotes":""},"categories":[886,47],"tags":[],"class_list":["post-32872","post","type-post","status-publish","format-standard","has-post-thumbnail","hentry","category-acturalidad","category-politica-opinion"],"acf":[],"yoast_head":"<!-- This site is optimized with the Yoast SEO Premium plugin v24.9 (Yoast SEO v27.2) - https:\/\/yoast.com\/product\/yoast-seo-premium-wordpress\/ -->\n<title>Municipios ecuatorianos eligieron a su nuevo titular y otra vez dicen no al corre\u00edsmo - Noti-America.com<\/title>\n<meta name=\"robots\" content=\"index, follow, max-snippet:-1, max-image-preview:large, max-video-preview:-1\" \/>\n<link rel=\"canonical\" href=\"https:\/\/noti-america.com\/site\/principal\/2023\/10\/22\/municipios-ecuatorianos-eligieron-a-su-nuevo-titular-y-otra-vez-dicen-no-al-correismo-2\/\" \/>\n<meta property=\"og:locale\" content=\"es_ES\" \/>\n<meta property=\"og:type\" content=\"article\" \/>\n<meta property=\"og:title\" content=\"Municipios ecuatorianos eligieron a su nuevo titular y otra vez dicen no al corre\u00edsmo\" \/>\n<meta property=\"og:description\" content=\"REDACCI\u00d3N NOTI-AM\u00c9RICA\u00a0(ECUADOR). En una Asamblea General que estuvo marcada por enfrentamientos verbales entre alcaldes de la Revoluci\u00f3n Ciudadana y aquellos contrarios al corre\u00edsmo, Patricio Maldonado fue elegido ayer como el nuevo presidente de la&#046;&#046;&#046;\" \/>\n<meta property=\"og:url\" content=\"https:\/\/noti-america.com\/site\/principal\/2023\/10\/22\/municipios-ecuatorianos-eligieron-a-su-nuevo-titular-y-otra-vez-dicen-no-al-correismo-2\/\" \/>\n<meta property=\"og:site_name\" content=\"Noti-America.com\" \/>\n<meta property=\"article:published_time\" content=\"2023-10-22T04:08:07+00:00\" \/>\n<meta property=\"og:image\" content=\"https:\/\/noti-america.com\/site\/principal\/wp-content\/uploads\/sites\/26\/2023\/10\/20231020_152010_1.jpg\" \/>\n\t<meta property=\"og:image:width\" content=\"1679\" \/>\n\t<meta property=\"og:image:height\" content=\"2463\" \/>\n\t<meta property=\"og:image:type\" content=\"image\/jpeg\" \/>\n<meta name=\"author\" content=\"Boris Moyano\" \/>\n<meta name=\"twitter:card\" content=\"summary_large_image\" \/>\n<meta name=\"twitter:label1\" content=\"Escrito por\" \/>\n\t<meta name=\"twitter:data1\" content=\"Boris Moyano\" \/>\n\t<meta name=\"twitter:label2\" content=\"Tiempo estimado de lectura\" \/>\n\t<meta name=\"twitter:data2\" content=\"2 minutos\" \/>\n<script type=\"application\/ld+json\" class=\"yoast-schema-graph\">{\"@context\":\"https:\/\/schema.org\",\"@graph\":[{\"@type\":\"Article\",\"@id\":\"https:\/\/noti-america.com\/site\/principal\/2023\/10\/22\/municipios-ecuatorianos-eligieron-a-su-nuevo-titular-y-otra-vez-dicen-no-al-correismo-2\/#article\",\"isPartOf\":{\"@id\":\"https:\/\/noti-america.com\/site\/principal\/2023\/10\/22\/municipios-ecuatorianos-eligieron-a-su-nuevo-titular-y-otra-vez-dicen-no-al-correismo-2\/\"},\"author\":{\"name\":\"Boris Moyano\",\"@id\":\"https:\/\/noti-america.com\/site\/principal\/#\/schema\/person\/063740b70e1baad7ce400b3b8bd8b8e3\"},\"headline\":\"Municipios ecuatorianos eligieron a su nuevo titular y otra vez dicen no al corre\u00edsmo\",\"datePublished\":\"2023-10-22T04:08:07+00:00\",\"mainEntityOfPage\":{\"@id\":\"https:\/\/noti-america.com\/site\/principal\/2023\/10\/22\/municipios-ecuatorianos-eligieron-a-su-nuevo-titular-y-otra-vez-dicen-no-al-correismo-2\/\"},\"wordCount\":352,\"image\":{\"@id\":\"https:\/\/noti-america.com\/site\/principal\/2023\/10\/22\/municipios-ecuatorianos-eligieron-a-su-nuevo-titular-y-otra-vez-dicen-no-al-correismo-2\/#primaryimage\"},\"thumbnailUrl\":\"https:\/\/noti-america.com\/site\/principal\/wp-content\/uploads\/sites\/26\/2023\/10\/20231020_152010_1.jpg\",\"articleSection\":[\"Actualidad\",\"Pol\u00edtica\"],\"inLanguage\":\"es\"},{\"@type\":\"WebPage\",\"@id\":\"https:\/\/noti-america.com\/site\/principal\/2023\/10\/22\/municipios-ecuatorianos-eligieron-a-su-nuevo-titular-y-otra-vez-dicen-no-al-correismo-2\/\",\"url\":\"https:\/\/noti-america.com\/site\/principal\/2023\/10\/22\/municipios-ecuatorianos-eligieron-a-su-nuevo-titular-y-otra-vez-dicen-no-al-correismo-2\/\",\"name\":\"Municipios ecuatorianos eligieron a su nuevo titular y otra vez dicen no al corre\u00edsmo - Noti-America.com\",\"isPartOf\":{\"@id\":\"https:\/\/noti-america.com\/site\/principal\/#website\"},\"primaryImageOfPage\":{\"@id\":\"https:\/\/noti-america.com\/site\/principal\/2023\/10\/22\/municipios-ecuatorianos-eligieron-a-su-nuevo-titular-y-otra-vez-dicen-no-al-correismo-2\/#primaryimage\"},\"image\":{\"@id\":\"https:\/\/noti-america.com\/site\/principal\/2023\/10\/22\/municipios-ecuatorianos-eligieron-a-su-nuevo-titular-y-otra-vez-dicen-no-al-correismo-2\/#primaryimage\"},\"thumbnailUrl\":\"https:\/\/noti-america.com\/site\/principal\/wp-content\/uploads\/sites\/26\/2023\/10\/20231020_152010_1.jpg\",\"datePublished\":\"2023-10-22T04:08:07+00:00\",\"author\":{\"@id\":\"https:\/\/noti-america.com\/site\/principal\/#\/schema\/person\/063740b70e1baad7ce400b3b8bd8b8e3\"},\"breadcrumb\":{\"@id\":\"https:\/\/noti-america.com\/site\/principal\/2023\/10\/22\/municipios-ecuatorianos-eligieron-a-su-nuevo-titular-y-otra-vez-dicen-no-al-correismo-2\/#breadcrumb\"},\"inLanguage\":\"es\",\"potentialAction\":[{\"@type\":\"ReadAction\",\"target\":[\"https:\/\/noti-america.com\/site\/principal\/2023\/10\/22\/municipios-ecuatorianos-eligieron-a-su-nuevo-titular-y-otra-vez-dicen-no-al-correismo-2\/\"]}]},{\"@type\":\"ImageObject\",\"inLanguage\":\"es\",\"@id\":\"https:\/\/noti-america.com\/site\/principal\/2023\/10\/22\/municipios-ecuatorianos-eligieron-a-su-nuevo-titular-y-otra-vez-dicen-no-al-correismo-2\/#primaryimage\",\"url\":\"https:\/\/noti-america.com\/site\/principal\/wp-content\/uploads\/sites\/26\/2023\/10\/20231020_152010_1.jpg\",\"contentUrl\":\"https:\/\/noti-america.com\/site\/principal\/wp-content\/uploads\/sites\/26\/2023\/10\/20231020_152010_1.jpg\",\"width\":1679,\"height\":2463},{\"@type\":\"BreadcrumbList\",\"@id\":\"https:\/\/noti-america.com\/site\/principal\/2023\/10\/22\/municipios-ecuatorianos-eligieron-a-su-nuevo-titular-y-otra-vez-dicen-no-al-correismo-2\/#breadcrumb\",\"itemListElement\":[{\"@type\":\"ListItem\",\"position\":1,\"name\":\"Portada\",\"item\":\"https:\/\/noti-america.com\/site\/principal\/\"},{\"@type\":\"ListItem\",\"position\":2,\"name\":\"Municipios ecuatorianos eligieron a su nuevo titular y otra vez dicen no al corre\u00edsmo\"}]},{\"@type\":\"WebSite\",\"@id\":\"https:\/\/noti-america.com\/site\/principal\/#website\",\"url\":\"https:\/\/noti-america.com\/site\/principal\/\",\"name\":\"Noti-America.com\",\"description\":\"El Noticiero Digital M\u00e1s Grande de Am\u00e9rica\",\"potentialAction\":[{\"@type\":\"SearchAction\",\"target\":{\"@type\":\"EntryPoint\",\"urlTemplate\":\"https:\/\/noti-america.com\/site\/principal\/?s={search_term_string}\"},\"query-input\":{\"@type\":\"PropertyValueSpecification\",\"valueRequired\":true,\"valueName\":\"search_term_string\"}}],\"inLanguage\":\"es\"},{\"@type\":\"Person\",\"@id\":\"https:\/\/noti-america.com\/site\/principal\/#\/schema\/person\/063740b70e1baad7ce400b3b8bd8b8e3\",\"name\":\"Boris Moyano\",\"image\":{\"@type\":\"ImageObject\",\"inLanguage\":\"es\",\"@id\":\"https:\/\/secure.gravatar.com\/avatar\/1635fd8d206bae736e855dfe91602736d1ea92af1a7f3fa7f62c848f245a1404?s=96&d=mm&r=g\",\"url\":\"https:\/\/secure.gravatar.com\/avatar\/1635fd8d206bae736e855dfe91602736d1ea92af1a7f3fa7f62c848f245a1404?s=96&d=mm&r=g\",\"contentUrl\":\"https:\/\/secure.gravatar.com\/avatar\/1635fd8d206bae736e855dfe91602736d1ea92af1a7f3fa7f62c848f245a1404?s=96&d=mm&r=g\",\"caption\":\"Boris Moyano\"},\"url\":\"https:\/\/noti-america.com\/site\/principal\/author\/bmoyano\/\"}]}<\/script>\n<!-- \/ Yoast SEO Premium plugin. -->","yoast_head_json":{"title":"Municipios ecuatorianos eligieron a su nuevo titular y otra vez dicen no al corre\u00edsmo - Noti-America.com","robots":{"index":"index","follow":"follow","max-snippet":"max-snippet:-1","max-image-preview":"max-image-preview:large","max-video-preview":"max-video-preview:-1"},"canonical":"https:\/\/noti-america.com\/site\/principal\/2023\/10\/22\/municipios-ecuatorianos-eligieron-a-su-nuevo-titular-y-otra-vez-dicen-no-al-correismo-2\/","og_locale":"es_ES","og_type":"article","og_title":"Municipios ecuatorianos eligieron a su nuevo titular y otra vez dicen no al corre\u00edsmo","og_description":"REDACCI\u00d3N NOTI-AM\u00c9RICA\u00a0(ECUADOR). En una Asamblea General que estuvo marcada por enfrentamientos verbales entre alcaldes de la Revoluci\u00f3n Ciudadana y aquellos contrarios al corre\u00edsmo, Patricio Maldonado fue elegido ayer como el nuevo presidente de la&#46;&#46;&#46;","og_url":"https:\/\/noti-america.com\/site\/principal\/2023\/10\/22\/municipios-ecuatorianos-eligieron-a-su-nuevo-titular-y-otra-vez-dicen-no-al-correismo-2\/","og_site_name":"Noti-America.com","article_published_time":"2023-10-22T04:08:07+00:00","og_image":[{"width":1679,"height":2463,"url":"https:\/\/noti-america.com\/site\/principal\/wp-content\/uploads\/sites\/26\/2023\/10\/20231020_152010_1.jpg","type":"image\/jpeg"}],"author":"Boris Moyano","twitter_card":"summary_large_image","twitter_misc":{"Escrito por":"Boris Moyano","Tiempo estimado de lectura":"2 minutos"},"schema":{"@context":"https:\/\/schema.org","@graph":[{"@type":"Article","@id":"https:\/\/noti-america.com\/site\/principal\/2023\/10\/22\/municipios-ecuatorianos-eligieron-a-su-nuevo-titular-y-otra-vez-dicen-no-al-correismo-2\/#article","isPartOf":{"@id":"https:\/\/noti-america.com\/site\/principal\/2023\/10\/22\/municipios-ecuatorianos-eligieron-a-su-nuevo-titular-y-otra-vez-dicen-no-al-correismo-2\/"},"author":{"name":"Boris Moyano","@id":"https:\/\/noti-america.com\/site\/principal\/#\/schema\/person\/063740b70e1baad7ce400b3b8bd8b8e3"},"headline":"Municipios ecuatorianos eligieron a su nuevo titular y otra vez dicen no al corre\u00edsmo","datePublished":"2023-10-22T04:08:07+00:00","mainEntityOfPage":{"@id":"https:\/\/noti-america.com\/site\/principal\/2023\/10\/22\/municipios-ecuatorianos-eligieron-a-su-nuevo-titular-y-otra-vez-dicen-no-al-correismo-2\/"},"wordCount":352,"image":{"@id":"https:\/\/noti-america.com\/site\/principal\/2023\/10\/22\/municipios-ecuatorianos-eligieron-a-su-nuevo-titular-y-otra-vez-dicen-no-al-correismo-2\/#primaryimage"},"thumbnailUrl":"https:\/\/noti-america.com\/site\/principal\/wp-content\/uploads\/sites\/26\/2023\/10\/20231020_152010_1.jpg","articleSection":["Actualidad","Pol\u00edtica"],"inLanguage":"es"},{"@type":"WebPage","@id":"https:\/\/noti-america.com\/site\/principal\/2023\/10\/22\/municipios-ecuatorianos-eligieron-a-su-nuevo-titular-y-otra-vez-dicen-no-al-correismo-2\/","url":"https:\/\/noti-america.com\/site\/principal\/2023\/10\/22\/municipios-ecuatorianos-eligieron-a-su-nuevo-titular-y-otra-vez-dicen-no-al-correismo-2\/","name":"Municipios ecuatorianos eligieron a su nuevo titular y otra vez dicen no al corre\u00edsmo - Noti-America.com","isPartOf":{"@id":"https:\/\/noti-america.com\/site\/principal\/#website"},"primaryImageOfPage":{"@id":"https:\/\/noti-america.com\/site\/principal\/2023\/10\/22\/municipios-ecuatorianos-eligieron-a-su-nuevo-titular-y-otra-vez-dicen-no-al-correismo-2\/#primaryimage"},"image":{"@id":"https:\/\/noti-america.com\/site\/principal\/2023\/10\/22\/municipios-ecuatorianos-eligieron-a-su-nuevo-titular-y-otra-vez-dicen-no-al-correismo-2\/#primaryimage"},"thumbnailUrl":"https:\/\/noti-america.com\/site\/principal\/wp-content\/uploads\/sites\/26\/2023\/10\/20231020_152010_1.jpg","datePublished":"2023-10-22T04:08:07+00:00","author":{"@id":"https:\/\/noti-america.com\/site\/principal\/#\/schema\/person\/063740b70e1baad7ce400b3b8bd8b8e3"},"breadcrumb":{"@id":"https:\/\/noti-america.com\/site\/principal\/2023\/10\/22\/municipios-ecuatorianos-eligieron-a-su-nuevo-titular-y-otra-vez-dicen-no-al-correismo-2\/#breadcrumb"},"inLanguage":"es","potentialAction":[{"@type":"ReadAction","target":["https:\/\/noti-america.com\/site\/principal\/2023\/10\/22\/municipios-ecuatorianos-eligieron-a-su-nuevo-titular-y-otra-vez-dicen-no-al-correismo-2\/"]}]},{"@type":"ImageObject","inLanguage":"es","@id":"https:\/\/noti-america.com\/site\/principal\/2023\/10\/22\/municipios-ecuatorianos-eligieron-a-su-nuevo-titular-y-otra-vez-dicen-no-al-correismo-2\/#primaryimage","url":"https:\/\/noti-america.com\/site\/principal\/wp-content\/uploads\/sites\/26\/2023\/10\/20231020_152010_1.jpg","contentUrl":"https:\/\/noti-america.com\/site\/principal\/wp-content\/uploads\/sites\/26\/2023\/10\/20231020_152010_1.jpg","width":1679,"height":2463},{"@type":"BreadcrumbList","@id":"https:\/\/noti-america.com\/site\/principal\/2023\/10\/22\/municipios-ecuatorianos-eligieron-a-su-nuevo-titular-y-otra-vez-dicen-no-al-correismo-2\/#breadcrumb","itemListElement":[{"@type":"ListItem","position":1,"name":"Portada","item":"https:\/\/noti-america.com\/site\/principal\/"},{"@type":"ListItem","position":2,"name":"Municipios ecuatorianos eligieron a su nuevo titular y otra vez dicen no al corre\u00edsmo"}]},{"@type":"WebSite","@id":"https:\/\/noti-america.com\/site\/principal\/#website","url":"https:\/\/noti-america.com\/site\/principal\/","name":"Noti-America.com","description":"El Noticiero Digital M\u00e1s Grande de Am\u00e9rica","potentialAction":[{"@type":"SearchAction","target":{"@type":"EntryPoint","urlTemplate":"https:\/\/noti-america.com\/site\/principal\/?s={search_term_string}"},"query-input":{"@type":"PropertyValueSpecification","valueRequired":true,"valueName":"search_term_string"}}],"inLanguage":"es"},{"@type":"Person","@id":"https:\/\/noti-america.com\/site\/principal\/#\/schema\/person\/063740b70e1baad7ce400b3b8bd8b8e3","name":"Boris Moyano","image":{"@type":"ImageObject","inLanguage":"es","@id":"https:\/\/secure.gravatar.com\/avatar\/1635fd8d206bae736e855dfe91602736d1ea92af1a7f3fa7f62c848f245a1404?s=96&d=mm&r=g","url":"https:\/\/secure.gravatar.com\/avatar\/1635fd8d206bae736e855dfe91602736d1ea92af1a7f3fa7f62c848f245a1404?s=96&d=mm&r=g","contentUrl":"https:\/\/secure.gravatar.com\/avatar\/1635fd8d206bae736e855dfe91602736d1ea92af1a7f3fa7f62c848f245a1404?s=96&d=mm&r=g","caption":"Boris Moyano"},"url":"https:\/\/noti-america.com\/site\/principal\/author\/bmoyano\/"}]}},"_links":{"self":[{"href":"https:\/\/noti-america.com\/site\/principal\/wp-json\/wp\/v2\/posts\/32872","targetHints":{"allow":["GET"]}}],"collection":[{"href":"https:\/\/noti-america.com\/site\/principal\/wp-json\/wp\/v2\/posts"}],"about":[{"href":"https:\/\/noti-america.com\/site\/principal\/wp-json\/wp\/v2\/types\/post"}],"author":[{"embeddable":true,"href":"https:\/\/noti-america.com\/site\/principal\/wp-json\/wp\/v2\/users\/81"}],"replies":[{"embeddable":true,"href":"https:\/\/noti-america.com\/site\/principal\/wp-json\/wp\/v2\/comments?post=32872"}],"version-history":[{"count":2,"href":"https:\/\/noti-america.com\/site\/principal\/wp-json\/wp\/v2\/posts\/32872\/revisions"}],"predecessor-version":[{"id":32874,"href":"https:\/\/noti-america.com\/site\/principal\/wp-json\/wp\/v2\/posts\/32872\/revisions\/32874"}],"wp:featuredmedia":[{"embeddable":true,"href":"https:\/\/noti-america.com\/site\/principal\/wp-json\/wp\/v2\/media\/32869"}],"wp:attachment":[{"href":"https:\/\/noti-america.com\/site\/principal\/wp-json\/wp\/v2\/media?parent=32872"}],"wp:term":[{"taxonomy":"category","embeddable":true,"href":"https:\/\/noti-america.com\/site\/principal\/wp-json\/wp\/v2\/categories?post=32872"},{"taxonomy":"post_tag","embeddable":true,"href":"https:\/\/noti-america.com\/site\/principal\/wp-json\/wp\/v2\/tags?post=32872"}],"curies":[{"name":"wp","href":"https:\/\/api.w.org\/{rel}","templated":true}]}}